{"id":87744,"date":"2025-12-29T14:51:49","date_gmt":"2025-12-29T13:51:49","guid":{"rendered":"https:\/\/mont-roig.cat\/actualitat\/noticies\/mont-roig-del-camp-reconeix-els-pessebres-mes-destacats-de-la-mostra-2025\/"},"modified":"2025-12-29T15:04:26","modified_gmt":"2025-12-29T14:04:26","slug":"mont-roig-del-camp-reconoce-los-belenes-mas-destacados-de-la-mostra-2025","status":"publish","type":"post","link":"https:\/\/mont-roig.cat\/es\/actualitat\/noticies\/mont-roig-del-camp-reconoce-los-belenes-mas-destacados-de-la-mostra-2025\/","title":{"rendered":"Mont-roig del Camp reconoce los belenes m\u00e1s destacados de la Mostra 2025"},"content":{"rendered":"<p><strong><strong><a href=\"https:\/\/mont-roig.cat\/wp-content\/uploads\/Foto-familia-Concurs-Pessebres.jpeg\" target=\"_blank\" rel=\"noopener\"><img loading=\"lazy\" decoding=\"async\" class=\"alignright wp-image-87713\" src=\"https:\/\/mont-roig.cat\/wp-content\/uploads\/Foto-familia-Concurs-Pessebres-500x375.jpeg\" alt=\"\" width=\"291\" height=\"218\" srcset=\"https:\/\/mont-roig.cat\/wp-content\/uploads\/Foto-familia-Concurs-Pessebres-500x375.jpeg 500w, https:\/\/mont-roig.cat\/wp-content\/uploads\/Foto-familia-Concurs-Pessebres-1024x768.jpeg 1024w, https:\/\/mont-roig.cat\/wp-content\/uploads\/Foto-familia-Concurs-Pessebres-768x576.jpeg 768w, https:\/\/mont-roig.cat\/wp-content\/uploads\/Foto-familia-Concurs-Pessebres-1536x1152.jpeg 1536w, https:\/\/mont-roig.cat\/wp-content\/uploads\/Foto-familia-Concurs-Pessebres-463x348.jpeg 463w, https:\/\/mont-roig.cat\/wp-content\/uploads\/Foto-familia-Concurs-Pessebres.jpeg 1600w\" sizes=\"auto, (max-width: 291px) 100vw, 291px\" \/><\/a><\/strong><\/strong><\/p>\n<ul>\n<li data-start=\"199\" data-end=\"319\"><strong>El acto de este domingo, celebrado en la Esgl\u00e9sia Vella, incluy\u00f3 el espect\u00e1culo familiar <em data-start=\"290\" data-end=\"304\">Neu de Nadal<\/em> de Kali Teatre<\/strong><\/li>\n<\/ul>\n<p data-start=\"321\" data-end=\"803\">Este domingo al mediod\u00eda, el Centre Cultural Esgl\u00e9sia Vella de Mont-roig del Camp acogi\u00f3 el acto de reconocimiento de los belenes m\u00e1s destacados de la Mostra de Pessebres 2025, organizada por el Ajuntament de Mont-roig del Camp. La jornada se inici\u00f3 a las 12 h con el espect\u00e1culo familiar <em data-start=\"622\" data-end=\"636\">Neu de Nadal<\/em>, de la compa\u00f1\u00eda Kali Teatre, una propuesta po\u00e9tica que combin\u00f3 teatro, t\u00edteres, objetos, sombras y danza para acercar al p\u00fablico la verdadera magia de la Navidad.<\/p>\n<p data-start=\"805\" data-end=\"1145\">Una vez finalizado el espect\u00e1culo, se llev\u00f3 a cabo el acto de reconocimiento a los belenes participantes en esta edici\u00f3n, que ha contado con un total de 13 belenes. El jurado, formado por Mei Benach, Elisabeth Pallej\u00e0 e Irene Pi\u00f1ol, destac\u00f3 la creatividad, la originalidad y el cuidado en la elaboraci\u00f3n de las distintas propuestas.<\/p>\n<p data-start=\"1147\" data-end=\"1403\">En la categor\u00eda infantil, el jurado seleccion\u00f3 como bel\u00e9n m\u00e1s destacado el de Pere y Emma Vega Anguera, y reconoci\u00f3 tambi\u00e9n el trabajo de Lluc y Jem Arb\u00f3s Bernal. Asimismo, se hizo una menci\u00f3n especial al bel\u00e9n de K\u00e8nia Clavaguera Toda.<\/p>\n<p data-start=\"1405\" data-end=\"1663\">En cuanto a la categor\u00eda juvenil, el jurado destac\u00f3 el bel\u00e9n de Paula y J\u00falia Roca y Abril Osorio. En esta categor\u00eda, tambi\u00e9n se quiso reconocer con una menci\u00f3n especial la participaci\u00f3n de Jana y Laia Ferr\u00e9 Nogu\u00e9s y de Ona Fortuny Ferr\u00e9.<\/p>\n<p data-start=\"1665\" data-end=\"1940\">Finalmente, en la categor\u00eda familiar, el jurado seleccion\u00f3 el bel\u00e9n de \u00c1lvaro Tom\u00e1s Hern\u00e1ndez como la propuesta m\u00e1s destacada, y reconoci\u00f3 con dos segundos reconocimientos los trabajos de Carlos Cobos y Maria Rosario Le\u00f3n y de la familia Castellv\u00ed Borr\u00e0s.<\/p>\n<p data-start=\"1942\" data-end=\"2101\">El acto sirvi\u00f3 para poner en valor la tradici\u00f3n belenista en Mont-roig del Camp y reconocer la dedicaci\u00f3n y la creatividad de todas las personas participantes.<\/p>\n\n\t\t<!-- MasterSlider -->\n\t\t<div id=\"P_MS69f21a0fa6075\" class=\"master-slider-parent master-slider-gallery   ms-parent-id-0\"  >\n\n\t\t\t\n\t\t\t<!-- MasterSlider Main -->\n\t\t\t<div id=\"MS69f21a0fa6075\" class=\"master-slider ms-skin-default\" >\n\t\t\t\t \t\t\t\t \n\t\t\t<div  class=\"ms-slide\" data-delay=\"3\"    >\n\t\t\t\t\t<img decoding=\"async\" src=\"https:\/\/mont-roig.cat\/wp-content\/plugins\/masterslider\/public\/assets\/css\/blank.gif\" alt=\"Pessebres 6\" title=\"Pessebres 6\" data-src=\"https:\/\/mont-roig.cat\/wp-content\/uploadsArray\" \/>\n\t<a href=\"http:\/\/Array\" target=\"_self\"    >Pessebres 6<\/a>\n\n\t\t\t\t\t<div class=\"ms-info\">Pessebres 6<\/div>\n\n\n\t<img decoding=\"async\" class=\"ms-thumb\" src=\"https:\/\/mont-roig.cat\/wp-content\/uploadsArray\" alt=\"Pessebres 6\" \/>\n\t\t\t\t<\/div>\n\t\t\t<div  class=\"ms-slide\" data-delay=\"3\"    >\n\t\t\t\t\t<img decoding=\"async\" src=\"https:\/\/mont-roig.cat\/wp-content\/plugins\/masterslider\/public\/assets\/css\/blank.gif\" alt=\"Pessebres 21\" title=\"Pessebres 21\" data-src=\"https:\/\/mont-roig.cat\/wp-content\/uploadsArray\" \/>\n\t<a href=\"http:\/\/Array\" target=\"_self\"    >Pessebres 21<\/a>\n\n\t\t\t\t\t<div class=\"ms-info\">Pessebres 21<\/div>\n\n\n\t<img decoding=\"async\" class=\"ms-thumb\" src=\"https:\/\/mont-roig.cat\/wp-content\/uploadsArray\" alt=\"Pessebres 21\" \/>\n\t\t\t\t<\/div>\n\t\t\t<div  class=\"ms-slide\" data-delay=\"3\"    >\n\t\t\t\t\t<img decoding=\"async\" src=\"https:\/\/mont-roig.cat\/wp-content\/plugins\/masterslider\/public\/assets\/css\/blank.gif\" alt=\"Pessebres 8\" title=\"Pessebres 8\" data-src=\"https:\/\/mont-roig.cat\/wp-content\/uploadsArray\" \/>\n\t<a href=\"http:\/\/Array\" target=\"_self\"    >Pessebres 8<\/a>\n\n\t\t\t\t\t<div class=\"ms-info\">Pessebres 8<\/div>\n\n\n\t<img decoding=\"async\" class=\"ms-thumb\" src=\"https:\/\/mont-roig.cat\/wp-content\/uploadsArray\" alt=\"Pessebres 8\" \/>\n\t\t\t\t<\/div>\n\t\t\t<div  class=\"ms-slide\" data-delay=\"3\"    >\n\t\t\t\t\t<img decoding=\"async\" src=\"https:\/\/mont-roig.cat\/wp-content\/plugins\/masterslider\/public\/assets\/css\/blank.gif\" alt=\"Pessebres 9\" title=\"Pessebres 9\" data-src=\"https:\/\/mont-roig.cat\/wp-content\/uploadsArray\" \/>\n\t<a href=\"http:\/\/Array\" target=\"_self\"    >Pessebres 9<\/a>\n\n\t\t\t\t\t<div class=\"ms-info\">Pessebres 9<\/div>\n\n\n\t<img decoding=\"async\" class=\"ms-thumb\" src=\"https:\/\/mont-roig.cat\/wp-content\/uploadsArray\" alt=\"Pessebres 9\" \/>\n\t\t\t\t<\/div>\n\t\t\t<div  class=\"ms-slide\" data-delay=\"3\"    >\n\t\t\t\t\t<img decoding=\"async\" src=\"https:\/\/mont-roig.cat\/wp-content\/plugins\/masterslider\/public\/assets\/css\/blank.gif\" alt=\"Pessebres 5\" title=\"Pessebres 5\" data-src=\"https:\/\/mont-roig.cat\/wp-content\/uploadsArray\" \/>\n\t<a href=\"http:\/\/Array\" target=\"_self\"    >Pessebres 5<\/a>\n\n\t\t\t\t\t<div class=\"ms-info\">Pessebres 5<\/div>\n\n\n\t<img decoding=\"async\" class=\"ms-thumb\" src=\"https:\/\/mont-roig.cat\/wp-content\/uploadsArray\" alt=\"Pessebres 5\" \/>\n\t\t\t\t<\/div>\n\t\t\t<div  class=\"ms-slide\" data-delay=\"3\"    >\n\t\t\t\t\t<img decoding=\"async\" src=\"https:\/\/mont-roig.cat\/wp-content\/plugins\/masterslider\/public\/assets\/css\/blank.gif\" alt=\"Pessebres 10\" title=\"Pessebres 10\" data-src=\"https:\/\/mont-roig.cat\/wp-content\/uploadsArray\" \/>\n\t<a href=\"http:\/\/Array\" target=\"_self\"    >Pessebres 10<\/a>\n\n\t\t\t\t\t<div class=\"ms-info\">Pessebres 10<\/div>\n\n\n\t<img decoding=\"async\" class=\"ms-thumb\" src=\"https:\/\/mont-roig.cat\/wp-content\/uploadsArray\" alt=\"Pessebres 10\" \/>\n\t\t\t\t<\/div>\n\t\t\t<div  class=\"ms-slide\" data-delay=\"3\"    >\n\t\t\t\t\t<img decoding=\"async\" src=\"https:\/\/mont-roig.cat\/wp-content\/plugins\/masterslider\/public\/assets\/css\/blank.gif\" alt=\"pessebreselvira\" title=\"pessebreselvira\" data-src=\"https:\/\/mont-roig.cat\/wp-content\/uploadsArray\" \/>\n\t<a href=\"http:\/\/Array\" target=\"_self\"    >pessebreselvira<\/a>\n\n\t\t\t\t\t<div class=\"ms-info\">pessebreselvira<\/div>\n\n\n\t<img decoding=\"async\" class=\"ms-thumb\" src=\"https:\/\/mont-roig.cat\/wp-content\/uploadsArray\" alt=\"pessebreselvira\" \/>\n\t\t\t\t<\/div>\n\t\t\t<div  class=\"ms-slide\" data-delay=\"3\"    >\n\t\t\t\t\t<img decoding=\"async\" src=\"https:\/\/mont-roig.cat\/wp-content\/plugins\/masterslider\/public\/assets\/css\/blank.gif\" alt=\"Pessebres 23\" title=\"Pessebres 23\" data-src=\"https:\/\/mont-roig.cat\/wp-content\/uploadsArray\" \/>\n\t<a href=\"http:\/\/Array\" target=\"_self\"    >Pessebres 23<\/a>\n\n\t\t\t\t\t<div class=\"ms-info\">Pessebres 23<\/div>\n\n\n\t<img decoding=\"async\" class=\"ms-thumb\" src=\"https:\/\/mont-roig.cat\/wp-content\/uploadsArray\" alt=\"Pessebres 23\" \/>\n\t\t\t\t<\/div>\n\t\t\t<div  class=\"ms-slide\" data-delay=\"3\"    >\n\t\t\t\t\t<img decoding=\"async\" src=\"https:\/\/mont-roig.cat\/wp-content\/plugins\/masterslider\/public\/assets\/css\/blank.gif\" alt=\"Pessebres 22\" title=\"Pessebres 22\" data-src=\"https:\/\/mont-roig.cat\/wp-content\/uploadsArray\" \/>\n\t<a href=\"http:\/\/Array\" target=\"_self\"    >Pessebres 22<\/a>\n\n\t\t\t\t\t<div class=\"ms-info\">Pessebres 22<\/div>\n\n\n\t<img decoding=\"async\" class=\"ms-thumb\" src=\"https:\/\/mont-roig.cat\/wp-content\/uploadsArray\" alt=\"Pessebres 22\" \/>\n\t\t\t\t<\/div>\n\t\t\t<div  class=\"ms-slide\" data-delay=\"3\"    >\n\t\t\t\t\t<img decoding=\"async\" src=\"https:\/\/mont-roig.cat\/wp-content\/plugins\/masterslider\/public\/assets\/css\/blank.gif\" alt=\"Pessebres 4\" title=\"Pessebres 4\" data-src=\"https:\/\/mont-roig.cat\/wp-content\/uploadsArray\" \/>\n\t<a href=\"http:\/\/Array\" target=\"_self\"    >Pessebres 4<\/a>\n\n\t\t\t\t\t<div class=\"ms-info\">Pessebres 4<\/div>\n\n\n\t<img decoding=\"async\" class=\"ms-thumb\" src=\"https:\/\/mont-roig.cat\/wp-content\/uploadsArray\" alt=\"Pessebres 4\" \/>\n\t\t\t\t<\/div>\n\t\t\t<div  class=\"ms-slide\" data-delay=\"3\"    >\n\t\t\t\t\t<img decoding=\"async\" src=\"https:\/\/mont-roig.cat\/wp-content\/plugins\/masterslider\/public\/assets\/css\/blank.gif\" alt=\"Pessebres 7\" title=\"Pessebres 7\" data-src=\"https:\/\/mont-roig.cat\/wp-content\/uploadsArray\" \/>\n\t<a href=\"http:\/\/Array\" target=\"_self\"    >Pessebres 7<\/a>\n\n\t\t\t\t\t<div class=\"ms-info\">Pessebres 7<\/div>\n\n\n\t<img decoding=\"async\" class=\"ms-thumb\" src=\"https:\/\/mont-roig.cat\/wp-content\/uploadsArray\" alt=\"Pessebres 7\" \/>\n\t\t\t\t<\/div>\n\t\t\t<div  class=\"ms-slide\" data-delay=\"3\"    >\n\t\t\t\t\t<img decoding=\"async\" src=\"https:\/\/mont-roig.cat\/wp-content\/plugins\/masterslider\/public\/assets\/css\/blank.gif\" alt=\"Pessebres 2\" title=\"Pessebres 2\" data-src=\"https:\/\/mont-roig.cat\/wp-content\/uploadsArray\" \/>\n\t<a href=\"http:\/\/Array\" target=\"_self\"    >Pessebres 2<\/a>\n\n\t\t\t\t\t<div class=\"ms-info\">Pessebres 2<\/div>\n\n\n\t<img decoding=\"async\" class=\"ms-thumb\" src=\"https:\/\/mont-roig.cat\/wp-content\/uploadsArray\" alt=\"Pessebres 2\" \/>\n\t\t\t\t<\/div>\n\t\t\t<div  class=\"ms-slide\" data-delay=\"3\"    >\n\t\t\t\t\t<img decoding=\"async\" src=\"https:\/\/mont-roig.cat\/wp-content\/plugins\/masterslider\/public\/assets\/css\/blank.gif\" alt=\"Pessebres 3\" title=\"Pessebres 3\" data-src=\"https:\/\/mont-roig.cat\/wp-content\/uploadsArray\" \/>\n\t<a href=\"http:\/\/Array\" target=\"_self\"    >Pessebres 3<\/a>\n\n\t\t\t\t\t<div class=\"ms-info\">Pessebres 3<\/div>\n\n\n\t<img decoding=\"async\" class=\"ms-thumb\" src=\"https:\/\/mont-roig.cat\/wp-content\/uploadsArray\" alt=\"Pessebres 3\" \/>\n\t\t\t\t<\/div>\n\t\t\t<div  class=\"ms-slide\" data-delay=\"3\"    >\n\t\t\t\t\t<img decoding=\"async\" src=\"https:\/\/mont-roig.cat\/wp-content\/plugins\/masterslider\/public\/assets\/css\/blank.gif\" alt=\"Pessebres1\" title=\"Pessebres1\" data-src=\"https:\/\/mont-roig.cat\/wp-content\/uploadsArray\" \/>\n\t<a href=\"http:\/\/Array\" target=\"_self\"    >Pessebres1<\/a>\n\n\t\t\t\t\t<div class=\"ms-info\">Pessebres1<\/div>\n\n\n\t<img decoding=\"async\" class=\"ms-thumb\" src=\"https:\/\/mont-roig.cat\/wp-content\/uploadsArray\" alt=\"Pessebres1\" \/>\n\t\t\t\t<\/div>\n\n\t\t\t<\/div>\n\t\t\t<!-- END MasterSlider Main -->\n\n\t\t\t \n\t\t<\/div>\n\t\t<!-- END MasterSlider -->\n\n\t\t<script>\n\t\t( window.MSReady = window.MSReady || [] ).push( function( $ ) {\n\n\t\t\t\"use strict\";\n\t\t\tvar masterslider_6075 = new MasterSlider();\n\n\t\t\t\/\/ slider controls\n\t\t\tmasterslider_6075.control('arrows'     ,{ autohide:true, overVideo:true  });\n\t\t\tmasterslider_6075.control('thumblist'  ,{ autohide:false, overVideo:true, dir:'h', speed:17, inset:false, arrows:false, hover:false, customClass:'', align:'bottom',type:'thumbs', margin:2, width:140, height:80, space:2, fillMode:'fill'  });\n\t\t\tmasterslider_6075.control('slideinfo'  ,{ autohide:true, overVideo:true, dir:'h', align:'bottom',inset:true , margin:80  , size:30 });\n\t\t\t\/\/ slider setup\n\t\t\tmasterslider_6075.setup(\"MS69f21a0fa6075\", {\n\t\t\t\twidth           : 960,\n\t\t\t\theight          : 540,\n\t\t\t\tminHeight       : 0,\n\t\t\t\tspace           : 0,\n\t\t\t\tstart           : 1,\n\t\t\t\tgrabCursor      : true,\n\t\t\t\tswipe           : true,\n\t\t\t\tmouse           : true,\n\t\t\t\tkeyboard        : false,\n\t\t\t\tlayout          : \"fillwidth\",\n\t\t\t\twheel           : false,\n\t\t\t\tautoplay        : false,\n                instantStartLayers:false,\n\t\t\t\tmobileBGVideo:false,\n\t\t\t\tloop            : false,\n\t\t\t\tshuffle         : false,\n\t\t\t\tpreload         : 3,\n\t\t\t\theightLimit     : false,\n\t\t\t\tautoHeight      : false,\n\t\t\t\tsmoothHeight    : true,\n\t\t\t\tendPause        : false,\n\t\t\t\toverPause       : false,\n\t\t\t\tfillMode        : \"fill\",\n\t\t\t\tcenterControls  : true,\n\t\t\t\tstartOnAppear   : false,\n\t\t\t\tlayersMode      : \"center\",\n\t\t\t\tautofillTarget  : \"\",\n\t\t\t\thideLayers      : false,\n\t\t\t\tfullscreenMargin: 0,\n\t\t\t\tspeed           : 17,\n\t\t\t\tdir             : \"h\",\n\t\t\t\tparallaxMode    : 'swipe',\n\t\t\t\tview            : \"basic\"\n\t\t\t});\n\n\t\t\t\n\t\t\twindow.masterslider_instances = window.masterslider_instances || [];\n\t\t\twindow.masterslider_instances.push( masterslider_6075 );\n\t\t});\n\t\t<\/script>\n\n\n","protected":false},"excerpt":{"rendered":"<p>El acto de este domingo, celebrado en la Esgl\u00e9sia Vella, incluy\u00f3 el espect\u00e1culo familiar Neu de Nadal de Kali Teatre Este domingo al mediod\u00eda, el Centre Cultural Esgl\u00e9sia Vella de Mont-roig del Camp acogi\u00f3 el acto de reconocimiento de los belenes m\u00e1s destacados de la Mostra de Pessebres 2025, organizada por el Ajuntament de Mont-roig [&hellip;]<\/p>\n","protected":false},"author":13,"featured_media":87728,"comment_status":"closed","ping_status":"closed","sticky":false,"template":"","format":"standard","meta":{"inline_featured_image":false,"_monsterinsights_skip_tracking":false,"_monsterinsights_sitenote_active":false,"_monsterinsights_sitenote_note":"","_monsterinsights_sitenote_category":0,"footnotes":""},"categories":[98,101],"tags":[],"class_list":["post-87744","post","type-post","status-publish","format-standard","has-post-thumbnail","hentry","category-ayuntamiento","category-cultura-es"],"yoast_head":"<!-- This site is optimized with the Yoast SEO plugin v27.4 - https:\/\/yoast.com\/product\/yoast-seo-wordpress\/ -->\n<title>Mont-roig del Camp reconoce los belenes m\u00e1s destacados de la Mostra 2025 - Ajuntament de Mont-roig del Camp<\/title>\n<meta name=\"robots\" content=\"index, follow, max-snippet:-1, max-image-preview:large, max-video-preview:-1\" \/>\n<link rel=\"canonical\" href=\"https:\/\/mont-roig.cat\/es\/actualitat\/noticies\/mont-roig-del-camp-reconoce-los-belenes-mas-destacados-de-la-mostra-2025\/\" \/>\n<meta property=\"og:locale\" content=\"es_ES\" \/>\n<meta property=\"og:type\" content=\"article\" \/>\n<meta property=\"og:title\" content=\"Mont-roig del Camp reconoce los belenes m\u00e1s destacados de la Mostra 2025 - Ajuntament de Mont-roig del Camp\" \/>\n<meta property=\"og:description\" content=\"El acto de este domingo, celebrado en la Esgl\u00e9sia Vella, incluy\u00f3 el espect\u00e1culo familiar Neu de Nadal de Kali Teatre Este domingo al mediod\u00eda, el Centre Cultural Esgl\u00e9sia Vella de Mont-roig del Camp acogi\u00f3 el acto de reconocimiento de los belenes m\u00e1s destacados de la Mostra de Pessebres 2025, organizada por el Ajuntament de Mont-roig [&hellip;]\" \/>\n<meta property=\"og:url\" content=\"https:\/\/mont-roig.cat\/es\/actualitat\/noticies\/mont-roig-del-camp-reconoce-los-belenes-mas-destacados-de-la-mostra-2025\/\" \/>\n<meta property=\"og:site_name\" content=\"Ajuntament de Mont-roig del Camp\" \/>\n<meta property=\"article:published_time\" content=\"2025-12-29T13:51:49+00:00\" \/>\n<meta property=\"article:modified_time\" content=\"2025-12-29T14:04:26+00:00\" \/>\n<meta property=\"og:image\" content=\"https:\/\/mont-roig.cat\/wp-content\/uploads\/Foto-familia-Concurs-Pessebres.jpeg\" \/>\n\t<meta property=\"og:image:width\" content=\"1600\" \/>\n\t<meta property=\"og:image:height\" content=\"1200\" \/>\n\t<meta property=\"og:image:type\" content=\"image\/jpeg\" \/>\n<meta name=\"author\" content=\"comunicacio\" \/>\n<meta name=\"twitter:card\" content=\"summary_large_image\" \/>\n<meta name=\"twitter:label1\" content=\"Escrito por\" \/>\n\t<meta name=\"twitter:data1\" content=\"comunicacio\" \/>\n\t<meta name=\"twitter:label2\" content=\"Tiempo de lectura\" \/>\n\t<meta name=\"twitter:data2\" content=\"3 minutos\" \/>\n<script type=\"application\/ld+json\" class=\"yoast-schema-graph\">{\"@context\":\"https:\\\/\\\/schema.org\",\"@graph\":[{\"@type\":\"Article\",\"@id\":\"https:\\\/\\\/mont-roig.cat\\\/es\\\/actualitat\\\/noticies\\\/mont-roig-del-camp-reconoce-los-belenes-mas-destacados-de-la-mostra-2025\\\/#article\",\"isPartOf\":{\"@id\":\"https:\\\/\\\/mont-roig.cat\\\/es\\\/actualitat\\\/noticies\\\/mont-roig-del-camp-reconoce-los-belenes-mas-destacados-de-la-mostra-2025\\\/\"},\"author\":{\"name\":\"comunicacio\",\"@id\":\"https:\\\/\\\/mont-roig.cat\\\/es\\\/#\\\/schema\\\/person\\\/1f73e7b5e6f9dd122e8a6f14f310ac5e\"},\"headline\":\"Mont-roig del Camp reconoce los belenes m\u00e1s destacados de la Mostra 2025\",\"datePublished\":\"2025-12-29T13:51:49+00:00\",\"dateModified\":\"2025-12-29T14:04:26+00:00\",\"mainEntityOfPage\":{\"@id\":\"https:\\\/\\\/mont-roig.cat\\\/es\\\/actualitat\\\/noticies\\\/mont-roig-del-camp-reconoce-los-belenes-mas-destacados-de-la-mostra-2025\\\/\"},\"wordCount\":362,\"image\":{\"@id\":\"https:\\\/\\\/mont-roig.cat\\\/es\\\/actualitat\\\/noticies\\\/mont-roig-del-camp-reconoce-los-belenes-mas-destacados-de-la-mostra-2025\\\/#primaryimage\"},\"thumbnailUrl\":\"https:\\\/\\\/mont-roig.cat\\\/wp-content\\\/uploads\\\/Foto-familia-Concurs-Pessebres.jpeg\",\"articleSection\":[\"Ayuntamiento\",\"Cultura\"],\"inLanguage\":\"es\"},{\"@type\":\"WebPage\",\"@id\":\"https:\\\/\\\/mont-roig.cat\\\/es\\\/actualitat\\\/noticies\\\/mont-roig-del-camp-reconoce-los-belenes-mas-destacados-de-la-mostra-2025\\\/\",\"url\":\"https:\\\/\\\/mont-roig.cat\\\/es\\\/actualitat\\\/noticies\\\/mont-roig-del-camp-reconoce-los-belenes-mas-destacados-de-la-mostra-2025\\\/\",\"name\":\"Mont-roig del Camp reconoce los belenes m\u00e1s destacados de la Mostra 2025 - Ajuntament de Mont-roig del Camp\",\"isPartOf\":{\"@id\":\"https:\\\/\\\/mont-roig.cat\\\/es\\\/#website\"},\"primaryImageOfPage\":{\"@id\":\"https:\\\/\\\/mont-roig.cat\\\/es\\\/actualitat\\\/noticies\\\/mont-roig-del-camp-reconoce-los-belenes-mas-destacados-de-la-mostra-2025\\\/#primaryimage\"},\"image\":{\"@id\":\"https:\\\/\\\/mont-roig.cat\\\/es\\\/actualitat\\\/noticies\\\/mont-roig-del-camp-reconoce-los-belenes-mas-destacados-de-la-mostra-2025\\\/#primaryimage\"},\"thumbnailUrl\":\"https:\\\/\\\/mont-roig.cat\\\/wp-content\\\/uploads\\\/Foto-familia-Concurs-Pessebres.jpeg\",\"datePublished\":\"2025-12-29T13:51:49+00:00\",\"dateModified\":\"2025-12-29T14:04:26+00:00\",\"author\":{\"@id\":\"https:\\\/\\\/mont-roig.cat\\\/es\\\/#\\\/schema\\\/person\\\/1f73e7b5e6f9dd122e8a6f14f310ac5e\"},\"breadcrumb\":{\"@id\":\"https:\\\/\\\/mont-roig.cat\\\/es\\\/actualitat\\\/noticies\\\/mont-roig-del-camp-reconoce-los-belenes-mas-destacados-de-la-mostra-2025\\\/#breadcrumb\"},\"inLanguage\":\"es\",\"potentialAction\":[{\"@type\":\"ReadAction\",\"target\":[\"https:\\\/\\\/mont-roig.cat\\\/es\\\/actualitat\\\/noticies\\\/mont-roig-del-camp-reconoce-los-belenes-mas-destacados-de-la-mostra-2025\\\/\"]}]},{\"@type\":\"ImageObject\",\"inLanguage\":\"es\",\"@id\":\"https:\\\/\\\/mont-roig.cat\\\/es\\\/actualitat\\\/noticies\\\/mont-roig-del-camp-reconoce-los-belenes-mas-destacados-de-la-mostra-2025\\\/#primaryimage\",\"url\":\"https:\\\/\\\/mont-roig.cat\\\/wp-content\\\/uploads\\\/Foto-familia-Concurs-Pessebres.jpeg\",\"contentUrl\":\"https:\\\/\\\/mont-roig.cat\\\/wp-content\\\/uploads\\\/Foto-familia-Concurs-Pessebres.jpeg\",\"width\":1600,\"height\":1200},{\"@type\":\"BreadcrumbList\",\"@id\":\"https:\\\/\\\/mont-roig.cat\\\/es\\\/actualitat\\\/noticies\\\/mont-roig-del-camp-reconoce-los-belenes-mas-destacados-de-la-mostra-2025\\\/#breadcrumb\",\"itemListElement\":[{\"@type\":\"ListItem\",\"position\":1,\"name\":\"Inici\",\"item\":\"https:\\\/\\\/mont-roig.cat\\\/es\\\/pagina-de-inicio\\\/\"},{\"@type\":\"ListItem\",\"position\":2,\"name\":\"Mont-roig del Camp reconoce los belenes m\u00e1s destacados de la Mostra 2025\"}]},{\"@type\":\"WebSite\",\"@id\":\"https:\\\/\\\/mont-roig.cat\\\/es\\\/#website\",\"url\":\"https:\\\/\\\/mont-roig.cat\\\/es\\\/\",\"name\":\"Ajuntament de Mont-roig del Camp\",\"description\":\"Tota la informaci\u00f3 sobre la instituci\u00f3, els seus \u00f2rgans de govern, actualitat, serveis i molt m\u00e9s.\",\"potentialAction\":[{\"@type\":\"SearchAction\",\"target\":{\"@type\":\"EntryPoint\",\"urlTemplate\":\"https:\\\/\\\/mont-roig.cat\\\/es\\\/?s={search_term_string}\"},\"query-input\":{\"@type\":\"PropertyValueSpecification\",\"valueRequired\":true,\"valueName\":\"search_term_string\"}}],\"inLanguage\":\"es\"},{\"@type\":\"Person\",\"@id\":\"https:\\\/\\\/mont-roig.cat\\\/es\\\/#\\\/schema\\\/person\\\/1f73e7b5e6f9dd122e8a6f14f310ac5e\",\"name\":\"comunicacio\",\"image\":{\"@type\":\"ImageObject\",\"inLanguage\":\"es\",\"@id\":\"https:\\\/\\\/secure.gravatar.com\\\/avatar\\\/98944333e7a877670a64f8d10f0cb680ab2c9ebc4efc43945ef004b52b5ad28c?s=96&d=mm&r=g\",\"url\":\"https:\\\/\\\/secure.gravatar.com\\\/avatar\\\/98944333e7a877670a64f8d10f0cb680ab2c9ebc4efc43945ef004b52b5ad28c?s=96&d=mm&r=g\",\"contentUrl\":\"https:\\\/\\\/secure.gravatar.com\\\/avatar\\\/98944333e7a877670a64f8d10f0cb680ab2c9ebc4efc43945ef004b52b5ad28c?s=96&d=mm&r=g\",\"caption\":\"comunicacio\"},\"url\":\"https:\\\/\\\/mont-roig.cat\\\/es\\\/actualitat\\\/noticies\\\/author\\\/comunicacio\\\/\"}]}<\/script>\n<!-- \/ Yoast SEO plugin. -->","yoast_head_json":{"title":"Mont-roig del Camp reconoce los belenes m\u00e1s destacados de la Mostra 2025 - Ajuntament de Mont-roig del Camp","robots":{"index":"index","follow":"follow","max-snippet":"max-snippet:-1","max-image-preview":"max-image-preview:large","max-video-preview":"max-video-preview:-1"},"canonical":"https:\/\/mont-roig.cat\/es\/actualitat\/noticies\/mont-roig-del-camp-reconoce-los-belenes-mas-destacados-de-la-mostra-2025\/","og_locale":"es_ES","og_type":"article","og_title":"Mont-roig del Camp reconoce los belenes m\u00e1s destacados de la Mostra 2025 - Ajuntament de Mont-roig del Camp","og_description":"El acto de este domingo, celebrado en la Esgl\u00e9sia Vella, incluy\u00f3 el espect\u00e1culo familiar Neu de Nadal de Kali Teatre Este domingo al mediod\u00eda, el Centre Cultural Esgl\u00e9sia Vella de Mont-roig del Camp acogi\u00f3 el acto de reconocimiento de los belenes m\u00e1s destacados de la Mostra de Pessebres 2025, organizada por el Ajuntament de Mont-roig [&hellip;]","og_url":"https:\/\/mont-roig.cat\/es\/actualitat\/noticies\/mont-roig-del-camp-reconoce-los-belenes-mas-destacados-de-la-mostra-2025\/","og_site_name":"Ajuntament de Mont-roig del Camp","article_published_time":"2025-12-29T13:51:49+00:00","article_modified_time":"2025-12-29T14:04:26+00:00","og_image":[{"width":1600,"height":1200,"url":"https:\/\/mont-roig.cat\/wp-content\/uploads\/Foto-familia-Concurs-Pessebres.jpeg","type":"image\/jpeg"}],"author":"comunicacio","twitter_card":"summary_large_image","twitter_misc":{"Escrito por":"comunicacio","Tiempo de lectura":"3 minutos"},"schema":{"@context":"https:\/\/schema.org","@graph":[{"@type":"Article","@id":"https:\/\/mont-roig.cat\/es\/actualitat\/noticies\/mont-roig-del-camp-reconoce-los-belenes-mas-destacados-de-la-mostra-2025\/#article","isPartOf":{"@id":"https:\/\/mont-roig.cat\/es\/actualitat\/noticies\/mont-roig-del-camp-reconoce-los-belenes-mas-destacados-de-la-mostra-2025\/"},"author":{"name":"comunicacio","@id":"https:\/\/mont-roig.cat\/es\/#\/schema\/person\/1f73e7b5e6f9dd122e8a6f14f310ac5e"},"headline":"Mont-roig del Camp reconoce los belenes m\u00e1s destacados de la Mostra 2025","datePublished":"2025-12-29T13:51:49+00:00","dateModified":"2025-12-29T14:04:26+00:00","mainEntityOfPage":{"@id":"https:\/\/mont-roig.cat\/es\/actualitat\/noticies\/mont-roig-del-camp-reconoce-los-belenes-mas-destacados-de-la-mostra-2025\/"},"wordCount":362,"image":{"@id":"https:\/\/mont-roig.cat\/es\/actualitat\/noticies\/mont-roig-del-camp-reconoce-los-belenes-mas-destacados-de-la-mostra-2025\/#primaryimage"},"thumbnailUrl":"https:\/\/mont-roig.cat\/wp-content\/uploads\/Foto-familia-Concurs-Pessebres.jpeg","articleSection":["Ayuntamiento","Cultura"],"inLanguage":"es"},{"@type":"WebPage","@id":"https:\/\/mont-roig.cat\/es\/actualitat\/noticies\/mont-roig-del-camp-reconoce-los-belenes-mas-destacados-de-la-mostra-2025\/","url":"https:\/\/mont-roig.cat\/es\/actualitat\/noticies\/mont-roig-del-camp-reconoce-los-belenes-mas-destacados-de-la-mostra-2025\/","name":"Mont-roig del Camp reconoce los belenes m\u00e1s destacados de la Mostra 2025 - Ajuntament de Mont-roig del Camp","isPartOf":{"@id":"https:\/\/mont-roig.cat\/es\/#website"},"primaryImageOfPage":{"@id":"https:\/\/mont-roig.cat\/es\/actualitat\/noticies\/mont-roig-del-camp-reconoce-los-belenes-mas-destacados-de-la-mostra-2025\/#primaryimage"},"image":{"@id":"https:\/\/mont-roig.cat\/es\/actualitat\/noticies\/mont-roig-del-camp-reconoce-los-belenes-mas-destacados-de-la-mostra-2025\/#primaryimage"},"thumbnailUrl":"https:\/\/mont-roig.cat\/wp-content\/uploads\/Foto-familia-Concurs-Pessebres.jpeg","datePublished":"2025-12-29T13:51:49+00:00","dateModified":"2025-12-29T14:04:26+00:00","author":{"@id":"https:\/\/mont-roig.cat\/es\/#\/schema\/person\/1f73e7b5e6f9dd122e8a6f14f310ac5e"},"breadcrumb":{"@id":"https:\/\/mont-roig.cat\/es\/actualitat\/noticies\/mont-roig-del-camp-reconoce-los-belenes-mas-destacados-de-la-mostra-2025\/#breadcrumb"},"inLanguage":"es","potentialAction":[{"@type":"ReadAction","target":["https:\/\/mont-roig.cat\/es\/actualitat\/noticies\/mont-roig-del-camp-reconoce-los-belenes-mas-destacados-de-la-mostra-2025\/"]}]},{"@type":"ImageObject","inLanguage":"es","@id":"https:\/\/mont-roig.cat\/es\/actualitat\/noticies\/mont-roig-del-camp-reconoce-los-belenes-mas-destacados-de-la-mostra-2025\/#primaryimage","url":"https:\/\/mont-roig.cat\/wp-content\/uploads\/Foto-familia-Concurs-Pessebres.jpeg","contentUrl":"https:\/\/mont-roig.cat\/wp-content\/uploads\/Foto-familia-Concurs-Pessebres.jpeg","width":1600,"height":1200},{"@type":"BreadcrumbList","@id":"https:\/\/mont-roig.cat\/es\/actualitat\/noticies\/mont-roig-del-camp-reconoce-los-belenes-mas-destacados-de-la-mostra-2025\/#breadcrumb","itemListElement":[{"@type":"ListItem","position":1,"name":"Inici","item":"https:\/\/mont-roig.cat\/es\/pagina-de-inicio\/"},{"@type":"ListItem","position":2,"name":"Mont-roig del Camp reconoce los belenes m\u00e1s destacados de la Mostra 2025"}]},{"@type":"WebSite","@id":"https:\/\/mont-roig.cat\/es\/#website","url":"https:\/\/mont-roig.cat\/es\/","name":"Ajuntament de Mont-roig del Camp","description":"Tota la informaci\u00f3 sobre la instituci\u00f3, els seus \u00f2rgans de govern, actualitat, serveis i molt m\u00e9s.","potentialAction":[{"@type":"SearchAction","target":{"@type":"EntryPoint","urlTemplate":"https:\/\/mont-roig.cat\/es\/?s={search_term_string}"},"query-input":{"@type":"PropertyValueSpecification","valueRequired":true,"valueName":"search_term_string"}}],"inLanguage":"es"},{"@type":"Person","@id":"https:\/\/mont-roig.cat\/es\/#\/schema\/person\/1f73e7b5e6f9dd122e8a6f14f310ac5e","name":"comunicacio","image":{"@type":"ImageObject","inLanguage":"es","@id":"https:\/\/secure.gravatar.com\/avatar\/98944333e7a877670a64f8d10f0cb680ab2c9ebc4efc43945ef004b52b5ad28c?s=96&d=mm&r=g","url":"https:\/\/secure.gravatar.com\/avatar\/98944333e7a877670a64f8d10f0cb680ab2c9ebc4efc43945ef004b52b5ad28c?s=96&d=mm&r=g","contentUrl":"https:\/\/secure.gravatar.com\/avatar\/98944333e7a877670a64f8d10f0cb680ab2c9ebc4efc43945ef004b52b5ad28c?s=96&d=mm&r=g","caption":"comunicacio"},"url":"https:\/\/mont-roig.cat\/es\/actualitat\/noticies\/author\/comunicacio\/"}]}},"_links":{"self":[{"href":"https:\/\/mont-roig.cat\/es\/wp-json\/wp\/v2\/posts\/87744","targetHints":{"allow":["GET"]}}],"collection":[{"href":"https:\/\/mont-roig.cat\/es\/wp-json\/wp\/v2\/posts"}],"about":[{"href":"https:\/\/mont-roig.cat\/es\/wp-json\/wp\/v2\/types\/post"}],"author":[{"embeddable":true,"href":"https:\/\/mont-roig.cat\/es\/wp-json\/wp\/v2\/users\/13"}],"replies":[{"embeddable":true,"href":"https:\/\/mont-roig.cat\/es\/wp-json\/wp\/v2\/comments?post=87744"}],"version-history":[{"count":2,"href":"https:\/\/mont-roig.cat\/es\/wp-json\/wp\/v2\/posts\/87744\/revisions"}],"predecessor-version":[{"id":87747,"href":"https:\/\/mont-roig.cat\/es\/wp-json\/wp\/v2\/posts\/87744\/revisions\/87747"}],"wp:featuredmedia":[{"embeddable":true,"href":"https:\/\/mont-roig.cat\/es\/wp-json\/wp\/v2\/media\/87728"}],"wp:attachment":[{"href":"https:\/\/mont-roig.cat\/es\/wp-json\/wp\/v2\/media?parent=87744"}],"wp:term":[{"taxonomy":"category","embeddable":true,"href":"https:\/\/mont-roig.cat\/es\/wp-json\/wp\/v2\/categories?post=87744"},{"taxonomy":"post_tag","embeddable":true,"href":"https:\/\/mont-roig.cat\/es\/wp-json\/wp\/v2\/tags?post=87744"}],"curies":[{"name":"wp","href":"https:\/\/api.w.org\/{rel}","templated":true}]}}