{"id":87784,"date":"2025-12-31T12:13:24","date_gmt":"2025-12-31T11:13:24","guid":{"rendered":"https:\/\/mont-roig.cat\/actualitat\/noticies\/el-centre-polivalent-de-miami-platja-acull-el-lliurament-dels-reconeixements-a-les-millors-facanes-de-nadal-2025\/"},"modified":"2025-12-31T12:28:27","modified_gmt":"2025-12-31T11:28:27","slug":"el-centre-polivalent-de-miami-platja-acoge-la-entrega-de-los-reconocimientos-a-las-mejores-fachadas-de-navidad-2025","status":"publish","type":"post","link":"https:\/\/mont-roig.cat\/es\/actualitat\/noticies\/el-centre-polivalent-de-miami-platja-acoge-la-entrega-de-los-reconocimientos-a-las-mejores-fachadas-de-navidad-2025\/","title":{"rendered":"El Centre Polivalent de Miami Platja acoge la entrega de los reconocimientos a las mejores fachadas de Navidad 2025"},"content":{"rendered":"<p><strong><strong><a href=\"https:\/\/mont-roig.cat\/wp-content\/uploads\/Mostra-Facanes.jpeg\" target=\"_blank\" rel=\"noopener\"><img loading=\"lazy\" decoding=\"async\" class=\"alignright wp-image-87768\" src=\"https:\/\/mont-roig.cat\/wp-content\/uploads\/Mostra-Facanes-500x375.jpeg\" alt=\"\" width=\"299\" height=\"224\" srcset=\"https:\/\/mont-roig.cat\/wp-content\/uploads\/Mostra-Facanes-500x375.jpeg 500w, https:\/\/mont-roig.cat\/wp-content\/uploads\/Mostra-Facanes-1024x768.jpeg 1024w, https:\/\/mont-roig.cat\/wp-content\/uploads\/Mostra-Facanes-768x576.jpeg 768w, https:\/\/mont-roig.cat\/wp-content\/uploads\/Mostra-Facanes-1536x1152.jpeg 1536w, https:\/\/mont-roig.cat\/wp-content\/uploads\/Mostra-Facanes-463x348.jpeg 463w, https:\/\/mont-roig.cat\/wp-content\/uploads\/Mostra-Facanes.jpeg 1600w\" sizes=\"auto, (max-width: 299px) 100vw, 299px\" \/><\/a><\/strong><\/strong><\/p>\n<ul>\n<li data-start=\"311\" data-end=\"464\"><strong>El acto puso en valor la creatividad y la implicaci\u00f3n vecinal en la segunda edici\u00f3n de la Muestra de Fachadas Navide\u00f1as, con m\u00fasica en directo de A2DUO<\/strong><\/li>\n<\/ul>\n<p data-start=\"466\" data-end=\"778\">El Centre Polivalent de Miami Platja acogi\u00f3 ayer por la tarde el acto de entrega de los reconocimientos de la segunda edici\u00f3n de la Muestra de las Mejores Fachadas de Navidad 2025, una iniciativa impulsada por el Ayuntamiento de Mont-roig del Camp para fomentar el esp\u00edritu navide\u00f1o y la participaci\u00f3n ciudadana.<\/p>\n<p data-start=\"780\" data-end=\"1269\">El acto se inici\u00f3 con una actuaci\u00f3n musical a cargo de Anna P\u00e0mies y Adri\u00e0 Torres, del grupo A2DUO, y continu\u00f3 con la intervenci\u00f3n de la concejala de Cultura, Elvira Montagud, quien destac\u00f3 la calidad de las decoraciones y el esfuerzo y la ilusi\u00f3n de todas las personas participantes. A continuaci\u00f3n, se procedi\u00f3 a la entrega de los obsequios, a cargo de miembros del jurado formado por Marcel Aragon\u00e8s, artista local y dise\u00f1ador, y Lisard Mendo y Teresa Marin\u00e9, de la Asociaci\u00f3n Mont-Art.<\/p>\n<p data-start=\"1271\" data-end=\"1677\">En la categor\u00eda de viviendas unifamiliares y adosadas, la segunda distinci\u00f3n fue para Ant\u00f2nia Garc\u00eda L\u00f3pez y la primera distinci\u00f3n para Marc Miralles.<br data-start=\"1421\" data-end=\"1424\" \/>En la modalidad de fachadas, el segundo lugar recay\u00f3 en Patr\u00edcia Izquierdo y el primero en Isabel Bernal.<br data-start=\"1529\" data-end=\"1532\" \/>Finalmente, en la categor\u00eda de balcones y ventanas, la segunda distinci\u00f3n fue para M. Dolores Vargas Guijarro y la primera para Catalina Pacheco.<\/p>\n<p data-start=\"1679\" data-end=\"1941\">Adem\u00e1s de los galardones, el Ayuntamiento de Mont-roig del Camp quiso reconocer la participaci\u00f3n de todas las personas inscritas en la muestra con un detalle conmemorativo, en agradecimiento a su compromiso y a su contribuci\u00f3n al ambiente navide\u00f1o del municipio.<\/p>\n<p data-start=\"1943\" data-end=\"2265\">El acto se cerr\u00f3 con una fotograf\u00eda de familia con las personas participantes, el jurado y los representantes municipales, y con una nueva actuaci\u00f3n musical de A2DUO. Desde el consistorio se anim\u00f3 a la ciudadan\u00eda a seguir participando en futuras ediciones, con la mirada puesta ya en la convocatoria de la Navidad de 2026.<\/p>\n\n\t\t<!-- MasterSlider -->\n\t\t<div id=\"P_MS69f46399e3514\" class=\"master-slider-parent master-slider-gallery   ms-parent-id-0\"  >\n\n\t\t\t\n\t\t\t<!-- MasterSlider Main -->\n\t\t\t<div id=\"MS69f46399e3514\" class=\"master-slider ms-skin-default\" >\n\t\t\t\t \t\t\t\t \n\t\t\t<div  class=\"ms-slide\" data-delay=\"3\"    >\n\t\t\t\t\t<img decoding=\"async\" src=\"https:\/\/mont-roig.cat\/wp-content\/plugins\/masterslider\/public\/assets\/css\/blank.gif\" alt=\"Mostra Fa\u00e7anes2\" title=\"Mostra Fa\u00e7anes2\" data-src=\"https:\/\/mont-roig.cat\/wp-content\/uploadsArray\" \/>\n\t<a href=\"http:\/\/Array\" target=\"_self\"    >Mostra Fa\u00e7anes2<\/a>\n\n\t\t\t\t\t<div class=\"ms-info\">Mostra Fa\u00e7anes2<\/div>\n\n\n\t<img decoding=\"async\" class=\"ms-thumb\" src=\"https:\/\/mont-roig.cat\/wp-content\/uploadsArray\" alt=\"Mostra Fa\u00e7anes2\" \/>\n\t\t\t\t<\/div>\n\t\t\t<div  class=\"ms-slide\" data-delay=\"3\"    >\n\t\t\t\t\t<img decoding=\"async\" src=\"https:\/\/mont-roig.cat\/wp-content\/plugins\/masterslider\/public\/assets\/css\/blank.gif\" alt=\"Mostra Fa\u00e7anes3\" title=\"Mostra Fa\u00e7anes3\" data-src=\"https:\/\/mont-roig.cat\/wp-content\/uploadsArray\" \/>\n\t<a href=\"http:\/\/Array\" target=\"_self\"    >Mostra Fa\u00e7anes3<\/a>\n\n\t\t\t\t\t<div class=\"ms-info\">Mostra Fa\u00e7anes3<\/div>\n\n\n\t<img decoding=\"async\" class=\"ms-thumb\" src=\"https:\/\/mont-roig.cat\/wp-content\/uploadsArray\" alt=\"Mostra Fa\u00e7anes3\" \/>\n\t\t\t\t<\/div>\n\t\t\t<div  class=\"ms-slide\" data-delay=\"3\"    >\n\t\t\t\t\t<img decoding=\"async\" src=\"https:\/\/mont-roig.cat\/wp-content\/plugins\/masterslider\/public\/assets\/css\/blank.gif\" alt=\"Mostra Fa\u00e7anes6\" title=\"Mostra Fa\u00e7anes6\" data-src=\"https:\/\/mont-roig.cat\/wp-content\/uploadsArray\" \/>\n\t<a href=\"http:\/\/Array\" target=\"_self\"    >Mostra Fa\u00e7anes6<\/a>\n\n\t\t\t\t\t<div class=\"ms-info\">Mostra Fa\u00e7anes6<\/div>\n\n\n\t<img decoding=\"async\" class=\"ms-thumb\" src=\"https:\/\/mont-roig.cat\/wp-content\/uploadsArray\" alt=\"Mostra Fa\u00e7anes6\" \/>\n\t\t\t\t<\/div>\n\t\t\t<div  class=\"ms-slide\" data-delay=\"3\"    >\n\t\t\t\t\t<img decoding=\"async\" src=\"https:\/\/mont-roig.cat\/wp-content\/plugins\/masterslider\/public\/assets\/css\/blank.gif\" alt=\"Mostra Fa\u00e7anes5\" title=\"Mostra Fa\u00e7anes5\" data-src=\"https:\/\/mont-roig.cat\/wp-content\/uploadsArray\" \/>\n\t<a href=\"http:\/\/Array\" target=\"_self\"    >Mostra Fa\u00e7anes5<\/a>\n\n\t\t\t\t\t<div class=\"ms-info\">Mostra Fa\u00e7anes5<\/div>\n\n\n\t<img decoding=\"async\" class=\"ms-thumb\" src=\"https:\/\/mont-roig.cat\/wp-content\/uploadsArray\" alt=\"Mostra Fa\u00e7anes5\" \/>\n\t\t\t\t<\/div>\n\t\t\t<div  class=\"ms-slide\" data-delay=\"3\"    >\n\t\t\t\t\t<img decoding=\"async\" src=\"https:\/\/mont-roig.cat\/wp-content\/plugins\/masterslider\/public\/assets\/css\/blank.gif\" alt=\"Mostra Fa\u00e7anes4\" title=\"Mostra Fa\u00e7anes4\" data-src=\"https:\/\/mont-roig.cat\/wp-content\/uploadsArray\" \/>\n\t<a href=\"http:\/\/Array\" target=\"_self\"    >Mostra Fa\u00e7anes4<\/a>\n\n\t\t\t\t\t<div class=\"ms-info\">Mostra Fa\u00e7anes4<\/div>\n\n\n\t<img decoding=\"async\" class=\"ms-thumb\" src=\"https:\/\/mont-roig.cat\/wp-content\/uploadsArray\" alt=\"Mostra Fa\u00e7anes4\" \/>\n\t\t\t\t<\/div>\n\t\t\t<div  class=\"ms-slide\" data-delay=\"3\"    >\n\t\t\t\t\t<img decoding=\"async\" src=\"https:\/\/mont-roig.cat\/wp-content\/plugins\/masterslider\/public\/assets\/css\/blank.gif\" alt=\"Mostra Fa\u00e7anes7\" title=\"Mostra Fa\u00e7anes7\" data-src=\"https:\/\/mont-roig.cat\/wp-content\/uploadsArray\" \/>\n\t<a href=\"http:\/\/Array\" target=\"_self\"    >Mostra Fa\u00e7anes7<\/a>\n\n\t\t\t\t\t<div class=\"ms-info\">Mostra Fa\u00e7anes7<\/div>\n\n\n\t<img decoding=\"async\" class=\"ms-thumb\" src=\"https:\/\/mont-roig.cat\/wp-content\/uploadsArray\" alt=\"Mostra Fa\u00e7anes7\" \/>\n\t\t\t\t<\/div>\n\n\t\t\t<\/div>\n\t\t\t<!-- END MasterSlider Main -->\n\n\t\t\t \n\t\t<\/div>\n\t\t<!-- END MasterSlider -->\n\n\t\t<script>\n\t\t( window.MSReady = window.MSReady || [] ).push( function( $ ) {\n\n\t\t\t\"use strict\";\n\t\t\tvar masterslider_3514 = new MasterSlider();\n\n\t\t\t\/\/ slider controls\n\t\t\tmasterslider_3514.control('arrows'     ,{ autohide:true, overVideo:true  });\n\t\t\tmasterslider_3514.control('thumblist'  ,{ autohide:false, overVideo:true, dir:'h', speed:17, inset:false, arrows:false, hover:false, customClass:'', align:'bottom',type:'thumbs', margin:2, width:140, height:80, space:2, fillMode:'fill'  });\n\t\t\tmasterslider_3514.control('slideinfo'  ,{ autohide:true, overVideo:true, dir:'h', align:'bottom',inset:true , margin:80  , size:30 });\n\t\t\t\/\/ slider setup\n\t\t\tmasterslider_3514.setup(\"MS69f46399e3514\", {\n\t\t\t\twidth           : 960,\n\t\t\t\theight          : 540,\n\t\t\t\tminHeight       : 0,\n\t\t\t\tspace           : 0,\n\t\t\t\tstart           : 1,\n\t\t\t\tgrabCursor      : true,\n\t\t\t\tswipe           : true,\n\t\t\t\tmouse           : true,\n\t\t\t\tkeyboard        : false,\n\t\t\t\tlayout          : \"fillwidth\",\n\t\t\t\twheel           : false,\n\t\t\t\tautoplay        : false,\n                instantStartLayers:false,\n\t\t\t\tmobileBGVideo:false,\n\t\t\t\tloop            : false,\n\t\t\t\tshuffle         : false,\n\t\t\t\tpreload         : 3,\n\t\t\t\theightLimit     : false,\n\t\t\t\tautoHeight      : false,\n\t\t\t\tsmoothHeight    : true,\n\t\t\t\tendPause        : false,\n\t\t\t\toverPause       : false,\n\t\t\t\tfillMode        : \"fill\",\n\t\t\t\tcenterControls  : true,\n\t\t\t\tstartOnAppear   : false,\n\t\t\t\tlayersMode      : \"center\",\n\t\t\t\tautofillTarget  : \"\",\n\t\t\t\thideLayers      : false,\n\t\t\t\tfullscreenMargin: 0,\n\t\t\t\tspeed           : 17,\n\t\t\t\tdir             : \"h\",\n\t\t\t\tparallaxMode    : 'swipe',\n\t\t\t\tview            : \"basic\"\n\t\t\t});\n\n\t\t\t\n\t\t\twindow.masterslider_instances = window.masterslider_instances || [];\n\t\t\twindow.masterslider_instances.push( masterslider_3514 );\n\t\t});\n\t\t<\/script>\n\n\n","protected":false},"excerpt":{"rendered":"<p>El acto puso en valor la creatividad y la implicaci\u00f3n vecinal en la segunda edici\u00f3n de la Muestra de Fachadas Navide\u00f1as, con m\u00fasica en directo de A2DUO El Centre Polivalent de Miami Platja acogi\u00f3 ayer por la tarde el acto de entrega de los reconocimientos de la segunda edici\u00f3n de la Muestra de las Mejores [&hellip;]<\/p>\n","protected":false},"author":13,"featured_media":87776,"comment_status":"closed","ping_status":"closed","sticky":false,"template":"","format":"standard","meta":{"inline_featured_image":false,"_monsterinsights_skip_tracking":false,"_monsterinsights_sitenote_active":false,"_monsterinsights_sitenote_note":"","_monsterinsights_sitenote_category":0,"footnotes":""},"categories":[98,101],"tags":[],"class_list":["post-87784","post","type-post","status-publish","format-standard","has-post-thumbnail","hentry","category-ayuntamiento","category-cultura-es"],"yoast_head":"<!-- This site is optimized with the Yoast SEO plugin v27.4 - https:\/\/yoast.com\/product\/yoast-seo-wordpress\/ -->\n<title>El Centre Polivalent de Miami Platja acoge la entrega de los reconocimientos a las mejores fachadas de Navidad 2025 - Ajuntament de Mont-roig del Camp<\/title>\n<meta name=\"robots\" content=\"index, follow, max-snippet:-1, max-image-preview:large, max-video-preview:-1\" \/>\n<link rel=\"canonical\" href=\"https:\/\/mont-roig.cat\/es\/actualitat\/noticies\/el-centre-polivalent-de-miami-platja-acoge-la-entrega-de-los-reconocimientos-a-las-mejores-fachadas-de-navidad-2025\/\" \/>\n<meta property=\"og:locale\" content=\"es_ES\" \/>\n<meta property=\"og:type\" content=\"article\" \/>\n<meta property=\"og:title\" content=\"El Centre Polivalent de Miami Platja acoge la entrega de los reconocimientos a las mejores fachadas de Navidad 2025 - Ajuntament de Mont-roig del Camp\" \/>\n<meta property=\"og:description\" content=\"El acto puso en valor la creatividad y la implicaci\u00f3n vecinal en la segunda edici\u00f3n de la Muestra de Fachadas Navide\u00f1as, con m\u00fasica en directo de A2DUO El Centre Polivalent de Miami Platja acogi\u00f3 ayer por la tarde el acto de entrega de los reconocimientos de la segunda edici\u00f3n de la Muestra de las Mejores [&hellip;]\" \/>\n<meta property=\"og:url\" content=\"https:\/\/mont-roig.cat\/es\/actualitat\/noticies\/el-centre-polivalent-de-miami-platja-acoge-la-entrega-de-los-reconocimientos-a-las-mejores-fachadas-de-navidad-2025\/\" \/>\n<meta property=\"og:site_name\" content=\"Ajuntament de Mont-roig del Camp\" \/>\n<meta property=\"article:published_time\" content=\"2025-12-31T11:13:24+00:00\" \/>\n<meta property=\"article:modified_time\" content=\"2025-12-31T11:28:27+00:00\" \/>\n<meta property=\"og:image\" content=\"https:\/\/mont-roig.cat\/wp-content\/uploads\/Mostra-Facanes.jpeg\" \/>\n\t<meta property=\"og:image:width\" content=\"1600\" \/>\n\t<meta property=\"og:image:height\" content=\"1200\" \/>\n\t<meta property=\"og:image:type\" content=\"image\/jpeg\" \/>\n<meta name=\"author\" content=\"comunicacio\" \/>\n<meta name=\"twitter:card\" content=\"summary_large_image\" \/>\n<meta name=\"twitter:label1\" content=\"Escrito por\" \/>\n\t<meta name=\"twitter:data1\" content=\"comunicacio\" \/>\n\t<meta name=\"twitter:label2\" content=\"Tiempo de lectura\" \/>\n\t<meta name=\"twitter:data2\" content=\"3 minutos\" \/>\n<script type=\"application\/ld+json\" class=\"yoast-schema-graph\">{\"@context\":\"https:\\\/\\\/schema.org\",\"@graph\":[{\"@type\":\"Article\",\"@id\":\"https:\\\/\\\/mont-roig.cat\\\/es\\\/actualitat\\\/noticies\\\/el-centre-polivalent-de-miami-platja-acoge-la-entrega-de-los-reconocimientos-a-las-mejores-fachadas-de-navidad-2025\\\/#article\",\"isPartOf\":{\"@id\":\"https:\\\/\\\/mont-roig.cat\\\/es\\\/actualitat\\\/noticies\\\/el-centre-polivalent-de-miami-platja-acoge-la-entrega-de-los-reconocimientos-a-las-mejores-fachadas-de-navidad-2025\\\/\"},\"author\":{\"name\":\"comunicacio\",\"@id\":\"https:\\\/\\\/mont-roig.cat\\\/es\\\/#\\\/schema\\\/person\\\/1f73e7b5e6f9dd122e8a6f14f310ac5e\"},\"headline\":\"El Centre Polivalent de Miami Platja acoge la entrega de los reconocimientos a las mejores fachadas de Navidad 2025\",\"datePublished\":\"2025-12-31T11:13:24+00:00\",\"dateModified\":\"2025-12-31T11:28:27+00:00\",\"mainEntityOfPage\":{\"@id\":\"https:\\\/\\\/mont-roig.cat\\\/es\\\/actualitat\\\/noticies\\\/el-centre-polivalent-de-miami-platja-acoge-la-entrega-de-los-reconocimientos-a-las-mejores-fachadas-de-navidad-2025\\\/\"},\"wordCount\":381,\"image\":{\"@id\":\"https:\\\/\\\/mont-roig.cat\\\/es\\\/actualitat\\\/noticies\\\/el-centre-polivalent-de-miami-platja-acoge-la-entrega-de-los-reconocimientos-a-las-mejores-fachadas-de-navidad-2025\\\/#primaryimage\"},\"thumbnailUrl\":\"https:\\\/\\\/mont-roig.cat\\\/wp-content\\\/uploads\\\/Mostra-Facanes.jpeg\",\"articleSection\":[\"Ayuntamiento\",\"Cultura\"],\"inLanguage\":\"es\"},{\"@type\":\"WebPage\",\"@id\":\"https:\\\/\\\/mont-roig.cat\\\/es\\\/actualitat\\\/noticies\\\/el-centre-polivalent-de-miami-platja-acoge-la-entrega-de-los-reconocimientos-a-las-mejores-fachadas-de-navidad-2025\\\/\",\"url\":\"https:\\\/\\\/mont-roig.cat\\\/es\\\/actualitat\\\/noticies\\\/el-centre-polivalent-de-miami-platja-acoge-la-entrega-de-los-reconocimientos-a-las-mejores-fachadas-de-navidad-2025\\\/\",\"name\":\"El Centre Polivalent de Miami Platja acoge la entrega de los reconocimientos a las mejores fachadas de Navidad 2025 - Ajuntament de Mont-roig del Camp\",\"isPartOf\":{\"@id\":\"https:\\\/\\\/mont-roig.cat\\\/es\\\/#website\"},\"primaryImageOfPage\":{\"@id\":\"https:\\\/\\\/mont-roig.cat\\\/es\\\/actualitat\\\/noticies\\\/el-centre-polivalent-de-miami-platja-acoge-la-entrega-de-los-reconocimientos-a-las-mejores-fachadas-de-navidad-2025\\\/#primaryimage\"},\"image\":{\"@id\":\"https:\\\/\\\/mont-roig.cat\\\/es\\\/actualitat\\\/noticies\\\/el-centre-polivalent-de-miami-platja-acoge-la-entrega-de-los-reconocimientos-a-las-mejores-fachadas-de-navidad-2025\\\/#primaryimage\"},\"thumbnailUrl\":\"https:\\\/\\\/mont-roig.cat\\\/wp-content\\\/uploads\\\/Mostra-Facanes.jpeg\",\"datePublished\":\"2025-12-31T11:13:24+00:00\",\"dateModified\":\"2025-12-31T11:28:27+00:00\",\"author\":{\"@id\":\"https:\\\/\\\/mont-roig.cat\\\/es\\\/#\\\/schema\\\/person\\\/1f73e7b5e6f9dd122e8a6f14f310ac5e\"},\"breadcrumb\":{\"@id\":\"https:\\\/\\\/mont-roig.cat\\\/es\\\/actualitat\\\/noticies\\\/el-centre-polivalent-de-miami-platja-acoge-la-entrega-de-los-reconocimientos-a-las-mejores-fachadas-de-navidad-2025\\\/#breadcrumb\"},\"inLanguage\":\"es\",\"potentialAction\":[{\"@type\":\"ReadAction\",\"target\":[\"https:\\\/\\\/mont-roig.cat\\\/es\\\/actualitat\\\/noticies\\\/el-centre-polivalent-de-miami-platja-acoge-la-entrega-de-los-reconocimientos-a-las-mejores-fachadas-de-navidad-2025\\\/\"]}]},{\"@type\":\"ImageObject\",\"inLanguage\":\"es\",\"@id\":\"https:\\\/\\\/mont-roig.cat\\\/es\\\/actualitat\\\/noticies\\\/el-centre-polivalent-de-miami-platja-acoge-la-entrega-de-los-reconocimientos-a-las-mejores-fachadas-de-navidad-2025\\\/#primaryimage\",\"url\":\"https:\\\/\\\/mont-roig.cat\\\/wp-content\\\/uploads\\\/Mostra-Facanes.jpeg\",\"contentUrl\":\"https:\\\/\\\/mont-roig.cat\\\/wp-content\\\/uploads\\\/Mostra-Facanes.jpeg\",\"width\":1600,\"height\":1200},{\"@type\":\"BreadcrumbList\",\"@id\":\"https:\\\/\\\/mont-roig.cat\\\/es\\\/actualitat\\\/noticies\\\/el-centre-polivalent-de-miami-platja-acoge-la-entrega-de-los-reconocimientos-a-las-mejores-fachadas-de-navidad-2025\\\/#breadcrumb\",\"itemListElement\":[{\"@type\":\"ListItem\",\"position\":1,\"name\":\"Inici\",\"item\":\"https:\\\/\\\/mont-roig.cat\\\/es\\\/pagina-de-inicio\\\/\"},{\"@type\":\"ListItem\",\"position\":2,\"name\":\"El Centre Polivalent de Miami Platja acoge la entrega de los reconocimientos a las mejores fachadas de Navidad 2025\"}]},{\"@type\":\"WebSite\",\"@id\":\"https:\\\/\\\/mont-roig.cat\\\/es\\\/#website\",\"url\":\"https:\\\/\\\/mont-roig.cat\\\/es\\\/\",\"name\":\"Ajuntament de Mont-roig del Camp\",\"description\":\"Tota la informaci\u00f3 sobre la instituci\u00f3, els seus \u00f2rgans de govern, actualitat, serveis i molt m\u00e9s.\",\"potentialAction\":[{\"@type\":\"SearchAction\",\"target\":{\"@type\":\"EntryPoint\",\"urlTemplate\":\"https:\\\/\\\/mont-roig.cat\\\/es\\\/?s={search_term_string}\"},\"query-input\":{\"@type\":\"PropertyValueSpecification\",\"valueRequired\":true,\"valueName\":\"search_term_string\"}}],\"inLanguage\":\"es\"},{\"@type\":\"Person\",\"@id\":\"https:\\\/\\\/mont-roig.cat\\\/es\\\/#\\\/schema\\\/person\\\/1f73e7b5e6f9dd122e8a6f14f310ac5e\",\"name\":\"comunicacio\",\"image\":{\"@type\":\"ImageObject\",\"inLanguage\":\"es\",\"@id\":\"https:\\\/\\\/secure.gravatar.com\\\/avatar\\\/98944333e7a877670a64f8d10f0cb680ab2c9ebc4efc43945ef004b52b5ad28c?s=96&d=mm&r=g\",\"url\":\"https:\\\/\\\/secure.gravatar.com\\\/avatar\\\/98944333e7a877670a64f8d10f0cb680ab2c9ebc4efc43945ef004b52b5ad28c?s=96&d=mm&r=g\",\"contentUrl\":\"https:\\\/\\\/secure.gravatar.com\\\/avatar\\\/98944333e7a877670a64f8d10f0cb680ab2c9ebc4efc43945ef004b52b5ad28c?s=96&d=mm&r=g\",\"caption\":\"comunicacio\"},\"url\":\"https:\\\/\\\/mont-roig.cat\\\/es\\\/actualitat\\\/noticies\\\/author\\\/comunicacio\\\/\"}]}<\/script>\n<!-- \/ Yoast SEO plugin. -->","yoast_head_json":{"title":"El Centre Polivalent de Miami Platja acoge la entrega de los reconocimientos a las mejores fachadas de Navidad 2025 - Ajuntament de Mont-roig del Camp","robots":{"index":"index","follow":"follow","max-snippet":"max-snippet:-1","max-image-preview":"max-image-preview:large","max-video-preview":"max-video-preview:-1"},"canonical":"https:\/\/mont-roig.cat\/es\/actualitat\/noticies\/el-centre-polivalent-de-miami-platja-acoge-la-entrega-de-los-reconocimientos-a-las-mejores-fachadas-de-navidad-2025\/","og_locale":"es_ES","og_type":"article","og_title":"El Centre Polivalent de Miami Platja acoge la entrega de los reconocimientos a las mejores fachadas de Navidad 2025 - Ajuntament de Mont-roig del Camp","og_description":"El acto puso en valor la creatividad y la implicaci\u00f3n vecinal en la segunda edici\u00f3n de la Muestra de Fachadas Navide\u00f1as, con m\u00fasica en directo de A2DUO El Centre Polivalent de Miami Platja acogi\u00f3 ayer por la tarde el acto de entrega de los reconocimientos de la segunda edici\u00f3n de la Muestra de las Mejores [&hellip;]","og_url":"https:\/\/mont-roig.cat\/es\/actualitat\/noticies\/el-centre-polivalent-de-miami-platja-acoge-la-entrega-de-los-reconocimientos-a-las-mejores-fachadas-de-navidad-2025\/","og_site_name":"Ajuntament de Mont-roig del Camp","article_published_time":"2025-12-31T11:13:24+00:00","article_modified_time":"2025-12-31T11:28:27+00:00","og_image":[{"width":1600,"height":1200,"url":"https:\/\/mont-roig.cat\/wp-content\/uploads\/Mostra-Facanes.jpeg","type":"image\/jpeg"}],"author":"comunicacio","twitter_card":"summary_large_image","twitter_misc":{"Escrito por":"comunicacio","Tiempo de lectura":"3 minutos"},"schema":{"@context":"https:\/\/schema.org","@graph":[{"@type":"Article","@id":"https:\/\/mont-roig.cat\/es\/actualitat\/noticies\/el-centre-polivalent-de-miami-platja-acoge-la-entrega-de-los-reconocimientos-a-las-mejores-fachadas-de-navidad-2025\/#article","isPartOf":{"@id":"https:\/\/mont-roig.cat\/es\/actualitat\/noticies\/el-centre-polivalent-de-miami-platja-acoge-la-entrega-de-los-reconocimientos-a-las-mejores-fachadas-de-navidad-2025\/"},"author":{"name":"comunicacio","@id":"https:\/\/mont-roig.cat\/es\/#\/schema\/person\/1f73e7b5e6f9dd122e8a6f14f310ac5e"},"headline":"El Centre Polivalent de Miami Platja acoge la entrega de los reconocimientos a las mejores fachadas de Navidad 2025","datePublished":"2025-12-31T11:13:24+00:00","dateModified":"2025-12-31T11:28:27+00:00","mainEntityOfPage":{"@id":"https:\/\/mont-roig.cat\/es\/actualitat\/noticies\/el-centre-polivalent-de-miami-platja-acoge-la-entrega-de-los-reconocimientos-a-las-mejores-fachadas-de-navidad-2025\/"},"wordCount":381,"image":{"@id":"https:\/\/mont-roig.cat\/es\/actualitat\/noticies\/el-centre-polivalent-de-miami-platja-acoge-la-entrega-de-los-reconocimientos-a-las-mejores-fachadas-de-navidad-2025\/#primaryimage"},"thumbnailUrl":"https:\/\/mont-roig.cat\/wp-content\/uploads\/Mostra-Facanes.jpeg","articleSection":["Ayuntamiento","Cultura"],"inLanguage":"es"},{"@type":"WebPage","@id":"https:\/\/mont-roig.cat\/es\/actualitat\/noticies\/el-centre-polivalent-de-miami-platja-acoge-la-entrega-de-los-reconocimientos-a-las-mejores-fachadas-de-navidad-2025\/","url":"https:\/\/mont-roig.cat\/es\/actualitat\/noticies\/el-centre-polivalent-de-miami-platja-acoge-la-entrega-de-los-reconocimientos-a-las-mejores-fachadas-de-navidad-2025\/","name":"El Centre Polivalent de Miami Platja acoge la entrega de los reconocimientos a las mejores fachadas de Navidad 2025 - Ajuntament de Mont-roig del Camp","isPartOf":{"@id":"https:\/\/mont-roig.cat\/es\/#website"},"primaryImageOfPage":{"@id":"https:\/\/mont-roig.cat\/es\/actualitat\/noticies\/el-centre-polivalent-de-miami-platja-acoge-la-entrega-de-los-reconocimientos-a-las-mejores-fachadas-de-navidad-2025\/#primaryimage"},"image":{"@id":"https:\/\/mont-roig.cat\/es\/actualitat\/noticies\/el-centre-polivalent-de-miami-platja-acoge-la-entrega-de-los-reconocimientos-a-las-mejores-fachadas-de-navidad-2025\/#primaryimage"},"thumbnailUrl":"https:\/\/mont-roig.cat\/wp-content\/uploads\/Mostra-Facanes.jpeg","datePublished":"2025-12-31T11:13:24+00:00","dateModified":"2025-12-31T11:28:27+00:00","author":{"@id":"https:\/\/mont-roig.cat\/es\/#\/schema\/person\/1f73e7b5e6f9dd122e8a6f14f310ac5e"},"breadcrumb":{"@id":"https:\/\/mont-roig.cat\/es\/actualitat\/noticies\/el-centre-polivalent-de-miami-platja-acoge-la-entrega-de-los-reconocimientos-a-las-mejores-fachadas-de-navidad-2025\/#breadcrumb"},"inLanguage":"es","potentialAction":[{"@type":"ReadAction","target":["https:\/\/mont-roig.cat\/es\/actualitat\/noticies\/el-centre-polivalent-de-miami-platja-acoge-la-entrega-de-los-reconocimientos-a-las-mejores-fachadas-de-navidad-2025\/"]}]},{"@type":"ImageObject","inLanguage":"es","@id":"https:\/\/mont-roig.cat\/es\/actualitat\/noticies\/el-centre-polivalent-de-miami-platja-acoge-la-entrega-de-los-reconocimientos-a-las-mejores-fachadas-de-navidad-2025\/#primaryimage","url":"https:\/\/mont-roig.cat\/wp-content\/uploads\/Mostra-Facanes.jpeg","contentUrl":"https:\/\/mont-roig.cat\/wp-content\/uploads\/Mostra-Facanes.jpeg","width":1600,"height":1200},{"@type":"BreadcrumbList","@id":"https:\/\/mont-roig.cat\/es\/actualitat\/noticies\/el-centre-polivalent-de-miami-platja-acoge-la-entrega-de-los-reconocimientos-a-las-mejores-fachadas-de-navidad-2025\/#breadcrumb","itemListElement":[{"@type":"ListItem","position":1,"name":"Inici","item":"https:\/\/mont-roig.cat\/es\/pagina-de-inicio\/"},{"@type":"ListItem","position":2,"name":"El Centre Polivalent de Miami Platja acoge la entrega de los reconocimientos a las mejores fachadas de Navidad 2025"}]},{"@type":"WebSite","@id":"https:\/\/mont-roig.cat\/es\/#website","url":"https:\/\/mont-roig.cat\/es\/","name":"Ajuntament de Mont-roig del Camp","description":"Tota la informaci\u00f3 sobre la instituci\u00f3, els seus \u00f2rgans de govern, actualitat, serveis i molt m\u00e9s.","potentialAction":[{"@type":"SearchAction","target":{"@type":"EntryPoint","urlTemplate":"https:\/\/mont-roig.cat\/es\/?s={search_term_string}"},"query-input":{"@type":"PropertyValueSpecification","valueRequired":true,"valueName":"search_term_string"}}],"inLanguage":"es"},{"@type":"Person","@id":"https:\/\/mont-roig.cat\/es\/#\/schema\/person\/1f73e7b5e6f9dd122e8a6f14f310ac5e","name":"comunicacio","image":{"@type":"ImageObject","inLanguage":"es","@id":"https:\/\/secure.gravatar.com\/avatar\/98944333e7a877670a64f8d10f0cb680ab2c9ebc4efc43945ef004b52b5ad28c?s=96&d=mm&r=g","url":"https:\/\/secure.gravatar.com\/avatar\/98944333e7a877670a64f8d10f0cb680ab2c9ebc4efc43945ef004b52b5ad28c?s=96&d=mm&r=g","contentUrl":"https:\/\/secure.gravatar.com\/avatar\/98944333e7a877670a64f8d10f0cb680ab2c9ebc4efc43945ef004b52b5ad28c?s=96&d=mm&r=g","caption":"comunicacio"},"url":"https:\/\/mont-roig.cat\/es\/actualitat\/noticies\/author\/comunicacio\/"}]}},"_links":{"self":[{"href":"https:\/\/mont-roig.cat\/es\/wp-json\/wp\/v2\/posts\/87784","targetHints":{"allow":["GET"]}}],"collection":[{"href":"https:\/\/mont-roig.cat\/es\/wp-json\/wp\/v2\/posts"}],"about":[{"href":"https:\/\/mont-roig.cat\/es\/wp-json\/wp\/v2\/types\/post"}],"author":[{"embeddable":true,"href":"https:\/\/mont-roig.cat\/es\/wp-json\/wp\/v2\/users\/13"}],"replies":[{"embeddable":true,"href":"https:\/\/mont-roig.cat\/es\/wp-json\/wp\/v2\/comments?post=87784"}],"version-history":[{"count":1,"href":"https:\/\/mont-roig.cat\/es\/wp-json\/wp\/v2\/posts\/87784\/revisions"}],"predecessor-version":[{"id":87785,"href":"https:\/\/mont-roig.cat\/es\/wp-json\/wp\/v2\/posts\/87784\/revisions\/87785"}],"wp:featuredmedia":[{"embeddable":true,"href":"https:\/\/mont-roig.cat\/es\/wp-json\/wp\/v2\/media\/87776"}],"wp:attachment":[{"href":"https:\/\/mont-roig.cat\/es\/wp-json\/wp\/v2\/media?parent=87784"}],"wp:term":[{"taxonomy":"category","embeddable":true,"href":"https:\/\/mont-roig.cat\/es\/wp-json\/wp\/v2\/categories?post=87784"},{"taxonomy":"post_tag","embeddable":true,"href":"https:\/\/mont-roig.cat\/es\/wp-json\/wp\/v2\/tags?post=87784"}],"curies":[{"name":"wp","href":"https:\/\/api.w.org\/{rel}","templated":true}]}}