{"id":87817,"date":"2025-12-31T12:34:48","date_gmt":"2025-12-31T11:34:48","guid":{"rendered":"https:\/\/mont-roig.cat\/actualitat\/noticies\/mont-roig-del-camp-i-miami-platja-donen-la-benvinguda-als-nadons-nascuts-al-municipi-durant-el-2025\/"},"modified":"2025-12-31T12:40:26","modified_gmt":"2025-12-31T11:40:26","slug":"mont-roig-del-camp-y-miami-platja-dan-la-bienvenida-a-los-bebes-nacidos-en-el-municipio-durante-2025","status":"publish","type":"post","link":"https:\/\/mont-roig.cat\/es\/actualitat\/noticies\/mont-roig-del-camp-y-miami-platja-dan-la-bienvenida-a-los-bebes-nacidos-en-el-municipio-durante-2025\/","title":{"rendered":"Mont-roig del Camp y Miami Platja dan la bienvenida a los beb\u00e9s nacidos en el municipio durante 2025"},"content":{"rendered":"<p><strong><strong><a href=\"https:\/\/mont-roig.cat\/wp-content\/uploads\/nadons3-1.jpeg\"><img loading=\"lazy\" decoding=\"async\" class=\"alignright wp-image-87805\" src=\"https:\/\/mont-roig.cat\/wp-content\/uploads\/nadons3-1-500x375.jpeg\" alt=\"\" width=\"303\" height=\"227\" srcset=\"https:\/\/mont-roig.cat\/wp-content\/uploads\/nadons3-1-500x375.jpeg 500w, https:\/\/mont-roig.cat\/wp-content\/uploads\/nadons3-1-1024x768.jpeg 1024w, https:\/\/mont-roig.cat\/wp-content\/uploads\/nadons3-1-768x576.jpeg 768w, https:\/\/mont-roig.cat\/wp-content\/uploads\/nadons3-1-1536x1152.jpeg 1536w, https:\/\/mont-roig.cat\/wp-content\/uploads\/nadons3-1-463x348.jpeg 463w, https:\/\/mont-roig.cat\/wp-content\/uploads\/nadons3-1.jpeg 1600w\" sizes=\"auto, (max-width: 303px) 100vw, 303px\" \/><\/a><\/strong><\/strong><\/p>\n<ul>\n<li data-start=\"257\" data-end=\"360\"><strong>Los actos han reunido a familias y representantes municipales en dos encuentros emotivos y familiares<\/strong><\/li>\n<\/ul>\n<p data-start=\"362\" data-end=\"697\">El Ayuntamiento de Mont-roig del Camp ha celebrado recientemente los actos de bienvenida a los beb\u00e9s del municipio, dos encuentros emotivos que han tenido lugar en Miami Platja y en Mont-roig del Camp con el objetivo de dar la bienvenida a los ni\u00f1os y ni\u00f1as nacidos durante el a\u00f1o 2025 y compartir un momento especial con sus familias.<\/p>\n<p data-start=\"699\" data-end=\"1374\">El primer acto se celebr\u00f3 el 22 de diciembre en el Polideportivo de Miami Platja, donde el alcalde Fran Morancho dirigi\u00f3 unas palabras a las familias, destacando la importancia de seguir haciendo crecer el municipio y poniendo en valor el dinamismo demogr\u00e1fico de Mont-roig del Camp, uno de los municipios con mayor crecimiento de Catalu\u00f1a. Durante el acto, los concejales y concejalas presentes entregaron un detalle conmemorativo a las familias de los 85 beb\u00e9s nacidos el \u00faltimo a\u00f1o. La jornada cont\u00f3 tambi\u00e9n con la participaci\u00f3n de la Momi, que entreg\u00f3 un obsequio a Alma Garcia, ganadora del concurso de dibujo de la Festa de la Inf\u00e0ncia del a\u00f1o anterior.<\/p>\n<p data-start=\"1376\" data-end=\"1925\" data-is-last-node=\"\" data-is-only-node=\"\">Posteriormente, en Mont-roig del Camp, tuvo lugar la Festa dels Nadons, un encuentro con un ambiente cercano y familiar que reuni\u00f3 a las familias de los ni\u00f1os y ni\u00f1as nacidos en el municipio durante 2025. En esta ocasi\u00f3n, la alcaldesa en funciones, Cristina Llorens, dirigi\u00f3 unas palabras a los padres y madres para felicitarlos y dar la bienvenida a los ni\u00f1os y ni\u00f1as que se incorporan a la vida del municipio. El acto se cerr\u00f3 con una fotograf\u00eda de familia, con la participaci\u00f3n de la Momi, que aport\u00f3 el toque m\u00e1s tierno al encuentro.<\/p>\n\n\t\t<!-- MasterSlider -->\n\t\t<div id=\"P_MS69f2e7ac5a969\" class=\"master-slider-parent master-slider-gallery   ms-parent-id-0\"  >\n\n\t\t\t\n\t\t\t<!-- MasterSlider Main -->\n\t\t\t<div id=\"MS69f2e7ac5a969\" class=\"master-slider ms-skin-default\" >\n\t\t\t\t \t\t\t\t \n\t\t\t<div  class=\"ms-slide\" data-delay=\"3\"    >\n\t\t\t\t\t<img decoding=\"async\" src=\"https:\/\/mont-roig.cat\/wp-content\/plugins\/masterslider\/public\/assets\/css\/blank.gif\" alt=\"nadons mont-roig 5\" title=\"nadons mont-roig 5\" data-src=\"https:\/\/mont-roig.cat\/wp-content\/uploadsArray\" \/>\n\t<a href=\"http:\/\/Array\" target=\"_self\"    >nadons mont-roig 5<\/a>\n\n\t\t\t\t\t<div class=\"ms-info\">nadons mont-roig 5<\/div>\n\n\n\t<img decoding=\"async\" class=\"ms-thumb\" src=\"https:\/\/mont-roig.cat\/wp-content\/uploadsArray\" alt=\"nadons mont-roig 5\" \/>\n\t\t\t\t<\/div>\n\t\t\t<div  class=\"ms-slide\" data-delay=\"3\"    >\n\t\t\t\t\t<img decoding=\"async\" src=\"https:\/\/mont-roig.cat\/wp-content\/plugins\/masterslider\/public\/assets\/css\/blank.gif\" alt=\"nadons2\" title=\"nadons2\" data-src=\"https:\/\/mont-roig.cat\/wp-content\/uploadsArray\" \/>\n\t<a href=\"http:\/\/Array\" target=\"_self\"    >nadons2<\/a>\n\n\t\t\t\t\t<div class=\"ms-info\">nadons2<\/div>\n\n\n\t<img decoding=\"async\" class=\"ms-thumb\" src=\"https:\/\/mont-roig.cat\/wp-content\/uploadsArray\" alt=\"nadons2\" \/>\n\t\t\t\t<\/div>\n\t\t\t<div  class=\"ms-slide\" data-delay=\"3\"    >\n\t\t\t\t\t<img decoding=\"async\" src=\"https:\/\/mont-roig.cat\/wp-content\/plugins\/masterslider\/public\/assets\/css\/blank.gif\" alt=\"Sin t\u00edtulo\" title=\"Sin t\u00edtulo\" data-src=\"https:\/\/mont-roig.cat\/wp-content\/uploadsArray\" \/>\n\t<a href=\"http:\/\/Array\" target=\"_self\"    >Sin t\u00edtulo<\/a>\n\n\t\t\t\t\t<div class=\"ms-info\">Sin t\u00edtulo<\/div>\n\n\n\t<img decoding=\"async\" class=\"ms-thumb\" src=\"https:\/\/mont-roig.cat\/wp-content\/uploadsArray\" alt=\"Sin t\u00edtulo\" \/>\n\t\t\t\t<\/div>\n\t\t\t<div  class=\"ms-slide\" data-delay=\"3\"    >\n\t\t\t\t\t<img decoding=\"async\" src=\"https:\/\/mont-roig.cat\/wp-content\/plugins\/masterslider\/public\/assets\/css\/blank.gif\" alt=\"ag\" title=\"ag\" data-src=\"https:\/\/mont-roig.cat\/wp-content\/uploadsArray\" \/>\n\t<a href=\"http:\/\/Array\" target=\"_self\"    >ag<\/a>\n\n\t\t\t\t\t<div class=\"ms-info\">ag<\/div>\n\n\n\t<img decoding=\"async\" class=\"ms-thumb\" src=\"https:\/\/mont-roig.cat\/wp-content\/uploadsArray\" alt=\"ag\" \/>\n\t\t\t\t<\/div>\n\t\t\t<div  class=\"ms-slide\" data-delay=\"3\"    >\n\t\t\t\t\t<img decoding=\"async\" src=\"https:\/\/mont-roig.cat\/wp-content\/plugins\/masterslider\/public\/assets\/css\/blank.gif\" alt=\"miami pixel\" title=\"miami pixel\" data-src=\"https:\/\/mont-roig.cat\/wp-content\/uploadsArray\" \/>\n\t<a href=\"http:\/\/Array\" target=\"_self\"    >miami pixel<\/a>\n\n\t\t\t\t\t<div class=\"ms-info\">miami pixel<\/div>\n\n\n\t<img decoding=\"async\" class=\"ms-thumb\" src=\"https:\/\/mont-roig.cat\/wp-content\/uploadsArray\" alt=\"miami pixel\" \/>\n\t\t\t\t<\/div>\n\t\t\t<div  class=\"ms-slide\" data-delay=\"3\"    >\n\t\t\t\t\t<img decoding=\"async\" src=\"https:\/\/mont-roig.cat\/wp-content\/plugins\/masterslider\/public\/assets\/css\/blank.gif\" alt=\"nadons mont-ropig4\" title=\"nadons mont-ropig4\" data-src=\"https:\/\/mont-roig.cat\/wp-content\/uploadsArray\" \/>\n\t<a href=\"http:\/\/Array\" target=\"_self\"    >nadons mont-ropig4<\/a>\n\n\t\t\t\t\t<div class=\"ms-info\">nadons mont-ropig4<\/div>\n\n\n\t<img decoding=\"async\" class=\"ms-thumb\" src=\"https:\/\/mont-roig.cat\/wp-content\/uploadsArray\" alt=\"nadons mont-ropig4\" \/>\n\t\t\t\t<\/div>\n\t\t\t<div  class=\"ms-slide\" data-delay=\"3\"    >\n\t\t\t\t\t<img decoding=\"async\" src=\"https:\/\/mont-roig.cat\/wp-content\/plugins\/masterslider\/public\/assets\/css\/blank.gif\" alt=\"nadons mont-ropig4\" title=\"nadons mont-ropig4\" data-src=\"https:\/\/mont-roig.cat\/wp-content\/uploadsArray\" \/>\n\t<a href=\"http:\/\/Array\" target=\"_self\"    >nadons mont-ropig4<\/a>\n\n\t\t\t\t\t<div class=\"ms-info\">nadons mont-ropig4<\/div>\n\n\n\t<img decoding=\"async\" class=\"ms-thumb\" src=\"https:\/\/mont-roig.cat\/wp-content\/uploadsArray\" alt=\"nadons mont-ropig4\" \/>\n\t\t\t\t<\/div>\n\t\t\t<div  class=\"ms-slide\" data-delay=\"3\"    >\n\t\t\t\t\t<img decoding=\"async\" src=\"https:\/\/mont-roig.cat\/wp-content\/plugins\/masterslider\/public\/assets\/css\/blank.gif\" alt=\"nadons mont-roig\" title=\"nadons mont-roig\" data-src=\"https:\/\/mont-roig.cat\/wp-content\/uploadsArray\" \/>\n\t<a href=\"http:\/\/Array\" target=\"_self\"    >nadons mont-roig<\/a>\n\n\t\t\t\t\t<div class=\"ms-info\">nadons mont-roig<\/div>\n\n\n\t<img decoding=\"async\" class=\"ms-thumb\" src=\"https:\/\/mont-roig.cat\/wp-content\/uploadsArray\" alt=\"nadons mont-roig\" \/>\n\t\t\t\t<\/div>\n\n\t\t\t<\/div>\n\t\t\t<!-- END MasterSlider Main -->\n\n\t\t\t \n\t\t<\/div>\n\t\t<!-- END MasterSlider -->\n\n\t\t<script>\n\t\t( window.MSReady = window.MSReady || [] ).push( function( $ ) {\n\n\t\t\t\"use strict\";\n\t\t\tvar masterslider_a969 = new MasterSlider();\n\n\t\t\t\/\/ slider controls\n\t\t\tmasterslider_a969.control('arrows'     ,{ autohide:true, overVideo:true  });\n\t\t\tmasterslider_a969.control('thumblist'  ,{ autohide:false, overVideo:true, dir:'h', speed:17, inset:false, arrows:false, hover:false, customClass:'', align:'bottom',type:'thumbs', margin:2, width:140, height:80, space:2, fillMode:'fill'  });\n\t\t\tmasterslider_a969.control('slideinfo'  ,{ autohide:true, overVideo:true, dir:'h', align:'bottom',inset:true , margin:80  , size:30 });\n\t\t\t\/\/ slider setup\n\t\t\tmasterslider_a969.setup(\"MS69f2e7ac5a969\", {\n\t\t\t\twidth           : 960,\n\t\t\t\theight          : 540,\n\t\t\t\tminHeight       : 0,\n\t\t\t\tspace           : 0,\n\t\t\t\tstart           : 1,\n\t\t\t\tgrabCursor      : true,\n\t\t\t\tswipe           : true,\n\t\t\t\tmouse           : true,\n\t\t\t\tkeyboard        : false,\n\t\t\t\tlayout          : \"fillwidth\",\n\t\t\t\twheel           : false,\n\t\t\t\tautoplay        : false,\n                instantStartLayers:false,\n\t\t\t\tmobileBGVideo:false,\n\t\t\t\tloop            : false,\n\t\t\t\tshuffle         : false,\n\t\t\t\tpreload         : 3,\n\t\t\t\theightLimit     : false,\n\t\t\t\tautoHeight      : false,\n\t\t\t\tsmoothHeight    : true,\n\t\t\t\tendPause        : false,\n\t\t\t\toverPause       : false,\n\t\t\t\tfillMode        : \"fill\",\n\t\t\t\tcenterControls  : true,\n\t\t\t\tstartOnAppear   : false,\n\t\t\t\tlayersMode      : \"center\",\n\t\t\t\tautofillTarget  : \"\",\n\t\t\t\thideLayers      : false,\n\t\t\t\tfullscreenMargin: 0,\n\t\t\t\tspeed           : 17,\n\t\t\t\tdir             : \"h\",\n\t\t\t\tparallaxMode    : 'swipe',\n\t\t\t\tview            : \"basic\"\n\t\t\t});\n\n\t\t\t\n\t\t\twindow.masterslider_instances = window.masterslider_instances || [];\n\t\t\twindow.masterslider_instances.push( masterslider_a969 );\n\t\t});\n\t\t<\/script>\n\n\n","protected":false},"excerpt":{"rendered":"<p>Los actos han reunido a familias y representantes municipales en dos encuentros emotivos y familiares El Ayuntamiento de Mont-roig del Camp ha celebrado recientemente los actos de bienvenida a los beb\u00e9s del municipio, dos encuentros emotivos que han tenido lugar en Miami Platja y en Mont-roig del Camp con el objetivo de dar la bienvenida [&hellip;]<\/p>\n","protected":false},"author":13,"featured_media":87807,"comment_status":"closed","ping_status":"closed","sticky":false,"template":"","format":"standard","meta":{"inline_featured_image":false,"_monsterinsights_skip_tracking":false,"_monsterinsights_sitenote_active":false,"_monsterinsights_sitenote_note":"","_monsterinsights_sitenote_category":0,"footnotes":""},"categories":[156,98],"tags":[],"class_list":["post-87817","post","type-post","status-publish","format-standard","has-post-thumbnail","hentry","category-alcalde-es","category-ayuntamiento"],"yoast_head":"<!-- This site is optimized with the Yoast SEO plugin v27.4 - https:\/\/yoast.com\/product\/yoast-seo-wordpress\/ -->\n<title>Mont-roig del Camp y Miami Platja dan la bienvenida a los beb\u00e9s nacidos en el municipio durante 2025 - Ajuntament de Mont-roig del Camp<\/title>\n<meta name=\"robots\" content=\"index, follow, max-snippet:-1, max-image-preview:large, max-video-preview:-1\" \/>\n<link rel=\"canonical\" href=\"https:\/\/mont-roig.cat\/es\/actualitat\/noticies\/mont-roig-del-camp-y-miami-platja-dan-la-bienvenida-a-los-bebes-nacidos-en-el-municipio-durante-2025\/\" \/>\n<meta property=\"og:locale\" content=\"es_ES\" \/>\n<meta property=\"og:type\" content=\"article\" \/>\n<meta property=\"og:title\" content=\"Mont-roig del Camp y Miami Platja dan la bienvenida a los beb\u00e9s nacidos en el municipio durante 2025 - Ajuntament de Mont-roig del Camp\" \/>\n<meta property=\"og:description\" content=\"Los actos han reunido a familias y representantes municipales en dos encuentros emotivos y familiares El Ayuntamiento de Mont-roig del Camp ha celebrado recientemente los actos de bienvenida a los beb\u00e9s del municipio, dos encuentros emotivos que han tenido lugar en Miami Platja y en Mont-roig del Camp con el objetivo de dar la bienvenida [&hellip;]\" \/>\n<meta property=\"og:url\" content=\"https:\/\/mont-roig.cat\/es\/actualitat\/noticies\/mont-roig-del-camp-y-miami-platja-dan-la-bienvenida-a-los-bebes-nacidos-en-el-municipio-durante-2025\/\" \/>\n<meta property=\"og:site_name\" content=\"Ajuntament de Mont-roig del Camp\" \/>\n<meta property=\"article:published_time\" content=\"2025-12-31T11:34:48+00:00\" \/>\n<meta property=\"article:modified_time\" content=\"2025-12-31T11:40:26+00:00\" \/>\n<meta property=\"og:image\" content=\"https:\/\/mont-roig.cat\/wp-content\/uploads\/nadons3-1.jpeg\" \/>\n\t<meta property=\"og:image:width\" content=\"1600\" \/>\n\t<meta property=\"og:image:height\" content=\"1200\" \/>\n\t<meta property=\"og:image:type\" content=\"image\/jpeg\" \/>\n<meta name=\"author\" content=\"comunicacio\" \/>\n<meta name=\"twitter:card\" content=\"summary_large_image\" \/>\n<meta name=\"twitter:label1\" content=\"Escrito por\" \/>\n\t<meta name=\"twitter:data1\" content=\"comunicacio\" \/>\n\t<meta name=\"twitter:label2\" content=\"Tiempo de lectura\" \/>\n\t<meta name=\"twitter:data2\" content=\"2 minutos\" \/>\n<script type=\"application\/ld+json\" class=\"yoast-schema-graph\">{\"@context\":\"https:\\\/\\\/schema.org\",\"@graph\":[{\"@type\":\"Article\",\"@id\":\"https:\\\/\\\/mont-roig.cat\\\/es\\\/actualitat\\\/noticies\\\/mont-roig-del-camp-y-miami-platja-dan-la-bienvenida-a-los-bebes-nacidos-en-el-municipio-durante-2025\\\/#article\",\"isPartOf\":{\"@id\":\"https:\\\/\\\/mont-roig.cat\\\/es\\\/actualitat\\\/noticies\\\/mont-roig-del-camp-y-miami-platja-dan-la-bienvenida-a-los-bebes-nacidos-en-el-municipio-durante-2025\\\/\"},\"author\":{\"name\":\"comunicacio\",\"@id\":\"https:\\\/\\\/mont-roig.cat\\\/es\\\/#\\\/schema\\\/person\\\/1f73e7b5e6f9dd122e8a6f14f310ac5e\"},\"headline\":\"Mont-roig del Camp y Miami Platja dan la bienvenida a los beb\u00e9s nacidos en el municipio durante 2025\",\"datePublished\":\"2025-12-31T11:34:48+00:00\",\"dateModified\":\"2025-12-31T11:40:26+00:00\",\"mainEntityOfPage\":{\"@id\":\"https:\\\/\\\/mont-roig.cat\\\/es\\\/actualitat\\\/noticies\\\/mont-roig-del-camp-y-miami-platja-dan-la-bienvenida-a-los-bebes-nacidos-en-el-municipio-durante-2025\\\/\"},\"wordCount\":320,\"image\":{\"@id\":\"https:\\\/\\\/mont-roig.cat\\\/es\\\/actualitat\\\/noticies\\\/mont-roig-del-camp-y-miami-platja-dan-la-bienvenida-a-los-bebes-nacidos-en-el-municipio-durante-2025\\\/#primaryimage\"},\"thumbnailUrl\":\"https:\\\/\\\/mont-roig.cat\\\/wp-content\\\/uploads\\\/nadons3-1.jpeg\",\"articleSection\":[\"Alcalde\",\"Ayuntamiento\"],\"inLanguage\":\"es\"},{\"@type\":\"WebPage\",\"@id\":\"https:\\\/\\\/mont-roig.cat\\\/es\\\/actualitat\\\/noticies\\\/mont-roig-del-camp-y-miami-platja-dan-la-bienvenida-a-los-bebes-nacidos-en-el-municipio-durante-2025\\\/\",\"url\":\"https:\\\/\\\/mont-roig.cat\\\/es\\\/actualitat\\\/noticies\\\/mont-roig-del-camp-y-miami-platja-dan-la-bienvenida-a-los-bebes-nacidos-en-el-municipio-durante-2025\\\/\",\"name\":\"Mont-roig del Camp y Miami Platja dan la bienvenida a los beb\u00e9s nacidos en el municipio durante 2025 - Ajuntament de Mont-roig del Camp\",\"isPartOf\":{\"@id\":\"https:\\\/\\\/mont-roig.cat\\\/es\\\/#website\"},\"primaryImageOfPage\":{\"@id\":\"https:\\\/\\\/mont-roig.cat\\\/es\\\/actualitat\\\/noticies\\\/mont-roig-del-camp-y-miami-platja-dan-la-bienvenida-a-los-bebes-nacidos-en-el-municipio-durante-2025\\\/#primaryimage\"},\"image\":{\"@id\":\"https:\\\/\\\/mont-roig.cat\\\/es\\\/actualitat\\\/noticies\\\/mont-roig-del-camp-y-miami-platja-dan-la-bienvenida-a-los-bebes-nacidos-en-el-municipio-durante-2025\\\/#primaryimage\"},\"thumbnailUrl\":\"https:\\\/\\\/mont-roig.cat\\\/wp-content\\\/uploads\\\/nadons3-1.jpeg\",\"datePublished\":\"2025-12-31T11:34:48+00:00\",\"dateModified\":\"2025-12-31T11:40:26+00:00\",\"author\":{\"@id\":\"https:\\\/\\\/mont-roig.cat\\\/es\\\/#\\\/schema\\\/person\\\/1f73e7b5e6f9dd122e8a6f14f310ac5e\"},\"breadcrumb\":{\"@id\":\"https:\\\/\\\/mont-roig.cat\\\/es\\\/actualitat\\\/noticies\\\/mont-roig-del-camp-y-miami-platja-dan-la-bienvenida-a-los-bebes-nacidos-en-el-municipio-durante-2025\\\/#breadcrumb\"},\"inLanguage\":\"es\",\"potentialAction\":[{\"@type\":\"ReadAction\",\"target\":[\"https:\\\/\\\/mont-roig.cat\\\/es\\\/actualitat\\\/noticies\\\/mont-roig-del-camp-y-miami-platja-dan-la-bienvenida-a-los-bebes-nacidos-en-el-municipio-durante-2025\\\/\"]}]},{\"@type\":\"ImageObject\",\"inLanguage\":\"es\",\"@id\":\"https:\\\/\\\/mont-roig.cat\\\/es\\\/actualitat\\\/noticies\\\/mont-roig-del-camp-y-miami-platja-dan-la-bienvenida-a-los-bebes-nacidos-en-el-municipio-durante-2025\\\/#primaryimage\",\"url\":\"https:\\\/\\\/mont-roig.cat\\\/wp-content\\\/uploads\\\/nadons3-1.jpeg\",\"contentUrl\":\"https:\\\/\\\/mont-roig.cat\\\/wp-content\\\/uploads\\\/nadons3-1.jpeg\",\"width\":1600,\"height\":1200},{\"@type\":\"BreadcrumbList\",\"@id\":\"https:\\\/\\\/mont-roig.cat\\\/es\\\/actualitat\\\/noticies\\\/mont-roig-del-camp-y-miami-platja-dan-la-bienvenida-a-los-bebes-nacidos-en-el-municipio-durante-2025\\\/#breadcrumb\",\"itemListElement\":[{\"@type\":\"ListItem\",\"position\":1,\"name\":\"Inici\",\"item\":\"https:\\\/\\\/mont-roig.cat\\\/es\\\/pagina-de-inicio\\\/\"},{\"@type\":\"ListItem\",\"position\":2,\"name\":\"Mont-roig del Camp y Miami Platja dan la bienvenida a los beb\u00e9s nacidos en el municipio durante 2025\"}]},{\"@type\":\"WebSite\",\"@id\":\"https:\\\/\\\/mont-roig.cat\\\/es\\\/#website\",\"url\":\"https:\\\/\\\/mont-roig.cat\\\/es\\\/\",\"name\":\"Ajuntament de Mont-roig del Camp\",\"description\":\"Tota la informaci\u00f3 sobre la instituci\u00f3, els seus \u00f2rgans de govern, actualitat, serveis i molt m\u00e9s.\",\"potentialAction\":[{\"@type\":\"SearchAction\",\"target\":{\"@type\":\"EntryPoint\",\"urlTemplate\":\"https:\\\/\\\/mont-roig.cat\\\/es\\\/?s={search_term_string}\"},\"query-input\":{\"@type\":\"PropertyValueSpecification\",\"valueRequired\":true,\"valueName\":\"search_term_string\"}}],\"inLanguage\":\"es\"},{\"@type\":\"Person\",\"@id\":\"https:\\\/\\\/mont-roig.cat\\\/es\\\/#\\\/schema\\\/person\\\/1f73e7b5e6f9dd122e8a6f14f310ac5e\",\"name\":\"comunicacio\",\"image\":{\"@type\":\"ImageObject\",\"inLanguage\":\"es\",\"@id\":\"https:\\\/\\\/secure.gravatar.com\\\/avatar\\\/98944333e7a877670a64f8d10f0cb680ab2c9ebc4efc43945ef004b52b5ad28c?s=96&d=mm&r=g\",\"url\":\"https:\\\/\\\/secure.gravatar.com\\\/avatar\\\/98944333e7a877670a64f8d10f0cb680ab2c9ebc4efc43945ef004b52b5ad28c?s=96&d=mm&r=g\",\"contentUrl\":\"https:\\\/\\\/secure.gravatar.com\\\/avatar\\\/98944333e7a877670a64f8d10f0cb680ab2c9ebc4efc43945ef004b52b5ad28c?s=96&d=mm&r=g\",\"caption\":\"comunicacio\"},\"url\":\"https:\\\/\\\/mont-roig.cat\\\/es\\\/actualitat\\\/noticies\\\/author\\\/comunicacio\\\/\"}]}<\/script>\n<!-- \/ Yoast SEO plugin. -->","yoast_head_json":{"title":"Mont-roig del Camp y Miami Platja dan la bienvenida a los beb\u00e9s nacidos en el municipio durante 2025 - Ajuntament de Mont-roig del Camp","robots":{"index":"index","follow":"follow","max-snippet":"max-snippet:-1","max-image-preview":"max-image-preview:large","max-video-preview":"max-video-preview:-1"},"canonical":"https:\/\/mont-roig.cat\/es\/actualitat\/noticies\/mont-roig-del-camp-y-miami-platja-dan-la-bienvenida-a-los-bebes-nacidos-en-el-municipio-durante-2025\/","og_locale":"es_ES","og_type":"article","og_title":"Mont-roig del Camp y Miami Platja dan la bienvenida a los beb\u00e9s nacidos en el municipio durante 2025 - Ajuntament de Mont-roig del Camp","og_description":"Los actos han reunido a familias y representantes municipales en dos encuentros emotivos y familiares El Ayuntamiento de Mont-roig del Camp ha celebrado recientemente los actos de bienvenida a los beb\u00e9s del municipio, dos encuentros emotivos que han tenido lugar en Miami Platja y en Mont-roig del Camp con el objetivo de dar la bienvenida [&hellip;]","og_url":"https:\/\/mont-roig.cat\/es\/actualitat\/noticies\/mont-roig-del-camp-y-miami-platja-dan-la-bienvenida-a-los-bebes-nacidos-en-el-municipio-durante-2025\/","og_site_name":"Ajuntament de Mont-roig del Camp","article_published_time":"2025-12-31T11:34:48+00:00","article_modified_time":"2025-12-31T11:40:26+00:00","og_image":[{"width":1600,"height":1200,"url":"https:\/\/mont-roig.cat\/wp-content\/uploads\/nadons3-1.jpeg","type":"image\/jpeg"}],"author":"comunicacio","twitter_card":"summary_large_image","twitter_misc":{"Escrito por":"comunicacio","Tiempo de lectura":"2 minutos"},"schema":{"@context":"https:\/\/schema.org","@graph":[{"@type":"Article","@id":"https:\/\/mont-roig.cat\/es\/actualitat\/noticies\/mont-roig-del-camp-y-miami-platja-dan-la-bienvenida-a-los-bebes-nacidos-en-el-municipio-durante-2025\/#article","isPartOf":{"@id":"https:\/\/mont-roig.cat\/es\/actualitat\/noticies\/mont-roig-del-camp-y-miami-platja-dan-la-bienvenida-a-los-bebes-nacidos-en-el-municipio-durante-2025\/"},"author":{"name":"comunicacio","@id":"https:\/\/mont-roig.cat\/es\/#\/schema\/person\/1f73e7b5e6f9dd122e8a6f14f310ac5e"},"headline":"Mont-roig del Camp y Miami Platja dan la bienvenida a los beb\u00e9s nacidos en el municipio durante 2025","datePublished":"2025-12-31T11:34:48+00:00","dateModified":"2025-12-31T11:40:26+00:00","mainEntityOfPage":{"@id":"https:\/\/mont-roig.cat\/es\/actualitat\/noticies\/mont-roig-del-camp-y-miami-platja-dan-la-bienvenida-a-los-bebes-nacidos-en-el-municipio-durante-2025\/"},"wordCount":320,"image":{"@id":"https:\/\/mont-roig.cat\/es\/actualitat\/noticies\/mont-roig-del-camp-y-miami-platja-dan-la-bienvenida-a-los-bebes-nacidos-en-el-municipio-durante-2025\/#primaryimage"},"thumbnailUrl":"https:\/\/mont-roig.cat\/wp-content\/uploads\/nadons3-1.jpeg","articleSection":["Alcalde","Ayuntamiento"],"inLanguage":"es"},{"@type":"WebPage","@id":"https:\/\/mont-roig.cat\/es\/actualitat\/noticies\/mont-roig-del-camp-y-miami-platja-dan-la-bienvenida-a-los-bebes-nacidos-en-el-municipio-durante-2025\/","url":"https:\/\/mont-roig.cat\/es\/actualitat\/noticies\/mont-roig-del-camp-y-miami-platja-dan-la-bienvenida-a-los-bebes-nacidos-en-el-municipio-durante-2025\/","name":"Mont-roig del Camp y Miami Platja dan la bienvenida a los beb\u00e9s nacidos en el municipio durante 2025 - Ajuntament de Mont-roig del Camp","isPartOf":{"@id":"https:\/\/mont-roig.cat\/es\/#website"},"primaryImageOfPage":{"@id":"https:\/\/mont-roig.cat\/es\/actualitat\/noticies\/mont-roig-del-camp-y-miami-platja-dan-la-bienvenida-a-los-bebes-nacidos-en-el-municipio-durante-2025\/#primaryimage"},"image":{"@id":"https:\/\/mont-roig.cat\/es\/actualitat\/noticies\/mont-roig-del-camp-y-miami-platja-dan-la-bienvenida-a-los-bebes-nacidos-en-el-municipio-durante-2025\/#primaryimage"},"thumbnailUrl":"https:\/\/mont-roig.cat\/wp-content\/uploads\/nadons3-1.jpeg","datePublished":"2025-12-31T11:34:48+00:00","dateModified":"2025-12-31T11:40:26+00:00","author":{"@id":"https:\/\/mont-roig.cat\/es\/#\/schema\/person\/1f73e7b5e6f9dd122e8a6f14f310ac5e"},"breadcrumb":{"@id":"https:\/\/mont-roig.cat\/es\/actualitat\/noticies\/mont-roig-del-camp-y-miami-platja-dan-la-bienvenida-a-los-bebes-nacidos-en-el-municipio-durante-2025\/#breadcrumb"},"inLanguage":"es","potentialAction":[{"@type":"ReadAction","target":["https:\/\/mont-roig.cat\/es\/actualitat\/noticies\/mont-roig-del-camp-y-miami-platja-dan-la-bienvenida-a-los-bebes-nacidos-en-el-municipio-durante-2025\/"]}]},{"@type":"ImageObject","inLanguage":"es","@id":"https:\/\/mont-roig.cat\/es\/actualitat\/noticies\/mont-roig-del-camp-y-miami-platja-dan-la-bienvenida-a-los-bebes-nacidos-en-el-municipio-durante-2025\/#primaryimage","url":"https:\/\/mont-roig.cat\/wp-content\/uploads\/nadons3-1.jpeg","contentUrl":"https:\/\/mont-roig.cat\/wp-content\/uploads\/nadons3-1.jpeg","width":1600,"height":1200},{"@type":"BreadcrumbList","@id":"https:\/\/mont-roig.cat\/es\/actualitat\/noticies\/mont-roig-del-camp-y-miami-platja-dan-la-bienvenida-a-los-bebes-nacidos-en-el-municipio-durante-2025\/#breadcrumb","itemListElement":[{"@type":"ListItem","position":1,"name":"Inici","item":"https:\/\/mont-roig.cat\/es\/pagina-de-inicio\/"},{"@type":"ListItem","position":2,"name":"Mont-roig del Camp y Miami Platja dan la bienvenida a los beb\u00e9s nacidos en el municipio durante 2025"}]},{"@type":"WebSite","@id":"https:\/\/mont-roig.cat\/es\/#website","url":"https:\/\/mont-roig.cat\/es\/","name":"Ajuntament de Mont-roig del Camp","description":"Tota la informaci\u00f3 sobre la instituci\u00f3, els seus \u00f2rgans de govern, actualitat, serveis i molt m\u00e9s.","potentialAction":[{"@type":"SearchAction","target":{"@type":"EntryPoint","urlTemplate":"https:\/\/mont-roig.cat\/es\/?s={search_term_string}"},"query-input":{"@type":"PropertyValueSpecification","valueRequired":true,"valueName":"search_term_string"}}],"inLanguage":"es"},{"@type":"Person","@id":"https:\/\/mont-roig.cat\/es\/#\/schema\/person\/1f73e7b5e6f9dd122e8a6f14f310ac5e","name":"comunicacio","image":{"@type":"ImageObject","inLanguage":"es","@id":"https:\/\/secure.gravatar.com\/avatar\/98944333e7a877670a64f8d10f0cb680ab2c9ebc4efc43945ef004b52b5ad28c?s=96&d=mm&r=g","url":"https:\/\/secure.gravatar.com\/avatar\/98944333e7a877670a64f8d10f0cb680ab2c9ebc4efc43945ef004b52b5ad28c?s=96&d=mm&r=g","contentUrl":"https:\/\/secure.gravatar.com\/avatar\/98944333e7a877670a64f8d10f0cb680ab2c9ebc4efc43945ef004b52b5ad28c?s=96&d=mm&r=g","caption":"comunicacio"},"url":"https:\/\/mont-roig.cat\/es\/actualitat\/noticies\/author\/comunicacio\/"}]}},"_links":{"self":[{"href":"https:\/\/mont-roig.cat\/es\/wp-json\/wp\/v2\/posts\/87817","targetHints":{"allow":["GET"]}}],"collection":[{"href":"https:\/\/mont-roig.cat\/es\/wp-json\/wp\/v2\/posts"}],"about":[{"href":"https:\/\/mont-roig.cat\/es\/wp-json\/wp\/v2\/types\/post"}],"author":[{"embeddable":true,"href":"https:\/\/mont-roig.cat\/es\/wp-json\/wp\/v2\/users\/13"}],"replies":[{"embeddable":true,"href":"https:\/\/mont-roig.cat\/es\/wp-json\/wp\/v2\/comments?post=87817"}],"version-history":[{"count":1,"href":"https:\/\/mont-roig.cat\/es\/wp-json\/wp\/v2\/posts\/87817\/revisions"}],"predecessor-version":[{"id":87818,"href":"https:\/\/mont-roig.cat\/es\/wp-json\/wp\/v2\/posts\/87817\/revisions\/87818"}],"wp:featuredmedia":[{"embeddable":true,"href":"https:\/\/mont-roig.cat\/es\/wp-json\/wp\/v2\/media\/87807"}],"wp:attachment":[{"href":"https:\/\/mont-roig.cat\/es\/wp-json\/wp\/v2\/media?parent=87817"}],"wp:term":[{"taxonomy":"category","embeddable":true,"href":"https:\/\/mont-roig.cat\/es\/wp-json\/wp\/v2\/categories?post=87817"},{"taxonomy":"post_tag","embeddable":true,"href":"https:\/\/mont-roig.cat\/es\/wp-json\/wp\/v2\/tags?post=87817"}],"curies":[{"name":"wp","href":"https:\/\/api.w.org\/{rel}","templated":true}]}}