{"id":87826,"date":"2026-01-07T13:08:00","date_gmt":"2026-01-07T12:08:00","guid":{"rendered":"https:\/\/mont-roig.cat\/actualitat\/noticies\/lajuntament-de-mont-roig-del-camp-publica-el-calendari-fiscal-per-a-lany-2026\/"},"modified":"2026-01-07T13:13:39","modified_gmt":"2026-01-07T12:13:39","slug":"lajuntament-de-mont-roig-del-camp-publica-el-calendari-fiscal-per-a-lany-2026","status":"publish","type":"post","link":"https:\/\/mont-roig.cat\/es\/actualitat\/noticies\/lajuntament-de-mont-roig-del-camp-publica-el-calendari-fiscal-per-a-lany-2026\/","title":{"rendered":"El Ayuntamiento de Mont-roig del Camp publica el calendario fiscal para el a\u00f1o 2026"},"content":{"rendered":"<p><strong><strong><a href=\"https:\/\/mont-roig.cat\/wp-content\/uploads\/MM_calendari_contribuent2026_page-0001.jpg\"><img loading=\"lazy\" decoding=\"async\" class=\"alignright wp-image-87820\" src=\"https:\/\/mont-roig.cat\/wp-content\/uploads\/MM_calendari_contribuent2026_page-0001-500x500.jpg\" alt=\"\" width=\"301\" height=\"301\" srcset=\"https:\/\/mont-roig.cat\/wp-content\/uploads\/MM_calendari_contribuent2026_page-0001-500x500.jpg 500w, https:\/\/mont-roig.cat\/wp-content\/uploads\/MM_calendari_contribuent2026_page-0001-1024x1024.jpg 1024w, https:\/\/mont-roig.cat\/wp-content\/uploads\/MM_calendari_contribuent2026_page-0001-50x50.jpg 50w, https:\/\/mont-roig.cat\/wp-content\/uploads\/MM_calendari_contribuent2026_page-0001-768x768.jpg 768w, https:\/\/mont-roig.cat\/wp-content\/uploads\/MM_calendari_contribuent2026_page-0001-560x560.jpg 560w, https:\/\/mont-roig.cat\/wp-content\/uploads\/MM_calendari_contribuent2026_page-0001-367x367.jpg 367w, https:\/\/mont-roig.cat\/wp-content\/uploads\/MM_calendari_contribuent2026_page-0001-450x450.jpg 450w, https:\/\/mont-roig.cat\/wp-content\/uploads\/MM_calendari_contribuent2026_page-0001-85x85.jpg 85w, https:\/\/mont-roig.cat\/wp-content\/uploads\/MM_calendari_contribuent2026_page-0001-45x45.jpg 45w, https:\/\/mont-roig.cat\/wp-content\/uploads\/MM_calendari_contribuent2026_page-0001.jpg 1250w\" sizes=\"auto, (max-width: 301px) 100vw, 301px\" \/><\/a><\/strong><\/strong><\/p>\n<ul>\n<li data-start=\"175\" data-end=\"405\"><strong>En el calendario del contribuyente se indican los d\u00edas de inicio y finalizaci\u00f3n del plazo de pago de los diferentes tributos (IBI, Impuesto de Actividades Econ\u00f3micas o Impuesto sobre Veh\u00edculos de Tracci\u00f3n Mec\u00e1nica, entre otros).<\/strong><\/li>\n<\/ul>\n<p data-start=\"407\" data-end=\"564\">El Ayuntamiento de Mont-roig del Camp ha publicado el calendario de pago de los tributos y del resto de ingresos de derecho p\u00fablico para el ejercicio 2026.<\/p>\n<p><strong>Calendario fiscal 2026 <a href=\"https:\/\/mont-roig.cat\/wp-content\/uploads\/MM_calendari_contribuent2026.pdf\" target=\"_blank\" rel=\"noopener\">(descarga el PDF)<\/a><\/strong><\/p>\n<p data-start=\"614\" data-end=\"1011\">A continuaci\u00f3n, pueden consultar el calendario del contribuyente, donde se especifican los d\u00edas de inicio y finalizaci\u00f3n del plazo de pago de los diferentes tributos (IBI, Impuesto de Actividades Econ\u00f3micas o Impuesto sobre Veh\u00edculos de Tracci\u00f3n Mec\u00e1nica, entre otros). En el calendario del contribuyente se indican los d\u00edas de inicio y finalizaci\u00f3n del plazo de pago de los diferentes tributos.<\/p>\n<p data-start=\"1013\" data-end=\"1649\">El calendario prev\u00e9 la <strong data-start=\"1036\" data-end=\"1104\">domiciliaci\u00f3n de los recibos de los tributos cobrados por padr\u00f3n<\/strong>. Para que la domiciliaci\u00f3n tenga efecto en el a\u00f1o en curso, se debe tramitar la orden de domiciliaci\u00f3n al menos un mes antes de iniciarse el per\u00edodo de pago voluntario del tributo. Si la orden llega en fecha posterior, la domiciliaci\u00f3n se har\u00e1 efectiva, pero tendr\u00e1 efectos en el per\u00edodo o a\u00f1o siguiente. La solicitud de domiciliaci\u00f3n de los recibos o cualquier otro cambio se puede realizar a trav\u00e9s de la sede electr\u00f3nica del Ayuntamiento de Mont-roig del Camp: <a href=\"https:\/\/www.mont-roig.cat\/seu-electronica\" target=\"_blank\" rel=\"noopener\">www.mont-roig.cat\/seu-electronica<\/a><\/p>\n<p data-start=\"1651\" data-end=\"1685\"><strong data-start=\"1651\" data-end=\"1683\">Fraccionamientos sin recargo<\/strong><\/p>\n<p data-start=\"1687\" data-end=\"1986\">Cabe recordar que el fraccionamiento del pago del IBI permite pagarlo en tres recibos sin ning\u00fan recargo. Tambi\u00e9n que a trav\u00e9s de <a href=\"https:\/\/www.dipta.cat\/diputacio\/arees-organismes\/base-gestio-ingressos\" target=\"_blank\" rel=\"noopener\"><strong data-start=\"1817\" data-end=\"1825\">BASE<\/strong> <\/a>se puede solicitar el fraccionamiento mensual de los tributos sin intereses. Las solicitudes para acogerse a este sistema tendr\u00e1n efectos de un a\u00f1o para otro.<\/p>\n","protected":false},"excerpt":{"rendered":"<p>En el calendario del contribuyente se indican los d\u00edas de inicio y finalizaci\u00f3n del plazo de pago de los diferentes tributos (IBI, Impuesto de Actividades Econ\u00f3micas o Impuesto sobre Veh\u00edculos de Tracci\u00f3n Mec\u00e1nica, entre otros). El Ayuntamiento de Mont-roig del Camp ha publicado el calendario de pago de los tributos y del resto de ingresos [&hellip;]<\/p>\n","protected":false},"author":13,"featured_media":87824,"comment_status":"closed","ping_status":"closed","sticky":false,"template":"","format":"standard","meta":{"inline_featured_image":false,"_monsterinsights_skip_tracking":false,"_monsterinsights_sitenote_active":false,"_monsterinsights_sitenote_note":"","_monsterinsights_sitenote_category":0,"footnotes":""},"categories":[156,98,254],"tags":[],"class_list":["post-87826","post","type-post","status-publish","format-standard","has-post-thumbnail","hentry","category-alcalde-es","category-ayuntamiento","category-hisenda-es"],"yoast_head":"<!-- This site is optimized with the Yoast SEO plugin v27.4 - https:\/\/yoast.com\/product\/yoast-seo-wordpress\/ -->\n<title>El Ayuntamiento de Mont-roig del Camp publica el calendario fiscal para el a\u00f1o 2026 - Ajuntament de Mont-roig del Camp<\/title>\n<meta name=\"robots\" content=\"index, follow, max-snippet:-1, max-image-preview:large, max-video-preview:-1\" \/>\n<link rel=\"canonical\" href=\"https:\/\/mont-roig.cat\/es\/actualitat\/noticies\/lajuntament-de-mont-roig-del-camp-publica-el-calendari-fiscal-per-a-lany-2026\/\" \/>\n<meta property=\"og:locale\" content=\"es_ES\" \/>\n<meta property=\"og:type\" content=\"article\" \/>\n<meta property=\"og:title\" content=\"El Ayuntamiento de Mont-roig del Camp publica el calendario fiscal para el a\u00f1o 2026 - Ajuntament de Mont-roig del Camp\" \/>\n<meta property=\"og:description\" content=\"En el calendario del contribuyente se indican los d\u00edas de inicio y finalizaci\u00f3n del plazo de pago de los diferentes tributos (IBI, Impuesto de Actividades Econ\u00f3micas o Impuesto sobre Veh\u00edculos de Tracci\u00f3n Mec\u00e1nica, entre otros). El Ayuntamiento de Mont-roig del Camp ha publicado el calendario de pago de los tributos y del resto de ingresos [&hellip;]\" \/>\n<meta property=\"og:url\" content=\"https:\/\/mont-roig.cat\/es\/actualitat\/noticies\/lajuntament-de-mont-roig-del-camp-publica-el-calendari-fiscal-per-a-lany-2026\/\" \/>\n<meta property=\"og:site_name\" content=\"Ajuntament de Mont-roig del Camp\" \/>\n<meta property=\"article:published_time\" content=\"2026-01-07T12:08:00+00:00\" \/>\n<meta property=\"article:modified_time\" content=\"2026-01-07T12:13:39+00:00\" \/>\n<meta property=\"og:image\" content=\"https:\/\/mont-roig.cat\/wp-content\/uploads\/MM_calendari_contribuent2026_page-0001.jpg\" \/>\n\t<meta property=\"og:image:width\" content=\"1250\" \/>\n\t<meta property=\"og:image:height\" content=\"1250\" \/>\n\t<meta property=\"og:image:type\" content=\"image\/jpeg\" \/>\n<meta name=\"author\" content=\"comunicacio\" \/>\n<meta name=\"twitter:card\" content=\"summary_large_image\" \/>\n<meta name=\"twitter:label1\" content=\"Escrito por\" \/>\n\t<meta name=\"twitter:data1\" content=\"comunicacio\" \/>\n\t<meta name=\"twitter:label2\" content=\"Tiempo de lectura\" \/>\n\t<meta name=\"twitter:data2\" content=\"2 minutos\" \/>\n<script type=\"application\/ld+json\" class=\"yoast-schema-graph\">{\"@context\":\"https:\\\/\\\/schema.org\",\"@graph\":[{\"@type\":\"Article\",\"@id\":\"https:\\\/\\\/mont-roig.cat\\\/es\\\/actualitat\\\/noticies\\\/lajuntament-de-mont-roig-del-camp-publica-el-calendari-fiscal-per-a-lany-2026\\\/#article\",\"isPartOf\":{\"@id\":\"https:\\\/\\\/mont-roig.cat\\\/es\\\/actualitat\\\/noticies\\\/lajuntament-de-mont-roig-del-camp-publica-el-calendari-fiscal-per-a-lany-2026\\\/\"},\"author\":{\"name\":\"comunicacio\",\"@id\":\"https:\\\/\\\/mont-roig.cat\\\/es\\\/#\\\/schema\\\/person\\\/1f73e7b5e6f9dd122e8a6f14f310ac5e\"},\"headline\":\"El Ayuntamiento de Mont-roig del Camp publica el calendario fiscal para el a\u00f1o 2026\",\"datePublished\":\"2026-01-07T12:08:00+00:00\",\"dateModified\":\"2026-01-07T12:13:39+00:00\",\"mainEntityOfPage\":{\"@id\":\"https:\\\/\\\/mont-roig.cat\\\/es\\\/actualitat\\\/noticies\\\/lajuntament-de-mont-roig-del-camp-publica-el-calendari-fiscal-per-a-lany-2026\\\/\"},\"wordCount\":321,\"image\":{\"@id\":\"https:\\\/\\\/mont-roig.cat\\\/es\\\/actualitat\\\/noticies\\\/lajuntament-de-mont-roig-del-camp-publica-el-calendari-fiscal-per-a-lany-2026\\\/#primaryimage\"},\"thumbnailUrl\":\"https:\\\/\\\/mont-roig.cat\\\/wp-content\\\/uploads\\\/MM_calendari_contribuent2026_page-0001.jpg\",\"articleSection\":[\"Alcalde\",\"Ayuntamiento\",\"Hisenda\"],\"inLanguage\":\"es\"},{\"@type\":\"WebPage\",\"@id\":\"https:\\\/\\\/mont-roig.cat\\\/es\\\/actualitat\\\/noticies\\\/lajuntament-de-mont-roig-del-camp-publica-el-calendari-fiscal-per-a-lany-2026\\\/\",\"url\":\"https:\\\/\\\/mont-roig.cat\\\/es\\\/actualitat\\\/noticies\\\/lajuntament-de-mont-roig-del-camp-publica-el-calendari-fiscal-per-a-lany-2026\\\/\",\"name\":\"El Ayuntamiento de Mont-roig del Camp publica el calendario fiscal para el a\u00f1o 2026 - Ajuntament de Mont-roig del Camp\",\"isPartOf\":{\"@id\":\"https:\\\/\\\/mont-roig.cat\\\/es\\\/#website\"},\"primaryImageOfPage\":{\"@id\":\"https:\\\/\\\/mont-roig.cat\\\/es\\\/actualitat\\\/noticies\\\/lajuntament-de-mont-roig-del-camp-publica-el-calendari-fiscal-per-a-lany-2026\\\/#primaryimage\"},\"image\":{\"@id\":\"https:\\\/\\\/mont-roig.cat\\\/es\\\/actualitat\\\/noticies\\\/lajuntament-de-mont-roig-del-camp-publica-el-calendari-fiscal-per-a-lany-2026\\\/#primaryimage\"},\"thumbnailUrl\":\"https:\\\/\\\/mont-roig.cat\\\/wp-content\\\/uploads\\\/MM_calendari_contribuent2026_page-0001.jpg\",\"datePublished\":\"2026-01-07T12:08:00+00:00\",\"dateModified\":\"2026-01-07T12:13:39+00:00\",\"author\":{\"@id\":\"https:\\\/\\\/mont-roig.cat\\\/es\\\/#\\\/schema\\\/person\\\/1f73e7b5e6f9dd122e8a6f14f310ac5e\"},\"breadcrumb\":{\"@id\":\"https:\\\/\\\/mont-roig.cat\\\/es\\\/actualitat\\\/noticies\\\/lajuntament-de-mont-roig-del-camp-publica-el-calendari-fiscal-per-a-lany-2026\\\/#breadcrumb\"},\"inLanguage\":\"es\",\"potentialAction\":[{\"@type\":\"ReadAction\",\"target\":[\"https:\\\/\\\/mont-roig.cat\\\/es\\\/actualitat\\\/noticies\\\/lajuntament-de-mont-roig-del-camp-publica-el-calendari-fiscal-per-a-lany-2026\\\/\"]}]},{\"@type\":\"ImageObject\",\"inLanguage\":\"es\",\"@id\":\"https:\\\/\\\/mont-roig.cat\\\/es\\\/actualitat\\\/noticies\\\/lajuntament-de-mont-roig-del-camp-publica-el-calendari-fiscal-per-a-lany-2026\\\/#primaryimage\",\"url\":\"https:\\\/\\\/mont-roig.cat\\\/wp-content\\\/uploads\\\/MM_calendari_contribuent2026_page-0001.jpg\",\"contentUrl\":\"https:\\\/\\\/mont-roig.cat\\\/wp-content\\\/uploads\\\/MM_calendari_contribuent2026_page-0001.jpg\",\"width\":1250,\"height\":1250},{\"@type\":\"BreadcrumbList\",\"@id\":\"https:\\\/\\\/mont-roig.cat\\\/es\\\/actualitat\\\/noticies\\\/lajuntament-de-mont-roig-del-camp-publica-el-calendari-fiscal-per-a-lany-2026\\\/#breadcrumb\",\"itemListElement\":[{\"@type\":\"ListItem\",\"position\":1,\"name\":\"Inici\",\"item\":\"https:\\\/\\\/mont-roig.cat\\\/es\\\/pagina-de-inicio\\\/\"},{\"@type\":\"ListItem\",\"position\":2,\"name\":\"El Ayuntamiento de Mont-roig del Camp publica el calendario fiscal para el a\u00f1o 2026\"}]},{\"@type\":\"WebSite\",\"@id\":\"https:\\\/\\\/mont-roig.cat\\\/es\\\/#website\",\"url\":\"https:\\\/\\\/mont-roig.cat\\\/es\\\/\",\"name\":\"Ajuntament de Mont-roig del Camp\",\"description\":\"Tota la informaci\u00f3 sobre la instituci\u00f3, els seus \u00f2rgans de govern, actualitat, serveis i molt m\u00e9s.\",\"potentialAction\":[{\"@type\":\"SearchAction\",\"target\":{\"@type\":\"EntryPoint\",\"urlTemplate\":\"https:\\\/\\\/mont-roig.cat\\\/es\\\/?s={search_term_string}\"},\"query-input\":{\"@type\":\"PropertyValueSpecification\",\"valueRequired\":true,\"valueName\":\"search_term_string\"}}],\"inLanguage\":\"es\"},{\"@type\":\"Person\",\"@id\":\"https:\\\/\\\/mont-roig.cat\\\/es\\\/#\\\/schema\\\/person\\\/1f73e7b5e6f9dd122e8a6f14f310ac5e\",\"name\":\"comunicacio\",\"image\":{\"@type\":\"ImageObject\",\"inLanguage\":\"es\",\"@id\":\"https:\\\/\\\/secure.gravatar.com\\\/avatar\\\/98944333e7a877670a64f8d10f0cb680ab2c9ebc4efc43945ef004b52b5ad28c?s=96&d=mm&r=g\",\"url\":\"https:\\\/\\\/secure.gravatar.com\\\/avatar\\\/98944333e7a877670a64f8d10f0cb680ab2c9ebc4efc43945ef004b52b5ad28c?s=96&d=mm&r=g\",\"contentUrl\":\"https:\\\/\\\/secure.gravatar.com\\\/avatar\\\/98944333e7a877670a64f8d10f0cb680ab2c9ebc4efc43945ef004b52b5ad28c?s=96&d=mm&r=g\",\"caption\":\"comunicacio\"},\"url\":\"https:\\\/\\\/mont-roig.cat\\\/es\\\/actualitat\\\/noticies\\\/author\\\/comunicacio\\\/\"}]}<\/script>\n<!-- \/ Yoast SEO plugin. -->","yoast_head_json":{"title":"El Ayuntamiento de Mont-roig del Camp publica el calendario fiscal para el a\u00f1o 2026 - Ajuntament de Mont-roig del Camp","robots":{"index":"index","follow":"follow","max-snippet":"max-snippet:-1","max-image-preview":"max-image-preview:large","max-video-preview":"max-video-preview:-1"},"canonical":"https:\/\/mont-roig.cat\/es\/actualitat\/noticies\/lajuntament-de-mont-roig-del-camp-publica-el-calendari-fiscal-per-a-lany-2026\/","og_locale":"es_ES","og_type":"article","og_title":"El Ayuntamiento de Mont-roig del Camp publica el calendario fiscal para el a\u00f1o 2026 - Ajuntament de Mont-roig del Camp","og_description":"En el calendario del contribuyente se indican los d\u00edas de inicio y finalizaci\u00f3n del plazo de pago de los diferentes tributos (IBI, Impuesto de Actividades Econ\u00f3micas o Impuesto sobre Veh\u00edculos de Tracci\u00f3n Mec\u00e1nica, entre otros). El Ayuntamiento de Mont-roig del Camp ha publicado el calendario de pago de los tributos y del resto de ingresos [&hellip;]","og_url":"https:\/\/mont-roig.cat\/es\/actualitat\/noticies\/lajuntament-de-mont-roig-del-camp-publica-el-calendari-fiscal-per-a-lany-2026\/","og_site_name":"Ajuntament de Mont-roig del Camp","article_published_time":"2026-01-07T12:08:00+00:00","article_modified_time":"2026-01-07T12:13:39+00:00","og_image":[{"width":1250,"height":1250,"url":"https:\/\/mont-roig.cat\/wp-content\/uploads\/MM_calendari_contribuent2026_page-0001.jpg","type":"image\/jpeg"}],"author":"comunicacio","twitter_card":"summary_large_image","twitter_misc":{"Escrito por":"comunicacio","Tiempo de lectura":"2 minutos"},"schema":{"@context":"https:\/\/schema.org","@graph":[{"@type":"Article","@id":"https:\/\/mont-roig.cat\/es\/actualitat\/noticies\/lajuntament-de-mont-roig-del-camp-publica-el-calendari-fiscal-per-a-lany-2026\/#article","isPartOf":{"@id":"https:\/\/mont-roig.cat\/es\/actualitat\/noticies\/lajuntament-de-mont-roig-del-camp-publica-el-calendari-fiscal-per-a-lany-2026\/"},"author":{"name":"comunicacio","@id":"https:\/\/mont-roig.cat\/es\/#\/schema\/person\/1f73e7b5e6f9dd122e8a6f14f310ac5e"},"headline":"El Ayuntamiento de Mont-roig del Camp publica el calendario fiscal para el a\u00f1o 2026","datePublished":"2026-01-07T12:08:00+00:00","dateModified":"2026-01-07T12:13:39+00:00","mainEntityOfPage":{"@id":"https:\/\/mont-roig.cat\/es\/actualitat\/noticies\/lajuntament-de-mont-roig-del-camp-publica-el-calendari-fiscal-per-a-lany-2026\/"},"wordCount":321,"image":{"@id":"https:\/\/mont-roig.cat\/es\/actualitat\/noticies\/lajuntament-de-mont-roig-del-camp-publica-el-calendari-fiscal-per-a-lany-2026\/#primaryimage"},"thumbnailUrl":"https:\/\/mont-roig.cat\/wp-content\/uploads\/MM_calendari_contribuent2026_page-0001.jpg","articleSection":["Alcalde","Ayuntamiento","Hisenda"],"inLanguage":"es"},{"@type":"WebPage","@id":"https:\/\/mont-roig.cat\/es\/actualitat\/noticies\/lajuntament-de-mont-roig-del-camp-publica-el-calendari-fiscal-per-a-lany-2026\/","url":"https:\/\/mont-roig.cat\/es\/actualitat\/noticies\/lajuntament-de-mont-roig-del-camp-publica-el-calendari-fiscal-per-a-lany-2026\/","name":"El Ayuntamiento de Mont-roig del Camp publica el calendario fiscal para el a\u00f1o 2026 - Ajuntament de Mont-roig del Camp","isPartOf":{"@id":"https:\/\/mont-roig.cat\/es\/#website"},"primaryImageOfPage":{"@id":"https:\/\/mont-roig.cat\/es\/actualitat\/noticies\/lajuntament-de-mont-roig-del-camp-publica-el-calendari-fiscal-per-a-lany-2026\/#primaryimage"},"image":{"@id":"https:\/\/mont-roig.cat\/es\/actualitat\/noticies\/lajuntament-de-mont-roig-del-camp-publica-el-calendari-fiscal-per-a-lany-2026\/#primaryimage"},"thumbnailUrl":"https:\/\/mont-roig.cat\/wp-content\/uploads\/MM_calendari_contribuent2026_page-0001.jpg","datePublished":"2026-01-07T12:08:00+00:00","dateModified":"2026-01-07T12:13:39+00:00","author":{"@id":"https:\/\/mont-roig.cat\/es\/#\/schema\/person\/1f73e7b5e6f9dd122e8a6f14f310ac5e"},"breadcrumb":{"@id":"https:\/\/mont-roig.cat\/es\/actualitat\/noticies\/lajuntament-de-mont-roig-del-camp-publica-el-calendari-fiscal-per-a-lany-2026\/#breadcrumb"},"inLanguage":"es","potentialAction":[{"@type":"ReadAction","target":["https:\/\/mont-roig.cat\/es\/actualitat\/noticies\/lajuntament-de-mont-roig-del-camp-publica-el-calendari-fiscal-per-a-lany-2026\/"]}]},{"@type":"ImageObject","inLanguage":"es","@id":"https:\/\/mont-roig.cat\/es\/actualitat\/noticies\/lajuntament-de-mont-roig-del-camp-publica-el-calendari-fiscal-per-a-lany-2026\/#primaryimage","url":"https:\/\/mont-roig.cat\/wp-content\/uploads\/MM_calendari_contribuent2026_page-0001.jpg","contentUrl":"https:\/\/mont-roig.cat\/wp-content\/uploads\/MM_calendari_contribuent2026_page-0001.jpg","width":1250,"height":1250},{"@type":"BreadcrumbList","@id":"https:\/\/mont-roig.cat\/es\/actualitat\/noticies\/lajuntament-de-mont-roig-del-camp-publica-el-calendari-fiscal-per-a-lany-2026\/#breadcrumb","itemListElement":[{"@type":"ListItem","position":1,"name":"Inici","item":"https:\/\/mont-roig.cat\/es\/pagina-de-inicio\/"},{"@type":"ListItem","position":2,"name":"El Ayuntamiento de Mont-roig del Camp publica el calendario fiscal para el a\u00f1o 2026"}]},{"@type":"WebSite","@id":"https:\/\/mont-roig.cat\/es\/#website","url":"https:\/\/mont-roig.cat\/es\/","name":"Ajuntament de Mont-roig del Camp","description":"Tota la informaci\u00f3 sobre la instituci\u00f3, els seus \u00f2rgans de govern, actualitat, serveis i molt m\u00e9s.","potentialAction":[{"@type":"SearchAction","target":{"@type":"EntryPoint","urlTemplate":"https:\/\/mont-roig.cat\/es\/?s={search_term_string}"},"query-input":{"@type":"PropertyValueSpecification","valueRequired":true,"valueName":"search_term_string"}}],"inLanguage":"es"},{"@type":"Person","@id":"https:\/\/mont-roig.cat\/es\/#\/schema\/person\/1f73e7b5e6f9dd122e8a6f14f310ac5e","name":"comunicacio","image":{"@type":"ImageObject","inLanguage":"es","@id":"https:\/\/secure.gravatar.com\/avatar\/98944333e7a877670a64f8d10f0cb680ab2c9ebc4efc43945ef004b52b5ad28c?s=96&d=mm&r=g","url":"https:\/\/secure.gravatar.com\/avatar\/98944333e7a877670a64f8d10f0cb680ab2c9ebc4efc43945ef004b52b5ad28c?s=96&d=mm&r=g","contentUrl":"https:\/\/secure.gravatar.com\/avatar\/98944333e7a877670a64f8d10f0cb680ab2c9ebc4efc43945ef004b52b5ad28c?s=96&d=mm&r=g","caption":"comunicacio"},"url":"https:\/\/mont-roig.cat\/es\/actualitat\/noticies\/author\/comunicacio\/"}]}},"_links":{"self":[{"href":"https:\/\/mont-roig.cat\/es\/wp-json\/wp\/v2\/posts\/87826","targetHints":{"allow":["GET"]}}],"collection":[{"href":"https:\/\/mont-roig.cat\/es\/wp-json\/wp\/v2\/posts"}],"about":[{"href":"https:\/\/mont-roig.cat\/es\/wp-json\/wp\/v2\/types\/post"}],"author":[{"embeddable":true,"href":"https:\/\/mont-roig.cat\/es\/wp-json\/wp\/v2\/users\/13"}],"replies":[{"embeddable":true,"href":"https:\/\/mont-roig.cat\/es\/wp-json\/wp\/v2\/comments?post=87826"}],"version-history":[{"count":2,"href":"https:\/\/mont-roig.cat\/es\/wp-json\/wp\/v2\/posts\/87826\/revisions"}],"predecessor-version":[{"id":87830,"href":"https:\/\/mont-roig.cat\/es\/wp-json\/wp\/v2\/posts\/87826\/revisions\/87830"}],"wp:featuredmedia":[{"embeddable":true,"href":"https:\/\/mont-roig.cat\/es\/wp-json\/wp\/v2\/media\/87824"}],"wp:attachment":[{"href":"https:\/\/mont-roig.cat\/es\/wp-json\/wp\/v2\/media?parent=87826"}],"wp:term":[{"taxonomy":"category","embeddable":true,"href":"https:\/\/mont-roig.cat\/es\/wp-json\/wp\/v2\/categories?post=87826"},{"taxonomy":"post_tag","embeddable":true,"href":"https:\/\/mont-roig.cat\/es\/wp-json\/wp\/v2\/tags?post=87826"}],"curies":[{"name":"wp","href":"https:\/\/api.w.org\/{rel}","templated":true}]}}