{"id":87841,"date":"2026-01-07T13:30:14","date_gmt":"2026-01-07T12:30:14","guid":{"rendered":"https:\/\/mont-roig.cat\/actualitat\/noticies\/ultims-dies-per-inscriures-a-la-crematorrons-2026-diumenge-torna-al-passeig-de-les-cales\/"},"modified":"2026-01-07T13:55:02","modified_gmt":"2026-01-07T12:55:02","slug":"ultimos-dias-para-inscribirse-en-la-crematorrons-2026-el-domingo-vuelve-al-paseo-de-las-calas","status":"publish","type":"post","link":"https:\/\/mont-roig.cat\/es\/actualitat\/noticies\/ultimos-dias-para-inscribirse-en-la-crematorrons-2026-el-domingo-vuelve-al-paseo-de-las-calas\/","title":{"rendered":"\u00daltimos d\u00edas para inscribirse en la Crematorrons 2026: el domingo vuelve al Paseo de las Calas"},"content":{"rendered":"<ul>\n<li><strong><strong><a href=\"https:\/\/mont-roig.cat\/wp-content\/uploads\/MME_crematorrons_26_feed-1.png\" target=\"_blank\" rel=\"noopener\"><img loading=\"lazy\" decoding=\"async\" class=\"alignright wp-image-87835\" src=\"https:\/\/mont-roig.cat\/wp-content\/uploads\/MME_crematorrons_26_feed-1-400x500.png\" alt=\"\" width=\"302\" height=\"378\" srcset=\"https:\/\/mont-roig.cat\/wp-content\/uploads\/MME_crematorrons_26_feed-1-400x500.png 400w, https:\/\/mont-roig.cat\/wp-content\/uploads\/MME_crematorrons_26_feed-1-819x1024.png 819w, https:\/\/mont-roig.cat\/wp-content\/uploads\/MME_crematorrons_26_feed-1-768x960.png 768w, https:\/\/mont-roig.cat\/wp-content\/uploads\/MME_crematorrons_26_feed-1.png 1080w\" sizes=\"auto, (max-width: 302px) 100vw, 302px\" \/><\/a><\/strong>Dos carreras, actividades infantiles y vermut electr\u00f3nico para poner el punto final a las fiestas navide\u00f1as<\/strong><\/li>\n<\/ul>\n<p data-start=\"306\" data-end=\"582\">El Ayuntamiento de Mont-roig del Camp organiza este domingo, 11 de enero a las 10:30 h, la tradicional Cursa Crematorrons, que pone el punto final a las fiestas de Navidad y A\u00f1o Nuevo y marca el inicio de las carreras populares del 2026 en nuestras comarcas.<\/p>\n<p data-start=\"584\" data-end=\"1061\">La carrera se celebrar\u00e1 en Miami Platja, con salida y llegada en la P\u00e9rgola de la Playa Cristal, y contar\u00e1 con dos recorridos diferenciados, de 5 y 10 km, dejando atr\u00e1s el formato de dos vueltas y recuperando el emblem\u00e1tico Paseo de las Calas, que el a\u00f1o pasado estaba en obras. El recorrido se puede consultar en este enlace: <a class=\"decorated-link\" href=\"https:\/\/webtretzesports.wixsite.com\/crematorrons\/recorreguts2024\" target=\"_blank\" rel=\"noopener\" data-start=\"927\" data-end=\"1059\">https:\/\/webtretzesports.wixsite.com\/crematorrons\/recorreguts2024<\/a><\/p>\n<p data-start=\"1063\" data-end=\"1297\">Las inscripciones est\u00e1n abiertas hasta este viernes 9 de enero a las 23:59 h, o antes si se alcanza el l\u00edmite de 450 participantes. Se pueden formalizar en la web oficial: <a class=\"decorated-link\" href=\"http:\/\/www.tretzesports.org\" target=\"_blank\" rel=\"noopener\" data-start=\"1243\" data-end=\"1294\">www.tretzesports.org<\/a>.<\/p>\n<p data-start=\"1299\" data-end=\"1649\">Como cada a\u00f1o, la jornada incluye tambi\u00e9n carreras infantiles gratuitas para ni\u00f1os y ni\u00f1as de 0 a 12 a\u00f1os, con medalla asegurada para todos los participantes. La recogida de dorsales ser\u00e1 el mismo d\u00eda, de 8:30 h a 10:15 h, en el Club de Mar, y la salida de las carreras adultas ser\u00e1 a las 10:30 h, seguida de las pruebas infantiles.<\/p>\n<p data-start=\"1651\" data-end=\"1817\">Esta edici\u00f3n incorpora tambi\u00e9n un vermut electr\u00f3nico final, pensado para ofrecer un ambiente festivo y de convivencia entre participantes, familiares y p\u00fablico.<\/p>\n<p data-start=\"1819\" data-end=\"2055\">La prueba mantiene su car\u00e1cter competitivo, con trofeos para los tres primeros clasificados (masculino y femenino) de las distancias de 5 y 10 km, y un reconocimiento especial para el primer atleta local de cada modalidad.<br \/>\nToda la informaci\u00f3n y el formulario de inscripci\u00f3n est\u00e1n disponibles en la web oficial: <a class=\"decorated-link\" href=\"http:\/\/www.tretzesports.org\" target=\"_blank\" rel=\"noopener\" data-start=\"2145\" data-end=\"2196\">www.tretzesports.org<\/a>.<\/p>\n<p>&nbsp;<\/p>\n","protected":false},"excerpt":{"rendered":"<p>Dos carreras, actividades infantiles y vermut electr\u00f3nico para poner el punto final a las fiestas navide\u00f1as El Ayuntamiento de Mont-roig del Camp organiza este domingo, 11 de enero a las 10:30 h, la tradicional Cursa Crematorrons, que pone el punto final a las fiestas de Navidad y A\u00f1o Nuevo y marca el inicio de las [&hellip;]<\/p>\n","protected":false},"author":13,"featured_media":87839,"comment_status":"closed","ping_status":"closed","sticky":false,"template":"","format":"standard","meta":{"inline_featured_image":false,"_monsterinsights_skip_tracking":false,"_monsterinsights_sitenote_active":false,"_monsterinsights_sitenote_note":"","_monsterinsights_sitenote_category":0,"footnotes":""},"categories":[98,104],"tags":[],"class_list":["post-87841","post","type-post","status-publish","format-standard","has-post-thumbnail","hentry","category-ayuntamiento","category-deportes"],"yoast_head":"<!-- This site is optimized with the Yoast SEO plugin v27.4 - https:\/\/yoast.com\/product\/yoast-seo-wordpress\/ -->\n<title>\u00daltimos d\u00edas para inscribirse en la Crematorrons 2026: el domingo vuelve al Paseo de las Calas - Ajuntament de Mont-roig del Camp<\/title>\n<meta name=\"robots\" content=\"index, follow, max-snippet:-1, max-image-preview:large, max-video-preview:-1\" \/>\n<link rel=\"canonical\" href=\"https:\/\/mont-roig.cat\/es\/actualitat\/noticies\/ultimos-dias-para-inscribirse-en-la-crematorrons-2026-el-domingo-vuelve-al-paseo-de-las-calas\/\" \/>\n<meta property=\"og:locale\" content=\"es_ES\" \/>\n<meta property=\"og:type\" content=\"article\" \/>\n<meta property=\"og:title\" content=\"\u00daltimos d\u00edas para inscribirse en la Crematorrons 2026: el domingo vuelve al Paseo de las Calas - Ajuntament de Mont-roig del Camp\" \/>\n<meta property=\"og:description\" content=\"Dos carreras, actividades infantiles y vermut electr\u00f3nico para poner el punto final a las fiestas navide\u00f1as El Ayuntamiento de Mont-roig del Camp organiza este domingo, 11 de enero a las 10:30 h, la tradicional Cursa Crematorrons, que pone el punto final a las fiestas de Navidad y A\u00f1o Nuevo y marca el inicio de las [&hellip;]\" \/>\n<meta property=\"og:url\" content=\"https:\/\/mont-roig.cat\/es\/actualitat\/noticies\/ultimos-dias-para-inscribirse-en-la-crematorrons-2026-el-domingo-vuelve-al-paseo-de-las-calas\/\" \/>\n<meta property=\"og:site_name\" content=\"Ajuntament de Mont-roig del Camp\" \/>\n<meta property=\"article:published_time\" content=\"2026-01-07T12:30:14+00:00\" \/>\n<meta property=\"article:modified_time\" content=\"2026-01-07T12:55:02+00:00\" \/>\n<meta property=\"og:image\" content=\"https:\/\/mont-roig.cat\/wp-content\/uploads\/MME_crematorrons_26_meta-1.png\" \/>\n\t<meta property=\"og:image:width\" content=\"1200\" \/>\n\t<meta property=\"og:image:height\" content=\"630\" \/>\n\t<meta property=\"og:image:type\" content=\"image\/png\" \/>\n<meta name=\"author\" content=\"comunicacio\" \/>\n<meta name=\"twitter:card\" content=\"summary_large_image\" \/>\n<meta name=\"twitter:label1\" content=\"Escrito por\" \/>\n\t<meta name=\"twitter:data1\" content=\"comunicacio\" \/>\n\t<meta name=\"twitter:label2\" content=\"Tiempo de lectura\" \/>\n\t<meta name=\"twitter:data2\" content=\"2 minutos\" \/>\n<script type=\"application\/ld+json\" class=\"yoast-schema-graph\">{\"@context\":\"https:\\\/\\\/schema.org\",\"@graph\":[{\"@type\":\"Article\",\"@id\":\"https:\\\/\\\/mont-roig.cat\\\/es\\\/actualitat\\\/noticies\\\/ultimos-dias-para-inscribirse-en-la-crematorrons-2026-el-domingo-vuelve-al-paseo-de-las-calas\\\/#article\",\"isPartOf\":{\"@id\":\"https:\\\/\\\/mont-roig.cat\\\/es\\\/actualitat\\\/noticies\\\/ultimos-dias-para-inscribirse-en-la-crematorrons-2026-el-domingo-vuelve-al-paseo-de-las-calas\\\/\"},\"author\":{\"name\":\"comunicacio\",\"@id\":\"https:\\\/\\\/mont-roig.cat\\\/es\\\/#\\\/schema\\\/person\\\/1f73e7b5e6f9dd122e8a6f14f310ac5e\"},\"headline\":\"\u00daltimos d\u00edas para inscribirse en la Crematorrons 2026: el domingo vuelve al Paseo de las Calas\",\"datePublished\":\"2026-01-07T12:30:14+00:00\",\"dateModified\":\"2026-01-07T12:55:02+00:00\",\"mainEntityOfPage\":{\"@id\":\"https:\\\/\\\/mont-roig.cat\\\/es\\\/actualitat\\\/noticies\\\/ultimos-dias-para-inscribirse-en-la-crematorrons-2026-el-domingo-vuelve-al-paseo-de-las-calas\\\/\"},\"wordCount\":323,\"image\":{\"@id\":\"https:\\\/\\\/mont-roig.cat\\\/es\\\/actualitat\\\/noticies\\\/ultimos-dias-para-inscribirse-en-la-crematorrons-2026-el-domingo-vuelve-al-paseo-de-las-calas\\\/#primaryimage\"},\"thumbnailUrl\":\"https:\\\/\\\/mont-roig.cat\\\/wp-content\\\/uploads\\\/MME_crematorrons_26_meta-1.png\",\"articleSection\":[\"Ayuntamiento\",\"Deportes\"],\"inLanguage\":\"es\"},{\"@type\":\"WebPage\",\"@id\":\"https:\\\/\\\/mont-roig.cat\\\/es\\\/actualitat\\\/noticies\\\/ultimos-dias-para-inscribirse-en-la-crematorrons-2026-el-domingo-vuelve-al-paseo-de-las-calas\\\/\",\"url\":\"https:\\\/\\\/mont-roig.cat\\\/es\\\/actualitat\\\/noticies\\\/ultimos-dias-para-inscribirse-en-la-crematorrons-2026-el-domingo-vuelve-al-paseo-de-las-calas\\\/\",\"name\":\"\u00daltimos d\u00edas para inscribirse en la Crematorrons 2026: el domingo vuelve al Paseo de las Calas - Ajuntament de Mont-roig del Camp\",\"isPartOf\":{\"@id\":\"https:\\\/\\\/mont-roig.cat\\\/es\\\/#website\"},\"primaryImageOfPage\":{\"@id\":\"https:\\\/\\\/mont-roig.cat\\\/es\\\/actualitat\\\/noticies\\\/ultimos-dias-para-inscribirse-en-la-crematorrons-2026-el-domingo-vuelve-al-paseo-de-las-calas\\\/#primaryimage\"},\"image\":{\"@id\":\"https:\\\/\\\/mont-roig.cat\\\/es\\\/actualitat\\\/noticies\\\/ultimos-dias-para-inscribirse-en-la-crematorrons-2026-el-domingo-vuelve-al-paseo-de-las-calas\\\/#primaryimage\"},\"thumbnailUrl\":\"https:\\\/\\\/mont-roig.cat\\\/wp-content\\\/uploads\\\/MME_crematorrons_26_meta-1.png\",\"datePublished\":\"2026-01-07T12:30:14+00:00\",\"dateModified\":\"2026-01-07T12:55:02+00:00\",\"author\":{\"@id\":\"https:\\\/\\\/mont-roig.cat\\\/es\\\/#\\\/schema\\\/person\\\/1f73e7b5e6f9dd122e8a6f14f310ac5e\"},\"breadcrumb\":{\"@id\":\"https:\\\/\\\/mont-roig.cat\\\/es\\\/actualitat\\\/noticies\\\/ultimos-dias-para-inscribirse-en-la-crematorrons-2026-el-domingo-vuelve-al-paseo-de-las-calas\\\/#breadcrumb\"},\"inLanguage\":\"es\",\"potentialAction\":[{\"@type\":\"ReadAction\",\"target\":[\"https:\\\/\\\/mont-roig.cat\\\/es\\\/actualitat\\\/noticies\\\/ultimos-dias-para-inscribirse-en-la-crematorrons-2026-el-domingo-vuelve-al-paseo-de-las-calas\\\/\"]}]},{\"@type\":\"ImageObject\",\"inLanguage\":\"es\",\"@id\":\"https:\\\/\\\/mont-roig.cat\\\/es\\\/actualitat\\\/noticies\\\/ultimos-dias-para-inscribirse-en-la-crematorrons-2026-el-domingo-vuelve-al-paseo-de-las-calas\\\/#primaryimage\",\"url\":\"https:\\\/\\\/mont-roig.cat\\\/wp-content\\\/uploads\\\/MME_crematorrons_26_meta-1.png\",\"contentUrl\":\"https:\\\/\\\/mont-roig.cat\\\/wp-content\\\/uploads\\\/MME_crematorrons_26_meta-1.png\",\"width\":1200,\"height\":630},{\"@type\":\"BreadcrumbList\",\"@id\":\"https:\\\/\\\/mont-roig.cat\\\/es\\\/actualitat\\\/noticies\\\/ultimos-dias-para-inscribirse-en-la-crematorrons-2026-el-domingo-vuelve-al-paseo-de-las-calas\\\/#breadcrumb\",\"itemListElement\":[{\"@type\":\"ListItem\",\"position\":1,\"name\":\"Inici\",\"item\":\"https:\\\/\\\/mont-roig.cat\\\/es\\\/pagina-de-inicio\\\/\"},{\"@type\":\"ListItem\",\"position\":2,\"name\":\"\u00daltimos d\u00edas para inscribirse en la Crematorrons 2026: el domingo vuelve al Paseo de las Calas\"}]},{\"@type\":\"WebSite\",\"@id\":\"https:\\\/\\\/mont-roig.cat\\\/es\\\/#website\",\"url\":\"https:\\\/\\\/mont-roig.cat\\\/es\\\/\",\"name\":\"Ajuntament de Mont-roig del Camp\",\"description\":\"Tota la informaci\u00f3 sobre la instituci\u00f3, els seus \u00f2rgans de govern, actualitat, serveis i molt m\u00e9s.\",\"potentialAction\":[{\"@type\":\"SearchAction\",\"target\":{\"@type\":\"EntryPoint\",\"urlTemplate\":\"https:\\\/\\\/mont-roig.cat\\\/es\\\/?s={search_term_string}\"},\"query-input\":{\"@type\":\"PropertyValueSpecification\",\"valueRequired\":true,\"valueName\":\"search_term_string\"}}],\"inLanguage\":\"es\"},{\"@type\":\"Person\",\"@id\":\"https:\\\/\\\/mont-roig.cat\\\/es\\\/#\\\/schema\\\/person\\\/1f73e7b5e6f9dd122e8a6f14f310ac5e\",\"name\":\"comunicacio\",\"image\":{\"@type\":\"ImageObject\",\"inLanguage\":\"es\",\"@id\":\"https:\\\/\\\/secure.gravatar.com\\\/avatar\\\/98944333e7a877670a64f8d10f0cb680ab2c9ebc4efc43945ef004b52b5ad28c?s=96&d=mm&r=g\",\"url\":\"https:\\\/\\\/secure.gravatar.com\\\/avatar\\\/98944333e7a877670a64f8d10f0cb680ab2c9ebc4efc43945ef004b52b5ad28c?s=96&d=mm&r=g\",\"contentUrl\":\"https:\\\/\\\/secure.gravatar.com\\\/avatar\\\/98944333e7a877670a64f8d10f0cb680ab2c9ebc4efc43945ef004b52b5ad28c?s=96&d=mm&r=g\",\"caption\":\"comunicacio\"},\"url\":\"https:\\\/\\\/mont-roig.cat\\\/es\\\/actualitat\\\/noticies\\\/author\\\/comunicacio\\\/\"}]}<\/script>\n<!-- \/ Yoast SEO plugin. -->","yoast_head_json":{"title":"\u00daltimos d\u00edas para inscribirse en la Crematorrons 2026: el domingo vuelve al Paseo de las Calas - Ajuntament de Mont-roig del Camp","robots":{"index":"index","follow":"follow","max-snippet":"max-snippet:-1","max-image-preview":"max-image-preview:large","max-video-preview":"max-video-preview:-1"},"canonical":"https:\/\/mont-roig.cat\/es\/actualitat\/noticies\/ultimos-dias-para-inscribirse-en-la-crematorrons-2026-el-domingo-vuelve-al-paseo-de-las-calas\/","og_locale":"es_ES","og_type":"article","og_title":"\u00daltimos d\u00edas para inscribirse en la Crematorrons 2026: el domingo vuelve al Paseo de las Calas - Ajuntament de Mont-roig del Camp","og_description":"Dos carreras, actividades infantiles y vermut electr\u00f3nico para poner el punto final a las fiestas navide\u00f1as El Ayuntamiento de Mont-roig del Camp organiza este domingo, 11 de enero a las 10:30 h, la tradicional Cursa Crematorrons, que pone el punto final a las fiestas de Navidad y A\u00f1o Nuevo y marca el inicio de las [&hellip;]","og_url":"https:\/\/mont-roig.cat\/es\/actualitat\/noticies\/ultimos-dias-para-inscribirse-en-la-crematorrons-2026-el-domingo-vuelve-al-paseo-de-las-calas\/","og_site_name":"Ajuntament de Mont-roig del Camp","article_published_time":"2026-01-07T12:30:14+00:00","article_modified_time":"2026-01-07T12:55:02+00:00","og_image":[{"width":1200,"height":630,"url":"https:\/\/mont-roig.cat\/wp-content\/uploads\/MME_crematorrons_26_meta-1.png","type":"image\/png"}],"author":"comunicacio","twitter_card":"summary_large_image","twitter_misc":{"Escrito por":"comunicacio","Tiempo de lectura":"2 minutos"},"schema":{"@context":"https:\/\/schema.org","@graph":[{"@type":"Article","@id":"https:\/\/mont-roig.cat\/es\/actualitat\/noticies\/ultimos-dias-para-inscribirse-en-la-crematorrons-2026-el-domingo-vuelve-al-paseo-de-las-calas\/#article","isPartOf":{"@id":"https:\/\/mont-roig.cat\/es\/actualitat\/noticies\/ultimos-dias-para-inscribirse-en-la-crematorrons-2026-el-domingo-vuelve-al-paseo-de-las-calas\/"},"author":{"name":"comunicacio","@id":"https:\/\/mont-roig.cat\/es\/#\/schema\/person\/1f73e7b5e6f9dd122e8a6f14f310ac5e"},"headline":"\u00daltimos d\u00edas para inscribirse en la Crematorrons 2026: el domingo vuelve al Paseo de las Calas","datePublished":"2026-01-07T12:30:14+00:00","dateModified":"2026-01-07T12:55:02+00:00","mainEntityOfPage":{"@id":"https:\/\/mont-roig.cat\/es\/actualitat\/noticies\/ultimos-dias-para-inscribirse-en-la-crematorrons-2026-el-domingo-vuelve-al-paseo-de-las-calas\/"},"wordCount":323,"image":{"@id":"https:\/\/mont-roig.cat\/es\/actualitat\/noticies\/ultimos-dias-para-inscribirse-en-la-crematorrons-2026-el-domingo-vuelve-al-paseo-de-las-calas\/#primaryimage"},"thumbnailUrl":"https:\/\/mont-roig.cat\/wp-content\/uploads\/MME_crematorrons_26_meta-1.png","articleSection":["Ayuntamiento","Deportes"],"inLanguage":"es"},{"@type":"WebPage","@id":"https:\/\/mont-roig.cat\/es\/actualitat\/noticies\/ultimos-dias-para-inscribirse-en-la-crematorrons-2026-el-domingo-vuelve-al-paseo-de-las-calas\/","url":"https:\/\/mont-roig.cat\/es\/actualitat\/noticies\/ultimos-dias-para-inscribirse-en-la-crematorrons-2026-el-domingo-vuelve-al-paseo-de-las-calas\/","name":"\u00daltimos d\u00edas para inscribirse en la Crematorrons 2026: el domingo vuelve al Paseo de las Calas - Ajuntament de Mont-roig del Camp","isPartOf":{"@id":"https:\/\/mont-roig.cat\/es\/#website"},"primaryImageOfPage":{"@id":"https:\/\/mont-roig.cat\/es\/actualitat\/noticies\/ultimos-dias-para-inscribirse-en-la-crematorrons-2026-el-domingo-vuelve-al-paseo-de-las-calas\/#primaryimage"},"image":{"@id":"https:\/\/mont-roig.cat\/es\/actualitat\/noticies\/ultimos-dias-para-inscribirse-en-la-crematorrons-2026-el-domingo-vuelve-al-paseo-de-las-calas\/#primaryimage"},"thumbnailUrl":"https:\/\/mont-roig.cat\/wp-content\/uploads\/MME_crematorrons_26_meta-1.png","datePublished":"2026-01-07T12:30:14+00:00","dateModified":"2026-01-07T12:55:02+00:00","author":{"@id":"https:\/\/mont-roig.cat\/es\/#\/schema\/person\/1f73e7b5e6f9dd122e8a6f14f310ac5e"},"breadcrumb":{"@id":"https:\/\/mont-roig.cat\/es\/actualitat\/noticies\/ultimos-dias-para-inscribirse-en-la-crematorrons-2026-el-domingo-vuelve-al-paseo-de-las-calas\/#breadcrumb"},"inLanguage":"es","potentialAction":[{"@type":"ReadAction","target":["https:\/\/mont-roig.cat\/es\/actualitat\/noticies\/ultimos-dias-para-inscribirse-en-la-crematorrons-2026-el-domingo-vuelve-al-paseo-de-las-calas\/"]}]},{"@type":"ImageObject","inLanguage":"es","@id":"https:\/\/mont-roig.cat\/es\/actualitat\/noticies\/ultimos-dias-para-inscribirse-en-la-crematorrons-2026-el-domingo-vuelve-al-paseo-de-las-calas\/#primaryimage","url":"https:\/\/mont-roig.cat\/wp-content\/uploads\/MME_crematorrons_26_meta-1.png","contentUrl":"https:\/\/mont-roig.cat\/wp-content\/uploads\/MME_crematorrons_26_meta-1.png","width":1200,"height":630},{"@type":"BreadcrumbList","@id":"https:\/\/mont-roig.cat\/es\/actualitat\/noticies\/ultimos-dias-para-inscribirse-en-la-crematorrons-2026-el-domingo-vuelve-al-paseo-de-las-calas\/#breadcrumb","itemListElement":[{"@type":"ListItem","position":1,"name":"Inici","item":"https:\/\/mont-roig.cat\/es\/pagina-de-inicio\/"},{"@type":"ListItem","position":2,"name":"\u00daltimos d\u00edas para inscribirse en la Crematorrons 2026: el domingo vuelve al Paseo de las Calas"}]},{"@type":"WebSite","@id":"https:\/\/mont-roig.cat\/es\/#website","url":"https:\/\/mont-roig.cat\/es\/","name":"Ajuntament de Mont-roig del Camp","description":"Tota la informaci\u00f3 sobre la instituci\u00f3, els seus \u00f2rgans de govern, actualitat, serveis i molt m\u00e9s.","potentialAction":[{"@type":"SearchAction","target":{"@type":"EntryPoint","urlTemplate":"https:\/\/mont-roig.cat\/es\/?s={search_term_string}"},"query-input":{"@type":"PropertyValueSpecification","valueRequired":true,"valueName":"search_term_string"}}],"inLanguage":"es"},{"@type":"Person","@id":"https:\/\/mont-roig.cat\/es\/#\/schema\/person\/1f73e7b5e6f9dd122e8a6f14f310ac5e","name":"comunicacio","image":{"@type":"ImageObject","inLanguage":"es","@id":"https:\/\/secure.gravatar.com\/avatar\/98944333e7a877670a64f8d10f0cb680ab2c9ebc4efc43945ef004b52b5ad28c?s=96&d=mm&r=g","url":"https:\/\/secure.gravatar.com\/avatar\/98944333e7a877670a64f8d10f0cb680ab2c9ebc4efc43945ef004b52b5ad28c?s=96&d=mm&r=g","contentUrl":"https:\/\/secure.gravatar.com\/avatar\/98944333e7a877670a64f8d10f0cb680ab2c9ebc4efc43945ef004b52b5ad28c?s=96&d=mm&r=g","caption":"comunicacio"},"url":"https:\/\/mont-roig.cat\/es\/actualitat\/noticies\/author\/comunicacio\/"}]}},"_links":{"self":[{"href":"https:\/\/mont-roig.cat\/es\/wp-json\/wp\/v2\/posts\/87841","targetHints":{"allow":["GET"]}}],"collection":[{"href":"https:\/\/mont-roig.cat\/es\/wp-json\/wp\/v2\/posts"}],"about":[{"href":"https:\/\/mont-roig.cat\/es\/wp-json\/wp\/v2\/types\/post"}],"author":[{"embeddable":true,"href":"https:\/\/mont-roig.cat\/es\/wp-json\/wp\/v2\/users\/13"}],"replies":[{"embeddable":true,"href":"https:\/\/mont-roig.cat\/es\/wp-json\/wp\/v2\/comments?post=87841"}],"version-history":[{"count":2,"href":"https:\/\/mont-roig.cat\/es\/wp-json\/wp\/v2\/posts\/87841\/revisions"}],"predecessor-version":[{"id":87843,"href":"https:\/\/mont-roig.cat\/es\/wp-json\/wp\/v2\/posts\/87841\/revisions\/87843"}],"wp:featuredmedia":[{"embeddable":true,"href":"https:\/\/mont-roig.cat\/es\/wp-json\/wp\/v2\/media\/87839"}],"wp:attachment":[{"href":"https:\/\/mont-roig.cat\/es\/wp-json\/wp\/v2\/media?parent=87841"}],"wp:term":[{"taxonomy":"category","embeddable":true,"href":"https:\/\/mont-roig.cat\/es\/wp-json\/wp\/v2\/categories?post=87841"},{"taxonomy":"post_tag","embeddable":true,"href":"https:\/\/mont-roig.cat\/es\/wp-json\/wp\/v2\/tags?post=87841"}],"curies":[{"name":"wp","href":"https:\/\/api.w.org\/{rel}","templated":true}]}}