{"id":87891,"date":"2026-01-09T11:19:44","date_gmt":"2026-01-09T10:19:44","guid":{"rendered":"https:\/\/mont-roig.cat\/actualitat\/noticies\/a-lhivern-i-tot-lany-els-mecanics-de-les-brigades-peca-clau-per-al-bon-funcionament-dels-serveis-municipals-en-la-nova-accio-de-la-campanya\/"},"modified":"2026-01-09T11:23:46","modified_gmt":"2026-01-09T10:23:46","slug":"a-lhivern-i-tot-lany-los-mecanicos-de-las-brigadas-pieza-clave-para-el-buen-funcionamiento-de-los-servicios-municipales-en-la-nueva-accion-de-la-campana","status":"publish","type":"post","link":"https:\/\/mont-roig.cat\/es\/actualitat\/noticies\/a-lhivern-i-tot-lany-los-mecanicos-de-las-brigadas-pieza-clave-para-el-buen-funcionamiento-de-los-servicios-municipales-en-la-nueva-accion-de-la-campana\/","title":{"rendered":"\u00a1A l\u2019hivern i tot l\u2019any! Los mec\u00e1nicos de las brigadas, pieza clave para el buen funcionamiento de los servicios municipales en la nueva acci\u00f3n de la campa\u00f1a"},"content":{"rendered":"<p><strong><strong><a href=\"https:\/\/mont-roig.cat\/wp-content\/uploads\/Nostreserveis_HIVERN-GENER_meca\u2560Cnica_BUS_page-0001.jpg\" target=\"_blank\" rel=\"noopener\"><img loading=\"lazy\" decoding=\"async\" class=\"alignright wp-image-87887\" src=\"https:\/\/mont-roig.cat\/wp-content\/uploads\/Nostreserveis_HIVERN-GENER_meca\u2560Cnica_BUS_page-0001-480x500.jpg\" alt=\"\" width=\"300\" height=\"313\" srcset=\"https:\/\/mont-roig.cat\/wp-content\/uploads\/Nostreserveis_HIVERN-GENER_meca\u2560Cnica_BUS_page-0001-480x500.jpg 480w, https:\/\/mont-roig.cat\/wp-content\/uploads\/Nostreserveis_HIVERN-GENER_meca\u2560Cnica_BUS_page-0001-982x1024.jpg 982w, https:\/\/mont-roig.cat\/wp-content\/uploads\/Nostreserveis_HIVERN-GENER_meca\u2560Cnica_BUS_page-0001-768x801.jpg 768w\" sizes=\"auto, (max-width: 300px) 100vw, 300px\" \/><\/a><\/strong><\/strong><\/p>\n<ul>\n<li data-start=\"367\" data-end=\"569\"><strong>El cartel de este mes pone en valor el trabajo constante del servicio interno de mec\u00e1nica, clave para garantizar la movilidad y el buen funcionamiento de los servicios municipales durante todo el a\u00f1o.<\/strong><\/li>\n<\/ul>\n<p data-start=\"571\" data-end=\"919\">Con el inicio de un nuevo a\u00f1o llegan nuevos retos, ilusiones y objetivos. En este mes de enero, Nostreserveis contin\u00faa desplegando la campa\u00f1a \u201cA l\u2019hivern i tot l\u2019any!\u201d poniendo el foco en los mec\u00e1nicos de las brigadas, un servicio esencial que garantiza que todos los veh\u00edculos de la Entidad funcionen en condiciones \u00f3ptimas los 365 d\u00edas del a\u00f1o.<\/p>\n<p data-start=\"921\" data-end=\"1283\">El nuevo cartel muestra un trabajo a menudo invisible pero imprescindible: la revisi\u00f3n, el mantenimiento y la reparaci\u00f3n de los veh\u00edculos que dan apoyo al resto de brigadas municipales. Gracias a esta tarea constante, la movilidad interna de la organizaci\u00f3n est\u00e1 asegurada en cualquier \u00e9poca del a\u00f1o, incluso en momentos de alta demanda o condiciones adversas.<\/p>\n<p data-start=\"1285\" data-end=\"1571\">Los rostros que representan esta brigada son Jordi F. y Jordi C., profesionales comprometidos que, con rigor, experiencia y dedicaci\u00f3n, velan porque la maquinaria, los turismos y veh\u00edculos de trabajo est\u00e9n siempre listos para garantizar un servicio eficiente y seguro a la ciudadan\u00eda.<\/p>\n<p data-start=\"1573\" data-end=\"1838\">Con el eslogan \u201c\u00a1En invierno y todo el a\u00f1o!\u201d, Nostreserveis quiere poner en valor un trabajo discreto pero fundamental, que permite que el resto de equipos puedan desarrollar su actividad con normalidad y eficacia, tanto en invierno como durante el resto del a\u00f1o.<\/p>\n<p data-start=\"1840\" data-end=\"2172\">Esta nueva acci\u00f3n se enmarca dentro del proyecto comunicativo iniciado este oto\u00f1o para acercar a la ciudadan\u00eda la labor diaria de las brigadas y servicios municipales. En los pr\u00f3ximos meses, la campa\u00f1a continuar\u00e1 dando visibilidad a otros equipos que contribuyen, d\u00eda tras d\u00eda, al buen funcionamiento y al bienestar del municipio.<\/p>\n","protected":false},"excerpt":{"rendered":"<p>El cartel de este mes pone en valor el trabajo constante del servicio interno de mec\u00e1nica, clave para garantizar la movilidad y el buen funcionamiento de los servicios municipales durante todo el a\u00f1o. Con el inicio de un nuevo a\u00f1o llegan nuevos retos, ilusiones y objetivos. En este mes de enero, Nostreserveis contin\u00faa desplegando la [&hellip;]<\/p>\n","protected":false},"author":13,"featured_media":87889,"comment_status":"closed","ping_status":"closed","sticky":false,"template":"","format":"standard","meta":{"inline_featured_image":false,"_monsterinsights_skip_tracking":false,"_monsterinsights_sitenote_active":false,"_monsterinsights_sitenote_note":"","_monsterinsights_sitenote_category":0,"footnotes":""},"categories":[98,204],"tags":[],"class_list":["post-87891","post","type-post","status-publish","format-standard","has-post-thumbnail","hentry","category-ayuntamiento","category-nostreserveis-es"],"yoast_head":"<!-- This site is optimized with the Yoast SEO plugin v27.4 - https:\/\/yoast.com\/product\/yoast-seo-wordpress\/ -->\n<title>\u00a1A l\u2019hivern i tot l\u2019any! Los mec\u00e1nicos de las brigadas, pieza clave para el buen funcionamiento de los servicios municipales en la nueva acci\u00f3n de la campa\u00f1a - Ajuntament de Mont-roig del Camp<\/title>\n<meta name=\"robots\" content=\"index, follow, max-snippet:-1, max-image-preview:large, max-video-preview:-1\" \/>\n<link rel=\"canonical\" href=\"https:\/\/mont-roig.cat\/es\/actualitat\/noticies\/a-lhivern-i-tot-lany-los-mecanicos-de-las-brigadas-pieza-clave-para-el-buen-funcionamiento-de-los-servicios-municipales-en-la-nueva-accion-de-la-campana\/\" \/>\n<meta property=\"og:locale\" content=\"es_ES\" \/>\n<meta property=\"og:type\" content=\"article\" \/>\n<meta property=\"og:title\" content=\"\u00a1A l\u2019hivern i tot l\u2019any! Los mec\u00e1nicos de las brigadas, pieza clave para el buen funcionamiento de los servicios municipales en la nueva acci\u00f3n de la campa\u00f1a - Ajuntament de Mont-roig del Camp\" \/>\n<meta property=\"og:description\" content=\"El cartel de este mes pone en valor el trabajo constante del servicio interno de mec\u00e1nica, clave para garantizar la movilidad y el buen funcionamiento de los servicios municipales durante todo el a\u00f1o. Con el inicio de un nuevo a\u00f1o llegan nuevos retos, ilusiones y objetivos. En este mes de enero, Nostreserveis contin\u00faa desplegando la [&hellip;]\" \/>\n<meta property=\"og:url\" content=\"https:\/\/mont-roig.cat\/es\/actualitat\/noticies\/a-lhivern-i-tot-lany-los-mecanicos-de-las-brigadas-pieza-clave-para-el-buen-funcionamiento-de-los-servicios-municipales-en-la-nueva-accion-de-la-campana\/\" \/>\n<meta property=\"og:site_name\" content=\"Ajuntament de Mont-roig del Camp\" \/>\n<meta property=\"article:published_time\" content=\"2026-01-09T10:19:44+00:00\" \/>\n<meta property=\"article:modified_time\" content=\"2026-01-09T10:23:46+00:00\" \/>\n<meta property=\"og:image\" content=\"https:\/\/mont-roig.cat\/wp-content\/uploads\/Nostreserveis_HIVERN-GENER_meca\u2560Cnica_BUS_page-0001-982x1024.jpg\" \/>\n\t<meta property=\"og:image:width\" content=\"982\" \/>\n\t<meta property=\"og:image:height\" content=\"1024\" \/>\n\t<meta property=\"og:image:type\" content=\"image\/jpeg\" \/>\n<meta name=\"author\" content=\"comunicacio\" \/>\n<meta name=\"twitter:card\" content=\"summary_large_image\" \/>\n<meta name=\"twitter:label1\" content=\"Escrito por\" \/>\n\t<meta name=\"twitter:data1\" content=\"comunicacio\" \/>\n\t<meta name=\"twitter:label2\" content=\"Tiempo de lectura\" \/>\n\t<meta name=\"twitter:data2\" content=\"2 minutos\" \/>\n<script type=\"application\/ld+json\" class=\"yoast-schema-graph\">{\"@context\":\"https:\\\/\\\/schema.org\",\"@graph\":[{\"@type\":\"Article\",\"@id\":\"https:\\\/\\\/mont-roig.cat\\\/es\\\/actualitat\\\/noticies\\\/a-lhivern-i-tot-lany-los-mecanicos-de-las-brigadas-pieza-clave-para-el-buen-funcionamiento-de-los-servicios-municipales-en-la-nueva-accion-de-la-campana\\\/#article\",\"isPartOf\":{\"@id\":\"https:\\\/\\\/mont-roig.cat\\\/es\\\/actualitat\\\/noticies\\\/a-lhivern-i-tot-lany-los-mecanicos-de-las-brigadas-pieza-clave-para-el-buen-funcionamiento-de-los-servicios-municipales-en-la-nueva-accion-de-la-campana\\\/\"},\"author\":{\"name\":\"comunicacio\",\"@id\":\"https:\\\/\\\/mont-roig.cat\\\/es\\\/#\\\/schema\\\/person\\\/1f73e7b5e6f9dd122e8a6f14f310ac5e\"},\"headline\":\"\u00a1A l\u2019hivern i tot l\u2019any! Los mec\u00e1nicos de las brigadas, pieza clave para el buen funcionamiento de los servicios municipales en la nueva acci\u00f3n de la campa\u00f1a\",\"datePublished\":\"2026-01-09T10:19:44+00:00\",\"dateModified\":\"2026-01-09T10:23:46+00:00\",\"mainEntityOfPage\":{\"@id\":\"https:\\\/\\\/mont-roig.cat\\\/es\\\/actualitat\\\/noticies\\\/a-lhivern-i-tot-lany-los-mecanicos-de-las-brigadas-pieza-clave-para-el-buen-funcionamiento-de-los-servicios-municipales-en-la-nueva-accion-de-la-campana\\\/\"},\"wordCount\":344,\"image\":{\"@id\":\"https:\\\/\\\/mont-roig.cat\\\/es\\\/actualitat\\\/noticies\\\/a-lhivern-i-tot-lany-los-mecanicos-de-las-brigadas-pieza-clave-para-el-buen-funcionamiento-de-los-servicios-municipales-en-la-nueva-accion-de-la-campana\\\/#primaryimage\"},\"thumbnailUrl\":\"https:\\\/\\\/mont-roig.cat\\\/wp-content\\\/uploads\\\/Nostreserveis_HIVERN-GENER_meca\u2560Cnica_BUS_page-0001.jpg\",\"articleSection\":[\"Ayuntamiento\",\"Nostreserveis\"],\"inLanguage\":\"es\"},{\"@type\":\"WebPage\",\"@id\":\"https:\\\/\\\/mont-roig.cat\\\/es\\\/actualitat\\\/noticies\\\/a-lhivern-i-tot-lany-los-mecanicos-de-las-brigadas-pieza-clave-para-el-buen-funcionamiento-de-los-servicios-municipales-en-la-nueva-accion-de-la-campana\\\/\",\"url\":\"https:\\\/\\\/mont-roig.cat\\\/es\\\/actualitat\\\/noticies\\\/a-lhivern-i-tot-lany-los-mecanicos-de-las-brigadas-pieza-clave-para-el-buen-funcionamiento-de-los-servicios-municipales-en-la-nueva-accion-de-la-campana\\\/\",\"name\":\"\u00a1A l\u2019hivern i tot l\u2019any! Los mec\u00e1nicos de las brigadas, pieza clave para el buen funcionamiento de los servicios municipales en la nueva acci\u00f3n de la campa\u00f1a - Ajuntament de Mont-roig del Camp\",\"isPartOf\":{\"@id\":\"https:\\\/\\\/mont-roig.cat\\\/es\\\/#website\"},\"primaryImageOfPage\":{\"@id\":\"https:\\\/\\\/mont-roig.cat\\\/es\\\/actualitat\\\/noticies\\\/a-lhivern-i-tot-lany-los-mecanicos-de-las-brigadas-pieza-clave-para-el-buen-funcionamiento-de-los-servicios-municipales-en-la-nueva-accion-de-la-campana\\\/#primaryimage\"},\"image\":{\"@id\":\"https:\\\/\\\/mont-roig.cat\\\/es\\\/actualitat\\\/noticies\\\/a-lhivern-i-tot-lany-los-mecanicos-de-las-brigadas-pieza-clave-para-el-buen-funcionamiento-de-los-servicios-municipales-en-la-nueva-accion-de-la-campana\\\/#primaryimage\"},\"thumbnailUrl\":\"https:\\\/\\\/mont-roig.cat\\\/wp-content\\\/uploads\\\/Nostreserveis_HIVERN-GENER_meca\u2560Cnica_BUS_page-0001.jpg\",\"datePublished\":\"2026-01-09T10:19:44+00:00\",\"dateModified\":\"2026-01-09T10:23:46+00:00\",\"author\":{\"@id\":\"https:\\\/\\\/mont-roig.cat\\\/es\\\/#\\\/schema\\\/person\\\/1f73e7b5e6f9dd122e8a6f14f310ac5e\"},\"breadcrumb\":{\"@id\":\"https:\\\/\\\/mont-roig.cat\\\/es\\\/actualitat\\\/noticies\\\/a-lhivern-i-tot-lany-los-mecanicos-de-las-brigadas-pieza-clave-para-el-buen-funcionamiento-de-los-servicios-municipales-en-la-nueva-accion-de-la-campana\\\/#breadcrumb\"},\"inLanguage\":\"es\",\"potentialAction\":[{\"@type\":\"ReadAction\",\"target\":[\"https:\\\/\\\/mont-roig.cat\\\/es\\\/actualitat\\\/noticies\\\/a-lhivern-i-tot-lany-los-mecanicos-de-las-brigadas-pieza-clave-para-el-buen-funcionamiento-de-los-servicios-municipales-en-la-nueva-accion-de-la-campana\\\/\"]}]},{\"@type\":\"ImageObject\",\"inLanguage\":\"es\",\"@id\":\"https:\\\/\\\/mont-roig.cat\\\/es\\\/actualitat\\\/noticies\\\/a-lhivern-i-tot-lany-los-mecanicos-de-las-brigadas-pieza-clave-para-el-buen-funcionamiento-de-los-servicios-municipales-en-la-nueva-accion-de-la-campana\\\/#primaryimage\",\"url\":\"https:\\\/\\\/mont-roig.cat\\\/wp-content\\\/uploads\\\/Nostreserveis_HIVERN-GENER_meca\u2560Cnica_BUS_page-0001.jpg\",\"contentUrl\":\"https:\\\/\\\/mont-roig.cat\\\/wp-content\\\/uploads\\\/Nostreserveis_HIVERN-GENER_meca\u2560Cnica_BUS_page-0001.jpg\",\"width\":6929,\"height\":7225},{\"@type\":\"BreadcrumbList\",\"@id\":\"https:\\\/\\\/mont-roig.cat\\\/es\\\/actualitat\\\/noticies\\\/a-lhivern-i-tot-lany-los-mecanicos-de-las-brigadas-pieza-clave-para-el-buen-funcionamiento-de-los-servicios-municipales-en-la-nueva-accion-de-la-campana\\\/#breadcrumb\",\"itemListElement\":[{\"@type\":\"ListItem\",\"position\":1,\"name\":\"Inici\",\"item\":\"https:\\\/\\\/mont-roig.cat\\\/es\\\/pagina-de-inicio\\\/\"},{\"@type\":\"ListItem\",\"position\":2,\"name\":\"\u00a1A l\u2019hivern i tot l\u2019any! Los mec\u00e1nicos de las brigadas, pieza clave para el buen funcionamiento de los servicios municipales en la nueva acci\u00f3n de la campa\u00f1a\"}]},{\"@type\":\"WebSite\",\"@id\":\"https:\\\/\\\/mont-roig.cat\\\/es\\\/#website\",\"url\":\"https:\\\/\\\/mont-roig.cat\\\/es\\\/\",\"name\":\"Ajuntament de Mont-roig del Camp\",\"description\":\"Tota la informaci\u00f3 sobre la instituci\u00f3, els seus \u00f2rgans de govern, actualitat, serveis i molt m\u00e9s.\",\"potentialAction\":[{\"@type\":\"SearchAction\",\"target\":{\"@type\":\"EntryPoint\",\"urlTemplate\":\"https:\\\/\\\/mont-roig.cat\\\/es\\\/?s={search_term_string}\"},\"query-input\":{\"@type\":\"PropertyValueSpecification\",\"valueRequired\":true,\"valueName\":\"search_term_string\"}}],\"inLanguage\":\"es\"},{\"@type\":\"Person\",\"@id\":\"https:\\\/\\\/mont-roig.cat\\\/es\\\/#\\\/schema\\\/person\\\/1f73e7b5e6f9dd122e8a6f14f310ac5e\",\"name\":\"comunicacio\",\"image\":{\"@type\":\"ImageObject\",\"inLanguage\":\"es\",\"@id\":\"https:\\\/\\\/secure.gravatar.com\\\/avatar\\\/98944333e7a877670a64f8d10f0cb680ab2c9ebc4efc43945ef004b52b5ad28c?s=96&d=mm&r=g\",\"url\":\"https:\\\/\\\/secure.gravatar.com\\\/avatar\\\/98944333e7a877670a64f8d10f0cb680ab2c9ebc4efc43945ef004b52b5ad28c?s=96&d=mm&r=g\",\"contentUrl\":\"https:\\\/\\\/secure.gravatar.com\\\/avatar\\\/98944333e7a877670a64f8d10f0cb680ab2c9ebc4efc43945ef004b52b5ad28c?s=96&d=mm&r=g\",\"caption\":\"comunicacio\"},\"url\":\"https:\\\/\\\/mont-roig.cat\\\/es\\\/actualitat\\\/noticies\\\/author\\\/comunicacio\\\/\"}]}<\/script>\n<!-- \/ Yoast SEO plugin. -->","yoast_head_json":{"title":"\u00a1A l\u2019hivern i tot l\u2019any! Los mec\u00e1nicos de las brigadas, pieza clave para el buen funcionamiento de los servicios municipales en la nueva acci\u00f3n de la campa\u00f1a - Ajuntament de Mont-roig del Camp","robots":{"index":"index","follow":"follow","max-snippet":"max-snippet:-1","max-image-preview":"max-image-preview:large","max-video-preview":"max-video-preview:-1"},"canonical":"https:\/\/mont-roig.cat\/es\/actualitat\/noticies\/a-lhivern-i-tot-lany-los-mecanicos-de-las-brigadas-pieza-clave-para-el-buen-funcionamiento-de-los-servicios-municipales-en-la-nueva-accion-de-la-campana\/","og_locale":"es_ES","og_type":"article","og_title":"\u00a1A l\u2019hivern i tot l\u2019any! Los mec\u00e1nicos de las brigadas, pieza clave para el buen funcionamiento de los servicios municipales en la nueva acci\u00f3n de la campa\u00f1a - Ajuntament de Mont-roig del Camp","og_description":"El cartel de este mes pone en valor el trabajo constante del servicio interno de mec\u00e1nica, clave para garantizar la movilidad y el buen funcionamiento de los servicios municipales durante todo el a\u00f1o. Con el inicio de un nuevo a\u00f1o llegan nuevos retos, ilusiones y objetivos. En este mes de enero, Nostreserveis contin\u00faa desplegando la [&hellip;]","og_url":"https:\/\/mont-roig.cat\/es\/actualitat\/noticies\/a-lhivern-i-tot-lany-los-mecanicos-de-las-brigadas-pieza-clave-para-el-buen-funcionamiento-de-los-servicios-municipales-en-la-nueva-accion-de-la-campana\/","og_site_name":"Ajuntament de Mont-roig del Camp","article_published_time":"2026-01-09T10:19:44+00:00","article_modified_time":"2026-01-09T10:23:46+00:00","og_image":[{"width":982,"height":1024,"url":"https:\/\/mont-roig.cat\/wp-content\/uploads\/Nostreserveis_HIVERN-GENER_meca\u2560Cnica_BUS_page-0001-982x1024.jpg","type":"image\/jpeg"}],"author":"comunicacio","twitter_card":"summary_large_image","twitter_misc":{"Escrito por":"comunicacio","Tiempo de lectura":"2 minutos"},"schema":{"@context":"https:\/\/schema.org","@graph":[{"@type":"Article","@id":"https:\/\/mont-roig.cat\/es\/actualitat\/noticies\/a-lhivern-i-tot-lany-los-mecanicos-de-las-brigadas-pieza-clave-para-el-buen-funcionamiento-de-los-servicios-municipales-en-la-nueva-accion-de-la-campana\/#article","isPartOf":{"@id":"https:\/\/mont-roig.cat\/es\/actualitat\/noticies\/a-lhivern-i-tot-lany-los-mecanicos-de-las-brigadas-pieza-clave-para-el-buen-funcionamiento-de-los-servicios-municipales-en-la-nueva-accion-de-la-campana\/"},"author":{"name":"comunicacio","@id":"https:\/\/mont-roig.cat\/es\/#\/schema\/person\/1f73e7b5e6f9dd122e8a6f14f310ac5e"},"headline":"\u00a1A l\u2019hivern i tot l\u2019any! Los mec\u00e1nicos de las brigadas, pieza clave para el buen funcionamiento de los servicios municipales en la nueva acci\u00f3n de la campa\u00f1a","datePublished":"2026-01-09T10:19:44+00:00","dateModified":"2026-01-09T10:23:46+00:00","mainEntityOfPage":{"@id":"https:\/\/mont-roig.cat\/es\/actualitat\/noticies\/a-lhivern-i-tot-lany-los-mecanicos-de-las-brigadas-pieza-clave-para-el-buen-funcionamiento-de-los-servicios-municipales-en-la-nueva-accion-de-la-campana\/"},"wordCount":344,"image":{"@id":"https:\/\/mont-roig.cat\/es\/actualitat\/noticies\/a-lhivern-i-tot-lany-los-mecanicos-de-las-brigadas-pieza-clave-para-el-buen-funcionamiento-de-los-servicios-municipales-en-la-nueva-accion-de-la-campana\/#primaryimage"},"thumbnailUrl":"https:\/\/mont-roig.cat\/wp-content\/uploads\/Nostreserveis_HIVERN-GENER_meca\u2560Cnica_BUS_page-0001.jpg","articleSection":["Ayuntamiento","Nostreserveis"],"inLanguage":"es"},{"@type":"WebPage","@id":"https:\/\/mont-roig.cat\/es\/actualitat\/noticies\/a-lhivern-i-tot-lany-los-mecanicos-de-las-brigadas-pieza-clave-para-el-buen-funcionamiento-de-los-servicios-municipales-en-la-nueva-accion-de-la-campana\/","url":"https:\/\/mont-roig.cat\/es\/actualitat\/noticies\/a-lhivern-i-tot-lany-los-mecanicos-de-las-brigadas-pieza-clave-para-el-buen-funcionamiento-de-los-servicios-municipales-en-la-nueva-accion-de-la-campana\/","name":"\u00a1A l\u2019hivern i tot l\u2019any! Los mec\u00e1nicos de las brigadas, pieza clave para el buen funcionamiento de los servicios municipales en la nueva acci\u00f3n de la campa\u00f1a - Ajuntament de Mont-roig del Camp","isPartOf":{"@id":"https:\/\/mont-roig.cat\/es\/#website"},"primaryImageOfPage":{"@id":"https:\/\/mont-roig.cat\/es\/actualitat\/noticies\/a-lhivern-i-tot-lany-los-mecanicos-de-las-brigadas-pieza-clave-para-el-buen-funcionamiento-de-los-servicios-municipales-en-la-nueva-accion-de-la-campana\/#primaryimage"},"image":{"@id":"https:\/\/mont-roig.cat\/es\/actualitat\/noticies\/a-lhivern-i-tot-lany-los-mecanicos-de-las-brigadas-pieza-clave-para-el-buen-funcionamiento-de-los-servicios-municipales-en-la-nueva-accion-de-la-campana\/#primaryimage"},"thumbnailUrl":"https:\/\/mont-roig.cat\/wp-content\/uploads\/Nostreserveis_HIVERN-GENER_meca\u2560Cnica_BUS_page-0001.jpg","datePublished":"2026-01-09T10:19:44+00:00","dateModified":"2026-01-09T10:23:46+00:00","author":{"@id":"https:\/\/mont-roig.cat\/es\/#\/schema\/person\/1f73e7b5e6f9dd122e8a6f14f310ac5e"},"breadcrumb":{"@id":"https:\/\/mont-roig.cat\/es\/actualitat\/noticies\/a-lhivern-i-tot-lany-los-mecanicos-de-las-brigadas-pieza-clave-para-el-buen-funcionamiento-de-los-servicios-municipales-en-la-nueva-accion-de-la-campana\/#breadcrumb"},"inLanguage":"es","potentialAction":[{"@type":"ReadAction","target":["https:\/\/mont-roig.cat\/es\/actualitat\/noticies\/a-lhivern-i-tot-lany-los-mecanicos-de-las-brigadas-pieza-clave-para-el-buen-funcionamiento-de-los-servicios-municipales-en-la-nueva-accion-de-la-campana\/"]}]},{"@type":"ImageObject","inLanguage":"es","@id":"https:\/\/mont-roig.cat\/es\/actualitat\/noticies\/a-lhivern-i-tot-lany-los-mecanicos-de-las-brigadas-pieza-clave-para-el-buen-funcionamiento-de-los-servicios-municipales-en-la-nueva-accion-de-la-campana\/#primaryimage","url":"https:\/\/mont-roig.cat\/wp-content\/uploads\/Nostreserveis_HIVERN-GENER_meca\u2560Cnica_BUS_page-0001.jpg","contentUrl":"https:\/\/mont-roig.cat\/wp-content\/uploads\/Nostreserveis_HIVERN-GENER_meca\u2560Cnica_BUS_page-0001.jpg","width":6929,"height":7225},{"@type":"BreadcrumbList","@id":"https:\/\/mont-roig.cat\/es\/actualitat\/noticies\/a-lhivern-i-tot-lany-los-mecanicos-de-las-brigadas-pieza-clave-para-el-buen-funcionamiento-de-los-servicios-municipales-en-la-nueva-accion-de-la-campana\/#breadcrumb","itemListElement":[{"@type":"ListItem","position":1,"name":"Inici","item":"https:\/\/mont-roig.cat\/es\/pagina-de-inicio\/"},{"@type":"ListItem","position":2,"name":"\u00a1A l\u2019hivern i tot l\u2019any! Los mec\u00e1nicos de las brigadas, pieza clave para el buen funcionamiento de los servicios municipales en la nueva acci\u00f3n de la campa\u00f1a"}]},{"@type":"WebSite","@id":"https:\/\/mont-roig.cat\/es\/#website","url":"https:\/\/mont-roig.cat\/es\/","name":"Ajuntament de Mont-roig del Camp","description":"Tota la informaci\u00f3 sobre la instituci\u00f3, els seus \u00f2rgans de govern, actualitat, serveis i molt m\u00e9s.","potentialAction":[{"@type":"SearchAction","target":{"@type":"EntryPoint","urlTemplate":"https:\/\/mont-roig.cat\/es\/?s={search_term_string}"},"query-input":{"@type":"PropertyValueSpecification","valueRequired":true,"valueName":"search_term_string"}}],"inLanguage":"es"},{"@type":"Person","@id":"https:\/\/mont-roig.cat\/es\/#\/schema\/person\/1f73e7b5e6f9dd122e8a6f14f310ac5e","name":"comunicacio","image":{"@type":"ImageObject","inLanguage":"es","@id":"https:\/\/secure.gravatar.com\/avatar\/98944333e7a877670a64f8d10f0cb680ab2c9ebc4efc43945ef004b52b5ad28c?s=96&d=mm&r=g","url":"https:\/\/secure.gravatar.com\/avatar\/98944333e7a877670a64f8d10f0cb680ab2c9ebc4efc43945ef004b52b5ad28c?s=96&d=mm&r=g","contentUrl":"https:\/\/secure.gravatar.com\/avatar\/98944333e7a877670a64f8d10f0cb680ab2c9ebc4efc43945ef004b52b5ad28c?s=96&d=mm&r=g","caption":"comunicacio"},"url":"https:\/\/mont-roig.cat\/es\/actualitat\/noticies\/author\/comunicacio\/"}]}},"_links":{"self":[{"href":"https:\/\/mont-roig.cat\/es\/wp-json\/wp\/v2\/posts\/87891","targetHints":{"allow":["GET"]}}],"collection":[{"href":"https:\/\/mont-roig.cat\/es\/wp-json\/wp\/v2\/posts"}],"about":[{"href":"https:\/\/mont-roig.cat\/es\/wp-json\/wp\/v2\/types\/post"}],"author":[{"embeddable":true,"href":"https:\/\/mont-roig.cat\/es\/wp-json\/wp\/v2\/users\/13"}],"replies":[{"embeddable":true,"href":"https:\/\/mont-roig.cat\/es\/wp-json\/wp\/v2\/comments?post=87891"}],"version-history":[{"count":2,"href":"https:\/\/mont-roig.cat\/es\/wp-json\/wp\/v2\/posts\/87891\/revisions"}],"predecessor-version":[{"id":87893,"href":"https:\/\/mont-roig.cat\/es\/wp-json\/wp\/v2\/posts\/87891\/revisions\/87893"}],"wp:featuredmedia":[{"embeddable":true,"href":"https:\/\/mont-roig.cat\/es\/wp-json\/wp\/v2\/media\/87889"}],"wp:attachment":[{"href":"https:\/\/mont-roig.cat\/es\/wp-json\/wp\/v2\/media?parent=87891"}],"wp:term":[{"taxonomy":"category","embeddable":true,"href":"https:\/\/mont-roig.cat\/es\/wp-json\/wp\/v2\/categories?post=87891"},{"taxonomy":"post_tag","embeddable":true,"href":"https:\/\/mont-roig.cat\/es\/wp-json\/wp\/v2\/tags?post=87891"}],"curies":[{"name":"wp","href":"https:\/\/api.w.org\/{rel}","templated":true}]}}