{"id":88217,"date":"2026-01-20T13:17:31","date_gmt":"2026-01-20T12:17:31","guid":{"rendered":"https:\/\/mont-roig.cat\/actualitat\/noticies\/nostraigua-inicia-lany-amb-les-obres-de-substitucio-de-la-xarxa-daigua-potable-a-lavinguda-mare-nostrum\/"},"modified":"2026-01-20T13:34:46","modified_gmt":"2026-01-20T12:34:46","slug":"nostraigua-inicia-el-ano-con-las-obras-de-sustitucion-de-la-red-de-agua-potable-en-la-avenida-mare-nostrum","status":"publish","type":"post","link":"https:\/\/mont-roig.cat\/es\/actualitat\/noticies\/nostraigua-inicia-el-ano-con-las-obras-de-sustitucion-de-la-red-de-agua-potable-en-la-avenida-mare-nostrum\/","title":{"rendered":"Nostraigua inicia el a\u00f1o con las obras de sustituci\u00f3n de la red de agua potable en la avenida Mare Nostrum"},"content":{"rendered":"<ul>\n<li><strong><strong><a href=\"https:\/\/mont-roig.cat\/wp-content\/uploads\/nostraigua-2-scaled.jpg\" target=\"_blank\" rel=\"noopener\"><img loading=\"lazy\" decoding=\"async\" class=\"alignright wp-image-88213\" src=\"https:\/\/mont-roig.cat\/wp-content\/uploads\/nostraigua-2-500x281.jpg\" alt=\"\" width=\"294\" height=\"165\" srcset=\"https:\/\/mont-roig.cat\/wp-content\/uploads\/nostraigua-2-500x281.jpg 500w, https:\/\/mont-roig.cat\/wp-content\/uploads\/nostraigua-2-1024x576.jpg 1024w, https:\/\/mont-roig.cat\/wp-content\/uploads\/nostraigua-2-768x432.jpg 768w, https:\/\/mont-roig.cat\/wp-content\/uploads\/nostraigua-2-1536x864.jpg 1536w, https:\/\/mont-roig.cat\/wp-content\/uploads\/nostraigua-2-scaled.jpg 2048w\" sizes=\"auto, (max-width: 294px) 100vw, 294px\" \/><\/a><\/strong>La actuaci\u00f3n permitir\u00e1 mejorar el rendimiento de la red y reducir las p\u00e9rdidas de agua en este \u00e1mbito de la urbanizaci\u00f3n la Riviera<\/strong><\/li>\n<\/ul>\n<p data-start=\"373\" data-end=\"643\">Nostraigua ha iniciado el a\u00f1o con la ejecuci\u00f3n de las obras de sustituci\u00f3n de la red de agua potable en la avenida Mare Nostrum de la urbanizaci\u00f3n la Riviera, una actuaci\u00f3n destinada a mejorar el servicio de abastecimiento de agua en este sector de Mont-roig del Camp.<\/p>\n<p data-start=\"645\" data-end=\"1151\">La intervenci\u00f3n responde a la necesidad de renovar una red de agua antigua y en mal estado, que en los \u00faltimos a\u00f1os ha presentado un n\u00famero elevado de fugas y un bajo rendimiento. Actualmente, la tuber\u00eda discurre por la calzada, lo que incrementa el riesgo de aver\u00edas y dificulta las tareas de mantenimiento. Esta actuaci\u00f3n da continuidad a los trabajos realizados en 2022 en las calles Nept\u00fa, Nautilus, Posid\u00f3 y en un tramo de la calle \u00c1mfora, todos ellos conectados a la red de la avenida Mare Nostrum.<\/p>\n<p data-start=\"1153\" data-end=\"1410\">El objetivo principal del proyecto es mejorar el rendimiento de la red general de abastecimiento de agua potable de la avenida Mare Nostrum, reduciendo las p\u00e9rdidas de agua y contribuyendo a una gesti\u00f3n m\u00e1s eficiente y sostenible de los recursos h\u00eddricos.<\/p>\n<p data-start=\"1412\" data-end=\"1653\">Las obras tienen una duraci\u00f3n prevista aproximada de un mes. El proyecto cuenta con un presupuesto de ejecuci\u00f3n de 46.405,51 euros (IVA incluido), financiado con fondos propios, y ha sido adjudicado a la empresa Canalizaciones La Torre SL.<\/p>\n<p data-start=\"1655\" data-end=\"1877\">En cuanto a la afectaci\u00f3n a la ciudadan\u00eda, se prev\u00e9n cortes puntuales del servicio de agua \u00fanicamente en el momento de realizar las conexiones definitivas a la nueva red, que ser\u00e1n debidamente comunicados con antelaci\u00f3n.<\/p>\n<p data-start=\"1879\" data-end=\"2120\">Con esta actuaci\u00f3n, Nostraigua reafirma su compromiso con la mejora continua de las infraestructuras hidr\u00e1ulicas, la reducci\u00f3n de las p\u00e9rdidas de agua y la prestaci\u00f3n de un servicio de abastecimiento m\u00e1s eficiente, sostenible y de calidad.<\/p>\n<p>&nbsp;<\/p>\n","protected":false},"excerpt":{"rendered":"<p>La actuaci\u00f3n permitir\u00e1 mejorar el rendimiento de la red y reducir las p\u00e9rdidas de agua en este \u00e1mbito de la urbanizaci\u00f3n la Riviera Nostraigua ha iniciado el a\u00f1o con la ejecuci\u00f3n de las obras de sustituci\u00f3n de la red de agua potable en la avenida Mare Nostrum de la urbanizaci\u00f3n la Riviera, una actuaci\u00f3n destinada [&hellip;]<\/p>\n","protected":false},"author":13,"featured_media":88215,"comment_status":"closed","ping_status":"closed","sticky":false,"template":"","format":"standard","meta":{"inline_featured_image":false,"_monsterinsights_skip_tracking":false,"_monsterinsights_sitenote_active":false,"_monsterinsights_sitenote_note":"","_monsterinsights_sitenote_category":0,"footnotes":""},"categories":[98,203],"tags":[],"class_list":["post-88217","post","type-post","status-publish","format-standard","has-post-thumbnail","hentry","category-ayuntamiento","category-nostraigua-es"],"yoast_head":"<!-- This site is optimized with the Yoast SEO plugin v27.4 - https:\/\/yoast.com\/product\/yoast-seo-wordpress\/ -->\n<title>Nostraigua inicia el a\u00f1o con las obras de sustituci\u00f3n de la red de agua potable en la avenida Mare Nostrum - Ajuntament de Mont-roig del Camp<\/title>\n<meta name=\"robots\" content=\"index, follow, max-snippet:-1, max-image-preview:large, max-video-preview:-1\" \/>\n<link rel=\"canonical\" href=\"https:\/\/mont-roig.cat\/es\/actualitat\/noticies\/nostraigua-inicia-el-ano-con-las-obras-de-sustitucion-de-la-red-de-agua-potable-en-la-avenida-mare-nostrum\/\" \/>\n<meta property=\"og:locale\" content=\"es_ES\" \/>\n<meta property=\"og:type\" content=\"article\" \/>\n<meta property=\"og:title\" content=\"Nostraigua inicia el a\u00f1o con las obras de sustituci\u00f3n de la red de agua potable en la avenida Mare Nostrum - Ajuntament de Mont-roig del Camp\" \/>\n<meta property=\"og:description\" content=\"La actuaci\u00f3n permitir\u00e1 mejorar el rendimiento de la red y reducir las p\u00e9rdidas de agua en este \u00e1mbito de la urbanizaci\u00f3n la Riviera Nostraigua ha iniciado el a\u00f1o con la ejecuci\u00f3n de las obras de sustituci\u00f3n de la red de agua potable en la avenida Mare Nostrum de la urbanizaci\u00f3n la Riviera, una actuaci\u00f3n destinada [&hellip;]\" \/>\n<meta property=\"og:url\" content=\"https:\/\/mont-roig.cat\/es\/actualitat\/noticies\/nostraigua-inicia-el-ano-con-las-obras-de-sustitucion-de-la-red-de-agua-potable-en-la-avenida-mare-nostrum\/\" \/>\n<meta property=\"og:site_name\" content=\"Ajuntament de Mont-roig del Camp\" \/>\n<meta property=\"article:published_time\" content=\"2026-01-20T12:17:31+00:00\" \/>\n<meta property=\"article:modified_time\" content=\"2026-01-20T12:34:46+00:00\" \/>\n<meta property=\"og:image\" content=\"https:\/\/mont-roig.cat\/wp-content\/uploads\/nostraigua-2-scaled.jpg\" \/>\n\t<meta property=\"og:image:width\" content=\"2048\" \/>\n\t<meta property=\"og:image:height\" content=\"1152\" \/>\n\t<meta property=\"og:image:type\" content=\"image\/jpeg\" \/>\n<meta name=\"author\" content=\"comunicacio\" \/>\n<meta name=\"twitter:card\" content=\"summary_large_image\" \/>\n<meta name=\"twitter:label1\" content=\"Escrito por\" \/>\n\t<meta name=\"twitter:data1\" content=\"comunicacio\" \/>\n\t<meta name=\"twitter:label2\" content=\"Tiempo de lectura\" \/>\n\t<meta name=\"twitter:data2\" content=\"3 minutos\" \/>\n<script type=\"application\/ld+json\" class=\"yoast-schema-graph\">{\"@context\":\"https:\\\/\\\/schema.org\",\"@graph\":[{\"@type\":\"Article\",\"@id\":\"https:\\\/\\\/mont-roig.cat\\\/es\\\/actualitat\\\/noticies\\\/nostraigua-inicia-el-ano-con-las-obras-de-sustitucion-de-la-red-de-agua-potable-en-la-avenida-mare-nostrum\\\/#article\",\"isPartOf\":{\"@id\":\"https:\\\/\\\/mont-roig.cat\\\/es\\\/actualitat\\\/noticies\\\/nostraigua-inicia-el-ano-con-las-obras-de-sustitucion-de-la-red-de-agua-potable-en-la-avenida-mare-nostrum\\\/\"},\"author\":{\"name\":\"comunicacio\",\"@id\":\"https:\\\/\\\/mont-roig.cat\\\/es\\\/#\\\/schema\\\/person\\\/1f73e7b5e6f9dd122e8a6f14f310ac5e\"},\"headline\":\"Nostraigua inicia el a\u00f1o con las obras de sustituci\u00f3n de la red de agua potable en la avenida Mare Nostrum\",\"datePublished\":\"2026-01-20T12:17:31+00:00\",\"dateModified\":\"2026-01-20T12:34:46+00:00\",\"mainEntityOfPage\":{\"@id\":\"https:\\\/\\\/mont-roig.cat\\\/es\\\/actualitat\\\/noticies\\\/nostraigua-inicia-el-ano-con-las-obras-de-sustitucion-de-la-red-de-agua-potable-en-la-avenida-mare-nostrum\\\/\"},\"wordCount\":360,\"image\":{\"@id\":\"https:\\\/\\\/mont-roig.cat\\\/es\\\/actualitat\\\/noticies\\\/nostraigua-inicia-el-ano-con-las-obras-de-sustitucion-de-la-red-de-agua-potable-en-la-avenida-mare-nostrum\\\/#primaryimage\"},\"thumbnailUrl\":\"https:\\\/\\\/mont-roig.cat\\\/wp-content\\\/uploads\\\/nostraigua-2-scaled.jpg\",\"articleSection\":[\"Ayuntamiento\",\"Nostraigua\"],\"inLanguage\":\"es\"},{\"@type\":\"WebPage\",\"@id\":\"https:\\\/\\\/mont-roig.cat\\\/es\\\/actualitat\\\/noticies\\\/nostraigua-inicia-el-ano-con-las-obras-de-sustitucion-de-la-red-de-agua-potable-en-la-avenida-mare-nostrum\\\/\",\"url\":\"https:\\\/\\\/mont-roig.cat\\\/es\\\/actualitat\\\/noticies\\\/nostraigua-inicia-el-ano-con-las-obras-de-sustitucion-de-la-red-de-agua-potable-en-la-avenida-mare-nostrum\\\/\",\"name\":\"Nostraigua inicia el a\u00f1o con las obras de sustituci\u00f3n de la red de agua potable en la avenida Mare Nostrum - Ajuntament de Mont-roig del Camp\",\"isPartOf\":{\"@id\":\"https:\\\/\\\/mont-roig.cat\\\/es\\\/#website\"},\"primaryImageOfPage\":{\"@id\":\"https:\\\/\\\/mont-roig.cat\\\/es\\\/actualitat\\\/noticies\\\/nostraigua-inicia-el-ano-con-las-obras-de-sustitucion-de-la-red-de-agua-potable-en-la-avenida-mare-nostrum\\\/#primaryimage\"},\"image\":{\"@id\":\"https:\\\/\\\/mont-roig.cat\\\/es\\\/actualitat\\\/noticies\\\/nostraigua-inicia-el-ano-con-las-obras-de-sustitucion-de-la-red-de-agua-potable-en-la-avenida-mare-nostrum\\\/#primaryimage\"},\"thumbnailUrl\":\"https:\\\/\\\/mont-roig.cat\\\/wp-content\\\/uploads\\\/nostraigua-2-scaled.jpg\",\"datePublished\":\"2026-01-20T12:17:31+00:00\",\"dateModified\":\"2026-01-20T12:34:46+00:00\",\"author\":{\"@id\":\"https:\\\/\\\/mont-roig.cat\\\/es\\\/#\\\/schema\\\/person\\\/1f73e7b5e6f9dd122e8a6f14f310ac5e\"},\"breadcrumb\":{\"@id\":\"https:\\\/\\\/mont-roig.cat\\\/es\\\/actualitat\\\/noticies\\\/nostraigua-inicia-el-ano-con-las-obras-de-sustitucion-de-la-red-de-agua-potable-en-la-avenida-mare-nostrum\\\/#breadcrumb\"},\"inLanguage\":\"es\",\"potentialAction\":[{\"@type\":\"ReadAction\",\"target\":[\"https:\\\/\\\/mont-roig.cat\\\/es\\\/actualitat\\\/noticies\\\/nostraigua-inicia-el-ano-con-las-obras-de-sustitucion-de-la-red-de-agua-potable-en-la-avenida-mare-nostrum\\\/\"]}]},{\"@type\":\"ImageObject\",\"inLanguage\":\"es\",\"@id\":\"https:\\\/\\\/mont-roig.cat\\\/es\\\/actualitat\\\/noticies\\\/nostraigua-inicia-el-ano-con-las-obras-de-sustitucion-de-la-red-de-agua-potable-en-la-avenida-mare-nostrum\\\/#primaryimage\",\"url\":\"https:\\\/\\\/mont-roig.cat\\\/wp-content\\\/uploads\\\/nostraigua-2-scaled.jpg\",\"contentUrl\":\"https:\\\/\\\/mont-roig.cat\\\/wp-content\\\/uploads\\\/nostraigua-2-scaled.jpg\",\"width\":2048,\"height\":1152},{\"@type\":\"BreadcrumbList\",\"@id\":\"https:\\\/\\\/mont-roig.cat\\\/es\\\/actualitat\\\/noticies\\\/nostraigua-inicia-el-ano-con-las-obras-de-sustitucion-de-la-red-de-agua-potable-en-la-avenida-mare-nostrum\\\/#breadcrumb\",\"itemListElement\":[{\"@type\":\"ListItem\",\"position\":1,\"name\":\"Inici\",\"item\":\"https:\\\/\\\/mont-roig.cat\\\/es\\\/pagina-de-inicio\\\/\"},{\"@type\":\"ListItem\",\"position\":2,\"name\":\"Nostraigua inicia el a\u00f1o con las obras de sustituci\u00f3n de la red de agua potable en la avenida Mare Nostrum\"}]},{\"@type\":\"WebSite\",\"@id\":\"https:\\\/\\\/mont-roig.cat\\\/es\\\/#website\",\"url\":\"https:\\\/\\\/mont-roig.cat\\\/es\\\/\",\"name\":\"Ajuntament de Mont-roig del Camp\",\"description\":\"Tota la informaci\u00f3 sobre la instituci\u00f3, els seus \u00f2rgans de govern, actualitat, serveis i molt m\u00e9s.\",\"potentialAction\":[{\"@type\":\"SearchAction\",\"target\":{\"@type\":\"EntryPoint\",\"urlTemplate\":\"https:\\\/\\\/mont-roig.cat\\\/es\\\/?s={search_term_string}\"},\"query-input\":{\"@type\":\"PropertyValueSpecification\",\"valueRequired\":true,\"valueName\":\"search_term_string\"}}],\"inLanguage\":\"es\"},{\"@type\":\"Person\",\"@id\":\"https:\\\/\\\/mont-roig.cat\\\/es\\\/#\\\/schema\\\/person\\\/1f73e7b5e6f9dd122e8a6f14f310ac5e\",\"name\":\"comunicacio\",\"image\":{\"@type\":\"ImageObject\",\"inLanguage\":\"es\",\"@id\":\"https:\\\/\\\/secure.gravatar.com\\\/avatar\\\/98944333e7a877670a64f8d10f0cb680ab2c9ebc4efc43945ef004b52b5ad28c?s=96&d=mm&r=g\",\"url\":\"https:\\\/\\\/secure.gravatar.com\\\/avatar\\\/98944333e7a877670a64f8d10f0cb680ab2c9ebc4efc43945ef004b52b5ad28c?s=96&d=mm&r=g\",\"contentUrl\":\"https:\\\/\\\/secure.gravatar.com\\\/avatar\\\/98944333e7a877670a64f8d10f0cb680ab2c9ebc4efc43945ef004b52b5ad28c?s=96&d=mm&r=g\",\"caption\":\"comunicacio\"},\"url\":\"https:\\\/\\\/mont-roig.cat\\\/es\\\/actualitat\\\/noticies\\\/author\\\/comunicacio\\\/\"}]}<\/script>\n<!-- \/ Yoast SEO plugin. -->","yoast_head_json":{"title":"Nostraigua inicia el a\u00f1o con las obras de sustituci\u00f3n de la red de agua potable en la avenida Mare Nostrum - Ajuntament de Mont-roig del Camp","robots":{"index":"index","follow":"follow","max-snippet":"max-snippet:-1","max-image-preview":"max-image-preview:large","max-video-preview":"max-video-preview:-1"},"canonical":"https:\/\/mont-roig.cat\/es\/actualitat\/noticies\/nostraigua-inicia-el-ano-con-las-obras-de-sustitucion-de-la-red-de-agua-potable-en-la-avenida-mare-nostrum\/","og_locale":"es_ES","og_type":"article","og_title":"Nostraigua inicia el a\u00f1o con las obras de sustituci\u00f3n de la red de agua potable en la avenida Mare Nostrum - Ajuntament de Mont-roig del Camp","og_description":"La actuaci\u00f3n permitir\u00e1 mejorar el rendimiento de la red y reducir las p\u00e9rdidas de agua en este \u00e1mbito de la urbanizaci\u00f3n la Riviera Nostraigua ha iniciado el a\u00f1o con la ejecuci\u00f3n de las obras de sustituci\u00f3n de la red de agua potable en la avenida Mare Nostrum de la urbanizaci\u00f3n la Riviera, una actuaci\u00f3n destinada [&hellip;]","og_url":"https:\/\/mont-roig.cat\/es\/actualitat\/noticies\/nostraigua-inicia-el-ano-con-las-obras-de-sustitucion-de-la-red-de-agua-potable-en-la-avenida-mare-nostrum\/","og_site_name":"Ajuntament de Mont-roig del Camp","article_published_time":"2026-01-20T12:17:31+00:00","article_modified_time":"2026-01-20T12:34:46+00:00","og_image":[{"width":2048,"height":1152,"url":"https:\/\/mont-roig.cat\/wp-content\/uploads\/nostraigua-2-scaled.jpg","type":"image\/jpeg"}],"author":"comunicacio","twitter_card":"summary_large_image","twitter_misc":{"Escrito por":"comunicacio","Tiempo de lectura":"3 minutos"},"schema":{"@context":"https:\/\/schema.org","@graph":[{"@type":"Article","@id":"https:\/\/mont-roig.cat\/es\/actualitat\/noticies\/nostraigua-inicia-el-ano-con-las-obras-de-sustitucion-de-la-red-de-agua-potable-en-la-avenida-mare-nostrum\/#article","isPartOf":{"@id":"https:\/\/mont-roig.cat\/es\/actualitat\/noticies\/nostraigua-inicia-el-ano-con-las-obras-de-sustitucion-de-la-red-de-agua-potable-en-la-avenida-mare-nostrum\/"},"author":{"name":"comunicacio","@id":"https:\/\/mont-roig.cat\/es\/#\/schema\/person\/1f73e7b5e6f9dd122e8a6f14f310ac5e"},"headline":"Nostraigua inicia el a\u00f1o con las obras de sustituci\u00f3n de la red de agua potable en la avenida Mare Nostrum","datePublished":"2026-01-20T12:17:31+00:00","dateModified":"2026-01-20T12:34:46+00:00","mainEntityOfPage":{"@id":"https:\/\/mont-roig.cat\/es\/actualitat\/noticies\/nostraigua-inicia-el-ano-con-las-obras-de-sustitucion-de-la-red-de-agua-potable-en-la-avenida-mare-nostrum\/"},"wordCount":360,"image":{"@id":"https:\/\/mont-roig.cat\/es\/actualitat\/noticies\/nostraigua-inicia-el-ano-con-las-obras-de-sustitucion-de-la-red-de-agua-potable-en-la-avenida-mare-nostrum\/#primaryimage"},"thumbnailUrl":"https:\/\/mont-roig.cat\/wp-content\/uploads\/nostraigua-2-scaled.jpg","articleSection":["Ayuntamiento","Nostraigua"],"inLanguage":"es"},{"@type":"WebPage","@id":"https:\/\/mont-roig.cat\/es\/actualitat\/noticies\/nostraigua-inicia-el-ano-con-las-obras-de-sustitucion-de-la-red-de-agua-potable-en-la-avenida-mare-nostrum\/","url":"https:\/\/mont-roig.cat\/es\/actualitat\/noticies\/nostraigua-inicia-el-ano-con-las-obras-de-sustitucion-de-la-red-de-agua-potable-en-la-avenida-mare-nostrum\/","name":"Nostraigua inicia el a\u00f1o con las obras de sustituci\u00f3n de la red de agua potable en la avenida Mare Nostrum - Ajuntament de Mont-roig del Camp","isPartOf":{"@id":"https:\/\/mont-roig.cat\/es\/#website"},"primaryImageOfPage":{"@id":"https:\/\/mont-roig.cat\/es\/actualitat\/noticies\/nostraigua-inicia-el-ano-con-las-obras-de-sustitucion-de-la-red-de-agua-potable-en-la-avenida-mare-nostrum\/#primaryimage"},"image":{"@id":"https:\/\/mont-roig.cat\/es\/actualitat\/noticies\/nostraigua-inicia-el-ano-con-las-obras-de-sustitucion-de-la-red-de-agua-potable-en-la-avenida-mare-nostrum\/#primaryimage"},"thumbnailUrl":"https:\/\/mont-roig.cat\/wp-content\/uploads\/nostraigua-2-scaled.jpg","datePublished":"2026-01-20T12:17:31+00:00","dateModified":"2026-01-20T12:34:46+00:00","author":{"@id":"https:\/\/mont-roig.cat\/es\/#\/schema\/person\/1f73e7b5e6f9dd122e8a6f14f310ac5e"},"breadcrumb":{"@id":"https:\/\/mont-roig.cat\/es\/actualitat\/noticies\/nostraigua-inicia-el-ano-con-las-obras-de-sustitucion-de-la-red-de-agua-potable-en-la-avenida-mare-nostrum\/#breadcrumb"},"inLanguage":"es","potentialAction":[{"@type":"ReadAction","target":["https:\/\/mont-roig.cat\/es\/actualitat\/noticies\/nostraigua-inicia-el-ano-con-las-obras-de-sustitucion-de-la-red-de-agua-potable-en-la-avenida-mare-nostrum\/"]}]},{"@type":"ImageObject","inLanguage":"es","@id":"https:\/\/mont-roig.cat\/es\/actualitat\/noticies\/nostraigua-inicia-el-ano-con-las-obras-de-sustitucion-de-la-red-de-agua-potable-en-la-avenida-mare-nostrum\/#primaryimage","url":"https:\/\/mont-roig.cat\/wp-content\/uploads\/nostraigua-2-scaled.jpg","contentUrl":"https:\/\/mont-roig.cat\/wp-content\/uploads\/nostraigua-2-scaled.jpg","width":2048,"height":1152},{"@type":"BreadcrumbList","@id":"https:\/\/mont-roig.cat\/es\/actualitat\/noticies\/nostraigua-inicia-el-ano-con-las-obras-de-sustitucion-de-la-red-de-agua-potable-en-la-avenida-mare-nostrum\/#breadcrumb","itemListElement":[{"@type":"ListItem","position":1,"name":"Inici","item":"https:\/\/mont-roig.cat\/es\/pagina-de-inicio\/"},{"@type":"ListItem","position":2,"name":"Nostraigua inicia el a\u00f1o con las obras de sustituci\u00f3n de la red de agua potable en la avenida Mare Nostrum"}]},{"@type":"WebSite","@id":"https:\/\/mont-roig.cat\/es\/#website","url":"https:\/\/mont-roig.cat\/es\/","name":"Ajuntament de Mont-roig del Camp","description":"Tota la informaci\u00f3 sobre la instituci\u00f3, els seus \u00f2rgans de govern, actualitat, serveis i molt m\u00e9s.","potentialAction":[{"@type":"SearchAction","target":{"@type":"EntryPoint","urlTemplate":"https:\/\/mont-roig.cat\/es\/?s={search_term_string}"},"query-input":{"@type":"PropertyValueSpecification","valueRequired":true,"valueName":"search_term_string"}}],"inLanguage":"es"},{"@type":"Person","@id":"https:\/\/mont-roig.cat\/es\/#\/schema\/person\/1f73e7b5e6f9dd122e8a6f14f310ac5e","name":"comunicacio","image":{"@type":"ImageObject","inLanguage":"es","@id":"https:\/\/secure.gravatar.com\/avatar\/98944333e7a877670a64f8d10f0cb680ab2c9ebc4efc43945ef004b52b5ad28c?s=96&d=mm&r=g","url":"https:\/\/secure.gravatar.com\/avatar\/98944333e7a877670a64f8d10f0cb680ab2c9ebc4efc43945ef004b52b5ad28c?s=96&d=mm&r=g","contentUrl":"https:\/\/secure.gravatar.com\/avatar\/98944333e7a877670a64f8d10f0cb680ab2c9ebc4efc43945ef004b52b5ad28c?s=96&d=mm&r=g","caption":"comunicacio"},"url":"https:\/\/mont-roig.cat\/es\/actualitat\/noticies\/author\/comunicacio\/"}]}},"_links":{"self":[{"href":"https:\/\/mont-roig.cat\/es\/wp-json\/wp\/v2\/posts\/88217","targetHints":{"allow":["GET"]}}],"collection":[{"href":"https:\/\/mont-roig.cat\/es\/wp-json\/wp\/v2\/posts"}],"about":[{"href":"https:\/\/mont-roig.cat\/es\/wp-json\/wp\/v2\/types\/post"}],"author":[{"embeddable":true,"href":"https:\/\/mont-roig.cat\/es\/wp-json\/wp\/v2\/users\/13"}],"replies":[{"embeddable":true,"href":"https:\/\/mont-roig.cat\/es\/wp-json\/wp\/v2\/comments?post=88217"}],"version-history":[{"count":2,"href":"https:\/\/mont-roig.cat\/es\/wp-json\/wp\/v2\/posts\/88217\/revisions"}],"predecessor-version":[{"id":88219,"href":"https:\/\/mont-roig.cat\/es\/wp-json\/wp\/v2\/posts\/88217\/revisions\/88219"}],"wp:featuredmedia":[{"embeddable":true,"href":"https:\/\/mont-roig.cat\/es\/wp-json\/wp\/v2\/media\/88215"}],"wp:attachment":[{"href":"https:\/\/mont-roig.cat\/es\/wp-json\/wp\/v2\/media?parent=88217"}],"wp:term":[{"taxonomy":"category","embeddable":true,"href":"https:\/\/mont-roig.cat\/es\/wp-json\/wp\/v2\/categories?post=88217"},{"taxonomy":"post_tag","embeddable":true,"href":"https:\/\/mont-roig.cat\/es\/wp-json\/wp\/v2\/tags?post=88217"}],"curies":[{"name":"wp","href":"https:\/\/api.w.org\/{rel}","templated":true}]}}