{"id":88265,"date":"2026-01-23T12:36:29","date_gmt":"2026-01-23T11:36:29","guid":{"rendered":"https:\/\/mont-roig.cat\/actualitat\/noticies\/nou-programa-tokl-2-per-als-joves-de-mont-roig-del-camp-i-miami-platja-i-de-vandellos-i-lhospitalet-de-linfant\/"},"modified":"2026-01-23T13:24:43","modified_gmt":"2026-01-23T12:24:43","slug":"nuevo-programa-tokl-2-para-los-jovenes-de-mont-roig-del-camp-y-miami-platja-y-vandellos-i-lhospitalet-de-linfant","status":"publish","type":"post","link":"https:\/\/mont-roig.cat\/es\/actualitat\/noticies\/nuevo-programa-tokl-2-para-los-jovenes-de-mont-roig-del-camp-y-miami-platja-y-vandellos-i-lhospitalet-de-linfant\/","title":{"rendered":"Nuevo programa Tok\u2019l 2 para los j\u00f3venes de Mont-roig del Camp y Miami Platja y Vandell\u00f2s i l\u2019Hospitalet de l\u2019Infant"},"content":{"rendered":"<div id=\"attachment_88261\" style=\"width: 319px\" class=\"wp-caption alignright\"><a href=\"https:\/\/mont-roig.cat\/wp-content\/uploads\/esquiada-jove1-scaled.jpeg\" target=\"_blank\" rel=\"noopener\"><img loading=\"lazy\" decoding=\"async\" aria-describedby=\"caption-attachment-88261\" class=\"wp-image-88261\" src=\"https:\/\/mont-roig.cat\/wp-content\/uploads\/esquiada-jove1-500x333.jpeg\" alt=\"\" width=\"309\" height=\"206\" srcset=\"https:\/\/mont-roig.cat\/wp-content\/uploads\/esquiada-jove1-500x333.jpeg 500w, https:\/\/mont-roig.cat\/wp-content\/uploads\/esquiada-jove1-1024x681.jpeg 1024w, https:\/\/mont-roig.cat\/wp-content\/uploads\/esquiada-jove1-768x511.jpeg 768w, https:\/\/mont-roig.cat\/wp-content\/uploads\/esquiada-jove1-1536x1022.jpeg 1536w, https:\/\/mont-roig.cat\/wp-content\/uploads\/esquiada-jove1-scaled.jpeg 2048w\" sizes=\"auto, (max-width: 309px) 100vw, 309px\" \/><\/a><p id=\"caption-attachment-88261\" class=\"wp-caption-text\">Partitipantes de los dos municipios en la esquiada joven del a\u00f1o pasado.<\/p><\/div>\n<ul>\n<li data-start=\"301\" data-end=\"432\"><strong>Las concejal\u00edas de Juventud de ambos municipios han organizado seis salidas para este colectivo durante el primer semestre de 2026.<\/strong><\/li>\n<\/ul>\n<p data-start=\"434\" data-end=\"879\">Las concejal\u00edas de Juventud de los ayuntamientos de Mont-roig del Camp y de Vandell\u00f2s i l\u2019Hospitalet de l\u2019Infant han dado a conocer el calendario del programa Tok\u2019l 2 correspondiente al primer semestre de 2026, una iniciativa dirigida a la juventud de los dos municipios que tiene como objetivo fomentar el ocio educativo, la convivencia y la participaci\u00f3n juvenil a trav\u00e9s de actividades l\u00fadicas y culturales compartidas.<\/p>\n<p data-start=\"881\" data-end=\"1427\">El programa prev\u00e9 cinco salidas, distribuidas entre los meses de febrero y junio, con propuestas variadas adaptadas a los intereses de la juventud. La actividad que abrir\u00e1 el calendario ser\u00e1 la Esquiada Jove, una salida de fin de semana a la estaci\u00f3n de esqu\u00ed de Espot, prevista del 6 al 8 de febrero. Esta actividad es una de las propuestas m\u00e1s esperadas cada a\u00f1o y las plazas ya est\u00e1n agotadas. Combina deporte, convivencia y experiencias compartidas en la nieve, e incluye el transporte, el alojamiento y las actividades en la monta\u00f1a.<\/p>\n<p data-start=\"1429\" data-end=\"1685\">Ya en el mes de marzo, el Tok\u2019l 2 continuar\u00e1 con una sesi\u00f3n de cine, concebida como una propuesta de ocio cultural y social que facilita el acceso de la juventud a actividades culturales en grupo y fomenta la socializaci\u00f3n en un entorno distendido.<\/p>\n<p data-start=\"1687\" data-end=\"2006\">El calendario seguir\u00e1 en el mes de abril con una salida al Tibidabo de Barcelona, una actividad muy atractiva para la juventud y que el a\u00f1o pasado cont\u00f3 con una elevada participaci\u00f3n. Esta propuesta permite disfrutar del parque de atracciones y favorece la relaci\u00f3n entre los participantes en un entorno l\u00fadico.<\/p>\n<p data-start=\"2008\" data-end=\"2290\">En el mes de mayo, el programa incluir\u00e1 la visita al Sal\u00f3 del C\u00f2mic de Barcelona, un evento cultural de referencia dirigido a j\u00f3venes interesados en el c\u00f3mic, el manga, los videojuegos y la cultura audiovisual, que ofrece una experiencia cultural enriquecedora y compartida.<\/p>\n<p data-start=\"2292\" data-end=\"2539\">Finalmente, el Tok\u2019l 2 del primer semestre del a\u00f1o se cerrar\u00e1 en el mes de junio con una salida de Karting en Calafat, una actividad de adrenalina controlada que fomenta el respeto de las normas, la responsabilidad y la diversi\u00f3n en grupo.<\/p>\n<p data-start=\"2541\" data-end=\"2859\">Tanto el Ayuntamiento de Mont-roig del Camp\u00a0como el de Vandell\u00f2s i l\u2019Hospitalet de l\u2019Infant ir\u00e1n informando de las fechas concretas de inscripci\u00f3n y de cualquier actualizaci\u00f3n del programa a trav\u00e9s de sus canales de comunicaci\u00f3n habituales y de las redes sociales de las concejal\u00edas de Juventud.<\/p>\n<p data-start=\"2861\" data-end=\"3011\"><strong data-start=\"2861\" data-end=\"2897\">M\u00e1s informaci\u00f3n e inscripciones:<\/strong><br data-start=\"2897\" data-end=\"2900\" \/><strong data-start=\"2900\" data-end=\"2963\">Concejal\u00eda de Juventud de Mont-roig del Camp y Miami Platja<\/strong><br data-start=\"2963\" data-end=\"2966\" \/>\ud83d\udcde 977 17 25 36 \u00b7 \u2709\ufe0f <a class=\"decorated-link cursor-pointer\" rel=\"noopener\" data-start=\"2987\" data-end=\"3009\">joventut@mont-roig.cat<\/a><\/p>\n<p data-start=\"3013\" data-end=\"3138\"><strong data-start=\"3013\" data-end=\"3079\">Concejal\u00eda de Juventud de Vandell\u00f2s i l\u2019Hospitalet de l\u2019Infant<\/strong><br data-start=\"3079\" data-end=\"3082\" \/>\ud83d\udcde 977 56 90 26 \u00b7 \u2709\ufe0f <a class=\"decorated-link cursor-pointer\" rel=\"noopener\" data-start=\"3103\" data-end=\"3136\">joventut@vandellos-hospitalet.cat<\/a><\/p>\n","protected":false},"excerpt":{"rendered":"<p>Las concejal\u00edas de Juventud de ambos municipios han organizado seis salidas para este colectivo durante el primer semestre de 2026. Las concejal\u00edas de Juventud de los ayuntamientos de Mont-roig del Camp y de Vandell\u00f2s i l\u2019Hospitalet de l\u2019Infant han dado a conocer el calendario del programa Tok\u2019l 2 correspondiente al primer semestre de 2026, una [&hellip;]<\/p>\n","protected":false},"author":13,"featured_media":88263,"comment_status":"closed","ping_status":"closed","sticky":false,"template":"","format":"standard","meta":{"inline_featured_image":false,"_monsterinsights_skip_tracking":false,"_monsterinsights_sitenote_active":false,"_monsterinsights_sitenote_note":"","_monsterinsights_sitenote_category":0,"footnotes":""},"categories":[98,106],"tags":[],"class_list":["post-88265","post","type-post","status-publish","format-standard","has-post-thumbnail","hentry","category-ayuntamiento","category-juventud"],"yoast_head":"<!-- This site is optimized with the Yoast SEO plugin v27.4 - https:\/\/yoast.com\/product\/yoast-seo-wordpress\/ -->\n<title>Nuevo programa Tok\u2019l 2 para los j\u00f3venes de Mont-roig del Camp y Miami Platja y Vandell\u00f2s i l\u2019Hospitalet de l\u2019Infant - Ajuntament de Mont-roig del Camp<\/title>\n<meta name=\"robots\" content=\"index, follow, max-snippet:-1, max-image-preview:large, max-video-preview:-1\" \/>\n<link rel=\"canonical\" href=\"https:\/\/mont-roig.cat\/es\/actualitat\/noticies\/nuevo-programa-tokl-2-para-los-jovenes-de-mont-roig-del-camp-y-miami-platja-y-vandellos-i-lhospitalet-de-linfant\/\" \/>\n<meta property=\"og:locale\" content=\"es_ES\" \/>\n<meta property=\"og:type\" content=\"article\" \/>\n<meta property=\"og:title\" content=\"Nuevo programa Tok\u2019l 2 para los j\u00f3venes de Mont-roig del Camp y Miami Platja y Vandell\u00f2s i l\u2019Hospitalet de l\u2019Infant - Ajuntament de Mont-roig del Camp\" \/>\n<meta property=\"og:description\" content=\"Las concejal\u00edas de Juventud de ambos municipios han organizado seis salidas para este colectivo durante el primer semestre de 2026. Las concejal\u00edas de Juventud de los ayuntamientos de Mont-roig del Camp y de Vandell\u00f2s i l\u2019Hospitalet de l\u2019Infant han dado a conocer el calendario del programa Tok\u2019l 2 correspondiente al primer semestre de 2026, una [&hellip;]\" \/>\n<meta property=\"og:url\" content=\"https:\/\/mont-roig.cat\/es\/actualitat\/noticies\/nuevo-programa-tokl-2-para-los-jovenes-de-mont-roig-del-camp-y-miami-platja-y-vandellos-i-lhospitalet-de-linfant\/\" \/>\n<meta property=\"og:site_name\" content=\"Ajuntament de Mont-roig del Camp\" \/>\n<meta property=\"article:published_time\" content=\"2026-01-23T11:36:29+00:00\" \/>\n<meta property=\"article:modified_time\" content=\"2026-01-23T12:24:43+00:00\" \/>\n<meta property=\"og:image\" content=\"https:\/\/mont-roig.cat\/wp-content\/uploads\/esquiada-jove1-scaled.jpeg\" \/>\n\t<meta property=\"og:image:width\" content=\"2048\" \/>\n\t<meta property=\"og:image:height\" content=\"1362\" \/>\n\t<meta property=\"og:image:type\" content=\"image\/jpeg\" \/>\n<meta name=\"author\" content=\"comunicacio\" \/>\n<meta name=\"twitter:card\" content=\"summary_large_image\" \/>\n<meta name=\"twitter:label1\" content=\"Escrito por\" \/>\n\t<meta name=\"twitter:data1\" content=\"comunicacio\" \/>\n\t<meta name=\"twitter:label2\" content=\"Tiempo de lectura\" \/>\n\t<meta name=\"twitter:data2\" content=\"3 minutos\" \/>\n<script type=\"application\/ld+json\" class=\"yoast-schema-graph\">{\"@context\":\"https:\\\/\\\/schema.org\",\"@graph\":[{\"@type\":\"Article\",\"@id\":\"https:\\\/\\\/mont-roig.cat\\\/es\\\/actualitat\\\/noticies\\\/nuevo-programa-tokl-2-para-los-jovenes-de-mont-roig-del-camp-y-miami-platja-y-vandellos-i-lhospitalet-de-linfant\\\/#article\",\"isPartOf\":{\"@id\":\"https:\\\/\\\/mont-roig.cat\\\/es\\\/actualitat\\\/noticies\\\/nuevo-programa-tokl-2-para-los-jovenes-de-mont-roig-del-camp-y-miami-platja-y-vandellos-i-lhospitalet-de-linfant\\\/\"},\"author\":{\"name\":\"comunicacio\",\"@id\":\"https:\\\/\\\/mont-roig.cat\\\/es\\\/#\\\/schema\\\/person\\\/1f73e7b5e6f9dd122e8a6f14f310ac5e\"},\"headline\":\"Nuevo programa Tok\u2019l 2 para los j\u00f3venes de Mont-roig del Camp y Miami Platja y Vandell\u00f2s i l\u2019Hospitalet de l\u2019Infant\",\"datePublished\":\"2026-01-23T11:36:29+00:00\",\"dateModified\":\"2026-01-23T12:24:43+00:00\",\"mainEntityOfPage\":{\"@id\":\"https:\\\/\\\/mont-roig.cat\\\/es\\\/actualitat\\\/noticies\\\/nuevo-programa-tokl-2-para-los-jovenes-de-mont-roig-del-camp-y-miami-platja-y-vandellos-i-lhospitalet-de-linfant\\\/\"},\"wordCount\":520,\"image\":{\"@id\":\"https:\\\/\\\/mont-roig.cat\\\/es\\\/actualitat\\\/noticies\\\/nuevo-programa-tokl-2-para-los-jovenes-de-mont-roig-del-camp-y-miami-platja-y-vandellos-i-lhospitalet-de-linfant\\\/#primaryimage\"},\"thumbnailUrl\":\"https:\\\/\\\/mont-roig.cat\\\/wp-content\\\/uploads\\\/esquiada-jove1-scaled.jpeg\",\"articleSection\":[\"Ayuntamiento\",\"Juventud\"],\"inLanguage\":\"es\"},{\"@type\":\"WebPage\",\"@id\":\"https:\\\/\\\/mont-roig.cat\\\/es\\\/actualitat\\\/noticies\\\/nuevo-programa-tokl-2-para-los-jovenes-de-mont-roig-del-camp-y-miami-platja-y-vandellos-i-lhospitalet-de-linfant\\\/\",\"url\":\"https:\\\/\\\/mont-roig.cat\\\/es\\\/actualitat\\\/noticies\\\/nuevo-programa-tokl-2-para-los-jovenes-de-mont-roig-del-camp-y-miami-platja-y-vandellos-i-lhospitalet-de-linfant\\\/\",\"name\":\"Nuevo programa Tok\u2019l 2 para los j\u00f3venes de Mont-roig del Camp y Miami Platja y Vandell\u00f2s i l\u2019Hospitalet de l\u2019Infant - Ajuntament de Mont-roig del Camp\",\"isPartOf\":{\"@id\":\"https:\\\/\\\/mont-roig.cat\\\/es\\\/#website\"},\"primaryImageOfPage\":{\"@id\":\"https:\\\/\\\/mont-roig.cat\\\/es\\\/actualitat\\\/noticies\\\/nuevo-programa-tokl-2-para-los-jovenes-de-mont-roig-del-camp-y-miami-platja-y-vandellos-i-lhospitalet-de-linfant\\\/#primaryimage\"},\"image\":{\"@id\":\"https:\\\/\\\/mont-roig.cat\\\/es\\\/actualitat\\\/noticies\\\/nuevo-programa-tokl-2-para-los-jovenes-de-mont-roig-del-camp-y-miami-platja-y-vandellos-i-lhospitalet-de-linfant\\\/#primaryimage\"},\"thumbnailUrl\":\"https:\\\/\\\/mont-roig.cat\\\/wp-content\\\/uploads\\\/esquiada-jove1-scaled.jpeg\",\"datePublished\":\"2026-01-23T11:36:29+00:00\",\"dateModified\":\"2026-01-23T12:24:43+00:00\",\"author\":{\"@id\":\"https:\\\/\\\/mont-roig.cat\\\/es\\\/#\\\/schema\\\/person\\\/1f73e7b5e6f9dd122e8a6f14f310ac5e\"},\"breadcrumb\":{\"@id\":\"https:\\\/\\\/mont-roig.cat\\\/es\\\/actualitat\\\/noticies\\\/nuevo-programa-tokl-2-para-los-jovenes-de-mont-roig-del-camp-y-miami-platja-y-vandellos-i-lhospitalet-de-linfant\\\/#breadcrumb\"},\"inLanguage\":\"es\",\"potentialAction\":[{\"@type\":\"ReadAction\",\"target\":[\"https:\\\/\\\/mont-roig.cat\\\/es\\\/actualitat\\\/noticies\\\/nuevo-programa-tokl-2-para-los-jovenes-de-mont-roig-del-camp-y-miami-platja-y-vandellos-i-lhospitalet-de-linfant\\\/\"]}]},{\"@type\":\"ImageObject\",\"inLanguage\":\"es\",\"@id\":\"https:\\\/\\\/mont-roig.cat\\\/es\\\/actualitat\\\/noticies\\\/nuevo-programa-tokl-2-para-los-jovenes-de-mont-roig-del-camp-y-miami-platja-y-vandellos-i-lhospitalet-de-linfant\\\/#primaryimage\",\"url\":\"https:\\\/\\\/mont-roig.cat\\\/wp-content\\\/uploads\\\/esquiada-jove1-scaled.jpeg\",\"contentUrl\":\"https:\\\/\\\/mont-roig.cat\\\/wp-content\\\/uploads\\\/esquiada-jove1-scaled.jpeg\",\"width\":2048,\"height\":1362},{\"@type\":\"BreadcrumbList\",\"@id\":\"https:\\\/\\\/mont-roig.cat\\\/es\\\/actualitat\\\/noticies\\\/nuevo-programa-tokl-2-para-los-jovenes-de-mont-roig-del-camp-y-miami-platja-y-vandellos-i-lhospitalet-de-linfant\\\/#breadcrumb\",\"itemListElement\":[{\"@type\":\"ListItem\",\"position\":1,\"name\":\"Inici\",\"item\":\"https:\\\/\\\/mont-roig.cat\\\/es\\\/pagina-de-inicio\\\/\"},{\"@type\":\"ListItem\",\"position\":2,\"name\":\"Nuevo programa Tok\u2019l 2 para los j\u00f3venes de Mont-roig del Camp y Miami Platja y Vandell\u00f2s i l\u2019Hospitalet de l\u2019Infant\"}]},{\"@type\":\"WebSite\",\"@id\":\"https:\\\/\\\/mont-roig.cat\\\/es\\\/#website\",\"url\":\"https:\\\/\\\/mont-roig.cat\\\/es\\\/\",\"name\":\"Ajuntament de Mont-roig del Camp\",\"description\":\"Tota la informaci\u00f3 sobre la instituci\u00f3, els seus \u00f2rgans de govern, actualitat, serveis i molt m\u00e9s.\",\"potentialAction\":[{\"@type\":\"SearchAction\",\"target\":{\"@type\":\"EntryPoint\",\"urlTemplate\":\"https:\\\/\\\/mont-roig.cat\\\/es\\\/?s={search_term_string}\"},\"query-input\":{\"@type\":\"PropertyValueSpecification\",\"valueRequired\":true,\"valueName\":\"search_term_string\"}}],\"inLanguage\":\"es\"},{\"@type\":\"Person\",\"@id\":\"https:\\\/\\\/mont-roig.cat\\\/es\\\/#\\\/schema\\\/person\\\/1f73e7b5e6f9dd122e8a6f14f310ac5e\",\"name\":\"comunicacio\",\"image\":{\"@type\":\"ImageObject\",\"inLanguage\":\"es\",\"@id\":\"https:\\\/\\\/secure.gravatar.com\\\/avatar\\\/98944333e7a877670a64f8d10f0cb680ab2c9ebc4efc43945ef004b52b5ad28c?s=96&d=mm&r=g\",\"url\":\"https:\\\/\\\/secure.gravatar.com\\\/avatar\\\/98944333e7a877670a64f8d10f0cb680ab2c9ebc4efc43945ef004b52b5ad28c?s=96&d=mm&r=g\",\"contentUrl\":\"https:\\\/\\\/secure.gravatar.com\\\/avatar\\\/98944333e7a877670a64f8d10f0cb680ab2c9ebc4efc43945ef004b52b5ad28c?s=96&d=mm&r=g\",\"caption\":\"comunicacio\"},\"url\":\"https:\\\/\\\/mont-roig.cat\\\/es\\\/actualitat\\\/noticies\\\/author\\\/comunicacio\\\/\"}]}<\/script>\n<!-- \/ Yoast SEO plugin. -->","yoast_head_json":{"title":"Nuevo programa Tok\u2019l 2 para los j\u00f3venes de Mont-roig del Camp y Miami Platja y Vandell\u00f2s i l\u2019Hospitalet de l\u2019Infant - Ajuntament de Mont-roig del Camp","robots":{"index":"index","follow":"follow","max-snippet":"max-snippet:-1","max-image-preview":"max-image-preview:large","max-video-preview":"max-video-preview:-1"},"canonical":"https:\/\/mont-roig.cat\/es\/actualitat\/noticies\/nuevo-programa-tokl-2-para-los-jovenes-de-mont-roig-del-camp-y-miami-platja-y-vandellos-i-lhospitalet-de-linfant\/","og_locale":"es_ES","og_type":"article","og_title":"Nuevo programa Tok\u2019l 2 para los j\u00f3venes de Mont-roig del Camp y Miami Platja y Vandell\u00f2s i l\u2019Hospitalet de l\u2019Infant - Ajuntament de Mont-roig del Camp","og_description":"Las concejal\u00edas de Juventud de ambos municipios han organizado seis salidas para este colectivo durante el primer semestre de 2026. Las concejal\u00edas de Juventud de los ayuntamientos de Mont-roig del Camp y de Vandell\u00f2s i l\u2019Hospitalet de l\u2019Infant han dado a conocer el calendario del programa Tok\u2019l 2 correspondiente al primer semestre de 2026, una [&hellip;]","og_url":"https:\/\/mont-roig.cat\/es\/actualitat\/noticies\/nuevo-programa-tokl-2-para-los-jovenes-de-mont-roig-del-camp-y-miami-platja-y-vandellos-i-lhospitalet-de-linfant\/","og_site_name":"Ajuntament de Mont-roig del Camp","article_published_time":"2026-01-23T11:36:29+00:00","article_modified_time":"2026-01-23T12:24:43+00:00","og_image":[{"width":2048,"height":1362,"url":"https:\/\/mont-roig.cat\/wp-content\/uploads\/esquiada-jove1-scaled.jpeg","type":"image\/jpeg"}],"author":"comunicacio","twitter_card":"summary_large_image","twitter_misc":{"Escrito por":"comunicacio","Tiempo de lectura":"3 minutos"},"schema":{"@context":"https:\/\/schema.org","@graph":[{"@type":"Article","@id":"https:\/\/mont-roig.cat\/es\/actualitat\/noticies\/nuevo-programa-tokl-2-para-los-jovenes-de-mont-roig-del-camp-y-miami-platja-y-vandellos-i-lhospitalet-de-linfant\/#article","isPartOf":{"@id":"https:\/\/mont-roig.cat\/es\/actualitat\/noticies\/nuevo-programa-tokl-2-para-los-jovenes-de-mont-roig-del-camp-y-miami-platja-y-vandellos-i-lhospitalet-de-linfant\/"},"author":{"name":"comunicacio","@id":"https:\/\/mont-roig.cat\/es\/#\/schema\/person\/1f73e7b5e6f9dd122e8a6f14f310ac5e"},"headline":"Nuevo programa Tok\u2019l 2 para los j\u00f3venes de Mont-roig del Camp y Miami Platja y Vandell\u00f2s i l\u2019Hospitalet de l\u2019Infant","datePublished":"2026-01-23T11:36:29+00:00","dateModified":"2026-01-23T12:24:43+00:00","mainEntityOfPage":{"@id":"https:\/\/mont-roig.cat\/es\/actualitat\/noticies\/nuevo-programa-tokl-2-para-los-jovenes-de-mont-roig-del-camp-y-miami-platja-y-vandellos-i-lhospitalet-de-linfant\/"},"wordCount":520,"image":{"@id":"https:\/\/mont-roig.cat\/es\/actualitat\/noticies\/nuevo-programa-tokl-2-para-los-jovenes-de-mont-roig-del-camp-y-miami-platja-y-vandellos-i-lhospitalet-de-linfant\/#primaryimage"},"thumbnailUrl":"https:\/\/mont-roig.cat\/wp-content\/uploads\/esquiada-jove1-scaled.jpeg","articleSection":["Ayuntamiento","Juventud"],"inLanguage":"es"},{"@type":"WebPage","@id":"https:\/\/mont-roig.cat\/es\/actualitat\/noticies\/nuevo-programa-tokl-2-para-los-jovenes-de-mont-roig-del-camp-y-miami-platja-y-vandellos-i-lhospitalet-de-linfant\/","url":"https:\/\/mont-roig.cat\/es\/actualitat\/noticies\/nuevo-programa-tokl-2-para-los-jovenes-de-mont-roig-del-camp-y-miami-platja-y-vandellos-i-lhospitalet-de-linfant\/","name":"Nuevo programa Tok\u2019l 2 para los j\u00f3venes de Mont-roig del Camp y Miami Platja y Vandell\u00f2s i l\u2019Hospitalet de l\u2019Infant - Ajuntament de Mont-roig del Camp","isPartOf":{"@id":"https:\/\/mont-roig.cat\/es\/#website"},"primaryImageOfPage":{"@id":"https:\/\/mont-roig.cat\/es\/actualitat\/noticies\/nuevo-programa-tokl-2-para-los-jovenes-de-mont-roig-del-camp-y-miami-platja-y-vandellos-i-lhospitalet-de-linfant\/#primaryimage"},"image":{"@id":"https:\/\/mont-roig.cat\/es\/actualitat\/noticies\/nuevo-programa-tokl-2-para-los-jovenes-de-mont-roig-del-camp-y-miami-platja-y-vandellos-i-lhospitalet-de-linfant\/#primaryimage"},"thumbnailUrl":"https:\/\/mont-roig.cat\/wp-content\/uploads\/esquiada-jove1-scaled.jpeg","datePublished":"2026-01-23T11:36:29+00:00","dateModified":"2026-01-23T12:24:43+00:00","author":{"@id":"https:\/\/mont-roig.cat\/es\/#\/schema\/person\/1f73e7b5e6f9dd122e8a6f14f310ac5e"},"breadcrumb":{"@id":"https:\/\/mont-roig.cat\/es\/actualitat\/noticies\/nuevo-programa-tokl-2-para-los-jovenes-de-mont-roig-del-camp-y-miami-platja-y-vandellos-i-lhospitalet-de-linfant\/#breadcrumb"},"inLanguage":"es","potentialAction":[{"@type":"ReadAction","target":["https:\/\/mont-roig.cat\/es\/actualitat\/noticies\/nuevo-programa-tokl-2-para-los-jovenes-de-mont-roig-del-camp-y-miami-platja-y-vandellos-i-lhospitalet-de-linfant\/"]}]},{"@type":"ImageObject","inLanguage":"es","@id":"https:\/\/mont-roig.cat\/es\/actualitat\/noticies\/nuevo-programa-tokl-2-para-los-jovenes-de-mont-roig-del-camp-y-miami-platja-y-vandellos-i-lhospitalet-de-linfant\/#primaryimage","url":"https:\/\/mont-roig.cat\/wp-content\/uploads\/esquiada-jove1-scaled.jpeg","contentUrl":"https:\/\/mont-roig.cat\/wp-content\/uploads\/esquiada-jove1-scaled.jpeg","width":2048,"height":1362},{"@type":"BreadcrumbList","@id":"https:\/\/mont-roig.cat\/es\/actualitat\/noticies\/nuevo-programa-tokl-2-para-los-jovenes-de-mont-roig-del-camp-y-miami-platja-y-vandellos-i-lhospitalet-de-linfant\/#breadcrumb","itemListElement":[{"@type":"ListItem","position":1,"name":"Inici","item":"https:\/\/mont-roig.cat\/es\/pagina-de-inicio\/"},{"@type":"ListItem","position":2,"name":"Nuevo programa Tok\u2019l 2 para los j\u00f3venes de Mont-roig del Camp y Miami Platja y Vandell\u00f2s i l\u2019Hospitalet de l\u2019Infant"}]},{"@type":"WebSite","@id":"https:\/\/mont-roig.cat\/es\/#website","url":"https:\/\/mont-roig.cat\/es\/","name":"Ajuntament de Mont-roig del Camp","description":"Tota la informaci\u00f3 sobre la instituci\u00f3, els seus \u00f2rgans de govern, actualitat, serveis i molt m\u00e9s.","potentialAction":[{"@type":"SearchAction","target":{"@type":"EntryPoint","urlTemplate":"https:\/\/mont-roig.cat\/es\/?s={search_term_string}"},"query-input":{"@type":"PropertyValueSpecification","valueRequired":true,"valueName":"search_term_string"}}],"inLanguage":"es"},{"@type":"Person","@id":"https:\/\/mont-roig.cat\/es\/#\/schema\/person\/1f73e7b5e6f9dd122e8a6f14f310ac5e","name":"comunicacio","image":{"@type":"ImageObject","inLanguage":"es","@id":"https:\/\/secure.gravatar.com\/avatar\/98944333e7a877670a64f8d10f0cb680ab2c9ebc4efc43945ef004b52b5ad28c?s=96&d=mm&r=g","url":"https:\/\/secure.gravatar.com\/avatar\/98944333e7a877670a64f8d10f0cb680ab2c9ebc4efc43945ef004b52b5ad28c?s=96&d=mm&r=g","contentUrl":"https:\/\/secure.gravatar.com\/avatar\/98944333e7a877670a64f8d10f0cb680ab2c9ebc4efc43945ef004b52b5ad28c?s=96&d=mm&r=g","caption":"comunicacio"},"url":"https:\/\/mont-roig.cat\/es\/actualitat\/noticies\/author\/comunicacio\/"}]}},"_links":{"self":[{"href":"https:\/\/mont-roig.cat\/es\/wp-json\/wp\/v2\/posts\/88265","targetHints":{"allow":["GET"]}}],"collection":[{"href":"https:\/\/mont-roig.cat\/es\/wp-json\/wp\/v2\/posts"}],"about":[{"href":"https:\/\/mont-roig.cat\/es\/wp-json\/wp\/v2\/types\/post"}],"author":[{"embeddable":true,"href":"https:\/\/mont-roig.cat\/es\/wp-json\/wp\/v2\/users\/13"}],"replies":[{"embeddable":true,"href":"https:\/\/mont-roig.cat\/es\/wp-json\/wp\/v2\/comments?post=88265"}],"version-history":[{"count":2,"href":"https:\/\/mont-roig.cat\/es\/wp-json\/wp\/v2\/posts\/88265\/revisions"}],"predecessor-version":[{"id":88267,"href":"https:\/\/mont-roig.cat\/es\/wp-json\/wp\/v2\/posts\/88265\/revisions\/88267"}],"wp:featuredmedia":[{"embeddable":true,"href":"https:\/\/mont-roig.cat\/es\/wp-json\/wp\/v2\/media\/88263"}],"wp:attachment":[{"href":"https:\/\/mont-roig.cat\/es\/wp-json\/wp\/v2\/media?parent=88265"}],"wp:term":[{"taxonomy":"category","embeddable":true,"href":"https:\/\/mont-roig.cat\/es\/wp-json\/wp\/v2\/categories?post=88265"},{"taxonomy":"post_tag","embeddable":true,"href":"https:\/\/mont-roig.cat\/es\/wp-json\/wp\/v2\/tags?post=88265"}],"curies":[{"name":"wp","href":"https:\/\/api.w.org\/{rel}","templated":true}]}}