{"id":88380,"date":"2026-01-28T14:17:19","date_gmt":"2026-01-28T13:17:19","guid":{"rendered":"https:\/\/mont-roig.cat\/actualitat\/noticies\/lajuntament-de-mont-roig-del-camp-pavimentara-el-cami-de-la-caseta-del-rellotge-a-partir-de-dema\/"},"modified":"2026-01-28T14:27:33","modified_gmt":"2026-01-28T13:27:33","slug":"el-ayuntamiento-de-mont-roig-del-camp-pavimentara-el-camino-de-la-caseta-del-rellotge-a-partir-de-manana","status":"publish","type":"post","link":"https:\/\/mont-roig.cat\/es\/actualitat\/noticies\/el-ayuntamiento-de-mont-roig-del-camp-pavimentara-el-camino-de-la-caseta-del-rellotge-a-partir-de-manana\/","title":{"rendered":"El Ayuntamiento de Mont-roig del Camp pavimentar\u00e1 el camino de la Caseta del Rellotge a partir de ma\u00f1ana"},"content":{"rendered":"<p><strong><strong><a href=\"https:\/\/mont-roig.cat\/wp-content\/uploads\/Pavimentacio.png\" target=\"_blank\" rel=\"noopener\"><img loading=\"lazy\" decoding=\"async\" class=\"alignright wp-image-88375\" src=\"https:\/\/mont-roig.cat\/wp-content\/uploads\/Pavimentacio-500x377.png\" alt=\"\" width=\"310\" height=\"234\" srcset=\"https:\/\/mont-roig.cat\/wp-content\/uploads\/Pavimentacio-500x377.png 500w, https:\/\/mont-roig.cat\/wp-content\/uploads\/Pavimentacio-463x348.png 463w, https:\/\/mont-roig.cat\/wp-content\/uploads\/Pavimentacio.png 524w\" sizes=\"auto, (max-width: 310px) 100vw, 310px\" \/><\/a><\/strong><\/strong><\/p>\n<ul>\n<li data-start=\"193\" data-end=\"305\"><strong data-start=\"193\" data-end=\"305\">Los trabajos comportar\u00e1n restricciones de tr\u00e1fico hasta el viernes y se aconseja utilizar rutas alternativas<\/strong><\/li>\n<\/ul>\n<p data-start=\"307\" data-end=\"570\">El Ayuntamiento de Mont-roig del Camp informa que este jueves y viernes, 29 y 30 de enero, se llevar\u00e1n a cabo los trabajos de pavimentaci\u00f3n del camino de la Caseta del Rellotge, con el objetivo de mejorar su estado y garantizar una circulaci\u00f3n m\u00e1s segura.<\/p>\n<p data-start=\"572\" data-end=\"821\">Durante la ejecuci\u00f3n de las obras habr\u00e1 restricciones al tr\u00e1fico rodado. El acceso quedar\u00e1 limitado a los vecinos y a los servicios de emergencia, y la circulaci\u00f3n podr\u00e1 verse afectada de manera puntual en funci\u00f3n del desarrollo de los trabajos.<\/p>\n<p data-start=\"823\" data-end=\"966\">El Ayuntamiento pide comprensi\u00f3n y colaboraci\u00f3n a la ciudadan\u00eda y recomienda hacer uso de itinerarios alternativos siempre que sea posible.<\/p>\n","protected":false},"excerpt":{"rendered":"<p>Los trabajos comportar\u00e1n restricciones de tr\u00e1fico hasta el viernes y se aconseja utilizar rutas alternativas El Ayuntamiento de Mont-roig del Camp informa que este jueves y viernes, 29 y 30 de enero, se llevar\u00e1n a cabo los trabajos de pavimentaci\u00f3n del camino de la Caseta del Rellotge, con el objetivo de mejorar su estado y [&hellip;]<\/p>\n","protected":false},"author":13,"featured_media":0,"comment_status":"closed","ping_status":"closed","sticky":false,"template":"","format":"standard","meta":{"inline_featured_image":false,"_monsterinsights_skip_tracking":false,"_monsterinsights_sitenote_active":false,"_monsterinsights_sitenote_note":"","_monsterinsights_sitenote_category":0,"footnotes":""},"categories":[98,222],"tags":[],"class_list":["post-88380","post","type-post","status-publish","format-standard","hentry","category-ayuntamiento","category-entorn-natural-es"],"yoast_head":"<!-- This site is optimized with the Yoast SEO plugin v27.4 - https:\/\/yoast.com\/product\/yoast-seo-wordpress\/ -->\n<title>El Ayuntamiento de Mont-roig del Camp pavimentar\u00e1 el camino de la Caseta del Rellotge a partir de ma\u00f1ana - Ajuntament de Mont-roig del Camp<\/title>\n<meta name=\"robots\" content=\"index, follow, max-snippet:-1, max-image-preview:large, max-video-preview:-1\" \/>\n<link rel=\"canonical\" href=\"https:\/\/mont-roig.cat\/es\/actualitat\/noticies\/el-ayuntamiento-de-mont-roig-del-camp-pavimentara-el-camino-de-la-caseta-del-rellotge-a-partir-de-manana\/\" \/>\n<meta property=\"og:locale\" content=\"es_ES\" \/>\n<meta property=\"og:type\" content=\"article\" \/>\n<meta property=\"og:title\" content=\"El Ayuntamiento de Mont-roig del Camp pavimentar\u00e1 el camino de la Caseta del Rellotge a partir de ma\u00f1ana - Ajuntament de Mont-roig del Camp\" \/>\n<meta property=\"og:description\" content=\"Los trabajos comportar\u00e1n restricciones de tr\u00e1fico hasta el viernes y se aconseja utilizar rutas alternativas El Ayuntamiento de Mont-roig del Camp informa que este jueves y viernes, 29 y 30 de enero, se llevar\u00e1n a cabo los trabajos de pavimentaci\u00f3n del camino de la Caseta del Rellotge, con el objetivo de mejorar su estado y [&hellip;]\" \/>\n<meta property=\"og:url\" content=\"https:\/\/mont-roig.cat\/es\/actualitat\/noticies\/el-ayuntamiento-de-mont-roig-del-camp-pavimentara-el-camino-de-la-caseta-del-rellotge-a-partir-de-manana\/\" \/>\n<meta property=\"og:site_name\" content=\"Ajuntament de Mont-roig del Camp\" \/>\n<meta property=\"article:published_time\" content=\"2026-01-28T13:17:19+00:00\" \/>\n<meta property=\"article:modified_time\" content=\"2026-01-28T13:27:33+00:00\" \/>\n<meta property=\"og:image\" content=\"https:\/\/mont-roig.cat\/wp-content\/uploads\/Pavimentacio.png\" \/>\n\t<meta property=\"og:image:width\" content=\"524\" \/>\n\t<meta property=\"og:image:height\" content=\"395\" \/>\n\t<meta property=\"og:image:type\" content=\"image\/png\" \/>\n<meta name=\"author\" content=\"comunicacio\" \/>\n<meta name=\"twitter:card\" content=\"summary_large_image\" \/>\n<meta name=\"twitter:label1\" content=\"Escrito por\" \/>\n\t<meta name=\"twitter:data1\" content=\"comunicacio\" \/>\n\t<meta name=\"twitter:label2\" content=\"Tiempo de lectura\" \/>\n\t<meta name=\"twitter:data2\" content=\"1 minuto\" \/>\n<script type=\"application\/ld+json\" class=\"yoast-schema-graph\">{\"@context\":\"https:\\\/\\\/schema.org\",\"@graph\":[{\"@type\":\"Article\",\"@id\":\"https:\\\/\\\/mont-roig.cat\\\/es\\\/actualitat\\\/noticies\\\/el-ayuntamiento-de-mont-roig-del-camp-pavimentara-el-camino-de-la-caseta-del-rellotge-a-partir-de-manana\\\/#article\",\"isPartOf\":{\"@id\":\"https:\\\/\\\/mont-roig.cat\\\/es\\\/actualitat\\\/noticies\\\/el-ayuntamiento-de-mont-roig-del-camp-pavimentara-el-camino-de-la-caseta-del-rellotge-a-partir-de-manana\\\/\"},\"author\":{\"name\":\"comunicacio\",\"@id\":\"https:\\\/\\\/mont-roig.cat\\\/es\\\/#\\\/schema\\\/person\\\/1f73e7b5e6f9dd122e8a6f14f310ac5e\"},\"headline\":\"El Ayuntamiento de Mont-roig del Camp pavimentar\u00e1 el camino de la Caseta del Rellotge a partir de ma\u00f1ana\",\"datePublished\":\"2026-01-28T13:17:19+00:00\",\"dateModified\":\"2026-01-28T13:27:33+00:00\",\"mainEntityOfPage\":{\"@id\":\"https:\\\/\\\/mont-roig.cat\\\/es\\\/actualitat\\\/noticies\\\/el-ayuntamiento-de-mont-roig-del-camp-pavimentara-el-camino-de-la-caseta-del-rellotge-a-partir-de-manana\\\/\"},\"wordCount\":150,\"image\":{\"@id\":\"https:\\\/\\\/mont-roig.cat\\\/es\\\/actualitat\\\/noticies\\\/el-ayuntamiento-de-mont-roig-del-camp-pavimentara-el-camino-de-la-caseta-del-rellotge-a-partir-de-manana\\\/#primaryimage\"},\"thumbnailUrl\":\"https:\\\/\\\/mont-roig.cat\\\/wp-content\\\/uploads\\\/Pavimentacio-500x377.png\",\"articleSection\":[\"Ayuntamiento\",\"Entorn natural\"],\"inLanguage\":\"es\"},{\"@type\":\"WebPage\",\"@id\":\"https:\\\/\\\/mont-roig.cat\\\/es\\\/actualitat\\\/noticies\\\/el-ayuntamiento-de-mont-roig-del-camp-pavimentara-el-camino-de-la-caseta-del-rellotge-a-partir-de-manana\\\/\",\"url\":\"https:\\\/\\\/mont-roig.cat\\\/es\\\/actualitat\\\/noticies\\\/el-ayuntamiento-de-mont-roig-del-camp-pavimentara-el-camino-de-la-caseta-del-rellotge-a-partir-de-manana\\\/\",\"name\":\"El Ayuntamiento de Mont-roig del Camp pavimentar\u00e1 el camino de la Caseta del Rellotge a partir de ma\u00f1ana - Ajuntament de Mont-roig del Camp\",\"isPartOf\":{\"@id\":\"https:\\\/\\\/mont-roig.cat\\\/es\\\/#website\"},\"primaryImageOfPage\":{\"@id\":\"https:\\\/\\\/mont-roig.cat\\\/es\\\/actualitat\\\/noticies\\\/el-ayuntamiento-de-mont-roig-del-camp-pavimentara-el-camino-de-la-caseta-del-rellotge-a-partir-de-manana\\\/#primaryimage\"},\"image\":{\"@id\":\"https:\\\/\\\/mont-roig.cat\\\/es\\\/actualitat\\\/noticies\\\/el-ayuntamiento-de-mont-roig-del-camp-pavimentara-el-camino-de-la-caseta-del-rellotge-a-partir-de-manana\\\/#primaryimage\"},\"thumbnailUrl\":\"https:\\\/\\\/mont-roig.cat\\\/wp-content\\\/uploads\\\/Pavimentacio-500x377.png\",\"datePublished\":\"2026-01-28T13:17:19+00:00\",\"dateModified\":\"2026-01-28T13:27:33+00:00\",\"author\":{\"@id\":\"https:\\\/\\\/mont-roig.cat\\\/es\\\/#\\\/schema\\\/person\\\/1f73e7b5e6f9dd122e8a6f14f310ac5e\"},\"breadcrumb\":{\"@id\":\"https:\\\/\\\/mont-roig.cat\\\/es\\\/actualitat\\\/noticies\\\/el-ayuntamiento-de-mont-roig-del-camp-pavimentara-el-camino-de-la-caseta-del-rellotge-a-partir-de-manana\\\/#breadcrumb\"},\"inLanguage\":\"es\",\"potentialAction\":[{\"@type\":\"ReadAction\",\"target\":[\"https:\\\/\\\/mont-roig.cat\\\/es\\\/actualitat\\\/noticies\\\/el-ayuntamiento-de-mont-roig-del-camp-pavimentara-el-camino-de-la-caseta-del-rellotge-a-partir-de-manana\\\/\"]}]},{\"@type\":\"ImageObject\",\"inLanguage\":\"es\",\"@id\":\"https:\\\/\\\/mont-roig.cat\\\/es\\\/actualitat\\\/noticies\\\/el-ayuntamiento-de-mont-roig-del-camp-pavimentara-el-camino-de-la-caseta-del-rellotge-a-partir-de-manana\\\/#primaryimage\",\"url\":\"https:\\\/\\\/mont-roig.cat\\\/wp-content\\\/uploads\\\/Pavimentacio-500x377.png\",\"contentUrl\":\"https:\\\/\\\/mont-roig.cat\\\/wp-content\\\/uploads\\\/Pavimentacio-500x377.png\"},{\"@type\":\"BreadcrumbList\",\"@id\":\"https:\\\/\\\/mont-roig.cat\\\/es\\\/actualitat\\\/noticies\\\/el-ayuntamiento-de-mont-roig-del-camp-pavimentara-el-camino-de-la-caseta-del-rellotge-a-partir-de-manana\\\/#breadcrumb\",\"itemListElement\":[{\"@type\":\"ListItem\",\"position\":1,\"name\":\"Inici\",\"item\":\"https:\\\/\\\/mont-roig.cat\\\/es\\\/pagina-de-inicio\\\/\"},{\"@type\":\"ListItem\",\"position\":2,\"name\":\"El Ayuntamiento de Mont-roig del Camp pavimentar\u00e1 el camino de la Caseta del Rellotge a partir de ma\u00f1ana\"}]},{\"@type\":\"WebSite\",\"@id\":\"https:\\\/\\\/mont-roig.cat\\\/es\\\/#website\",\"url\":\"https:\\\/\\\/mont-roig.cat\\\/es\\\/\",\"name\":\"Ajuntament de Mont-roig del Camp\",\"description\":\"Tota la informaci\u00f3 sobre la instituci\u00f3, els seus \u00f2rgans de govern, actualitat, serveis i molt m\u00e9s.\",\"potentialAction\":[{\"@type\":\"SearchAction\",\"target\":{\"@type\":\"EntryPoint\",\"urlTemplate\":\"https:\\\/\\\/mont-roig.cat\\\/es\\\/?s={search_term_string}\"},\"query-input\":{\"@type\":\"PropertyValueSpecification\",\"valueRequired\":true,\"valueName\":\"search_term_string\"}}],\"inLanguage\":\"es\"},{\"@type\":\"Person\",\"@id\":\"https:\\\/\\\/mont-roig.cat\\\/es\\\/#\\\/schema\\\/person\\\/1f73e7b5e6f9dd122e8a6f14f310ac5e\",\"name\":\"comunicacio\",\"image\":{\"@type\":\"ImageObject\",\"inLanguage\":\"es\",\"@id\":\"https:\\\/\\\/secure.gravatar.com\\\/avatar\\\/98944333e7a877670a64f8d10f0cb680ab2c9ebc4efc43945ef004b52b5ad28c?s=96&d=mm&r=g\",\"url\":\"https:\\\/\\\/secure.gravatar.com\\\/avatar\\\/98944333e7a877670a64f8d10f0cb680ab2c9ebc4efc43945ef004b52b5ad28c?s=96&d=mm&r=g\",\"contentUrl\":\"https:\\\/\\\/secure.gravatar.com\\\/avatar\\\/98944333e7a877670a64f8d10f0cb680ab2c9ebc4efc43945ef004b52b5ad28c?s=96&d=mm&r=g\",\"caption\":\"comunicacio\"},\"url\":\"https:\\\/\\\/mont-roig.cat\\\/es\\\/actualitat\\\/noticies\\\/author\\\/comunicacio\\\/\"}]}<\/script>\n<!-- \/ Yoast SEO plugin. -->","yoast_head_json":{"title":"El Ayuntamiento de Mont-roig del Camp pavimentar\u00e1 el camino de la Caseta del Rellotge a partir de ma\u00f1ana - Ajuntament de Mont-roig del Camp","robots":{"index":"index","follow":"follow","max-snippet":"max-snippet:-1","max-image-preview":"max-image-preview:large","max-video-preview":"max-video-preview:-1"},"canonical":"https:\/\/mont-roig.cat\/es\/actualitat\/noticies\/el-ayuntamiento-de-mont-roig-del-camp-pavimentara-el-camino-de-la-caseta-del-rellotge-a-partir-de-manana\/","og_locale":"es_ES","og_type":"article","og_title":"El Ayuntamiento de Mont-roig del Camp pavimentar\u00e1 el camino de la Caseta del Rellotge a partir de ma\u00f1ana - Ajuntament de Mont-roig del Camp","og_description":"Los trabajos comportar\u00e1n restricciones de tr\u00e1fico hasta el viernes y se aconseja utilizar rutas alternativas El Ayuntamiento de Mont-roig del Camp informa que este jueves y viernes, 29 y 30 de enero, se llevar\u00e1n a cabo los trabajos de pavimentaci\u00f3n del camino de la Caseta del Rellotge, con el objetivo de mejorar su estado y [&hellip;]","og_url":"https:\/\/mont-roig.cat\/es\/actualitat\/noticies\/el-ayuntamiento-de-mont-roig-del-camp-pavimentara-el-camino-de-la-caseta-del-rellotge-a-partir-de-manana\/","og_site_name":"Ajuntament de Mont-roig del Camp","article_published_time":"2026-01-28T13:17:19+00:00","article_modified_time":"2026-01-28T13:27:33+00:00","og_image":[{"width":524,"height":395,"url":"https:\/\/mont-roig.cat\/wp-content\/uploads\/Pavimentacio.png","type":"image\/png"}],"author":"comunicacio","twitter_card":"summary_large_image","twitter_misc":{"Escrito por":"comunicacio","Tiempo de lectura":"1 minuto"},"schema":{"@context":"https:\/\/schema.org","@graph":[{"@type":"Article","@id":"https:\/\/mont-roig.cat\/es\/actualitat\/noticies\/el-ayuntamiento-de-mont-roig-del-camp-pavimentara-el-camino-de-la-caseta-del-rellotge-a-partir-de-manana\/#article","isPartOf":{"@id":"https:\/\/mont-roig.cat\/es\/actualitat\/noticies\/el-ayuntamiento-de-mont-roig-del-camp-pavimentara-el-camino-de-la-caseta-del-rellotge-a-partir-de-manana\/"},"author":{"name":"comunicacio","@id":"https:\/\/mont-roig.cat\/es\/#\/schema\/person\/1f73e7b5e6f9dd122e8a6f14f310ac5e"},"headline":"El Ayuntamiento de Mont-roig del Camp pavimentar\u00e1 el camino de la Caseta del Rellotge a partir de ma\u00f1ana","datePublished":"2026-01-28T13:17:19+00:00","dateModified":"2026-01-28T13:27:33+00:00","mainEntityOfPage":{"@id":"https:\/\/mont-roig.cat\/es\/actualitat\/noticies\/el-ayuntamiento-de-mont-roig-del-camp-pavimentara-el-camino-de-la-caseta-del-rellotge-a-partir-de-manana\/"},"wordCount":150,"image":{"@id":"https:\/\/mont-roig.cat\/es\/actualitat\/noticies\/el-ayuntamiento-de-mont-roig-del-camp-pavimentara-el-camino-de-la-caseta-del-rellotge-a-partir-de-manana\/#primaryimage"},"thumbnailUrl":"https:\/\/mont-roig.cat\/wp-content\/uploads\/Pavimentacio-500x377.png","articleSection":["Ayuntamiento","Entorn natural"],"inLanguage":"es"},{"@type":"WebPage","@id":"https:\/\/mont-roig.cat\/es\/actualitat\/noticies\/el-ayuntamiento-de-mont-roig-del-camp-pavimentara-el-camino-de-la-caseta-del-rellotge-a-partir-de-manana\/","url":"https:\/\/mont-roig.cat\/es\/actualitat\/noticies\/el-ayuntamiento-de-mont-roig-del-camp-pavimentara-el-camino-de-la-caseta-del-rellotge-a-partir-de-manana\/","name":"El Ayuntamiento de Mont-roig del Camp pavimentar\u00e1 el camino de la Caseta del Rellotge a partir de ma\u00f1ana - Ajuntament de Mont-roig del Camp","isPartOf":{"@id":"https:\/\/mont-roig.cat\/es\/#website"},"primaryImageOfPage":{"@id":"https:\/\/mont-roig.cat\/es\/actualitat\/noticies\/el-ayuntamiento-de-mont-roig-del-camp-pavimentara-el-camino-de-la-caseta-del-rellotge-a-partir-de-manana\/#primaryimage"},"image":{"@id":"https:\/\/mont-roig.cat\/es\/actualitat\/noticies\/el-ayuntamiento-de-mont-roig-del-camp-pavimentara-el-camino-de-la-caseta-del-rellotge-a-partir-de-manana\/#primaryimage"},"thumbnailUrl":"https:\/\/mont-roig.cat\/wp-content\/uploads\/Pavimentacio-500x377.png","datePublished":"2026-01-28T13:17:19+00:00","dateModified":"2026-01-28T13:27:33+00:00","author":{"@id":"https:\/\/mont-roig.cat\/es\/#\/schema\/person\/1f73e7b5e6f9dd122e8a6f14f310ac5e"},"breadcrumb":{"@id":"https:\/\/mont-roig.cat\/es\/actualitat\/noticies\/el-ayuntamiento-de-mont-roig-del-camp-pavimentara-el-camino-de-la-caseta-del-rellotge-a-partir-de-manana\/#breadcrumb"},"inLanguage":"es","potentialAction":[{"@type":"ReadAction","target":["https:\/\/mont-roig.cat\/es\/actualitat\/noticies\/el-ayuntamiento-de-mont-roig-del-camp-pavimentara-el-camino-de-la-caseta-del-rellotge-a-partir-de-manana\/"]}]},{"@type":"ImageObject","inLanguage":"es","@id":"https:\/\/mont-roig.cat\/es\/actualitat\/noticies\/el-ayuntamiento-de-mont-roig-del-camp-pavimentara-el-camino-de-la-caseta-del-rellotge-a-partir-de-manana\/#primaryimage","url":"https:\/\/mont-roig.cat\/wp-content\/uploads\/Pavimentacio-500x377.png","contentUrl":"https:\/\/mont-roig.cat\/wp-content\/uploads\/Pavimentacio-500x377.png"},{"@type":"BreadcrumbList","@id":"https:\/\/mont-roig.cat\/es\/actualitat\/noticies\/el-ayuntamiento-de-mont-roig-del-camp-pavimentara-el-camino-de-la-caseta-del-rellotge-a-partir-de-manana\/#breadcrumb","itemListElement":[{"@type":"ListItem","position":1,"name":"Inici","item":"https:\/\/mont-roig.cat\/es\/pagina-de-inicio\/"},{"@type":"ListItem","position":2,"name":"El Ayuntamiento de Mont-roig del Camp pavimentar\u00e1 el camino de la Caseta del Rellotge a partir de ma\u00f1ana"}]},{"@type":"WebSite","@id":"https:\/\/mont-roig.cat\/es\/#website","url":"https:\/\/mont-roig.cat\/es\/","name":"Ajuntament de Mont-roig del Camp","description":"Tota la informaci\u00f3 sobre la instituci\u00f3, els seus \u00f2rgans de govern, actualitat, serveis i molt m\u00e9s.","potentialAction":[{"@type":"SearchAction","target":{"@type":"EntryPoint","urlTemplate":"https:\/\/mont-roig.cat\/es\/?s={search_term_string}"},"query-input":{"@type":"PropertyValueSpecification","valueRequired":true,"valueName":"search_term_string"}}],"inLanguage":"es"},{"@type":"Person","@id":"https:\/\/mont-roig.cat\/es\/#\/schema\/person\/1f73e7b5e6f9dd122e8a6f14f310ac5e","name":"comunicacio","image":{"@type":"ImageObject","inLanguage":"es","@id":"https:\/\/secure.gravatar.com\/avatar\/98944333e7a877670a64f8d10f0cb680ab2c9ebc4efc43945ef004b52b5ad28c?s=96&d=mm&r=g","url":"https:\/\/secure.gravatar.com\/avatar\/98944333e7a877670a64f8d10f0cb680ab2c9ebc4efc43945ef004b52b5ad28c?s=96&d=mm&r=g","contentUrl":"https:\/\/secure.gravatar.com\/avatar\/98944333e7a877670a64f8d10f0cb680ab2c9ebc4efc43945ef004b52b5ad28c?s=96&d=mm&r=g","caption":"comunicacio"},"url":"https:\/\/mont-roig.cat\/es\/actualitat\/noticies\/author\/comunicacio\/"}]}},"_links":{"self":[{"href":"https:\/\/mont-roig.cat\/es\/wp-json\/wp\/v2\/posts\/88380","targetHints":{"allow":["GET"]}}],"collection":[{"href":"https:\/\/mont-roig.cat\/es\/wp-json\/wp\/v2\/posts"}],"about":[{"href":"https:\/\/mont-roig.cat\/es\/wp-json\/wp\/v2\/types\/post"}],"author":[{"embeddable":true,"href":"https:\/\/mont-roig.cat\/es\/wp-json\/wp\/v2\/users\/13"}],"replies":[{"embeddable":true,"href":"https:\/\/mont-roig.cat\/es\/wp-json\/wp\/v2\/comments?post=88380"}],"version-history":[{"count":2,"href":"https:\/\/mont-roig.cat\/es\/wp-json\/wp\/v2\/posts\/88380\/revisions"}],"predecessor-version":[{"id":88382,"href":"https:\/\/mont-roig.cat\/es\/wp-json\/wp\/v2\/posts\/88380\/revisions\/88382"}],"wp:attachment":[{"href":"https:\/\/mont-roig.cat\/es\/wp-json\/wp\/v2\/media?parent=88380"}],"wp:term":[{"taxonomy":"category","embeddable":true,"href":"https:\/\/mont-roig.cat\/es\/wp-json\/wp\/v2\/categories?post=88380"},{"taxonomy":"post_tag","embeddable":true,"href":"https:\/\/mont-roig.cat\/es\/wp-json\/wp\/v2\/tags?post=88380"}],"curies":[{"name":"wp","href":"https:\/\/api.w.org\/{rel}","templated":true}]}}