{"id":89156,"date":"2026-02-19T09:09:04","date_gmt":"2026-02-19T08:09:04","guid":{"rendered":"https:\/\/mont-roig.cat\/actualitat\/noticies\/lajuntament-de-mont-roig-del-camp-se-suma-al-dia-mundial-contra-llgbtifobia-en-lesport-amb-accions-de-sensibilitzacio-aquest-cap-de-setmana\/"},"modified":"2026-02-19T09:12:58","modified_gmt":"2026-02-19T08:12:58","slug":"el-ajuntament-de-mont-roig-del-camp-se-suma-al-dia-mundial-contra-la-lgbtifobia-en-el-deporte-con-acciones-de-sensibilizacion-este-fin-de-semana","status":"publish","type":"post","link":"https:\/\/mont-roig.cat\/es\/actualitat\/noticies\/el-ajuntament-de-mont-roig-del-camp-se-suma-al-dia-mundial-contra-la-lgbtifobia-en-el-deporte-con-acciones-de-sensibilizacion-este-fin-de-semana\/","title":{"rendered":"El Ajuntament de Mont-roig del Camp se suma al D\u00eda Mundial contra la LGBTIfobia en el Deporte con acciones de sensibilizaci\u00f3n este fin de semana"},"content":{"rendered":"<ul>\n<li><strong><a href=\"https:\/\/mont-roig.cat\/wp-content\/uploads\/19f_diaintern_lgbtifobia_1414x2000.jpg\" target=\"_blank\" rel=\"noopener\"><img loading=\"lazy\" decoding=\"async\" class=\"alignright wp-image-89146\" src=\"https:\/\/mont-roig.cat\/wp-content\/uploads\/19f_diaintern_lgbtifobia_1414x2000-354x500.jpg\" alt=\"\" width=\"263\" height=\"371\" srcset=\"https:\/\/mont-roig.cat\/wp-content\/uploads\/19f_diaintern_lgbtifobia_1414x2000-354x500.jpg 354w, https:\/\/mont-roig.cat\/wp-content\/uploads\/19f_diaintern_lgbtifobia_1414x2000-724x1024.jpg 724w, https:\/\/mont-roig.cat\/wp-content\/uploads\/19f_diaintern_lgbtifobia_1414x2000-768x1086.jpg 768w, https:\/\/mont-roig.cat\/wp-content\/uploads\/19f_diaintern_lgbtifobia_1414x2000-1086x1536.jpg 1086w, https:\/\/mont-roig.cat\/wp-content\/uploads\/19f_diaintern_lgbtifobia_1414x2000.jpg 1414w\" sizes=\"auto, (max-width: 263px) 100vw, 263px\" \/><\/a><\/strong><strong>Los clubes de f\u00fatbol de Mont-roig del Camp y Miami Platja lucir\u00e1n brazaletes irisados y se difundir\u00e1 el manifiesto del Consell Nacional LGBTI para promover un deporte libre de discriminaciones<\/strong><\/li>\n<\/ul>\n<p class=\"isSelectedEnd\">Este jueves 19 de febrero se celebra el D\u00eda Mundial contra la LGBTIfobia en el Deporte, una jornada para reivindicar el derecho de todas las personas a practicar deporte en libertad, seguridad e igualdad, sin discriminaciones por orientaci\u00f3n sexual, identidad o expresi\u00f3n de g\u00e9nero.<\/p>\n<p class=\"isSelectedEnd\">Con motivo de esta fecha, el municipio se suma a la conmemoraci\u00f3n con diversas acciones de sensibilizaci\u00f3n y apoyo a la diversidad en el \u00e1mbito deportivo. Durante el pr\u00f3ximo fin de semana, los jugadores y jugadoras de f\u00fatbol de los clubes del municipio \u2014tanto en Mont-roig del Camp como en Miami Platja\u2014 llevar\u00e1n el brazalete con los colores irisados en todos los partidos que se jueguen en casa. Esta iniciativa ha sido consensuada desde el Ayuntamiento de Mont-roig del Camp con los presidentes de los dos clubes de f\u00fatbol, que han aceptado de buen grado la propuesta y se han mostrado comprometidos con la promoci\u00f3n de un deporte inclusivo y respetuoso.<\/p>\n<p class=\"isSelectedEnd\">Esta acci\u00f3n se acompa\u00f1a de la difusi\u00f3n del Manifiesto aprobado por la Comisi\u00f3n de Coordinaci\u00f3n del Consell Nacional LGBTI, que denuncia que la LGBTI-fobia contin\u00faa presente en el deporte de manera estructural y reclama pol\u00edticas p\u00fablicas efectivas, formaci\u00f3n, protocolos contra la discriminaci\u00f3n y apoyo a las v\u00edctimas. El manifiesto ha contado con el apoyo de todos los grupos municipales del Ayuntamiento de Mont-roig del Camp (PSC, Junts, ERC-AM y Plamimo), con la \u00fanica excepci\u00f3n de Vox. El texto reivindica que el deporte debe ser un espacio de convivencia y derechos humanos, y defiende que ninguna persona tenga que abandonar la pr\u00e1ctica deportiva por miedo, rechazo o violencia.<\/p>\n<p class=\"isSelectedEnd\">El manifiesto recuerda especialmente la situaci\u00f3n de ni\u00f1os, ni\u00f1as y j\u00f3venes LGBTI+ en el deporte base, donde a menudo sufren burlas, insultos o falta de referentes, y hace un llamamiento a convertir la diversidad en una pr\u00e1ctica real dentro de clubes, escuelas y competiciones.<\/p>\n<p class=\"isSelectedEnd\">Desde el municipio se reafirma el compromiso con un deporte libre, diverso y seguro para todas las personas, y se anima a la ciudadan\u00eda, entidades y clubes a sumarse a esta jornada de concienciaci\u00f3n y defensa de los derechos humanos.<\/p>\n<p>Manifiesto\u00a0 <a href=\"https:\/\/mont-roig.cat\/wp-content\/uploads\/Manifest-19-de-Febrer-contra-la-LGBTI-fobia-a-lesport_2026.pdf\" target=\"_blank\" rel=\"noopener\">(descarga el pdf)<\/a><\/p>\n","protected":false},"excerpt":{"rendered":"<p>Los clubes de f\u00fatbol de Mont-roig del Camp y Miami Platja lucir\u00e1n brazaletes irisados y se difundir\u00e1 el manifiesto del Consell Nacional LGBTI para promover un deporte libre de discriminaciones Este jueves 19 de febrero se celebra el D\u00eda Mundial contra la LGBTIfobia en el Deporte, una jornada para reivindicar el derecho de todas las [&hellip;]<\/p>\n","protected":false},"author":13,"featured_media":89154,"comment_status":"closed","ping_status":"closed","sticky":false,"template":"","format":"standard","meta":{"inline_featured_image":false,"_monsterinsights_skip_tracking":false,"_monsterinsights_sitenote_active":false,"_monsterinsights_sitenote_note":"","_monsterinsights_sitenote_category":0,"footnotes":""},"categories":[156,98,247],"tags":[],"class_list":["post-89156","post","type-post","status-publish","format-standard","has-post-thumbnail","hentry","category-alcalde-es","category-ayuntamiento","category-igualtat-es"],"yoast_head":"<!-- This site is optimized with the Yoast SEO plugin v27.4 - https:\/\/yoast.com\/product\/yoast-seo-wordpress\/ -->\n<title>El Ajuntament de Mont-roig del Camp se suma al D\u00eda Mundial contra la LGBTIfobia en el Deporte con acciones de sensibilizaci\u00f3n este fin de semana - Ajuntament de Mont-roig del Camp<\/title>\n<meta name=\"robots\" content=\"index, follow, max-snippet:-1, max-image-preview:large, max-video-preview:-1\" \/>\n<link rel=\"canonical\" href=\"https:\/\/mont-roig.cat\/es\/actualitat\/noticies\/el-ajuntament-de-mont-roig-del-camp-se-suma-al-dia-mundial-contra-la-lgbtifobia-en-el-deporte-con-acciones-de-sensibilizacion-este-fin-de-semana\/\" \/>\n<meta property=\"og:locale\" content=\"es_ES\" \/>\n<meta property=\"og:type\" content=\"article\" \/>\n<meta property=\"og:title\" content=\"El Ajuntament de Mont-roig del Camp se suma al D\u00eda Mundial contra la LGBTIfobia en el Deporte con acciones de sensibilizaci\u00f3n este fin de semana - Ajuntament de Mont-roig del Camp\" \/>\n<meta property=\"og:description\" content=\"Los clubes de f\u00fatbol de Mont-roig del Camp y Miami Platja lucir\u00e1n brazaletes irisados y se difundir\u00e1 el manifiesto del Consell Nacional LGBTI para promover un deporte libre de discriminaciones Este jueves 19 de febrero se celebra el D\u00eda Mundial contra la LGBTIfobia en el Deporte, una jornada para reivindicar el derecho de todas las [&hellip;]\" \/>\n<meta property=\"og:url\" content=\"https:\/\/mont-roig.cat\/es\/actualitat\/noticies\/el-ajuntament-de-mont-roig-del-camp-se-suma-al-dia-mundial-contra-la-lgbtifobia-en-el-deporte-con-acciones-de-sensibilizacion-este-fin-de-semana\/\" \/>\n<meta property=\"og:site_name\" content=\"Ajuntament de Mont-roig del Camp\" \/>\n<meta property=\"article:published_time\" content=\"2026-02-19T08:09:04+00:00\" \/>\n<meta property=\"article:modified_time\" content=\"2026-02-19T08:12:58+00:00\" \/>\n<meta property=\"og:image\" content=\"https:\/\/mont-roig.cat\/wp-content\/uploads\/19f_diaintern_lgbtifobia_1414x2000.jpg\" \/>\n\t<meta property=\"og:image:width\" content=\"1414\" \/>\n\t<meta property=\"og:image:height\" content=\"2000\" \/>\n\t<meta property=\"og:image:type\" content=\"image\/jpeg\" \/>\n<meta name=\"author\" content=\"comunicacio\" \/>\n<meta name=\"twitter:card\" content=\"summary_large_image\" \/>\n<meta name=\"twitter:label1\" content=\"Escrito por\" \/>\n\t<meta name=\"twitter:data1\" content=\"comunicacio\" \/>\n\t<meta name=\"twitter:label2\" content=\"Tiempo de lectura\" \/>\n\t<meta name=\"twitter:data2\" content=\"3 minutos\" \/>\n<script type=\"application\/ld+json\" class=\"yoast-schema-graph\">{\"@context\":\"https:\\\/\\\/schema.org\",\"@graph\":[{\"@type\":\"Article\",\"@id\":\"https:\\\/\\\/mont-roig.cat\\\/es\\\/actualitat\\\/noticies\\\/el-ajuntament-de-mont-roig-del-camp-se-suma-al-dia-mundial-contra-la-lgbtifobia-en-el-deporte-con-acciones-de-sensibilizacion-este-fin-de-semana\\\/#article\",\"isPartOf\":{\"@id\":\"https:\\\/\\\/mont-roig.cat\\\/es\\\/actualitat\\\/noticies\\\/el-ajuntament-de-mont-roig-del-camp-se-suma-al-dia-mundial-contra-la-lgbtifobia-en-el-deporte-con-acciones-de-sensibilizacion-este-fin-de-semana\\\/\"},\"author\":{\"name\":\"comunicacio\",\"@id\":\"https:\\\/\\\/mont-roig.cat\\\/es\\\/#\\\/schema\\\/person\\\/1f73e7b5e6f9dd122e8a6f14f310ac5e\"},\"headline\":\"El Ajuntament de Mont-roig del Camp se suma al D\u00eda Mundial contra la LGBTIfobia en el Deporte con acciones de sensibilizaci\u00f3n este fin de semana\",\"datePublished\":\"2026-02-19T08:09:04+00:00\",\"dateModified\":\"2026-02-19T08:12:58+00:00\",\"mainEntityOfPage\":{\"@id\":\"https:\\\/\\\/mont-roig.cat\\\/es\\\/actualitat\\\/noticies\\\/el-ajuntament-de-mont-roig-del-camp-se-suma-al-dia-mundial-contra-la-lgbtifobia-en-el-deporte-con-acciones-de-sensibilizacion-este-fin-de-semana\\\/\"},\"wordCount\":439,\"image\":{\"@id\":\"https:\\\/\\\/mont-roig.cat\\\/es\\\/actualitat\\\/noticies\\\/el-ajuntament-de-mont-roig-del-camp-se-suma-al-dia-mundial-contra-la-lgbtifobia-en-el-deporte-con-acciones-de-sensibilizacion-este-fin-de-semana\\\/#primaryimage\"},\"thumbnailUrl\":\"https:\\\/\\\/mont-roig.cat\\\/wp-content\\\/uploads\\\/19f_diaintern_lgbtifobia_1414x2000.jpg\",\"articleSection\":[\"Alcalde\",\"Ayuntamiento\",\"Igualtat\"],\"inLanguage\":\"es\"},{\"@type\":\"WebPage\",\"@id\":\"https:\\\/\\\/mont-roig.cat\\\/es\\\/actualitat\\\/noticies\\\/el-ajuntament-de-mont-roig-del-camp-se-suma-al-dia-mundial-contra-la-lgbtifobia-en-el-deporte-con-acciones-de-sensibilizacion-este-fin-de-semana\\\/\",\"url\":\"https:\\\/\\\/mont-roig.cat\\\/es\\\/actualitat\\\/noticies\\\/el-ajuntament-de-mont-roig-del-camp-se-suma-al-dia-mundial-contra-la-lgbtifobia-en-el-deporte-con-acciones-de-sensibilizacion-este-fin-de-semana\\\/\",\"name\":\"El Ajuntament de Mont-roig del Camp se suma al D\u00eda Mundial contra la LGBTIfobia en el Deporte con acciones de sensibilizaci\u00f3n este fin de semana - Ajuntament de Mont-roig del Camp\",\"isPartOf\":{\"@id\":\"https:\\\/\\\/mont-roig.cat\\\/es\\\/#website\"},\"primaryImageOfPage\":{\"@id\":\"https:\\\/\\\/mont-roig.cat\\\/es\\\/actualitat\\\/noticies\\\/el-ajuntament-de-mont-roig-del-camp-se-suma-al-dia-mundial-contra-la-lgbtifobia-en-el-deporte-con-acciones-de-sensibilizacion-este-fin-de-semana\\\/#primaryimage\"},\"image\":{\"@id\":\"https:\\\/\\\/mont-roig.cat\\\/es\\\/actualitat\\\/noticies\\\/el-ajuntament-de-mont-roig-del-camp-se-suma-al-dia-mundial-contra-la-lgbtifobia-en-el-deporte-con-acciones-de-sensibilizacion-este-fin-de-semana\\\/#primaryimage\"},\"thumbnailUrl\":\"https:\\\/\\\/mont-roig.cat\\\/wp-content\\\/uploads\\\/19f_diaintern_lgbtifobia_1414x2000.jpg\",\"datePublished\":\"2026-02-19T08:09:04+00:00\",\"dateModified\":\"2026-02-19T08:12:58+00:00\",\"author\":{\"@id\":\"https:\\\/\\\/mont-roig.cat\\\/es\\\/#\\\/schema\\\/person\\\/1f73e7b5e6f9dd122e8a6f14f310ac5e\"},\"breadcrumb\":{\"@id\":\"https:\\\/\\\/mont-roig.cat\\\/es\\\/actualitat\\\/noticies\\\/el-ajuntament-de-mont-roig-del-camp-se-suma-al-dia-mundial-contra-la-lgbtifobia-en-el-deporte-con-acciones-de-sensibilizacion-este-fin-de-semana\\\/#breadcrumb\"},\"inLanguage\":\"es\",\"potentialAction\":[{\"@type\":\"ReadAction\",\"target\":[\"https:\\\/\\\/mont-roig.cat\\\/es\\\/actualitat\\\/noticies\\\/el-ajuntament-de-mont-roig-del-camp-se-suma-al-dia-mundial-contra-la-lgbtifobia-en-el-deporte-con-acciones-de-sensibilizacion-este-fin-de-semana\\\/\"]}]},{\"@type\":\"ImageObject\",\"inLanguage\":\"es\",\"@id\":\"https:\\\/\\\/mont-roig.cat\\\/es\\\/actualitat\\\/noticies\\\/el-ajuntament-de-mont-roig-del-camp-se-suma-al-dia-mundial-contra-la-lgbtifobia-en-el-deporte-con-acciones-de-sensibilizacion-este-fin-de-semana\\\/#primaryimage\",\"url\":\"https:\\\/\\\/mont-roig.cat\\\/wp-content\\\/uploads\\\/19f_diaintern_lgbtifobia_1414x2000.jpg\",\"contentUrl\":\"https:\\\/\\\/mont-roig.cat\\\/wp-content\\\/uploads\\\/19f_diaintern_lgbtifobia_1414x2000.jpg\",\"width\":1414,\"height\":2000},{\"@type\":\"BreadcrumbList\",\"@id\":\"https:\\\/\\\/mont-roig.cat\\\/es\\\/actualitat\\\/noticies\\\/el-ajuntament-de-mont-roig-del-camp-se-suma-al-dia-mundial-contra-la-lgbtifobia-en-el-deporte-con-acciones-de-sensibilizacion-este-fin-de-semana\\\/#breadcrumb\",\"itemListElement\":[{\"@type\":\"ListItem\",\"position\":1,\"name\":\"Inici\",\"item\":\"https:\\\/\\\/mont-roig.cat\\\/es\\\/pagina-de-inicio\\\/\"},{\"@type\":\"ListItem\",\"position\":2,\"name\":\"El Ajuntament de Mont-roig del Camp se suma al D\u00eda Mundial contra la LGBTIfobia en el Deporte con acciones de sensibilizaci\u00f3n este fin de semana\"}]},{\"@type\":\"WebSite\",\"@id\":\"https:\\\/\\\/mont-roig.cat\\\/es\\\/#website\",\"url\":\"https:\\\/\\\/mont-roig.cat\\\/es\\\/\",\"name\":\"Ajuntament de Mont-roig del Camp\",\"description\":\"Tota la informaci\u00f3 sobre la instituci\u00f3, els seus \u00f2rgans de govern, actualitat, serveis i molt m\u00e9s.\",\"potentialAction\":[{\"@type\":\"SearchAction\",\"target\":{\"@type\":\"EntryPoint\",\"urlTemplate\":\"https:\\\/\\\/mont-roig.cat\\\/es\\\/?s={search_term_string}\"},\"query-input\":{\"@type\":\"PropertyValueSpecification\",\"valueRequired\":true,\"valueName\":\"search_term_string\"}}],\"inLanguage\":\"es\"},{\"@type\":\"Person\",\"@id\":\"https:\\\/\\\/mont-roig.cat\\\/es\\\/#\\\/schema\\\/person\\\/1f73e7b5e6f9dd122e8a6f14f310ac5e\",\"name\":\"comunicacio\",\"image\":{\"@type\":\"ImageObject\",\"inLanguage\":\"es\",\"@id\":\"https:\\\/\\\/secure.gravatar.com\\\/avatar\\\/98944333e7a877670a64f8d10f0cb680ab2c9ebc4efc43945ef004b52b5ad28c?s=96&d=mm&r=g\",\"url\":\"https:\\\/\\\/secure.gravatar.com\\\/avatar\\\/98944333e7a877670a64f8d10f0cb680ab2c9ebc4efc43945ef004b52b5ad28c?s=96&d=mm&r=g\",\"contentUrl\":\"https:\\\/\\\/secure.gravatar.com\\\/avatar\\\/98944333e7a877670a64f8d10f0cb680ab2c9ebc4efc43945ef004b52b5ad28c?s=96&d=mm&r=g\",\"caption\":\"comunicacio\"},\"url\":\"https:\\\/\\\/mont-roig.cat\\\/es\\\/actualitat\\\/noticies\\\/author\\\/comunicacio\\\/\"}]}<\/script>\n<!-- \/ Yoast SEO plugin. -->","yoast_head_json":{"title":"El Ajuntament de Mont-roig del Camp se suma al D\u00eda Mundial contra la LGBTIfobia en el Deporte con acciones de sensibilizaci\u00f3n este fin de semana - Ajuntament de Mont-roig del Camp","robots":{"index":"index","follow":"follow","max-snippet":"max-snippet:-1","max-image-preview":"max-image-preview:large","max-video-preview":"max-video-preview:-1"},"canonical":"https:\/\/mont-roig.cat\/es\/actualitat\/noticies\/el-ajuntament-de-mont-roig-del-camp-se-suma-al-dia-mundial-contra-la-lgbtifobia-en-el-deporte-con-acciones-de-sensibilizacion-este-fin-de-semana\/","og_locale":"es_ES","og_type":"article","og_title":"El Ajuntament de Mont-roig del Camp se suma al D\u00eda Mundial contra la LGBTIfobia en el Deporte con acciones de sensibilizaci\u00f3n este fin de semana - Ajuntament de Mont-roig del Camp","og_description":"Los clubes de f\u00fatbol de Mont-roig del Camp y Miami Platja lucir\u00e1n brazaletes irisados y se difundir\u00e1 el manifiesto del Consell Nacional LGBTI para promover un deporte libre de discriminaciones Este jueves 19 de febrero se celebra el D\u00eda Mundial contra la LGBTIfobia en el Deporte, una jornada para reivindicar el derecho de todas las [&hellip;]","og_url":"https:\/\/mont-roig.cat\/es\/actualitat\/noticies\/el-ajuntament-de-mont-roig-del-camp-se-suma-al-dia-mundial-contra-la-lgbtifobia-en-el-deporte-con-acciones-de-sensibilizacion-este-fin-de-semana\/","og_site_name":"Ajuntament de Mont-roig del Camp","article_published_time":"2026-02-19T08:09:04+00:00","article_modified_time":"2026-02-19T08:12:58+00:00","og_image":[{"width":1414,"height":2000,"url":"https:\/\/mont-roig.cat\/wp-content\/uploads\/19f_diaintern_lgbtifobia_1414x2000.jpg","type":"image\/jpeg"}],"author":"comunicacio","twitter_card":"summary_large_image","twitter_misc":{"Escrito por":"comunicacio","Tiempo de lectura":"3 minutos"},"schema":{"@context":"https:\/\/schema.org","@graph":[{"@type":"Article","@id":"https:\/\/mont-roig.cat\/es\/actualitat\/noticies\/el-ajuntament-de-mont-roig-del-camp-se-suma-al-dia-mundial-contra-la-lgbtifobia-en-el-deporte-con-acciones-de-sensibilizacion-este-fin-de-semana\/#article","isPartOf":{"@id":"https:\/\/mont-roig.cat\/es\/actualitat\/noticies\/el-ajuntament-de-mont-roig-del-camp-se-suma-al-dia-mundial-contra-la-lgbtifobia-en-el-deporte-con-acciones-de-sensibilizacion-este-fin-de-semana\/"},"author":{"name":"comunicacio","@id":"https:\/\/mont-roig.cat\/es\/#\/schema\/person\/1f73e7b5e6f9dd122e8a6f14f310ac5e"},"headline":"El Ajuntament de Mont-roig del Camp se suma al D\u00eda Mundial contra la LGBTIfobia en el Deporte con acciones de sensibilizaci\u00f3n este fin de semana","datePublished":"2026-02-19T08:09:04+00:00","dateModified":"2026-02-19T08:12:58+00:00","mainEntityOfPage":{"@id":"https:\/\/mont-roig.cat\/es\/actualitat\/noticies\/el-ajuntament-de-mont-roig-del-camp-se-suma-al-dia-mundial-contra-la-lgbtifobia-en-el-deporte-con-acciones-de-sensibilizacion-este-fin-de-semana\/"},"wordCount":439,"image":{"@id":"https:\/\/mont-roig.cat\/es\/actualitat\/noticies\/el-ajuntament-de-mont-roig-del-camp-se-suma-al-dia-mundial-contra-la-lgbtifobia-en-el-deporte-con-acciones-de-sensibilizacion-este-fin-de-semana\/#primaryimage"},"thumbnailUrl":"https:\/\/mont-roig.cat\/wp-content\/uploads\/19f_diaintern_lgbtifobia_1414x2000.jpg","articleSection":["Alcalde","Ayuntamiento","Igualtat"],"inLanguage":"es"},{"@type":"WebPage","@id":"https:\/\/mont-roig.cat\/es\/actualitat\/noticies\/el-ajuntament-de-mont-roig-del-camp-se-suma-al-dia-mundial-contra-la-lgbtifobia-en-el-deporte-con-acciones-de-sensibilizacion-este-fin-de-semana\/","url":"https:\/\/mont-roig.cat\/es\/actualitat\/noticies\/el-ajuntament-de-mont-roig-del-camp-se-suma-al-dia-mundial-contra-la-lgbtifobia-en-el-deporte-con-acciones-de-sensibilizacion-este-fin-de-semana\/","name":"El Ajuntament de Mont-roig del Camp se suma al D\u00eda Mundial contra la LGBTIfobia en el Deporte con acciones de sensibilizaci\u00f3n este fin de semana - Ajuntament de Mont-roig del Camp","isPartOf":{"@id":"https:\/\/mont-roig.cat\/es\/#website"},"primaryImageOfPage":{"@id":"https:\/\/mont-roig.cat\/es\/actualitat\/noticies\/el-ajuntament-de-mont-roig-del-camp-se-suma-al-dia-mundial-contra-la-lgbtifobia-en-el-deporte-con-acciones-de-sensibilizacion-este-fin-de-semana\/#primaryimage"},"image":{"@id":"https:\/\/mont-roig.cat\/es\/actualitat\/noticies\/el-ajuntament-de-mont-roig-del-camp-se-suma-al-dia-mundial-contra-la-lgbtifobia-en-el-deporte-con-acciones-de-sensibilizacion-este-fin-de-semana\/#primaryimage"},"thumbnailUrl":"https:\/\/mont-roig.cat\/wp-content\/uploads\/19f_diaintern_lgbtifobia_1414x2000.jpg","datePublished":"2026-02-19T08:09:04+00:00","dateModified":"2026-02-19T08:12:58+00:00","author":{"@id":"https:\/\/mont-roig.cat\/es\/#\/schema\/person\/1f73e7b5e6f9dd122e8a6f14f310ac5e"},"breadcrumb":{"@id":"https:\/\/mont-roig.cat\/es\/actualitat\/noticies\/el-ajuntament-de-mont-roig-del-camp-se-suma-al-dia-mundial-contra-la-lgbtifobia-en-el-deporte-con-acciones-de-sensibilizacion-este-fin-de-semana\/#breadcrumb"},"inLanguage":"es","potentialAction":[{"@type":"ReadAction","target":["https:\/\/mont-roig.cat\/es\/actualitat\/noticies\/el-ajuntament-de-mont-roig-del-camp-se-suma-al-dia-mundial-contra-la-lgbtifobia-en-el-deporte-con-acciones-de-sensibilizacion-este-fin-de-semana\/"]}]},{"@type":"ImageObject","inLanguage":"es","@id":"https:\/\/mont-roig.cat\/es\/actualitat\/noticies\/el-ajuntament-de-mont-roig-del-camp-se-suma-al-dia-mundial-contra-la-lgbtifobia-en-el-deporte-con-acciones-de-sensibilizacion-este-fin-de-semana\/#primaryimage","url":"https:\/\/mont-roig.cat\/wp-content\/uploads\/19f_diaintern_lgbtifobia_1414x2000.jpg","contentUrl":"https:\/\/mont-roig.cat\/wp-content\/uploads\/19f_diaintern_lgbtifobia_1414x2000.jpg","width":1414,"height":2000},{"@type":"BreadcrumbList","@id":"https:\/\/mont-roig.cat\/es\/actualitat\/noticies\/el-ajuntament-de-mont-roig-del-camp-se-suma-al-dia-mundial-contra-la-lgbtifobia-en-el-deporte-con-acciones-de-sensibilizacion-este-fin-de-semana\/#breadcrumb","itemListElement":[{"@type":"ListItem","position":1,"name":"Inici","item":"https:\/\/mont-roig.cat\/es\/pagina-de-inicio\/"},{"@type":"ListItem","position":2,"name":"El Ajuntament de Mont-roig del Camp se suma al D\u00eda Mundial contra la LGBTIfobia en el Deporte con acciones de sensibilizaci\u00f3n este fin de semana"}]},{"@type":"WebSite","@id":"https:\/\/mont-roig.cat\/es\/#website","url":"https:\/\/mont-roig.cat\/es\/","name":"Ajuntament de Mont-roig del Camp","description":"Tota la informaci\u00f3 sobre la instituci\u00f3, els seus \u00f2rgans de govern, actualitat, serveis i molt m\u00e9s.","potentialAction":[{"@type":"SearchAction","target":{"@type":"EntryPoint","urlTemplate":"https:\/\/mont-roig.cat\/es\/?s={search_term_string}"},"query-input":{"@type":"PropertyValueSpecification","valueRequired":true,"valueName":"search_term_string"}}],"inLanguage":"es"},{"@type":"Person","@id":"https:\/\/mont-roig.cat\/es\/#\/schema\/person\/1f73e7b5e6f9dd122e8a6f14f310ac5e","name":"comunicacio","image":{"@type":"ImageObject","inLanguage":"es","@id":"https:\/\/secure.gravatar.com\/avatar\/98944333e7a877670a64f8d10f0cb680ab2c9ebc4efc43945ef004b52b5ad28c?s=96&d=mm&r=g","url":"https:\/\/secure.gravatar.com\/avatar\/98944333e7a877670a64f8d10f0cb680ab2c9ebc4efc43945ef004b52b5ad28c?s=96&d=mm&r=g","contentUrl":"https:\/\/secure.gravatar.com\/avatar\/98944333e7a877670a64f8d10f0cb680ab2c9ebc4efc43945ef004b52b5ad28c?s=96&d=mm&r=g","caption":"comunicacio"},"url":"https:\/\/mont-roig.cat\/es\/actualitat\/noticies\/author\/comunicacio\/"}]}},"_links":{"self":[{"href":"https:\/\/mont-roig.cat\/es\/wp-json\/wp\/v2\/posts\/89156","targetHints":{"allow":["GET"]}}],"collection":[{"href":"https:\/\/mont-roig.cat\/es\/wp-json\/wp\/v2\/posts"}],"about":[{"href":"https:\/\/mont-roig.cat\/es\/wp-json\/wp\/v2\/types\/post"}],"author":[{"embeddable":true,"href":"https:\/\/mont-roig.cat\/es\/wp-json\/wp\/v2\/users\/13"}],"replies":[{"embeddable":true,"href":"https:\/\/mont-roig.cat\/es\/wp-json\/wp\/v2\/comments?post=89156"}],"version-history":[{"count":2,"href":"https:\/\/mont-roig.cat\/es\/wp-json\/wp\/v2\/posts\/89156\/revisions"}],"predecessor-version":[{"id":89159,"href":"https:\/\/mont-roig.cat\/es\/wp-json\/wp\/v2\/posts\/89156\/revisions\/89159"}],"wp:featuredmedia":[{"embeddable":true,"href":"https:\/\/mont-roig.cat\/es\/wp-json\/wp\/v2\/media\/89154"}],"wp:attachment":[{"href":"https:\/\/mont-roig.cat\/es\/wp-json\/wp\/v2\/media?parent=89156"}],"wp:term":[{"taxonomy":"category","embeddable":true,"href":"https:\/\/mont-roig.cat\/es\/wp-json\/wp\/v2\/categories?post=89156"},{"taxonomy":"post_tag","embeddable":true,"href":"https:\/\/mont-roig.cat\/es\/wp-json\/wp\/v2\/tags?post=89156"}],"curies":[{"name":"wp","href":"https:\/\/api.w.org\/{rel}","templated":true}]}}