{"id":89205,"date":"2026-02-20T11:53:34","date_gmt":"2026-02-20T10:53:34","guid":{"rendered":"https:\/\/mont-roig.cat\/actualitat\/noticies\/les-jornades-de-portes-obertes-als-centres-educatius-de-mont-roig-del-camp-i-miami-platja-comencen-la-setmana-vinent\/"},"modified":"2026-02-20T12:03:10","modified_gmt":"2026-02-20T11:03:10","slug":"las-jornadas-de-puertas-abiertas-en-los-centros-educativos-de-mont-roig-del-camp-y-miami-platja-comienzan-la-proxima-semana","status":"publish","type":"post","link":"https:\/\/mont-roig.cat\/es\/actualitat\/noticies\/las-jornadas-de-puertas-abiertas-en-los-centros-educativos-de-mont-roig-del-camp-y-miami-platja-comienzan-la-proxima-semana\/","title":{"rendered":"Las jornadas de puertas abiertas en los centros educativos de Mont-roig del Camp y Miami Platja comienzan la pr\u00f3xima semana"},"content":{"rendered":"<p><strong><strong><a href=\"https:\/\/mont-roig.cat\/wp-content\/uploads\/portes-obertes2.jpg\" target=\"_blank\" rel=\"noopener\"><img loading=\"lazy\" decoding=\"async\" class=\"alignright wp-image-89193\" src=\"https:\/\/mont-roig.cat\/wp-content\/uploads\/portes-obertes2-500x291.jpg\" alt=\"\" width=\"330\" height=\"192\" srcset=\"https:\/\/mont-roig.cat\/wp-content\/uploads\/portes-obertes2-500x291.jpg 500w, https:\/\/mont-roig.cat\/wp-content\/uploads\/portes-obertes2-768x448.jpg 768w, https:\/\/mont-roig.cat\/wp-content\/uploads\/portes-obertes2.jpg 961w\" sizes=\"auto, (max-width: 330px) 100vw, 330px\" \/><\/a><\/strong><\/strong><\/p>\n<ul>\n<li data-start=\"240\" data-end=\"400\"><strong>Las familias podr\u00e1n conocer los proyectos educativos, servicios e instalaciones antes de formalizar la preinscripci\u00f3n para el curso 2026-2027<\/strong><\/li>\n<\/ul>\n<p data-start=\"402\" data-end=\"791\"><br data-start=\"412\" data-end=\"415\" \/>Mont-roig del Camp, febrero de 2026 \u2013 La pr\u00f3xima semana se inician las jornadas de puertas abiertas en los centros educativos de Mont-roig del Camp y Miami Platja, dirigidas a las familias que deben formalizar la preinscripci\u00f3n escolar para el curso 2026-2027. Las visitas est\u00e1n destinadas tanto a educaci\u00f3n infantil y primaria como a educaci\u00f3n secundaria obligatoria (ESO).<\/p>\n<p data-start=\"793\" data-end=\"1109\">La elecci\u00f3n del centro educativo es un momento clave en el recorrido formativo de los ni\u00f1os y j\u00f3venes. Por este motivo, los centros organizan estos espacios para presentar sus proyectos educativos, explicar su funcionamiento, mostrar los servicios y dar a conocer las instalaciones antes de presentar la solicitud.<\/p>\n<p data-start=\"1111\" data-end=\"1148\"><strong data-start=\"1111\" data-end=\"1146\">Calendario de puertas abiertas:<\/strong><\/p>\n<p data-start=\"1150\" data-end=\"1183\"><em data-start=\"1150\" data-end=\"1181\">Educaci\u00f3n infantil y primaria<\/em><\/p>\n<ul>\n<li data-start=\"1186\" data-end=\"1280\"><strong data-start=\"1186\" data-end=\"1221\">Escuela Mare de D\u00e9u de la Roca:<\/strong> 23 de febrero a las 15:15 h y 26 de febrero a las 9:15 h<\/li>\n<li data-start=\"1283\" data-end=\"1364\"><strong data-start=\"1283\" data-end=\"1305\">Escuela Joan Mir\u00f3:<\/strong> 24 de febrero a las 14:30 h y 26 de febrero a las 9:30 h<\/li>\n<li data-start=\"1367\" data-end=\"1456\"><strong data-start=\"1367\" data-end=\"1397\">Escuela Marcel\u00b7l\u00ed Esquius:<\/strong> 24 de febrero a las 9:45 h y 25 de febrero a las 14:45 h<\/li>\n<\/ul>\n<p data-start=\"1458\" data-end=\"1500\"><em data-start=\"1458\" data-end=\"1498\">Educaci\u00f3n secundaria obligatoria (ESO)<\/em><\/p>\n<ul>\n<li data-start=\"1503\" data-end=\"1552\"><strong data-start=\"1503\" data-end=\"1522\">Institut Miami:<\/strong> 25 de febrero a las 17:30 h<\/li>\n<li data-start=\"1555\" data-end=\"1612\"><strong data-start=\"1555\" data-end=\"1585\">Institut Antoni Ballester:<\/strong> 4 de marzo a las 18:30 h<\/li>\n<\/ul>\n<p data-start=\"1614\" data-end=\"1817\">En los casos en que sea necesaria la reserva previa, las familias deben consultar las p\u00e1ginas web de los centros educativos, donde encontrar\u00e1n los formularios de inscripci\u00f3n y la informaci\u00f3n detallada.<\/p>\n<p data-start=\"1819\" data-end=\"1854\"><strong data-start=\"1819\" data-end=\"1852\">Calendario de preinscripci\u00f3n:<\/strong><\/p>\n<ul>\n<li data-start=\"1857\" data-end=\"1908\">Infantil y primaria: del 4 al 18 de marzo de 2026<\/li>\n<li data-start=\"1911\" data-end=\"1946\">ESO: del 6 al 18 de marzo de 2026<\/li>\n<\/ul>\n<p data-start=\"1948\" data-end=\"2092\">La solicitud se debe formalizar de manera telem\u00e1tica a trav\u00e9s del portal oficial del Departamento de Educaci\u00f3n de la Generalitat de Catalunya.<\/p>\n<p data-start=\"2094\" data-end=\"2295\">La Oficina Municipal de Escolarizaci\u00f3n (OME) es el servicio de referencia para la atenci\u00f3n, informaci\u00f3n y orientaci\u00f3n a las familias durante todo el proceso de preinscripci\u00f3n. Desde la OME se ofrece:<\/p>\n<ul>\n<li data-start=\"2298\" data-end=\"2372\">Informaci\u00f3n personalizada sobre el proceso y los criterios de baremaci\u00f3n<\/li>\n<li data-start=\"2375\" data-end=\"2427\">Apoyo en la tramitaci\u00f3n telem\u00e1tica de la solicitud<\/li>\n<li data-start=\"2430\" data-end=\"2492\">Acompa\u00f1amiento en casos espec\u00edficos o situaciones singulares<\/li>\n<\/ul>\n<p data-start=\"2494\" data-end=\"2760\">Las familias pueden solicitar cita previa a trav\u00e9s de la web municipal o a los tel\u00e9fonos 977 17 28 65 y 677 724 637. La OME tiene su sede en L\u2019Espai (Av. M\u00e1laga, 32 \u2013 Miami Platja) y tambi\u00e9n presta servicio en el Ayuntamiento de Mont-roig del Camp con cita previa.<\/p>\n<p data-start=\"2762\" data-end=\"2891\">Con esta iniciativa, el Ayuntamiento reafirma su compromiso de acompa\u00f1ar a las familias en esta etapa educativa tan importante.<\/p>\n\n\t\t<!-- MasterSlider -->\n\t\t<div id=\"P_MS69f364a5eecce\" class=\"master-slider-parent master-slider-gallery   ms-parent-id-0\"  >\n\n\t\t\t\n\t\t\t<!-- MasterSlider Main -->\n\t\t\t<div id=\"MS69f364a5eecce\" class=\"master-slider ms-skin-default\" >\n\t\t\t\t \t\t\t\t \n\t\t\t<div  class=\"ms-slide\" data-delay=\"3\"    >\n\t\t\t\t\t<img decoding=\"async\" src=\"https:\/\/mont-roig.cat\/wp-content\/plugins\/masterslider\/public\/assets\/css\/blank.gif\" alt=\"Cartell Portes Obertes Joan Mir\u00f3 2026 - definitiu (1)_page-0001\" title=\"Cartell Portes Obertes Joan Mir\u00f3 2026 - definitiu (1)_page-0001\" data-src=\"https:\/\/mont-roig.cat\/wp-content\/uploadsArray\" \/>\n\t<a href=\"http:\/\/Array\" target=\"_self\"    >Cartell Portes Obertes Joan Mir\u00f3 2026 - definitiu (1)_page-0001<\/a>\n\n\t\t\t\t\t<div class=\"ms-info\">Cartell Portes Obertes Joan Mir\u00f3 2026 - definitiu (1)_page-0001<\/div>\n\n\n\t<img decoding=\"async\" class=\"ms-thumb\" src=\"https:\/\/mont-roig.cat\/wp-content\/uploadsArray\" alt=\"Cartell Portes Obertes Joan Mir\u00f3 2026 - definitiu (1)_page-0001\" \/>\n\t\t\t\t<\/div>\n\t\t\t<div  class=\"ms-slide\" data-delay=\"3\"    >\n\t\t\t\t\t<img decoding=\"async\" src=\"https:\/\/mont-roig.cat\/wp-content\/plugins\/masterslider\/public\/assets\/css\/blank.gif\" alt=\"CARTELL PORTES OBERTES 2026 (1080 px x 1350 px) (1)_page-0001\" title=\"CARTELL PORTES OBERTES 2026 (1080 px x 1350 px) (1)_page-0001\" data-src=\"https:\/\/mont-roig.cat\/wp-content\/uploadsArray\" \/>\n\t<a href=\"http:\/\/Array\" target=\"_self\"    >CARTELL PORTES OBERTES 2026 (1080 px x 1350 px) (1)_page-0001<\/a>\n\n\t\t\t\t\t<div class=\"ms-info\">CARTELL PORTES OBERTES 2026 (1080\u00a0px x 1350\u00a0px) (1)_page-0001<\/div>\n\n\n\t<img decoding=\"async\" class=\"ms-thumb\" src=\"https:\/\/mont-roig.cat\/wp-content\/uploadsArray\" alt=\"CARTELL PORTES OBERTES 2026 (1080 px x 1350 px) (1)_page-0001\" \/>\n\t\t\t\t<\/div>\n\t\t\t<div  class=\"ms-slide\" data-delay=\"3\"    >\n\t\t\t\t\t<img decoding=\"async\" src=\"https:\/\/mont-roig.cat\/wp-content\/plugins\/masterslider\/public\/assets\/css\/blank.gif\" alt=\"portes obertes BAT IAB 2026 (1)_page-0001\" title=\"portes obertes BAT IAB 2026 (1)_page-0001\" data-src=\"https:\/\/mont-roig.cat\/wp-content\/uploadsArray\" \/>\n\t<a href=\"http:\/\/Array\" target=\"_self\"    >portes obertes BAT IAB 2026 (1)_page-0001<\/a>\n\n\t\t\t\t\t<div class=\"ms-info\">portes obertes BAT IAB 2026 (1)_page-0001<\/div>\n\n\n\t<img decoding=\"async\" class=\"ms-thumb\" src=\"https:\/\/mont-roig.cat\/wp-content\/uploadsArray\" alt=\"portes obertes BAT IAB 2026 (1)_page-0001\" \/>\n\t\t\t\t<\/div>\n\t\t\t<div  class=\"ms-slide\" data-delay=\"3\"    >\n\t\t\t\t\t<img decoding=\"async\" src=\"https:\/\/mont-roig.cat\/wp-content\/plugins\/masterslider\/public\/assets\/css\/blank.gif\" alt=\"Portes obertes 2026_page-0001\" title=\"Portes obertes 2026_page-0001\" data-src=\"https:\/\/mont-roig.cat\/wp-content\/uploadsArray\" \/>\n\t<a href=\"http:\/\/Array\" target=\"_self\"    >Portes obertes 2026_page-0001<\/a>\n\n\t\t\t\t\t<div class=\"ms-info\">Portes obertes 2026_page-0001<\/div>\n\n\n\t<img decoding=\"async\" class=\"ms-thumb\" src=\"https:\/\/mont-roig.cat\/wp-content\/uploadsArray\" alt=\"Portes obertes 2026_page-0001\" \/>\n\t\t\t\t<\/div>\n\t\t\t<div  class=\"ms-slide\" data-delay=\"3\"    >\n\t\t\t\t\t<img decoding=\"async\" src=\"https:\/\/mont-roig.cat\/wp-content\/plugins\/masterslider\/public\/assets\/css\/blank.gif\" alt=\"portes obertes BAT IAB 2026 (1)_page-0002\" title=\"portes obertes BAT IAB 2026 (1)_page-0002\" data-src=\"https:\/\/mont-roig.cat\/wp-content\/uploadsArray\" \/>\n\t<a href=\"http:\/\/Array\" target=\"_self\"    >portes obertes BAT IAB 2026 (1)_page-0002<\/a>\n\n\t\t\t\t\t<div class=\"ms-info\">portes obertes BAT IAB 2026 (1)_page-0002<\/div>\n\n\n\t<img decoding=\"async\" class=\"ms-thumb\" src=\"https:\/\/mont-roig.cat\/wp-content\/uploadsArray\" alt=\"portes obertes BAT IAB 2026 (1)_page-0002\" \/>\n\t\t\t\t<\/div>\n\t\t\t<div  class=\"ms-slide\" data-delay=\"3\"    >\n\t\t\t\t\t<img decoding=\"async\" src=\"https:\/\/mont-roig.cat\/wp-content\/plugins\/masterslider\/public\/assets\/css\/blank.gif\" alt=\"P.Obertes ME_page-0001\" title=\"P.Obertes ME_page-0001\" data-src=\"https:\/\/mont-roig.cat\/wp-content\/uploadsArray\" \/>\n\t<a href=\"http:\/\/Array\" target=\"_self\"    >P.Obertes ME_page-0001<\/a>\n\n\t\t\t\t\t<div class=\"ms-info\">P.Obertes ME_page-0001<\/div>\n\n\n\t<img decoding=\"async\" class=\"ms-thumb\" src=\"https:\/\/mont-roig.cat\/wp-content\/uploadsArray\" alt=\"P.Obertes ME_page-0001\" \/>\n\t\t\t\t<\/div>\n\n\t\t\t<\/div>\n\t\t\t<!-- END MasterSlider Main -->\n\n\t\t\t \n\t\t<\/div>\n\t\t<!-- END MasterSlider -->\n\n\t\t<script>\n\t\t( window.MSReady = window.MSReady || [] ).push( function( $ ) {\n\n\t\t\t\"use strict\";\n\t\t\tvar masterslider_ecce = new MasterSlider();\n\n\t\t\t\/\/ slider controls\n\t\t\tmasterslider_ecce.control('arrows'     ,{ autohide:true, overVideo:true  });\n\t\t\tmasterslider_ecce.control('thumblist'  ,{ autohide:false, overVideo:true, dir:'h', speed:17, inset:false, arrows:false, hover:false, customClass:'', align:'bottom',type:'thumbs', margin:2, width:140, height:80, space:2, fillMode:'fill'  });\n\t\t\tmasterslider_ecce.control('slideinfo'  ,{ autohide:true, overVideo:true, dir:'h', align:'bottom',inset:true , margin:80  , size:30 });\n\t\t\t\/\/ slider setup\n\t\t\tmasterslider_ecce.setup(\"MS69f364a5eecce\", {\n\t\t\t\twidth           : 960,\n\t\t\t\theight          : 540,\n\t\t\t\tminHeight       : 0,\n\t\t\t\tspace           : 0,\n\t\t\t\tstart           : 1,\n\t\t\t\tgrabCursor      : true,\n\t\t\t\tswipe           : true,\n\t\t\t\tmouse           : true,\n\t\t\t\tkeyboard        : false,\n\t\t\t\tlayout          : \"fillwidth\",\n\t\t\t\twheel           : false,\n\t\t\t\tautoplay        : false,\n                instantStartLayers:false,\n\t\t\t\tmobileBGVideo:false,\n\t\t\t\tloop            : false,\n\t\t\t\tshuffle         : false,\n\t\t\t\tpreload         : 3,\n\t\t\t\theightLimit     : false,\n\t\t\t\tautoHeight      : false,\n\t\t\t\tsmoothHeight    : true,\n\t\t\t\tendPause        : false,\n\t\t\t\toverPause       : false,\n\t\t\t\tfillMode        : \"fill\",\n\t\t\t\tcenterControls  : true,\n\t\t\t\tstartOnAppear   : false,\n\t\t\t\tlayersMode      : \"center\",\n\t\t\t\tautofillTarget  : \"\",\n\t\t\t\thideLayers      : false,\n\t\t\t\tfullscreenMargin: 0,\n\t\t\t\tspeed           : 17,\n\t\t\t\tdir             : \"h\",\n\t\t\t\tparallaxMode    : 'swipe',\n\t\t\t\tview            : \"basic\"\n\t\t\t});\n\n\t\t\t\n\t\t\twindow.masterslider_instances = window.masterslider_instances || [];\n\t\t\twindow.masterslider_instances.push( masterslider_ecce );\n\t\t});\n\t\t<\/script>\n\n\n","protected":false},"excerpt":{"rendered":"<p>Las familias podr\u00e1n conocer los proyectos educativos, servicios e instalaciones antes de formalizar la preinscripci\u00f3n para el curso 2026-2027 Mont-roig del Camp, febrero de 2026 \u2013 La pr\u00f3xima semana se inician las jornadas de puertas abiertas en los centros educativos de Mont-roig del Camp y Miami Platja, dirigidas a las familias que deben formalizar la [&hellip;]<\/p>\n","protected":false},"author":13,"featured_media":89197,"comment_status":"closed","ping_status":"closed","sticky":false,"template":"","format":"standard","meta":{"inline_featured_image":false,"_monsterinsights_skip_tracking":false,"_monsterinsights_sitenote_active":false,"_monsterinsights_sitenote_note":"","_monsterinsights_sitenote_category":0,"footnotes":""},"categories":[98,103],"tags":[],"class_list":["post-89205","post","type-post","status-publish","format-standard","has-post-thumbnail","hentry","category-ayuntamiento","category-educacion"],"yoast_head":"<!-- This site is optimized with the Yoast SEO plugin v27.4 - https:\/\/yoast.com\/product\/yoast-seo-wordpress\/ -->\n<title>Las jornadas de puertas abiertas en los centros educativos de Mont-roig del Camp y Miami Platja comienzan la pr\u00f3xima semana - Ajuntament de Mont-roig del Camp<\/title>\n<meta name=\"robots\" content=\"index, follow, max-snippet:-1, max-image-preview:large, max-video-preview:-1\" \/>\n<link rel=\"canonical\" href=\"https:\/\/mont-roig.cat\/es\/actualitat\/noticies\/las-jornadas-de-puertas-abiertas-en-los-centros-educativos-de-mont-roig-del-camp-y-miami-platja-comienzan-la-proxima-semana\/\" \/>\n<meta property=\"og:locale\" content=\"es_ES\" \/>\n<meta property=\"og:type\" content=\"article\" \/>\n<meta property=\"og:title\" content=\"Las jornadas de puertas abiertas en los centros educativos de Mont-roig del Camp y Miami Platja comienzan la pr\u00f3xima semana - Ajuntament de Mont-roig del Camp\" \/>\n<meta property=\"og:description\" content=\"Las familias podr\u00e1n conocer los proyectos educativos, servicios e instalaciones antes de formalizar la preinscripci\u00f3n para el curso 2026-2027 Mont-roig del Camp, febrero de 2026 \u2013 La pr\u00f3xima semana se inician las jornadas de puertas abiertas en los centros educativos de Mont-roig del Camp y Miami Platja, dirigidas a las familias que deben formalizar la [&hellip;]\" \/>\n<meta property=\"og:url\" content=\"https:\/\/mont-roig.cat\/es\/actualitat\/noticies\/las-jornadas-de-puertas-abiertas-en-los-centros-educativos-de-mont-roig-del-camp-y-miami-platja-comienzan-la-proxima-semana\/\" \/>\n<meta property=\"og:site_name\" content=\"Ajuntament de Mont-roig del Camp\" \/>\n<meta property=\"article:published_time\" content=\"2026-02-20T10:53:34+00:00\" \/>\n<meta property=\"article:modified_time\" content=\"2026-02-20T11:03:10+00:00\" \/>\n<meta property=\"og:image\" content=\"https:\/\/mont-roig.cat\/wp-content\/uploads\/portes-obertes2.jpg\" \/>\n\t<meta property=\"og:image:width\" content=\"961\" \/>\n\t<meta property=\"og:image:height\" content=\"560\" \/>\n\t<meta property=\"og:image:type\" content=\"image\/jpeg\" \/>\n<meta name=\"author\" content=\"comunicacio\" \/>\n<meta name=\"twitter:card\" content=\"summary_large_image\" \/>\n<meta name=\"twitter:label1\" content=\"Escrito por\" \/>\n\t<meta name=\"twitter:data1\" content=\"comunicacio\" \/>\n\t<meta name=\"twitter:label2\" content=\"Tiempo de lectura\" \/>\n\t<meta name=\"twitter:data2\" content=\"3 minutos\" \/>\n<script type=\"application\/ld+json\" class=\"yoast-schema-graph\">{\"@context\":\"https:\\\/\\\/schema.org\",\"@graph\":[{\"@type\":\"Article\",\"@id\":\"https:\\\/\\\/mont-roig.cat\\\/es\\\/actualitat\\\/noticies\\\/las-jornadas-de-puertas-abiertas-en-los-centros-educativos-de-mont-roig-del-camp-y-miami-platja-comienzan-la-proxima-semana\\\/#article\",\"isPartOf\":{\"@id\":\"https:\\\/\\\/mont-roig.cat\\\/es\\\/actualitat\\\/noticies\\\/las-jornadas-de-puertas-abiertas-en-los-centros-educativos-de-mont-roig-del-camp-y-miami-platja-comienzan-la-proxima-semana\\\/\"},\"author\":{\"name\":\"comunicacio\",\"@id\":\"https:\\\/\\\/mont-roig.cat\\\/es\\\/#\\\/schema\\\/person\\\/1f73e7b5e6f9dd122e8a6f14f310ac5e\"},\"headline\":\"Las jornadas de puertas abiertas en los centros educativos de Mont-roig del Camp y Miami Platja comienzan la pr\u00f3xima semana\",\"datePublished\":\"2026-02-20T10:53:34+00:00\",\"dateModified\":\"2026-02-20T11:03:10+00:00\",\"mainEntityOfPage\":{\"@id\":\"https:\\\/\\\/mont-roig.cat\\\/es\\\/actualitat\\\/noticies\\\/las-jornadas-de-puertas-abiertas-en-los-centros-educativos-de-mont-roig-del-camp-y-miami-platja-comienzan-la-proxima-semana\\\/\"},\"wordCount\":453,\"image\":{\"@id\":\"https:\\\/\\\/mont-roig.cat\\\/es\\\/actualitat\\\/noticies\\\/las-jornadas-de-puertas-abiertas-en-los-centros-educativos-de-mont-roig-del-camp-y-miami-platja-comienzan-la-proxima-semana\\\/#primaryimage\"},\"thumbnailUrl\":\"https:\\\/\\\/mont-roig.cat\\\/wp-content\\\/uploads\\\/portes-obertes2.jpg\",\"articleSection\":[\"Ayuntamiento\",\"Educaci\u00f3n\"],\"inLanguage\":\"es\"},{\"@type\":\"WebPage\",\"@id\":\"https:\\\/\\\/mont-roig.cat\\\/es\\\/actualitat\\\/noticies\\\/las-jornadas-de-puertas-abiertas-en-los-centros-educativos-de-mont-roig-del-camp-y-miami-platja-comienzan-la-proxima-semana\\\/\",\"url\":\"https:\\\/\\\/mont-roig.cat\\\/es\\\/actualitat\\\/noticies\\\/las-jornadas-de-puertas-abiertas-en-los-centros-educativos-de-mont-roig-del-camp-y-miami-platja-comienzan-la-proxima-semana\\\/\",\"name\":\"Las jornadas de puertas abiertas en los centros educativos de Mont-roig del Camp y Miami Platja comienzan la pr\u00f3xima semana - Ajuntament de Mont-roig del Camp\",\"isPartOf\":{\"@id\":\"https:\\\/\\\/mont-roig.cat\\\/es\\\/#website\"},\"primaryImageOfPage\":{\"@id\":\"https:\\\/\\\/mont-roig.cat\\\/es\\\/actualitat\\\/noticies\\\/las-jornadas-de-puertas-abiertas-en-los-centros-educativos-de-mont-roig-del-camp-y-miami-platja-comienzan-la-proxima-semana\\\/#primaryimage\"},\"image\":{\"@id\":\"https:\\\/\\\/mont-roig.cat\\\/es\\\/actualitat\\\/noticies\\\/las-jornadas-de-puertas-abiertas-en-los-centros-educativos-de-mont-roig-del-camp-y-miami-platja-comienzan-la-proxima-semana\\\/#primaryimage\"},\"thumbnailUrl\":\"https:\\\/\\\/mont-roig.cat\\\/wp-content\\\/uploads\\\/portes-obertes2.jpg\",\"datePublished\":\"2026-02-20T10:53:34+00:00\",\"dateModified\":\"2026-02-20T11:03:10+00:00\",\"author\":{\"@id\":\"https:\\\/\\\/mont-roig.cat\\\/es\\\/#\\\/schema\\\/person\\\/1f73e7b5e6f9dd122e8a6f14f310ac5e\"},\"breadcrumb\":{\"@id\":\"https:\\\/\\\/mont-roig.cat\\\/es\\\/actualitat\\\/noticies\\\/las-jornadas-de-puertas-abiertas-en-los-centros-educativos-de-mont-roig-del-camp-y-miami-platja-comienzan-la-proxima-semana\\\/#breadcrumb\"},\"inLanguage\":\"es\",\"potentialAction\":[{\"@type\":\"ReadAction\",\"target\":[\"https:\\\/\\\/mont-roig.cat\\\/es\\\/actualitat\\\/noticies\\\/las-jornadas-de-puertas-abiertas-en-los-centros-educativos-de-mont-roig-del-camp-y-miami-platja-comienzan-la-proxima-semana\\\/\"]}]},{\"@type\":\"ImageObject\",\"inLanguage\":\"es\",\"@id\":\"https:\\\/\\\/mont-roig.cat\\\/es\\\/actualitat\\\/noticies\\\/las-jornadas-de-puertas-abiertas-en-los-centros-educativos-de-mont-roig-del-camp-y-miami-platja-comienzan-la-proxima-semana\\\/#primaryimage\",\"url\":\"https:\\\/\\\/mont-roig.cat\\\/wp-content\\\/uploads\\\/portes-obertes2.jpg\",\"contentUrl\":\"https:\\\/\\\/mont-roig.cat\\\/wp-content\\\/uploads\\\/portes-obertes2.jpg\",\"width\":961,\"height\":560},{\"@type\":\"BreadcrumbList\",\"@id\":\"https:\\\/\\\/mont-roig.cat\\\/es\\\/actualitat\\\/noticies\\\/las-jornadas-de-puertas-abiertas-en-los-centros-educativos-de-mont-roig-del-camp-y-miami-platja-comienzan-la-proxima-semana\\\/#breadcrumb\",\"itemListElement\":[{\"@type\":\"ListItem\",\"position\":1,\"name\":\"Inici\",\"item\":\"https:\\\/\\\/mont-roig.cat\\\/es\\\/pagina-de-inicio\\\/\"},{\"@type\":\"ListItem\",\"position\":2,\"name\":\"Las jornadas de puertas abiertas en los centros educativos de Mont-roig del Camp y Miami Platja comienzan la pr\u00f3xima semana\"}]},{\"@type\":\"WebSite\",\"@id\":\"https:\\\/\\\/mont-roig.cat\\\/es\\\/#website\",\"url\":\"https:\\\/\\\/mont-roig.cat\\\/es\\\/\",\"name\":\"Ajuntament de Mont-roig del Camp\",\"description\":\"Tota la informaci\u00f3 sobre la instituci\u00f3, els seus \u00f2rgans de govern, actualitat, serveis i molt m\u00e9s.\",\"potentialAction\":[{\"@type\":\"SearchAction\",\"target\":{\"@type\":\"EntryPoint\",\"urlTemplate\":\"https:\\\/\\\/mont-roig.cat\\\/es\\\/?s={search_term_string}\"},\"query-input\":{\"@type\":\"PropertyValueSpecification\",\"valueRequired\":true,\"valueName\":\"search_term_string\"}}],\"inLanguage\":\"es\"},{\"@type\":\"Person\",\"@id\":\"https:\\\/\\\/mont-roig.cat\\\/es\\\/#\\\/schema\\\/person\\\/1f73e7b5e6f9dd122e8a6f14f310ac5e\",\"name\":\"comunicacio\",\"image\":{\"@type\":\"ImageObject\",\"inLanguage\":\"es\",\"@id\":\"https:\\\/\\\/secure.gravatar.com\\\/avatar\\\/98944333e7a877670a64f8d10f0cb680ab2c9ebc4efc43945ef004b52b5ad28c?s=96&d=mm&r=g\",\"url\":\"https:\\\/\\\/secure.gravatar.com\\\/avatar\\\/98944333e7a877670a64f8d10f0cb680ab2c9ebc4efc43945ef004b52b5ad28c?s=96&d=mm&r=g\",\"contentUrl\":\"https:\\\/\\\/secure.gravatar.com\\\/avatar\\\/98944333e7a877670a64f8d10f0cb680ab2c9ebc4efc43945ef004b52b5ad28c?s=96&d=mm&r=g\",\"caption\":\"comunicacio\"},\"url\":\"https:\\\/\\\/mont-roig.cat\\\/es\\\/actualitat\\\/noticies\\\/author\\\/comunicacio\\\/\"}]}<\/script>\n<!-- \/ Yoast SEO plugin. -->","yoast_head_json":{"title":"Las jornadas de puertas abiertas en los centros educativos de Mont-roig del Camp y Miami Platja comienzan la pr\u00f3xima semana - Ajuntament de Mont-roig del Camp","robots":{"index":"index","follow":"follow","max-snippet":"max-snippet:-1","max-image-preview":"max-image-preview:large","max-video-preview":"max-video-preview:-1"},"canonical":"https:\/\/mont-roig.cat\/es\/actualitat\/noticies\/las-jornadas-de-puertas-abiertas-en-los-centros-educativos-de-mont-roig-del-camp-y-miami-platja-comienzan-la-proxima-semana\/","og_locale":"es_ES","og_type":"article","og_title":"Las jornadas de puertas abiertas en los centros educativos de Mont-roig del Camp y Miami Platja comienzan la pr\u00f3xima semana - Ajuntament de Mont-roig del Camp","og_description":"Las familias podr\u00e1n conocer los proyectos educativos, servicios e instalaciones antes de formalizar la preinscripci\u00f3n para el curso 2026-2027 Mont-roig del Camp, febrero de 2026 \u2013 La pr\u00f3xima semana se inician las jornadas de puertas abiertas en los centros educativos de Mont-roig del Camp y Miami Platja, dirigidas a las familias que deben formalizar la [&hellip;]","og_url":"https:\/\/mont-roig.cat\/es\/actualitat\/noticies\/las-jornadas-de-puertas-abiertas-en-los-centros-educativos-de-mont-roig-del-camp-y-miami-platja-comienzan-la-proxima-semana\/","og_site_name":"Ajuntament de Mont-roig del Camp","article_published_time":"2026-02-20T10:53:34+00:00","article_modified_time":"2026-02-20T11:03:10+00:00","og_image":[{"width":961,"height":560,"url":"https:\/\/mont-roig.cat\/wp-content\/uploads\/portes-obertes2.jpg","type":"image\/jpeg"}],"author":"comunicacio","twitter_card":"summary_large_image","twitter_misc":{"Escrito por":"comunicacio","Tiempo de lectura":"3 minutos"},"schema":{"@context":"https:\/\/schema.org","@graph":[{"@type":"Article","@id":"https:\/\/mont-roig.cat\/es\/actualitat\/noticies\/las-jornadas-de-puertas-abiertas-en-los-centros-educativos-de-mont-roig-del-camp-y-miami-platja-comienzan-la-proxima-semana\/#article","isPartOf":{"@id":"https:\/\/mont-roig.cat\/es\/actualitat\/noticies\/las-jornadas-de-puertas-abiertas-en-los-centros-educativos-de-mont-roig-del-camp-y-miami-platja-comienzan-la-proxima-semana\/"},"author":{"name":"comunicacio","@id":"https:\/\/mont-roig.cat\/es\/#\/schema\/person\/1f73e7b5e6f9dd122e8a6f14f310ac5e"},"headline":"Las jornadas de puertas abiertas en los centros educativos de Mont-roig del Camp y Miami Platja comienzan la pr\u00f3xima semana","datePublished":"2026-02-20T10:53:34+00:00","dateModified":"2026-02-20T11:03:10+00:00","mainEntityOfPage":{"@id":"https:\/\/mont-roig.cat\/es\/actualitat\/noticies\/las-jornadas-de-puertas-abiertas-en-los-centros-educativos-de-mont-roig-del-camp-y-miami-platja-comienzan-la-proxima-semana\/"},"wordCount":453,"image":{"@id":"https:\/\/mont-roig.cat\/es\/actualitat\/noticies\/las-jornadas-de-puertas-abiertas-en-los-centros-educativos-de-mont-roig-del-camp-y-miami-platja-comienzan-la-proxima-semana\/#primaryimage"},"thumbnailUrl":"https:\/\/mont-roig.cat\/wp-content\/uploads\/portes-obertes2.jpg","articleSection":["Ayuntamiento","Educaci\u00f3n"],"inLanguage":"es"},{"@type":"WebPage","@id":"https:\/\/mont-roig.cat\/es\/actualitat\/noticies\/las-jornadas-de-puertas-abiertas-en-los-centros-educativos-de-mont-roig-del-camp-y-miami-platja-comienzan-la-proxima-semana\/","url":"https:\/\/mont-roig.cat\/es\/actualitat\/noticies\/las-jornadas-de-puertas-abiertas-en-los-centros-educativos-de-mont-roig-del-camp-y-miami-platja-comienzan-la-proxima-semana\/","name":"Las jornadas de puertas abiertas en los centros educativos de Mont-roig del Camp y Miami Platja comienzan la pr\u00f3xima semana - Ajuntament de Mont-roig del Camp","isPartOf":{"@id":"https:\/\/mont-roig.cat\/es\/#website"},"primaryImageOfPage":{"@id":"https:\/\/mont-roig.cat\/es\/actualitat\/noticies\/las-jornadas-de-puertas-abiertas-en-los-centros-educativos-de-mont-roig-del-camp-y-miami-platja-comienzan-la-proxima-semana\/#primaryimage"},"image":{"@id":"https:\/\/mont-roig.cat\/es\/actualitat\/noticies\/las-jornadas-de-puertas-abiertas-en-los-centros-educativos-de-mont-roig-del-camp-y-miami-platja-comienzan-la-proxima-semana\/#primaryimage"},"thumbnailUrl":"https:\/\/mont-roig.cat\/wp-content\/uploads\/portes-obertes2.jpg","datePublished":"2026-02-20T10:53:34+00:00","dateModified":"2026-02-20T11:03:10+00:00","author":{"@id":"https:\/\/mont-roig.cat\/es\/#\/schema\/person\/1f73e7b5e6f9dd122e8a6f14f310ac5e"},"breadcrumb":{"@id":"https:\/\/mont-roig.cat\/es\/actualitat\/noticies\/las-jornadas-de-puertas-abiertas-en-los-centros-educativos-de-mont-roig-del-camp-y-miami-platja-comienzan-la-proxima-semana\/#breadcrumb"},"inLanguage":"es","potentialAction":[{"@type":"ReadAction","target":["https:\/\/mont-roig.cat\/es\/actualitat\/noticies\/las-jornadas-de-puertas-abiertas-en-los-centros-educativos-de-mont-roig-del-camp-y-miami-platja-comienzan-la-proxima-semana\/"]}]},{"@type":"ImageObject","inLanguage":"es","@id":"https:\/\/mont-roig.cat\/es\/actualitat\/noticies\/las-jornadas-de-puertas-abiertas-en-los-centros-educativos-de-mont-roig-del-camp-y-miami-platja-comienzan-la-proxima-semana\/#primaryimage","url":"https:\/\/mont-roig.cat\/wp-content\/uploads\/portes-obertes2.jpg","contentUrl":"https:\/\/mont-roig.cat\/wp-content\/uploads\/portes-obertes2.jpg","width":961,"height":560},{"@type":"BreadcrumbList","@id":"https:\/\/mont-roig.cat\/es\/actualitat\/noticies\/las-jornadas-de-puertas-abiertas-en-los-centros-educativos-de-mont-roig-del-camp-y-miami-platja-comienzan-la-proxima-semana\/#breadcrumb","itemListElement":[{"@type":"ListItem","position":1,"name":"Inici","item":"https:\/\/mont-roig.cat\/es\/pagina-de-inicio\/"},{"@type":"ListItem","position":2,"name":"Las jornadas de puertas abiertas en los centros educativos de Mont-roig del Camp y Miami Platja comienzan la pr\u00f3xima semana"}]},{"@type":"WebSite","@id":"https:\/\/mont-roig.cat\/es\/#website","url":"https:\/\/mont-roig.cat\/es\/","name":"Ajuntament de Mont-roig del Camp","description":"Tota la informaci\u00f3 sobre la instituci\u00f3, els seus \u00f2rgans de govern, actualitat, serveis i molt m\u00e9s.","potentialAction":[{"@type":"SearchAction","target":{"@type":"EntryPoint","urlTemplate":"https:\/\/mont-roig.cat\/es\/?s={search_term_string}"},"query-input":{"@type":"PropertyValueSpecification","valueRequired":true,"valueName":"search_term_string"}}],"inLanguage":"es"},{"@type":"Person","@id":"https:\/\/mont-roig.cat\/es\/#\/schema\/person\/1f73e7b5e6f9dd122e8a6f14f310ac5e","name":"comunicacio","image":{"@type":"ImageObject","inLanguage":"es","@id":"https:\/\/secure.gravatar.com\/avatar\/98944333e7a877670a64f8d10f0cb680ab2c9ebc4efc43945ef004b52b5ad28c?s=96&d=mm&r=g","url":"https:\/\/secure.gravatar.com\/avatar\/98944333e7a877670a64f8d10f0cb680ab2c9ebc4efc43945ef004b52b5ad28c?s=96&d=mm&r=g","contentUrl":"https:\/\/secure.gravatar.com\/avatar\/98944333e7a877670a64f8d10f0cb680ab2c9ebc4efc43945ef004b52b5ad28c?s=96&d=mm&r=g","caption":"comunicacio"},"url":"https:\/\/mont-roig.cat\/es\/actualitat\/noticies\/author\/comunicacio\/"}]}},"_links":{"self":[{"href":"https:\/\/mont-roig.cat\/es\/wp-json\/wp\/v2\/posts\/89205","targetHints":{"allow":["GET"]}}],"collection":[{"href":"https:\/\/mont-roig.cat\/es\/wp-json\/wp\/v2\/posts"}],"about":[{"href":"https:\/\/mont-roig.cat\/es\/wp-json\/wp\/v2\/types\/post"}],"author":[{"embeddable":true,"href":"https:\/\/mont-roig.cat\/es\/wp-json\/wp\/v2\/users\/13"}],"replies":[{"embeddable":true,"href":"https:\/\/mont-roig.cat\/es\/wp-json\/wp\/v2\/comments?post=89205"}],"version-history":[{"count":2,"href":"https:\/\/mont-roig.cat\/es\/wp-json\/wp\/v2\/posts\/89205\/revisions"}],"predecessor-version":[{"id":89207,"href":"https:\/\/mont-roig.cat\/es\/wp-json\/wp\/v2\/posts\/89205\/revisions\/89207"}],"wp:featuredmedia":[{"embeddable":true,"href":"https:\/\/mont-roig.cat\/es\/wp-json\/wp\/v2\/media\/89197"}],"wp:attachment":[{"href":"https:\/\/mont-roig.cat\/es\/wp-json\/wp\/v2\/media?parent=89205"}],"wp:term":[{"taxonomy":"category","embeddable":true,"href":"https:\/\/mont-roig.cat\/es\/wp-json\/wp\/v2\/categories?post=89205"},{"taxonomy":"post_tag","embeddable":true,"href":"https:\/\/mont-roig.cat\/es\/wp-json\/wp\/v2\/tags?post=89205"}],"curies":[{"name":"wp","href":"https:\/\/api.w.org\/{rel}","templated":true}]}}