{"id":89248,"date":"2026-02-23T12:29:39","date_gmt":"2026-02-23T11:29:39","guid":{"rendered":"https:\/\/mont-roig.cat\/?p=89248"},"modified":"2026-02-23T14:12:12","modified_gmt":"2026-02-23T13:12:12","slug":"disponible-el-comunica-edicion-febrero-2026","status":"publish","type":"post","link":"https:\/\/mont-roig.cat\/es\/actualitat\/noticies\/disponible-el-comunica-edicion-febrero-2026\/","title":{"rendered":"Disponible el Comunica, edici\u00f3n febrero 2026"},"content":{"rendered":"<ul>\n<li>\n<div id=\"attachment_89232\" style=\"width: 260px\" class=\"wp-caption alignright\"><a href=\"https:\/\/mont-roig.cat\/wp-content\/uploads\/PORTADA_Comunica37_FEBRER26_ES-scaled.jpg\"><img loading=\"lazy\" decoding=\"async\" aria-describedby=\"caption-attachment-89232\" class=\"wp-image-89232\" title=\"Comunica febrero 2026\" src=\"https:\/\/mont-roig.cat\/wp-content\/uploads\/PORTADA_Comunica37_FEBRER26_ES-347x500.jpg\" alt=\"\" width=\"250\" height=\"360\" srcset=\"https:\/\/mont-roig.cat\/wp-content\/uploads\/PORTADA_Comunica37_FEBRER26_ES-347x500.jpg 347w, https:\/\/mont-roig.cat\/wp-content\/uploads\/PORTADA_Comunica37_FEBRER26_ES-711x1024.jpg 711w, https:\/\/mont-roig.cat\/wp-content\/uploads\/PORTADA_Comunica37_FEBRER26_ES-768x1105.jpg 768w, https:\/\/mont-roig.cat\/wp-content\/uploads\/PORTADA_Comunica37_FEBRER26_ES-1067x1536.jpg 1067w, https:\/\/mont-roig.cat\/wp-content\/uploads\/PORTADA_Comunica37_FEBRER26_ES-scaled.jpg 1423w\" sizes=\"auto, (max-width: 250px) 100vw, 250px\" \/><\/a><p id=\"caption-attachment-89232\" class=\"wp-caption-text\">Comunica febrero 2026<\/p><\/div>\n<p><strong>Ya se puede consultar en l\u00ednea una nueva edici\u00f3n del Comunica, el bolet\u00edn de informaci\u00f3n municipal que da a conocer las pol\u00edticas y acciones desarrolladas por el ayuntamiento.<\/strong><\/li>\n<\/ul>\n<p data-start=\"335\" data-end=\"575\">Con el objetivo de garantizar el derecho a la informaci\u00f3n, esta publicaci\u00f3n llegar\u00e1 a los hogares del municipio y tambi\u00e9n estar\u00e1 disponible en los equipamientos municipales y principales establecimientos comerciales, en los pr\u00f3ximos d\u00edas.<\/p>\n<p data-start=\"577\" data-end=\"705\">La versi\u00f3n digital, correspondiente a la edici\u00f3n publicada este febrero de 2026, se puede consultar en el siguiente <a href=\"https:\/\/mont-roig.cat\/wp-content\/uploads\/Comunica37_FEBRER26_ES.pdf\" target=\"_blank\" rel=\"noopener\">enlace<\/a>.<\/p>\n<p data-start=\"707\" data-end=\"1001\">Esta es una publicaci\u00f3n gratuita que edita el Ayuntamiento de Mont-roig del Camp. Si alg\u00fan vecino o vecina no la ha recibido en su domicilio, puede dirigirse a las OMAC, facilitar los datos de contacto y solicitar un ejemplar. Tambi\u00e9n se puede poner en contacto con <a href=\"http:\/\/comunicacio@mont-roig.cat\" target=\"_blank\" rel=\"noopener\">comunicacio@mont-roig.cat<\/a>.<\/p>\n<p data-start=\"1003\" data-end=\"1087\">A trav\u00e9s de <a href=\"https:\/\/mont-roig.cat\/es\/actualidad\/boletin-informacion-comunica\/\" target=\"_blank\" rel=\"noopener\" data-wpel-link=\"internal\">este enlace<\/a> se pueden consultar las ediciones anteriores del Comunica.<\/p>\n","protected":false},"excerpt":{"rendered":"<p>Ya se puede consultar en l\u00ednea una nueva edici\u00f3n del Comunica, el bolet\u00edn de informaci\u00f3n municipal que da a conocer las pol\u00edticas y acciones desarrolladas por el ayuntamiento. Con el objetivo de garantizar el derecho a la informaci\u00f3n, esta publicaci\u00f3n llegar\u00e1 a los hogares del municipio y tambi\u00e9n estar\u00e1 disponible en los equipamientos municipales y [&hellip;]<\/p>\n","protected":false},"author":13,"featured_media":89232,"comment_status":"closed","ping_status":"closed","sticky":false,"template":"","format":"standard","meta":{"inline_featured_image":false,"_monsterinsights_skip_tracking":false,"_monsterinsights_sitenote_active":false,"_monsterinsights_sitenote_note":"","_monsterinsights_sitenote_category":0,"footnotes":""},"categories":[156,98],"tags":[],"class_list":["post-89248","post","type-post","status-publish","format-standard","has-post-thumbnail","hentry","category-alcalde-es","category-ayuntamiento"],"yoast_head":"<!-- This site is optimized with the Yoast SEO plugin v27.4 - https:\/\/yoast.com\/product\/yoast-seo-wordpress\/ -->\n<title>Disponible el Comunica, edici\u00f3n febrero 2026 - Ajuntament de Mont-roig del Camp<\/title>\n<meta name=\"robots\" content=\"index, follow, max-snippet:-1, max-image-preview:large, max-video-preview:-1\" \/>\n<link rel=\"canonical\" href=\"https:\/\/mont-roig.cat\/es\/actualitat\/noticies\/disponible-el-comunica-edicion-febrero-2026\/\" \/>\n<meta property=\"og:locale\" content=\"es_ES\" \/>\n<meta property=\"og:type\" content=\"article\" \/>\n<meta property=\"og:title\" content=\"Disponible el Comunica, edici\u00f3n febrero 2026 - Ajuntament de Mont-roig del Camp\" \/>\n<meta property=\"og:description\" content=\"Ya se puede consultar en l\u00ednea una nueva edici\u00f3n del Comunica, el bolet\u00edn de informaci\u00f3n municipal que da a conocer las pol\u00edticas y acciones desarrolladas por el ayuntamiento. Con el objetivo de garantizar el derecho a la informaci\u00f3n, esta publicaci\u00f3n llegar\u00e1 a los hogares del municipio y tambi\u00e9n estar\u00e1 disponible en los equipamientos municipales y [&hellip;]\" \/>\n<meta property=\"og:url\" content=\"https:\/\/mont-roig.cat\/es\/actualitat\/noticies\/disponible-el-comunica-edicion-febrero-2026\/\" \/>\n<meta property=\"og:site_name\" content=\"Ajuntament de Mont-roig del Camp\" \/>\n<meta property=\"article:published_time\" content=\"2026-02-23T11:29:39+00:00\" \/>\n<meta property=\"article:modified_time\" content=\"2026-02-23T13:12:12+00:00\" \/>\n<meta property=\"og:image\" content=\"https:\/\/mont-roig.cat\/wp-content\/uploads\/PORTADA_Comunica37_FEBRER26_ES-scaled.jpg\" \/>\n\t<meta property=\"og:image:width\" content=\"1423\" \/>\n\t<meta property=\"og:image:height\" content=\"2048\" \/>\n\t<meta property=\"og:image:type\" content=\"image\/jpeg\" \/>\n<meta name=\"author\" content=\"comunicacio\" \/>\n<meta name=\"twitter:card\" content=\"summary_large_image\" \/>\n<meta name=\"twitter:label1\" content=\"Escrito por\" \/>\n\t<meta name=\"twitter:data1\" content=\"comunicacio\" \/>\n\t<meta name=\"twitter:label2\" content=\"Tiempo de lectura\" \/>\n\t<meta name=\"twitter:data2\" content=\"2 minutos\" \/>\n<script type=\"application\/ld+json\" class=\"yoast-schema-graph\">{\"@context\":\"https:\\\/\\\/schema.org\",\"@graph\":[{\"@type\":\"Article\",\"@id\":\"https:\\\/\\\/mont-roig.cat\\\/es\\\/actualitat\\\/noticies\\\/disponible-el-comunica-edicion-febrero-2026\\\/#article\",\"isPartOf\":{\"@id\":\"https:\\\/\\\/mont-roig.cat\\\/es\\\/actualitat\\\/noticies\\\/disponible-el-comunica-edicion-febrero-2026\\\/\"},\"author\":{\"name\":\"comunicacio\",\"@id\":\"https:\\\/\\\/mont-roig.cat\\\/es\\\/#\\\/schema\\\/person\\\/1f73e7b5e6f9dd122e8a6f14f310ac5e\"},\"headline\":\"Disponible el Comunica, edici\u00f3n febrero 2026\",\"datePublished\":\"2026-02-23T11:29:39+00:00\",\"dateModified\":\"2026-02-23T13:12:12+00:00\",\"mainEntityOfPage\":{\"@id\":\"https:\\\/\\\/mont-roig.cat\\\/es\\\/actualitat\\\/noticies\\\/disponible-el-comunica-edicion-febrero-2026\\\/\"},\"wordCount\":173,\"image\":{\"@id\":\"https:\\\/\\\/mont-roig.cat\\\/es\\\/actualitat\\\/noticies\\\/disponible-el-comunica-edicion-febrero-2026\\\/#primaryimage\"},\"thumbnailUrl\":\"https:\\\/\\\/mont-roig.cat\\\/wp-content\\\/uploads\\\/PORTADA_Comunica37_FEBRER26_ES-scaled.jpg\",\"articleSection\":[\"Alcalde\",\"Ayuntamiento\"],\"inLanguage\":\"es\"},{\"@type\":\"WebPage\",\"@id\":\"https:\\\/\\\/mont-roig.cat\\\/es\\\/actualitat\\\/noticies\\\/disponible-el-comunica-edicion-febrero-2026\\\/\",\"url\":\"https:\\\/\\\/mont-roig.cat\\\/es\\\/actualitat\\\/noticies\\\/disponible-el-comunica-edicion-febrero-2026\\\/\",\"name\":\"Disponible el Comunica, edici\u00f3n febrero 2026 - Ajuntament de Mont-roig del Camp\",\"isPartOf\":{\"@id\":\"https:\\\/\\\/mont-roig.cat\\\/es\\\/#website\"},\"primaryImageOfPage\":{\"@id\":\"https:\\\/\\\/mont-roig.cat\\\/es\\\/actualitat\\\/noticies\\\/disponible-el-comunica-edicion-febrero-2026\\\/#primaryimage\"},\"image\":{\"@id\":\"https:\\\/\\\/mont-roig.cat\\\/es\\\/actualitat\\\/noticies\\\/disponible-el-comunica-edicion-febrero-2026\\\/#primaryimage\"},\"thumbnailUrl\":\"https:\\\/\\\/mont-roig.cat\\\/wp-content\\\/uploads\\\/PORTADA_Comunica37_FEBRER26_ES-scaled.jpg\",\"datePublished\":\"2026-02-23T11:29:39+00:00\",\"dateModified\":\"2026-02-23T13:12:12+00:00\",\"author\":{\"@id\":\"https:\\\/\\\/mont-roig.cat\\\/es\\\/#\\\/schema\\\/person\\\/1f73e7b5e6f9dd122e8a6f14f310ac5e\"},\"breadcrumb\":{\"@id\":\"https:\\\/\\\/mont-roig.cat\\\/es\\\/actualitat\\\/noticies\\\/disponible-el-comunica-edicion-febrero-2026\\\/#breadcrumb\"},\"inLanguage\":\"es\",\"potentialAction\":[{\"@type\":\"ReadAction\",\"target\":[\"https:\\\/\\\/mont-roig.cat\\\/es\\\/actualitat\\\/noticies\\\/disponible-el-comunica-edicion-febrero-2026\\\/\"]}]},{\"@type\":\"ImageObject\",\"inLanguage\":\"es\",\"@id\":\"https:\\\/\\\/mont-roig.cat\\\/es\\\/actualitat\\\/noticies\\\/disponible-el-comunica-edicion-febrero-2026\\\/#primaryimage\",\"url\":\"https:\\\/\\\/mont-roig.cat\\\/wp-content\\\/uploads\\\/PORTADA_Comunica37_FEBRER26_ES-scaled.jpg\",\"contentUrl\":\"https:\\\/\\\/mont-roig.cat\\\/wp-content\\\/uploads\\\/PORTADA_Comunica37_FEBRER26_ES-scaled.jpg\",\"width\":1423,\"height\":2048},{\"@type\":\"BreadcrumbList\",\"@id\":\"https:\\\/\\\/mont-roig.cat\\\/es\\\/actualitat\\\/noticies\\\/disponible-el-comunica-edicion-febrero-2026\\\/#breadcrumb\",\"itemListElement\":[{\"@type\":\"ListItem\",\"position\":1,\"name\":\"Inici\",\"item\":\"https:\\\/\\\/mont-roig.cat\\\/es\\\/pagina-de-inicio\\\/\"},{\"@type\":\"ListItem\",\"position\":2,\"name\":\"Disponible el Comunica, edici\u00f3n febrero 2026\"}]},{\"@type\":\"WebSite\",\"@id\":\"https:\\\/\\\/mont-roig.cat\\\/es\\\/#website\",\"url\":\"https:\\\/\\\/mont-roig.cat\\\/es\\\/\",\"name\":\"Ajuntament de Mont-roig del Camp\",\"description\":\"Tota la informaci\u00f3 sobre la instituci\u00f3, els seus \u00f2rgans de govern, actualitat, serveis i molt m\u00e9s.\",\"potentialAction\":[{\"@type\":\"SearchAction\",\"target\":{\"@type\":\"EntryPoint\",\"urlTemplate\":\"https:\\\/\\\/mont-roig.cat\\\/es\\\/?s={search_term_string}\"},\"query-input\":{\"@type\":\"PropertyValueSpecification\",\"valueRequired\":true,\"valueName\":\"search_term_string\"}}],\"inLanguage\":\"es\"},{\"@type\":\"Person\",\"@id\":\"https:\\\/\\\/mont-roig.cat\\\/es\\\/#\\\/schema\\\/person\\\/1f73e7b5e6f9dd122e8a6f14f310ac5e\",\"name\":\"comunicacio\",\"image\":{\"@type\":\"ImageObject\",\"inLanguage\":\"es\",\"@id\":\"https:\\\/\\\/secure.gravatar.com\\\/avatar\\\/98944333e7a877670a64f8d10f0cb680ab2c9ebc4efc43945ef004b52b5ad28c?s=96&d=mm&r=g\",\"url\":\"https:\\\/\\\/secure.gravatar.com\\\/avatar\\\/98944333e7a877670a64f8d10f0cb680ab2c9ebc4efc43945ef004b52b5ad28c?s=96&d=mm&r=g\",\"contentUrl\":\"https:\\\/\\\/secure.gravatar.com\\\/avatar\\\/98944333e7a877670a64f8d10f0cb680ab2c9ebc4efc43945ef004b52b5ad28c?s=96&d=mm&r=g\",\"caption\":\"comunicacio\"},\"url\":\"https:\\\/\\\/mont-roig.cat\\\/es\\\/actualitat\\\/noticies\\\/author\\\/comunicacio\\\/\"}]}<\/script>\n<!-- \/ Yoast SEO plugin. -->","yoast_head_json":{"title":"Disponible el Comunica, edici\u00f3n febrero 2026 - Ajuntament de Mont-roig del Camp","robots":{"index":"index","follow":"follow","max-snippet":"max-snippet:-1","max-image-preview":"max-image-preview:large","max-video-preview":"max-video-preview:-1"},"canonical":"https:\/\/mont-roig.cat\/es\/actualitat\/noticies\/disponible-el-comunica-edicion-febrero-2026\/","og_locale":"es_ES","og_type":"article","og_title":"Disponible el Comunica, edici\u00f3n febrero 2026 - Ajuntament de Mont-roig del Camp","og_description":"Ya se puede consultar en l\u00ednea una nueva edici\u00f3n del Comunica, el bolet\u00edn de informaci\u00f3n municipal que da a conocer las pol\u00edticas y acciones desarrolladas por el ayuntamiento. Con el objetivo de garantizar el derecho a la informaci\u00f3n, esta publicaci\u00f3n llegar\u00e1 a los hogares del municipio y tambi\u00e9n estar\u00e1 disponible en los equipamientos municipales y [&hellip;]","og_url":"https:\/\/mont-roig.cat\/es\/actualitat\/noticies\/disponible-el-comunica-edicion-febrero-2026\/","og_site_name":"Ajuntament de Mont-roig del Camp","article_published_time":"2026-02-23T11:29:39+00:00","article_modified_time":"2026-02-23T13:12:12+00:00","og_image":[{"width":1423,"height":2048,"url":"https:\/\/mont-roig.cat\/wp-content\/uploads\/PORTADA_Comunica37_FEBRER26_ES-scaled.jpg","type":"image\/jpeg"}],"author":"comunicacio","twitter_card":"summary_large_image","twitter_misc":{"Escrito por":"comunicacio","Tiempo de lectura":"2 minutos"},"schema":{"@context":"https:\/\/schema.org","@graph":[{"@type":"Article","@id":"https:\/\/mont-roig.cat\/es\/actualitat\/noticies\/disponible-el-comunica-edicion-febrero-2026\/#article","isPartOf":{"@id":"https:\/\/mont-roig.cat\/es\/actualitat\/noticies\/disponible-el-comunica-edicion-febrero-2026\/"},"author":{"name":"comunicacio","@id":"https:\/\/mont-roig.cat\/es\/#\/schema\/person\/1f73e7b5e6f9dd122e8a6f14f310ac5e"},"headline":"Disponible el Comunica, edici\u00f3n febrero 2026","datePublished":"2026-02-23T11:29:39+00:00","dateModified":"2026-02-23T13:12:12+00:00","mainEntityOfPage":{"@id":"https:\/\/mont-roig.cat\/es\/actualitat\/noticies\/disponible-el-comunica-edicion-febrero-2026\/"},"wordCount":173,"image":{"@id":"https:\/\/mont-roig.cat\/es\/actualitat\/noticies\/disponible-el-comunica-edicion-febrero-2026\/#primaryimage"},"thumbnailUrl":"https:\/\/mont-roig.cat\/wp-content\/uploads\/PORTADA_Comunica37_FEBRER26_ES-scaled.jpg","articleSection":["Alcalde","Ayuntamiento"],"inLanguage":"es"},{"@type":"WebPage","@id":"https:\/\/mont-roig.cat\/es\/actualitat\/noticies\/disponible-el-comunica-edicion-febrero-2026\/","url":"https:\/\/mont-roig.cat\/es\/actualitat\/noticies\/disponible-el-comunica-edicion-febrero-2026\/","name":"Disponible el Comunica, edici\u00f3n febrero 2026 - Ajuntament de Mont-roig del Camp","isPartOf":{"@id":"https:\/\/mont-roig.cat\/es\/#website"},"primaryImageOfPage":{"@id":"https:\/\/mont-roig.cat\/es\/actualitat\/noticies\/disponible-el-comunica-edicion-febrero-2026\/#primaryimage"},"image":{"@id":"https:\/\/mont-roig.cat\/es\/actualitat\/noticies\/disponible-el-comunica-edicion-febrero-2026\/#primaryimage"},"thumbnailUrl":"https:\/\/mont-roig.cat\/wp-content\/uploads\/PORTADA_Comunica37_FEBRER26_ES-scaled.jpg","datePublished":"2026-02-23T11:29:39+00:00","dateModified":"2026-02-23T13:12:12+00:00","author":{"@id":"https:\/\/mont-roig.cat\/es\/#\/schema\/person\/1f73e7b5e6f9dd122e8a6f14f310ac5e"},"breadcrumb":{"@id":"https:\/\/mont-roig.cat\/es\/actualitat\/noticies\/disponible-el-comunica-edicion-febrero-2026\/#breadcrumb"},"inLanguage":"es","potentialAction":[{"@type":"ReadAction","target":["https:\/\/mont-roig.cat\/es\/actualitat\/noticies\/disponible-el-comunica-edicion-febrero-2026\/"]}]},{"@type":"ImageObject","inLanguage":"es","@id":"https:\/\/mont-roig.cat\/es\/actualitat\/noticies\/disponible-el-comunica-edicion-febrero-2026\/#primaryimage","url":"https:\/\/mont-roig.cat\/wp-content\/uploads\/PORTADA_Comunica37_FEBRER26_ES-scaled.jpg","contentUrl":"https:\/\/mont-roig.cat\/wp-content\/uploads\/PORTADA_Comunica37_FEBRER26_ES-scaled.jpg","width":1423,"height":2048},{"@type":"BreadcrumbList","@id":"https:\/\/mont-roig.cat\/es\/actualitat\/noticies\/disponible-el-comunica-edicion-febrero-2026\/#breadcrumb","itemListElement":[{"@type":"ListItem","position":1,"name":"Inici","item":"https:\/\/mont-roig.cat\/es\/pagina-de-inicio\/"},{"@type":"ListItem","position":2,"name":"Disponible el Comunica, edici\u00f3n febrero 2026"}]},{"@type":"WebSite","@id":"https:\/\/mont-roig.cat\/es\/#website","url":"https:\/\/mont-roig.cat\/es\/","name":"Ajuntament de Mont-roig del Camp","description":"Tota la informaci\u00f3 sobre la instituci\u00f3, els seus \u00f2rgans de govern, actualitat, serveis i molt m\u00e9s.","potentialAction":[{"@type":"SearchAction","target":{"@type":"EntryPoint","urlTemplate":"https:\/\/mont-roig.cat\/es\/?s={search_term_string}"},"query-input":{"@type":"PropertyValueSpecification","valueRequired":true,"valueName":"search_term_string"}}],"inLanguage":"es"},{"@type":"Person","@id":"https:\/\/mont-roig.cat\/es\/#\/schema\/person\/1f73e7b5e6f9dd122e8a6f14f310ac5e","name":"comunicacio","image":{"@type":"ImageObject","inLanguage":"es","@id":"https:\/\/secure.gravatar.com\/avatar\/98944333e7a877670a64f8d10f0cb680ab2c9ebc4efc43945ef004b52b5ad28c?s=96&d=mm&r=g","url":"https:\/\/secure.gravatar.com\/avatar\/98944333e7a877670a64f8d10f0cb680ab2c9ebc4efc43945ef004b52b5ad28c?s=96&d=mm&r=g","contentUrl":"https:\/\/secure.gravatar.com\/avatar\/98944333e7a877670a64f8d10f0cb680ab2c9ebc4efc43945ef004b52b5ad28c?s=96&d=mm&r=g","caption":"comunicacio"},"url":"https:\/\/mont-roig.cat\/es\/actualitat\/noticies\/author\/comunicacio\/"}]}},"_links":{"self":[{"href":"https:\/\/mont-roig.cat\/es\/wp-json\/wp\/v2\/posts\/89248","targetHints":{"allow":["GET"]}}],"collection":[{"href":"https:\/\/mont-roig.cat\/es\/wp-json\/wp\/v2\/posts"}],"about":[{"href":"https:\/\/mont-roig.cat\/es\/wp-json\/wp\/v2\/types\/post"}],"author":[{"embeddable":true,"href":"https:\/\/mont-roig.cat\/es\/wp-json\/wp\/v2\/users\/13"}],"replies":[{"embeddable":true,"href":"https:\/\/mont-roig.cat\/es\/wp-json\/wp\/v2\/comments?post=89248"}],"version-history":[{"count":3,"href":"https:\/\/mont-roig.cat\/es\/wp-json\/wp\/v2\/posts\/89248\/revisions"}],"predecessor-version":[{"id":89254,"href":"https:\/\/mont-roig.cat\/es\/wp-json\/wp\/v2\/posts\/89248\/revisions\/89254"}],"wp:featuredmedia":[{"embeddable":true,"href":"https:\/\/mont-roig.cat\/es\/wp-json\/wp\/v2\/media\/89232"}],"wp:attachment":[{"href":"https:\/\/mont-roig.cat\/es\/wp-json\/wp\/v2\/media?parent=89248"}],"wp:term":[{"taxonomy":"category","embeddable":true,"href":"https:\/\/mont-roig.cat\/es\/wp-json\/wp\/v2\/categories?post=89248"},{"taxonomy":"post_tag","embeddable":true,"href":"https:\/\/mont-roig.cat\/es\/wp-json\/wp\/v2\/tags?post=89248"}],"curies":[{"name":"wp","href":"https:\/\/api.w.org\/{rel}","templated":true}]}}