{"id":89272,"date":"2026-02-24T14:22:57","date_gmt":"2026-02-24T13:22:57","guid":{"rendered":"https:\/\/mont-roig.cat\/actualitat\/noticies\/lassemblea-general-destacio-nautica-costa-daurada-i-terres-de-lebre-aprova-per-unanimitat-les-linies-de-treball-per-al-2026\/"},"modified":"2026-02-24T14:34:01","modified_gmt":"2026-02-24T13:34:01","slug":"la-asamblea-general-de-la-estacion-nautica-costa-daurada-y-terres-de-lebre-aprueba-por-unanimidad-las-lineas-de-trabajo-para-2026","status":"publish","type":"post","link":"https:\/\/mont-roig.cat\/es\/actualitat\/noticies\/la-asamblea-general-de-la-estacion-nautica-costa-daurada-y-terres-de-lebre-aprueba-por-unanimidad-las-lineas-de-trabajo-para-2026\/","title":{"rendered":"La Asamblea General de la Estaci\u00f3n N\u00e1utica Costa Daurada y Terres de l&#8217;Ebre aprueba por unanimidad las l\u00edneas de trabajo para 2026"},"content":{"rendered":"<div id=\"attachment_89267\" style=\"width: 319px\" class=\"wp-caption alignright\"><a href=\"https:\/\/mont-roig.cat\/wp-content\/uploads\/Estacio-nautica2.jpeg\" target=\"_blank\" rel=\"noopener\"><img loading=\"lazy\" decoding=\"async\" aria-describedby=\"caption-attachment-89267\" class=\"wp-image-89267\" src=\"https:\/\/mont-roig.cat\/wp-content\/uploads\/Estacio-nautica2-500x376.jpeg\" alt=\"\" width=\"309\" height=\"232\" srcset=\"https:\/\/mont-roig.cat\/wp-content\/uploads\/Estacio-nautica2-500x376.jpeg 500w, https:\/\/mont-roig.cat\/wp-content\/uploads\/Estacio-nautica2-1024x771.jpeg 1024w, https:\/\/mont-roig.cat\/wp-content\/uploads\/Estacio-nautica2-768x578.jpeg 768w, https:\/\/mont-roig.cat\/wp-content\/uploads\/Estacio-nautica2-1536x1157.jpeg 1536w, https:\/\/mont-roig.cat\/wp-content\/uploads\/Estacio-nautica2-463x348.jpeg 463w, https:\/\/mont-roig.cat\/wp-content\/uploads\/Estacio-nautica2.jpeg 2040w\" sizes=\"auto, (max-width: 309px) 100vw, 309px\" \/><\/a><p id=\"caption-attachment-89267\" class=\"wp-caption-text\">La concejala Yolanda P\u00e9rez, abajo en el centro, en la celebraci\u00f3n de la asamblea en Miami Platja.<\/p><\/div>\n<ul>\n<li class=\"isSelectedEnd\">El encuentro, celebrado en el Ecoespai de Miami Platja, reuni\u00f3 a representantes municipales y del sector y avanz\u00f3 los actos del 25\u00ba aniversario de la entidad<\/li>\n<\/ul>\n<p class=\"isSelectedEnd\">La Asamblea General anual de asociados de la Estaci\u00f3n N\u00e1utica Costa Daurada y Terres de l\u2019Ebre, celebrada en el Ecoespai de Miami Platja, reuni\u00f3 a los miembros de la entidad en una sesi\u00f3n con un orden del d\u00eda intenso. El encuentro cont\u00f3 con la presencia de representantes de los diversos municipios que forman parte de ella, entre ellos la concejala de Turismo del Ayuntamiento de Mont-roig del Camp, Yolanda P\u00e9rez.<\/p>\n<p class=\"isSelectedEnd\">En poco m\u00e1s de hora y media se trataron y aprobaron por unanimidad los contenidos que marcar\u00e1n las l\u00edneas de trabajo de 2026: el Presupuesto General 2026, el Plan de Acci\u00f3n 2026, el cierre del ejercicio 2025, las nuevas cuotas de asociados y otros aspectos de gesti\u00f3n.<\/p>\n<p class=\"isSelectedEnd\">El Presupuesto General 2026 presenta una propuesta equilibrada, con 168.650 \u20ac de ingresos y 168.650 \u20ac de gastos, elaborada a partir del cierre real de 2025 y con un criterio de planificaci\u00f3n realista. En relaci\u00f3n con el a\u00f1o anterior, 2026 plantea un incremento asumible del +4,9% sobre el real de 2025.<\/p>\n<p class=\"isSelectedEnd\">En cuanto al Plan de Acci\u00f3n 2026, con un importe inicial de 50.150 \u20ac, el objetivo es mantener y reforzar la visibilidad y la comercializaci\u00f3n del producto, priorizando acciones medibles y eficientes, alineadas con los canales de conversi\u00f3n y con una previsi\u00f3n ajustada y coherente con la experiencia de 2025.<\/p>\n<p>Durante la Asamblea, se avanzaron tambi\u00e9n los actos del 25\u00ba aniversario de la creaci\u00f3n de la Estaci\u00f3n N\u00e1utica, que se constituy\u00f3 formalmente en 2001 impulsada por los municipios de Salou, Cambrils y Mont-roig del Camp.<\/p>\n","protected":false},"excerpt":{"rendered":"<p>El encuentro, celebrado en el Ecoespai de Miami Platja, reuni\u00f3 a representantes municipales y del sector y avanz\u00f3 los actos del 25\u00ba aniversario de la entidad La Asamblea General anual de asociados de la Estaci\u00f3n N\u00e1utica Costa Daurada y Terres de l\u2019Ebre, celebrada en el Ecoespai de Miami Platja, reuni\u00f3 a los miembros de la [&hellip;]<\/p>\n","protected":false},"author":13,"featured_media":89269,"comment_status":"closed","ping_status":"closed","sticky":false,"template":"","format":"standard","meta":{"inline_featured_image":false,"_monsterinsights_skip_tracking":false,"_monsterinsights_sitenote_active":false,"_monsterinsights_sitenote_note":"","_monsterinsights_sitenote_category":0,"footnotes":""},"categories":[98,115],"tags":[],"class_list":["post-89272","post","type-post","status-publish","format-standard","has-post-thumbnail","hentry","category-ayuntamiento","category-turismo"],"yoast_head":"<!-- This site is optimized with the Yoast SEO plugin v27.4 - https:\/\/yoast.com\/product\/yoast-seo-wordpress\/ -->\n<title>La Asamblea General de la Estaci\u00f3n N\u00e1utica Costa Daurada y Terres de l&#039;Ebre aprueba por unanimidad las l\u00edneas de trabajo para 2026 - Ajuntament de Mont-roig del Camp<\/title>\n<meta name=\"robots\" content=\"index, follow, max-snippet:-1, max-image-preview:large, max-video-preview:-1\" \/>\n<link rel=\"canonical\" href=\"https:\/\/mont-roig.cat\/es\/actualitat\/noticies\/la-asamblea-general-de-la-estacion-nautica-costa-daurada-y-terres-de-lebre-aprueba-por-unanimidad-las-lineas-de-trabajo-para-2026\/\" \/>\n<meta property=\"og:locale\" content=\"es_ES\" \/>\n<meta property=\"og:type\" content=\"article\" \/>\n<meta property=\"og:title\" content=\"La Asamblea General de la Estaci\u00f3n N\u00e1utica Costa Daurada y Terres de l&#039;Ebre aprueba por unanimidad las l\u00edneas de trabajo para 2026 - Ajuntament de Mont-roig del Camp\" \/>\n<meta property=\"og:description\" content=\"El encuentro, celebrado en el Ecoespai de Miami Platja, reuni\u00f3 a representantes municipales y del sector y avanz\u00f3 los actos del 25\u00ba aniversario de la entidad La Asamblea General anual de asociados de la Estaci\u00f3n N\u00e1utica Costa Daurada y Terres de l\u2019Ebre, celebrada en el Ecoespai de Miami Platja, reuni\u00f3 a los miembros de la [&hellip;]\" \/>\n<meta property=\"og:url\" content=\"https:\/\/mont-roig.cat\/es\/actualitat\/noticies\/la-asamblea-general-de-la-estacion-nautica-costa-daurada-y-terres-de-lebre-aprueba-por-unanimidad-las-lineas-de-trabajo-para-2026\/\" \/>\n<meta property=\"og:site_name\" content=\"Ajuntament de Mont-roig del Camp\" \/>\n<meta property=\"article:published_time\" content=\"2026-02-24T13:22:57+00:00\" \/>\n<meta property=\"article:modified_time\" content=\"2026-02-24T13:34:01+00:00\" \/>\n<meta property=\"og:image\" content=\"https:\/\/mont-roig.cat\/wp-content\/uploads\/Estacio-nautica2.jpeg\" \/>\n\t<meta property=\"og:image:width\" content=\"2040\" \/>\n\t<meta property=\"og:image:height\" content=\"1536\" \/>\n\t<meta property=\"og:image:type\" content=\"image\/jpeg\" \/>\n<meta name=\"author\" content=\"comunicacio\" \/>\n<meta name=\"twitter:card\" content=\"summary_large_image\" \/>\n<meta name=\"twitter:label1\" content=\"Escrito por\" \/>\n\t<meta name=\"twitter:data1\" content=\"comunicacio\" \/>\n\t<meta name=\"twitter:label2\" content=\"Tiempo de lectura\" \/>\n\t<meta name=\"twitter:data2\" content=\"3 minutos\" \/>\n<script type=\"application\/ld+json\" class=\"yoast-schema-graph\">{\"@context\":\"https:\\\/\\\/schema.org\",\"@graph\":[{\"@type\":\"Article\",\"@id\":\"https:\\\/\\\/mont-roig.cat\\\/es\\\/actualitat\\\/noticies\\\/la-asamblea-general-de-la-estacion-nautica-costa-daurada-y-terres-de-lebre-aprueba-por-unanimidad-las-lineas-de-trabajo-para-2026\\\/#article\",\"isPartOf\":{\"@id\":\"https:\\\/\\\/mont-roig.cat\\\/es\\\/actualitat\\\/noticies\\\/la-asamblea-general-de-la-estacion-nautica-costa-daurada-y-terres-de-lebre-aprueba-por-unanimidad-las-lineas-de-trabajo-para-2026\\\/\"},\"author\":{\"name\":\"comunicacio\",\"@id\":\"https:\\\/\\\/mont-roig.cat\\\/es\\\/#\\\/schema\\\/person\\\/1f73e7b5e6f9dd122e8a6f14f310ac5e\"},\"headline\":\"La Asamblea General de la Estaci\u00f3n N\u00e1utica Costa Daurada y Terres de l&#8217;Ebre aprueba por unanimidad las l\u00edneas de trabajo para 2026\",\"datePublished\":\"2026-02-24T13:22:57+00:00\",\"dateModified\":\"2026-02-24T13:34:01+00:00\",\"mainEntityOfPage\":{\"@id\":\"https:\\\/\\\/mont-roig.cat\\\/es\\\/actualitat\\\/noticies\\\/la-asamblea-general-de-la-estacion-nautica-costa-daurada-y-terres-de-lebre-aprueba-por-unanimidad-las-lineas-de-trabajo-para-2026\\\/\"},\"wordCount\":331,\"image\":{\"@id\":\"https:\\\/\\\/mont-roig.cat\\\/es\\\/actualitat\\\/noticies\\\/la-asamblea-general-de-la-estacion-nautica-costa-daurada-y-terres-de-lebre-aprueba-por-unanimidad-las-lineas-de-trabajo-para-2026\\\/#primaryimage\"},\"thumbnailUrl\":\"https:\\\/\\\/mont-roig.cat\\\/wp-content\\\/uploads\\\/Estacio-nautica2.jpeg\",\"articleSection\":[\"Ayuntamiento\",\"Turismo\"],\"inLanguage\":\"es\"},{\"@type\":\"WebPage\",\"@id\":\"https:\\\/\\\/mont-roig.cat\\\/es\\\/actualitat\\\/noticies\\\/la-asamblea-general-de-la-estacion-nautica-costa-daurada-y-terres-de-lebre-aprueba-por-unanimidad-las-lineas-de-trabajo-para-2026\\\/\",\"url\":\"https:\\\/\\\/mont-roig.cat\\\/es\\\/actualitat\\\/noticies\\\/la-asamblea-general-de-la-estacion-nautica-costa-daurada-y-terres-de-lebre-aprueba-por-unanimidad-las-lineas-de-trabajo-para-2026\\\/\",\"name\":\"La Asamblea General de la Estaci\u00f3n N\u00e1utica Costa Daurada y Terres de l'Ebre aprueba por unanimidad las l\u00edneas de trabajo para 2026 - Ajuntament de Mont-roig del Camp\",\"isPartOf\":{\"@id\":\"https:\\\/\\\/mont-roig.cat\\\/es\\\/#website\"},\"primaryImageOfPage\":{\"@id\":\"https:\\\/\\\/mont-roig.cat\\\/es\\\/actualitat\\\/noticies\\\/la-asamblea-general-de-la-estacion-nautica-costa-daurada-y-terres-de-lebre-aprueba-por-unanimidad-las-lineas-de-trabajo-para-2026\\\/#primaryimage\"},\"image\":{\"@id\":\"https:\\\/\\\/mont-roig.cat\\\/es\\\/actualitat\\\/noticies\\\/la-asamblea-general-de-la-estacion-nautica-costa-daurada-y-terres-de-lebre-aprueba-por-unanimidad-las-lineas-de-trabajo-para-2026\\\/#primaryimage\"},\"thumbnailUrl\":\"https:\\\/\\\/mont-roig.cat\\\/wp-content\\\/uploads\\\/Estacio-nautica2.jpeg\",\"datePublished\":\"2026-02-24T13:22:57+00:00\",\"dateModified\":\"2026-02-24T13:34:01+00:00\",\"author\":{\"@id\":\"https:\\\/\\\/mont-roig.cat\\\/es\\\/#\\\/schema\\\/person\\\/1f73e7b5e6f9dd122e8a6f14f310ac5e\"},\"breadcrumb\":{\"@id\":\"https:\\\/\\\/mont-roig.cat\\\/es\\\/actualitat\\\/noticies\\\/la-asamblea-general-de-la-estacion-nautica-costa-daurada-y-terres-de-lebre-aprueba-por-unanimidad-las-lineas-de-trabajo-para-2026\\\/#breadcrumb\"},\"inLanguage\":\"es\",\"potentialAction\":[{\"@type\":\"ReadAction\",\"target\":[\"https:\\\/\\\/mont-roig.cat\\\/es\\\/actualitat\\\/noticies\\\/la-asamblea-general-de-la-estacion-nautica-costa-daurada-y-terres-de-lebre-aprueba-por-unanimidad-las-lineas-de-trabajo-para-2026\\\/\"]}]},{\"@type\":\"ImageObject\",\"inLanguage\":\"es\",\"@id\":\"https:\\\/\\\/mont-roig.cat\\\/es\\\/actualitat\\\/noticies\\\/la-asamblea-general-de-la-estacion-nautica-costa-daurada-y-terres-de-lebre-aprueba-por-unanimidad-las-lineas-de-trabajo-para-2026\\\/#primaryimage\",\"url\":\"https:\\\/\\\/mont-roig.cat\\\/wp-content\\\/uploads\\\/Estacio-nautica2.jpeg\",\"contentUrl\":\"https:\\\/\\\/mont-roig.cat\\\/wp-content\\\/uploads\\\/Estacio-nautica2.jpeg\",\"width\":2040,\"height\":1536},{\"@type\":\"BreadcrumbList\",\"@id\":\"https:\\\/\\\/mont-roig.cat\\\/es\\\/actualitat\\\/noticies\\\/la-asamblea-general-de-la-estacion-nautica-costa-daurada-y-terres-de-lebre-aprueba-por-unanimidad-las-lineas-de-trabajo-para-2026\\\/#breadcrumb\",\"itemListElement\":[{\"@type\":\"ListItem\",\"position\":1,\"name\":\"Inici\",\"item\":\"https:\\\/\\\/mont-roig.cat\\\/es\\\/pagina-de-inicio\\\/\"},{\"@type\":\"ListItem\",\"position\":2,\"name\":\"La Asamblea General de la Estaci\u00f3n N\u00e1utica Costa Daurada y Terres de l&#8217;Ebre aprueba por unanimidad las l\u00edneas de trabajo para 2026\"}]},{\"@type\":\"WebSite\",\"@id\":\"https:\\\/\\\/mont-roig.cat\\\/es\\\/#website\",\"url\":\"https:\\\/\\\/mont-roig.cat\\\/es\\\/\",\"name\":\"Ajuntament de Mont-roig del Camp\",\"description\":\"Tota la informaci\u00f3 sobre la instituci\u00f3, els seus \u00f2rgans de govern, actualitat, serveis i molt m\u00e9s.\",\"potentialAction\":[{\"@type\":\"SearchAction\",\"target\":{\"@type\":\"EntryPoint\",\"urlTemplate\":\"https:\\\/\\\/mont-roig.cat\\\/es\\\/?s={search_term_string}\"},\"query-input\":{\"@type\":\"PropertyValueSpecification\",\"valueRequired\":true,\"valueName\":\"search_term_string\"}}],\"inLanguage\":\"es\"},{\"@type\":\"Person\",\"@id\":\"https:\\\/\\\/mont-roig.cat\\\/es\\\/#\\\/schema\\\/person\\\/1f73e7b5e6f9dd122e8a6f14f310ac5e\",\"name\":\"comunicacio\",\"image\":{\"@type\":\"ImageObject\",\"inLanguage\":\"es\",\"@id\":\"https:\\\/\\\/secure.gravatar.com\\\/avatar\\\/98944333e7a877670a64f8d10f0cb680ab2c9ebc4efc43945ef004b52b5ad28c?s=96&d=mm&r=g\",\"url\":\"https:\\\/\\\/secure.gravatar.com\\\/avatar\\\/98944333e7a877670a64f8d10f0cb680ab2c9ebc4efc43945ef004b52b5ad28c?s=96&d=mm&r=g\",\"contentUrl\":\"https:\\\/\\\/secure.gravatar.com\\\/avatar\\\/98944333e7a877670a64f8d10f0cb680ab2c9ebc4efc43945ef004b52b5ad28c?s=96&d=mm&r=g\",\"caption\":\"comunicacio\"},\"url\":\"https:\\\/\\\/mont-roig.cat\\\/es\\\/actualitat\\\/noticies\\\/author\\\/comunicacio\\\/\"}]}<\/script>\n<!-- \/ Yoast SEO plugin. -->","yoast_head_json":{"title":"La Asamblea General de la Estaci\u00f3n N\u00e1utica Costa Daurada y Terres de l'Ebre aprueba por unanimidad las l\u00edneas de trabajo para 2026 - Ajuntament de Mont-roig del Camp","robots":{"index":"index","follow":"follow","max-snippet":"max-snippet:-1","max-image-preview":"max-image-preview:large","max-video-preview":"max-video-preview:-1"},"canonical":"https:\/\/mont-roig.cat\/es\/actualitat\/noticies\/la-asamblea-general-de-la-estacion-nautica-costa-daurada-y-terres-de-lebre-aprueba-por-unanimidad-las-lineas-de-trabajo-para-2026\/","og_locale":"es_ES","og_type":"article","og_title":"La Asamblea General de la Estaci\u00f3n N\u00e1utica Costa Daurada y Terres de l'Ebre aprueba por unanimidad las l\u00edneas de trabajo para 2026 - Ajuntament de Mont-roig del Camp","og_description":"El encuentro, celebrado en el Ecoespai de Miami Platja, reuni\u00f3 a representantes municipales y del sector y avanz\u00f3 los actos del 25\u00ba aniversario de la entidad La Asamblea General anual de asociados de la Estaci\u00f3n N\u00e1utica Costa Daurada y Terres de l\u2019Ebre, celebrada en el Ecoespai de Miami Platja, reuni\u00f3 a los miembros de la [&hellip;]","og_url":"https:\/\/mont-roig.cat\/es\/actualitat\/noticies\/la-asamblea-general-de-la-estacion-nautica-costa-daurada-y-terres-de-lebre-aprueba-por-unanimidad-las-lineas-de-trabajo-para-2026\/","og_site_name":"Ajuntament de Mont-roig del Camp","article_published_time":"2026-02-24T13:22:57+00:00","article_modified_time":"2026-02-24T13:34:01+00:00","og_image":[{"width":2040,"height":1536,"url":"https:\/\/mont-roig.cat\/wp-content\/uploads\/Estacio-nautica2.jpeg","type":"image\/jpeg"}],"author":"comunicacio","twitter_card":"summary_large_image","twitter_misc":{"Escrito por":"comunicacio","Tiempo de lectura":"3 minutos"},"schema":{"@context":"https:\/\/schema.org","@graph":[{"@type":"Article","@id":"https:\/\/mont-roig.cat\/es\/actualitat\/noticies\/la-asamblea-general-de-la-estacion-nautica-costa-daurada-y-terres-de-lebre-aprueba-por-unanimidad-las-lineas-de-trabajo-para-2026\/#article","isPartOf":{"@id":"https:\/\/mont-roig.cat\/es\/actualitat\/noticies\/la-asamblea-general-de-la-estacion-nautica-costa-daurada-y-terres-de-lebre-aprueba-por-unanimidad-las-lineas-de-trabajo-para-2026\/"},"author":{"name":"comunicacio","@id":"https:\/\/mont-roig.cat\/es\/#\/schema\/person\/1f73e7b5e6f9dd122e8a6f14f310ac5e"},"headline":"La Asamblea General de la Estaci\u00f3n N\u00e1utica Costa Daurada y Terres de l&#8217;Ebre aprueba por unanimidad las l\u00edneas de trabajo para 2026","datePublished":"2026-02-24T13:22:57+00:00","dateModified":"2026-02-24T13:34:01+00:00","mainEntityOfPage":{"@id":"https:\/\/mont-roig.cat\/es\/actualitat\/noticies\/la-asamblea-general-de-la-estacion-nautica-costa-daurada-y-terres-de-lebre-aprueba-por-unanimidad-las-lineas-de-trabajo-para-2026\/"},"wordCount":331,"image":{"@id":"https:\/\/mont-roig.cat\/es\/actualitat\/noticies\/la-asamblea-general-de-la-estacion-nautica-costa-daurada-y-terres-de-lebre-aprueba-por-unanimidad-las-lineas-de-trabajo-para-2026\/#primaryimage"},"thumbnailUrl":"https:\/\/mont-roig.cat\/wp-content\/uploads\/Estacio-nautica2.jpeg","articleSection":["Ayuntamiento","Turismo"],"inLanguage":"es"},{"@type":"WebPage","@id":"https:\/\/mont-roig.cat\/es\/actualitat\/noticies\/la-asamblea-general-de-la-estacion-nautica-costa-daurada-y-terres-de-lebre-aprueba-por-unanimidad-las-lineas-de-trabajo-para-2026\/","url":"https:\/\/mont-roig.cat\/es\/actualitat\/noticies\/la-asamblea-general-de-la-estacion-nautica-costa-daurada-y-terres-de-lebre-aprueba-por-unanimidad-las-lineas-de-trabajo-para-2026\/","name":"La Asamblea General de la Estaci\u00f3n N\u00e1utica Costa Daurada y Terres de l'Ebre aprueba por unanimidad las l\u00edneas de trabajo para 2026 - Ajuntament de Mont-roig del Camp","isPartOf":{"@id":"https:\/\/mont-roig.cat\/es\/#website"},"primaryImageOfPage":{"@id":"https:\/\/mont-roig.cat\/es\/actualitat\/noticies\/la-asamblea-general-de-la-estacion-nautica-costa-daurada-y-terres-de-lebre-aprueba-por-unanimidad-las-lineas-de-trabajo-para-2026\/#primaryimage"},"image":{"@id":"https:\/\/mont-roig.cat\/es\/actualitat\/noticies\/la-asamblea-general-de-la-estacion-nautica-costa-daurada-y-terres-de-lebre-aprueba-por-unanimidad-las-lineas-de-trabajo-para-2026\/#primaryimage"},"thumbnailUrl":"https:\/\/mont-roig.cat\/wp-content\/uploads\/Estacio-nautica2.jpeg","datePublished":"2026-02-24T13:22:57+00:00","dateModified":"2026-02-24T13:34:01+00:00","author":{"@id":"https:\/\/mont-roig.cat\/es\/#\/schema\/person\/1f73e7b5e6f9dd122e8a6f14f310ac5e"},"breadcrumb":{"@id":"https:\/\/mont-roig.cat\/es\/actualitat\/noticies\/la-asamblea-general-de-la-estacion-nautica-costa-daurada-y-terres-de-lebre-aprueba-por-unanimidad-las-lineas-de-trabajo-para-2026\/#breadcrumb"},"inLanguage":"es","potentialAction":[{"@type":"ReadAction","target":["https:\/\/mont-roig.cat\/es\/actualitat\/noticies\/la-asamblea-general-de-la-estacion-nautica-costa-daurada-y-terres-de-lebre-aprueba-por-unanimidad-las-lineas-de-trabajo-para-2026\/"]}]},{"@type":"ImageObject","inLanguage":"es","@id":"https:\/\/mont-roig.cat\/es\/actualitat\/noticies\/la-asamblea-general-de-la-estacion-nautica-costa-daurada-y-terres-de-lebre-aprueba-por-unanimidad-las-lineas-de-trabajo-para-2026\/#primaryimage","url":"https:\/\/mont-roig.cat\/wp-content\/uploads\/Estacio-nautica2.jpeg","contentUrl":"https:\/\/mont-roig.cat\/wp-content\/uploads\/Estacio-nautica2.jpeg","width":2040,"height":1536},{"@type":"BreadcrumbList","@id":"https:\/\/mont-roig.cat\/es\/actualitat\/noticies\/la-asamblea-general-de-la-estacion-nautica-costa-daurada-y-terres-de-lebre-aprueba-por-unanimidad-las-lineas-de-trabajo-para-2026\/#breadcrumb","itemListElement":[{"@type":"ListItem","position":1,"name":"Inici","item":"https:\/\/mont-roig.cat\/es\/pagina-de-inicio\/"},{"@type":"ListItem","position":2,"name":"La Asamblea General de la Estaci\u00f3n N\u00e1utica Costa Daurada y Terres de l&#8217;Ebre aprueba por unanimidad las l\u00edneas de trabajo para 2026"}]},{"@type":"WebSite","@id":"https:\/\/mont-roig.cat\/es\/#website","url":"https:\/\/mont-roig.cat\/es\/","name":"Ajuntament de Mont-roig del Camp","description":"Tota la informaci\u00f3 sobre la instituci\u00f3, els seus \u00f2rgans de govern, actualitat, serveis i molt m\u00e9s.","potentialAction":[{"@type":"SearchAction","target":{"@type":"EntryPoint","urlTemplate":"https:\/\/mont-roig.cat\/es\/?s={search_term_string}"},"query-input":{"@type":"PropertyValueSpecification","valueRequired":true,"valueName":"search_term_string"}}],"inLanguage":"es"},{"@type":"Person","@id":"https:\/\/mont-roig.cat\/es\/#\/schema\/person\/1f73e7b5e6f9dd122e8a6f14f310ac5e","name":"comunicacio","image":{"@type":"ImageObject","inLanguage":"es","@id":"https:\/\/secure.gravatar.com\/avatar\/98944333e7a877670a64f8d10f0cb680ab2c9ebc4efc43945ef004b52b5ad28c?s=96&d=mm&r=g","url":"https:\/\/secure.gravatar.com\/avatar\/98944333e7a877670a64f8d10f0cb680ab2c9ebc4efc43945ef004b52b5ad28c?s=96&d=mm&r=g","contentUrl":"https:\/\/secure.gravatar.com\/avatar\/98944333e7a877670a64f8d10f0cb680ab2c9ebc4efc43945ef004b52b5ad28c?s=96&d=mm&r=g","caption":"comunicacio"},"url":"https:\/\/mont-roig.cat\/es\/actualitat\/noticies\/author\/comunicacio\/"}]}},"_links":{"self":[{"href":"https:\/\/mont-roig.cat\/es\/wp-json\/wp\/v2\/posts\/89272","targetHints":{"allow":["GET"]}}],"collection":[{"href":"https:\/\/mont-roig.cat\/es\/wp-json\/wp\/v2\/posts"}],"about":[{"href":"https:\/\/mont-roig.cat\/es\/wp-json\/wp\/v2\/types\/post"}],"author":[{"embeddable":true,"href":"https:\/\/mont-roig.cat\/es\/wp-json\/wp\/v2\/users\/13"}],"replies":[{"embeddable":true,"href":"https:\/\/mont-roig.cat\/es\/wp-json\/wp\/v2\/comments?post=89272"}],"version-history":[{"count":2,"href":"https:\/\/mont-roig.cat\/es\/wp-json\/wp\/v2\/posts\/89272\/revisions"}],"predecessor-version":[{"id":89274,"href":"https:\/\/mont-roig.cat\/es\/wp-json\/wp\/v2\/posts\/89272\/revisions\/89274"}],"wp:featuredmedia":[{"embeddable":true,"href":"https:\/\/mont-roig.cat\/es\/wp-json\/wp\/v2\/media\/89269"}],"wp:attachment":[{"href":"https:\/\/mont-roig.cat\/es\/wp-json\/wp\/v2\/media?parent=89272"}],"wp:term":[{"taxonomy":"category","embeddable":true,"href":"https:\/\/mont-roig.cat\/es\/wp-json\/wp\/v2\/categories?post=89272"},{"taxonomy":"post_tag","embeddable":true,"href":"https:\/\/mont-roig.cat\/es\/wp-json\/wp\/v2\/tags?post=89272"}],"curies":[{"name":"wp","href":"https:\/\/api.w.org\/{rel}","templated":true}]}}