{"id":89358,"date":"2026-02-26T13:45:37","date_gmt":"2026-02-26T12:45:37","guid":{"rendered":"https:\/\/mont-roig.cat\/actualitat\/noticies\/continua-obert-el-termini-dinscripcio-per-al-carnaval-de-miami-platja-2026-del-dissabte-14-de-marc\/"},"modified":"2026-03-05T14:34:54","modified_gmt":"2026-03-05T13:34:54","slug":"continua-abierto-el-plazo-de-inscripcion-para-el-carnaval-de-miami-platja-2026-el-sabado-14-de-marzo","status":"publish","type":"post","link":"https:\/\/mont-roig.cat\/es\/actualitat\/noticies\/continua-abierto-el-plazo-de-inscripcion-para-el-carnaval-de-miami-platja-2026-el-sabado-14-de-marzo\/","title":{"rendered":"Contin\u00faa abierto el plazo de inscripci\u00f3n para el Carnaval de Miami Platja 2026 el s\u00e1bado 14 de marzo"},"content":{"rendered":"<ul>\n<li data-wp-editing=\"1\"><strong><a href=\"https:\/\/mont-roig.cat\/wp-content\/uploads\/Carnaval-canvi-hora-2-1.jpeg\" target=\"_blank\" rel=\"noopener\"><img loading=\"lazy\" decoding=\"async\" class=\"alignright wp-image-89889\" src=\"https:\/\/mont-roig.cat\/wp-content\/uploads\/Carnaval-canvi-hora-2-1-353x500.jpeg\" alt=\"\" width=\"258\" height=\"365\" srcset=\"https:\/\/mont-roig.cat\/wp-content\/uploads\/Carnaval-canvi-hora-2-1-353x500.jpeg 353w, https:\/\/mont-roig.cat\/wp-content\/uploads\/Carnaval-canvi-hora-2-1-724x1024.jpeg 724w, https:\/\/mont-roig.cat\/wp-content\/uploads\/Carnaval-canvi-hora-2-1-768x1086.jpeg 768w, https:\/\/mont-roig.cat\/wp-content\/uploads\/Carnaval-canvi-hora-2-1-1086x1536.jpeg 1086w, https:\/\/mont-roig.cat\/wp-content\/uploads\/Carnaval-canvi-hora-2-1.jpeg 1131w\" sizes=\"auto, (max-width: 258px) 100vw, 258px\" \/><\/a><\/strong><strong> La Rua de Carnaval, programada para el 14 de marzo, ya acepta participantes en la Sede electr\u00f3nica del Ayuntamiento<\/strong><\/li>\n<\/ul>\n<p data-start=\"302\" data-end=\"704\">El Ayuntamiento de Mont-roig del Camp recuerda que el plazo de inscripci\u00f3n para participar en la Rua de Carnaval 2026 en Miami Platja contin\u00faa abierto. Las actividades del s\u00e1bado, incluyendo la rua, el Miam\u00f2drom, la cena de \u201ccarmanyola\u201d y el baile de disfraces, se celebrar\u00e1n finalmente el 14 de marzo de 2026, tras haberse aplazado por previsi\u00f3n de fuerte viento.<\/p>\n<p data-start=\"706\" data-end=\"859\">Los participantes deben realizar la inscripci\u00f3n en la Sede electr\u00f3nica del Ayuntamiento, con el tr\u00e1mite activo hasta el 10 de marzo de 2026.<\/p>\n<p data-start=\"861\" data-end=\"976\">Formulario de inscripci\u00f3n: <a href=\"https:\/\/mont-roig.eadministracio.cat\/catalog\/t\/9ffeeda8-79c1-48be-9485-d9406ba501c3\" target=\"_blank\" rel=\"noopener\">Inscripciones para la la Rua de Carnaval 2026<\/a><\/p>\n","protected":false},"excerpt":{"rendered":"<p>La Rua de Carnaval, programada para el 14 de marzo, ya acepta participantes en la Sede electr\u00f3nica del Ayuntamiento El Ayuntamiento de Mont-roig del Camp recuerda que el plazo de inscripci\u00f3n para participar en la Rua de Carnaval 2026 en Miami Platja contin\u00faa abierto. Las actividades del s\u00e1bado, incluyendo la rua, el Miam\u00f2drom, la cena [&hellip;]<\/p>\n","protected":false},"author":13,"featured_media":89356,"comment_status":"closed","ping_status":"closed","sticky":false,"template":"","format":"standard","meta":{"inline_featured_image":false,"_monsterinsights_skip_tracking":false,"_monsterinsights_sitenote_active":false,"_monsterinsights_sitenote_note":"","_monsterinsights_sitenote_category":0,"footnotes":""},"categories":[98,105],"tags":[],"class_list":["post-89358","post","type-post","status-publish","format-standard","has-post-thumbnail","hentry","category-ayuntamiento","category-fiestas"],"yoast_head":"<!-- This site is optimized with the Yoast SEO plugin v27.4 - https:\/\/yoast.com\/product\/yoast-seo-wordpress\/ -->\n<title>Contin\u00faa abierto el plazo de inscripci\u00f3n para el Carnaval de Miami Platja 2026 el s\u00e1bado 14 de marzo - Ajuntament de Mont-roig del Camp<\/title>\n<meta name=\"robots\" content=\"index, follow, max-snippet:-1, max-image-preview:large, max-video-preview:-1\" \/>\n<link rel=\"canonical\" href=\"https:\/\/mont-roig.cat\/es\/actualitat\/noticies\/continua-abierto-el-plazo-de-inscripcion-para-el-carnaval-de-miami-platja-2026-el-sabado-14-de-marzo\/\" \/>\n<meta property=\"og:locale\" content=\"es_ES\" \/>\n<meta property=\"og:type\" content=\"article\" \/>\n<meta property=\"og:title\" content=\"Contin\u00faa abierto el plazo de inscripci\u00f3n para el Carnaval de Miami Platja 2026 el s\u00e1bado 14 de marzo - Ajuntament de Mont-roig del Camp\" \/>\n<meta property=\"og:description\" content=\"La Rua de Carnaval, programada para el 14 de marzo, ya acepta participantes en la Sede electr\u00f3nica del Ayuntamiento El Ayuntamiento de Mont-roig del Camp recuerda que el plazo de inscripci\u00f3n para participar en la Rua de Carnaval 2026 en Miami Platja contin\u00faa abierto. Las actividades del s\u00e1bado, incluyendo la rua, el Miam\u00f2drom, la cena [&hellip;]\" \/>\n<meta property=\"og:url\" content=\"https:\/\/mont-roig.cat\/es\/actualitat\/noticies\/continua-abierto-el-plazo-de-inscripcion-para-el-carnaval-de-miami-platja-2026-el-sabado-14-de-marzo\/\" \/>\n<meta property=\"og:site_name\" content=\"Ajuntament de Mont-roig del Camp\" \/>\n<meta property=\"article:published_time\" content=\"2026-02-26T12:45:37+00:00\" \/>\n<meta property=\"article:modified_time\" content=\"2026-03-05T13:34:54+00:00\" \/>\n<meta property=\"og:image\" content=\"https:\/\/mont-roig.cat\/wp-content\/uploads\/MMF_carnaval2026_meta_MIAMI_2a.png\" \/>\n\t<meta property=\"og:image:width\" content=\"1200\" \/>\n\t<meta property=\"og:image:height\" content=\"630\" \/>\n\t<meta property=\"og:image:type\" content=\"image\/png\" \/>\n<meta name=\"author\" content=\"comunicacio\" \/>\n<meta name=\"twitter:card\" content=\"summary_large_image\" \/>\n<meta name=\"twitter:label1\" content=\"Escrito por\" \/>\n\t<meta name=\"twitter:data1\" content=\"comunicacio\" \/>\n\t<meta name=\"twitter:label2\" content=\"Tiempo de lectura\" \/>\n\t<meta name=\"twitter:data2\" content=\"2 minutos\" \/>\n<script type=\"application\/ld+json\" class=\"yoast-schema-graph\">{\"@context\":\"https:\\\/\\\/schema.org\",\"@graph\":[{\"@type\":\"Article\",\"@id\":\"https:\\\/\\\/mont-roig.cat\\\/es\\\/actualitat\\\/noticies\\\/continua-abierto-el-plazo-de-inscripcion-para-el-carnaval-de-miami-platja-2026-el-sabado-14-de-marzo\\\/#article\",\"isPartOf\":{\"@id\":\"https:\\\/\\\/mont-roig.cat\\\/es\\\/actualitat\\\/noticies\\\/continua-abierto-el-plazo-de-inscripcion-para-el-carnaval-de-miami-platja-2026-el-sabado-14-de-marzo\\\/\"},\"author\":{\"name\":\"comunicacio\",\"@id\":\"https:\\\/\\\/mont-roig.cat\\\/es\\\/#\\\/schema\\\/person\\\/1f73e7b5e6f9dd122e8a6f14f310ac5e\"},\"headline\":\"Contin\u00faa abierto el plazo de inscripci\u00f3n para el Carnaval de Miami Platja 2026 el s\u00e1bado 14 de marzo\",\"datePublished\":\"2026-02-26T12:45:37+00:00\",\"dateModified\":\"2026-03-05T13:34:54+00:00\",\"mainEntityOfPage\":{\"@id\":\"https:\\\/\\\/mont-roig.cat\\\/es\\\/actualitat\\\/noticies\\\/continua-abierto-el-plazo-de-inscripcion-para-el-carnaval-de-miami-platja-2026-el-sabado-14-de-marzo\\\/\"},\"wordCount\":136,\"image\":{\"@id\":\"https:\\\/\\\/mont-roig.cat\\\/es\\\/actualitat\\\/noticies\\\/continua-abierto-el-plazo-de-inscripcion-para-el-carnaval-de-miami-platja-2026-el-sabado-14-de-marzo\\\/#primaryimage\"},\"thumbnailUrl\":\"https:\\\/\\\/mont-roig.cat\\\/wp-content\\\/uploads\\\/MMF_carnaval2026_meta_MIAMI_2a.png\",\"articleSection\":[\"Ayuntamiento\",\"Festes\"],\"inLanguage\":\"es\"},{\"@type\":\"WebPage\",\"@id\":\"https:\\\/\\\/mont-roig.cat\\\/es\\\/actualitat\\\/noticies\\\/continua-abierto-el-plazo-de-inscripcion-para-el-carnaval-de-miami-platja-2026-el-sabado-14-de-marzo\\\/\",\"url\":\"https:\\\/\\\/mont-roig.cat\\\/es\\\/actualitat\\\/noticies\\\/continua-abierto-el-plazo-de-inscripcion-para-el-carnaval-de-miami-platja-2026-el-sabado-14-de-marzo\\\/\",\"name\":\"Contin\u00faa abierto el plazo de inscripci\u00f3n para el Carnaval de Miami Platja 2026 el s\u00e1bado 14 de marzo - Ajuntament de Mont-roig del Camp\",\"isPartOf\":{\"@id\":\"https:\\\/\\\/mont-roig.cat\\\/es\\\/#website\"},\"primaryImageOfPage\":{\"@id\":\"https:\\\/\\\/mont-roig.cat\\\/es\\\/actualitat\\\/noticies\\\/continua-abierto-el-plazo-de-inscripcion-para-el-carnaval-de-miami-platja-2026-el-sabado-14-de-marzo\\\/#primaryimage\"},\"image\":{\"@id\":\"https:\\\/\\\/mont-roig.cat\\\/es\\\/actualitat\\\/noticies\\\/continua-abierto-el-plazo-de-inscripcion-para-el-carnaval-de-miami-platja-2026-el-sabado-14-de-marzo\\\/#primaryimage\"},\"thumbnailUrl\":\"https:\\\/\\\/mont-roig.cat\\\/wp-content\\\/uploads\\\/MMF_carnaval2026_meta_MIAMI_2a.png\",\"datePublished\":\"2026-02-26T12:45:37+00:00\",\"dateModified\":\"2026-03-05T13:34:54+00:00\",\"author\":{\"@id\":\"https:\\\/\\\/mont-roig.cat\\\/es\\\/#\\\/schema\\\/person\\\/1f73e7b5e6f9dd122e8a6f14f310ac5e\"},\"breadcrumb\":{\"@id\":\"https:\\\/\\\/mont-roig.cat\\\/es\\\/actualitat\\\/noticies\\\/continua-abierto-el-plazo-de-inscripcion-para-el-carnaval-de-miami-platja-2026-el-sabado-14-de-marzo\\\/#breadcrumb\"},\"inLanguage\":\"es\",\"potentialAction\":[{\"@type\":\"ReadAction\",\"target\":[\"https:\\\/\\\/mont-roig.cat\\\/es\\\/actualitat\\\/noticies\\\/continua-abierto-el-plazo-de-inscripcion-para-el-carnaval-de-miami-platja-2026-el-sabado-14-de-marzo\\\/\"]}]},{\"@type\":\"ImageObject\",\"inLanguage\":\"es\",\"@id\":\"https:\\\/\\\/mont-roig.cat\\\/es\\\/actualitat\\\/noticies\\\/continua-abierto-el-plazo-de-inscripcion-para-el-carnaval-de-miami-platja-2026-el-sabado-14-de-marzo\\\/#primaryimage\",\"url\":\"https:\\\/\\\/mont-roig.cat\\\/wp-content\\\/uploads\\\/MMF_carnaval2026_meta_MIAMI_2a.png\",\"contentUrl\":\"https:\\\/\\\/mont-roig.cat\\\/wp-content\\\/uploads\\\/MMF_carnaval2026_meta_MIAMI_2a.png\",\"width\":1200,\"height\":630},{\"@type\":\"BreadcrumbList\",\"@id\":\"https:\\\/\\\/mont-roig.cat\\\/es\\\/actualitat\\\/noticies\\\/continua-abierto-el-plazo-de-inscripcion-para-el-carnaval-de-miami-platja-2026-el-sabado-14-de-marzo\\\/#breadcrumb\",\"itemListElement\":[{\"@type\":\"ListItem\",\"position\":1,\"name\":\"Inici\",\"item\":\"https:\\\/\\\/mont-roig.cat\\\/es\\\/pagina-de-inicio\\\/\"},{\"@type\":\"ListItem\",\"position\":2,\"name\":\"Contin\u00faa abierto el plazo de inscripci\u00f3n para el Carnaval de Miami Platja 2026 el s\u00e1bado 14 de marzo\"}]},{\"@type\":\"WebSite\",\"@id\":\"https:\\\/\\\/mont-roig.cat\\\/es\\\/#website\",\"url\":\"https:\\\/\\\/mont-roig.cat\\\/es\\\/\",\"name\":\"Ajuntament de Mont-roig del Camp\",\"description\":\"Tota la informaci\u00f3 sobre la instituci\u00f3, els seus \u00f2rgans de govern, actualitat, serveis i molt m\u00e9s.\",\"potentialAction\":[{\"@type\":\"SearchAction\",\"target\":{\"@type\":\"EntryPoint\",\"urlTemplate\":\"https:\\\/\\\/mont-roig.cat\\\/es\\\/?s={search_term_string}\"},\"query-input\":{\"@type\":\"PropertyValueSpecification\",\"valueRequired\":true,\"valueName\":\"search_term_string\"}}],\"inLanguage\":\"es\"},{\"@type\":\"Person\",\"@id\":\"https:\\\/\\\/mont-roig.cat\\\/es\\\/#\\\/schema\\\/person\\\/1f73e7b5e6f9dd122e8a6f14f310ac5e\",\"name\":\"comunicacio\",\"image\":{\"@type\":\"ImageObject\",\"inLanguage\":\"es\",\"@id\":\"https:\\\/\\\/secure.gravatar.com\\\/avatar\\\/98944333e7a877670a64f8d10f0cb680ab2c9ebc4efc43945ef004b52b5ad28c?s=96&d=mm&r=g\",\"url\":\"https:\\\/\\\/secure.gravatar.com\\\/avatar\\\/98944333e7a877670a64f8d10f0cb680ab2c9ebc4efc43945ef004b52b5ad28c?s=96&d=mm&r=g\",\"contentUrl\":\"https:\\\/\\\/secure.gravatar.com\\\/avatar\\\/98944333e7a877670a64f8d10f0cb680ab2c9ebc4efc43945ef004b52b5ad28c?s=96&d=mm&r=g\",\"caption\":\"comunicacio\"},\"url\":\"https:\\\/\\\/mont-roig.cat\\\/es\\\/actualitat\\\/noticies\\\/author\\\/comunicacio\\\/\"}]}<\/script>\n<!-- \/ Yoast SEO plugin. -->","yoast_head_json":{"title":"Contin\u00faa abierto el plazo de inscripci\u00f3n para el Carnaval de Miami Platja 2026 el s\u00e1bado 14 de marzo - Ajuntament de Mont-roig del Camp","robots":{"index":"index","follow":"follow","max-snippet":"max-snippet:-1","max-image-preview":"max-image-preview:large","max-video-preview":"max-video-preview:-1"},"canonical":"https:\/\/mont-roig.cat\/es\/actualitat\/noticies\/continua-abierto-el-plazo-de-inscripcion-para-el-carnaval-de-miami-platja-2026-el-sabado-14-de-marzo\/","og_locale":"es_ES","og_type":"article","og_title":"Contin\u00faa abierto el plazo de inscripci\u00f3n para el Carnaval de Miami Platja 2026 el s\u00e1bado 14 de marzo - Ajuntament de Mont-roig del Camp","og_description":"La Rua de Carnaval, programada para el 14 de marzo, ya acepta participantes en la Sede electr\u00f3nica del Ayuntamiento El Ayuntamiento de Mont-roig del Camp recuerda que el plazo de inscripci\u00f3n para participar en la Rua de Carnaval 2026 en Miami Platja contin\u00faa abierto. Las actividades del s\u00e1bado, incluyendo la rua, el Miam\u00f2drom, la cena [&hellip;]","og_url":"https:\/\/mont-roig.cat\/es\/actualitat\/noticies\/continua-abierto-el-plazo-de-inscripcion-para-el-carnaval-de-miami-platja-2026-el-sabado-14-de-marzo\/","og_site_name":"Ajuntament de Mont-roig del Camp","article_published_time":"2026-02-26T12:45:37+00:00","article_modified_time":"2026-03-05T13:34:54+00:00","og_image":[{"width":1200,"height":630,"url":"https:\/\/mont-roig.cat\/wp-content\/uploads\/MMF_carnaval2026_meta_MIAMI_2a.png","type":"image\/png"}],"author":"comunicacio","twitter_card":"summary_large_image","twitter_misc":{"Escrito por":"comunicacio","Tiempo de lectura":"2 minutos"},"schema":{"@context":"https:\/\/schema.org","@graph":[{"@type":"Article","@id":"https:\/\/mont-roig.cat\/es\/actualitat\/noticies\/continua-abierto-el-plazo-de-inscripcion-para-el-carnaval-de-miami-platja-2026-el-sabado-14-de-marzo\/#article","isPartOf":{"@id":"https:\/\/mont-roig.cat\/es\/actualitat\/noticies\/continua-abierto-el-plazo-de-inscripcion-para-el-carnaval-de-miami-platja-2026-el-sabado-14-de-marzo\/"},"author":{"name":"comunicacio","@id":"https:\/\/mont-roig.cat\/es\/#\/schema\/person\/1f73e7b5e6f9dd122e8a6f14f310ac5e"},"headline":"Contin\u00faa abierto el plazo de inscripci\u00f3n para el Carnaval de Miami Platja 2026 el s\u00e1bado 14 de marzo","datePublished":"2026-02-26T12:45:37+00:00","dateModified":"2026-03-05T13:34:54+00:00","mainEntityOfPage":{"@id":"https:\/\/mont-roig.cat\/es\/actualitat\/noticies\/continua-abierto-el-plazo-de-inscripcion-para-el-carnaval-de-miami-platja-2026-el-sabado-14-de-marzo\/"},"wordCount":136,"image":{"@id":"https:\/\/mont-roig.cat\/es\/actualitat\/noticies\/continua-abierto-el-plazo-de-inscripcion-para-el-carnaval-de-miami-platja-2026-el-sabado-14-de-marzo\/#primaryimage"},"thumbnailUrl":"https:\/\/mont-roig.cat\/wp-content\/uploads\/MMF_carnaval2026_meta_MIAMI_2a.png","articleSection":["Ayuntamiento","Festes"],"inLanguage":"es"},{"@type":"WebPage","@id":"https:\/\/mont-roig.cat\/es\/actualitat\/noticies\/continua-abierto-el-plazo-de-inscripcion-para-el-carnaval-de-miami-platja-2026-el-sabado-14-de-marzo\/","url":"https:\/\/mont-roig.cat\/es\/actualitat\/noticies\/continua-abierto-el-plazo-de-inscripcion-para-el-carnaval-de-miami-platja-2026-el-sabado-14-de-marzo\/","name":"Contin\u00faa abierto el plazo de inscripci\u00f3n para el Carnaval de Miami Platja 2026 el s\u00e1bado 14 de marzo - Ajuntament de Mont-roig del Camp","isPartOf":{"@id":"https:\/\/mont-roig.cat\/es\/#website"},"primaryImageOfPage":{"@id":"https:\/\/mont-roig.cat\/es\/actualitat\/noticies\/continua-abierto-el-plazo-de-inscripcion-para-el-carnaval-de-miami-platja-2026-el-sabado-14-de-marzo\/#primaryimage"},"image":{"@id":"https:\/\/mont-roig.cat\/es\/actualitat\/noticies\/continua-abierto-el-plazo-de-inscripcion-para-el-carnaval-de-miami-platja-2026-el-sabado-14-de-marzo\/#primaryimage"},"thumbnailUrl":"https:\/\/mont-roig.cat\/wp-content\/uploads\/MMF_carnaval2026_meta_MIAMI_2a.png","datePublished":"2026-02-26T12:45:37+00:00","dateModified":"2026-03-05T13:34:54+00:00","author":{"@id":"https:\/\/mont-roig.cat\/es\/#\/schema\/person\/1f73e7b5e6f9dd122e8a6f14f310ac5e"},"breadcrumb":{"@id":"https:\/\/mont-roig.cat\/es\/actualitat\/noticies\/continua-abierto-el-plazo-de-inscripcion-para-el-carnaval-de-miami-platja-2026-el-sabado-14-de-marzo\/#breadcrumb"},"inLanguage":"es","potentialAction":[{"@type":"ReadAction","target":["https:\/\/mont-roig.cat\/es\/actualitat\/noticies\/continua-abierto-el-plazo-de-inscripcion-para-el-carnaval-de-miami-platja-2026-el-sabado-14-de-marzo\/"]}]},{"@type":"ImageObject","inLanguage":"es","@id":"https:\/\/mont-roig.cat\/es\/actualitat\/noticies\/continua-abierto-el-plazo-de-inscripcion-para-el-carnaval-de-miami-platja-2026-el-sabado-14-de-marzo\/#primaryimage","url":"https:\/\/mont-roig.cat\/wp-content\/uploads\/MMF_carnaval2026_meta_MIAMI_2a.png","contentUrl":"https:\/\/mont-roig.cat\/wp-content\/uploads\/MMF_carnaval2026_meta_MIAMI_2a.png","width":1200,"height":630},{"@type":"BreadcrumbList","@id":"https:\/\/mont-roig.cat\/es\/actualitat\/noticies\/continua-abierto-el-plazo-de-inscripcion-para-el-carnaval-de-miami-platja-2026-el-sabado-14-de-marzo\/#breadcrumb","itemListElement":[{"@type":"ListItem","position":1,"name":"Inici","item":"https:\/\/mont-roig.cat\/es\/pagina-de-inicio\/"},{"@type":"ListItem","position":2,"name":"Contin\u00faa abierto el plazo de inscripci\u00f3n para el Carnaval de Miami Platja 2026 el s\u00e1bado 14 de marzo"}]},{"@type":"WebSite","@id":"https:\/\/mont-roig.cat\/es\/#website","url":"https:\/\/mont-roig.cat\/es\/","name":"Ajuntament de Mont-roig del Camp","description":"Tota la informaci\u00f3 sobre la instituci\u00f3, els seus \u00f2rgans de govern, actualitat, serveis i molt m\u00e9s.","potentialAction":[{"@type":"SearchAction","target":{"@type":"EntryPoint","urlTemplate":"https:\/\/mont-roig.cat\/es\/?s={search_term_string}"},"query-input":{"@type":"PropertyValueSpecification","valueRequired":true,"valueName":"search_term_string"}}],"inLanguage":"es"},{"@type":"Person","@id":"https:\/\/mont-roig.cat\/es\/#\/schema\/person\/1f73e7b5e6f9dd122e8a6f14f310ac5e","name":"comunicacio","image":{"@type":"ImageObject","inLanguage":"es","@id":"https:\/\/secure.gravatar.com\/avatar\/98944333e7a877670a64f8d10f0cb680ab2c9ebc4efc43945ef004b52b5ad28c?s=96&d=mm&r=g","url":"https:\/\/secure.gravatar.com\/avatar\/98944333e7a877670a64f8d10f0cb680ab2c9ebc4efc43945ef004b52b5ad28c?s=96&d=mm&r=g","contentUrl":"https:\/\/secure.gravatar.com\/avatar\/98944333e7a877670a64f8d10f0cb680ab2c9ebc4efc43945ef004b52b5ad28c?s=96&d=mm&r=g","caption":"comunicacio"},"url":"https:\/\/mont-roig.cat\/es\/actualitat\/noticies\/author\/comunicacio\/"}]}},"_links":{"self":[{"href":"https:\/\/mont-roig.cat\/es\/wp-json\/wp\/v2\/posts\/89358","targetHints":{"allow":["GET"]}}],"collection":[{"href":"https:\/\/mont-roig.cat\/es\/wp-json\/wp\/v2\/posts"}],"about":[{"href":"https:\/\/mont-roig.cat\/es\/wp-json\/wp\/v2\/types\/post"}],"author":[{"embeddable":true,"href":"https:\/\/mont-roig.cat\/es\/wp-json\/wp\/v2\/users\/13"}],"replies":[{"embeddable":true,"href":"https:\/\/mont-roig.cat\/es\/wp-json\/wp\/v2\/comments?post=89358"}],"version-history":[{"count":4,"href":"https:\/\/mont-roig.cat\/es\/wp-json\/wp\/v2\/posts\/89358\/revisions"}],"predecessor-version":[{"id":89892,"href":"https:\/\/mont-roig.cat\/es\/wp-json\/wp\/v2\/posts\/89358\/revisions\/89892"}],"wp:featuredmedia":[{"embeddable":true,"href":"https:\/\/mont-roig.cat\/es\/wp-json\/wp\/v2\/media\/89356"}],"wp:attachment":[{"href":"https:\/\/mont-roig.cat\/es\/wp-json\/wp\/v2\/media?parent=89358"}],"wp:term":[{"taxonomy":"category","embeddable":true,"href":"https:\/\/mont-roig.cat\/es\/wp-json\/wp\/v2\/categories?post=89358"},{"taxonomy":"post_tag","embeddable":true,"href":"https:\/\/mont-roig.cat\/es\/wp-json\/wp\/v2\/tags?post=89358"}],"curies":[{"name":"wp","href":"https:\/\/api.w.org\/{rel}","templated":true}]}}