{"id":8940,"date":"2016-02-23T12:58:49","date_gmt":"2016-02-23T11:58:49","guid":{"rendered":"http:\/\/mont-roig.cat\/es\/actualitat\/noticies\/la-policia-local-de-mont-roig-dete-3-persones-per-sostraccio-de-cable-telefonic\/"},"modified":"2016-02-23T13:02:35","modified_gmt":"2016-02-23T12:02:35","slug":"la-policia-local-de-mont-roig-dete-3-persones-per-sostraccio-de-cable-telefonic","status":"publish","type":"post","link":"https:\/\/mont-roig.cat\/es\/actualitat\/noticies\/la-policia-local-de-mont-roig-dete-3-persones-per-sostraccio-de-cable-telefonic\/","title":{"rendered":"La Polic\u00eda Local de Mont-roig del Camp detiene 3 personas por sustracci\u00f3n de cable telef\u00f3nico"},"content":{"rendered":"<p><strong>El valor de los da\u00f1os en la red telef\u00f3nica podr\u00eda superar los 50.000 euros <\/strong><\/p>\n<div id=\"attachment_8937\" style=\"width: 361px\" class=\"wp-caption alignright\"><a href=\"http:\/\/mont-roig.cat\/wp-content\/uploads\/cable-telef\u00f2nic-sostret.jpg\" rel=\"attachment wp-att-8937\"><img loading=\"lazy\" decoding=\"async\" aria-describedby=\"caption-attachment-8937\" class=\"wp-image-8937\" src=\"http:\/\/mont-roig.cat\/wp-content\/uploads\/cable-telef\u00f2nic-sostret-500x281.jpg\" alt=\"Cable telef\u00f2nic sostret\" width=\"351\" height=\"197\" srcset=\"https:\/\/mont-roig.cat\/wp-content\/uploads\/cable-telef\u00f2nic-sostret-500x281.jpg 500w, https:\/\/mont-roig.cat\/wp-content\/uploads\/cable-telef\u00f2nic-sostret-768x432.jpg 768w, https:\/\/mont-roig.cat\/wp-content\/uploads\/cable-telef\u00f2nic-sostret-1024x576.jpg 1024w, https:\/\/mont-roig.cat\/wp-content\/uploads\/cable-telef\u00f2nic-sostret.jpg 1600w\" sizes=\"auto, (max-width: 351px) 100vw, 351px\" \/><\/a><p id=\"caption-attachment-8937\" class=\"wp-caption-text\">Cable telef\u00f3nico sustra\u00eddo<\/p><\/div>\n<p>La Polic\u00eda Local de Mont-roig del Camp ha detenido a 3 personas como presuntos autores de un delito de hurto de cable telef\u00f3nico. Los detenidos, F.R de 19 a\u00f1os, V.C de 22 a\u00f1os y M.H de 41 a\u00f1os, de nacionalidad rumana y vecinos de Castelldefels, habr\u00edan sustra\u00eddo hasta 266 kilogramos de material. El valor de los da\u00f1os en la red telef\u00f3nica podr\u00eda ascender a los 50.000 euros.<\/p>\n<p>Los hechos tuvieron lugar el pasado 17 de febrero cuando agentes del cuerpo policial detectaron la presencia de un veh\u00edculo sospechoso en un camino forestal que se encuentra a la altura del punto kilom\u00e9trico 19,200 de la carretera T-310. Una vez identificadas las 3 personas se procedi\u00f3 a inspeccionar la zona, lo que permiti\u00f3 localizar, escondidos entre los matorrales, cuatro fardos de gran tama\u00f1o de cableado telef\u00f3nico. Como consecuencia de la sustracci\u00f3n se han visto afectados unos 1.800 metros de la instalaci\u00f3n telef\u00f3nica que transcurre paralela a la carretera T-310, entre los puntos kilom\u00e9tricos 19 y 21. Fuentes policiales confirman que no se trata de la primera vez que se produce este tipo de delito en este tramo de la l\u00ednea, debido a que el cableado discurre por una zona boscosa, lo que dificulta la visualizaci\u00f3n del hurto.<\/p>\n<p>Las personas detenidas, el veh\u00edculo y el cableado sustra\u00eddo han pasado a disposici\u00f3n del Cuerpo de Mossos d&#8217;Esquadra en Cambrils, continuando posteriormente las diligencias la Unidad de Investigaci\u00f3n de este Cuerpo en Reus.<\/p>\n<p>&nbsp;<\/p>\n","protected":false},"excerpt":{"rendered":"<p>El valor de los da\u00f1os en la red telef\u00f3nica podr\u00eda superar los 50.000 euros La Polic\u00eda Local de Mont-roig del Camp ha detenido a 3 personas como presuntos autores de un delito de hurto de cable telef\u00f3nico. Los detenidos, F.R de 19 a\u00f1os, V.C de 22 a\u00f1os y M.H de 41 a\u00f1os, de nacionalidad rumana [&hellip;]<\/p>\n","protected":false},"author":4,"featured_media":8937,"comment_status":"closed","ping_status":"closed","sticky":false,"template":"","format":"standard","meta":{"inline_featured_image":false,"_monsterinsights_skip_tracking":false,"_monsterinsights_sitenote_active":false,"_monsterinsights_sitenote_note":"","_monsterinsights_sitenote_category":0,"footnotes":""},"categories":[113],"tags":[],"class_list":["post-8940","post","type-post","status-publish","format-standard","has-post-thumbnail","hentry","category-seguridad"],"yoast_head":"<!-- This site is optimized with the Yoast SEO plugin v27.4 - https:\/\/yoast.com\/product\/yoast-seo-wordpress\/ -->\n<title>La Polic\u00eda Local de Mont-roig del Camp detiene 3 personas por sustracci\u00f3n de cable telef\u00f3nico - Ajuntament de Mont-roig del Camp<\/title>\n<meta name=\"robots\" content=\"index, follow, max-snippet:-1, max-image-preview:large, max-video-preview:-1\" \/>\n<link rel=\"canonical\" href=\"https:\/\/mont-roig.cat\/es\/actualitat\/noticies\/la-policia-local-de-mont-roig-dete-3-persones-per-sostraccio-de-cable-telefonic\/\" \/>\n<meta property=\"og:locale\" content=\"es_ES\" \/>\n<meta property=\"og:type\" content=\"article\" \/>\n<meta property=\"og:title\" content=\"La Polic\u00eda Local de Mont-roig del Camp detiene 3 personas por sustracci\u00f3n de cable telef\u00f3nico - Ajuntament de Mont-roig del Camp\" \/>\n<meta property=\"og:description\" content=\"El valor de los da\u00f1os en la red telef\u00f3nica podr\u00eda superar los 50.000 euros La Polic\u00eda Local de Mont-roig del Camp ha detenido a 3 personas como presuntos autores de un delito de hurto de cable telef\u00f3nico. Los detenidos, F.R de 19 a\u00f1os, V.C de 22 a\u00f1os y M.H de 41 a\u00f1os, de nacionalidad rumana [&hellip;]\" \/>\n<meta property=\"og:url\" content=\"https:\/\/mont-roig.cat\/es\/actualitat\/noticies\/la-policia-local-de-mont-roig-dete-3-persones-per-sostraccio-de-cable-telefonic\/\" \/>\n<meta property=\"og:site_name\" content=\"Ajuntament de Mont-roig del Camp\" \/>\n<meta property=\"article:published_time\" content=\"2016-02-23T11:58:49+00:00\" \/>\n<meta property=\"article:modified_time\" content=\"2016-02-23T12:02:35+00:00\" \/>\n<meta property=\"og:image\" content=\"https:\/\/mont-roig.cat\/wp-content\/uploads\/cable-telef\u00f2nic-sostret.jpg\" \/>\n\t<meta property=\"og:image:width\" content=\"1600\" \/>\n\t<meta property=\"og:image:height\" content=\"900\" \/>\n\t<meta property=\"og:image:type\" content=\"image\/jpeg\" \/>\n<meta name=\"author\" content=\"administrador\" \/>\n<meta name=\"twitter:card\" content=\"summary_large_image\" \/>\n<meta name=\"twitter:label1\" content=\"Escrito por\" \/>\n\t<meta name=\"twitter:data1\" content=\"administrador\" \/>\n\t<meta name=\"twitter:label2\" content=\"Tiempo de lectura\" \/>\n\t<meta name=\"twitter:data2\" content=\"1 minuto\" \/>\n<script type=\"application\/ld+json\" class=\"yoast-schema-graph\">{\"@context\":\"https:\\\/\\\/schema.org\",\"@graph\":[{\"@type\":\"Article\",\"@id\":\"https:\\\/\\\/mont-roig.cat\\\/es\\\/actualitat\\\/noticies\\\/la-policia-local-de-mont-roig-dete-3-persones-per-sostraccio-de-cable-telefonic\\\/#article\",\"isPartOf\":{\"@id\":\"https:\\\/\\\/mont-roig.cat\\\/es\\\/actualitat\\\/noticies\\\/la-policia-local-de-mont-roig-dete-3-persones-per-sostraccio-de-cable-telefonic\\\/\"},\"author\":{\"name\":\"administrador\",\"@id\":\"https:\\\/\\\/mont-roig.cat\\\/es\\\/#\\\/schema\\\/person\\\/f2b111789f22b7d0c3bd6786c9128cba\"},\"headline\":\"La Polic\u00eda Local de Mont-roig del Camp detiene 3 personas por sustracci\u00f3n de cable telef\u00f3nico\",\"datePublished\":\"2016-02-23T11:58:49+00:00\",\"dateModified\":\"2016-02-23T12:02:35+00:00\",\"mainEntityOfPage\":{\"@id\":\"https:\\\/\\\/mont-roig.cat\\\/es\\\/actualitat\\\/noticies\\\/la-policia-local-de-mont-roig-dete-3-persones-per-sostraccio-de-cable-telefonic\\\/\"},\"wordCount\":299,\"image\":{\"@id\":\"https:\\\/\\\/mont-roig.cat\\\/es\\\/actualitat\\\/noticies\\\/la-policia-local-de-mont-roig-dete-3-persones-per-sostraccio-de-cable-telefonic\\\/#primaryimage\"},\"thumbnailUrl\":\"https:\\\/\\\/mont-roig.cat\\\/wp-content\\\/uploads\\\/cable-telef\u00f2nic-sostret.jpg\",\"articleSection\":[\"Seguridad\"],\"inLanguage\":\"es\"},{\"@type\":\"WebPage\",\"@id\":\"https:\\\/\\\/mont-roig.cat\\\/es\\\/actualitat\\\/noticies\\\/la-policia-local-de-mont-roig-dete-3-persones-per-sostraccio-de-cable-telefonic\\\/\",\"url\":\"https:\\\/\\\/mont-roig.cat\\\/es\\\/actualitat\\\/noticies\\\/la-policia-local-de-mont-roig-dete-3-persones-per-sostraccio-de-cable-telefonic\\\/\",\"name\":\"La Polic\u00eda Local de Mont-roig del Camp detiene 3 personas por sustracci\u00f3n de cable telef\u00f3nico - Ajuntament de Mont-roig del Camp\",\"isPartOf\":{\"@id\":\"https:\\\/\\\/mont-roig.cat\\\/es\\\/#website\"},\"primaryImageOfPage\":{\"@id\":\"https:\\\/\\\/mont-roig.cat\\\/es\\\/actualitat\\\/noticies\\\/la-policia-local-de-mont-roig-dete-3-persones-per-sostraccio-de-cable-telefonic\\\/#primaryimage\"},\"image\":{\"@id\":\"https:\\\/\\\/mont-roig.cat\\\/es\\\/actualitat\\\/noticies\\\/la-policia-local-de-mont-roig-dete-3-persones-per-sostraccio-de-cable-telefonic\\\/#primaryimage\"},\"thumbnailUrl\":\"https:\\\/\\\/mont-roig.cat\\\/wp-content\\\/uploads\\\/cable-telef\u00f2nic-sostret.jpg\",\"datePublished\":\"2016-02-23T11:58:49+00:00\",\"dateModified\":\"2016-02-23T12:02:35+00:00\",\"author\":{\"@id\":\"https:\\\/\\\/mont-roig.cat\\\/es\\\/#\\\/schema\\\/person\\\/f2b111789f22b7d0c3bd6786c9128cba\"},\"breadcrumb\":{\"@id\":\"https:\\\/\\\/mont-roig.cat\\\/es\\\/actualitat\\\/noticies\\\/la-policia-local-de-mont-roig-dete-3-persones-per-sostraccio-de-cable-telefonic\\\/#breadcrumb\"},\"inLanguage\":\"es\",\"potentialAction\":[{\"@type\":\"ReadAction\",\"target\":[\"https:\\\/\\\/mont-roig.cat\\\/es\\\/actualitat\\\/noticies\\\/la-policia-local-de-mont-roig-dete-3-persones-per-sostraccio-de-cable-telefonic\\\/\"]}]},{\"@type\":\"ImageObject\",\"inLanguage\":\"es\",\"@id\":\"https:\\\/\\\/mont-roig.cat\\\/es\\\/actualitat\\\/noticies\\\/la-policia-local-de-mont-roig-dete-3-persones-per-sostraccio-de-cable-telefonic\\\/#primaryimage\",\"url\":\"https:\\\/\\\/mont-roig.cat\\\/wp-content\\\/uploads\\\/cable-telef\u00f2nic-sostret.jpg\",\"contentUrl\":\"https:\\\/\\\/mont-roig.cat\\\/wp-content\\\/uploads\\\/cable-telef\u00f2nic-sostret.jpg\",\"width\":1600,\"height\":900},{\"@type\":\"BreadcrumbList\",\"@id\":\"https:\\\/\\\/mont-roig.cat\\\/es\\\/actualitat\\\/noticies\\\/la-policia-local-de-mont-roig-dete-3-persones-per-sostraccio-de-cable-telefonic\\\/#breadcrumb\",\"itemListElement\":[{\"@type\":\"ListItem\",\"position\":1,\"name\":\"Inici\",\"item\":\"https:\\\/\\\/mont-roig.cat\\\/es\\\/pagina-de-inicio\\\/\"},{\"@type\":\"ListItem\",\"position\":2,\"name\":\"La Polic\u00eda Local de Mont-roig del Camp detiene 3 personas por sustracci\u00f3n de cable telef\u00f3nico\"}]},{\"@type\":\"WebSite\",\"@id\":\"https:\\\/\\\/mont-roig.cat\\\/es\\\/#website\",\"url\":\"https:\\\/\\\/mont-roig.cat\\\/es\\\/\",\"name\":\"Ajuntament de Mont-roig del Camp\",\"description\":\"Tota la informaci\u00f3 sobre la instituci\u00f3, els seus \u00f2rgans de govern, actualitat, serveis i molt m\u00e9s.\",\"potentialAction\":[{\"@type\":\"SearchAction\",\"target\":{\"@type\":\"EntryPoint\",\"urlTemplate\":\"https:\\\/\\\/mont-roig.cat\\\/es\\\/?s={search_term_string}\"},\"query-input\":{\"@type\":\"PropertyValueSpecification\",\"valueRequired\":true,\"valueName\":\"search_term_string\"}}],\"inLanguage\":\"es\"},{\"@type\":\"Person\",\"@id\":\"https:\\\/\\\/mont-roig.cat\\\/es\\\/#\\\/schema\\\/person\\\/f2b111789f22b7d0c3bd6786c9128cba\",\"name\":\"administrador\",\"image\":{\"@type\":\"ImageObject\",\"inLanguage\":\"es\",\"@id\":\"https:\\\/\\\/secure.gravatar.com\\\/avatar\\\/9137aac6891e2595c9d3036fd83bcb653b4db3c946db4c7d9b9be193c3c944bb?s=96&d=mm&r=g\",\"url\":\"https:\\\/\\\/secure.gravatar.com\\\/avatar\\\/9137aac6891e2595c9d3036fd83bcb653b4db3c946db4c7d9b9be193c3c944bb?s=96&d=mm&r=g\",\"contentUrl\":\"https:\\\/\\\/secure.gravatar.com\\\/avatar\\\/9137aac6891e2595c9d3036fd83bcb653b4db3c946db4c7d9b9be193c3c944bb?s=96&d=mm&r=g\",\"caption\":\"administrador\"},\"url\":\"https:\\\/\\\/mont-roig.cat\\\/es\\\/actualitat\\\/noticies\\\/author\\\/administrador\\\/\"}]}<\/script>\n<!-- \/ Yoast SEO plugin. -->","yoast_head_json":{"title":"La Polic\u00eda Local de Mont-roig del Camp detiene 3 personas por sustracci\u00f3n de cable telef\u00f3nico - Ajuntament de Mont-roig del Camp","robots":{"index":"index","follow":"follow","max-snippet":"max-snippet:-1","max-image-preview":"max-image-preview:large","max-video-preview":"max-video-preview:-1"},"canonical":"https:\/\/mont-roig.cat\/es\/actualitat\/noticies\/la-policia-local-de-mont-roig-dete-3-persones-per-sostraccio-de-cable-telefonic\/","og_locale":"es_ES","og_type":"article","og_title":"La Polic\u00eda Local de Mont-roig del Camp detiene 3 personas por sustracci\u00f3n de cable telef\u00f3nico - Ajuntament de Mont-roig del Camp","og_description":"El valor de los da\u00f1os en la red telef\u00f3nica podr\u00eda superar los 50.000 euros La Polic\u00eda Local de Mont-roig del Camp ha detenido a 3 personas como presuntos autores de un delito de hurto de cable telef\u00f3nico. Los detenidos, F.R de 19 a\u00f1os, V.C de 22 a\u00f1os y M.H de 41 a\u00f1os, de nacionalidad rumana [&hellip;]","og_url":"https:\/\/mont-roig.cat\/es\/actualitat\/noticies\/la-policia-local-de-mont-roig-dete-3-persones-per-sostraccio-de-cable-telefonic\/","og_site_name":"Ajuntament de Mont-roig del Camp","article_published_time":"2016-02-23T11:58:49+00:00","article_modified_time":"2016-02-23T12:02:35+00:00","og_image":[{"width":1600,"height":900,"url":"https:\/\/mont-roig.cat\/wp-content\/uploads\/cable-telef\u00f2nic-sostret.jpg","type":"image\/jpeg"}],"author":"administrador","twitter_card":"summary_large_image","twitter_misc":{"Escrito por":"administrador","Tiempo de lectura":"1 minuto"},"schema":{"@context":"https:\/\/schema.org","@graph":[{"@type":"Article","@id":"https:\/\/mont-roig.cat\/es\/actualitat\/noticies\/la-policia-local-de-mont-roig-dete-3-persones-per-sostraccio-de-cable-telefonic\/#article","isPartOf":{"@id":"https:\/\/mont-roig.cat\/es\/actualitat\/noticies\/la-policia-local-de-mont-roig-dete-3-persones-per-sostraccio-de-cable-telefonic\/"},"author":{"name":"administrador","@id":"https:\/\/mont-roig.cat\/es\/#\/schema\/person\/f2b111789f22b7d0c3bd6786c9128cba"},"headline":"La Polic\u00eda Local de Mont-roig del Camp detiene 3 personas por sustracci\u00f3n de cable telef\u00f3nico","datePublished":"2016-02-23T11:58:49+00:00","dateModified":"2016-02-23T12:02:35+00:00","mainEntityOfPage":{"@id":"https:\/\/mont-roig.cat\/es\/actualitat\/noticies\/la-policia-local-de-mont-roig-dete-3-persones-per-sostraccio-de-cable-telefonic\/"},"wordCount":299,"image":{"@id":"https:\/\/mont-roig.cat\/es\/actualitat\/noticies\/la-policia-local-de-mont-roig-dete-3-persones-per-sostraccio-de-cable-telefonic\/#primaryimage"},"thumbnailUrl":"https:\/\/mont-roig.cat\/wp-content\/uploads\/cable-telef\u00f2nic-sostret.jpg","articleSection":["Seguridad"],"inLanguage":"es"},{"@type":"WebPage","@id":"https:\/\/mont-roig.cat\/es\/actualitat\/noticies\/la-policia-local-de-mont-roig-dete-3-persones-per-sostraccio-de-cable-telefonic\/","url":"https:\/\/mont-roig.cat\/es\/actualitat\/noticies\/la-policia-local-de-mont-roig-dete-3-persones-per-sostraccio-de-cable-telefonic\/","name":"La Polic\u00eda Local de Mont-roig del Camp detiene 3 personas por sustracci\u00f3n de cable telef\u00f3nico - Ajuntament de Mont-roig del Camp","isPartOf":{"@id":"https:\/\/mont-roig.cat\/es\/#website"},"primaryImageOfPage":{"@id":"https:\/\/mont-roig.cat\/es\/actualitat\/noticies\/la-policia-local-de-mont-roig-dete-3-persones-per-sostraccio-de-cable-telefonic\/#primaryimage"},"image":{"@id":"https:\/\/mont-roig.cat\/es\/actualitat\/noticies\/la-policia-local-de-mont-roig-dete-3-persones-per-sostraccio-de-cable-telefonic\/#primaryimage"},"thumbnailUrl":"https:\/\/mont-roig.cat\/wp-content\/uploads\/cable-telef\u00f2nic-sostret.jpg","datePublished":"2016-02-23T11:58:49+00:00","dateModified":"2016-02-23T12:02:35+00:00","author":{"@id":"https:\/\/mont-roig.cat\/es\/#\/schema\/person\/f2b111789f22b7d0c3bd6786c9128cba"},"breadcrumb":{"@id":"https:\/\/mont-roig.cat\/es\/actualitat\/noticies\/la-policia-local-de-mont-roig-dete-3-persones-per-sostraccio-de-cable-telefonic\/#breadcrumb"},"inLanguage":"es","potentialAction":[{"@type":"ReadAction","target":["https:\/\/mont-roig.cat\/es\/actualitat\/noticies\/la-policia-local-de-mont-roig-dete-3-persones-per-sostraccio-de-cable-telefonic\/"]}]},{"@type":"ImageObject","inLanguage":"es","@id":"https:\/\/mont-roig.cat\/es\/actualitat\/noticies\/la-policia-local-de-mont-roig-dete-3-persones-per-sostraccio-de-cable-telefonic\/#primaryimage","url":"https:\/\/mont-roig.cat\/wp-content\/uploads\/cable-telef\u00f2nic-sostret.jpg","contentUrl":"https:\/\/mont-roig.cat\/wp-content\/uploads\/cable-telef\u00f2nic-sostret.jpg","width":1600,"height":900},{"@type":"BreadcrumbList","@id":"https:\/\/mont-roig.cat\/es\/actualitat\/noticies\/la-policia-local-de-mont-roig-dete-3-persones-per-sostraccio-de-cable-telefonic\/#breadcrumb","itemListElement":[{"@type":"ListItem","position":1,"name":"Inici","item":"https:\/\/mont-roig.cat\/es\/pagina-de-inicio\/"},{"@type":"ListItem","position":2,"name":"La Polic\u00eda Local de Mont-roig del Camp detiene 3 personas por sustracci\u00f3n de cable telef\u00f3nico"}]},{"@type":"WebSite","@id":"https:\/\/mont-roig.cat\/es\/#website","url":"https:\/\/mont-roig.cat\/es\/","name":"Ajuntament de Mont-roig del Camp","description":"Tota la informaci\u00f3 sobre la instituci\u00f3, els seus \u00f2rgans de govern, actualitat, serveis i molt m\u00e9s.","potentialAction":[{"@type":"SearchAction","target":{"@type":"EntryPoint","urlTemplate":"https:\/\/mont-roig.cat\/es\/?s={search_term_string}"},"query-input":{"@type":"PropertyValueSpecification","valueRequired":true,"valueName":"search_term_string"}}],"inLanguage":"es"},{"@type":"Person","@id":"https:\/\/mont-roig.cat\/es\/#\/schema\/person\/f2b111789f22b7d0c3bd6786c9128cba","name":"administrador","image":{"@type":"ImageObject","inLanguage":"es","@id":"https:\/\/secure.gravatar.com\/avatar\/9137aac6891e2595c9d3036fd83bcb653b4db3c946db4c7d9b9be193c3c944bb?s=96&d=mm&r=g","url":"https:\/\/secure.gravatar.com\/avatar\/9137aac6891e2595c9d3036fd83bcb653b4db3c946db4c7d9b9be193c3c944bb?s=96&d=mm&r=g","contentUrl":"https:\/\/secure.gravatar.com\/avatar\/9137aac6891e2595c9d3036fd83bcb653b4db3c946db4c7d9b9be193c3c944bb?s=96&d=mm&r=g","caption":"administrador"},"url":"https:\/\/mont-roig.cat\/es\/actualitat\/noticies\/author\/administrador\/"}]}},"_links":{"self":[{"href":"https:\/\/mont-roig.cat\/es\/wp-json\/wp\/v2\/posts\/8940","targetHints":{"allow":["GET"]}}],"collection":[{"href":"https:\/\/mont-roig.cat\/es\/wp-json\/wp\/v2\/posts"}],"about":[{"href":"https:\/\/mont-roig.cat\/es\/wp-json\/wp\/v2\/types\/post"}],"author":[{"embeddable":true,"href":"https:\/\/mont-roig.cat\/es\/wp-json\/wp\/v2\/users\/4"}],"replies":[{"embeddable":true,"href":"https:\/\/mont-roig.cat\/es\/wp-json\/wp\/v2\/comments?post=8940"}],"version-history":[{"count":0,"href":"https:\/\/mont-roig.cat\/es\/wp-json\/wp\/v2\/posts\/8940\/revisions"}],"wp:featuredmedia":[{"embeddable":true,"href":"https:\/\/mont-roig.cat\/es\/wp-json\/wp\/v2\/media\/8937"}],"wp:attachment":[{"href":"https:\/\/mont-roig.cat\/es\/wp-json\/wp\/v2\/media?parent=8940"}],"wp:term":[{"taxonomy":"category","embeddable":true,"href":"https:\/\/mont-roig.cat\/es\/wp-json\/wp\/v2\/categories?post=8940"},{"taxonomy":"post_tag","embeddable":true,"href":"https:\/\/mont-roig.cat\/es\/wp-json\/wp\/v2\/tags?post=8940"}],"curies":[{"name":"wp","href":"https:\/\/api.w.org\/{rel}","templated":true}]}}