{"id":89439,"date":"2026-02-27T12:45:12","date_gmt":"2026-02-27T11:45:12","guid":{"rendered":"https:\/\/mont-roig.cat\/actualitat\/noticies\/mont-roig-del-camp-posa-en-marxa-el-nou-servei-de-recollida-de-voluminosos-a-domicili\/"},"modified":"2026-02-27T13:07:02","modified_gmt":"2026-02-27T12:07:02","slug":"mont-roig-del-camp-pone-en-marcha-el-nuevo-servicio-de-recogida-de-voluminosos-a-domicilio","status":"publish","type":"post","link":"https:\/\/mont-roig.cat\/es\/actualitat\/noticies\/mont-roig-del-camp-pone-en-marcha-el-nuevo-servicio-de-recogida-de-voluminosos-a-domicilio\/","title":{"rendered":"Mont-roig del Camp pone en marcha el nuevo servicio de recogida de voluminosos a domicilio"},"content":{"rendered":"<ul>\n<li data-start=\"173\" data-end=\"327\"><strong data-start=\"173\" data-end=\"327\"><a href=\"https:\/\/mont-roig.cat\/wp-content\/uploads\/cartell_voluminosos-v3-pdf-728x1030-1.jpg\" target=\"_blank\" rel=\"noopener\"><img loading=\"lazy\" decoding=\"async\" class=\"alignright wp-image-89437\" src=\"https:\/\/mont-roig.cat\/wp-content\/uploads\/cartell_voluminosos-v3-pdf-728x1030-1-353x500.jpg\" alt=\"\" width=\"296\" height=\"419\" srcset=\"https:\/\/mont-roig.cat\/wp-content\/uploads\/cartell_voluminosos-v3-pdf-728x1030-1-353x500.jpg 353w, https:\/\/mont-roig.cat\/wp-content\/uploads\/cartell_voluminosos-v3-pdf-728x1030-1-724x1024.jpg 724w, https:\/\/mont-roig.cat\/wp-content\/uploads\/cartell_voluminosos-v3-pdf-728x1030-1.jpg 728w\" sizes=\"auto, (max-width: 296px) 100vw, 296px\" \/><\/a>El nuevo modelo, gratuito y con cita previa, quiere reducir los abandonos inc\u00edvicos y mejorar el orden y la sostenibilidad de las calles del municipio<\/strong><\/li>\n<\/ul>\n<p data-start=\"329\" data-end=\"653\">El Ayuntamiento de <span class=\"hover:entity-accent entity-underline inline cursor-pointer align-baseline\"><span class=\"whitespace-normal\">Mont-roig del Camp<\/span><\/span>, a trav\u00e9s de <span class=\"hover:entity-accent entity-underline inline cursor-pointer align-baseline\"><span class=\"whitespace-normal\">Nostreserveis<\/span><\/span>, ha puesto en marcha un nuevo modelo de recogida domiciliaria de residuos voluminosos con el objetivo de mejorar la eficiencia del servicio y garantizar una gesti\u00f3n m\u00e1s ordenada y sostenible de este tipo de residuos.<\/p>\n<p data-start=\"655\" data-end=\"848\">Este nuevo sistema prioriza las recogidas con cita previa y da respuesta a una necesidad creciente en el municipio, al tiempo que contribuye a reducir los abandonos inc\u00edvicos en la v\u00eda p\u00fablica.<\/p>\n<p data-start=\"850\" data-end=\"900\">Un servicio gratuito, m\u00e1s \u00e1gil y m\u00e1s eficiente<\/p>\n<p data-start=\"902\" data-end=\"926\">El nuevo modelo permite:<\/p>\n<ul>\n<li data-start=\"930\" data-end=\"995\">Priorizar y agilizar las recogidas programadas con cita previa.<\/li>\n<li data-start=\"998\" data-end=\"1032\">Reducir los abandonos inc\u00edvicos.<\/li>\n<li data-start=\"1035\" data-end=\"1080\">Mejorar el orden y la imagen de las calles.<\/li>\n<li data-start=\"1083\" data-end=\"1120\">Optimizar los recursos municipales.<\/li>\n<li data-start=\"1123\" data-end=\"1156\">Minimizar el impacto ambiental.<\/li>\n<\/ul>\n<p data-start=\"1158\" data-end=\"1228\">Todo ello contribuye a un municipio m\u00e1s limpio, ordenado y sostenible.<\/p>\n<p data-start=\"1230\" data-end=\"1261\">\u00bfC\u00f3mo funciona el servicio?<\/p>\n<p data-start=\"1263\" data-end=\"1302\">Para utilizar el servicio es necesario:<\/p>\n<ol data-start=\"1304\" data-end=\"1751\">\n<li data-start=\"1304\" data-end=\"1505\">\n<p data-start=\"1307\" data-end=\"1364\"><strong data-start=\"1307\" data-end=\"1348\">Solicitar la recogida con cita previa<\/strong>, a trav\u00e9s de:<\/p>\n<\/li>\n<\/ol>\n<ul>\n<li data-start=\"1370\" data-end=\"1452\">El formulario en l\u00ednea disponible en la app eAgora y en la web de Nostreserveis.<\/li>\n<li data-start=\"1458\" data-end=\"1484\">El tel\u00e9fono 607 159 243.<\/li>\n<li data-start=\"1490\" data-end=\"1505\">El c\u00f3digo QR.<\/li>\n<\/ul>\n<ol data-start=\"1304\" data-end=\"1751\">\n<li data-start=\"1507\" data-end=\"1598\">\n<p data-start=\"1510\" data-end=\"1598\"><strong data-start=\"1510\" data-end=\"1544\">Seleccionar el d\u00eda de recogida<\/strong>, que se asigna en funci\u00f3n de la zona del municipio.<\/p>\n<\/li>\n<li data-start=\"1600\" data-end=\"1751\">\n<p data-start=\"1603\" data-end=\"1751\"><strong data-start=\"1603\" data-end=\"1654\">Depositar los voluminosos delante del domicilio<\/strong> la v\u00edspera del d\u00eda indicado, siguiendo las instrucciones facilitadas en el momento de la cita.<\/p>\n<\/li>\n<\/ol>\n<p data-start=\"1753\" data-end=\"1938\">En el momento de realizar la solicitud es imprescindible indicar correctamente la direcci\u00f3n y la urbanizaci\u00f3n o n\u00facleo correspondiente para evitar incidencias o retrasos en el servicio.<\/p>\n<p data-start=\"1940\" data-end=\"1968\">\u00bfQu\u00e9 se puede depositar?<\/p>\n<p data-start=\"1970\" data-end=\"2214\">El servicio est\u00e1 dirigido a viviendas de zonas urbanas del municipio y permite la recogida de objetos voluminosos de origen dom\u00e9stico que, por sus dimensiones o por circunstancias personales, no se pueden transportar f\u00e1cilmente al punto limpio.<\/p>\n<p data-start=\"2216\" data-end=\"2247\">Se pueden incluir, entre otros:<\/p>\n<ul>\n<li data-start=\"2251\" data-end=\"2260\">Muebles<\/li>\n<li data-start=\"2263\" data-end=\"2274\">Colchones<\/li>\n<li data-start=\"2277\" data-end=\"2315\">Electrodom\u00e9sticos (RAEE autorizados)<\/li>\n<li data-start=\"2318\" data-end=\"2364\">Otros elementos voluminosos de uso dom\u00e9stico<\/li>\n<\/ul>\n<p data-start=\"2366\" data-end=\"2389\"><strong>Condiciones b\u00e1sicas<\/strong><\/p>\n<p data-start=\"2391\" data-end=\"2443\">Para garantizar el buen funcionamiento del servicio:<\/p>\n<ul data-start=\"2445\" data-end=\"2750\">\n<li data-start=\"2445\" data-end=\"2512\">\n<p data-start=\"2447\" data-end=\"2512\">Los objetos deben poder cargarse manualmente por los operarios.<\/p>\n<\/li>\n<li data-start=\"2513\" data-end=\"2583\">\n<p data-start=\"2515\" data-end=\"2583\">Deben dejarse en la puerta del domicilio sin obstaculizar el paso.<\/p>\n<\/li>\n<li data-start=\"2584\" data-end=\"2646\">\n<p data-start=\"2586\" data-end=\"2646\">El personal no puede acceder al interior de las viviendas.<\/p>\n<\/li>\n<li data-start=\"2647\" data-end=\"2690\">\n<p data-start=\"2649\" data-end=\"2690\">El l\u00edmite es de 3 voluminosos por cita.<\/p>\n<\/li>\n<li data-start=\"2691\" data-end=\"2750\">\n<p data-start=\"2693\" data-end=\"2750\">No se pueden ofrecer propinas al personal del servicio.<\/p>\n<\/li>\n<\/ul>\n<p data-start=\"2752\" data-end=\"2952\">El servicio es gratuito y exclusivo para particulares. No est\u00e1 destinado a profesionales, actividades econ\u00f3micas, residuos de obras o reformas ni restos de poda, que disponen de servicios espec\u00edficos.<\/p>\n<p data-start=\"2954\" data-end=\"2988\"><strong>Una responsabilidad compartida<\/strong><\/p>\n<p data-start=\"2990\" data-end=\"3109\">Los residuos voluminosos no deben abandonarse nunca en la calle ni dejarse junto o dentro de los contenedores de resto.<\/p>\n","protected":false},"excerpt":{"rendered":"<p>El nuevo modelo, gratuito y con cita previa, quiere reducir los abandonos inc\u00edvicos y mejorar el orden y la sostenibilidad de las calles del municipio El Ayuntamiento de Mont-roig del Camp, a trav\u00e9s de Nostreserveis, ha puesto en marcha un nuevo modelo de recogida domiciliaria de residuos voluminosos con el objetivo de mejorar la eficiencia [&hellip;]<\/p>\n","protected":false},"author":13,"featured_media":89437,"comment_status":"closed","ping_status":"closed","sticky":false,"template":"","format":"standard","meta":{"inline_featured_image":false,"_monsterinsights_skip_tracking":false,"_monsterinsights_sitenote_active":false,"_monsterinsights_sitenote_note":"","_monsterinsights_sitenote_category":0,"footnotes":""},"categories":[98,204],"tags":[],"class_list":["post-89439","post","type-post","status-publish","format-standard","has-post-thumbnail","hentry","category-ayuntamiento","category-nostreserveis-es"],"yoast_head":"<!-- This site is optimized with the Yoast SEO plugin v27.4 - https:\/\/yoast.com\/product\/yoast-seo-wordpress\/ -->\n<title>Mont-roig del Camp pone en marcha el nuevo servicio de recogida de voluminosos a domicilio - Ajuntament de Mont-roig del Camp<\/title>\n<meta name=\"robots\" content=\"index, follow, max-snippet:-1, max-image-preview:large, max-video-preview:-1\" \/>\n<link rel=\"canonical\" href=\"https:\/\/mont-roig.cat\/es\/actualitat\/noticies\/mont-roig-del-camp-pone-en-marcha-el-nuevo-servicio-de-recogida-de-voluminosos-a-domicilio\/\" \/>\n<meta property=\"og:locale\" content=\"es_ES\" \/>\n<meta property=\"og:type\" content=\"article\" \/>\n<meta property=\"og:title\" content=\"Mont-roig del Camp pone en marcha el nuevo servicio de recogida de voluminosos a domicilio - Ajuntament de Mont-roig del Camp\" \/>\n<meta property=\"og:description\" content=\"El nuevo modelo, gratuito y con cita previa, quiere reducir los abandonos inc\u00edvicos y mejorar el orden y la sostenibilidad de las calles del municipio El Ayuntamiento de Mont-roig del Camp, a trav\u00e9s de Nostreserveis, ha puesto en marcha un nuevo modelo de recogida domiciliaria de residuos voluminosos con el objetivo de mejorar la eficiencia [&hellip;]\" \/>\n<meta property=\"og:url\" content=\"https:\/\/mont-roig.cat\/es\/actualitat\/noticies\/mont-roig-del-camp-pone-en-marcha-el-nuevo-servicio-de-recogida-de-voluminosos-a-domicilio\/\" \/>\n<meta property=\"og:site_name\" content=\"Ajuntament de Mont-roig del Camp\" \/>\n<meta property=\"article:published_time\" content=\"2026-02-27T11:45:12+00:00\" \/>\n<meta property=\"article:modified_time\" content=\"2026-02-27T12:07:02+00:00\" \/>\n<meta property=\"og:image\" content=\"https:\/\/mont-roig.cat\/wp-content\/uploads\/cartell_voluminosos-v3-pdf-728x1030-1.jpg\" \/>\n\t<meta property=\"og:image:width\" content=\"728\" \/>\n\t<meta property=\"og:image:height\" content=\"1030\" \/>\n\t<meta property=\"og:image:type\" content=\"image\/jpeg\" \/>\n<meta name=\"author\" content=\"comunicacio\" \/>\n<meta name=\"twitter:card\" content=\"summary_large_image\" \/>\n<meta name=\"twitter:label1\" content=\"Escrito por\" \/>\n\t<meta name=\"twitter:data1\" content=\"comunicacio\" \/>\n\t<meta name=\"twitter:label2\" content=\"Tiempo de lectura\" \/>\n\t<meta name=\"twitter:data2\" content=\"3 minutos\" \/>\n<script type=\"application\/ld+json\" class=\"yoast-schema-graph\">{\"@context\":\"https:\\\/\\\/schema.org\",\"@graph\":[{\"@type\":\"Article\",\"@id\":\"https:\\\/\\\/mont-roig.cat\\\/es\\\/actualitat\\\/noticies\\\/mont-roig-del-camp-pone-en-marcha-el-nuevo-servicio-de-recogida-de-voluminosos-a-domicilio\\\/#article\",\"isPartOf\":{\"@id\":\"https:\\\/\\\/mont-roig.cat\\\/es\\\/actualitat\\\/noticies\\\/mont-roig-del-camp-pone-en-marcha-el-nuevo-servicio-de-recogida-de-voluminosos-a-domicilio\\\/\"},\"author\":{\"name\":\"comunicacio\",\"@id\":\"https:\\\/\\\/mont-roig.cat\\\/es\\\/#\\\/schema\\\/person\\\/1f73e7b5e6f9dd122e8a6f14f310ac5e\"},\"headline\":\"Mont-roig del Camp pone en marcha el nuevo servicio de recogida de voluminosos a domicilio\",\"datePublished\":\"2026-02-27T11:45:12+00:00\",\"dateModified\":\"2026-02-27T12:07:02+00:00\",\"mainEntityOfPage\":{\"@id\":\"https:\\\/\\\/mont-roig.cat\\\/es\\\/actualitat\\\/noticies\\\/mont-roig-del-camp-pone-en-marcha-el-nuevo-servicio-de-recogida-de-voluminosos-a-domicilio\\\/\"},\"wordCount\":467,\"image\":{\"@id\":\"https:\\\/\\\/mont-roig.cat\\\/es\\\/actualitat\\\/noticies\\\/mont-roig-del-camp-pone-en-marcha-el-nuevo-servicio-de-recogida-de-voluminosos-a-domicilio\\\/#primaryimage\"},\"thumbnailUrl\":\"https:\\\/\\\/mont-roig.cat\\\/wp-content\\\/uploads\\\/cartell_voluminosos-v3-pdf-728x1030-1.jpg\",\"articleSection\":[\"Ayuntamiento\",\"Nostreserveis\"],\"inLanguage\":\"es\"},{\"@type\":\"WebPage\",\"@id\":\"https:\\\/\\\/mont-roig.cat\\\/es\\\/actualitat\\\/noticies\\\/mont-roig-del-camp-pone-en-marcha-el-nuevo-servicio-de-recogida-de-voluminosos-a-domicilio\\\/\",\"url\":\"https:\\\/\\\/mont-roig.cat\\\/es\\\/actualitat\\\/noticies\\\/mont-roig-del-camp-pone-en-marcha-el-nuevo-servicio-de-recogida-de-voluminosos-a-domicilio\\\/\",\"name\":\"Mont-roig del Camp pone en marcha el nuevo servicio de recogida de voluminosos a domicilio - Ajuntament de Mont-roig del Camp\",\"isPartOf\":{\"@id\":\"https:\\\/\\\/mont-roig.cat\\\/es\\\/#website\"},\"primaryImageOfPage\":{\"@id\":\"https:\\\/\\\/mont-roig.cat\\\/es\\\/actualitat\\\/noticies\\\/mont-roig-del-camp-pone-en-marcha-el-nuevo-servicio-de-recogida-de-voluminosos-a-domicilio\\\/#primaryimage\"},\"image\":{\"@id\":\"https:\\\/\\\/mont-roig.cat\\\/es\\\/actualitat\\\/noticies\\\/mont-roig-del-camp-pone-en-marcha-el-nuevo-servicio-de-recogida-de-voluminosos-a-domicilio\\\/#primaryimage\"},\"thumbnailUrl\":\"https:\\\/\\\/mont-roig.cat\\\/wp-content\\\/uploads\\\/cartell_voluminosos-v3-pdf-728x1030-1.jpg\",\"datePublished\":\"2026-02-27T11:45:12+00:00\",\"dateModified\":\"2026-02-27T12:07:02+00:00\",\"author\":{\"@id\":\"https:\\\/\\\/mont-roig.cat\\\/es\\\/#\\\/schema\\\/person\\\/1f73e7b5e6f9dd122e8a6f14f310ac5e\"},\"breadcrumb\":{\"@id\":\"https:\\\/\\\/mont-roig.cat\\\/es\\\/actualitat\\\/noticies\\\/mont-roig-del-camp-pone-en-marcha-el-nuevo-servicio-de-recogida-de-voluminosos-a-domicilio\\\/#breadcrumb\"},\"inLanguage\":\"es\",\"potentialAction\":[{\"@type\":\"ReadAction\",\"target\":[\"https:\\\/\\\/mont-roig.cat\\\/es\\\/actualitat\\\/noticies\\\/mont-roig-del-camp-pone-en-marcha-el-nuevo-servicio-de-recogida-de-voluminosos-a-domicilio\\\/\"]}]},{\"@type\":\"ImageObject\",\"inLanguage\":\"es\",\"@id\":\"https:\\\/\\\/mont-roig.cat\\\/es\\\/actualitat\\\/noticies\\\/mont-roig-del-camp-pone-en-marcha-el-nuevo-servicio-de-recogida-de-voluminosos-a-domicilio\\\/#primaryimage\",\"url\":\"https:\\\/\\\/mont-roig.cat\\\/wp-content\\\/uploads\\\/cartell_voluminosos-v3-pdf-728x1030-1.jpg\",\"contentUrl\":\"https:\\\/\\\/mont-roig.cat\\\/wp-content\\\/uploads\\\/cartell_voluminosos-v3-pdf-728x1030-1.jpg\",\"width\":728,\"height\":1030},{\"@type\":\"BreadcrumbList\",\"@id\":\"https:\\\/\\\/mont-roig.cat\\\/es\\\/actualitat\\\/noticies\\\/mont-roig-del-camp-pone-en-marcha-el-nuevo-servicio-de-recogida-de-voluminosos-a-domicilio\\\/#breadcrumb\",\"itemListElement\":[{\"@type\":\"ListItem\",\"position\":1,\"name\":\"Inici\",\"item\":\"https:\\\/\\\/mont-roig.cat\\\/es\\\/pagina-de-inicio\\\/\"},{\"@type\":\"ListItem\",\"position\":2,\"name\":\"Mont-roig del Camp pone en marcha el nuevo servicio de recogida de voluminosos a domicilio\"}]},{\"@type\":\"WebSite\",\"@id\":\"https:\\\/\\\/mont-roig.cat\\\/es\\\/#website\",\"url\":\"https:\\\/\\\/mont-roig.cat\\\/es\\\/\",\"name\":\"Ajuntament de Mont-roig del Camp\",\"description\":\"Tota la informaci\u00f3 sobre la instituci\u00f3, els seus \u00f2rgans de govern, actualitat, serveis i molt m\u00e9s.\",\"potentialAction\":[{\"@type\":\"SearchAction\",\"target\":{\"@type\":\"EntryPoint\",\"urlTemplate\":\"https:\\\/\\\/mont-roig.cat\\\/es\\\/?s={search_term_string}\"},\"query-input\":{\"@type\":\"PropertyValueSpecification\",\"valueRequired\":true,\"valueName\":\"search_term_string\"}}],\"inLanguage\":\"es\"},{\"@type\":\"Person\",\"@id\":\"https:\\\/\\\/mont-roig.cat\\\/es\\\/#\\\/schema\\\/person\\\/1f73e7b5e6f9dd122e8a6f14f310ac5e\",\"name\":\"comunicacio\",\"image\":{\"@type\":\"ImageObject\",\"inLanguage\":\"es\",\"@id\":\"https:\\\/\\\/secure.gravatar.com\\\/avatar\\\/98944333e7a877670a64f8d10f0cb680ab2c9ebc4efc43945ef004b52b5ad28c?s=96&d=mm&r=g\",\"url\":\"https:\\\/\\\/secure.gravatar.com\\\/avatar\\\/98944333e7a877670a64f8d10f0cb680ab2c9ebc4efc43945ef004b52b5ad28c?s=96&d=mm&r=g\",\"contentUrl\":\"https:\\\/\\\/secure.gravatar.com\\\/avatar\\\/98944333e7a877670a64f8d10f0cb680ab2c9ebc4efc43945ef004b52b5ad28c?s=96&d=mm&r=g\",\"caption\":\"comunicacio\"},\"url\":\"https:\\\/\\\/mont-roig.cat\\\/es\\\/actualitat\\\/noticies\\\/author\\\/comunicacio\\\/\"}]}<\/script>\n<!-- \/ Yoast SEO plugin. -->","yoast_head_json":{"title":"Mont-roig del Camp pone en marcha el nuevo servicio de recogida de voluminosos a domicilio - Ajuntament de Mont-roig del Camp","robots":{"index":"index","follow":"follow","max-snippet":"max-snippet:-1","max-image-preview":"max-image-preview:large","max-video-preview":"max-video-preview:-1"},"canonical":"https:\/\/mont-roig.cat\/es\/actualitat\/noticies\/mont-roig-del-camp-pone-en-marcha-el-nuevo-servicio-de-recogida-de-voluminosos-a-domicilio\/","og_locale":"es_ES","og_type":"article","og_title":"Mont-roig del Camp pone en marcha el nuevo servicio de recogida de voluminosos a domicilio - Ajuntament de Mont-roig del Camp","og_description":"El nuevo modelo, gratuito y con cita previa, quiere reducir los abandonos inc\u00edvicos y mejorar el orden y la sostenibilidad de las calles del municipio El Ayuntamiento de Mont-roig del Camp, a trav\u00e9s de Nostreserveis, ha puesto en marcha un nuevo modelo de recogida domiciliaria de residuos voluminosos con el objetivo de mejorar la eficiencia [&hellip;]","og_url":"https:\/\/mont-roig.cat\/es\/actualitat\/noticies\/mont-roig-del-camp-pone-en-marcha-el-nuevo-servicio-de-recogida-de-voluminosos-a-domicilio\/","og_site_name":"Ajuntament de Mont-roig del Camp","article_published_time":"2026-02-27T11:45:12+00:00","article_modified_time":"2026-02-27T12:07:02+00:00","og_image":[{"width":728,"height":1030,"url":"https:\/\/mont-roig.cat\/wp-content\/uploads\/cartell_voluminosos-v3-pdf-728x1030-1.jpg","type":"image\/jpeg"}],"author":"comunicacio","twitter_card":"summary_large_image","twitter_misc":{"Escrito por":"comunicacio","Tiempo de lectura":"3 minutos"},"schema":{"@context":"https:\/\/schema.org","@graph":[{"@type":"Article","@id":"https:\/\/mont-roig.cat\/es\/actualitat\/noticies\/mont-roig-del-camp-pone-en-marcha-el-nuevo-servicio-de-recogida-de-voluminosos-a-domicilio\/#article","isPartOf":{"@id":"https:\/\/mont-roig.cat\/es\/actualitat\/noticies\/mont-roig-del-camp-pone-en-marcha-el-nuevo-servicio-de-recogida-de-voluminosos-a-domicilio\/"},"author":{"name":"comunicacio","@id":"https:\/\/mont-roig.cat\/es\/#\/schema\/person\/1f73e7b5e6f9dd122e8a6f14f310ac5e"},"headline":"Mont-roig del Camp pone en marcha el nuevo servicio de recogida de voluminosos a domicilio","datePublished":"2026-02-27T11:45:12+00:00","dateModified":"2026-02-27T12:07:02+00:00","mainEntityOfPage":{"@id":"https:\/\/mont-roig.cat\/es\/actualitat\/noticies\/mont-roig-del-camp-pone-en-marcha-el-nuevo-servicio-de-recogida-de-voluminosos-a-domicilio\/"},"wordCount":467,"image":{"@id":"https:\/\/mont-roig.cat\/es\/actualitat\/noticies\/mont-roig-del-camp-pone-en-marcha-el-nuevo-servicio-de-recogida-de-voluminosos-a-domicilio\/#primaryimage"},"thumbnailUrl":"https:\/\/mont-roig.cat\/wp-content\/uploads\/cartell_voluminosos-v3-pdf-728x1030-1.jpg","articleSection":["Ayuntamiento","Nostreserveis"],"inLanguage":"es"},{"@type":"WebPage","@id":"https:\/\/mont-roig.cat\/es\/actualitat\/noticies\/mont-roig-del-camp-pone-en-marcha-el-nuevo-servicio-de-recogida-de-voluminosos-a-domicilio\/","url":"https:\/\/mont-roig.cat\/es\/actualitat\/noticies\/mont-roig-del-camp-pone-en-marcha-el-nuevo-servicio-de-recogida-de-voluminosos-a-domicilio\/","name":"Mont-roig del Camp pone en marcha el nuevo servicio de recogida de voluminosos a domicilio - Ajuntament de Mont-roig del Camp","isPartOf":{"@id":"https:\/\/mont-roig.cat\/es\/#website"},"primaryImageOfPage":{"@id":"https:\/\/mont-roig.cat\/es\/actualitat\/noticies\/mont-roig-del-camp-pone-en-marcha-el-nuevo-servicio-de-recogida-de-voluminosos-a-domicilio\/#primaryimage"},"image":{"@id":"https:\/\/mont-roig.cat\/es\/actualitat\/noticies\/mont-roig-del-camp-pone-en-marcha-el-nuevo-servicio-de-recogida-de-voluminosos-a-domicilio\/#primaryimage"},"thumbnailUrl":"https:\/\/mont-roig.cat\/wp-content\/uploads\/cartell_voluminosos-v3-pdf-728x1030-1.jpg","datePublished":"2026-02-27T11:45:12+00:00","dateModified":"2026-02-27T12:07:02+00:00","author":{"@id":"https:\/\/mont-roig.cat\/es\/#\/schema\/person\/1f73e7b5e6f9dd122e8a6f14f310ac5e"},"breadcrumb":{"@id":"https:\/\/mont-roig.cat\/es\/actualitat\/noticies\/mont-roig-del-camp-pone-en-marcha-el-nuevo-servicio-de-recogida-de-voluminosos-a-domicilio\/#breadcrumb"},"inLanguage":"es","potentialAction":[{"@type":"ReadAction","target":["https:\/\/mont-roig.cat\/es\/actualitat\/noticies\/mont-roig-del-camp-pone-en-marcha-el-nuevo-servicio-de-recogida-de-voluminosos-a-domicilio\/"]}]},{"@type":"ImageObject","inLanguage":"es","@id":"https:\/\/mont-roig.cat\/es\/actualitat\/noticies\/mont-roig-del-camp-pone-en-marcha-el-nuevo-servicio-de-recogida-de-voluminosos-a-domicilio\/#primaryimage","url":"https:\/\/mont-roig.cat\/wp-content\/uploads\/cartell_voluminosos-v3-pdf-728x1030-1.jpg","contentUrl":"https:\/\/mont-roig.cat\/wp-content\/uploads\/cartell_voluminosos-v3-pdf-728x1030-1.jpg","width":728,"height":1030},{"@type":"BreadcrumbList","@id":"https:\/\/mont-roig.cat\/es\/actualitat\/noticies\/mont-roig-del-camp-pone-en-marcha-el-nuevo-servicio-de-recogida-de-voluminosos-a-domicilio\/#breadcrumb","itemListElement":[{"@type":"ListItem","position":1,"name":"Inici","item":"https:\/\/mont-roig.cat\/es\/pagina-de-inicio\/"},{"@type":"ListItem","position":2,"name":"Mont-roig del Camp pone en marcha el nuevo servicio de recogida de voluminosos a domicilio"}]},{"@type":"WebSite","@id":"https:\/\/mont-roig.cat\/es\/#website","url":"https:\/\/mont-roig.cat\/es\/","name":"Ajuntament de Mont-roig del Camp","description":"Tota la informaci\u00f3 sobre la instituci\u00f3, els seus \u00f2rgans de govern, actualitat, serveis i molt m\u00e9s.","potentialAction":[{"@type":"SearchAction","target":{"@type":"EntryPoint","urlTemplate":"https:\/\/mont-roig.cat\/es\/?s={search_term_string}"},"query-input":{"@type":"PropertyValueSpecification","valueRequired":true,"valueName":"search_term_string"}}],"inLanguage":"es"},{"@type":"Person","@id":"https:\/\/mont-roig.cat\/es\/#\/schema\/person\/1f73e7b5e6f9dd122e8a6f14f310ac5e","name":"comunicacio","image":{"@type":"ImageObject","inLanguage":"es","@id":"https:\/\/secure.gravatar.com\/avatar\/98944333e7a877670a64f8d10f0cb680ab2c9ebc4efc43945ef004b52b5ad28c?s=96&d=mm&r=g","url":"https:\/\/secure.gravatar.com\/avatar\/98944333e7a877670a64f8d10f0cb680ab2c9ebc4efc43945ef004b52b5ad28c?s=96&d=mm&r=g","contentUrl":"https:\/\/secure.gravatar.com\/avatar\/98944333e7a877670a64f8d10f0cb680ab2c9ebc4efc43945ef004b52b5ad28c?s=96&d=mm&r=g","caption":"comunicacio"},"url":"https:\/\/mont-roig.cat\/es\/actualitat\/noticies\/author\/comunicacio\/"}]}},"_links":{"self":[{"href":"https:\/\/mont-roig.cat\/es\/wp-json\/wp\/v2\/posts\/89439","targetHints":{"allow":["GET"]}}],"collection":[{"href":"https:\/\/mont-roig.cat\/es\/wp-json\/wp\/v2\/posts"}],"about":[{"href":"https:\/\/mont-roig.cat\/es\/wp-json\/wp\/v2\/types\/post"}],"author":[{"embeddable":true,"href":"https:\/\/mont-roig.cat\/es\/wp-json\/wp\/v2\/users\/13"}],"replies":[{"embeddable":true,"href":"https:\/\/mont-roig.cat\/es\/wp-json\/wp\/v2\/comments?post=89439"}],"version-history":[{"count":5,"href":"https:\/\/mont-roig.cat\/es\/wp-json\/wp\/v2\/posts\/89439\/revisions"}],"predecessor-version":[{"id":89444,"href":"https:\/\/mont-roig.cat\/es\/wp-json\/wp\/v2\/posts\/89439\/revisions\/89444"}],"wp:featuredmedia":[{"embeddable":true,"href":"https:\/\/mont-roig.cat\/es\/wp-json\/wp\/v2\/media\/89437"}],"wp:attachment":[{"href":"https:\/\/mont-roig.cat\/es\/wp-json\/wp\/v2\/media?parent=89439"}],"wp:term":[{"taxonomy":"category","embeddable":true,"href":"https:\/\/mont-roig.cat\/es\/wp-json\/wp\/v2\/categories?post=89439"},{"taxonomy":"post_tag","embeddable":true,"href":"https:\/\/mont-roig.cat\/es\/wp-json\/wp\/v2\/tags?post=89439"}],"curies":[{"name":"wp","href":"https:\/\/api.w.org\/{rel}","templated":true}]}}