{"id":89473,"date":"2026-02-27T13:12:03","date_gmt":"2026-02-27T12:12:03","guid":{"rendered":"https:\/\/mont-roig.cat\/actualitat\/noticies\/nous-cursos-de-formacio-professional-per-a-persones-treballadores-i-comerciants\/"},"modified":"2026-02-27T13:42:55","modified_gmt":"2026-02-27T12:42:55","slug":"nuevos-cursos-de-formacion-profesional-para-personas-trabajadoras-y-comerciantes","status":"publish","type":"post","link":"https:\/\/mont-roig.cat\/es\/actualitat\/noticies\/nuevos-cursos-de-formacion-profesional-para-personas-trabajadoras-y-comerciantes\/","title":{"rendered":"Nuevos cursos de formaci\u00f3n profesional para personas trabajadoras y comerciantes"},"content":{"rendered":"<p><strong><a href=\"https:\/\/mont-roig.cat\/wp-content\/uploads\/MMC_Formacio_primavera_26_AAGeneral_page-0001-1-scaled.jpg\" target=\"_blank\" rel=\"noopener\"><img loading=\"lazy\" decoding=\"async\" class=\"alignright wp-image-89462\" src=\"https:\/\/mont-roig.cat\/wp-content\/uploads\/MMC_Formacio_primavera_26_AAGeneral_page-0001-1-353x500.jpg\" alt=\"\" width=\"305\" height=\"432\" srcset=\"https:\/\/mont-roig.cat\/wp-content\/uploads\/MMC_Formacio_primavera_26_AAGeneral_page-0001-1-353x500.jpg 353w, https:\/\/mont-roig.cat\/wp-content\/uploads\/MMC_Formacio_primavera_26_AAGeneral_page-0001-1-724x1024.jpg 724w, https:\/\/mont-roig.cat\/wp-content\/uploads\/MMC_Formacio_primavera_26_AAGeneral_page-0001-1-768x1086.jpg 768w, https:\/\/mont-roig.cat\/wp-content\/uploads\/MMC_Formacio_primavera_26_AAGeneral_page-0001-1-1086x1536.jpg 1086w, https:\/\/mont-roig.cat\/wp-content\/uploads\/MMC_Formacio_primavera_26_AAGeneral_page-0001-1-scaled.jpg 1448w\" sizes=\"auto, (max-width: 305px) 100vw, 305px\" \/><\/a><\/strong><\/p>\n<ul>\n<li data-start=\"114\" data-end=\"289\"><strong data-start=\"114\" data-end=\"289\">El Departamento de Impulso Econ\u00f3mico y Empleo ofrece formaci\u00f3n en seguridad alimentaria, digitalizaci\u00f3n comercial, atenci\u00f3n tur\u00edstica en ingl\u00e9s y mantenimiento de piscinas<\/strong><\/li>\n<\/ul>\n<p data-start=\"291\" data-end=\"680\">El Ayuntamiento de <span class=\"hover:entity-accent entity-underline inline cursor-pointer align-baseline\"><span class=\"whitespace-normal\">Mont-roig del Camp<\/span><\/span>, a trav\u00e9s del Departamento de Impulso Econ\u00f3mico y Empleo, pone en marcha una nueva programaci\u00f3n de cursos formativos dirigidos a personas trabajadoras, comerciantes y profesionales del municipio con el objetivo de mejorar la cualificaci\u00f3n profesional, reforzar la competitividad de los negocios locales y favorecer la empleabilidad.<\/p>\n<p data-start=\"682\" data-end=\"835\">La propuesta formativa incluye cuatro cursos especializados que se desarrollar\u00e1n entre los meses de marzo y abril en distintos equipamientos municipales.<\/p>\n<p data-start=\"837\" data-end=\"926\">Curso de Manipulador\/a de Alimentos y Alergias e Intolerancias Alimentarias (3 horas)<\/p>\n<p data-start=\"928\" data-end=\"1258\">Formaci\u00f3n orientada a capacitar al alumnado en la adquisici\u00f3n de correctas pr\u00e1cticas de higiene alimentaria, actualizaci\u00f3n sobre cambios normativos y\/o tecnol\u00f3gicos, conocimiento de medidas preventivas y buenas pr\u00e1cticas en la gesti\u00f3n de al\u00e9rgenos, as\u00ed como criterios relacionados con la informaci\u00f3n al consumidor y el etiquetado.<\/p>\n<ul data-start=\"1260\" data-end=\"1386\">\n<li data-start=\"1260\" data-end=\"1330\">\n<p data-start=\"1262\" data-end=\"1330\">Mont-roig (Casa de la Cultura): viernes 13 de marzo, de 10 a 13 h.<\/p>\n<\/li>\n<li data-start=\"1331\" data-end=\"1386\">\n<p data-start=\"1333\" data-end=\"1386\">Miami (Ecoespai): martes 14 de abril, de 10 a 13 h.<\/p>\n<\/li>\n<\/ul>\n<p data-start=\"1388\" data-end=\"1438\"><strong>Curso \u201cM\u00e1s Digitales: Comerciantes\u201d (15 horas)<\/strong><\/p>\n<p data-start=\"1440\" data-end=\"1804\">Formaci\u00f3n pensada para impulsar la digitalizaci\u00f3n del comercio local. El curso permite aprender a gestionar tr\u00e1mites online, mejorar la presencia del negocio en Google y en redes sociales, aplicar buenas pr\u00e1cticas de ciberseguridad y utilizar herramientas digitales e inteligencia artificial como ChatGPT para crear contenidos y comunicarse mejor con la clientela.<\/p>\n<ul data-start=\"1806\" data-end=\"1884\">\n<li data-start=\"1806\" data-end=\"1884\">\n<p data-start=\"1808\" data-end=\"1884\">Ecoespai: 18, 20, 25 y 27 de marzo, y 8 y 10 de abril, de 16:00 a 18:30 h.<\/p>\n<\/li>\n<\/ul>\n<p><strong>Curso de Informaci\u00f3n y Atenci\u00f3n Tur\u00edstica en Ingl\u00e9s (20 horas)<\/strong><\/p>\n<p data-start=\"1954\" data-end=\"2296\">Dirigido a profesionales del sector tur\u00edstico, este curso trabaja el vocabulario espec\u00edfico del sector, el desarrollo de habilidades de atenci\u00f3n al cliente, la gesti\u00f3n de situaciones habituales en oficinas de turismo y establecimientos tur\u00edsticos, y la pr\u00e1ctica de expresiones y estructuras para ofrecer una atenci\u00f3n profesional y de calidad.<\/p>\n<ul data-start=\"2298\" data-end=\"2354\">\n<li data-start=\"2298\" data-end=\"2354\">\n<p data-start=\"2300\" data-end=\"2354\">Ecoespai: 13, 15, 20, 22 y 27 de abril, de 9 a 13 h.<\/p>\n<\/li>\n<\/ul>\n<p data-start=\"2356\" data-end=\"2418\"><strong>Curso de Operador\/a y Mantenimiento de Piscinas (12 horas)<\/strong><\/p>\n<p data-start=\"2420\" data-end=\"2807\">Formaci\u00f3n orientada a la adquisici\u00f3n de conocimientos t\u00e9cnicos y normativos necesarios para la gesti\u00f3n y mantenimiento de piscinas. Incluye contenidos sobre tratamiento y control de la calidad del agua, mantenimiento de instalaciones, prevenci\u00f3n de riesgos sanitarios y cumplimiento de la normativa vigente, as\u00ed como una sesi\u00f3n pr\u00e1ctica para aplicar los conocimientos en un entorno real.<\/p>\n<ul data-start=\"2809\" data-end=\"2927\">\n<li data-start=\"2809\" data-end=\"2853\">\n<p data-start=\"2811\" data-end=\"2853\">Ecoespai: 24 y 27 de marzo, de 9 a 13 h.<\/p>\n<\/li>\n<li data-start=\"2854\" data-end=\"2927\">\n<p data-start=\"2856\" data-end=\"2927\">Sesi\u00f3n pr\u00e1ctica en la piscina de Mont-roig: 31 de marzo, de 9 a 13 h.<\/p>\n<\/li>\n<\/ul>\n<p data-start=\"2929\" data-end=\"3188\" data-is-last-node=\"\" data-is-only-node=\"\">Con esta oferta formativa, el Ayuntamiento reafirma su compromiso con la mejora continua de las competencias profesionales y el apoyo al tejido econ\u00f3mico local, facilitando herramientas y conocimientos adaptados a las necesidades actuales del mercado laboral.<\/p>\n<p>Sessi\u00f3 pr\u00e0ctica a la piscina de Mont-roig: 31 de mar\u00e7, de 9 a 13 h.<\/p>\n\n\t\t<!-- MasterSlider -->\n\t\t<div id=\"P_MS69f3794cd5dca\" class=\"master-slider-parent master-slider-gallery   ms-parent-id-0\"  >\n\n\t\t\t\n\t\t\t<!-- MasterSlider Main -->\n\t\t\t<div id=\"MS69f3794cd5dca\" class=\"master-slider ms-skin-default\" >\n\t\t\t\t \t\t\t\t \n\t\t\t<div  class=\"ms-slide\" data-delay=\"3\"    >\n\t\t\t\t\t<img decoding=\"async\" src=\"https:\/\/mont-roig.cat\/wp-content\/plugins\/masterslider\/public\/assets\/css\/blank.gif\" alt=\"MMC_Formacio\u0301_primavera_26_At.Turis_page-0001\" title=\"MMC_Formacio\u0301_primavera_26_At.Turis_page-0001\" data-src=\"https:\/\/mont-roig.cat\/wp-content\/uploadsArray\" \/>\n\t<a href=\"http:\/\/Array\" target=\"_self\"    >MMC_Formacio\u0301_primavera_26_At.Turis_page-0001<\/a>\n\n\t\t\t\t\t<div class=\"ms-info\">MMC_Formacio\u0301_primavera_26_At.Turis_page-0001<\/div>\n\n\n\t<img decoding=\"async\" class=\"ms-thumb\" src=\"https:\/\/mont-roig.cat\/wp-content\/uploadsArray\" alt=\"MMC_Formacio\u0301_primavera_26_At.Turis_page-0001\" \/>\n\t\t\t\t<\/div>\n\t\t\t<div  class=\"ms-slide\" data-delay=\"3\"    >\n\t\t\t\t\t<img decoding=\"async\" src=\"https:\/\/mont-roig.cat\/wp-content\/plugins\/masterslider\/public\/assets\/css\/blank.gif\" alt=\"MMC_Formacio\u0301_primavera_26_Comer\u00e7_page-0001\" title=\"MMC_Formacio\u0301_primavera_26_Comer\u00e7_page-0001\" data-src=\"https:\/\/mont-roig.cat\/wp-content\/uploadsArray\" \/>\n\t<a href=\"http:\/\/Array\" target=\"_self\"    >MMC_Formacio\u0301_primavera_26_Comer\u00e7_page-0001<\/a>\n\n\t\t\t\t\t<div class=\"ms-info\">MMC_Formacio\u0301_primavera_26_Comer\u00e7_page-0001<\/div>\n\n\n\t<img decoding=\"async\" class=\"ms-thumb\" src=\"https:\/\/mont-roig.cat\/wp-content\/uploadsArray\" alt=\"MMC_Formacio\u0301_primavera_26_Comer\u00e7_page-0001\" \/>\n\t\t\t\t<\/div>\n\t\t\t<div  class=\"ms-slide\" data-delay=\"3\"    >\n\t\t\t\t\t<img decoding=\"async\" src=\"https:\/\/mont-roig.cat\/wp-content\/plugins\/masterslider\/public\/assets\/css\/blank.gif\" alt=\"MMC_Formacio\u0301_primavera_26_Manipulador_page-0001\" title=\"MMC_Formacio\u0301_primavera_26_Manipulador_page-0001\" data-src=\"https:\/\/mont-roig.cat\/wp-content\/uploadsArray\" \/>\n\t<a href=\"http:\/\/Array\" target=\"_self\"    >MMC_Formacio\u0301_primavera_26_Manipulador_page-0001<\/a>\n\n\t\t\t\t\t<div class=\"ms-info\">MMC_Formacio\u0301_primavera_26_Manipulador_page-0001<\/div>\n\n\n\t<img decoding=\"async\" class=\"ms-thumb\" src=\"https:\/\/mont-roig.cat\/wp-content\/uploadsArray\" alt=\"MMC_Formacio\u0301_primavera_26_Manipulador_page-0001\" \/>\n\t\t\t\t<\/div>\n\t\t\t<div  class=\"ms-slide\" data-delay=\"3\"    >\n\t\t\t\t\t<img decoding=\"async\" src=\"https:\/\/mont-roig.cat\/wp-content\/plugins\/masterslider\/public\/assets\/css\/blank.gif\" alt=\"MMC_Formacio\u0301_primavera_26_Piscinas_page-0001\" title=\"MMC_Formacio\u0301_primavera_26_Piscinas_page-0001\" data-src=\"https:\/\/mont-roig.cat\/wp-content\/uploadsArray\" \/>\n\t<a href=\"http:\/\/Array\" target=\"_self\"    >MMC_Formacio\u0301_primavera_26_Piscinas_page-0001<\/a>\n\n\t\t\t\t\t<div class=\"ms-info\">MMC_Formacio\u0301_primavera_26_Piscinas_page-0001<\/div>\n\n\n\t<img decoding=\"async\" class=\"ms-thumb\" src=\"https:\/\/mont-roig.cat\/wp-content\/uploadsArray\" alt=\"MMC_Formacio\u0301_primavera_26_Piscinas_page-0001\" \/>\n\t\t\t\t<\/div>\n\n\t\t\t<\/div>\n\t\t\t<!-- END MasterSlider Main -->\n\n\t\t\t \n\t\t<\/div>\n\t\t<!-- END MasterSlider -->\n\n\t\t<script>\n\t\t( window.MSReady = window.MSReady || [] ).push( function( $ ) {\n\n\t\t\t\"use strict\";\n\t\t\tvar masterslider_5dca = new MasterSlider();\n\n\t\t\t\/\/ slider controls\n\t\t\tmasterslider_5dca.control('arrows'     ,{ autohide:true, overVideo:true  });\n\t\t\tmasterslider_5dca.control('thumblist'  ,{ autohide:false, overVideo:true, dir:'h', speed:17, inset:false, arrows:false, hover:false, customClass:'', align:'bottom',type:'thumbs', margin:2, width:140, height:80, space:2, fillMode:'fill'  });\n\t\t\tmasterslider_5dca.control('slideinfo'  ,{ autohide:true, overVideo:true, dir:'h', align:'bottom',inset:true , margin:80  , size:30 });\n\t\t\t\/\/ slider setup\n\t\t\tmasterslider_5dca.setup(\"MS69f3794cd5dca\", {\n\t\t\t\twidth           : 960,\n\t\t\t\theight          : 540,\n\t\t\t\tminHeight       : 0,\n\t\t\t\tspace           : 0,\n\t\t\t\tstart           : 1,\n\t\t\t\tgrabCursor      : true,\n\t\t\t\tswipe           : true,\n\t\t\t\tmouse           : true,\n\t\t\t\tkeyboard        : false,\n\t\t\t\tlayout          : \"fillwidth\",\n\t\t\t\twheel           : false,\n\t\t\t\tautoplay        : false,\n                instantStartLayers:false,\n\t\t\t\tmobileBGVideo:false,\n\t\t\t\tloop            : false,\n\t\t\t\tshuffle         : false,\n\t\t\t\tpreload         : 3,\n\t\t\t\theightLimit     : false,\n\t\t\t\tautoHeight      : false,\n\t\t\t\tsmoothHeight    : true,\n\t\t\t\tendPause        : false,\n\t\t\t\toverPause       : false,\n\t\t\t\tfillMode        : \"fill\",\n\t\t\t\tcenterControls  : true,\n\t\t\t\tstartOnAppear   : false,\n\t\t\t\tlayersMode      : \"center\",\n\t\t\t\tautofillTarget  : \"\",\n\t\t\t\thideLayers      : false,\n\t\t\t\tfullscreenMargin: 0,\n\t\t\t\tspeed           : 17,\n\t\t\t\tdir             : \"h\",\n\t\t\t\tparallaxMode    : 'swipe',\n\t\t\t\tview            : \"basic\"\n\t\t\t});\n\n\t\t\t\n\t\t\twindow.masterslider_instances = window.masterslider_instances || [];\n\t\t\twindow.masterslider_instances.push( masterslider_5dca );\n\t\t});\n\t\t<\/script>\n\n\n<div class=\"mceTemp\"><\/div>\n","protected":false},"excerpt":{"rendered":"<p>El Departamento de Impulso Econ\u00f3mico y Empleo ofrece formaci\u00f3n en seguridad alimentaria, digitalizaci\u00f3n comercial, atenci\u00f3n tur\u00edstica en ingl\u00e9s y mantenimiento de piscinas El Ayuntamiento de Mont-roig del Camp, a trav\u00e9s del Departamento de Impulso Econ\u00f3mico y Empleo, pone en marcha una nueva programaci\u00f3n de cursos formativos dirigidos a personas trabajadoras, comerciantes y profesionales del municipio [&hellip;]<\/p>\n","protected":false},"author":13,"featured_media":0,"comment_status":"closed","ping_status":"closed","sticky":false,"template":"","format":"standard","meta":{"inline_featured_image":false,"_monsterinsights_skip_tracking":false,"_monsterinsights_sitenote_active":false,"_monsterinsights_sitenote_note":"","_monsterinsights_sitenote_category":0,"footnotes":""},"categories":[71],"tags":[],"class_list":["post-89473","post","type-post","status-publish","format-standard","hentry","category-general-es"],"yoast_head":"<!-- This site is optimized with the Yoast SEO plugin v27.4 - https:\/\/yoast.com\/product\/yoast-seo-wordpress\/ -->\n<title>Nuevos cursos de formaci\u00f3n profesional para personas trabajadoras y comerciantes - Ajuntament de Mont-roig del Camp<\/title>\n<meta name=\"robots\" content=\"index, follow, max-snippet:-1, max-image-preview:large, max-video-preview:-1\" \/>\n<link rel=\"canonical\" href=\"https:\/\/mont-roig.cat\/es\/actualitat\/noticies\/nuevos-cursos-de-formacion-profesional-para-personas-trabajadoras-y-comerciantes\/\" \/>\n<meta property=\"og:locale\" content=\"es_ES\" \/>\n<meta property=\"og:type\" content=\"article\" \/>\n<meta property=\"og:title\" content=\"Nuevos cursos de formaci\u00f3n profesional para personas trabajadoras y comerciantes - Ajuntament de Mont-roig del Camp\" \/>\n<meta property=\"og:description\" content=\"El Departamento de Impulso Econ\u00f3mico y Empleo ofrece formaci\u00f3n en seguridad alimentaria, digitalizaci\u00f3n comercial, atenci\u00f3n tur\u00edstica en ingl\u00e9s y mantenimiento de piscinas El Ayuntamiento de Mont-roig del Camp, a trav\u00e9s del Departamento de Impulso Econ\u00f3mico y Empleo, pone en marcha una nueva programaci\u00f3n de cursos formativos dirigidos a personas trabajadoras, comerciantes y profesionales del municipio [&hellip;]\" \/>\n<meta property=\"og:url\" content=\"https:\/\/mont-roig.cat\/es\/actualitat\/noticies\/nuevos-cursos-de-formacion-profesional-para-personas-trabajadoras-y-comerciantes\/\" \/>\n<meta property=\"og:site_name\" content=\"Ajuntament de Mont-roig del Camp\" \/>\n<meta property=\"article:published_time\" content=\"2026-02-27T12:12:03+00:00\" \/>\n<meta property=\"article:modified_time\" content=\"2026-02-27T12:42:55+00:00\" \/>\n<meta property=\"og:image\" content=\"https:\/\/mont-roig.cat\/wp-content\/uploads\/MM_COMERC_formacions_Primavera26_META-scaled.png\" \/>\n\t<meta property=\"og:image:width\" content=\"2048\" \/>\n\t<meta property=\"og:image:height\" content=\"1075\" \/>\n\t<meta property=\"og:image:type\" content=\"image\/png\" \/>\n<meta name=\"author\" content=\"comunicacio\" \/>\n<meta name=\"twitter:card\" content=\"summary_large_image\" \/>\n<meta name=\"twitter:label1\" content=\"Escrito por\" \/>\n\t<meta name=\"twitter:data1\" content=\"comunicacio\" \/>\n\t<meta name=\"twitter:label2\" content=\"Tiempo de lectura\" \/>\n\t<meta name=\"twitter:data2\" content=\"3 minutos\" \/>\n<script type=\"application\/ld+json\" class=\"yoast-schema-graph\">{\"@context\":\"https:\\\/\\\/schema.org\",\"@graph\":[{\"@type\":\"Article\",\"@id\":\"https:\\\/\\\/mont-roig.cat\\\/es\\\/actualitat\\\/noticies\\\/nuevos-cursos-de-formacion-profesional-para-personas-trabajadoras-y-comerciantes\\\/#article\",\"isPartOf\":{\"@id\":\"https:\\\/\\\/mont-roig.cat\\\/es\\\/actualitat\\\/noticies\\\/nuevos-cursos-de-formacion-profesional-para-personas-trabajadoras-y-comerciantes\\\/\"},\"author\":{\"name\":\"comunicacio\",\"@id\":\"https:\\\/\\\/mont-roig.cat\\\/es\\\/#\\\/schema\\\/person\\\/1f73e7b5e6f9dd122e8a6f14f310ac5e\"},\"headline\":\"Nuevos cursos de formaci\u00f3n profesional para personas trabajadoras y comerciantes\",\"datePublished\":\"2026-02-27T12:12:03+00:00\",\"dateModified\":\"2026-02-27T12:42:55+00:00\",\"mainEntityOfPage\":{\"@id\":\"https:\\\/\\\/mont-roig.cat\\\/es\\\/actualitat\\\/noticies\\\/nuevos-cursos-de-formacion-profesional-para-personas-trabajadoras-y-comerciantes\\\/\"},\"wordCount\":504,\"image\":{\"@id\":\"https:\\\/\\\/mont-roig.cat\\\/es\\\/actualitat\\\/noticies\\\/nuevos-cursos-de-formacion-profesional-para-personas-trabajadoras-y-comerciantes\\\/#primaryimage\"},\"thumbnailUrl\":\"https:\\\/\\\/mont-roig.cat\\\/wp-content\\\/uploads\\\/MMC_Formacio_primavera_26_AAGeneral_page-0001-1-353x500.jpg\",\"articleSection\":[\"General\"],\"inLanguage\":\"es\"},{\"@type\":\"WebPage\",\"@id\":\"https:\\\/\\\/mont-roig.cat\\\/es\\\/actualitat\\\/noticies\\\/nuevos-cursos-de-formacion-profesional-para-personas-trabajadoras-y-comerciantes\\\/\",\"url\":\"https:\\\/\\\/mont-roig.cat\\\/es\\\/actualitat\\\/noticies\\\/nuevos-cursos-de-formacion-profesional-para-personas-trabajadoras-y-comerciantes\\\/\",\"name\":\"Nuevos cursos de formaci\u00f3n profesional para personas trabajadoras y comerciantes - Ajuntament de Mont-roig del Camp\",\"isPartOf\":{\"@id\":\"https:\\\/\\\/mont-roig.cat\\\/es\\\/#website\"},\"primaryImageOfPage\":{\"@id\":\"https:\\\/\\\/mont-roig.cat\\\/es\\\/actualitat\\\/noticies\\\/nuevos-cursos-de-formacion-profesional-para-personas-trabajadoras-y-comerciantes\\\/#primaryimage\"},\"image\":{\"@id\":\"https:\\\/\\\/mont-roig.cat\\\/es\\\/actualitat\\\/noticies\\\/nuevos-cursos-de-formacion-profesional-para-personas-trabajadoras-y-comerciantes\\\/#primaryimage\"},\"thumbnailUrl\":\"https:\\\/\\\/mont-roig.cat\\\/wp-content\\\/uploads\\\/MMC_Formacio_primavera_26_AAGeneral_page-0001-1-353x500.jpg\",\"datePublished\":\"2026-02-27T12:12:03+00:00\",\"dateModified\":\"2026-02-27T12:42:55+00:00\",\"author\":{\"@id\":\"https:\\\/\\\/mont-roig.cat\\\/es\\\/#\\\/schema\\\/person\\\/1f73e7b5e6f9dd122e8a6f14f310ac5e\"},\"breadcrumb\":{\"@id\":\"https:\\\/\\\/mont-roig.cat\\\/es\\\/actualitat\\\/noticies\\\/nuevos-cursos-de-formacion-profesional-para-personas-trabajadoras-y-comerciantes\\\/#breadcrumb\"},\"inLanguage\":\"es\",\"potentialAction\":[{\"@type\":\"ReadAction\",\"target\":[\"https:\\\/\\\/mont-roig.cat\\\/es\\\/actualitat\\\/noticies\\\/nuevos-cursos-de-formacion-profesional-para-personas-trabajadoras-y-comerciantes\\\/\"]}]},{\"@type\":\"ImageObject\",\"inLanguage\":\"es\",\"@id\":\"https:\\\/\\\/mont-roig.cat\\\/es\\\/actualitat\\\/noticies\\\/nuevos-cursos-de-formacion-profesional-para-personas-trabajadoras-y-comerciantes\\\/#primaryimage\",\"url\":\"https:\\\/\\\/mont-roig.cat\\\/wp-content\\\/uploads\\\/MMC_Formacio_primavera_26_AAGeneral_page-0001-1-353x500.jpg\",\"contentUrl\":\"https:\\\/\\\/mont-roig.cat\\\/wp-content\\\/uploads\\\/MMC_Formacio_primavera_26_AAGeneral_page-0001-1-353x500.jpg\"},{\"@type\":\"BreadcrumbList\",\"@id\":\"https:\\\/\\\/mont-roig.cat\\\/es\\\/actualitat\\\/noticies\\\/nuevos-cursos-de-formacion-profesional-para-personas-trabajadoras-y-comerciantes\\\/#breadcrumb\",\"itemListElement\":[{\"@type\":\"ListItem\",\"position\":1,\"name\":\"Inici\",\"item\":\"https:\\\/\\\/mont-roig.cat\\\/es\\\/pagina-de-inicio\\\/\"},{\"@type\":\"ListItem\",\"position\":2,\"name\":\"Nuevos cursos de formaci\u00f3n profesional para personas trabajadoras y comerciantes\"}]},{\"@type\":\"WebSite\",\"@id\":\"https:\\\/\\\/mont-roig.cat\\\/es\\\/#website\",\"url\":\"https:\\\/\\\/mont-roig.cat\\\/es\\\/\",\"name\":\"Ajuntament de Mont-roig del Camp\",\"description\":\"Tota la informaci\u00f3 sobre la instituci\u00f3, els seus \u00f2rgans de govern, actualitat, serveis i molt m\u00e9s.\",\"potentialAction\":[{\"@type\":\"SearchAction\",\"target\":{\"@type\":\"EntryPoint\",\"urlTemplate\":\"https:\\\/\\\/mont-roig.cat\\\/es\\\/?s={search_term_string}\"},\"query-input\":{\"@type\":\"PropertyValueSpecification\",\"valueRequired\":true,\"valueName\":\"search_term_string\"}}],\"inLanguage\":\"es\"},{\"@type\":\"Person\",\"@id\":\"https:\\\/\\\/mont-roig.cat\\\/es\\\/#\\\/schema\\\/person\\\/1f73e7b5e6f9dd122e8a6f14f310ac5e\",\"name\":\"comunicacio\",\"image\":{\"@type\":\"ImageObject\",\"inLanguage\":\"es\",\"@id\":\"https:\\\/\\\/secure.gravatar.com\\\/avatar\\\/98944333e7a877670a64f8d10f0cb680ab2c9ebc4efc43945ef004b52b5ad28c?s=96&d=mm&r=g\",\"url\":\"https:\\\/\\\/secure.gravatar.com\\\/avatar\\\/98944333e7a877670a64f8d10f0cb680ab2c9ebc4efc43945ef004b52b5ad28c?s=96&d=mm&r=g\",\"contentUrl\":\"https:\\\/\\\/secure.gravatar.com\\\/avatar\\\/98944333e7a877670a64f8d10f0cb680ab2c9ebc4efc43945ef004b52b5ad28c?s=96&d=mm&r=g\",\"caption\":\"comunicacio\"},\"url\":\"https:\\\/\\\/mont-roig.cat\\\/es\\\/actualitat\\\/noticies\\\/author\\\/comunicacio\\\/\"}]}<\/script>\n<!-- \/ Yoast SEO plugin. -->","yoast_head_json":{"title":"Nuevos cursos de formaci\u00f3n profesional para personas trabajadoras y comerciantes - Ajuntament de Mont-roig del Camp","robots":{"index":"index","follow":"follow","max-snippet":"max-snippet:-1","max-image-preview":"max-image-preview:large","max-video-preview":"max-video-preview:-1"},"canonical":"https:\/\/mont-roig.cat\/es\/actualitat\/noticies\/nuevos-cursos-de-formacion-profesional-para-personas-trabajadoras-y-comerciantes\/","og_locale":"es_ES","og_type":"article","og_title":"Nuevos cursos de formaci\u00f3n profesional para personas trabajadoras y comerciantes - Ajuntament de Mont-roig del Camp","og_description":"El Departamento de Impulso Econ\u00f3mico y Empleo ofrece formaci\u00f3n en seguridad alimentaria, digitalizaci\u00f3n comercial, atenci\u00f3n tur\u00edstica en ingl\u00e9s y mantenimiento de piscinas El Ayuntamiento de Mont-roig del Camp, a trav\u00e9s del Departamento de Impulso Econ\u00f3mico y Empleo, pone en marcha una nueva programaci\u00f3n de cursos formativos dirigidos a personas trabajadoras, comerciantes y profesionales del municipio [&hellip;]","og_url":"https:\/\/mont-roig.cat\/es\/actualitat\/noticies\/nuevos-cursos-de-formacion-profesional-para-personas-trabajadoras-y-comerciantes\/","og_site_name":"Ajuntament de Mont-roig del Camp","article_published_time":"2026-02-27T12:12:03+00:00","article_modified_time":"2026-02-27T12:42:55+00:00","og_image":[{"width":2048,"height":1075,"url":"https:\/\/mont-roig.cat\/wp-content\/uploads\/MM_COMERC_formacions_Primavera26_META-scaled.png","type":"image\/png"}],"author":"comunicacio","twitter_card":"summary_large_image","twitter_misc":{"Escrito por":"comunicacio","Tiempo de lectura":"3 minutos"},"schema":{"@context":"https:\/\/schema.org","@graph":[{"@type":"Article","@id":"https:\/\/mont-roig.cat\/es\/actualitat\/noticies\/nuevos-cursos-de-formacion-profesional-para-personas-trabajadoras-y-comerciantes\/#article","isPartOf":{"@id":"https:\/\/mont-roig.cat\/es\/actualitat\/noticies\/nuevos-cursos-de-formacion-profesional-para-personas-trabajadoras-y-comerciantes\/"},"author":{"name":"comunicacio","@id":"https:\/\/mont-roig.cat\/es\/#\/schema\/person\/1f73e7b5e6f9dd122e8a6f14f310ac5e"},"headline":"Nuevos cursos de formaci\u00f3n profesional para personas trabajadoras y comerciantes","datePublished":"2026-02-27T12:12:03+00:00","dateModified":"2026-02-27T12:42:55+00:00","mainEntityOfPage":{"@id":"https:\/\/mont-roig.cat\/es\/actualitat\/noticies\/nuevos-cursos-de-formacion-profesional-para-personas-trabajadoras-y-comerciantes\/"},"wordCount":504,"image":{"@id":"https:\/\/mont-roig.cat\/es\/actualitat\/noticies\/nuevos-cursos-de-formacion-profesional-para-personas-trabajadoras-y-comerciantes\/#primaryimage"},"thumbnailUrl":"https:\/\/mont-roig.cat\/wp-content\/uploads\/MMC_Formacio_primavera_26_AAGeneral_page-0001-1-353x500.jpg","articleSection":["General"],"inLanguage":"es"},{"@type":"WebPage","@id":"https:\/\/mont-roig.cat\/es\/actualitat\/noticies\/nuevos-cursos-de-formacion-profesional-para-personas-trabajadoras-y-comerciantes\/","url":"https:\/\/mont-roig.cat\/es\/actualitat\/noticies\/nuevos-cursos-de-formacion-profesional-para-personas-trabajadoras-y-comerciantes\/","name":"Nuevos cursos de formaci\u00f3n profesional para personas trabajadoras y comerciantes - Ajuntament de Mont-roig del Camp","isPartOf":{"@id":"https:\/\/mont-roig.cat\/es\/#website"},"primaryImageOfPage":{"@id":"https:\/\/mont-roig.cat\/es\/actualitat\/noticies\/nuevos-cursos-de-formacion-profesional-para-personas-trabajadoras-y-comerciantes\/#primaryimage"},"image":{"@id":"https:\/\/mont-roig.cat\/es\/actualitat\/noticies\/nuevos-cursos-de-formacion-profesional-para-personas-trabajadoras-y-comerciantes\/#primaryimage"},"thumbnailUrl":"https:\/\/mont-roig.cat\/wp-content\/uploads\/MMC_Formacio_primavera_26_AAGeneral_page-0001-1-353x500.jpg","datePublished":"2026-02-27T12:12:03+00:00","dateModified":"2026-02-27T12:42:55+00:00","author":{"@id":"https:\/\/mont-roig.cat\/es\/#\/schema\/person\/1f73e7b5e6f9dd122e8a6f14f310ac5e"},"breadcrumb":{"@id":"https:\/\/mont-roig.cat\/es\/actualitat\/noticies\/nuevos-cursos-de-formacion-profesional-para-personas-trabajadoras-y-comerciantes\/#breadcrumb"},"inLanguage":"es","potentialAction":[{"@type":"ReadAction","target":["https:\/\/mont-roig.cat\/es\/actualitat\/noticies\/nuevos-cursos-de-formacion-profesional-para-personas-trabajadoras-y-comerciantes\/"]}]},{"@type":"ImageObject","inLanguage":"es","@id":"https:\/\/mont-roig.cat\/es\/actualitat\/noticies\/nuevos-cursos-de-formacion-profesional-para-personas-trabajadoras-y-comerciantes\/#primaryimage","url":"https:\/\/mont-roig.cat\/wp-content\/uploads\/MMC_Formacio_primavera_26_AAGeneral_page-0001-1-353x500.jpg","contentUrl":"https:\/\/mont-roig.cat\/wp-content\/uploads\/MMC_Formacio_primavera_26_AAGeneral_page-0001-1-353x500.jpg"},{"@type":"BreadcrumbList","@id":"https:\/\/mont-roig.cat\/es\/actualitat\/noticies\/nuevos-cursos-de-formacion-profesional-para-personas-trabajadoras-y-comerciantes\/#breadcrumb","itemListElement":[{"@type":"ListItem","position":1,"name":"Inici","item":"https:\/\/mont-roig.cat\/es\/pagina-de-inicio\/"},{"@type":"ListItem","position":2,"name":"Nuevos cursos de formaci\u00f3n profesional para personas trabajadoras y comerciantes"}]},{"@type":"WebSite","@id":"https:\/\/mont-roig.cat\/es\/#website","url":"https:\/\/mont-roig.cat\/es\/","name":"Ajuntament de Mont-roig del Camp","description":"Tota la informaci\u00f3 sobre la instituci\u00f3, els seus \u00f2rgans de govern, actualitat, serveis i molt m\u00e9s.","potentialAction":[{"@type":"SearchAction","target":{"@type":"EntryPoint","urlTemplate":"https:\/\/mont-roig.cat\/es\/?s={search_term_string}"},"query-input":{"@type":"PropertyValueSpecification","valueRequired":true,"valueName":"search_term_string"}}],"inLanguage":"es"},{"@type":"Person","@id":"https:\/\/mont-roig.cat\/es\/#\/schema\/person\/1f73e7b5e6f9dd122e8a6f14f310ac5e","name":"comunicacio","image":{"@type":"ImageObject","inLanguage":"es","@id":"https:\/\/secure.gravatar.com\/avatar\/98944333e7a877670a64f8d10f0cb680ab2c9ebc4efc43945ef004b52b5ad28c?s=96&d=mm&r=g","url":"https:\/\/secure.gravatar.com\/avatar\/98944333e7a877670a64f8d10f0cb680ab2c9ebc4efc43945ef004b52b5ad28c?s=96&d=mm&r=g","contentUrl":"https:\/\/secure.gravatar.com\/avatar\/98944333e7a877670a64f8d10f0cb680ab2c9ebc4efc43945ef004b52b5ad28c?s=96&d=mm&r=g","caption":"comunicacio"},"url":"https:\/\/mont-roig.cat\/es\/actualitat\/noticies\/author\/comunicacio\/"}]}},"_links":{"self":[{"href":"https:\/\/mont-roig.cat\/es\/wp-json\/wp\/v2\/posts\/89473","targetHints":{"allow":["GET"]}}],"collection":[{"href":"https:\/\/mont-roig.cat\/es\/wp-json\/wp\/v2\/posts"}],"about":[{"href":"https:\/\/mont-roig.cat\/es\/wp-json\/wp\/v2\/types\/post"}],"author":[{"embeddable":true,"href":"https:\/\/mont-roig.cat\/es\/wp-json\/wp\/v2\/users\/13"}],"replies":[{"embeddable":true,"href":"https:\/\/mont-roig.cat\/es\/wp-json\/wp\/v2\/comments?post=89473"}],"version-history":[{"count":2,"href":"https:\/\/mont-roig.cat\/es\/wp-json\/wp\/v2\/posts\/89473\/revisions"}],"predecessor-version":[{"id":89479,"href":"https:\/\/mont-roig.cat\/es\/wp-json\/wp\/v2\/posts\/89473\/revisions\/89479"}],"wp:attachment":[{"href":"https:\/\/mont-roig.cat\/es\/wp-json\/wp\/v2\/media?parent=89473"}],"wp:term":[{"taxonomy":"category","embeddable":true,"href":"https:\/\/mont-roig.cat\/es\/wp-json\/wp\/v2\/categories?post=89473"},{"taxonomy":"post_tag","embeddable":true,"href":"https:\/\/mont-roig.cat\/es\/wp-json\/wp\/v2\/tags?post=89473"}],"curies":[{"name":"wp","href":"https:\/\/api.w.org\/{rel}","templated":true}]}}