{"id":89483,"date":"2026-02-27T14:00:50","date_gmt":"2026-02-27T13:00:50","guid":{"rendered":"https:\/\/mont-roig.cat\/actualitat\/noticies\/lajuntament-de-mont-roig-del-camp-investigara-la-mort-dun-gat-comunitari\/"},"modified":"2026-02-27T14:05:45","modified_gmt":"2026-02-27T13:05:45","slug":"mont-roig-del-camp-investigara-la-muerte-de-un-gato-comunitario","status":"publish","type":"post","link":"https:\/\/mont-roig.cat\/es\/actualitat\/noticies\/mont-roig-del-camp-investigara-la-muerte-de-un-gato-comunitario\/","title":{"rendered":"Mont-roig del Camp investigar\u00e1 la muerte de un gato comunitario"},"content":{"rendered":"<p><strong><strong><a href=\"https:\/\/mont-roig.cat\/wp-content\/uploads\/mont-roig_logotip_2tintes-1.jpg\" target=\"_blank\" rel=\"noopener\"><img loading=\"lazy\" decoding=\"async\" class=\"alignright wp-image-79377\" src=\"https:\/\/mont-roig.cat\/wp-content\/uploads\/mont-roig_logotip_2tintes-1-500x355.jpg\" alt=\"\" width=\"300\" height=\"213\" srcset=\"https:\/\/mont-roig.cat\/wp-content\/uploads\/mont-roig_logotip_2tintes-1-500x355.jpg 500w, https:\/\/mont-roig.cat\/wp-content\/uploads\/mont-roig_logotip_2tintes-1-1024x728.jpg 1024w, https:\/\/mont-roig.cat\/wp-content\/uploads\/mont-roig_logotip_2tintes-1-768x546.jpg 768w, https:\/\/mont-roig.cat\/wp-content\/uploads\/mont-roig_logotip_2tintes-1.jpg 1134w\" sizes=\"auto, (max-width: 300px) 100vw, 300px\" \/><\/a><\/strong><\/strong><\/p>\n<ul>\n<li data-start=\"70\" data-end=\"184\"><strong data-start=\"70\" data-end=\"184\">El consistorio trabaja para esclarecer las circunstancias de los hechos y depurar responsabilidades si procede<\/strong><\/li>\n<\/ul>\n<p data-start=\"186\" data-end=\"424\">El Ayuntamiento de <span class=\"hover:entity-accent entity-underline inline cursor-pointer align-baseline\"><span class=\"whitespace-normal\">Mont-roig del Camp<\/span><\/span> manifiesta su preocupaci\u00f3n ante la muerte de un gato comunitario registrada recientemente en el municipio e informa de que investigar\u00e1 los hechos para esclarecer sus circunstancias.<\/p>\n<p data-start=\"426\" data-end=\"657\">Desde el consistorio se considera este hecho de especial gravedad, dado que los gatos comunitarios forman parte de colonias felinas controladas y gestionadas de acuerdo con la normativa vigente y bajo criterios de bienestar animal.<\/p>\n<p data-start=\"659\" data-end=\"973\">El Ayuntamiento ha activado de manera inmediata los mecanismos correspondientes y trabajar\u00e1 para determinar qu\u00e9 ha sucedido. En coordinaci\u00f3n con la Polic\u00eda Local y los servicios veterinarios, se han iniciado diligencias informativas para determinar las causas de la muerte y, en su caso, depurar responsabilidades.<\/p>\n<p data-start=\"975\" data-end=\"1361\">El consistorio deja claro que, en caso de confirmarse la existencia de una acci\u00f3n intencionada o de una negligencia constitutiva de infracci\u00f3n administrativa o delito, se personar\u00e1 en el procedimiento y llegar\u00e1 hasta el final para que los responsables respondan ante la ley. No se tolerar\u00e1 ninguna conducta que atente contra el bienestar animal ni contra la convivencia en el municipio.<\/p>\n<p data-start=\"1363\" data-end=\"1599\" data-is-last-node=\"\" data-is-only-node=\"\">Por otro lado, se hace un llamamiento a la responsabilidad y al respeto hacia los animales, y se recuerda que cualquier informaci\u00f3n que pueda contribuir a esclarecer los hechos puede comunicarse de forma<\/p>\n","protected":false},"excerpt":{"rendered":"<p>El consistorio trabaja para esclarecer las circunstancias de los hechos y depurar responsabilidades si procede El Ayuntamiento de Mont-roig del Camp manifiesta su preocupaci\u00f3n ante la muerte de un gato comunitario registrada recientemente en el municipio e informa de que investigar\u00e1 los hechos para esclarecer sus circunstancias. Desde el consistorio se considera este hecho de [&hellip;]<\/p>\n","protected":false},"author":13,"featured_media":79378,"comment_status":"closed","ping_status":"closed","sticky":false,"template":"","format":"standard","meta":{"inline_featured_image":false,"_monsterinsights_skip_tracking":false,"_monsterinsights_sitenote_active":false,"_monsterinsights_sitenote_note":"","_monsterinsights_sitenote_category":0,"footnotes":""},"categories":[98,222],"tags":[],"class_list":["post-89483","post","type-post","status-publish","format-standard","has-post-thumbnail","hentry","category-ayuntamiento","category-entorn-natural-es"],"yoast_head":"<!-- This site is optimized with the Yoast SEO plugin v27.4 - https:\/\/yoast.com\/product\/yoast-seo-wordpress\/ -->\n<title>Mont-roig del Camp investigar\u00e1 la muerte de un gato comunitario - Ajuntament de Mont-roig del Camp<\/title>\n<meta name=\"robots\" content=\"index, follow, max-snippet:-1, max-image-preview:large, max-video-preview:-1\" \/>\n<link rel=\"canonical\" href=\"https:\/\/mont-roig.cat\/es\/actualitat\/noticies\/mont-roig-del-camp-investigara-la-muerte-de-un-gato-comunitario\/\" \/>\n<meta property=\"og:locale\" content=\"es_ES\" \/>\n<meta property=\"og:type\" content=\"article\" \/>\n<meta property=\"og:title\" content=\"Mont-roig del Camp investigar\u00e1 la muerte de un gato comunitario - Ajuntament de Mont-roig del Camp\" \/>\n<meta property=\"og:description\" content=\"El consistorio trabaja para esclarecer las circunstancias de los hechos y depurar responsabilidades si procede El Ayuntamiento de Mont-roig del Camp manifiesta su preocupaci\u00f3n ante la muerte de un gato comunitario registrada recientemente en el municipio e informa de que investigar\u00e1 los hechos para esclarecer sus circunstancias. Desde el consistorio se considera este hecho de [&hellip;]\" \/>\n<meta property=\"og:url\" content=\"https:\/\/mont-roig.cat\/es\/actualitat\/noticies\/mont-roig-del-camp-investigara-la-muerte-de-un-gato-comunitario\/\" \/>\n<meta property=\"og:site_name\" content=\"Ajuntament de Mont-roig del Camp\" \/>\n<meta property=\"article:published_time\" content=\"2026-02-27T13:00:50+00:00\" \/>\n<meta property=\"article:modified_time\" content=\"2026-02-27T13:05:45+00:00\" \/>\n<meta property=\"og:image\" content=\"https:\/\/mont-roig.cat\/wp-content\/uploads\/mont-roig_logotip_2tintes-1.jpg\" \/>\n\t<meta property=\"og:image:width\" content=\"1134\" \/>\n\t<meta property=\"og:image:height\" content=\"806\" \/>\n\t<meta property=\"og:image:type\" content=\"image\/jpeg\" \/>\n<meta name=\"author\" content=\"comunicacio\" \/>\n<meta name=\"twitter:card\" content=\"summary_large_image\" \/>\n<meta name=\"twitter:label1\" content=\"Escrito por\" \/>\n\t<meta name=\"twitter:data1\" content=\"comunicacio\" \/>\n\t<meta name=\"twitter:label2\" content=\"Tiempo de lectura\" \/>\n\t<meta name=\"twitter:data2\" content=\"2 minutos\" \/>\n<script type=\"application\/ld+json\" class=\"yoast-schema-graph\">{\"@context\":\"https:\\\/\\\/schema.org\",\"@graph\":[{\"@type\":\"Article\",\"@id\":\"https:\\\/\\\/mont-roig.cat\\\/es\\\/actualitat\\\/noticies\\\/mont-roig-del-camp-investigara-la-muerte-de-un-gato-comunitario\\\/#article\",\"isPartOf\":{\"@id\":\"https:\\\/\\\/mont-roig.cat\\\/es\\\/actualitat\\\/noticies\\\/mont-roig-del-camp-investigara-la-muerte-de-un-gato-comunitario\\\/\"},\"author\":{\"name\":\"comunicacio\",\"@id\":\"https:\\\/\\\/mont-roig.cat\\\/es\\\/#\\\/schema\\\/person\\\/1f73e7b5e6f9dd122e8a6f14f310ac5e\"},\"headline\":\"Mont-roig del Camp investigar\u00e1 la muerte de un gato comunitario\",\"datePublished\":\"2026-02-27T13:00:50+00:00\",\"dateModified\":\"2026-02-27T13:05:45+00:00\",\"mainEntityOfPage\":{\"@id\":\"https:\\\/\\\/mont-roig.cat\\\/es\\\/actualitat\\\/noticies\\\/mont-roig-del-camp-investigara-la-muerte-de-un-gato-comunitario\\\/\"},\"wordCount\":237,\"image\":{\"@id\":\"https:\\\/\\\/mont-roig.cat\\\/es\\\/actualitat\\\/noticies\\\/mont-roig-del-camp-investigara-la-muerte-de-un-gato-comunitario\\\/#primaryimage\"},\"thumbnailUrl\":\"https:\\\/\\\/mont-roig.cat\\\/wp-content\\\/uploads\\\/mont-roig_logotip_2tintes-1.jpg\",\"articleSection\":[\"Ayuntamiento\",\"Entorn natural\"],\"inLanguage\":\"es\"},{\"@type\":\"WebPage\",\"@id\":\"https:\\\/\\\/mont-roig.cat\\\/es\\\/actualitat\\\/noticies\\\/mont-roig-del-camp-investigara-la-muerte-de-un-gato-comunitario\\\/\",\"url\":\"https:\\\/\\\/mont-roig.cat\\\/es\\\/actualitat\\\/noticies\\\/mont-roig-del-camp-investigara-la-muerte-de-un-gato-comunitario\\\/\",\"name\":\"Mont-roig del Camp investigar\u00e1 la muerte de un gato comunitario - Ajuntament de Mont-roig del Camp\",\"isPartOf\":{\"@id\":\"https:\\\/\\\/mont-roig.cat\\\/es\\\/#website\"},\"primaryImageOfPage\":{\"@id\":\"https:\\\/\\\/mont-roig.cat\\\/es\\\/actualitat\\\/noticies\\\/mont-roig-del-camp-investigara-la-muerte-de-un-gato-comunitario\\\/#primaryimage\"},\"image\":{\"@id\":\"https:\\\/\\\/mont-roig.cat\\\/es\\\/actualitat\\\/noticies\\\/mont-roig-del-camp-investigara-la-muerte-de-un-gato-comunitario\\\/#primaryimage\"},\"thumbnailUrl\":\"https:\\\/\\\/mont-roig.cat\\\/wp-content\\\/uploads\\\/mont-roig_logotip_2tintes-1.jpg\",\"datePublished\":\"2026-02-27T13:00:50+00:00\",\"dateModified\":\"2026-02-27T13:05:45+00:00\",\"author\":{\"@id\":\"https:\\\/\\\/mont-roig.cat\\\/es\\\/#\\\/schema\\\/person\\\/1f73e7b5e6f9dd122e8a6f14f310ac5e\"},\"breadcrumb\":{\"@id\":\"https:\\\/\\\/mont-roig.cat\\\/es\\\/actualitat\\\/noticies\\\/mont-roig-del-camp-investigara-la-muerte-de-un-gato-comunitario\\\/#breadcrumb\"},\"inLanguage\":\"es\",\"potentialAction\":[{\"@type\":\"ReadAction\",\"target\":[\"https:\\\/\\\/mont-roig.cat\\\/es\\\/actualitat\\\/noticies\\\/mont-roig-del-camp-investigara-la-muerte-de-un-gato-comunitario\\\/\"]}]},{\"@type\":\"ImageObject\",\"inLanguage\":\"es\",\"@id\":\"https:\\\/\\\/mont-roig.cat\\\/es\\\/actualitat\\\/noticies\\\/mont-roig-del-camp-investigara-la-muerte-de-un-gato-comunitario\\\/#primaryimage\",\"url\":\"https:\\\/\\\/mont-roig.cat\\\/wp-content\\\/uploads\\\/mont-roig_logotip_2tintes-1.jpg\",\"contentUrl\":\"https:\\\/\\\/mont-roig.cat\\\/wp-content\\\/uploads\\\/mont-roig_logotip_2tintes-1.jpg\",\"width\":1134,\"height\":806},{\"@type\":\"BreadcrumbList\",\"@id\":\"https:\\\/\\\/mont-roig.cat\\\/es\\\/actualitat\\\/noticies\\\/mont-roig-del-camp-investigara-la-muerte-de-un-gato-comunitario\\\/#breadcrumb\",\"itemListElement\":[{\"@type\":\"ListItem\",\"position\":1,\"name\":\"Inici\",\"item\":\"https:\\\/\\\/mont-roig.cat\\\/es\\\/pagina-de-inicio\\\/\"},{\"@type\":\"ListItem\",\"position\":2,\"name\":\"Mont-roig del Camp investigar\u00e1 la muerte de un gato comunitario\"}]},{\"@type\":\"WebSite\",\"@id\":\"https:\\\/\\\/mont-roig.cat\\\/es\\\/#website\",\"url\":\"https:\\\/\\\/mont-roig.cat\\\/es\\\/\",\"name\":\"Ajuntament de Mont-roig del Camp\",\"description\":\"Tota la informaci\u00f3 sobre la instituci\u00f3, els seus \u00f2rgans de govern, actualitat, serveis i molt m\u00e9s.\",\"potentialAction\":[{\"@type\":\"SearchAction\",\"target\":{\"@type\":\"EntryPoint\",\"urlTemplate\":\"https:\\\/\\\/mont-roig.cat\\\/es\\\/?s={search_term_string}\"},\"query-input\":{\"@type\":\"PropertyValueSpecification\",\"valueRequired\":true,\"valueName\":\"search_term_string\"}}],\"inLanguage\":\"es\"},{\"@type\":\"Person\",\"@id\":\"https:\\\/\\\/mont-roig.cat\\\/es\\\/#\\\/schema\\\/person\\\/1f73e7b5e6f9dd122e8a6f14f310ac5e\",\"name\":\"comunicacio\",\"image\":{\"@type\":\"ImageObject\",\"inLanguage\":\"es\",\"@id\":\"https:\\\/\\\/secure.gravatar.com\\\/avatar\\\/98944333e7a877670a64f8d10f0cb680ab2c9ebc4efc43945ef004b52b5ad28c?s=96&d=mm&r=g\",\"url\":\"https:\\\/\\\/secure.gravatar.com\\\/avatar\\\/98944333e7a877670a64f8d10f0cb680ab2c9ebc4efc43945ef004b52b5ad28c?s=96&d=mm&r=g\",\"contentUrl\":\"https:\\\/\\\/secure.gravatar.com\\\/avatar\\\/98944333e7a877670a64f8d10f0cb680ab2c9ebc4efc43945ef004b52b5ad28c?s=96&d=mm&r=g\",\"caption\":\"comunicacio\"},\"url\":\"https:\\\/\\\/mont-roig.cat\\\/es\\\/actualitat\\\/noticies\\\/author\\\/comunicacio\\\/\"}]}<\/script>\n<!-- \/ Yoast SEO plugin. -->","yoast_head_json":{"title":"Mont-roig del Camp investigar\u00e1 la muerte de un gato comunitario - Ajuntament de Mont-roig del Camp","robots":{"index":"index","follow":"follow","max-snippet":"max-snippet:-1","max-image-preview":"max-image-preview:large","max-video-preview":"max-video-preview:-1"},"canonical":"https:\/\/mont-roig.cat\/es\/actualitat\/noticies\/mont-roig-del-camp-investigara-la-muerte-de-un-gato-comunitario\/","og_locale":"es_ES","og_type":"article","og_title":"Mont-roig del Camp investigar\u00e1 la muerte de un gato comunitario - Ajuntament de Mont-roig del Camp","og_description":"El consistorio trabaja para esclarecer las circunstancias de los hechos y depurar responsabilidades si procede El Ayuntamiento de Mont-roig del Camp manifiesta su preocupaci\u00f3n ante la muerte de un gato comunitario registrada recientemente en el municipio e informa de que investigar\u00e1 los hechos para esclarecer sus circunstancias. Desde el consistorio se considera este hecho de [&hellip;]","og_url":"https:\/\/mont-roig.cat\/es\/actualitat\/noticies\/mont-roig-del-camp-investigara-la-muerte-de-un-gato-comunitario\/","og_site_name":"Ajuntament de Mont-roig del Camp","article_published_time":"2026-02-27T13:00:50+00:00","article_modified_time":"2026-02-27T13:05:45+00:00","og_image":[{"width":1134,"height":806,"url":"https:\/\/mont-roig.cat\/wp-content\/uploads\/mont-roig_logotip_2tintes-1.jpg","type":"image\/jpeg"}],"author":"comunicacio","twitter_card":"summary_large_image","twitter_misc":{"Escrito por":"comunicacio","Tiempo de lectura":"2 minutos"},"schema":{"@context":"https:\/\/schema.org","@graph":[{"@type":"Article","@id":"https:\/\/mont-roig.cat\/es\/actualitat\/noticies\/mont-roig-del-camp-investigara-la-muerte-de-un-gato-comunitario\/#article","isPartOf":{"@id":"https:\/\/mont-roig.cat\/es\/actualitat\/noticies\/mont-roig-del-camp-investigara-la-muerte-de-un-gato-comunitario\/"},"author":{"name":"comunicacio","@id":"https:\/\/mont-roig.cat\/es\/#\/schema\/person\/1f73e7b5e6f9dd122e8a6f14f310ac5e"},"headline":"Mont-roig del Camp investigar\u00e1 la muerte de un gato comunitario","datePublished":"2026-02-27T13:00:50+00:00","dateModified":"2026-02-27T13:05:45+00:00","mainEntityOfPage":{"@id":"https:\/\/mont-roig.cat\/es\/actualitat\/noticies\/mont-roig-del-camp-investigara-la-muerte-de-un-gato-comunitario\/"},"wordCount":237,"image":{"@id":"https:\/\/mont-roig.cat\/es\/actualitat\/noticies\/mont-roig-del-camp-investigara-la-muerte-de-un-gato-comunitario\/#primaryimage"},"thumbnailUrl":"https:\/\/mont-roig.cat\/wp-content\/uploads\/mont-roig_logotip_2tintes-1.jpg","articleSection":["Ayuntamiento","Entorn natural"],"inLanguage":"es"},{"@type":"WebPage","@id":"https:\/\/mont-roig.cat\/es\/actualitat\/noticies\/mont-roig-del-camp-investigara-la-muerte-de-un-gato-comunitario\/","url":"https:\/\/mont-roig.cat\/es\/actualitat\/noticies\/mont-roig-del-camp-investigara-la-muerte-de-un-gato-comunitario\/","name":"Mont-roig del Camp investigar\u00e1 la muerte de un gato comunitario - Ajuntament de Mont-roig del Camp","isPartOf":{"@id":"https:\/\/mont-roig.cat\/es\/#website"},"primaryImageOfPage":{"@id":"https:\/\/mont-roig.cat\/es\/actualitat\/noticies\/mont-roig-del-camp-investigara-la-muerte-de-un-gato-comunitario\/#primaryimage"},"image":{"@id":"https:\/\/mont-roig.cat\/es\/actualitat\/noticies\/mont-roig-del-camp-investigara-la-muerte-de-un-gato-comunitario\/#primaryimage"},"thumbnailUrl":"https:\/\/mont-roig.cat\/wp-content\/uploads\/mont-roig_logotip_2tintes-1.jpg","datePublished":"2026-02-27T13:00:50+00:00","dateModified":"2026-02-27T13:05:45+00:00","author":{"@id":"https:\/\/mont-roig.cat\/es\/#\/schema\/person\/1f73e7b5e6f9dd122e8a6f14f310ac5e"},"breadcrumb":{"@id":"https:\/\/mont-roig.cat\/es\/actualitat\/noticies\/mont-roig-del-camp-investigara-la-muerte-de-un-gato-comunitario\/#breadcrumb"},"inLanguage":"es","potentialAction":[{"@type":"ReadAction","target":["https:\/\/mont-roig.cat\/es\/actualitat\/noticies\/mont-roig-del-camp-investigara-la-muerte-de-un-gato-comunitario\/"]}]},{"@type":"ImageObject","inLanguage":"es","@id":"https:\/\/mont-roig.cat\/es\/actualitat\/noticies\/mont-roig-del-camp-investigara-la-muerte-de-un-gato-comunitario\/#primaryimage","url":"https:\/\/mont-roig.cat\/wp-content\/uploads\/mont-roig_logotip_2tintes-1.jpg","contentUrl":"https:\/\/mont-roig.cat\/wp-content\/uploads\/mont-roig_logotip_2tintes-1.jpg","width":1134,"height":806},{"@type":"BreadcrumbList","@id":"https:\/\/mont-roig.cat\/es\/actualitat\/noticies\/mont-roig-del-camp-investigara-la-muerte-de-un-gato-comunitario\/#breadcrumb","itemListElement":[{"@type":"ListItem","position":1,"name":"Inici","item":"https:\/\/mont-roig.cat\/es\/pagina-de-inicio\/"},{"@type":"ListItem","position":2,"name":"Mont-roig del Camp investigar\u00e1 la muerte de un gato comunitario"}]},{"@type":"WebSite","@id":"https:\/\/mont-roig.cat\/es\/#website","url":"https:\/\/mont-roig.cat\/es\/","name":"Ajuntament de Mont-roig del Camp","description":"Tota la informaci\u00f3 sobre la instituci\u00f3, els seus \u00f2rgans de govern, actualitat, serveis i molt m\u00e9s.","potentialAction":[{"@type":"SearchAction","target":{"@type":"EntryPoint","urlTemplate":"https:\/\/mont-roig.cat\/es\/?s={search_term_string}"},"query-input":{"@type":"PropertyValueSpecification","valueRequired":true,"valueName":"search_term_string"}}],"inLanguage":"es"},{"@type":"Person","@id":"https:\/\/mont-roig.cat\/es\/#\/schema\/person\/1f73e7b5e6f9dd122e8a6f14f310ac5e","name":"comunicacio","image":{"@type":"ImageObject","inLanguage":"es","@id":"https:\/\/secure.gravatar.com\/avatar\/98944333e7a877670a64f8d10f0cb680ab2c9ebc4efc43945ef004b52b5ad28c?s=96&d=mm&r=g","url":"https:\/\/secure.gravatar.com\/avatar\/98944333e7a877670a64f8d10f0cb680ab2c9ebc4efc43945ef004b52b5ad28c?s=96&d=mm&r=g","contentUrl":"https:\/\/secure.gravatar.com\/avatar\/98944333e7a877670a64f8d10f0cb680ab2c9ebc4efc43945ef004b52b5ad28c?s=96&d=mm&r=g","caption":"comunicacio"},"url":"https:\/\/mont-roig.cat\/es\/actualitat\/noticies\/author\/comunicacio\/"}]}},"_links":{"self":[{"href":"https:\/\/mont-roig.cat\/es\/wp-json\/wp\/v2\/posts\/89483","targetHints":{"allow":["GET"]}}],"collection":[{"href":"https:\/\/mont-roig.cat\/es\/wp-json\/wp\/v2\/posts"}],"about":[{"href":"https:\/\/mont-roig.cat\/es\/wp-json\/wp\/v2\/types\/post"}],"author":[{"embeddable":true,"href":"https:\/\/mont-roig.cat\/es\/wp-json\/wp\/v2\/users\/13"}],"replies":[{"embeddable":true,"href":"https:\/\/mont-roig.cat\/es\/wp-json\/wp\/v2\/comments?post=89483"}],"version-history":[{"count":1,"href":"https:\/\/mont-roig.cat\/es\/wp-json\/wp\/v2\/posts\/89483\/revisions"}],"predecessor-version":[{"id":89484,"href":"https:\/\/mont-roig.cat\/es\/wp-json\/wp\/v2\/posts\/89483\/revisions\/89484"}],"wp:featuredmedia":[{"embeddable":true,"href":"https:\/\/mont-roig.cat\/es\/wp-json\/wp\/v2\/media\/79378"}],"wp:attachment":[{"href":"https:\/\/mont-roig.cat\/es\/wp-json\/wp\/v2\/media?parent=89483"}],"wp:term":[{"taxonomy":"category","embeddable":true,"href":"https:\/\/mont-roig.cat\/es\/wp-json\/wp\/v2\/categories?post=89483"},{"taxonomy":"post_tag","embeddable":true,"href":"https:\/\/mont-roig.cat\/es\/wp-json\/wp\/v2\/tags?post=89483"}],"curies":[{"name":"wp","href":"https:\/\/api.w.org\/{rel}","templated":true}]}}