{"id":89560,"date":"2026-03-02T12:06:38","date_gmt":"2026-03-02T11:06:38","guid":{"rendered":"https:\/\/mont-roig.cat\/actualitat\/noticies\/exit-de-participacio-a-lespai-entrevistes-amb-mes-de-200-entrevistes-realitzades\/"},"modified":"2026-03-02T12:12:36","modified_gmt":"2026-03-02T11:12:36","slug":"exito-de-participacion-en-el-espai-entrevistes-con-mas-de-200-entrevistas-realizadas","status":"publish","type":"post","link":"https:\/\/mont-roig.cat\/es\/actualitat\/noticies\/exito-de-participacion-en-el-espai-entrevistes-con-mas-de-200-entrevistas-realizadas\/","title":{"rendered":"\u00c8xito de participaci\u00f3n en el Espai Entrevistes con m\u00e1s de 200 entrevistas realizadas"},"content":{"rendered":"<p><strong><strong><a href=\"https:\/\/mont-roig.cat\/wp-content\/uploads\/Espais-entrevistes-1.jpeg\" target=\"_blank\" rel=\"noopener\"><img loading=\"lazy\" decoding=\"async\" class=\"alignright wp-image-89554\" src=\"https:\/\/mont-roig.cat\/wp-content\/uploads\/Espais-entrevistes-1-500x375.jpeg\" alt=\"\" width=\"303\" height=\"227\" srcset=\"https:\/\/mont-roig.cat\/wp-content\/uploads\/Espais-entrevistes-1-500x375.jpeg 500w, https:\/\/mont-roig.cat\/wp-content\/uploads\/Espais-entrevistes-1-1024x768.jpeg 1024w, https:\/\/mont-roig.cat\/wp-content\/uploads\/Espais-entrevistes-1-768x576.jpeg 768w, https:\/\/mont-roig.cat\/wp-content\/uploads\/Espais-entrevistes-1-1536x1152.jpeg 1536w, https:\/\/mont-roig.cat\/wp-content\/uploads\/Espais-entrevistes-1-463x348.jpeg 463w, https:\/\/mont-roig.cat\/wp-content\/uploads\/Espais-entrevistes-1.jpeg 1600w\" sizes=\"auto, (max-width: 303px) 100vw, 303px\" \/><\/a><\/strong><\/strong><\/p>\n<div class=\"flex flex-col text-sm\">\n<article class=\"text-token-text-primary w-full focus:outline-none [--shadow-height:45px] has-data-writing-block:pointer-events-none has-data-writing-block:-mt-(--shadow-height) has-data-writing-block:pt-(--shadow-height) [&amp;:has([data-writing-block])&gt;*]:pointer-events-auto scroll-mt-[calc(var(--header-height)+min(200px,max(70px,20svh)))]\" dir=\"auto\" tabindex=\"-1\" data-turn-id=\"request-WEB:5e2d140a-4a44-4401-a1ed-661e2b69e494-0\" data-testid=\"conversation-turn-2\" data-scroll-anchor=\"true\" data-turn=\"assistant\">\n<div class=\"text-base my-auto mx-auto pb-10 [--thread-content-margin:--spacing(4)] @w-sm\/main:[--thread-content-margin:--spacing(6)] @w-lg\/main:[--thread-content-margin:--spacing(16)] px-(--thread-content-margin)\">\n<div class=\"[--thread-content-max-width:40rem] @w-lg\/main:[--thread-content-max-width:48rem] mx-auto max-w-(--thread-content-max-width) flex-1 group\/turn-messages focus-visible:outline-hidden relative flex w-full min-w-0 flex-col agent-turn\" tabindex=\"-1\">\n<div class=\"flex max-w-full flex-col grow\">\n<div class=\"min-h-8 text-message relative flex w-full flex-col items-end gap-2 text-start break-words whitespace-normal [.text-message+&amp;]:mt-1\" dir=\"auto\" data-message-author-role=\"assistant\" data-message-id=\"e69ee9ec-9a09-4823-8185-e38309e2078e\" data-message-model-slug=\"gpt-5-2\">\n<div class=\"flex w-full flex-col gap-1 empty:hidden first:pt-[1px]\">\n<div class=\"markdown prose dark:prose-invert w-full wrap-break-word light markdown-new-styling\">\n<ul>\n<li data-start=\"0\" data-end=\"229\"><strong>La jornada, celebrada el 25 de febrero en el ECOESPAI, reuni\u00f3 a 18 empresas y a m\u00e1s de 180 asistentes que optaban a 161 puestos de trabajo<\/strong><\/li>\n<\/ul>\n<p data-start=\"231\" data-end=\"500\">El pasado 25 de febrero, el Ayuntamiento de Mont-roig del Camp celebr\u00f3 con \u00e9xito la d\u00e9cima edici\u00f3n del Espai Entrevistes, una iniciativa impulsada por la Concejal\u00eda de Impulso Econ\u00f3mico y Empleo para fomentar el acceso al mercado laboral en el municipio y su entorno.<\/p>\n<p data-start=\"502\" data-end=\"915\">La jornada, que tuvo lugar en las instalaciones del Ecoespai de Miami Platja, cont\u00f3 con la participaci\u00f3n de 18 empresas del municipio y de la zona, que ofrec\u00edan un total de 161 puestos de trabajo en sectores diversos, principalmente restauraci\u00f3n y alojamiento tur\u00edstico, pero tambi\u00e9n en \u00e1mbitos como el comercio, el mantenimiento, la recepci\u00f3n, la animaci\u00f3n, el \u00e1rea comercial y perfiles operarios, entre otros.<\/p>\n<p data-start=\"917\" data-end=\"1305\"><a href=\"https:\/\/mont-roig.cat\/wp-content\/uploads\/Espai-entrevistes-0.jpeg\" target=\"_blank\" rel=\"noopener\"><img loading=\"lazy\" decoding=\"async\" class=\"alignleft wp-image-89558\" src=\"https:\/\/mont-roig.cat\/wp-content\/uploads\/Espai-entrevistes-0-500x375.jpeg\" alt=\"\" width=\"301\" height=\"226\" \/><\/a>M\u00e1s de 180 personas asistieron a la convocatoria, mayoritariamente vecinos y vecinas del municipio, que previamente hab\u00edan enviado su curr\u00edculum para optar a los procesos de selecci\u00f3n. A lo largo de la ma\u00f1ana, las empresas participantes realizaron m\u00e1s de 200 entrevistas a posibles candidatos y candidatas, una cifra que pone de manifiesto la buena acogida y el dinamismo de la jornada.<\/p>\n<p data-start=\"1307\" data-end=\"1688\">La valoraci\u00f3n por parte del tejido empresarial ha sido muy positiva. Las empresas han destacado el alto nivel de organizaci\u00f3n, la calidad del espacio y la log\u00edstica facilitada por el Ayuntamiento, as\u00ed como la implicaci\u00f3n municipal en la promoci\u00f3n del empleo. Tambi\u00e9n han puesto en valor las instalaciones del Ecoespai como un entorno id\u00f3neo para desarrollar este tipo de eventos.<\/p>\n<p data-start=\"1690\" data-end=\"2008\" data-is-last-node=\"\" data-is-only-node=\"\">Ante estos buenos resultados, el Ayuntamiento ya trabaja en una nueva edici\u00f3n del Espai Entrevistes antes del verano, previsiblemente entre los meses de abril y mayo, con la voluntad de continuar generando oportunidades laborales y reforzando la conexi\u00f3n entre empresas y personas demandantes de empleo del territorio.<\/p>\n<\/div>\n<\/div>\n<\/div>\n<\/div>\n<div class=\"z-0 flex min-h-[46px] justify-start\"><\/div>\n<div class=\"mt-3 w-full empty:hidden\">\n<div class=\"text-center\"><\/div>\n<\/div>\n<\/div>\n<\/div>\n<\/article>\n<\/div>\n<div class=\"pointer-events-none h-px w-px absolute bottom-0\" aria-hidden=\"true\" data-edge=\"true\"><\/div>\n","protected":false},"excerpt":{"rendered":"<p>La jornada, celebrada el 25 de febrero en el ECOESPAI, reuni\u00f3 a 18 empresas y a m\u00e1s de 180 asistentes que optaban a 161 puestos de trabajo El pasado 25 de febrero, el Ayuntamiento de Mont-roig del Camp celebr\u00f3 con \u00e9xito la d\u00e9cima edici\u00f3n del Espai Entrevistes, una iniciativa impulsada por la Concejal\u00eda de Impulso [&hellip;]<\/p>\n","protected":false},"author":13,"featured_media":0,"comment_status":"closed","ping_status":"closed","sticky":false,"template":"","format":"standard","meta":{"inline_featured_image":false,"_monsterinsights_skip_tracking":false,"_monsterinsights_sitenote_active":false,"_monsterinsights_sitenote_note":"","_monsterinsights_sitenote_category":0,"footnotes":""},"categories":[98,169],"tags":[],"class_list":["post-89560","post","type-post","status-publish","format-standard","hentry","category-ayuntamiento","category-impuls-economic-i-ocupacio-es"],"yoast_head":"<!-- This site is optimized with the Yoast SEO plugin v27.4 - https:\/\/yoast.com\/product\/yoast-seo-wordpress\/ -->\n<title>\u00c8xito de participaci\u00f3n en el Espai Entrevistes con m\u00e1s de 200 entrevistas realizadas - Ajuntament de Mont-roig del Camp<\/title>\n<meta name=\"robots\" content=\"index, follow, max-snippet:-1, max-image-preview:large, max-video-preview:-1\" \/>\n<link rel=\"canonical\" href=\"https:\/\/mont-roig.cat\/es\/actualitat\/noticies\/exito-de-participacion-en-el-espai-entrevistes-con-mas-de-200-entrevistas-realizadas\/\" \/>\n<meta property=\"og:locale\" content=\"es_ES\" \/>\n<meta property=\"og:type\" content=\"article\" \/>\n<meta property=\"og:title\" content=\"\u00c8xito de participaci\u00f3n en el Espai Entrevistes con m\u00e1s de 200 entrevistas realizadas - Ajuntament de Mont-roig del Camp\" \/>\n<meta property=\"og:description\" content=\"La jornada, celebrada el 25 de febrero en el ECOESPAI, reuni\u00f3 a 18 empresas y a m\u00e1s de 180 asistentes que optaban a 161 puestos de trabajo El pasado 25 de febrero, el Ayuntamiento de Mont-roig del Camp celebr\u00f3 con \u00e9xito la d\u00e9cima edici\u00f3n del Espai Entrevistes, una iniciativa impulsada por la Concejal\u00eda de Impulso [&hellip;]\" \/>\n<meta property=\"og:url\" content=\"https:\/\/mont-roig.cat\/es\/actualitat\/noticies\/exito-de-participacion-en-el-espai-entrevistes-con-mas-de-200-entrevistas-realizadas\/\" \/>\n<meta property=\"og:site_name\" content=\"Ajuntament de Mont-roig del Camp\" \/>\n<meta property=\"article:published_time\" content=\"2026-03-02T11:06:38+00:00\" \/>\n<meta property=\"article:modified_time\" content=\"2026-03-02T11:12:36+00:00\" \/>\n<meta property=\"og:image\" content=\"https:\/\/mont-roig.cat\/wp-content\/uploads\/Espais-entrevistes-1.jpeg\" \/>\n\t<meta property=\"og:image:width\" content=\"1600\" \/>\n\t<meta property=\"og:image:height\" content=\"1200\" \/>\n\t<meta property=\"og:image:type\" content=\"image\/jpeg\" \/>\n<meta name=\"author\" content=\"comunicacio\" \/>\n<meta name=\"twitter:card\" content=\"summary_large_image\" \/>\n<meta name=\"twitter:label1\" content=\"Escrito por\" \/>\n\t<meta name=\"twitter:data1\" content=\"comunicacio\" \/>\n\t<meta name=\"twitter:label2\" content=\"Tiempo de lectura\" \/>\n\t<meta name=\"twitter:data2\" content=\"3 minutos\" \/>\n<script type=\"application\/ld+json\" class=\"yoast-schema-graph\">{\"@context\":\"https:\\\/\\\/schema.org\",\"@graph\":[{\"@type\":\"Article\",\"@id\":\"https:\\\/\\\/mont-roig.cat\\\/es\\\/actualitat\\\/noticies\\\/exito-de-participacion-en-el-espai-entrevistes-con-mas-de-200-entrevistas-realizadas\\\/#article\",\"isPartOf\":{\"@id\":\"https:\\\/\\\/mont-roig.cat\\\/es\\\/actualitat\\\/noticies\\\/exito-de-participacion-en-el-espai-entrevistes-con-mas-de-200-entrevistas-realizadas\\\/\"},\"author\":{\"name\":\"comunicacio\",\"@id\":\"https:\\\/\\\/mont-roig.cat\\\/es\\\/#\\\/schema\\\/person\\\/1f73e7b5e6f9dd122e8a6f14f310ac5e\"},\"headline\":\"\u00c8xito de participaci\u00f3n en el Espai Entrevistes con m\u00e1s de 200 entrevistas realizadas\",\"datePublished\":\"2026-03-02T11:06:38+00:00\",\"dateModified\":\"2026-03-02T11:12:36+00:00\",\"mainEntityOfPage\":{\"@id\":\"https:\\\/\\\/mont-roig.cat\\\/es\\\/actualitat\\\/noticies\\\/exito-de-participacion-en-el-espai-entrevistes-con-mas-de-200-entrevistas-realizadas\\\/\"},\"wordCount\":335,\"image\":{\"@id\":\"https:\\\/\\\/mont-roig.cat\\\/es\\\/actualitat\\\/noticies\\\/exito-de-participacion-en-el-espai-entrevistes-con-mas-de-200-entrevistas-realizadas\\\/#primaryimage\"},\"thumbnailUrl\":\"https:\\\/\\\/mont-roig.cat\\\/wp-content\\\/uploads\\\/Espais-entrevistes-1-500x375.jpeg\",\"articleSection\":[\"Ayuntamiento\",\"Impuls Econ\u00f2mic i Ocupaci\u00f3\"],\"inLanguage\":\"es\"},{\"@type\":\"WebPage\",\"@id\":\"https:\\\/\\\/mont-roig.cat\\\/es\\\/actualitat\\\/noticies\\\/exito-de-participacion-en-el-espai-entrevistes-con-mas-de-200-entrevistas-realizadas\\\/\",\"url\":\"https:\\\/\\\/mont-roig.cat\\\/es\\\/actualitat\\\/noticies\\\/exito-de-participacion-en-el-espai-entrevistes-con-mas-de-200-entrevistas-realizadas\\\/\",\"name\":\"\u00c8xito de participaci\u00f3n en el Espai Entrevistes con m\u00e1s de 200 entrevistas realizadas - Ajuntament de Mont-roig del Camp\",\"isPartOf\":{\"@id\":\"https:\\\/\\\/mont-roig.cat\\\/es\\\/#website\"},\"primaryImageOfPage\":{\"@id\":\"https:\\\/\\\/mont-roig.cat\\\/es\\\/actualitat\\\/noticies\\\/exito-de-participacion-en-el-espai-entrevistes-con-mas-de-200-entrevistas-realizadas\\\/#primaryimage\"},\"image\":{\"@id\":\"https:\\\/\\\/mont-roig.cat\\\/es\\\/actualitat\\\/noticies\\\/exito-de-participacion-en-el-espai-entrevistes-con-mas-de-200-entrevistas-realizadas\\\/#primaryimage\"},\"thumbnailUrl\":\"https:\\\/\\\/mont-roig.cat\\\/wp-content\\\/uploads\\\/Espais-entrevistes-1-500x375.jpeg\",\"datePublished\":\"2026-03-02T11:06:38+00:00\",\"dateModified\":\"2026-03-02T11:12:36+00:00\",\"author\":{\"@id\":\"https:\\\/\\\/mont-roig.cat\\\/es\\\/#\\\/schema\\\/person\\\/1f73e7b5e6f9dd122e8a6f14f310ac5e\"},\"breadcrumb\":{\"@id\":\"https:\\\/\\\/mont-roig.cat\\\/es\\\/actualitat\\\/noticies\\\/exito-de-participacion-en-el-espai-entrevistes-con-mas-de-200-entrevistas-realizadas\\\/#breadcrumb\"},\"inLanguage\":\"es\",\"potentialAction\":[{\"@type\":\"ReadAction\",\"target\":[\"https:\\\/\\\/mont-roig.cat\\\/es\\\/actualitat\\\/noticies\\\/exito-de-participacion-en-el-espai-entrevistes-con-mas-de-200-entrevistas-realizadas\\\/\"]}]},{\"@type\":\"ImageObject\",\"inLanguage\":\"es\",\"@id\":\"https:\\\/\\\/mont-roig.cat\\\/es\\\/actualitat\\\/noticies\\\/exito-de-participacion-en-el-espai-entrevistes-con-mas-de-200-entrevistas-realizadas\\\/#primaryimage\",\"url\":\"https:\\\/\\\/mont-roig.cat\\\/wp-content\\\/uploads\\\/Espais-entrevistes-1-500x375.jpeg\",\"contentUrl\":\"https:\\\/\\\/mont-roig.cat\\\/wp-content\\\/uploads\\\/Espais-entrevistes-1-500x375.jpeg\"},{\"@type\":\"BreadcrumbList\",\"@id\":\"https:\\\/\\\/mont-roig.cat\\\/es\\\/actualitat\\\/noticies\\\/exito-de-participacion-en-el-espai-entrevistes-con-mas-de-200-entrevistas-realizadas\\\/#breadcrumb\",\"itemListElement\":[{\"@type\":\"ListItem\",\"position\":1,\"name\":\"Inici\",\"item\":\"https:\\\/\\\/mont-roig.cat\\\/es\\\/pagina-de-inicio\\\/\"},{\"@type\":\"ListItem\",\"position\":2,\"name\":\"\u00c8xito de participaci\u00f3n en el Espai Entrevistes con m\u00e1s de 200 entrevistas realizadas\"}]},{\"@type\":\"WebSite\",\"@id\":\"https:\\\/\\\/mont-roig.cat\\\/es\\\/#website\",\"url\":\"https:\\\/\\\/mont-roig.cat\\\/es\\\/\",\"name\":\"Ajuntament de Mont-roig del Camp\",\"description\":\"Tota la informaci\u00f3 sobre la instituci\u00f3, els seus \u00f2rgans de govern, actualitat, serveis i molt m\u00e9s.\",\"potentialAction\":[{\"@type\":\"SearchAction\",\"target\":{\"@type\":\"EntryPoint\",\"urlTemplate\":\"https:\\\/\\\/mont-roig.cat\\\/es\\\/?s={search_term_string}\"},\"query-input\":{\"@type\":\"PropertyValueSpecification\",\"valueRequired\":true,\"valueName\":\"search_term_string\"}}],\"inLanguage\":\"es\"},{\"@type\":\"Person\",\"@id\":\"https:\\\/\\\/mont-roig.cat\\\/es\\\/#\\\/schema\\\/person\\\/1f73e7b5e6f9dd122e8a6f14f310ac5e\",\"name\":\"comunicacio\",\"image\":{\"@type\":\"ImageObject\",\"inLanguage\":\"es\",\"@id\":\"https:\\\/\\\/secure.gravatar.com\\\/avatar\\\/98944333e7a877670a64f8d10f0cb680ab2c9ebc4efc43945ef004b52b5ad28c?s=96&d=mm&r=g\",\"url\":\"https:\\\/\\\/secure.gravatar.com\\\/avatar\\\/98944333e7a877670a64f8d10f0cb680ab2c9ebc4efc43945ef004b52b5ad28c?s=96&d=mm&r=g\",\"contentUrl\":\"https:\\\/\\\/secure.gravatar.com\\\/avatar\\\/98944333e7a877670a64f8d10f0cb680ab2c9ebc4efc43945ef004b52b5ad28c?s=96&d=mm&r=g\",\"caption\":\"comunicacio\"},\"url\":\"https:\\\/\\\/mont-roig.cat\\\/es\\\/actualitat\\\/noticies\\\/author\\\/comunicacio\\\/\"}]}<\/script>\n<!-- \/ Yoast SEO plugin. -->","yoast_head_json":{"title":"\u00c8xito de participaci\u00f3n en el Espai Entrevistes con m\u00e1s de 200 entrevistas realizadas - Ajuntament de Mont-roig del Camp","robots":{"index":"index","follow":"follow","max-snippet":"max-snippet:-1","max-image-preview":"max-image-preview:large","max-video-preview":"max-video-preview:-1"},"canonical":"https:\/\/mont-roig.cat\/es\/actualitat\/noticies\/exito-de-participacion-en-el-espai-entrevistes-con-mas-de-200-entrevistas-realizadas\/","og_locale":"es_ES","og_type":"article","og_title":"\u00c8xito de participaci\u00f3n en el Espai Entrevistes con m\u00e1s de 200 entrevistas realizadas - Ajuntament de Mont-roig del Camp","og_description":"La jornada, celebrada el 25 de febrero en el ECOESPAI, reuni\u00f3 a 18 empresas y a m\u00e1s de 180 asistentes que optaban a 161 puestos de trabajo El pasado 25 de febrero, el Ayuntamiento de Mont-roig del Camp celebr\u00f3 con \u00e9xito la d\u00e9cima edici\u00f3n del Espai Entrevistes, una iniciativa impulsada por la Concejal\u00eda de Impulso [&hellip;]","og_url":"https:\/\/mont-roig.cat\/es\/actualitat\/noticies\/exito-de-participacion-en-el-espai-entrevistes-con-mas-de-200-entrevistas-realizadas\/","og_site_name":"Ajuntament de Mont-roig del Camp","article_published_time":"2026-03-02T11:06:38+00:00","article_modified_time":"2026-03-02T11:12:36+00:00","og_image":[{"width":1600,"height":1200,"url":"https:\/\/mont-roig.cat\/wp-content\/uploads\/Espais-entrevistes-1.jpeg","type":"image\/jpeg"}],"author":"comunicacio","twitter_card":"summary_large_image","twitter_misc":{"Escrito por":"comunicacio","Tiempo de lectura":"3 minutos"},"schema":{"@context":"https:\/\/schema.org","@graph":[{"@type":"Article","@id":"https:\/\/mont-roig.cat\/es\/actualitat\/noticies\/exito-de-participacion-en-el-espai-entrevistes-con-mas-de-200-entrevistas-realizadas\/#article","isPartOf":{"@id":"https:\/\/mont-roig.cat\/es\/actualitat\/noticies\/exito-de-participacion-en-el-espai-entrevistes-con-mas-de-200-entrevistas-realizadas\/"},"author":{"name":"comunicacio","@id":"https:\/\/mont-roig.cat\/es\/#\/schema\/person\/1f73e7b5e6f9dd122e8a6f14f310ac5e"},"headline":"\u00c8xito de participaci\u00f3n en el Espai Entrevistes con m\u00e1s de 200 entrevistas realizadas","datePublished":"2026-03-02T11:06:38+00:00","dateModified":"2026-03-02T11:12:36+00:00","mainEntityOfPage":{"@id":"https:\/\/mont-roig.cat\/es\/actualitat\/noticies\/exito-de-participacion-en-el-espai-entrevistes-con-mas-de-200-entrevistas-realizadas\/"},"wordCount":335,"image":{"@id":"https:\/\/mont-roig.cat\/es\/actualitat\/noticies\/exito-de-participacion-en-el-espai-entrevistes-con-mas-de-200-entrevistas-realizadas\/#primaryimage"},"thumbnailUrl":"https:\/\/mont-roig.cat\/wp-content\/uploads\/Espais-entrevistes-1-500x375.jpeg","articleSection":["Ayuntamiento","Impuls Econ\u00f2mic i Ocupaci\u00f3"],"inLanguage":"es"},{"@type":"WebPage","@id":"https:\/\/mont-roig.cat\/es\/actualitat\/noticies\/exito-de-participacion-en-el-espai-entrevistes-con-mas-de-200-entrevistas-realizadas\/","url":"https:\/\/mont-roig.cat\/es\/actualitat\/noticies\/exito-de-participacion-en-el-espai-entrevistes-con-mas-de-200-entrevistas-realizadas\/","name":"\u00c8xito de participaci\u00f3n en el Espai Entrevistes con m\u00e1s de 200 entrevistas realizadas - Ajuntament de Mont-roig del Camp","isPartOf":{"@id":"https:\/\/mont-roig.cat\/es\/#website"},"primaryImageOfPage":{"@id":"https:\/\/mont-roig.cat\/es\/actualitat\/noticies\/exito-de-participacion-en-el-espai-entrevistes-con-mas-de-200-entrevistas-realizadas\/#primaryimage"},"image":{"@id":"https:\/\/mont-roig.cat\/es\/actualitat\/noticies\/exito-de-participacion-en-el-espai-entrevistes-con-mas-de-200-entrevistas-realizadas\/#primaryimage"},"thumbnailUrl":"https:\/\/mont-roig.cat\/wp-content\/uploads\/Espais-entrevistes-1-500x375.jpeg","datePublished":"2026-03-02T11:06:38+00:00","dateModified":"2026-03-02T11:12:36+00:00","author":{"@id":"https:\/\/mont-roig.cat\/es\/#\/schema\/person\/1f73e7b5e6f9dd122e8a6f14f310ac5e"},"breadcrumb":{"@id":"https:\/\/mont-roig.cat\/es\/actualitat\/noticies\/exito-de-participacion-en-el-espai-entrevistes-con-mas-de-200-entrevistas-realizadas\/#breadcrumb"},"inLanguage":"es","potentialAction":[{"@type":"ReadAction","target":["https:\/\/mont-roig.cat\/es\/actualitat\/noticies\/exito-de-participacion-en-el-espai-entrevistes-con-mas-de-200-entrevistas-realizadas\/"]}]},{"@type":"ImageObject","inLanguage":"es","@id":"https:\/\/mont-roig.cat\/es\/actualitat\/noticies\/exito-de-participacion-en-el-espai-entrevistes-con-mas-de-200-entrevistas-realizadas\/#primaryimage","url":"https:\/\/mont-roig.cat\/wp-content\/uploads\/Espais-entrevistes-1-500x375.jpeg","contentUrl":"https:\/\/mont-roig.cat\/wp-content\/uploads\/Espais-entrevistes-1-500x375.jpeg"},{"@type":"BreadcrumbList","@id":"https:\/\/mont-roig.cat\/es\/actualitat\/noticies\/exito-de-participacion-en-el-espai-entrevistes-con-mas-de-200-entrevistas-realizadas\/#breadcrumb","itemListElement":[{"@type":"ListItem","position":1,"name":"Inici","item":"https:\/\/mont-roig.cat\/es\/pagina-de-inicio\/"},{"@type":"ListItem","position":2,"name":"\u00c8xito de participaci\u00f3n en el Espai Entrevistes con m\u00e1s de 200 entrevistas realizadas"}]},{"@type":"WebSite","@id":"https:\/\/mont-roig.cat\/es\/#website","url":"https:\/\/mont-roig.cat\/es\/","name":"Ajuntament de Mont-roig del Camp","description":"Tota la informaci\u00f3 sobre la instituci\u00f3, els seus \u00f2rgans de govern, actualitat, serveis i molt m\u00e9s.","potentialAction":[{"@type":"SearchAction","target":{"@type":"EntryPoint","urlTemplate":"https:\/\/mont-roig.cat\/es\/?s={search_term_string}"},"query-input":{"@type":"PropertyValueSpecification","valueRequired":true,"valueName":"search_term_string"}}],"inLanguage":"es"},{"@type":"Person","@id":"https:\/\/mont-roig.cat\/es\/#\/schema\/person\/1f73e7b5e6f9dd122e8a6f14f310ac5e","name":"comunicacio","image":{"@type":"ImageObject","inLanguage":"es","@id":"https:\/\/secure.gravatar.com\/avatar\/98944333e7a877670a64f8d10f0cb680ab2c9ebc4efc43945ef004b52b5ad28c?s=96&d=mm&r=g","url":"https:\/\/secure.gravatar.com\/avatar\/98944333e7a877670a64f8d10f0cb680ab2c9ebc4efc43945ef004b52b5ad28c?s=96&d=mm&r=g","contentUrl":"https:\/\/secure.gravatar.com\/avatar\/98944333e7a877670a64f8d10f0cb680ab2c9ebc4efc43945ef004b52b5ad28c?s=96&d=mm&r=g","caption":"comunicacio"},"url":"https:\/\/mont-roig.cat\/es\/actualitat\/noticies\/author\/comunicacio\/"}]}},"_links":{"self":[{"href":"https:\/\/mont-roig.cat\/es\/wp-json\/wp\/v2\/posts\/89560","targetHints":{"allow":["GET"]}}],"collection":[{"href":"https:\/\/mont-roig.cat\/es\/wp-json\/wp\/v2\/posts"}],"about":[{"href":"https:\/\/mont-roig.cat\/es\/wp-json\/wp\/v2\/types\/post"}],"author":[{"embeddable":true,"href":"https:\/\/mont-roig.cat\/es\/wp-json\/wp\/v2\/users\/13"}],"replies":[{"embeddable":true,"href":"https:\/\/mont-roig.cat\/es\/wp-json\/wp\/v2\/comments?post=89560"}],"version-history":[{"count":2,"href":"https:\/\/mont-roig.cat\/es\/wp-json\/wp\/v2\/posts\/89560\/revisions"}],"predecessor-version":[{"id":89564,"href":"https:\/\/mont-roig.cat\/es\/wp-json\/wp\/v2\/posts\/89560\/revisions\/89564"}],"wp:attachment":[{"href":"https:\/\/mont-roig.cat\/es\/wp-json\/wp\/v2\/media?parent=89560"}],"wp:term":[{"taxonomy":"category","embeddable":true,"href":"https:\/\/mont-roig.cat\/es\/wp-json\/wp\/v2\/categories?post=89560"},{"taxonomy":"post_tag","embeddable":true,"href":"https:\/\/mont-roig.cat\/es\/wp-json\/wp\/v2\/tags?post=89560"}],"curies":[{"name":"wp","href":"https:\/\/api.w.org\/{rel}","templated":true}]}}