{"id":89644,"date":"2026-03-02T11:24:38","date_gmt":"2026-03-02T10:24:38","guid":{"rendered":"https:\/\/mont-roig.cat\/actualitat\/noticies\/actes-8m-2026\/"},"modified":"2026-03-03T12:56:00","modified_gmt":"2026-03-03T11:56:00","slug":"mont-roig-del-camp-y-miami-platja-conmemoran-el-8m-con-un-amplio-programa-de-actividades-durante-todo-el-mes-de-marzo","status":"publish","type":"post","link":"https:\/\/mont-roig.cat\/es\/actualitat\/noticies\/mont-roig-del-camp-y-miami-platja-conmemoran-el-8m-con-un-amplio-programa-de-actividades-durante-todo-el-mes-de-marzo\/","title":{"rendered":"Mont-roig del Camp y Miami Platja conmemoran el 8M con un amplio programa de actividades durante todo el mes de marzo"},"content":{"rendered":"<div class=\"relative basis-auto flex-col -mb-(--composer-overlap-px) [--composer-overlap-px:28px] grow flex\">\n<div class=\"flex flex-col text-sm\">\n<article class=\"text-token-text-primary w-full focus:outline-none [--shadow-height:45px] has-data-writing-block:pointer-events-none has-data-writing-block:-mt-(--shadow-height) has-data-writing-block:pt-(--shadow-height) [&amp;:has([data-writing-block])&gt;*]:pointer-events-auto scroll-mt-[calc(var(--header-height)+min(200px,max(70px,20svh)))]\" dir=\"auto\" tabindex=\"-1\" data-turn-id=\"request-WEB:463c063d-3f75-4a34-831f-34d04e38767a-0\" data-testid=\"conversation-turn-2\" data-scroll-anchor=\"true\" data-turn=\"assistant\">\n<div class=\"text-base my-auto mx-auto pb-10 [--thread-content-margin:--spacing(4)] @w-sm\/main:[--thread-content-margin:--spacing(6)] @w-lg\/main:[--thread-content-margin:--spacing(16)] px-(--thread-content-margin)\">\n<div class=\"[--thread-content-max-width:40rem] @w-lg\/main:[--thread-content-max-width:48rem] mx-auto max-w-(--thread-content-max-width) flex-1 group\/turn-messages focus-visible:outline-hidden relative flex w-full min-w-0 flex-col agent-turn\" tabindex=\"-1\">\n<div class=\"flex max-w-full flex-col grow\">\n<div class=\"min-h-8 text-message relative flex w-full flex-col items-end gap-2 text-start break-words whitespace-normal [.text-message+&amp;]:mt-1\" dir=\"auto\" data-message-author-role=\"assistant\" data-message-id=\"9d6f3539-cfed-4347-b950-e2aca62351e0\" data-message-model-slug=\"gpt-5-2\">\n<div class=\"flex w-full flex-col gap-1 empty:hidden first:pt-[1px]\">\n<div class=\"markdown prose dark:prose-invert w-full wrap-break-word light markdown-new-styling\">\n<ul>\n<li data-start=\"0\" data-end=\"316\"><strong><a href=\"https:\/\/mont-roig.cat\/wp-content\/uploads\/MM_8M26_ANUNCI_COSTA_PRINT_page-0001.jpg\" target=\"_blank\" rel=\"noopener\"><img loading=\"lazy\" decoding=\"async\" class=\"alignright wp-image-89641\" src=\"https:\/\/mont-roig.cat\/wp-content\/uploads\/MM_8M26_ANUNCI_COSTA_PRINT_page-0001-340x500.jpg\" alt=\"\" width=\"249\" height=\"366\" \/><\/a>Los actos del D\u00eda Internacional de las Mujeres comenzar\u00e1n el 4 de marzo e incluyen cuentos familiares, teatro, talleres, charlas y actividades de sensibilizaci\u00f3n para todos los p\u00fablicos.<\/strong><\/li>\n<\/ul>\n<p data-start=\"318\" data-end=\"680\">El Ayuntamiento de Mont-roig del Camp ha programado un amplio conjunto de actividades para conmemorar el D\u00eda Internacional de las Mujeres en Mont-roig del Camp y Miami Platja. El programa comenzar\u00e1 este mi\u00e9rcoles 4 de marzo y se prolongar\u00e1 durante todo el mes con propuestas culturales, educativas y de sensibilizaci\u00f3n dirigidas a p\u00fablicos de todas las edades.<\/p>\n<p data-start=\"682\" data-end=\"1176\">Las actividades se iniciar\u00e1n el mi\u00e9rcoles 4 de marzo en la Biblioteca Joan Mir\u00f3 con el cuento familiar <em data-start=\"785\" data-end=\"804\">La princesa rebel<\/em>, que ir\u00e1 acompa\u00f1ado de un pintacaras. Al d\u00eda siguiente, 5 de marzo, la Biblioteca Miramar de Miami Platja acoger\u00e1 el cuento <em data-start=\"929\" data-end=\"964\">Les princeses tamb\u00e9 es tiren pets<\/em>, mientras que en el Espai Jove K1 se llevar\u00e1 a cabo la actividad <em data-start=\"1030\" data-end=\"1050\">Hist\u00f2ries de dones<\/em>, una propuesta para descubrir relatos reales de mujeres invisibilizadas y reflexionar sobre ellos desde una mirada cr\u00edtica.<\/p>\n<p data-start=\"1178\" data-end=\"1485\">Durante el fin de semana del 7 y 8 de marzo tambi\u00e9n se han programado diversas actividades destacadas. El s\u00e1bado tendr\u00e1 lugar la sesi\u00f3n <em data-start=\"1314\" data-end=\"1328\">Dansa emoci\u00f3<\/em>, centrada en la gesti\u00f3n de las emociones, y el mon\u00f3logo teatral <em data-start=\"1393\" data-end=\"1403\">Ai cony!<\/em>, una propuesta de humor y reflexi\u00f3n en torno a las experiencias de las mujeres.<\/p>\n<p data-start=\"1487\" data-end=\"1797\">El domingo 8 de marzo, coincidiendo con el D\u00eda Internacional de las Mujeres, el Espai Jove K1 acoger\u00e1 un curso de defensa personal femenina dirigido a mujeres a partir de 14 a\u00f1os, con el objetivo de reforzar la seguridad, la confianza y la autoestima a trav\u00e9s de t\u00e9cnicas b\u00e1sicas de autodefensa y prevenci\u00f3n.<\/p>\n<p data-start=\"1799\" data-end=\"2073\"><strong>Lectura manifiesto institucional<\/strong><\/p>\n<p data-start=\"1799\" data-end=\"2073\">El lunes 9 de marzo, coincidiendo con la celebraci\u00f3n del Pleno municipal, se realizar\u00e1 la lectura del manifiesto institucional del D\u00eda Internacional de las Mujeres en la Casa de Cultura, un acto simb\u00f3lico que reafirma el compromiso institucional con la igualdad de g\u00e9nero.<\/p>\n<p data-start=\"2075\" data-end=\"2315\">El programa continuar\u00e1 con diversas actividades culturales y de reflexi\u00f3n. Entre ellas, destaca la proyecci\u00f3n de la pel\u00edcula <em data-start=\"2200\" data-end=\"2208\">Sordas<\/em>, que permitir\u00e1 abrir un espacio de debate sobre las diferentes realidades y experiencias de las mujeres.<\/p>\n<p data-start=\"2317\" data-end=\"2818\">Una de las citas destacadas ser\u00e1 la 8\u00aa Trobada de dones empres\u00e0ries i emprenedores, que tendr\u00e1 lugar el 12 de marzo a las 16.30 h en el Ecoespai de Miami Platja. El encuentro incluir\u00e1 la ponencia de Ada Morales, coach, facilitadora de liderazgo y experta en comunicaci\u00f3n, que ofrecer\u00e1 una charla sobre habilidades directivas y liderazgo. La actividad se plantea como un espacio de encuentro, inspiraci\u00f3n y networking para compartir experiencias y fomentar el emprendimiento femenino en el municipio.<\/p>\n<p data-start=\"2820\" data-end=\"3230\" data-is-last-node=\"\" data-is-only-node=\"\">Entre las iniciativas destacadas tambi\u00e9n se encuentra la exposici\u00f3n <em data-start=\"2888\" data-end=\"2950\">Merc\u00e8 P\u00e0niker i Alemany. Una vida d\u2019emprenedoria i feminisme<\/em>, que se podr\u00e1 visitar durante todo el mes en el Centre Polivalent de Miami Platja, as\u00ed como actividades en los institutos del municipio impulsadas por los Joves Agents de Salut, que invitan al alumnado a descubrir historias de mujeres a trav\u00e9s de diferentes din\u00e1micas educativas.<\/p>\n<\/div>\n<\/div>\n<\/div>\n<\/div>\n<\/div>\n<\/div>\n<\/article>\n<\/div>\n<\/div>\n<p>Descargar el programa <a href=\"https:\/\/mont-roig.cat\/wp-content\/uploads\/MM_8M26_contra_portada_diptic_WEB-1.pdf\" target=\"_blank\" rel=\"noopener\">(descargate el pdf)<\/a><\/p>\n","protected":false},"excerpt":{"rendered":"<p>Los actos del D\u00eda Internacional de las Mujeres comenzar\u00e1n el 4 de marzo e incluyen cuentos familiares, teatro, talleres, charlas y actividades de sensibilizaci\u00f3n para todos los p\u00fablicos. El Ayuntamiento de Mont-roig del Camp ha programado un amplio conjunto de actividades para conmemorar el D\u00eda Internacional de las Mujeres en Mont-roig del Camp y Miami [&hellip;]<\/p>\n","protected":false},"author":13,"featured_media":89642,"comment_status":"closed","ping_status":"closed","sticky":false,"template":"","format":"standard","meta":{"inline_featured_image":false,"_monsterinsights_skip_tracking":false,"_monsterinsights_sitenote_active":false,"_monsterinsights_sitenote_note":"","_monsterinsights_sitenote_category":0,"footnotes":""},"categories":[98,226,71,247],"tags":[],"class_list":["post-89644","post","type-post","status-publish","format-standard","has-post-thumbnail","hentry","category-ayuntamiento","category-dona-es","category-general-es","category-igualtat-es"],"yoast_head":"<!-- This site is optimized with the Yoast SEO plugin v27.4 - https:\/\/yoast.com\/product\/yoast-seo-wordpress\/ -->\n<title>Mont-roig del Camp y Miami Platja conmemoran el 8M con un amplio programa de actividades durante todo el mes de marzo - Ajuntament de Mont-roig del Camp<\/title>\n<meta name=\"robots\" content=\"index, follow, max-snippet:-1, max-image-preview:large, max-video-preview:-1\" \/>\n<link rel=\"canonical\" href=\"https:\/\/mont-roig.cat\/es\/actualitat\/noticies\/mont-roig-del-camp-y-miami-platja-conmemoran-el-8m-con-un-amplio-programa-de-actividades-durante-todo-el-mes-de-marzo\/\" \/>\n<meta property=\"og:locale\" content=\"es_ES\" \/>\n<meta property=\"og:type\" content=\"article\" \/>\n<meta property=\"og:title\" content=\"Mont-roig del Camp y Miami Platja conmemoran el 8M con un amplio programa de actividades durante todo el mes de marzo - Ajuntament de Mont-roig del Camp\" \/>\n<meta property=\"og:description\" content=\"Los actos del D\u00eda Internacional de las Mujeres comenzar\u00e1n el 4 de marzo e incluyen cuentos familiares, teatro, talleres, charlas y actividades de sensibilizaci\u00f3n para todos los p\u00fablicos. El Ayuntamiento de Mont-roig del Camp ha programado un amplio conjunto de actividades para conmemorar el D\u00eda Internacional de las Mujeres en Mont-roig del Camp y Miami [&hellip;]\" \/>\n<meta property=\"og:url\" content=\"https:\/\/mont-roig.cat\/es\/actualitat\/noticies\/mont-roig-del-camp-y-miami-platja-conmemoran-el-8m-con-un-amplio-programa-de-actividades-durante-todo-el-mes-de-marzo\/\" \/>\n<meta property=\"og:site_name\" content=\"Ajuntament de Mont-roig del Camp\" \/>\n<meta property=\"article:published_time\" content=\"2026-03-02T10:24:38+00:00\" \/>\n<meta property=\"article:modified_time\" content=\"2026-03-03T11:56:00+00:00\" \/>\n<meta property=\"og:image\" content=\"https:\/\/mont-roig.cat\/wp-content\/uploads\/MM_8M26_noti_meta.png\" \/>\n\t<meta property=\"og:image:width\" content=\"1200\" \/>\n\t<meta property=\"og:image:height\" content=\"630\" \/>\n\t<meta property=\"og:image:type\" content=\"image\/png\" \/>\n<meta name=\"author\" content=\"comunicacio\" \/>\n<meta name=\"twitter:card\" content=\"summary_large_image\" \/>\n<meta name=\"twitter:label1\" content=\"Escrito por\" \/>\n\t<meta name=\"twitter:data1\" content=\"comunicacio\" \/>\n\t<meta name=\"twitter:label2\" content=\"Tiempo de lectura\" \/>\n\t<meta name=\"twitter:data2\" content=\"4 minutos\" \/>\n<script type=\"application\/ld+json\" class=\"yoast-schema-graph\">{\"@context\":\"https:\\\/\\\/schema.org\",\"@graph\":[{\"@type\":\"Article\",\"@id\":\"https:\\\/\\\/mont-roig.cat\\\/es\\\/actualitat\\\/noticies\\\/mont-roig-del-camp-y-miami-platja-conmemoran-el-8m-con-un-amplio-programa-de-actividades-durante-todo-el-mes-de-marzo\\\/#article\",\"isPartOf\":{\"@id\":\"https:\\\/\\\/mont-roig.cat\\\/es\\\/actualitat\\\/noticies\\\/mont-roig-del-camp-y-miami-platja-conmemoran-el-8m-con-un-amplio-programa-de-actividades-durante-todo-el-mes-de-marzo\\\/\"},\"author\":{\"name\":\"comunicacio\",\"@id\":\"https:\\\/\\\/mont-roig.cat\\\/es\\\/#\\\/schema\\\/person\\\/1f73e7b5e6f9dd122e8a6f14f310ac5e\"},\"headline\":\"Mont-roig del Camp y Miami Platja conmemoran el 8M con un amplio programa de actividades durante todo el mes de marzo\",\"datePublished\":\"2026-03-02T10:24:38+00:00\",\"dateModified\":\"2026-03-03T11:56:00+00:00\",\"mainEntityOfPage\":{\"@id\":\"https:\\\/\\\/mont-roig.cat\\\/es\\\/actualitat\\\/noticies\\\/mont-roig-del-camp-y-miami-platja-conmemoran-el-8m-con-un-amplio-programa-de-actividades-durante-todo-el-mes-de-marzo\\\/\"},\"wordCount\":552,\"image\":{\"@id\":\"https:\\\/\\\/mont-roig.cat\\\/es\\\/actualitat\\\/noticies\\\/mont-roig-del-camp-y-miami-platja-conmemoran-el-8m-con-un-amplio-programa-de-actividades-durante-todo-el-mes-de-marzo\\\/#primaryimage\"},\"thumbnailUrl\":\"https:\\\/\\\/mont-roig.cat\\\/wp-content\\\/uploads\\\/MM_8M26_noti_meta.png\",\"articleSection\":[\"Ayuntamiento\",\"Dona\",\"General\",\"Igualtat\"],\"inLanguage\":\"es\"},{\"@type\":\"WebPage\",\"@id\":\"https:\\\/\\\/mont-roig.cat\\\/es\\\/actualitat\\\/noticies\\\/mont-roig-del-camp-y-miami-platja-conmemoran-el-8m-con-un-amplio-programa-de-actividades-durante-todo-el-mes-de-marzo\\\/\",\"url\":\"https:\\\/\\\/mont-roig.cat\\\/es\\\/actualitat\\\/noticies\\\/mont-roig-del-camp-y-miami-platja-conmemoran-el-8m-con-un-amplio-programa-de-actividades-durante-todo-el-mes-de-marzo\\\/\",\"name\":\"Mont-roig del Camp y Miami Platja conmemoran el 8M con un amplio programa de actividades durante todo el mes de marzo - Ajuntament de Mont-roig del Camp\",\"isPartOf\":{\"@id\":\"https:\\\/\\\/mont-roig.cat\\\/es\\\/#website\"},\"primaryImageOfPage\":{\"@id\":\"https:\\\/\\\/mont-roig.cat\\\/es\\\/actualitat\\\/noticies\\\/mont-roig-del-camp-y-miami-platja-conmemoran-el-8m-con-un-amplio-programa-de-actividades-durante-todo-el-mes-de-marzo\\\/#primaryimage\"},\"image\":{\"@id\":\"https:\\\/\\\/mont-roig.cat\\\/es\\\/actualitat\\\/noticies\\\/mont-roig-del-camp-y-miami-platja-conmemoran-el-8m-con-un-amplio-programa-de-actividades-durante-todo-el-mes-de-marzo\\\/#primaryimage\"},\"thumbnailUrl\":\"https:\\\/\\\/mont-roig.cat\\\/wp-content\\\/uploads\\\/MM_8M26_noti_meta.png\",\"datePublished\":\"2026-03-02T10:24:38+00:00\",\"dateModified\":\"2026-03-03T11:56:00+00:00\",\"author\":{\"@id\":\"https:\\\/\\\/mont-roig.cat\\\/es\\\/#\\\/schema\\\/person\\\/1f73e7b5e6f9dd122e8a6f14f310ac5e\"},\"breadcrumb\":{\"@id\":\"https:\\\/\\\/mont-roig.cat\\\/es\\\/actualitat\\\/noticies\\\/mont-roig-del-camp-y-miami-platja-conmemoran-el-8m-con-un-amplio-programa-de-actividades-durante-todo-el-mes-de-marzo\\\/#breadcrumb\"},\"inLanguage\":\"es\",\"potentialAction\":[{\"@type\":\"ReadAction\",\"target\":[\"https:\\\/\\\/mont-roig.cat\\\/es\\\/actualitat\\\/noticies\\\/mont-roig-del-camp-y-miami-platja-conmemoran-el-8m-con-un-amplio-programa-de-actividades-durante-todo-el-mes-de-marzo\\\/\"]}]},{\"@type\":\"ImageObject\",\"inLanguage\":\"es\",\"@id\":\"https:\\\/\\\/mont-roig.cat\\\/es\\\/actualitat\\\/noticies\\\/mont-roig-del-camp-y-miami-platja-conmemoran-el-8m-con-un-amplio-programa-de-actividades-durante-todo-el-mes-de-marzo\\\/#primaryimage\",\"url\":\"https:\\\/\\\/mont-roig.cat\\\/wp-content\\\/uploads\\\/MM_8M26_noti_meta.png\",\"contentUrl\":\"https:\\\/\\\/mont-roig.cat\\\/wp-content\\\/uploads\\\/MM_8M26_noti_meta.png\",\"width\":1200,\"height\":630},{\"@type\":\"BreadcrumbList\",\"@id\":\"https:\\\/\\\/mont-roig.cat\\\/es\\\/actualitat\\\/noticies\\\/mont-roig-del-camp-y-miami-platja-conmemoran-el-8m-con-un-amplio-programa-de-actividades-durante-todo-el-mes-de-marzo\\\/#breadcrumb\",\"itemListElement\":[{\"@type\":\"ListItem\",\"position\":1,\"name\":\"Inici\",\"item\":\"https:\\\/\\\/mont-roig.cat\\\/es\\\/pagina-de-inicio\\\/\"},{\"@type\":\"ListItem\",\"position\":2,\"name\":\"Mont-roig del Camp y Miami Platja conmemoran el 8M con un amplio programa de actividades durante todo el mes de marzo\"}]},{\"@type\":\"WebSite\",\"@id\":\"https:\\\/\\\/mont-roig.cat\\\/es\\\/#website\",\"url\":\"https:\\\/\\\/mont-roig.cat\\\/es\\\/\",\"name\":\"Ajuntament de Mont-roig del Camp\",\"description\":\"Tota la informaci\u00f3 sobre la instituci\u00f3, els seus \u00f2rgans de govern, actualitat, serveis i molt m\u00e9s.\",\"potentialAction\":[{\"@type\":\"SearchAction\",\"target\":{\"@type\":\"EntryPoint\",\"urlTemplate\":\"https:\\\/\\\/mont-roig.cat\\\/es\\\/?s={search_term_string}\"},\"query-input\":{\"@type\":\"PropertyValueSpecification\",\"valueRequired\":true,\"valueName\":\"search_term_string\"}}],\"inLanguage\":\"es\"},{\"@type\":\"Person\",\"@id\":\"https:\\\/\\\/mont-roig.cat\\\/es\\\/#\\\/schema\\\/person\\\/1f73e7b5e6f9dd122e8a6f14f310ac5e\",\"name\":\"comunicacio\",\"image\":{\"@type\":\"ImageObject\",\"inLanguage\":\"es\",\"@id\":\"https:\\\/\\\/secure.gravatar.com\\\/avatar\\\/98944333e7a877670a64f8d10f0cb680ab2c9ebc4efc43945ef004b52b5ad28c?s=96&d=mm&r=g\",\"url\":\"https:\\\/\\\/secure.gravatar.com\\\/avatar\\\/98944333e7a877670a64f8d10f0cb680ab2c9ebc4efc43945ef004b52b5ad28c?s=96&d=mm&r=g\",\"contentUrl\":\"https:\\\/\\\/secure.gravatar.com\\\/avatar\\\/98944333e7a877670a64f8d10f0cb680ab2c9ebc4efc43945ef004b52b5ad28c?s=96&d=mm&r=g\",\"caption\":\"comunicacio\"},\"url\":\"https:\\\/\\\/mont-roig.cat\\\/es\\\/actualitat\\\/noticies\\\/author\\\/comunicacio\\\/\"}]}<\/script>\n<!-- \/ Yoast SEO plugin. -->","yoast_head_json":{"title":"Mont-roig del Camp y Miami Platja conmemoran el 8M con un amplio programa de actividades durante todo el mes de marzo - Ajuntament de Mont-roig del Camp","robots":{"index":"index","follow":"follow","max-snippet":"max-snippet:-1","max-image-preview":"max-image-preview:large","max-video-preview":"max-video-preview:-1"},"canonical":"https:\/\/mont-roig.cat\/es\/actualitat\/noticies\/mont-roig-del-camp-y-miami-platja-conmemoran-el-8m-con-un-amplio-programa-de-actividades-durante-todo-el-mes-de-marzo\/","og_locale":"es_ES","og_type":"article","og_title":"Mont-roig del Camp y Miami Platja conmemoran el 8M con un amplio programa de actividades durante todo el mes de marzo - Ajuntament de Mont-roig del Camp","og_description":"Los actos del D\u00eda Internacional de las Mujeres comenzar\u00e1n el 4 de marzo e incluyen cuentos familiares, teatro, talleres, charlas y actividades de sensibilizaci\u00f3n para todos los p\u00fablicos. El Ayuntamiento de Mont-roig del Camp ha programado un amplio conjunto de actividades para conmemorar el D\u00eda Internacional de las Mujeres en Mont-roig del Camp y Miami [&hellip;]","og_url":"https:\/\/mont-roig.cat\/es\/actualitat\/noticies\/mont-roig-del-camp-y-miami-platja-conmemoran-el-8m-con-un-amplio-programa-de-actividades-durante-todo-el-mes-de-marzo\/","og_site_name":"Ajuntament de Mont-roig del Camp","article_published_time":"2026-03-02T10:24:38+00:00","article_modified_time":"2026-03-03T11:56:00+00:00","og_image":[{"width":1200,"height":630,"url":"https:\/\/mont-roig.cat\/wp-content\/uploads\/MM_8M26_noti_meta.png","type":"image\/png"}],"author":"comunicacio","twitter_card":"summary_large_image","twitter_misc":{"Escrito por":"comunicacio","Tiempo de lectura":"4 minutos"},"schema":{"@context":"https:\/\/schema.org","@graph":[{"@type":"Article","@id":"https:\/\/mont-roig.cat\/es\/actualitat\/noticies\/mont-roig-del-camp-y-miami-platja-conmemoran-el-8m-con-un-amplio-programa-de-actividades-durante-todo-el-mes-de-marzo\/#article","isPartOf":{"@id":"https:\/\/mont-roig.cat\/es\/actualitat\/noticies\/mont-roig-del-camp-y-miami-platja-conmemoran-el-8m-con-un-amplio-programa-de-actividades-durante-todo-el-mes-de-marzo\/"},"author":{"name":"comunicacio","@id":"https:\/\/mont-roig.cat\/es\/#\/schema\/person\/1f73e7b5e6f9dd122e8a6f14f310ac5e"},"headline":"Mont-roig del Camp y Miami Platja conmemoran el 8M con un amplio programa de actividades durante todo el mes de marzo","datePublished":"2026-03-02T10:24:38+00:00","dateModified":"2026-03-03T11:56:00+00:00","mainEntityOfPage":{"@id":"https:\/\/mont-roig.cat\/es\/actualitat\/noticies\/mont-roig-del-camp-y-miami-platja-conmemoran-el-8m-con-un-amplio-programa-de-actividades-durante-todo-el-mes-de-marzo\/"},"wordCount":552,"image":{"@id":"https:\/\/mont-roig.cat\/es\/actualitat\/noticies\/mont-roig-del-camp-y-miami-platja-conmemoran-el-8m-con-un-amplio-programa-de-actividades-durante-todo-el-mes-de-marzo\/#primaryimage"},"thumbnailUrl":"https:\/\/mont-roig.cat\/wp-content\/uploads\/MM_8M26_noti_meta.png","articleSection":["Ayuntamiento","Dona","General","Igualtat"],"inLanguage":"es"},{"@type":"WebPage","@id":"https:\/\/mont-roig.cat\/es\/actualitat\/noticies\/mont-roig-del-camp-y-miami-platja-conmemoran-el-8m-con-un-amplio-programa-de-actividades-durante-todo-el-mes-de-marzo\/","url":"https:\/\/mont-roig.cat\/es\/actualitat\/noticies\/mont-roig-del-camp-y-miami-platja-conmemoran-el-8m-con-un-amplio-programa-de-actividades-durante-todo-el-mes-de-marzo\/","name":"Mont-roig del Camp y Miami Platja conmemoran el 8M con un amplio programa de actividades durante todo el mes de marzo - Ajuntament de Mont-roig del Camp","isPartOf":{"@id":"https:\/\/mont-roig.cat\/es\/#website"},"primaryImageOfPage":{"@id":"https:\/\/mont-roig.cat\/es\/actualitat\/noticies\/mont-roig-del-camp-y-miami-platja-conmemoran-el-8m-con-un-amplio-programa-de-actividades-durante-todo-el-mes-de-marzo\/#primaryimage"},"image":{"@id":"https:\/\/mont-roig.cat\/es\/actualitat\/noticies\/mont-roig-del-camp-y-miami-platja-conmemoran-el-8m-con-un-amplio-programa-de-actividades-durante-todo-el-mes-de-marzo\/#primaryimage"},"thumbnailUrl":"https:\/\/mont-roig.cat\/wp-content\/uploads\/MM_8M26_noti_meta.png","datePublished":"2026-03-02T10:24:38+00:00","dateModified":"2026-03-03T11:56:00+00:00","author":{"@id":"https:\/\/mont-roig.cat\/es\/#\/schema\/person\/1f73e7b5e6f9dd122e8a6f14f310ac5e"},"breadcrumb":{"@id":"https:\/\/mont-roig.cat\/es\/actualitat\/noticies\/mont-roig-del-camp-y-miami-platja-conmemoran-el-8m-con-un-amplio-programa-de-actividades-durante-todo-el-mes-de-marzo\/#breadcrumb"},"inLanguage":"es","potentialAction":[{"@type":"ReadAction","target":["https:\/\/mont-roig.cat\/es\/actualitat\/noticies\/mont-roig-del-camp-y-miami-platja-conmemoran-el-8m-con-un-amplio-programa-de-actividades-durante-todo-el-mes-de-marzo\/"]}]},{"@type":"ImageObject","inLanguage":"es","@id":"https:\/\/mont-roig.cat\/es\/actualitat\/noticies\/mont-roig-del-camp-y-miami-platja-conmemoran-el-8m-con-un-amplio-programa-de-actividades-durante-todo-el-mes-de-marzo\/#primaryimage","url":"https:\/\/mont-roig.cat\/wp-content\/uploads\/MM_8M26_noti_meta.png","contentUrl":"https:\/\/mont-roig.cat\/wp-content\/uploads\/MM_8M26_noti_meta.png","width":1200,"height":630},{"@type":"BreadcrumbList","@id":"https:\/\/mont-roig.cat\/es\/actualitat\/noticies\/mont-roig-del-camp-y-miami-platja-conmemoran-el-8m-con-un-amplio-programa-de-actividades-durante-todo-el-mes-de-marzo\/#breadcrumb","itemListElement":[{"@type":"ListItem","position":1,"name":"Inici","item":"https:\/\/mont-roig.cat\/es\/pagina-de-inicio\/"},{"@type":"ListItem","position":2,"name":"Mont-roig del Camp y Miami Platja conmemoran el 8M con un amplio programa de actividades durante todo el mes de marzo"}]},{"@type":"WebSite","@id":"https:\/\/mont-roig.cat\/es\/#website","url":"https:\/\/mont-roig.cat\/es\/","name":"Ajuntament de Mont-roig del Camp","description":"Tota la informaci\u00f3 sobre la instituci\u00f3, els seus \u00f2rgans de govern, actualitat, serveis i molt m\u00e9s.","potentialAction":[{"@type":"SearchAction","target":{"@type":"EntryPoint","urlTemplate":"https:\/\/mont-roig.cat\/es\/?s={search_term_string}"},"query-input":{"@type":"PropertyValueSpecification","valueRequired":true,"valueName":"search_term_string"}}],"inLanguage":"es"},{"@type":"Person","@id":"https:\/\/mont-roig.cat\/es\/#\/schema\/person\/1f73e7b5e6f9dd122e8a6f14f310ac5e","name":"comunicacio","image":{"@type":"ImageObject","inLanguage":"es","@id":"https:\/\/secure.gravatar.com\/avatar\/98944333e7a877670a64f8d10f0cb680ab2c9ebc4efc43945ef004b52b5ad28c?s=96&d=mm&r=g","url":"https:\/\/secure.gravatar.com\/avatar\/98944333e7a877670a64f8d10f0cb680ab2c9ebc4efc43945ef004b52b5ad28c?s=96&d=mm&r=g","contentUrl":"https:\/\/secure.gravatar.com\/avatar\/98944333e7a877670a64f8d10f0cb680ab2c9ebc4efc43945ef004b52b5ad28c?s=96&d=mm&r=g","caption":"comunicacio"},"url":"https:\/\/mont-roig.cat\/es\/actualitat\/noticies\/author\/comunicacio\/"}]}},"_links":{"self":[{"href":"https:\/\/mont-roig.cat\/es\/wp-json\/wp\/v2\/posts\/89644","targetHints":{"allow":["GET"]}}],"collection":[{"href":"https:\/\/mont-roig.cat\/es\/wp-json\/wp\/v2\/posts"}],"about":[{"href":"https:\/\/mont-roig.cat\/es\/wp-json\/wp\/v2\/types\/post"}],"author":[{"embeddable":true,"href":"https:\/\/mont-roig.cat\/es\/wp-json\/wp\/v2\/users\/13"}],"replies":[{"embeddable":true,"href":"https:\/\/mont-roig.cat\/es\/wp-json\/wp\/v2\/comments?post=89644"}],"version-history":[{"count":4,"href":"https:\/\/mont-roig.cat\/es\/wp-json\/wp\/v2\/posts\/89644\/revisions"}],"predecessor-version":[{"id":89753,"href":"https:\/\/mont-roig.cat\/es\/wp-json\/wp\/v2\/posts\/89644\/revisions\/89753"}],"wp:featuredmedia":[{"embeddable":true,"href":"https:\/\/mont-roig.cat\/es\/wp-json\/wp\/v2\/media\/89642"}],"wp:attachment":[{"href":"https:\/\/mont-roig.cat\/es\/wp-json\/wp\/v2\/media?parent=89644"}],"wp:term":[{"taxonomy":"category","embeddable":true,"href":"https:\/\/mont-roig.cat\/es\/wp-json\/wp\/v2\/categories?post=89644"},{"taxonomy":"post_tag","embeddable":true,"href":"https:\/\/mont-roig.cat\/es\/wp-json\/wp\/v2\/tags?post=89644"}],"curies":[{"name":"wp","href":"https:\/\/api.w.org\/{rel}","templated":true}]}}