{"id":89762,"date":"2026-03-03T13:18:42","date_gmt":"2026-03-03T12:18:42","guid":{"rendered":"https:\/\/mont-roig.cat\/actualitat\/noticies\/la-coach-ada-morales-convidada-a-la-8a-trobada-de-dones-empresaries-i-emprenedores\/"},"modified":"2026-03-09T11:23:39","modified_gmt":"2026-03-09T10:23:39","slug":"la-coach-ada-morales-invitada-a-la-8a-trobada-de-dones-empresaries-i-emprenedores","status":"publish","type":"post","link":"https:\/\/mont-roig.cat\/es\/actualitat\/noticies\/la-coach-ada-morales-invitada-a-la-8a-trobada-de-dones-empresaries-i-emprenedores\/","title":{"rendered":"La coach Ada Morales, invitada a la 8a Trobada de Dones Empres\u00e0ries i Emprenedores"},"content":{"rendered":"<p>&nbsp;<\/p>\n<ul>\n<li data-start=\"86\" data-end=\"333\"><strong><a href=\"https:\/\/mont-roig.cat\/wp-content\/uploads\/MMI_8_trobada_emprenedores_2026_web-3-scaled.png\" target=\"_blank\" rel=\"noopener\"><img loading=\"lazy\" decoding=\"async\" class=\"alignright wp-image-89917\" src=\"https:\/\/mont-roig.cat\/wp-content\/uploads\/MMI_8_trobada_emprenedores_2026_web-3-353x500.png\" alt=\"\" width=\"278\" height=\"394\" srcset=\"https:\/\/mont-roig.cat\/wp-content\/uploads\/MMI_8_trobada_emprenedores_2026_web-3-353x500.png 353w, https:\/\/mont-roig.cat\/wp-content\/uploads\/MMI_8_trobada_emprenedores_2026_web-3-724x1024.png 724w, https:\/\/mont-roig.cat\/wp-content\/uploads\/MMI_8_trobada_emprenedores_2026_web-3-768x1086.png 768w, https:\/\/mont-roig.cat\/wp-content\/uploads\/MMI_8_trobada_emprenedores_2026_web-3-1086x1536.png 1086w, https:\/\/mont-roig.cat\/wp-content\/uploads\/MMI_8_trobada_emprenedores_2026_web-3-scaled.png 1448w\" sizes=\"auto, (max-width: 278px) 100vw, 278px\" \/><\/a>La jornada, que se celebrar\u00e1 en el Ecoespai de Miami Platja el 12 de marzo, ofrecer\u00e1 una ponencia motivadora, din\u00e1micas de networking y un espacio de encuentro para compartir experiencias que refuercen el tejido empresarial femenino del municipio.<\/strong><\/li>\n<\/ul>\n<p data-start=\"335\" data-end=\"799\">El Ajuntament de Mont-roig del Camp, a trav\u00e9s de la Regidoria d\u2019Impuls Econ\u00f2mic i Ocupaci\u00f3, organiza la 8a Trobada de Dones Empres\u00e0ries i Emprenedores, que se celebrar\u00e1 el jueves 12 de marzo de 2026, a las 16.30 h, en el Ecoespai (Pl. de Girona, s\/n, Miami Platja). Esta actividad forma parte del conjunto de iniciativas para dar visibilidad y apoyo a las mujeres que lideran iniciativas empresariales o que est\u00e1n en proceso de emprender proyectos en el municipio.<\/p>\n<p data-start=\"801\" data-end=\"1107\">El encuentro tiene como objetivo principal promover el intercambio de experiencias, crear sinergias entre las participantes y fortalecer la presencia femenina en el tejido empresarial local, ofreciendo un espacio inspirador y motivador para emprendedoras, directivas y profesionales de diferentes sectores.<\/p>\n<p data-start=\"1109\" data-end=\"1153\">El programa de la jornada ser\u00e1 el siguiente:<\/p>\n<ul>\n<li data-start=\"1155\" data-end=\"1558\">16.30 h \u2013 Inicio y bienvenida a cargo de Yolanda P\u00e9rez D\u00edaz, Regidora d\u2019Impuls Econ\u00f2mic i Ocupaci\u00f3<\/li>\n<li data-start=\"1155\" data-end=\"1558\">16.45 h \u2013 Ponencia motivadora con Ada Morales, coach, formadora y consultora experta en liderazgo, comunicaci\u00f3n y ventas<\/li>\n<li data-start=\"1155\" data-end=\"1558\">17.45 h \u2013 Din\u00e1micas de networking para estimular la creaci\u00f3n de contactos y colaboraciones<\/li>\n<li data-start=\"1155\" data-end=\"1558\">19.00 h \u2013 Cierre con un pica-pica (12,50 \u20ac\/persona, pago directo el d\u00eda del encuentro)<\/li>\n<\/ul>\n<p data-start=\"1560\" data-end=\"1732\">Las mujeres interesadas pueden formalizar las inscripciones hasta el 10 de marzo llamando al tel\u00e9fono 977 172 527 o enviando un correo electr\u00f3nico a <a class=\"decorated-link cursor-pointer\" rel=\"noopener\" data-start=\"1709\" data-end=\"1731\">promocio@mont-roig.cat<\/a>.<\/p>\n<p data-start=\"1734\" data-end=\"1761\"><strong>Una ponente con experiencia<\/strong><\/p>\n<p data-start=\"1763\" data-end=\"2080\">El encuentro contar\u00e1 con una ponencia a cargo de Ada Morales, experta en coaching ejecutivo, liderazgo, comunicaci\u00f3n y desarrollo comercial. Morales acompa\u00f1a a profesionales y empresas en procesos de cambio y crecimiento, enfoc\u00e1ndose en habilidades directivas, gesti\u00f3n del cambio y ventas consultivas de alto impacto.<\/p>\n<p data-start=\"2082\" data-end=\"2478\">Es creadora del m\u00e9todo SMILE, un sistema propio de venta consultiva que ayuda a profesionales a conectar emocionalmente con clientes, liderar la comunicaci\u00f3n comercial y cerrar ventas de manera m\u00e1s efectiva y humana. Este sistema estructurado, que parte de cinco fases clave, se utiliza tanto en formaciones presenciales como en l\u00ednea para optimizar procesos comerciales y habilidades de negocio.<\/p>\n<p data-start=\"2480\" data-end=\"2790\" data-is-last-node=\"\" data-is-only-node=\"\">Con una amplia experiencia docente y de coaching, Ada Morales ha impartido sesiones sobre comunicaci\u00f3n, liderazgo y gesti\u00f3n emocional en empresas, organizaciones y eventos, ayudando a miles de profesionales a desarrollar estrategias efectivas y resilientes para afrontar los retos del mundo empresarial actual.<\/p>\n","protected":false},"excerpt":{"rendered":"<p>&nbsp; La jornada, que se celebrar\u00e1 en el Ecoespai de Miami Platja el 12 de marzo, ofrecer\u00e1 una ponencia motivadora, din\u00e1micas de networking y un espacio de encuentro para compartir experiencias que refuercen el tejido empresarial femenino del municipio. El Ajuntament de Mont-roig del Camp, a trav\u00e9s de la Regidoria d\u2019Impuls Econ\u00f2mic i Ocupaci\u00f3, organiza [&hellip;]<\/p>\n","protected":false},"author":13,"featured_media":89760,"comment_status":"closed","ping_status":"closed","sticky":false,"template":"","format":"standard","meta":{"inline_featured_image":false,"_monsterinsights_skip_tracking":false,"_monsterinsights_sitenote_active":false,"_monsterinsights_sitenote_note":"","_monsterinsights_sitenote_category":0,"footnotes":""},"categories":[98,169],"tags":[],"class_list":["post-89762","post","type-post","status-publish","format-standard","has-post-thumbnail","hentry","category-ayuntamiento","category-impuls-economic-i-ocupacio-es"],"yoast_head":"<!-- This site is optimized with the Yoast SEO plugin v27.4 - https:\/\/yoast.com\/product\/yoast-seo-wordpress\/ -->\n<title>La coach Ada Morales, invitada a la 8a Trobada de Dones Empres\u00e0ries i Emprenedores - Ajuntament de Mont-roig del Camp<\/title>\n<meta name=\"robots\" content=\"index, follow, max-snippet:-1, max-image-preview:large, max-video-preview:-1\" \/>\n<link rel=\"canonical\" href=\"https:\/\/mont-roig.cat\/es\/actualitat\/noticies\/la-coach-ada-morales-invitada-a-la-8a-trobada-de-dones-empresaries-i-emprenedores\/\" \/>\n<meta property=\"og:locale\" content=\"es_ES\" \/>\n<meta property=\"og:type\" content=\"article\" \/>\n<meta property=\"og:title\" content=\"La coach Ada Morales, invitada a la 8a Trobada de Dones Empres\u00e0ries i Emprenedores - Ajuntament de Mont-roig del Camp\" \/>\n<meta property=\"og:description\" content=\"&nbsp; La jornada, que se celebrar\u00e1 en el Ecoespai de Miami Platja el 12 de marzo, ofrecer\u00e1 una ponencia motivadora, din\u00e1micas de networking y un espacio de encuentro para compartir experiencias que refuercen el tejido empresarial femenino del municipio. El Ajuntament de Mont-roig del Camp, a trav\u00e9s de la Regidoria d\u2019Impuls Econ\u00f2mic i Ocupaci\u00f3, organiza [&hellip;]\" \/>\n<meta property=\"og:url\" content=\"https:\/\/mont-roig.cat\/es\/actualitat\/noticies\/la-coach-ada-morales-invitada-a-la-8a-trobada-de-dones-empresaries-i-emprenedores\/\" \/>\n<meta property=\"og:site_name\" content=\"Ajuntament de Mont-roig del Camp\" \/>\n<meta property=\"article:published_time\" content=\"2026-03-03T12:18:42+00:00\" \/>\n<meta property=\"article:modified_time\" content=\"2026-03-09T10:23:39+00:00\" \/>\n<meta property=\"og:image\" content=\"https:\/\/mont-roig.cat\/wp-content\/uploads\/MMI_8_trobada_emprenedores_2026_META.png\" \/>\n\t<meta property=\"og:image:width\" content=\"1200\" \/>\n\t<meta property=\"og:image:height\" content=\"630\" \/>\n\t<meta property=\"og:image:type\" content=\"image\/png\" \/>\n<meta name=\"author\" content=\"comunicacio\" \/>\n<meta name=\"twitter:card\" content=\"summary_large_image\" \/>\n<meta name=\"twitter:label1\" content=\"Escrito por\" \/>\n\t<meta name=\"twitter:data1\" content=\"comunicacio\" \/>\n\t<meta name=\"twitter:label2\" content=\"Tiempo de lectura\" \/>\n\t<meta name=\"twitter:data2\" content=\"3 minutos\" \/>\n<script type=\"application\/ld+json\" class=\"yoast-schema-graph\">{\"@context\":\"https:\\\/\\\/schema.org\",\"@graph\":[{\"@type\":\"Article\",\"@id\":\"https:\\\/\\\/mont-roig.cat\\\/es\\\/actualitat\\\/noticies\\\/la-coach-ada-morales-invitada-a-la-8a-trobada-de-dones-empresaries-i-emprenedores\\\/#article\",\"isPartOf\":{\"@id\":\"https:\\\/\\\/mont-roig.cat\\\/es\\\/actualitat\\\/noticies\\\/la-coach-ada-morales-invitada-a-la-8a-trobada-de-dones-empresaries-i-emprenedores\\\/\"},\"author\":{\"name\":\"comunicacio\",\"@id\":\"https:\\\/\\\/mont-roig.cat\\\/es\\\/#\\\/schema\\\/person\\\/1f73e7b5e6f9dd122e8a6f14f310ac5e\"},\"headline\":\"La coach Ada Morales, invitada a la 8a Trobada de Dones Empres\u00e0ries i Emprenedores\",\"datePublished\":\"2026-03-03T12:18:42+00:00\",\"dateModified\":\"2026-03-09T10:23:39+00:00\",\"mainEntityOfPage\":{\"@id\":\"https:\\\/\\\/mont-roig.cat\\\/es\\\/actualitat\\\/noticies\\\/la-coach-ada-morales-invitada-a-la-8a-trobada-de-dones-empresaries-i-emprenedores\\\/\"},\"wordCount\":432,\"image\":{\"@id\":\"https:\\\/\\\/mont-roig.cat\\\/es\\\/actualitat\\\/noticies\\\/la-coach-ada-morales-invitada-a-la-8a-trobada-de-dones-empresaries-i-emprenedores\\\/#primaryimage\"},\"thumbnailUrl\":\"https:\\\/\\\/mont-roig.cat\\\/wp-content\\\/uploads\\\/MMI_8_trobada_emprenedores_2026_META.png\",\"articleSection\":[\"Ayuntamiento\",\"Impuls Econ\u00f2mic i Ocupaci\u00f3\"],\"inLanguage\":\"es\"},{\"@type\":\"WebPage\",\"@id\":\"https:\\\/\\\/mont-roig.cat\\\/es\\\/actualitat\\\/noticies\\\/la-coach-ada-morales-invitada-a-la-8a-trobada-de-dones-empresaries-i-emprenedores\\\/\",\"url\":\"https:\\\/\\\/mont-roig.cat\\\/es\\\/actualitat\\\/noticies\\\/la-coach-ada-morales-invitada-a-la-8a-trobada-de-dones-empresaries-i-emprenedores\\\/\",\"name\":\"La coach Ada Morales, invitada a la 8a Trobada de Dones Empres\u00e0ries i Emprenedores - Ajuntament de Mont-roig del Camp\",\"isPartOf\":{\"@id\":\"https:\\\/\\\/mont-roig.cat\\\/es\\\/#website\"},\"primaryImageOfPage\":{\"@id\":\"https:\\\/\\\/mont-roig.cat\\\/es\\\/actualitat\\\/noticies\\\/la-coach-ada-morales-invitada-a-la-8a-trobada-de-dones-empresaries-i-emprenedores\\\/#primaryimage\"},\"image\":{\"@id\":\"https:\\\/\\\/mont-roig.cat\\\/es\\\/actualitat\\\/noticies\\\/la-coach-ada-morales-invitada-a-la-8a-trobada-de-dones-empresaries-i-emprenedores\\\/#primaryimage\"},\"thumbnailUrl\":\"https:\\\/\\\/mont-roig.cat\\\/wp-content\\\/uploads\\\/MMI_8_trobada_emprenedores_2026_META.png\",\"datePublished\":\"2026-03-03T12:18:42+00:00\",\"dateModified\":\"2026-03-09T10:23:39+00:00\",\"author\":{\"@id\":\"https:\\\/\\\/mont-roig.cat\\\/es\\\/#\\\/schema\\\/person\\\/1f73e7b5e6f9dd122e8a6f14f310ac5e\"},\"breadcrumb\":{\"@id\":\"https:\\\/\\\/mont-roig.cat\\\/es\\\/actualitat\\\/noticies\\\/la-coach-ada-morales-invitada-a-la-8a-trobada-de-dones-empresaries-i-emprenedores\\\/#breadcrumb\"},\"inLanguage\":\"es\",\"potentialAction\":[{\"@type\":\"ReadAction\",\"target\":[\"https:\\\/\\\/mont-roig.cat\\\/es\\\/actualitat\\\/noticies\\\/la-coach-ada-morales-invitada-a-la-8a-trobada-de-dones-empresaries-i-emprenedores\\\/\"]}]},{\"@type\":\"ImageObject\",\"inLanguage\":\"es\",\"@id\":\"https:\\\/\\\/mont-roig.cat\\\/es\\\/actualitat\\\/noticies\\\/la-coach-ada-morales-invitada-a-la-8a-trobada-de-dones-empresaries-i-emprenedores\\\/#primaryimage\",\"url\":\"https:\\\/\\\/mont-roig.cat\\\/wp-content\\\/uploads\\\/MMI_8_trobada_emprenedores_2026_META.png\",\"contentUrl\":\"https:\\\/\\\/mont-roig.cat\\\/wp-content\\\/uploads\\\/MMI_8_trobada_emprenedores_2026_META.png\",\"width\":1200,\"height\":630},{\"@type\":\"BreadcrumbList\",\"@id\":\"https:\\\/\\\/mont-roig.cat\\\/es\\\/actualitat\\\/noticies\\\/la-coach-ada-morales-invitada-a-la-8a-trobada-de-dones-empresaries-i-emprenedores\\\/#breadcrumb\",\"itemListElement\":[{\"@type\":\"ListItem\",\"position\":1,\"name\":\"Inici\",\"item\":\"https:\\\/\\\/mont-roig.cat\\\/es\\\/pagina-de-inicio\\\/\"},{\"@type\":\"ListItem\",\"position\":2,\"name\":\"La coach Ada Morales, invitada a la 8a Trobada de Dones Empres\u00e0ries i Emprenedores\"}]},{\"@type\":\"WebSite\",\"@id\":\"https:\\\/\\\/mont-roig.cat\\\/es\\\/#website\",\"url\":\"https:\\\/\\\/mont-roig.cat\\\/es\\\/\",\"name\":\"Ajuntament de Mont-roig del Camp\",\"description\":\"Tota la informaci\u00f3 sobre la instituci\u00f3, els seus \u00f2rgans de govern, actualitat, serveis i molt m\u00e9s.\",\"potentialAction\":[{\"@type\":\"SearchAction\",\"target\":{\"@type\":\"EntryPoint\",\"urlTemplate\":\"https:\\\/\\\/mont-roig.cat\\\/es\\\/?s={search_term_string}\"},\"query-input\":{\"@type\":\"PropertyValueSpecification\",\"valueRequired\":true,\"valueName\":\"search_term_string\"}}],\"inLanguage\":\"es\"},{\"@type\":\"Person\",\"@id\":\"https:\\\/\\\/mont-roig.cat\\\/es\\\/#\\\/schema\\\/person\\\/1f73e7b5e6f9dd122e8a6f14f310ac5e\",\"name\":\"comunicacio\",\"image\":{\"@type\":\"ImageObject\",\"inLanguage\":\"es\",\"@id\":\"https:\\\/\\\/secure.gravatar.com\\\/avatar\\\/98944333e7a877670a64f8d10f0cb680ab2c9ebc4efc43945ef004b52b5ad28c?s=96&d=mm&r=g\",\"url\":\"https:\\\/\\\/secure.gravatar.com\\\/avatar\\\/98944333e7a877670a64f8d10f0cb680ab2c9ebc4efc43945ef004b52b5ad28c?s=96&d=mm&r=g\",\"contentUrl\":\"https:\\\/\\\/secure.gravatar.com\\\/avatar\\\/98944333e7a877670a64f8d10f0cb680ab2c9ebc4efc43945ef004b52b5ad28c?s=96&d=mm&r=g\",\"caption\":\"comunicacio\"},\"url\":\"https:\\\/\\\/mont-roig.cat\\\/es\\\/actualitat\\\/noticies\\\/author\\\/comunicacio\\\/\"}]}<\/script>\n<!-- \/ Yoast SEO plugin. -->","yoast_head_json":{"title":"La coach Ada Morales, invitada a la 8a Trobada de Dones Empres\u00e0ries i Emprenedores - Ajuntament de Mont-roig del Camp","robots":{"index":"index","follow":"follow","max-snippet":"max-snippet:-1","max-image-preview":"max-image-preview:large","max-video-preview":"max-video-preview:-1"},"canonical":"https:\/\/mont-roig.cat\/es\/actualitat\/noticies\/la-coach-ada-morales-invitada-a-la-8a-trobada-de-dones-empresaries-i-emprenedores\/","og_locale":"es_ES","og_type":"article","og_title":"La coach Ada Morales, invitada a la 8a Trobada de Dones Empres\u00e0ries i Emprenedores - Ajuntament de Mont-roig del Camp","og_description":"&nbsp; La jornada, que se celebrar\u00e1 en el Ecoespai de Miami Platja el 12 de marzo, ofrecer\u00e1 una ponencia motivadora, din\u00e1micas de networking y un espacio de encuentro para compartir experiencias que refuercen el tejido empresarial femenino del municipio. El Ajuntament de Mont-roig del Camp, a trav\u00e9s de la Regidoria d\u2019Impuls Econ\u00f2mic i Ocupaci\u00f3, organiza [&hellip;]","og_url":"https:\/\/mont-roig.cat\/es\/actualitat\/noticies\/la-coach-ada-morales-invitada-a-la-8a-trobada-de-dones-empresaries-i-emprenedores\/","og_site_name":"Ajuntament de Mont-roig del Camp","article_published_time":"2026-03-03T12:18:42+00:00","article_modified_time":"2026-03-09T10:23:39+00:00","og_image":[{"width":1200,"height":630,"url":"https:\/\/mont-roig.cat\/wp-content\/uploads\/MMI_8_trobada_emprenedores_2026_META.png","type":"image\/png"}],"author":"comunicacio","twitter_card":"summary_large_image","twitter_misc":{"Escrito por":"comunicacio","Tiempo de lectura":"3 minutos"},"schema":{"@context":"https:\/\/schema.org","@graph":[{"@type":"Article","@id":"https:\/\/mont-roig.cat\/es\/actualitat\/noticies\/la-coach-ada-morales-invitada-a-la-8a-trobada-de-dones-empresaries-i-emprenedores\/#article","isPartOf":{"@id":"https:\/\/mont-roig.cat\/es\/actualitat\/noticies\/la-coach-ada-morales-invitada-a-la-8a-trobada-de-dones-empresaries-i-emprenedores\/"},"author":{"name":"comunicacio","@id":"https:\/\/mont-roig.cat\/es\/#\/schema\/person\/1f73e7b5e6f9dd122e8a6f14f310ac5e"},"headline":"La coach Ada Morales, invitada a la 8a Trobada de Dones Empres\u00e0ries i Emprenedores","datePublished":"2026-03-03T12:18:42+00:00","dateModified":"2026-03-09T10:23:39+00:00","mainEntityOfPage":{"@id":"https:\/\/mont-roig.cat\/es\/actualitat\/noticies\/la-coach-ada-morales-invitada-a-la-8a-trobada-de-dones-empresaries-i-emprenedores\/"},"wordCount":432,"image":{"@id":"https:\/\/mont-roig.cat\/es\/actualitat\/noticies\/la-coach-ada-morales-invitada-a-la-8a-trobada-de-dones-empresaries-i-emprenedores\/#primaryimage"},"thumbnailUrl":"https:\/\/mont-roig.cat\/wp-content\/uploads\/MMI_8_trobada_emprenedores_2026_META.png","articleSection":["Ayuntamiento","Impuls Econ\u00f2mic i Ocupaci\u00f3"],"inLanguage":"es"},{"@type":"WebPage","@id":"https:\/\/mont-roig.cat\/es\/actualitat\/noticies\/la-coach-ada-morales-invitada-a-la-8a-trobada-de-dones-empresaries-i-emprenedores\/","url":"https:\/\/mont-roig.cat\/es\/actualitat\/noticies\/la-coach-ada-morales-invitada-a-la-8a-trobada-de-dones-empresaries-i-emprenedores\/","name":"La coach Ada Morales, invitada a la 8a Trobada de Dones Empres\u00e0ries i Emprenedores - Ajuntament de Mont-roig del Camp","isPartOf":{"@id":"https:\/\/mont-roig.cat\/es\/#website"},"primaryImageOfPage":{"@id":"https:\/\/mont-roig.cat\/es\/actualitat\/noticies\/la-coach-ada-morales-invitada-a-la-8a-trobada-de-dones-empresaries-i-emprenedores\/#primaryimage"},"image":{"@id":"https:\/\/mont-roig.cat\/es\/actualitat\/noticies\/la-coach-ada-morales-invitada-a-la-8a-trobada-de-dones-empresaries-i-emprenedores\/#primaryimage"},"thumbnailUrl":"https:\/\/mont-roig.cat\/wp-content\/uploads\/MMI_8_trobada_emprenedores_2026_META.png","datePublished":"2026-03-03T12:18:42+00:00","dateModified":"2026-03-09T10:23:39+00:00","author":{"@id":"https:\/\/mont-roig.cat\/es\/#\/schema\/person\/1f73e7b5e6f9dd122e8a6f14f310ac5e"},"breadcrumb":{"@id":"https:\/\/mont-roig.cat\/es\/actualitat\/noticies\/la-coach-ada-morales-invitada-a-la-8a-trobada-de-dones-empresaries-i-emprenedores\/#breadcrumb"},"inLanguage":"es","potentialAction":[{"@type":"ReadAction","target":["https:\/\/mont-roig.cat\/es\/actualitat\/noticies\/la-coach-ada-morales-invitada-a-la-8a-trobada-de-dones-empresaries-i-emprenedores\/"]}]},{"@type":"ImageObject","inLanguage":"es","@id":"https:\/\/mont-roig.cat\/es\/actualitat\/noticies\/la-coach-ada-morales-invitada-a-la-8a-trobada-de-dones-empresaries-i-emprenedores\/#primaryimage","url":"https:\/\/mont-roig.cat\/wp-content\/uploads\/MMI_8_trobada_emprenedores_2026_META.png","contentUrl":"https:\/\/mont-roig.cat\/wp-content\/uploads\/MMI_8_trobada_emprenedores_2026_META.png","width":1200,"height":630},{"@type":"BreadcrumbList","@id":"https:\/\/mont-roig.cat\/es\/actualitat\/noticies\/la-coach-ada-morales-invitada-a-la-8a-trobada-de-dones-empresaries-i-emprenedores\/#breadcrumb","itemListElement":[{"@type":"ListItem","position":1,"name":"Inici","item":"https:\/\/mont-roig.cat\/es\/pagina-de-inicio\/"},{"@type":"ListItem","position":2,"name":"La coach Ada Morales, invitada a la 8a Trobada de Dones Empres\u00e0ries i Emprenedores"}]},{"@type":"WebSite","@id":"https:\/\/mont-roig.cat\/es\/#website","url":"https:\/\/mont-roig.cat\/es\/","name":"Ajuntament de Mont-roig del Camp","description":"Tota la informaci\u00f3 sobre la instituci\u00f3, els seus \u00f2rgans de govern, actualitat, serveis i molt m\u00e9s.","potentialAction":[{"@type":"SearchAction","target":{"@type":"EntryPoint","urlTemplate":"https:\/\/mont-roig.cat\/es\/?s={search_term_string}"},"query-input":{"@type":"PropertyValueSpecification","valueRequired":true,"valueName":"search_term_string"}}],"inLanguage":"es"},{"@type":"Person","@id":"https:\/\/mont-roig.cat\/es\/#\/schema\/person\/1f73e7b5e6f9dd122e8a6f14f310ac5e","name":"comunicacio","image":{"@type":"ImageObject","inLanguage":"es","@id":"https:\/\/secure.gravatar.com\/avatar\/98944333e7a877670a64f8d10f0cb680ab2c9ebc4efc43945ef004b52b5ad28c?s=96&d=mm&r=g","url":"https:\/\/secure.gravatar.com\/avatar\/98944333e7a877670a64f8d10f0cb680ab2c9ebc4efc43945ef004b52b5ad28c?s=96&d=mm&r=g","contentUrl":"https:\/\/secure.gravatar.com\/avatar\/98944333e7a877670a64f8d10f0cb680ab2c9ebc4efc43945ef004b52b5ad28c?s=96&d=mm&r=g","caption":"comunicacio"},"url":"https:\/\/mont-roig.cat\/es\/actualitat\/noticies\/author\/comunicacio\/"}]}},"_links":{"self":[{"href":"https:\/\/mont-roig.cat\/es\/wp-json\/wp\/v2\/posts\/89762","targetHints":{"allow":["GET"]}}],"collection":[{"href":"https:\/\/mont-roig.cat\/es\/wp-json\/wp\/v2\/posts"}],"about":[{"href":"https:\/\/mont-roig.cat\/es\/wp-json\/wp\/v2\/types\/post"}],"author":[{"embeddable":true,"href":"https:\/\/mont-roig.cat\/es\/wp-json\/wp\/v2\/users\/13"}],"replies":[{"embeddable":true,"href":"https:\/\/mont-roig.cat\/es\/wp-json\/wp\/v2\/comments?post=89762"}],"version-history":[{"count":3,"href":"https:\/\/mont-roig.cat\/es\/wp-json\/wp\/v2\/posts\/89762\/revisions"}],"predecessor-version":[{"id":89919,"href":"https:\/\/mont-roig.cat\/es\/wp-json\/wp\/v2\/posts\/89762\/revisions\/89919"}],"wp:featuredmedia":[{"embeddable":true,"href":"https:\/\/mont-roig.cat\/es\/wp-json\/wp\/v2\/media\/89760"}],"wp:attachment":[{"href":"https:\/\/mont-roig.cat\/es\/wp-json\/wp\/v2\/media?parent=89762"}],"wp:term":[{"taxonomy":"category","embeddable":true,"href":"https:\/\/mont-roig.cat\/es\/wp-json\/wp\/v2\/categories?post=89762"},{"taxonomy":"post_tag","embeddable":true,"href":"https:\/\/mont-roig.cat\/es\/wp-json\/wp\/v2\/tags?post=89762"}],"curies":[{"name":"wp","href":"https:\/\/api.w.org\/{rel}","templated":true}]}}