{"id":89795,"date":"2026-03-03T14:07:10","date_gmt":"2026-03-03T13:07:10","guid":{"rendered":"https:\/\/mont-roig.cat\/actualitat\/noticies\/la-mitja-marato-de-miami-platja-se-celebrara-el-19-dabril-amb-nous-recorreguts-i-sortida-conjunta\/"},"modified":"2026-03-03T14:24:16","modified_gmt":"2026-03-03T13:24:16","slug":"la-mitja-marato-de-miami-platja-se-celebrara-el-19-de-abril-con-nuevos-recorridos-y-salida-conjunta","status":"publish","type":"post","link":"https:\/\/mont-roig.cat\/es\/actualitat\/noticies\/la-mitja-marato-de-miami-platja-se-celebrara-el-19-de-abril-con-nuevos-recorridos-y-salida-conjunta\/","title":{"rendered":"La Mitja Marat\u00f3 de Miami Platja se celebrar\u00e1 el 19 de abril con nuevos recorridos y salida conjunta"},"content":{"rendered":"<p><strong><strong><a href=\"https:\/\/mont-roig.cat\/wp-content\/uploads\/MME_mitja_marato2026_web-scaled.png\"><img loading=\"lazy\" decoding=\"async\" class=\"alignright wp-image-89787\" src=\"https:\/\/mont-roig.cat\/wp-content\/uploads\/MME_mitja_marato2026_web-354x500.png\" alt=\"\" width=\"250\" height=\"353\" srcset=\"https:\/\/mont-roig.cat\/wp-content\/uploads\/MME_mitja_marato2026_web-354x500.png 354w, https:\/\/mont-roig.cat\/wp-content\/uploads\/MME_mitja_marato2026_web-724x1024.png 724w, https:\/\/mont-roig.cat\/wp-content\/uploads\/MME_mitja_marato2026_web-768x1086.png 768w, https:\/\/mont-roig.cat\/wp-content\/uploads\/MME_mitja_marato2026_web-1086x1536.png 1086w, https:\/\/mont-roig.cat\/wp-content\/uploads\/MME_mitja_marato2026_web-scaled.png 1448w\" sizes=\"auto, (max-width: 250px) 100vw, 250px\" \/><\/a><\/strong><\/strong><\/p>\n<div class=\"flex flex-col text-sm pb-25\">\n<article class=\"text-token-text-primary w-full focus:outline-none [--shadow-height:45px] has-data-writing-block:pointer-events-none has-data-writing-block:-mt-(--shadow-height) has-data-writing-block:pt-(--shadow-height) [&amp;:has([data-writing-block])&gt;*]:pointer-events-auto scroll-mt-[calc(var(--header-height)+min(200px,max(70px,20svh)))]\" dir=\"auto\" tabindex=\"-1\" data-turn-id=\"fa92a893-345b-4ade-a996-9b80caa68914\" data-testid=\"conversation-turn-8\" data-scroll-anchor=\"true\" data-turn=\"assistant\">\n<div class=\"text-base my-auto mx-auto pb-10 [--thread-content-margin:--spacing(4)] @w-sm\/main:[--thread-content-margin:--spacing(6)] @w-lg\/main:[--thread-content-margin:--spacing(16)] px-(--thread-content-margin)\">\n<div class=\"[--thread-content-max-width:40rem] @w-lg\/main:[--thread-content-max-width:48rem] mx-auto max-w-(--thread-content-max-width) flex-1 group\/turn-messages focus-visible:outline-hidden relative flex w-full min-w-0 flex-col agent-turn\" tabindex=\"-1\">\n<div class=\"flex max-w-full flex-col grow\">\n<div class=\"min-h-8 text-message relative flex w-full flex-col items-end gap-2 text-start break-words whitespace-normal [.text-message+&amp;]:mt-1\" dir=\"auto\" data-message-author-role=\"assistant\" data-message-id=\"fa92a893-345b-4ade-a996-9b80caa68914\" data-message-model-slug=\"gpt-5-2\">\n<div class=\"flex w-full flex-col gap-1 empty:hidden first:pt-[1px]\">\n<div class=\"markdown prose dark:prose-invert w-full wrap-break-word light markdown-new-styling\">\n<ul>\n<li data-start=\"103\" data-end=\"270\"><strong>La prueba unificar\u00e1 la salida de las distancias 5K, 10K y 21K desde la pla\u00e7a Ja\u00e9n y presentar\u00e1 una nueva identidad visual creada por el artista local Marcel Aragon\u00e8s<\/strong><\/li>\n<\/ul>\n<p data-start=\"272\" data-end=\"623\">Miami Platja acoger\u00e1 el pr\u00f3ximo domingo 19 de abril una nueva edici\u00f3n de su Mitja Marat\u00f3, que este a\u00f1o incorpora novedades destacadas tanto en la organizaci\u00f3n como en el desarrollo de la prueba. La principal es el cambio de ubicaci\u00f3n de la salida y la llegada, que pasar\u00e1n a situarse en la pla\u00e7a Ja\u00e9n, espacio que tambi\u00e9n acoger\u00e1 las curses infantils.<\/p>\n<p data-start=\"625\" data-end=\"981\">Por primera vez, las distancias de 5K, 10K y 21K realizar\u00e1n una salida conjunta a las 9.15 horas desde la avinguda Barcelona, a la altura de la pla\u00e7a Ja\u00e9n, frente al CAP. Este nuevo planteamiento comporta tambi\u00e9n el estreno de recorridos renovados en todas las distancias, que se dar\u00e1n a conocer pr\u00f3ximamente a trav\u00e9s de los canales oficiales de la prueba.<\/p>\n<p data-start=\"983\" data-end=\"1368\">Otra novedad es el cambio del punto de entrega y recogida de dorsales, que se traslada al Centre Polivalent de Miami Platja (carrer S\u00f2ria, 16). Los dorsales podr\u00e1n recogerse el s\u00e1bado 18 de abril, de 17.30 a 19.30 h, y el mismo domingo 19 de abril, de 7.30 a 9.15 h. Se recomienda a los corredores y corredoras que acudan con antelaci\u00f3n para facilitar los tr\u00e1mites previos a la salida.<\/p>\n<p data-start=\"1370\" data-end=\"1675\">Las inscripciones ya est\u00e1n abiertas y pueden formalizarse a trav\u00e9s de la plataforma <a href=\"https:\/\/webtretzesports.wixsite.com\/mitjamiamiplatja\" target=\"_blank\" rel=\"noopener\">Tretzesports<\/a>. Con motivo de la celebraci\u00f3n de la cursa, habr\u00e1 afectaciones al tr\u00e1fico en diversos puntos del municipio incluidos dentro del recorrido, de las cuales se informar\u00e1 detalladamente en una pr\u00f3xima comunicaci\u00f3n.<\/p>\n<p data-start=\"1677\" data-end=\"1933\" data-is-last-node=\"\" data-is-only-node=\"\">Adem\u00e1s, la Mitja Marat\u00f3 de Miami Platja estrena nueva imagen corporativa, creada por el artista local Marcel Aragon\u00e8s, que se convertir\u00e1 en la identidad visual de la prueba a partir de esta edici\u00f3n y que acompa\u00f1ar\u00e1 la comunicaci\u00f3n de futuras convocatorias.<\/p>\n<\/div>\n<\/div>\n<\/div>\n<\/div>\n<div class=\"z-0 flex min-h-[46px] justify-start\"><\/div>\n<\/div>\n<\/div>\n<\/article>\n<\/div>\n<div class=\"pointer-events-none h-px w-px absolute bottom-0\" aria-hidden=\"true\" data-edge=\"true\"><\/div>\n","protected":false},"excerpt":{"rendered":"<p>La prueba unificar\u00e1 la salida de las distancias 5K, 10K y 21K desde la pla\u00e7a Ja\u00e9n y presentar\u00e1 una nueva identidad visual creada por el artista local Marcel Aragon\u00e8s Miami Platja acoger\u00e1 el pr\u00f3ximo domingo 19 de abril una nueva edici\u00f3n de su Mitja Marat\u00f3, que este a\u00f1o incorpora novedades destacadas tanto en la organizaci\u00f3n [&hellip;]<\/p>\n","protected":false},"author":13,"featured_media":89793,"comment_status":"closed","ping_status":"closed","sticky":false,"template":"","format":"standard","meta":{"inline_featured_image":false,"_monsterinsights_skip_tracking":false,"_monsterinsights_sitenote_active":false,"_monsterinsights_sitenote_note":"","_monsterinsights_sitenote_category":0,"footnotes":""},"categories":[98,104],"tags":[],"class_list":["post-89795","post","type-post","status-publish","format-standard","has-post-thumbnail","hentry","category-ayuntamiento","category-deportes"],"yoast_head":"<!-- This site is optimized with the Yoast SEO plugin v27.4 - https:\/\/yoast.com\/product\/yoast-seo-wordpress\/ -->\n<title>La Mitja Marat\u00f3 de Miami Platja se celebrar\u00e1 el 19 de abril con nuevos recorridos y salida conjunta - Ajuntament de Mont-roig del Camp<\/title>\n<meta name=\"robots\" content=\"index, follow, max-snippet:-1, max-image-preview:large, max-video-preview:-1\" \/>\n<link rel=\"canonical\" href=\"https:\/\/mont-roig.cat\/es\/actualitat\/noticies\/la-mitja-marato-de-miami-platja-se-celebrara-el-19-de-abril-con-nuevos-recorridos-y-salida-conjunta\/\" \/>\n<meta property=\"og:locale\" content=\"es_ES\" \/>\n<meta property=\"og:type\" content=\"article\" \/>\n<meta property=\"og:title\" content=\"La Mitja Marat\u00f3 de Miami Platja se celebrar\u00e1 el 19 de abril con nuevos recorridos y salida conjunta - Ajuntament de Mont-roig del Camp\" \/>\n<meta property=\"og:description\" content=\"La prueba unificar\u00e1 la salida de las distancias 5K, 10K y 21K desde la pla\u00e7a Ja\u00e9n y presentar\u00e1 una nueva identidad visual creada por el artista local Marcel Aragon\u00e8s Miami Platja acoger\u00e1 el pr\u00f3ximo domingo 19 de abril una nueva edici\u00f3n de su Mitja Marat\u00f3, que este a\u00f1o incorpora novedades destacadas tanto en la organizaci\u00f3n [&hellip;]\" \/>\n<meta property=\"og:url\" content=\"https:\/\/mont-roig.cat\/es\/actualitat\/noticies\/la-mitja-marato-de-miami-platja-se-celebrara-el-19-de-abril-con-nuevos-recorridos-y-salida-conjunta\/\" \/>\n<meta property=\"og:site_name\" content=\"Ajuntament de Mont-roig del Camp\" \/>\n<meta property=\"article:published_time\" content=\"2026-03-03T13:07:10+00:00\" \/>\n<meta property=\"article:modified_time\" content=\"2026-03-03T13:24:16+00:00\" \/>\n<meta property=\"og:image\" content=\"https:\/\/mont-roig.cat\/wp-content\/uploads\/MME_mitja_marato2026-meta-1.png\" \/>\n\t<meta property=\"og:image:width\" content=\"1200\" \/>\n\t<meta property=\"og:image:height\" content=\"630\" \/>\n\t<meta property=\"og:image:type\" content=\"image\/png\" \/>\n<meta name=\"author\" content=\"comunicacio\" \/>\n<meta name=\"twitter:card\" content=\"summary_large_image\" \/>\n<meta name=\"twitter:label1\" content=\"Escrito por\" \/>\n\t<meta name=\"twitter:data1\" content=\"comunicacio\" \/>\n\t<meta name=\"twitter:label2\" content=\"Tiempo de lectura\" \/>\n\t<meta name=\"twitter:data2\" content=\"3 minutos\" \/>\n<script type=\"application\/ld+json\" class=\"yoast-schema-graph\">{\"@context\":\"https:\\\/\\\/schema.org\",\"@graph\":[{\"@type\":\"Article\",\"@id\":\"https:\\\/\\\/mont-roig.cat\\\/es\\\/actualitat\\\/noticies\\\/la-mitja-marato-de-miami-platja-se-celebrara-el-19-de-abril-con-nuevos-recorridos-y-salida-conjunta\\\/#article\",\"isPartOf\":{\"@id\":\"https:\\\/\\\/mont-roig.cat\\\/es\\\/actualitat\\\/noticies\\\/la-mitja-marato-de-miami-platja-se-celebrara-el-19-de-abril-con-nuevos-recorridos-y-salida-conjunta\\\/\"},\"author\":{\"name\":\"comunicacio\",\"@id\":\"https:\\\/\\\/mont-roig.cat\\\/es\\\/#\\\/schema\\\/person\\\/1f73e7b5e6f9dd122e8a6f14f310ac5e\"},\"headline\":\"La Mitja Marat\u00f3 de Miami Platja se celebrar\u00e1 el 19 de abril con nuevos recorridos y salida conjunta\",\"datePublished\":\"2026-03-03T13:07:10+00:00\",\"dateModified\":\"2026-03-03T13:24:16+00:00\",\"mainEntityOfPage\":{\"@id\":\"https:\\\/\\\/mont-roig.cat\\\/es\\\/actualitat\\\/noticies\\\/la-mitja-marato-de-miami-platja-se-celebrara-el-19-de-abril-con-nuevos-recorridos-y-salida-conjunta\\\/\"},\"wordCount\":350,\"image\":{\"@id\":\"https:\\\/\\\/mont-roig.cat\\\/es\\\/actualitat\\\/noticies\\\/la-mitja-marato-de-miami-platja-se-celebrara-el-19-de-abril-con-nuevos-recorridos-y-salida-conjunta\\\/#primaryimage\"},\"thumbnailUrl\":\"https:\\\/\\\/mont-roig.cat\\\/wp-content\\\/uploads\\\/MME_mitja_marato2026-meta-1.png\",\"articleSection\":[\"Ayuntamiento\",\"Deportes\"],\"inLanguage\":\"es\"},{\"@type\":\"WebPage\",\"@id\":\"https:\\\/\\\/mont-roig.cat\\\/es\\\/actualitat\\\/noticies\\\/la-mitja-marato-de-miami-platja-se-celebrara-el-19-de-abril-con-nuevos-recorridos-y-salida-conjunta\\\/\",\"url\":\"https:\\\/\\\/mont-roig.cat\\\/es\\\/actualitat\\\/noticies\\\/la-mitja-marato-de-miami-platja-se-celebrara-el-19-de-abril-con-nuevos-recorridos-y-salida-conjunta\\\/\",\"name\":\"La Mitja Marat\u00f3 de Miami Platja se celebrar\u00e1 el 19 de abril con nuevos recorridos y salida conjunta - Ajuntament de Mont-roig del Camp\",\"isPartOf\":{\"@id\":\"https:\\\/\\\/mont-roig.cat\\\/es\\\/#website\"},\"primaryImageOfPage\":{\"@id\":\"https:\\\/\\\/mont-roig.cat\\\/es\\\/actualitat\\\/noticies\\\/la-mitja-marato-de-miami-platja-se-celebrara-el-19-de-abril-con-nuevos-recorridos-y-salida-conjunta\\\/#primaryimage\"},\"image\":{\"@id\":\"https:\\\/\\\/mont-roig.cat\\\/es\\\/actualitat\\\/noticies\\\/la-mitja-marato-de-miami-platja-se-celebrara-el-19-de-abril-con-nuevos-recorridos-y-salida-conjunta\\\/#primaryimage\"},\"thumbnailUrl\":\"https:\\\/\\\/mont-roig.cat\\\/wp-content\\\/uploads\\\/MME_mitja_marato2026-meta-1.png\",\"datePublished\":\"2026-03-03T13:07:10+00:00\",\"dateModified\":\"2026-03-03T13:24:16+00:00\",\"author\":{\"@id\":\"https:\\\/\\\/mont-roig.cat\\\/es\\\/#\\\/schema\\\/person\\\/1f73e7b5e6f9dd122e8a6f14f310ac5e\"},\"breadcrumb\":{\"@id\":\"https:\\\/\\\/mont-roig.cat\\\/es\\\/actualitat\\\/noticies\\\/la-mitja-marato-de-miami-platja-se-celebrara-el-19-de-abril-con-nuevos-recorridos-y-salida-conjunta\\\/#breadcrumb\"},\"inLanguage\":\"es\",\"potentialAction\":[{\"@type\":\"ReadAction\",\"target\":[\"https:\\\/\\\/mont-roig.cat\\\/es\\\/actualitat\\\/noticies\\\/la-mitja-marato-de-miami-platja-se-celebrara-el-19-de-abril-con-nuevos-recorridos-y-salida-conjunta\\\/\"]}]},{\"@type\":\"ImageObject\",\"inLanguage\":\"es\",\"@id\":\"https:\\\/\\\/mont-roig.cat\\\/es\\\/actualitat\\\/noticies\\\/la-mitja-marato-de-miami-platja-se-celebrara-el-19-de-abril-con-nuevos-recorridos-y-salida-conjunta\\\/#primaryimage\",\"url\":\"https:\\\/\\\/mont-roig.cat\\\/wp-content\\\/uploads\\\/MME_mitja_marato2026-meta-1.png\",\"contentUrl\":\"https:\\\/\\\/mont-roig.cat\\\/wp-content\\\/uploads\\\/MME_mitja_marato2026-meta-1.png\",\"width\":1200,\"height\":630},{\"@type\":\"BreadcrumbList\",\"@id\":\"https:\\\/\\\/mont-roig.cat\\\/es\\\/actualitat\\\/noticies\\\/la-mitja-marato-de-miami-platja-se-celebrara-el-19-de-abril-con-nuevos-recorridos-y-salida-conjunta\\\/#breadcrumb\",\"itemListElement\":[{\"@type\":\"ListItem\",\"position\":1,\"name\":\"Inici\",\"item\":\"https:\\\/\\\/mont-roig.cat\\\/es\\\/pagina-de-inicio\\\/\"},{\"@type\":\"ListItem\",\"position\":2,\"name\":\"La Mitja Marat\u00f3 de Miami Platja se celebrar\u00e1 el 19 de abril con nuevos recorridos y salida conjunta\"}]},{\"@type\":\"WebSite\",\"@id\":\"https:\\\/\\\/mont-roig.cat\\\/es\\\/#website\",\"url\":\"https:\\\/\\\/mont-roig.cat\\\/es\\\/\",\"name\":\"Ajuntament de Mont-roig del Camp\",\"description\":\"Tota la informaci\u00f3 sobre la instituci\u00f3, els seus \u00f2rgans de govern, actualitat, serveis i molt m\u00e9s.\",\"potentialAction\":[{\"@type\":\"SearchAction\",\"target\":{\"@type\":\"EntryPoint\",\"urlTemplate\":\"https:\\\/\\\/mont-roig.cat\\\/es\\\/?s={search_term_string}\"},\"query-input\":{\"@type\":\"PropertyValueSpecification\",\"valueRequired\":true,\"valueName\":\"search_term_string\"}}],\"inLanguage\":\"es\"},{\"@type\":\"Person\",\"@id\":\"https:\\\/\\\/mont-roig.cat\\\/es\\\/#\\\/schema\\\/person\\\/1f73e7b5e6f9dd122e8a6f14f310ac5e\",\"name\":\"comunicacio\",\"image\":{\"@type\":\"ImageObject\",\"inLanguage\":\"es\",\"@id\":\"https:\\\/\\\/secure.gravatar.com\\\/avatar\\\/98944333e7a877670a64f8d10f0cb680ab2c9ebc4efc43945ef004b52b5ad28c?s=96&d=mm&r=g\",\"url\":\"https:\\\/\\\/secure.gravatar.com\\\/avatar\\\/98944333e7a877670a64f8d10f0cb680ab2c9ebc4efc43945ef004b52b5ad28c?s=96&d=mm&r=g\",\"contentUrl\":\"https:\\\/\\\/secure.gravatar.com\\\/avatar\\\/98944333e7a877670a64f8d10f0cb680ab2c9ebc4efc43945ef004b52b5ad28c?s=96&d=mm&r=g\",\"caption\":\"comunicacio\"},\"url\":\"https:\\\/\\\/mont-roig.cat\\\/es\\\/actualitat\\\/noticies\\\/author\\\/comunicacio\\\/\"}]}<\/script>\n<!-- \/ Yoast SEO plugin. -->","yoast_head_json":{"title":"La Mitja Marat\u00f3 de Miami Platja se celebrar\u00e1 el 19 de abril con nuevos recorridos y salida conjunta - Ajuntament de Mont-roig del Camp","robots":{"index":"index","follow":"follow","max-snippet":"max-snippet:-1","max-image-preview":"max-image-preview:large","max-video-preview":"max-video-preview:-1"},"canonical":"https:\/\/mont-roig.cat\/es\/actualitat\/noticies\/la-mitja-marato-de-miami-platja-se-celebrara-el-19-de-abril-con-nuevos-recorridos-y-salida-conjunta\/","og_locale":"es_ES","og_type":"article","og_title":"La Mitja Marat\u00f3 de Miami Platja se celebrar\u00e1 el 19 de abril con nuevos recorridos y salida conjunta - Ajuntament de Mont-roig del Camp","og_description":"La prueba unificar\u00e1 la salida de las distancias 5K, 10K y 21K desde la pla\u00e7a Ja\u00e9n y presentar\u00e1 una nueva identidad visual creada por el artista local Marcel Aragon\u00e8s Miami Platja acoger\u00e1 el pr\u00f3ximo domingo 19 de abril una nueva edici\u00f3n de su Mitja Marat\u00f3, que este a\u00f1o incorpora novedades destacadas tanto en la organizaci\u00f3n [&hellip;]","og_url":"https:\/\/mont-roig.cat\/es\/actualitat\/noticies\/la-mitja-marato-de-miami-platja-se-celebrara-el-19-de-abril-con-nuevos-recorridos-y-salida-conjunta\/","og_site_name":"Ajuntament de Mont-roig del Camp","article_published_time":"2026-03-03T13:07:10+00:00","article_modified_time":"2026-03-03T13:24:16+00:00","og_image":[{"width":1200,"height":630,"url":"https:\/\/mont-roig.cat\/wp-content\/uploads\/MME_mitja_marato2026-meta-1.png","type":"image\/png"}],"author":"comunicacio","twitter_card":"summary_large_image","twitter_misc":{"Escrito por":"comunicacio","Tiempo de lectura":"3 minutos"},"schema":{"@context":"https:\/\/schema.org","@graph":[{"@type":"Article","@id":"https:\/\/mont-roig.cat\/es\/actualitat\/noticies\/la-mitja-marato-de-miami-platja-se-celebrara-el-19-de-abril-con-nuevos-recorridos-y-salida-conjunta\/#article","isPartOf":{"@id":"https:\/\/mont-roig.cat\/es\/actualitat\/noticies\/la-mitja-marato-de-miami-platja-se-celebrara-el-19-de-abril-con-nuevos-recorridos-y-salida-conjunta\/"},"author":{"name":"comunicacio","@id":"https:\/\/mont-roig.cat\/es\/#\/schema\/person\/1f73e7b5e6f9dd122e8a6f14f310ac5e"},"headline":"La Mitja Marat\u00f3 de Miami Platja se celebrar\u00e1 el 19 de abril con nuevos recorridos y salida conjunta","datePublished":"2026-03-03T13:07:10+00:00","dateModified":"2026-03-03T13:24:16+00:00","mainEntityOfPage":{"@id":"https:\/\/mont-roig.cat\/es\/actualitat\/noticies\/la-mitja-marato-de-miami-platja-se-celebrara-el-19-de-abril-con-nuevos-recorridos-y-salida-conjunta\/"},"wordCount":350,"image":{"@id":"https:\/\/mont-roig.cat\/es\/actualitat\/noticies\/la-mitja-marato-de-miami-platja-se-celebrara-el-19-de-abril-con-nuevos-recorridos-y-salida-conjunta\/#primaryimage"},"thumbnailUrl":"https:\/\/mont-roig.cat\/wp-content\/uploads\/MME_mitja_marato2026-meta-1.png","articleSection":["Ayuntamiento","Deportes"],"inLanguage":"es"},{"@type":"WebPage","@id":"https:\/\/mont-roig.cat\/es\/actualitat\/noticies\/la-mitja-marato-de-miami-platja-se-celebrara-el-19-de-abril-con-nuevos-recorridos-y-salida-conjunta\/","url":"https:\/\/mont-roig.cat\/es\/actualitat\/noticies\/la-mitja-marato-de-miami-platja-se-celebrara-el-19-de-abril-con-nuevos-recorridos-y-salida-conjunta\/","name":"La Mitja Marat\u00f3 de Miami Platja se celebrar\u00e1 el 19 de abril con nuevos recorridos y salida conjunta - Ajuntament de Mont-roig del Camp","isPartOf":{"@id":"https:\/\/mont-roig.cat\/es\/#website"},"primaryImageOfPage":{"@id":"https:\/\/mont-roig.cat\/es\/actualitat\/noticies\/la-mitja-marato-de-miami-platja-se-celebrara-el-19-de-abril-con-nuevos-recorridos-y-salida-conjunta\/#primaryimage"},"image":{"@id":"https:\/\/mont-roig.cat\/es\/actualitat\/noticies\/la-mitja-marato-de-miami-platja-se-celebrara-el-19-de-abril-con-nuevos-recorridos-y-salida-conjunta\/#primaryimage"},"thumbnailUrl":"https:\/\/mont-roig.cat\/wp-content\/uploads\/MME_mitja_marato2026-meta-1.png","datePublished":"2026-03-03T13:07:10+00:00","dateModified":"2026-03-03T13:24:16+00:00","author":{"@id":"https:\/\/mont-roig.cat\/es\/#\/schema\/person\/1f73e7b5e6f9dd122e8a6f14f310ac5e"},"breadcrumb":{"@id":"https:\/\/mont-roig.cat\/es\/actualitat\/noticies\/la-mitja-marato-de-miami-platja-se-celebrara-el-19-de-abril-con-nuevos-recorridos-y-salida-conjunta\/#breadcrumb"},"inLanguage":"es","potentialAction":[{"@type":"ReadAction","target":["https:\/\/mont-roig.cat\/es\/actualitat\/noticies\/la-mitja-marato-de-miami-platja-se-celebrara-el-19-de-abril-con-nuevos-recorridos-y-salida-conjunta\/"]}]},{"@type":"ImageObject","inLanguage":"es","@id":"https:\/\/mont-roig.cat\/es\/actualitat\/noticies\/la-mitja-marato-de-miami-platja-se-celebrara-el-19-de-abril-con-nuevos-recorridos-y-salida-conjunta\/#primaryimage","url":"https:\/\/mont-roig.cat\/wp-content\/uploads\/MME_mitja_marato2026-meta-1.png","contentUrl":"https:\/\/mont-roig.cat\/wp-content\/uploads\/MME_mitja_marato2026-meta-1.png","width":1200,"height":630},{"@type":"BreadcrumbList","@id":"https:\/\/mont-roig.cat\/es\/actualitat\/noticies\/la-mitja-marato-de-miami-platja-se-celebrara-el-19-de-abril-con-nuevos-recorridos-y-salida-conjunta\/#breadcrumb","itemListElement":[{"@type":"ListItem","position":1,"name":"Inici","item":"https:\/\/mont-roig.cat\/es\/pagina-de-inicio\/"},{"@type":"ListItem","position":2,"name":"La Mitja Marat\u00f3 de Miami Platja se celebrar\u00e1 el 19 de abril con nuevos recorridos y salida conjunta"}]},{"@type":"WebSite","@id":"https:\/\/mont-roig.cat\/es\/#website","url":"https:\/\/mont-roig.cat\/es\/","name":"Ajuntament de Mont-roig del Camp","description":"Tota la informaci\u00f3 sobre la instituci\u00f3, els seus \u00f2rgans de govern, actualitat, serveis i molt m\u00e9s.","potentialAction":[{"@type":"SearchAction","target":{"@type":"EntryPoint","urlTemplate":"https:\/\/mont-roig.cat\/es\/?s={search_term_string}"},"query-input":{"@type":"PropertyValueSpecification","valueRequired":true,"valueName":"search_term_string"}}],"inLanguage":"es"},{"@type":"Person","@id":"https:\/\/mont-roig.cat\/es\/#\/schema\/person\/1f73e7b5e6f9dd122e8a6f14f310ac5e","name":"comunicacio","image":{"@type":"ImageObject","inLanguage":"es","@id":"https:\/\/secure.gravatar.com\/avatar\/98944333e7a877670a64f8d10f0cb680ab2c9ebc4efc43945ef004b52b5ad28c?s=96&d=mm&r=g","url":"https:\/\/secure.gravatar.com\/avatar\/98944333e7a877670a64f8d10f0cb680ab2c9ebc4efc43945ef004b52b5ad28c?s=96&d=mm&r=g","contentUrl":"https:\/\/secure.gravatar.com\/avatar\/98944333e7a877670a64f8d10f0cb680ab2c9ebc4efc43945ef004b52b5ad28c?s=96&d=mm&r=g","caption":"comunicacio"},"url":"https:\/\/mont-roig.cat\/es\/actualitat\/noticies\/author\/comunicacio\/"}]}},"_links":{"self":[{"href":"https:\/\/mont-roig.cat\/es\/wp-json\/wp\/v2\/posts\/89795","targetHints":{"allow":["GET"]}}],"collection":[{"href":"https:\/\/mont-roig.cat\/es\/wp-json\/wp\/v2\/posts"}],"about":[{"href":"https:\/\/mont-roig.cat\/es\/wp-json\/wp\/v2\/types\/post"}],"author":[{"embeddable":true,"href":"https:\/\/mont-roig.cat\/es\/wp-json\/wp\/v2\/users\/13"}],"replies":[{"embeddable":true,"href":"https:\/\/mont-roig.cat\/es\/wp-json\/wp\/v2\/comments?post=89795"}],"version-history":[{"count":4,"href":"https:\/\/mont-roig.cat\/es\/wp-json\/wp\/v2\/posts\/89795\/revisions"}],"predecessor-version":[{"id":89802,"href":"https:\/\/mont-roig.cat\/es\/wp-json\/wp\/v2\/posts\/89795\/revisions\/89802"}],"wp:featuredmedia":[{"embeddable":true,"href":"https:\/\/mont-roig.cat\/es\/wp-json\/wp\/v2\/media\/89793"}],"wp:attachment":[{"href":"https:\/\/mont-roig.cat\/es\/wp-json\/wp\/v2\/media?parent=89795"}],"wp:term":[{"taxonomy":"category","embeddable":true,"href":"https:\/\/mont-roig.cat\/es\/wp-json\/wp\/v2\/categories?post=89795"},{"taxonomy":"post_tag","embeddable":true,"href":"https:\/\/mont-roig.cat\/es\/wp-json\/wp\/v2\/tags?post=89795"}],"curies":[{"name":"wp","href":"https:\/\/api.w.org\/{rel}","templated":true}]}}