{"id":89859,"date":"2026-03-04T13:55:33","date_gmt":"2026-03-04T12:55:33","guid":{"rendered":"https:\/\/mont-roig.cat\/actualitat\/noticies\/torna-el-campionat-de-patates-braves-de-mont-roig-del-camp-i-miami-platja-del-6-al-22-de-marc\/"},"modified":"2026-03-04T14:14:18","modified_gmt":"2026-03-04T13:14:18","slug":"vuelve-el-campeonato-de-patatas-bravas-de-mont-roig-del-camp-y-miami-platja-del-6-al-22-de-marzo","status":"publish","type":"post","link":"https:\/\/mont-roig.cat\/es\/actualitat\/noticies\/vuelve-el-campeonato-de-patatas-bravas-de-mont-roig-del-camp-y-miami-platja-del-6-al-22-de-marzo\/","title":{"rendered":"Vuelve el Campeonato de Patatas Bravas de Mont-roig del Camp y Miami Platja del 6 al 22 de marzo"},"content":{"rendered":"<ul>\n<li><strong><a href=\"https:\/\/mont-roig.cat\/wp-content\/uploads\/MMT_BRAVES2026_web.png\" target=\"_blank\" rel=\"noopener\"><img loading=\"lazy\" decoding=\"async\" class=\"alignright wp-image-89841\" src=\"https:\/\/mont-roig.cat\/wp-content\/uploads\/MMT_BRAVES2026_web-354x500.png\" alt=\"\" width=\"251\" height=\"355\" srcset=\"https:\/\/mont-roig.cat\/wp-content\/uploads\/MMT_BRAVES2026_web-354x500.png 354w, https:\/\/mont-roig.cat\/wp-content\/uploads\/MMT_BRAVES2026_web-724x1024.png 724w, https:\/\/mont-roig.cat\/wp-content\/uploads\/MMT_BRAVES2026_web-768x1086.png 768w, https:\/\/mont-roig.cat\/wp-content\/uploads\/MMT_BRAVES2026_web-1086x1536.png 1086w, https:\/\/mont-roig.cat\/wp-content\/uploads\/MMT_BRAVES2026_web.png 1403w\" sizes=\"auto, (max-width: 251px) 100vw, 251px\" \/><\/a><\/strong><strong>La quinta edici\u00f3n reunir\u00e1 a 13 establecimientos y permitir\u00e1 votar las mejores bravas con ranking en directo y sorteos para el p\u00fablico<\/strong><\/li>\n<\/ul>\n<p data-start=\"237\" data-end=\"509\">Del 6 al 22 de marzo, <span class=\"hover:entity-accent entity-underline inline cursor-pointer align-baseline\"><span class=\"whitespace-normal\">Mont-roig del Camp<\/span><\/span> y <span class=\"hover:entity-accent entity-underline inline cursor-pointer align-baseline\"><span class=\"whitespace-normal\">Miami Platja<\/span><\/span> celebran la quinta edici\u00f3n del Campeonato de Patatas Bravas, una iniciativa gastron\u00f3mica que pone en valor la restauraci\u00f3n local y la creatividad culinaria del municipio.<\/p>\n<p data-start=\"511\" data-end=\"978\">En esta edici\u00f3n participan 13 establecimientos: Ash&amp;Oak, Braser\u00eda Pizzer\u00eda Balmar, Calima Caf\u00e9, Casa Bel, El Mosset, Ginger Caf\u00e9, La Borda d\u2019en Manel, Limonero, La Tasca d\u2019en Joan, Mo\u00e1i Beach, Plats &amp; Co, Restaurant Mont-Gust y Sab\u2019s Gourmet, que ofrecer\u00e1n su propuesta de patatas bravas con elaboraciones propias y creativas de esta tapa emblem\u00e1tica. Todas las propuestas optan al reconocimiento de Mejores Patatas Bravas de Mont-roig del Camp y Miami Platja 2026.<\/p>\n<p data-start=\"980\" data-end=\"1019\"><strong>Votaci\u00f3n digital y ranking en directo<\/strong><\/p>\n<p data-start=\"1021\" data-end=\"1266\">La votaci\u00f3n se realizar\u00e1 mediante los c\u00f3digos QR disponibles en los establecimientos participantes. Ser\u00e1 necesario escanear el c\u00f3digo, registrarse y puntuar la propuesta. El voto es individual y solo puede emitirse una vez por establecimiento.<\/p>\n<p data-start=\"1268\" data-end=\"1489\">El establecimiento con la puntuaci\u00f3n m\u00e1s alta ser\u00e1 el ganador. En caso de empate, la organizaci\u00f3n valorar\u00e1 criterios como la originalidad, el sabor y la t\u00e9cnica. El ranking podr\u00e1 seguirse en directo en la web municipal.<\/p>\n<p data-start=\"1491\" data-end=\"1521\"><strong>Pasaporte Bravista y premios<\/strong><\/p>\n<p data-start=\"1523\" data-end=\"1734\">El Campeonato incluye el Pasaporte Bravista, que permite participar en diversos sorteos sellando los establecimientos visitados y depositando el pasaporte en las urnas habilitadas o en las Oficinas de Turismo.<\/p>\n<p data-start=\"1736\" data-end=\"1768\">Se establecen tres categor\u00edas:<\/p>\n<ul>\n<li data-start=\"1770\" data-end=\"1901\"><strong>Bravista Sibarita<\/strong> (todas las degustaciones), con el sorteo de una estancia de dos noches para dos personas en el C\u00e0mping Miramar.<\/li>\n<li data-start=\"1903\" data-end=\"2086\"><strong>Bravista Gourmet<\/strong> (m\u00ednimo 8 degustaciones), con una excursi\u00f3n a la mejillonera Mirador Badia de l\u2019Ampolla con degustaci\u00f3n para dos personas con <span class=\"hover:entity-accent entity-underline inline cursor-pointer align-baseline\"><span class=\"whitespace-normal\">N\u00e0utic Parc Costa Daurada<\/span><\/span>.<\/li>\n<li data-start=\"2088\" data-end=\"2179\"><strong>Bravista Amateur<\/strong> (m\u00ednimo 5 degustaciones), con el sorteo de un lote de productos locales.<\/li>\n<\/ul>\n<p data-start=\"2181\" data-end=\"2250\" data-is-last-node=\"\" data-is-only-node=\"\">Toda la informaci\u00f3n y las bases pueden consultarse <a href=\"https:\/\/mont-roig.cat\/wp-content\/uploads\/MMT_BRAVES_2026_w.pdf\" target=\"_blank\" rel=\"noopener\">(descargar el pdf)<\/a><\/p>\n","protected":false},"excerpt":{"rendered":"<p>La quinta edici\u00f3n reunir\u00e1 a 13 establecimientos y permitir\u00e1 votar las mejores bravas con ranking en directo y sorteos para el p\u00fablico Del 6 al 22 de marzo, Mont-roig del Camp y Miami Platja celebran la quinta edici\u00f3n del Campeonato de Patatas Bravas, una iniciativa gastron\u00f3mica que pone en valor la restauraci\u00f3n local y la [&hellip;]<\/p>\n","protected":false},"author":13,"featured_media":89855,"comment_status":"closed","ping_status":"closed","sticky":false,"template":"","format":"standard","meta":{"inline_featured_image":false,"_monsterinsights_skip_tracking":false,"_monsterinsights_sitenote_active":false,"_monsterinsights_sitenote_note":"","_monsterinsights_sitenote_category":0,"footnotes":""},"categories":[98,115],"tags":[],"class_list":["post-89859","post","type-post","status-publish","format-standard","has-post-thumbnail","hentry","category-ayuntamiento","category-turismo"],"yoast_head":"<!-- This site is optimized with the Yoast SEO plugin v27.4 - https:\/\/yoast.com\/product\/yoast-seo-wordpress\/ -->\n<title>Vuelve el Campeonato de Patatas Bravas de Mont-roig del Camp y Miami Platja del 6 al 22 de marzo - Ajuntament de Mont-roig del Camp<\/title>\n<meta name=\"robots\" content=\"index, follow, max-snippet:-1, max-image-preview:large, max-video-preview:-1\" \/>\n<link rel=\"canonical\" href=\"https:\/\/mont-roig.cat\/es\/actualitat\/noticies\/vuelve-el-campeonato-de-patatas-bravas-de-mont-roig-del-camp-y-miami-platja-del-6-al-22-de-marzo\/\" \/>\n<meta property=\"og:locale\" content=\"es_ES\" \/>\n<meta property=\"og:type\" content=\"article\" \/>\n<meta property=\"og:title\" content=\"Vuelve el Campeonato de Patatas Bravas de Mont-roig del Camp y Miami Platja del 6 al 22 de marzo - Ajuntament de Mont-roig del Camp\" \/>\n<meta property=\"og:description\" content=\"La quinta edici\u00f3n reunir\u00e1 a 13 establecimientos y permitir\u00e1 votar las mejores bravas con ranking en directo y sorteos para el p\u00fablico Del 6 al 22 de marzo, Mont-roig del Camp y Miami Platja celebran la quinta edici\u00f3n del Campeonato de Patatas Bravas, una iniciativa gastron\u00f3mica que pone en valor la restauraci\u00f3n local y la [&hellip;]\" \/>\n<meta property=\"og:url\" content=\"https:\/\/mont-roig.cat\/es\/actualitat\/noticies\/vuelve-el-campeonato-de-patatas-bravas-de-mont-roig-del-camp-y-miami-platja-del-6-al-22-de-marzo\/\" \/>\n<meta property=\"og:site_name\" content=\"Ajuntament de Mont-roig del Camp\" \/>\n<meta property=\"article:published_time\" content=\"2026-03-04T12:55:33+00:00\" \/>\n<meta property=\"article:modified_time\" content=\"2026-03-04T13:14:18+00:00\" \/>\n<meta property=\"og:image\" content=\"https:\/\/mont-roig.cat\/wp-content\/uploads\/mmt_braves26_META.png\" \/>\n\t<meta property=\"og:image:width\" content=\"1200\" \/>\n\t<meta property=\"og:image:height\" content=\"630\" \/>\n\t<meta property=\"og:image:type\" content=\"image\/png\" \/>\n<meta name=\"author\" content=\"comunicacio\" \/>\n<meta name=\"twitter:card\" content=\"summary_large_image\" \/>\n<meta name=\"twitter:label1\" content=\"Escrito por\" \/>\n\t<meta name=\"twitter:data1\" content=\"comunicacio\" \/>\n\t<meta name=\"twitter:label2\" content=\"Tiempo de lectura\" \/>\n\t<meta name=\"twitter:data2\" content=\"3 minutos\" \/>\n<script type=\"application\/ld+json\" class=\"yoast-schema-graph\">{\"@context\":\"https:\\\/\\\/schema.org\",\"@graph\":[{\"@type\":\"Article\",\"@id\":\"https:\\\/\\\/mont-roig.cat\\\/es\\\/actualitat\\\/noticies\\\/vuelve-el-campeonato-de-patatas-bravas-de-mont-roig-del-camp-y-miami-platja-del-6-al-22-de-marzo\\\/#article\",\"isPartOf\":{\"@id\":\"https:\\\/\\\/mont-roig.cat\\\/es\\\/actualitat\\\/noticies\\\/vuelve-el-campeonato-de-patatas-bravas-de-mont-roig-del-camp-y-miami-platja-del-6-al-22-de-marzo\\\/\"},\"author\":{\"name\":\"comunicacio\",\"@id\":\"https:\\\/\\\/mont-roig.cat\\\/es\\\/#\\\/schema\\\/person\\\/1f73e7b5e6f9dd122e8a6f14f310ac5e\"},\"headline\":\"Vuelve el Campeonato de Patatas Bravas de Mont-roig del Camp y Miami Platja del 6 al 22 de marzo\",\"datePublished\":\"2026-03-04T12:55:33+00:00\",\"dateModified\":\"2026-03-04T13:14:18+00:00\",\"mainEntityOfPage\":{\"@id\":\"https:\\\/\\\/mont-roig.cat\\\/es\\\/actualitat\\\/noticies\\\/vuelve-el-campeonato-de-patatas-bravas-de-mont-roig-del-camp-y-miami-platja-del-6-al-22-de-marzo\\\/\"},\"wordCount\":359,\"image\":{\"@id\":\"https:\\\/\\\/mont-roig.cat\\\/es\\\/actualitat\\\/noticies\\\/vuelve-el-campeonato-de-patatas-bravas-de-mont-roig-del-camp-y-miami-platja-del-6-al-22-de-marzo\\\/#primaryimage\"},\"thumbnailUrl\":\"https:\\\/\\\/mont-roig.cat\\\/wp-content\\\/uploads\\\/mmt_braves26_META.png\",\"articleSection\":[\"Ayuntamiento\",\"Turismo\"],\"inLanguage\":\"es\"},{\"@type\":\"WebPage\",\"@id\":\"https:\\\/\\\/mont-roig.cat\\\/es\\\/actualitat\\\/noticies\\\/vuelve-el-campeonato-de-patatas-bravas-de-mont-roig-del-camp-y-miami-platja-del-6-al-22-de-marzo\\\/\",\"url\":\"https:\\\/\\\/mont-roig.cat\\\/es\\\/actualitat\\\/noticies\\\/vuelve-el-campeonato-de-patatas-bravas-de-mont-roig-del-camp-y-miami-platja-del-6-al-22-de-marzo\\\/\",\"name\":\"Vuelve el Campeonato de Patatas Bravas de Mont-roig del Camp y Miami Platja del 6 al 22 de marzo - Ajuntament de Mont-roig del Camp\",\"isPartOf\":{\"@id\":\"https:\\\/\\\/mont-roig.cat\\\/es\\\/#website\"},\"primaryImageOfPage\":{\"@id\":\"https:\\\/\\\/mont-roig.cat\\\/es\\\/actualitat\\\/noticies\\\/vuelve-el-campeonato-de-patatas-bravas-de-mont-roig-del-camp-y-miami-platja-del-6-al-22-de-marzo\\\/#primaryimage\"},\"image\":{\"@id\":\"https:\\\/\\\/mont-roig.cat\\\/es\\\/actualitat\\\/noticies\\\/vuelve-el-campeonato-de-patatas-bravas-de-mont-roig-del-camp-y-miami-platja-del-6-al-22-de-marzo\\\/#primaryimage\"},\"thumbnailUrl\":\"https:\\\/\\\/mont-roig.cat\\\/wp-content\\\/uploads\\\/mmt_braves26_META.png\",\"datePublished\":\"2026-03-04T12:55:33+00:00\",\"dateModified\":\"2026-03-04T13:14:18+00:00\",\"author\":{\"@id\":\"https:\\\/\\\/mont-roig.cat\\\/es\\\/#\\\/schema\\\/person\\\/1f73e7b5e6f9dd122e8a6f14f310ac5e\"},\"breadcrumb\":{\"@id\":\"https:\\\/\\\/mont-roig.cat\\\/es\\\/actualitat\\\/noticies\\\/vuelve-el-campeonato-de-patatas-bravas-de-mont-roig-del-camp-y-miami-platja-del-6-al-22-de-marzo\\\/#breadcrumb\"},\"inLanguage\":\"es\",\"potentialAction\":[{\"@type\":\"ReadAction\",\"target\":[\"https:\\\/\\\/mont-roig.cat\\\/es\\\/actualitat\\\/noticies\\\/vuelve-el-campeonato-de-patatas-bravas-de-mont-roig-del-camp-y-miami-platja-del-6-al-22-de-marzo\\\/\"]}]},{\"@type\":\"ImageObject\",\"inLanguage\":\"es\",\"@id\":\"https:\\\/\\\/mont-roig.cat\\\/es\\\/actualitat\\\/noticies\\\/vuelve-el-campeonato-de-patatas-bravas-de-mont-roig-del-camp-y-miami-platja-del-6-al-22-de-marzo\\\/#primaryimage\",\"url\":\"https:\\\/\\\/mont-roig.cat\\\/wp-content\\\/uploads\\\/mmt_braves26_META.png\",\"contentUrl\":\"https:\\\/\\\/mont-roig.cat\\\/wp-content\\\/uploads\\\/mmt_braves26_META.png\",\"width\":1200,\"height\":630},{\"@type\":\"BreadcrumbList\",\"@id\":\"https:\\\/\\\/mont-roig.cat\\\/es\\\/actualitat\\\/noticies\\\/vuelve-el-campeonato-de-patatas-bravas-de-mont-roig-del-camp-y-miami-platja-del-6-al-22-de-marzo\\\/#breadcrumb\",\"itemListElement\":[{\"@type\":\"ListItem\",\"position\":1,\"name\":\"Inici\",\"item\":\"https:\\\/\\\/mont-roig.cat\\\/es\\\/pagina-de-inicio\\\/\"},{\"@type\":\"ListItem\",\"position\":2,\"name\":\"Vuelve el Campeonato de Patatas Bravas de Mont-roig del Camp y Miami Platja del 6 al 22 de marzo\"}]},{\"@type\":\"WebSite\",\"@id\":\"https:\\\/\\\/mont-roig.cat\\\/es\\\/#website\",\"url\":\"https:\\\/\\\/mont-roig.cat\\\/es\\\/\",\"name\":\"Ajuntament de Mont-roig del Camp\",\"description\":\"Tota la informaci\u00f3 sobre la instituci\u00f3, els seus \u00f2rgans de govern, actualitat, serveis i molt m\u00e9s.\",\"potentialAction\":[{\"@type\":\"SearchAction\",\"target\":{\"@type\":\"EntryPoint\",\"urlTemplate\":\"https:\\\/\\\/mont-roig.cat\\\/es\\\/?s={search_term_string}\"},\"query-input\":{\"@type\":\"PropertyValueSpecification\",\"valueRequired\":true,\"valueName\":\"search_term_string\"}}],\"inLanguage\":\"es\"},{\"@type\":\"Person\",\"@id\":\"https:\\\/\\\/mont-roig.cat\\\/es\\\/#\\\/schema\\\/person\\\/1f73e7b5e6f9dd122e8a6f14f310ac5e\",\"name\":\"comunicacio\",\"image\":{\"@type\":\"ImageObject\",\"inLanguage\":\"es\",\"@id\":\"https:\\\/\\\/secure.gravatar.com\\\/avatar\\\/98944333e7a877670a64f8d10f0cb680ab2c9ebc4efc43945ef004b52b5ad28c?s=96&d=mm&r=g\",\"url\":\"https:\\\/\\\/secure.gravatar.com\\\/avatar\\\/98944333e7a877670a64f8d10f0cb680ab2c9ebc4efc43945ef004b52b5ad28c?s=96&d=mm&r=g\",\"contentUrl\":\"https:\\\/\\\/secure.gravatar.com\\\/avatar\\\/98944333e7a877670a64f8d10f0cb680ab2c9ebc4efc43945ef004b52b5ad28c?s=96&d=mm&r=g\",\"caption\":\"comunicacio\"},\"url\":\"https:\\\/\\\/mont-roig.cat\\\/es\\\/actualitat\\\/noticies\\\/author\\\/comunicacio\\\/\"}]}<\/script>\n<!-- \/ Yoast SEO plugin. -->","yoast_head_json":{"title":"Vuelve el Campeonato de Patatas Bravas de Mont-roig del Camp y Miami Platja del 6 al 22 de marzo - Ajuntament de Mont-roig del Camp","robots":{"index":"index","follow":"follow","max-snippet":"max-snippet:-1","max-image-preview":"max-image-preview:large","max-video-preview":"max-video-preview:-1"},"canonical":"https:\/\/mont-roig.cat\/es\/actualitat\/noticies\/vuelve-el-campeonato-de-patatas-bravas-de-mont-roig-del-camp-y-miami-platja-del-6-al-22-de-marzo\/","og_locale":"es_ES","og_type":"article","og_title":"Vuelve el Campeonato de Patatas Bravas de Mont-roig del Camp y Miami Platja del 6 al 22 de marzo - Ajuntament de Mont-roig del Camp","og_description":"La quinta edici\u00f3n reunir\u00e1 a 13 establecimientos y permitir\u00e1 votar las mejores bravas con ranking en directo y sorteos para el p\u00fablico Del 6 al 22 de marzo, Mont-roig del Camp y Miami Platja celebran la quinta edici\u00f3n del Campeonato de Patatas Bravas, una iniciativa gastron\u00f3mica que pone en valor la restauraci\u00f3n local y la [&hellip;]","og_url":"https:\/\/mont-roig.cat\/es\/actualitat\/noticies\/vuelve-el-campeonato-de-patatas-bravas-de-mont-roig-del-camp-y-miami-platja-del-6-al-22-de-marzo\/","og_site_name":"Ajuntament de Mont-roig del Camp","article_published_time":"2026-03-04T12:55:33+00:00","article_modified_time":"2026-03-04T13:14:18+00:00","og_image":[{"width":1200,"height":630,"url":"https:\/\/mont-roig.cat\/wp-content\/uploads\/mmt_braves26_META.png","type":"image\/png"}],"author":"comunicacio","twitter_card":"summary_large_image","twitter_misc":{"Escrito por":"comunicacio","Tiempo de lectura":"3 minutos"},"schema":{"@context":"https:\/\/schema.org","@graph":[{"@type":"Article","@id":"https:\/\/mont-roig.cat\/es\/actualitat\/noticies\/vuelve-el-campeonato-de-patatas-bravas-de-mont-roig-del-camp-y-miami-platja-del-6-al-22-de-marzo\/#article","isPartOf":{"@id":"https:\/\/mont-roig.cat\/es\/actualitat\/noticies\/vuelve-el-campeonato-de-patatas-bravas-de-mont-roig-del-camp-y-miami-platja-del-6-al-22-de-marzo\/"},"author":{"name":"comunicacio","@id":"https:\/\/mont-roig.cat\/es\/#\/schema\/person\/1f73e7b5e6f9dd122e8a6f14f310ac5e"},"headline":"Vuelve el Campeonato de Patatas Bravas de Mont-roig del Camp y Miami Platja del 6 al 22 de marzo","datePublished":"2026-03-04T12:55:33+00:00","dateModified":"2026-03-04T13:14:18+00:00","mainEntityOfPage":{"@id":"https:\/\/mont-roig.cat\/es\/actualitat\/noticies\/vuelve-el-campeonato-de-patatas-bravas-de-mont-roig-del-camp-y-miami-platja-del-6-al-22-de-marzo\/"},"wordCount":359,"image":{"@id":"https:\/\/mont-roig.cat\/es\/actualitat\/noticies\/vuelve-el-campeonato-de-patatas-bravas-de-mont-roig-del-camp-y-miami-platja-del-6-al-22-de-marzo\/#primaryimage"},"thumbnailUrl":"https:\/\/mont-roig.cat\/wp-content\/uploads\/mmt_braves26_META.png","articleSection":["Ayuntamiento","Turismo"],"inLanguage":"es"},{"@type":"WebPage","@id":"https:\/\/mont-roig.cat\/es\/actualitat\/noticies\/vuelve-el-campeonato-de-patatas-bravas-de-mont-roig-del-camp-y-miami-platja-del-6-al-22-de-marzo\/","url":"https:\/\/mont-roig.cat\/es\/actualitat\/noticies\/vuelve-el-campeonato-de-patatas-bravas-de-mont-roig-del-camp-y-miami-platja-del-6-al-22-de-marzo\/","name":"Vuelve el Campeonato de Patatas Bravas de Mont-roig del Camp y Miami Platja del 6 al 22 de marzo - Ajuntament de Mont-roig del Camp","isPartOf":{"@id":"https:\/\/mont-roig.cat\/es\/#website"},"primaryImageOfPage":{"@id":"https:\/\/mont-roig.cat\/es\/actualitat\/noticies\/vuelve-el-campeonato-de-patatas-bravas-de-mont-roig-del-camp-y-miami-platja-del-6-al-22-de-marzo\/#primaryimage"},"image":{"@id":"https:\/\/mont-roig.cat\/es\/actualitat\/noticies\/vuelve-el-campeonato-de-patatas-bravas-de-mont-roig-del-camp-y-miami-platja-del-6-al-22-de-marzo\/#primaryimage"},"thumbnailUrl":"https:\/\/mont-roig.cat\/wp-content\/uploads\/mmt_braves26_META.png","datePublished":"2026-03-04T12:55:33+00:00","dateModified":"2026-03-04T13:14:18+00:00","author":{"@id":"https:\/\/mont-roig.cat\/es\/#\/schema\/person\/1f73e7b5e6f9dd122e8a6f14f310ac5e"},"breadcrumb":{"@id":"https:\/\/mont-roig.cat\/es\/actualitat\/noticies\/vuelve-el-campeonato-de-patatas-bravas-de-mont-roig-del-camp-y-miami-platja-del-6-al-22-de-marzo\/#breadcrumb"},"inLanguage":"es","potentialAction":[{"@type":"ReadAction","target":["https:\/\/mont-roig.cat\/es\/actualitat\/noticies\/vuelve-el-campeonato-de-patatas-bravas-de-mont-roig-del-camp-y-miami-platja-del-6-al-22-de-marzo\/"]}]},{"@type":"ImageObject","inLanguage":"es","@id":"https:\/\/mont-roig.cat\/es\/actualitat\/noticies\/vuelve-el-campeonato-de-patatas-bravas-de-mont-roig-del-camp-y-miami-platja-del-6-al-22-de-marzo\/#primaryimage","url":"https:\/\/mont-roig.cat\/wp-content\/uploads\/mmt_braves26_META.png","contentUrl":"https:\/\/mont-roig.cat\/wp-content\/uploads\/mmt_braves26_META.png","width":1200,"height":630},{"@type":"BreadcrumbList","@id":"https:\/\/mont-roig.cat\/es\/actualitat\/noticies\/vuelve-el-campeonato-de-patatas-bravas-de-mont-roig-del-camp-y-miami-platja-del-6-al-22-de-marzo\/#breadcrumb","itemListElement":[{"@type":"ListItem","position":1,"name":"Inici","item":"https:\/\/mont-roig.cat\/es\/pagina-de-inicio\/"},{"@type":"ListItem","position":2,"name":"Vuelve el Campeonato de Patatas Bravas de Mont-roig del Camp y Miami Platja del 6 al 22 de marzo"}]},{"@type":"WebSite","@id":"https:\/\/mont-roig.cat\/es\/#website","url":"https:\/\/mont-roig.cat\/es\/","name":"Ajuntament de Mont-roig del Camp","description":"Tota la informaci\u00f3 sobre la instituci\u00f3, els seus \u00f2rgans de govern, actualitat, serveis i molt m\u00e9s.","potentialAction":[{"@type":"SearchAction","target":{"@type":"EntryPoint","urlTemplate":"https:\/\/mont-roig.cat\/es\/?s={search_term_string}"},"query-input":{"@type":"PropertyValueSpecification","valueRequired":true,"valueName":"search_term_string"}}],"inLanguage":"es"},{"@type":"Person","@id":"https:\/\/mont-roig.cat\/es\/#\/schema\/person\/1f73e7b5e6f9dd122e8a6f14f310ac5e","name":"comunicacio","image":{"@type":"ImageObject","inLanguage":"es","@id":"https:\/\/secure.gravatar.com\/avatar\/98944333e7a877670a64f8d10f0cb680ab2c9ebc4efc43945ef004b52b5ad28c?s=96&d=mm&r=g","url":"https:\/\/secure.gravatar.com\/avatar\/98944333e7a877670a64f8d10f0cb680ab2c9ebc4efc43945ef004b52b5ad28c?s=96&d=mm&r=g","contentUrl":"https:\/\/secure.gravatar.com\/avatar\/98944333e7a877670a64f8d10f0cb680ab2c9ebc4efc43945ef004b52b5ad28c?s=96&d=mm&r=g","caption":"comunicacio"},"url":"https:\/\/mont-roig.cat\/es\/actualitat\/noticies\/author\/comunicacio\/"}]}},"_links":{"self":[{"href":"https:\/\/mont-roig.cat\/es\/wp-json\/wp\/v2\/posts\/89859","targetHints":{"allow":["GET"]}}],"collection":[{"href":"https:\/\/mont-roig.cat\/es\/wp-json\/wp\/v2\/posts"}],"about":[{"href":"https:\/\/mont-roig.cat\/es\/wp-json\/wp\/v2\/types\/post"}],"author":[{"embeddable":true,"href":"https:\/\/mont-roig.cat\/es\/wp-json\/wp\/v2\/users\/13"}],"replies":[{"embeddable":true,"href":"https:\/\/mont-roig.cat\/es\/wp-json\/wp\/v2\/comments?post=89859"}],"version-history":[{"count":2,"href":"https:\/\/mont-roig.cat\/es\/wp-json\/wp\/v2\/posts\/89859\/revisions"}],"predecessor-version":[{"id":89864,"href":"https:\/\/mont-roig.cat\/es\/wp-json\/wp\/v2\/posts\/89859\/revisions\/89864"}],"wp:featuredmedia":[{"embeddable":true,"href":"https:\/\/mont-roig.cat\/es\/wp-json\/wp\/v2\/media\/89855"}],"wp:attachment":[{"href":"https:\/\/mont-roig.cat\/es\/wp-json\/wp\/v2\/media?parent=89859"}],"wp:term":[{"taxonomy":"category","embeddable":true,"href":"https:\/\/mont-roig.cat\/es\/wp-json\/wp\/v2\/categories?post=89859"},{"taxonomy":"post_tag","embeddable":true,"href":"https:\/\/mont-roig.cat\/es\/wp-json\/wp\/v2\/tags?post=89859"}],"curies":[{"name":"wp","href":"https:\/\/api.w.org\/{rel}","templated":true}]}}