{"id":89924,"date":"2026-03-09T17:47:39","date_gmt":"2026-03-09T16:47:39","guid":{"rendered":"https:\/\/mont-roig.cat\/?p=89924"},"modified":"2026-03-09T17:53:38","modified_gmt":"2026-03-09T16:53:38","slug":"el-pleno-de-mont-roig-del-camp-se-sumar-al-manifiesto-institucional-del-8m","status":"publish","type":"post","link":"https:\/\/mont-roig.cat\/es\/actualitat\/noticies\/el-pleno-de-mont-roig-del-camp-se-sumar-al-manifiesto-institucional-del-8m\/","title":{"rendered":"El pleno de Mont-roig del Camp se sumar al manifiesto institucional del 8M"},"content":{"rendered":"<div id=\"attachment_89921\" style=\"width: 307px\" class=\"wp-caption alignright\"><a href=\"https:\/\/mont-roig.cat\/wp-content\/uploads\/Ple-Mont-roig-del-Camp.jpeg\"><img loading=\"lazy\" decoding=\"async\" aria-describedby=\"caption-attachment-89921\" class=\"wp-image-89921\" src=\"https:\/\/mont-roig.cat\/wp-content\/uploads\/Ple-Mont-roig-del-Camp-500x354.jpeg\" alt=\"\" width=\"297\" height=\"210\" srcset=\"https:\/\/mont-roig.cat\/wp-content\/uploads\/Ple-Mont-roig-del-Camp-500x354.jpeg 500w, https:\/\/mont-roig.cat\/wp-content\/uploads\/Ple-Mont-roig-del-Camp-1024x726.jpeg 1024w, https:\/\/mont-roig.cat\/wp-content\/uploads\/Ple-Mont-roig-del-Camp-768x544.jpeg 768w, https:\/\/mont-roig.cat\/wp-content\/uploads\/Ple-Mont-roig-del-Camp.jpeg 1305w\" sizes=\"auto, (max-width: 297px) 100vw, 297px\" \/><\/a><p id=\"caption-attachment-89921\" class=\"wp-caption-text\">Momento de la votaci\u00f3n con el apoyo de todas las fuerzas pol\u00edticas excepto Vox.<\/p><\/div>\n<ul>\n<li data-start=\"287\" data-end=\"443\"><strong>Las concejalas del PSC, Junts, ERC y Plamimo han le\u00eddo el texto al inicio del pleno ordinario de marzo celebrado este lunes. Solo Vox ha votado en contra.<\/strong><\/li>\n<\/ul>\n<p data-start=\"445\" data-end=\"1107\">El pleno del Ayuntamiento de Mont-roig del Camp se ha adherido al manifiesto institucional con motivo del 8 de marzo, D\u00eda Internacional de las Mujeres. El texto se ha le\u00eddo al inicio del pleno ordinario del mes de marzo celebrado este lunes y que ha sido presidido por Yolanda P\u00e9rez como alcaldesa en funciones, en ausencia del alcalde Fran Morancho. La lectura del manifiesto ha estado a cargo de concejalas de los grupos municipales del PSC, ERC, Junts y Plamimo, que han dado voz al documento institucional impulsado por el Instituto Catal\u00e1n de las Mujeres. El manifiesto ha contado con el apoyo de todos los grupos municipales del consistorio, excepto Vox.<\/p>\n<p data-start=\"1109\" data-end=\"1346\">El manifiesto recuerda que el 8 de marzo es una jornada de reivindicaci\u00f3n y de memoria colectiva para reconocer el camino recorrido por el movimiento feminista y reafirmar el compromiso con la igualdad efectiva entre mujeres y hombres.<\/p>\n<p data-start=\"1348\" data-end=\"1560\">El texto tambi\u00e9n destaca que, a lo largo de la historia, los derechos civiles, pol\u00edticos, sociales y laborales de las mujeres han sido fruto de la movilizaci\u00f3n y la lucha de generaciones de mujeres organizadas.<\/p>\n<p data-start=\"1562\" data-end=\"1828\">Este a\u00f1o, el manifiesto pone el acento en el quincuag\u00e9simo aniversario de las Primeras Jornadas Catalanas de la Mujer, celebradas en Barcelona en mayo de 1976, que marcaron un punto de inflexi\u00f3n para el movimiento feminista en el pa\u00eds en plena transici\u00f3n pol\u00edtica.<\/p>\n<p data-start=\"1830\" data-end=\"2025\">El documento tambi\u00e9n defiende la necesidad de seguir impulsando pol\u00edticas p\u00fablicas con perspectiva de g\u00e9nero y una mirada interseccional para avanzar hacia una sociedad m\u00e1s justa e igualitaria.<\/p>\n<p data-start=\"2027\" data-end=\"2055\">Rechazada la moci\u00f3n de Vox<\/p>\n<p data-start=\"2057\" data-end=\"2313\">Por otro lado, todos los grupos municipales del consistorio han votado en contra de la moci\u00f3n presentada por el grupo municipal de Vox para regular el acceso a dependencias municipales en casos de ocultaci\u00f3n integral del rostro, como el burka o el niqab.<\/p>\n<p data-start=\"2315\" data-end=\"2575\">Durante el debate, los grupos de Junts, ERC y el PSC han acusado a Vox de presentar la moci\u00f3n con el objetivo de crispar el ambiente en el municipio ante un problema que, seg\u00fan han defendido, no existe actualmente ni en Mont-roig del Camp ni en Miami Platja.<\/p>\n<p data-start=\"2577\" data-end=\"2657\">El pleno del Ayuntamiento de Mont-roig del Camp se puede seguir en este enlace: <a href=\"https:\/\/www.youtube.com\/watch?v=WDa8K3WII3c\" target=\"_blank\" rel=\"noopener\">https:\/\/www.youtube.com\/watch?v=WDa8K3WII3c<\/a><\/p>\n","protected":false},"excerpt":{"rendered":"<p>Las concejalas del PSC, Junts, ERC y Plamimo han le\u00eddo el texto al inicio del pleno ordinario de marzo celebrado este lunes. Solo Vox ha votado en contra. El pleno del Ayuntamiento de Mont-roig del Camp se ha adherido al manifiesto institucional con motivo del 8 de marzo, D\u00eda Internacional de las Mujeres. El texto [&hellip;]<\/p>\n","protected":false},"author":13,"featured_media":89923,"comment_status":"closed","ping_status":"closed","sticky":false,"template":"","format":"standard","meta":{"inline_featured_image":false,"_monsterinsights_skip_tracking":false,"_monsterinsights_sitenote_active":false,"_monsterinsights_sitenote_note":"","_monsterinsights_sitenote_category":0,"footnotes":""},"categories":[156,98,226,247],"tags":[],"class_list":["post-89924","post","type-post","status-publish","format-standard","has-post-thumbnail","hentry","category-alcalde-es","category-ayuntamiento","category-dona-es","category-igualtat-es"],"yoast_head":"<!-- This site is optimized with the Yoast SEO plugin v27.4 - https:\/\/yoast.com\/product\/yoast-seo-wordpress\/ -->\n<title>El pleno de Mont-roig del Camp se sumar al manifiesto institucional del 8M - Ajuntament de Mont-roig del Camp<\/title>\n<meta name=\"robots\" content=\"index, follow, max-snippet:-1, max-image-preview:large, max-video-preview:-1\" \/>\n<link rel=\"canonical\" href=\"https:\/\/mont-roig.cat\/es\/actualitat\/noticies\/el-pleno-de-mont-roig-del-camp-se-sumar-al-manifiesto-institucional-del-8m\/\" \/>\n<meta property=\"og:locale\" content=\"es_ES\" \/>\n<meta property=\"og:type\" content=\"article\" \/>\n<meta property=\"og:title\" content=\"El pleno de Mont-roig del Camp se sumar al manifiesto institucional del 8M - Ajuntament de Mont-roig del Camp\" \/>\n<meta property=\"og:description\" content=\"Las concejalas del PSC, Junts, ERC y Plamimo han le\u00eddo el texto al inicio del pleno ordinario de marzo celebrado este lunes. Solo Vox ha votado en contra. El pleno del Ayuntamiento de Mont-roig del Camp se ha adherido al manifiesto institucional con motivo del 8 de marzo, D\u00eda Internacional de las Mujeres. El texto [&hellip;]\" \/>\n<meta property=\"og:url\" content=\"https:\/\/mont-roig.cat\/es\/actualitat\/noticies\/el-pleno-de-mont-roig-del-camp-se-sumar-al-manifiesto-institucional-del-8m\/\" \/>\n<meta property=\"og:site_name\" content=\"Ajuntament de Mont-roig del Camp\" \/>\n<meta property=\"article:published_time\" content=\"2026-03-09T16:47:39+00:00\" \/>\n<meta property=\"article:modified_time\" content=\"2026-03-09T16:53:38+00:00\" \/>\n<meta property=\"og:image\" content=\"https:\/\/mont-roig.cat\/wp-content\/uploads\/Ple-Mont-roig-del-Camp.jpeg\" \/>\n\t<meta property=\"og:image:width\" content=\"1305\" \/>\n\t<meta property=\"og:image:height\" content=\"925\" \/>\n\t<meta property=\"og:image:type\" content=\"image\/jpeg\" \/>\n<meta name=\"author\" content=\"comunicacio\" \/>\n<meta name=\"twitter:card\" content=\"summary_large_image\" \/>\n<meta name=\"twitter:label1\" content=\"Escrito por\" \/>\n\t<meta name=\"twitter:data1\" content=\"comunicacio\" \/>\n\t<meta name=\"twitter:label2\" content=\"Tiempo de lectura\" \/>\n\t<meta name=\"twitter:data2\" content=\"3 minutos\" \/>\n<script type=\"application\/ld+json\" class=\"yoast-schema-graph\">{\"@context\":\"https:\\\/\\\/schema.org\",\"@graph\":[{\"@type\":\"Article\",\"@id\":\"https:\\\/\\\/mont-roig.cat\\\/es\\\/actualitat\\\/noticies\\\/el-pleno-de-mont-roig-del-camp-se-sumar-al-manifiesto-institucional-del-8m\\\/#article\",\"isPartOf\":{\"@id\":\"https:\\\/\\\/mont-roig.cat\\\/es\\\/actualitat\\\/noticies\\\/el-pleno-de-mont-roig-del-camp-se-sumar-al-manifiesto-institucional-del-8m\\\/\"},\"author\":{\"name\":\"comunicacio\",\"@id\":\"https:\\\/\\\/mont-roig.cat\\\/es\\\/#\\\/schema\\\/person\\\/1f73e7b5e6f9dd122e8a6f14f310ac5e\"},\"headline\":\"El pleno de Mont-roig del Camp se sumar al manifiesto institucional del 8M\",\"datePublished\":\"2026-03-09T16:47:39+00:00\",\"dateModified\":\"2026-03-09T16:53:38+00:00\",\"mainEntityOfPage\":{\"@id\":\"https:\\\/\\\/mont-roig.cat\\\/es\\\/actualitat\\\/noticies\\\/el-pleno-de-mont-roig-del-camp-se-sumar-al-manifiesto-institucional-del-8m\\\/\"},\"wordCount\":461,\"image\":{\"@id\":\"https:\\\/\\\/mont-roig.cat\\\/es\\\/actualitat\\\/noticies\\\/el-pleno-de-mont-roig-del-camp-se-sumar-al-manifiesto-institucional-del-8m\\\/#primaryimage\"},\"thumbnailUrl\":\"https:\\\/\\\/mont-roig.cat\\\/wp-content\\\/uploads\\\/Ple-Mont-roig-del-Camp.jpeg\",\"articleSection\":[\"Alcalde\",\"Ayuntamiento\",\"Dona\",\"Igualtat\"],\"inLanguage\":\"es\"},{\"@type\":\"WebPage\",\"@id\":\"https:\\\/\\\/mont-roig.cat\\\/es\\\/actualitat\\\/noticies\\\/el-pleno-de-mont-roig-del-camp-se-sumar-al-manifiesto-institucional-del-8m\\\/\",\"url\":\"https:\\\/\\\/mont-roig.cat\\\/es\\\/actualitat\\\/noticies\\\/el-pleno-de-mont-roig-del-camp-se-sumar-al-manifiesto-institucional-del-8m\\\/\",\"name\":\"El pleno de Mont-roig del Camp se sumar al manifiesto institucional del 8M - Ajuntament de Mont-roig del Camp\",\"isPartOf\":{\"@id\":\"https:\\\/\\\/mont-roig.cat\\\/es\\\/#website\"},\"primaryImageOfPage\":{\"@id\":\"https:\\\/\\\/mont-roig.cat\\\/es\\\/actualitat\\\/noticies\\\/el-pleno-de-mont-roig-del-camp-se-sumar-al-manifiesto-institucional-del-8m\\\/#primaryimage\"},\"image\":{\"@id\":\"https:\\\/\\\/mont-roig.cat\\\/es\\\/actualitat\\\/noticies\\\/el-pleno-de-mont-roig-del-camp-se-sumar-al-manifiesto-institucional-del-8m\\\/#primaryimage\"},\"thumbnailUrl\":\"https:\\\/\\\/mont-roig.cat\\\/wp-content\\\/uploads\\\/Ple-Mont-roig-del-Camp.jpeg\",\"datePublished\":\"2026-03-09T16:47:39+00:00\",\"dateModified\":\"2026-03-09T16:53:38+00:00\",\"author\":{\"@id\":\"https:\\\/\\\/mont-roig.cat\\\/es\\\/#\\\/schema\\\/person\\\/1f73e7b5e6f9dd122e8a6f14f310ac5e\"},\"breadcrumb\":{\"@id\":\"https:\\\/\\\/mont-roig.cat\\\/es\\\/actualitat\\\/noticies\\\/el-pleno-de-mont-roig-del-camp-se-sumar-al-manifiesto-institucional-del-8m\\\/#breadcrumb\"},\"inLanguage\":\"es\",\"potentialAction\":[{\"@type\":\"ReadAction\",\"target\":[\"https:\\\/\\\/mont-roig.cat\\\/es\\\/actualitat\\\/noticies\\\/el-pleno-de-mont-roig-del-camp-se-sumar-al-manifiesto-institucional-del-8m\\\/\"]}]},{\"@type\":\"ImageObject\",\"inLanguage\":\"es\",\"@id\":\"https:\\\/\\\/mont-roig.cat\\\/es\\\/actualitat\\\/noticies\\\/el-pleno-de-mont-roig-del-camp-se-sumar-al-manifiesto-institucional-del-8m\\\/#primaryimage\",\"url\":\"https:\\\/\\\/mont-roig.cat\\\/wp-content\\\/uploads\\\/Ple-Mont-roig-del-Camp.jpeg\",\"contentUrl\":\"https:\\\/\\\/mont-roig.cat\\\/wp-content\\\/uploads\\\/Ple-Mont-roig-del-Camp.jpeg\",\"width\":1305,\"height\":925},{\"@type\":\"BreadcrumbList\",\"@id\":\"https:\\\/\\\/mont-roig.cat\\\/es\\\/actualitat\\\/noticies\\\/el-pleno-de-mont-roig-del-camp-se-sumar-al-manifiesto-institucional-del-8m\\\/#breadcrumb\",\"itemListElement\":[{\"@type\":\"ListItem\",\"position\":1,\"name\":\"Inici\",\"item\":\"https:\\\/\\\/mont-roig.cat\\\/es\\\/pagina-de-inicio\\\/\"},{\"@type\":\"ListItem\",\"position\":2,\"name\":\"El pleno de Mont-roig del Camp se sumar al manifiesto institucional del 8M\"}]},{\"@type\":\"WebSite\",\"@id\":\"https:\\\/\\\/mont-roig.cat\\\/es\\\/#website\",\"url\":\"https:\\\/\\\/mont-roig.cat\\\/es\\\/\",\"name\":\"Ajuntament de Mont-roig del Camp\",\"description\":\"Tota la informaci\u00f3 sobre la instituci\u00f3, els seus \u00f2rgans de govern, actualitat, serveis i molt m\u00e9s.\",\"potentialAction\":[{\"@type\":\"SearchAction\",\"target\":{\"@type\":\"EntryPoint\",\"urlTemplate\":\"https:\\\/\\\/mont-roig.cat\\\/es\\\/?s={search_term_string}\"},\"query-input\":{\"@type\":\"PropertyValueSpecification\",\"valueRequired\":true,\"valueName\":\"search_term_string\"}}],\"inLanguage\":\"es\"},{\"@type\":\"Person\",\"@id\":\"https:\\\/\\\/mont-roig.cat\\\/es\\\/#\\\/schema\\\/person\\\/1f73e7b5e6f9dd122e8a6f14f310ac5e\",\"name\":\"comunicacio\",\"image\":{\"@type\":\"ImageObject\",\"inLanguage\":\"es\",\"@id\":\"https:\\\/\\\/secure.gravatar.com\\\/avatar\\\/98944333e7a877670a64f8d10f0cb680ab2c9ebc4efc43945ef004b52b5ad28c?s=96&d=mm&r=g\",\"url\":\"https:\\\/\\\/secure.gravatar.com\\\/avatar\\\/98944333e7a877670a64f8d10f0cb680ab2c9ebc4efc43945ef004b52b5ad28c?s=96&d=mm&r=g\",\"contentUrl\":\"https:\\\/\\\/secure.gravatar.com\\\/avatar\\\/98944333e7a877670a64f8d10f0cb680ab2c9ebc4efc43945ef004b52b5ad28c?s=96&d=mm&r=g\",\"caption\":\"comunicacio\"},\"url\":\"https:\\\/\\\/mont-roig.cat\\\/es\\\/actualitat\\\/noticies\\\/author\\\/comunicacio\\\/\"}]}<\/script>\n<!-- \/ Yoast SEO plugin. -->","yoast_head_json":{"title":"El pleno de Mont-roig del Camp se sumar al manifiesto institucional del 8M - Ajuntament de Mont-roig del Camp","robots":{"index":"index","follow":"follow","max-snippet":"max-snippet:-1","max-image-preview":"max-image-preview:large","max-video-preview":"max-video-preview:-1"},"canonical":"https:\/\/mont-roig.cat\/es\/actualitat\/noticies\/el-pleno-de-mont-roig-del-camp-se-sumar-al-manifiesto-institucional-del-8m\/","og_locale":"es_ES","og_type":"article","og_title":"El pleno de Mont-roig del Camp se sumar al manifiesto institucional del 8M - Ajuntament de Mont-roig del Camp","og_description":"Las concejalas del PSC, Junts, ERC y Plamimo han le\u00eddo el texto al inicio del pleno ordinario de marzo celebrado este lunes. Solo Vox ha votado en contra. El pleno del Ayuntamiento de Mont-roig del Camp se ha adherido al manifiesto institucional con motivo del 8 de marzo, D\u00eda Internacional de las Mujeres. El texto [&hellip;]","og_url":"https:\/\/mont-roig.cat\/es\/actualitat\/noticies\/el-pleno-de-mont-roig-del-camp-se-sumar-al-manifiesto-institucional-del-8m\/","og_site_name":"Ajuntament de Mont-roig del Camp","article_published_time":"2026-03-09T16:47:39+00:00","article_modified_time":"2026-03-09T16:53:38+00:00","og_image":[{"width":1305,"height":925,"url":"https:\/\/mont-roig.cat\/wp-content\/uploads\/Ple-Mont-roig-del-Camp.jpeg","type":"image\/jpeg"}],"author":"comunicacio","twitter_card":"summary_large_image","twitter_misc":{"Escrito por":"comunicacio","Tiempo de lectura":"3 minutos"},"schema":{"@context":"https:\/\/schema.org","@graph":[{"@type":"Article","@id":"https:\/\/mont-roig.cat\/es\/actualitat\/noticies\/el-pleno-de-mont-roig-del-camp-se-sumar-al-manifiesto-institucional-del-8m\/#article","isPartOf":{"@id":"https:\/\/mont-roig.cat\/es\/actualitat\/noticies\/el-pleno-de-mont-roig-del-camp-se-sumar-al-manifiesto-institucional-del-8m\/"},"author":{"name":"comunicacio","@id":"https:\/\/mont-roig.cat\/es\/#\/schema\/person\/1f73e7b5e6f9dd122e8a6f14f310ac5e"},"headline":"El pleno de Mont-roig del Camp se sumar al manifiesto institucional del 8M","datePublished":"2026-03-09T16:47:39+00:00","dateModified":"2026-03-09T16:53:38+00:00","mainEntityOfPage":{"@id":"https:\/\/mont-roig.cat\/es\/actualitat\/noticies\/el-pleno-de-mont-roig-del-camp-se-sumar-al-manifiesto-institucional-del-8m\/"},"wordCount":461,"image":{"@id":"https:\/\/mont-roig.cat\/es\/actualitat\/noticies\/el-pleno-de-mont-roig-del-camp-se-sumar-al-manifiesto-institucional-del-8m\/#primaryimage"},"thumbnailUrl":"https:\/\/mont-roig.cat\/wp-content\/uploads\/Ple-Mont-roig-del-Camp.jpeg","articleSection":["Alcalde","Ayuntamiento","Dona","Igualtat"],"inLanguage":"es"},{"@type":"WebPage","@id":"https:\/\/mont-roig.cat\/es\/actualitat\/noticies\/el-pleno-de-mont-roig-del-camp-se-sumar-al-manifiesto-institucional-del-8m\/","url":"https:\/\/mont-roig.cat\/es\/actualitat\/noticies\/el-pleno-de-mont-roig-del-camp-se-sumar-al-manifiesto-institucional-del-8m\/","name":"El pleno de Mont-roig del Camp se sumar al manifiesto institucional del 8M - Ajuntament de Mont-roig del Camp","isPartOf":{"@id":"https:\/\/mont-roig.cat\/es\/#website"},"primaryImageOfPage":{"@id":"https:\/\/mont-roig.cat\/es\/actualitat\/noticies\/el-pleno-de-mont-roig-del-camp-se-sumar-al-manifiesto-institucional-del-8m\/#primaryimage"},"image":{"@id":"https:\/\/mont-roig.cat\/es\/actualitat\/noticies\/el-pleno-de-mont-roig-del-camp-se-sumar-al-manifiesto-institucional-del-8m\/#primaryimage"},"thumbnailUrl":"https:\/\/mont-roig.cat\/wp-content\/uploads\/Ple-Mont-roig-del-Camp.jpeg","datePublished":"2026-03-09T16:47:39+00:00","dateModified":"2026-03-09T16:53:38+00:00","author":{"@id":"https:\/\/mont-roig.cat\/es\/#\/schema\/person\/1f73e7b5e6f9dd122e8a6f14f310ac5e"},"breadcrumb":{"@id":"https:\/\/mont-roig.cat\/es\/actualitat\/noticies\/el-pleno-de-mont-roig-del-camp-se-sumar-al-manifiesto-institucional-del-8m\/#breadcrumb"},"inLanguage":"es","potentialAction":[{"@type":"ReadAction","target":["https:\/\/mont-roig.cat\/es\/actualitat\/noticies\/el-pleno-de-mont-roig-del-camp-se-sumar-al-manifiesto-institucional-del-8m\/"]}]},{"@type":"ImageObject","inLanguage":"es","@id":"https:\/\/mont-roig.cat\/es\/actualitat\/noticies\/el-pleno-de-mont-roig-del-camp-se-sumar-al-manifiesto-institucional-del-8m\/#primaryimage","url":"https:\/\/mont-roig.cat\/wp-content\/uploads\/Ple-Mont-roig-del-Camp.jpeg","contentUrl":"https:\/\/mont-roig.cat\/wp-content\/uploads\/Ple-Mont-roig-del-Camp.jpeg","width":1305,"height":925},{"@type":"BreadcrumbList","@id":"https:\/\/mont-roig.cat\/es\/actualitat\/noticies\/el-pleno-de-mont-roig-del-camp-se-sumar-al-manifiesto-institucional-del-8m\/#breadcrumb","itemListElement":[{"@type":"ListItem","position":1,"name":"Inici","item":"https:\/\/mont-roig.cat\/es\/pagina-de-inicio\/"},{"@type":"ListItem","position":2,"name":"El pleno de Mont-roig del Camp se sumar al manifiesto institucional del 8M"}]},{"@type":"WebSite","@id":"https:\/\/mont-roig.cat\/es\/#website","url":"https:\/\/mont-roig.cat\/es\/","name":"Ajuntament de Mont-roig del Camp","description":"Tota la informaci\u00f3 sobre la instituci\u00f3, els seus \u00f2rgans de govern, actualitat, serveis i molt m\u00e9s.","potentialAction":[{"@type":"SearchAction","target":{"@type":"EntryPoint","urlTemplate":"https:\/\/mont-roig.cat\/es\/?s={search_term_string}"},"query-input":{"@type":"PropertyValueSpecification","valueRequired":true,"valueName":"search_term_string"}}],"inLanguage":"es"},{"@type":"Person","@id":"https:\/\/mont-roig.cat\/es\/#\/schema\/person\/1f73e7b5e6f9dd122e8a6f14f310ac5e","name":"comunicacio","image":{"@type":"ImageObject","inLanguage":"es","@id":"https:\/\/secure.gravatar.com\/avatar\/98944333e7a877670a64f8d10f0cb680ab2c9ebc4efc43945ef004b52b5ad28c?s=96&d=mm&r=g","url":"https:\/\/secure.gravatar.com\/avatar\/98944333e7a877670a64f8d10f0cb680ab2c9ebc4efc43945ef004b52b5ad28c?s=96&d=mm&r=g","contentUrl":"https:\/\/secure.gravatar.com\/avatar\/98944333e7a877670a64f8d10f0cb680ab2c9ebc4efc43945ef004b52b5ad28c?s=96&d=mm&r=g","caption":"comunicacio"},"url":"https:\/\/mont-roig.cat\/es\/actualitat\/noticies\/author\/comunicacio\/"}]}},"_links":{"self":[{"href":"https:\/\/mont-roig.cat\/es\/wp-json\/wp\/v2\/posts\/89924","targetHints":{"allow":["GET"]}}],"collection":[{"href":"https:\/\/mont-roig.cat\/es\/wp-json\/wp\/v2\/posts"}],"about":[{"href":"https:\/\/mont-roig.cat\/es\/wp-json\/wp\/v2\/types\/post"}],"author":[{"embeddable":true,"href":"https:\/\/mont-roig.cat\/es\/wp-json\/wp\/v2\/users\/13"}],"replies":[{"embeddable":true,"href":"https:\/\/mont-roig.cat\/es\/wp-json\/wp\/v2\/comments?post=89924"}],"version-history":[{"count":2,"href":"https:\/\/mont-roig.cat\/es\/wp-json\/wp\/v2\/posts\/89924\/revisions"}],"predecessor-version":[{"id":89926,"href":"https:\/\/mont-roig.cat\/es\/wp-json\/wp\/v2\/posts\/89924\/revisions\/89926"}],"wp:featuredmedia":[{"embeddable":true,"href":"https:\/\/mont-roig.cat\/es\/wp-json\/wp\/v2\/media\/89923"}],"wp:attachment":[{"href":"https:\/\/mont-roig.cat\/es\/wp-json\/wp\/v2\/media?parent=89924"}],"wp:term":[{"taxonomy":"category","embeddable":true,"href":"https:\/\/mont-roig.cat\/es\/wp-json\/wp\/v2\/categories?post=89924"},{"taxonomy":"post_tag","embeddable":true,"href":"https:\/\/mont-roig.cat\/es\/wp-json\/wp\/v2\/tags?post=89924"}],"curies":[{"name":"wp","href":"https:\/\/api.w.org\/{rel}","templated":true}]}}