{"id":90081,"date":"2026-03-11T13:01:09","date_gmt":"2026-03-11T12:01:09","guid":{"rendered":"https:\/\/mont-roig.cat\/actualitat\/noticies\/el-departament-de-joventut-impulsa-nous-cursos-formatius-per-a-joves-del-municipi\/"},"modified":"2026-03-11T13:09:53","modified_gmt":"2026-03-11T12:09:53","slug":"el-departamento-de-juventud-impulsa-nuevos-cursos-formativos-para-jovenes-del-municipio","status":"publish","type":"post","link":"https:\/\/mont-roig.cat\/es\/actualitat\/noticies\/el-departamento-de-juventud-impulsa-nuevos-cursos-formativos-para-jovenes-del-municipio\/","title":{"rendered":"El Departamento de Juventud impulsa nuevos cursos formativos para j\u00f3venes del municipio"},"content":{"rendered":"<p><strong><strong><a href=\"https:\/\/mont-roig.cat\/wp-content\/uploads\/Taller-portada.jpg\" target=\"_blank\" rel=\"noopener\"><img loading=\"lazy\" decoding=\"async\" class=\"alignright wp-image-90067\" src=\"https:\/\/mont-roig.cat\/wp-content\/uploads\/Taller-portada-353x500.jpg\" alt=\"\" width=\"252\" height=\"357\" srcset=\"https:\/\/mont-roig.cat\/wp-content\/uploads\/Taller-portada-353x500.jpg 353w, https:\/\/mont-roig.cat\/wp-content\/uploads\/Taller-portada-724x1024.jpg 724w, https:\/\/mont-roig.cat\/wp-content\/uploads\/Taller-portada-768x1086.jpg 768w, https:\/\/mont-roig.cat\/wp-content\/uploads\/Taller-portada-1086x1536.jpg 1086w, https:\/\/mont-roig.cat\/wp-content\/uploads\/Taller-portada.jpg 1131w\" sizes=\"auto, (max-width: 252px) 100vw, 252px\" \/><\/a><\/strong><\/strong><\/p>\n<ul>\n<li data-start=\"102\" data-end=\"232\"><strong>La programaci\u00f3n incluye tambi\u00e9n talleres gratuitos, en l\u00ednea y presenciales, dirigidos a familias con adolescentes. se ofrecen cursos de monitor de transporte escolar, lengua de signos en catal\u00e1n, monitor\/a y coordinador\/a de comedor escolar y cuidador\/a escolar.<\/strong><\/li>\n<\/ul>\n<p data-start=\"234\" data-end=\"537\">El Departamento de Juventud del Ayuntamiento de Mont-roig del Camp ha puesto en marcha una nueva programaci\u00f3n de cursos y formaciones dirigidas a los j\u00f3venes del municipio con el objetivo de facilitar la adquisici\u00f3n de conocimientos y experiencia de cara a su incorporaci\u00f3n al mundo laboral.<\/p>\n<p data-start=\"539\" data-end=\"864\">Entre las propuestas formativas se ofrecen cursos de monitor de transporte escolar, lengua de signos en catal\u00e1n, monitor\/a y coordinador\/a de comedor escolar y cuidador\/a escolar. Se trata de formaciones con precios populares, que oscilan entre los 15 y los 50 euros, y que ya tienen las inscripciones abiertas.<\/p>\n<p data-start=\"866\" data-end=\"1114\">El primer curso, el de monitor de transporte escolar, comenzar\u00e1 el pr\u00f3ximo 23 de marzo en el Polivalente de Miami Platja. Posteriormente, el 30 de marzo, se iniciar\u00e1 el curso de lengua de signos en catal\u00e1n en el Espai Jove K1 de Mont-roig del Camp.<\/p>\n<p data-start=\"1116\" data-end=\"1401\">Paralelamente, tambi\u00e9n se han programado diversas actividades dirigidas a familias con adolescentes, tanto en formato presencial como en l\u00ednea. Estos talleres, gratuitos, abordar\u00e1n temas como el bienestar emocional, el acompa\u00f1amiento de la sexualidad adolescente o la presi\u00f3n est\u00e9tica.<\/p>\n<p data-start=\"1403\" data-end=\"1790\" data-is-last-node=\"\" data-is-only-node=\"\">Los y las j\u00f3venes interesados\/as en participar en alguno de los cursos, as\u00ed como las familias que quieran inscribirse en los talleres, pueden realizar la inscripci\u00f3n previa u obtener m\u00e1s informaci\u00f3n contactando con el Departamento de Juventud a trav\u00e9s del correo electr\u00f3nico <a class=\"decorated-link cursor-pointer\" rel=\"noopener\" data-start=\"1680\" data-end=\"1702\">joventut@mont-roig.cat<\/a>, en sus redes sociales @joves_montroigmiami o por tel\u00e9fono en el 977 172 536.<\/p>\n<p data-start=\"1484\" data-end=\"1846\"><a href=\"https:\/\/mont-roig.cat\/wp-content\/uploads\/trasnport.jpg\"><img loading=\"lazy\" decoding=\"async\" class=\" wp-image-90070 alignleft\" src=\"https:\/\/mont-roig.cat\/wp-content\/uploads\/trasnport-395x500.jpg\" alt=\"\" width=\"248\" height=\"314\" srcset=\"https:\/\/mont-roig.cat\/wp-content\/uploads\/trasnport-395x500.jpg 395w, https:\/\/mont-roig.cat\/wp-content\/uploads\/trasnport.jpg 683w\" sizes=\"auto, (max-width: 248px) 100vw, 248px\" \/><\/a><a href=\"https:\/\/mont-roig.cat\/wp-content\/uploads\/taller3.jpg\"><img loading=\"lazy\" decoding=\"async\" class=\" wp-image-90069 alignleft\" src=\"https:\/\/mont-roig.cat\/wp-content\/uploads\/taller3-353x500.jpg\" alt=\"\" width=\"220\" height=\"311\" srcset=\"https:\/\/mont-roig.cat\/wp-content\/uploads\/taller3-353x500.jpg 353w, https:\/\/mont-roig.cat\/wp-content\/uploads\/taller3-724x1024.jpg 724w, https:\/\/mont-roig.cat\/wp-content\/uploads\/taller3-768x1086.jpg 768w, https:\/\/mont-roig.cat\/wp-content\/uploads\/taller3-1086x1536.jpg 1086w, https:\/\/mont-roig.cat\/wp-content\/uploads\/taller3.jpg 1131w\" sizes=\"auto, (max-width: 220px) 100vw, 220px\" \/><\/a><a href=\"https:\/\/mont-roig.cat\/wp-content\/uploads\/taller2.jpg\"><img loading=\"lazy\" decoding=\"async\" class=\" wp-image-90068 alignleft\" src=\"https:\/\/mont-roig.cat\/wp-content\/uploads\/taller2-403x500.jpg\" alt=\"\" width=\"251\" height=\"311\" srcset=\"https:\/\/mont-roig.cat\/wp-content\/uploads\/taller2-403x500.jpg 403w, https:\/\/mont-roig.cat\/wp-content\/uploads\/taller2.jpg 691w\" sizes=\"auto, (max-width: 251px) 100vw, 251px\" \/><\/a><\/p>\n","protected":false},"excerpt":{"rendered":"<p>La programaci\u00f3n incluye tambi\u00e9n talleres gratuitos, en l\u00ednea y presenciales, dirigidos a familias con adolescentes. se ofrecen cursos de monitor de transporte escolar, lengua de signos en catal\u00e1n, monitor\/a y coordinador\/a de comedor escolar y cuidador\/a escolar. El Departamento de Juventud del Ayuntamiento de Mont-roig del Camp ha puesto en marcha una nueva programaci\u00f3n de [&hellip;]<\/p>\n","protected":false},"author":13,"featured_media":0,"comment_status":"closed","ping_status":"closed","sticky":false,"template":"","format":"standard","meta":{"inline_featured_image":false,"_monsterinsights_skip_tracking":false,"_monsterinsights_sitenote_active":false,"_monsterinsights_sitenote_note":"","_monsterinsights_sitenote_category":0,"footnotes":""},"categories":[156,98,106],"tags":[],"class_list":["post-90081","post","type-post","status-publish","format-standard","hentry","category-alcalde-es","category-ayuntamiento","category-juventud"],"yoast_head":"<!-- This site is optimized with the Yoast SEO plugin v27.4 - https:\/\/yoast.com\/product\/yoast-seo-wordpress\/ -->\n<title>El Departamento de Juventud impulsa nuevos cursos formativos para j\u00f3venes del municipio - Ajuntament de Mont-roig del Camp<\/title>\n<meta name=\"robots\" content=\"index, follow, max-snippet:-1, max-image-preview:large, max-video-preview:-1\" \/>\n<link rel=\"canonical\" href=\"https:\/\/mont-roig.cat\/es\/actualitat\/noticies\/el-departamento-de-juventud-impulsa-nuevos-cursos-formativos-para-jovenes-del-municipio\/\" \/>\n<meta property=\"og:locale\" content=\"es_ES\" \/>\n<meta property=\"og:type\" content=\"article\" \/>\n<meta property=\"og:title\" content=\"El Departamento de Juventud impulsa nuevos cursos formativos para j\u00f3venes del municipio - Ajuntament de Mont-roig del Camp\" \/>\n<meta property=\"og:description\" content=\"La programaci\u00f3n incluye tambi\u00e9n talleres gratuitos, en l\u00ednea y presenciales, dirigidos a familias con adolescentes. se ofrecen cursos de monitor de transporte escolar, lengua de signos en catal\u00e1n, monitor\/a y coordinador\/a de comedor escolar y cuidador\/a escolar. El Departamento de Juventud del Ayuntamiento de Mont-roig del Camp ha puesto en marcha una nueva programaci\u00f3n de [&hellip;]\" \/>\n<meta property=\"og:url\" content=\"https:\/\/mont-roig.cat\/es\/actualitat\/noticies\/el-departamento-de-juventud-impulsa-nuevos-cursos-formativos-para-jovenes-del-municipio\/\" \/>\n<meta property=\"og:site_name\" content=\"Ajuntament de Mont-roig del Camp\" \/>\n<meta property=\"article:published_time\" content=\"2026-03-11T12:01:09+00:00\" \/>\n<meta property=\"article:modified_time\" content=\"2026-03-11T12:09:53+00:00\" \/>\n<meta property=\"og:image\" content=\"https:\/\/mont-roig.cat\/wp-content\/uploads\/Taller-portada.jpg\" \/>\n\t<meta property=\"og:image:width\" content=\"1131\" \/>\n\t<meta property=\"og:image:height\" content=\"1600\" \/>\n\t<meta property=\"og:image:type\" content=\"image\/jpeg\" \/>\n<meta name=\"author\" content=\"comunicacio\" \/>\n<meta name=\"twitter:card\" content=\"summary_large_image\" \/>\n<meta name=\"twitter:label1\" content=\"Escrito por\" \/>\n\t<meta name=\"twitter:data1\" content=\"comunicacio\" \/>\n\t<meta name=\"twitter:label2\" content=\"Tiempo de lectura\" \/>\n\t<meta name=\"twitter:data2\" content=\"3 minutos\" \/>\n<script type=\"application\/ld+json\" class=\"yoast-schema-graph\">{\"@context\":\"https:\\\/\\\/schema.org\",\"@graph\":[{\"@type\":\"Article\",\"@id\":\"https:\\\/\\\/mont-roig.cat\\\/es\\\/actualitat\\\/noticies\\\/el-departamento-de-juventud-impulsa-nuevos-cursos-formativos-para-jovenes-del-municipio\\\/#article\",\"isPartOf\":{\"@id\":\"https:\\\/\\\/mont-roig.cat\\\/es\\\/actualitat\\\/noticies\\\/el-departamento-de-juventud-impulsa-nuevos-cursos-formativos-para-jovenes-del-municipio\\\/\"},\"author\":{\"name\":\"comunicacio\",\"@id\":\"https:\\\/\\\/mont-roig.cat\\\/es\\\/#\\\/schema\\\/person\\\/1f73e7b5e6f9dd122e8a6f14f310ac5e\"},\"headline\":\"El Departamento de Juventud impulsa nuevos cursos formativos para j\u00f3venes del municipio\",\"datePublished\":\"2026-03-11T12:01:09+00:00\",\"dateModified\":\"2026-03-11T12:09:53+00:00\",\"mainEntityOfPage\":{\"@id\":\"https:\\\/\\\/mont-roig.cat\\\/es\\\/actualitat\\\/noticies\\\/el-departamento-de-juventud-impulsa-nuevos-cursos-formativos-para-jovenes-del-municipio\\\/\"},\"wordCount\":311,\"image\":{\"@id\":\"https:\\\/\\\/mont-roig.cat\\\/es\\\/actualitat\\\/noticies\\\/el-departamento-de-juventud-impulsa-nuevos-cursos-formativos-para-jovenes-del-municipio\\\/#primaryimage\"},\"thumbnailUrl\":\"https:\\\/\\\/mont-roig.cat\\\/wp-content\\\/uploads\\\/Taller-portada-353x500.jpg\",\"articleSection\":[\"Alcalde\",\"Ayuntamiento\",\"Juventud\"],\"inLanguage\":\"es\"},{\"@type\":\"WebPage\",\"@id\":\"https:\\\/\\\/mont-roig.cat\\\/es\\\/actualitat\\\/noticies\\\/el-departamento-de-juventud-impulsa-nuevos-cursos-formativos-para-jovenes-del-municipio\\\/\",\"url\":\"https:\\\/\\\/mont-roig.cat\\\/es\\\/actualitat\\\/noticies\\\/el-departamento-de-juventud-impulsa-nuevos-cursos-formativos-para-jovenes-del-municipio\\\/\",\"name\":\"El Departamento de Juventud impulsa nuevos cursos formativos para j\u00f3venes del municipio - Ajuntament de Mont-roig del Camp\",\"isPartOf\":{\"@id\":\"https:\\\/\\\/mont-roig.cat\\\/es\\\/#website\"},\"primaryImageOfPage\":{\"@id\":\"https:\\\/\\\/mont-roig.cat\\\/es\\\/actualitat\\\/noticies\\\/el-departamento-de-juventud-impulsa-nuevos-cursos-formativos-para-jovenes-del-municipio\\\/#primaryimage\"},\"image\":{\"@id\":\"https:\\\/\\\/mont-roig.cat\\\/es\\\/actualitat\\\/noticies\\\/el-departamento-de-juventud-impulsa-nuevos-cursos-formativos-para-jovenes-del-municipio\\\/#primaryimage\"},\"thumbnailUrl\":\"https:\\\/\\\/mont-roig.cat\\\/wp-content\\\/uploads\\\/Taller-portada-353x500.jpg\",\"datePublished\":\"2026-03-11T12:01:09+00:00\",\"dateModified\":\"2026-03-11T12:09:53+00:00\",\"author\":{\"@id\":\"https:\\\/\\\/mont-roig.cat\\\/es\\\/#\\\/schema\\\/person\\\/1f73e7b5e6f9dd122e8a6f14f310ac5e\"},\"breadcrumb\":{\"@id\":\"https:\\\/\\\/mont-roig.cat\\\/es\\\/actualitat\\\/noticies\\\/el-departamento-de-juventud-impulsa-nuevos-cursos-formativos-para-jovenes-del-municipio\\\/#breadcrumb\"},\"inLanguage\":\"es\",\"potentialAction\":[{\"@type\":\"ReadAction\",\"target\":[\"https:\\\/\\\/mont-roig.cat\\\/es\\\/actualitat\\\/noticies\\\/el-departamento-de-juventud-impulsa-nuevos-cursos-formativos-para-jovenes-del-municipio\\\/\"]}]},{\"@type\":\"ImageObject\",\"inLanguage\":\"es\",\"@id\":\"https:\\\/\\\/mont-roig.cat\\\/es\\\/actualitat\\\/noticies\\\/el-departamento-de-juventud-impulsa-nuevos-cursos-formativos-para-jovenes-del-municipio\\\/#primaryimage\",\"url\":\"https:\\\/\\\/mont-roig.cat\\\/wp-content\\\/uploads\\\/Taller-portada-353x500.jpg\",\"contentUrl\":\"https:\\\/\\\/mont-roig.cat\\\/wp-content\\\/uploads\\\/Taller-portada-353x500.jpg\"},{\"@type\":\"BreadcrumbList\",\"@id\":\"https:\\\/\\\/mont-roig.cat\\\/es\\\/actualitat\\\/noticies\\\/el-departamento-de-juventud-impulsa-nuevos-cursos-formativos-para-jovenes-del-municipio\\\/#breadcrumb\",\"itemListElement\":[{\"@type\":\"ListItem\",\"position\":1,\"name\":\"Inici\",\"item\":\"https:\\\/\\\/mont-roig.cat\\\/es\\\/pagina-de-inicio\\\/\"},{\"@type\":\"ListItem\",\"position\":2,\"name\":\"El Departamento de Juventud impulsa nuevos cursos formativos para j\u00f3venes del municipio\"}]},{\"@type\":\"WebSite\",\"@id\":\"https:\\\/\\\/mont-roig.cat\\\/es\\\/#website\",\"url\":\"https:\\\/\\\/mont-roig.cat\\\/es\\\/\",\"name\":\"Ajuntament de Mont-roig del Camp\",\"description\":\"Tota la informaci\u00f3 sobre la instituci\u00f3, els seus \u00f2rgans de govern, actualitat, serveis i molt m\u00e9s.\",\"potentialAction\":[{\"@type\":\"SearchAction\",\"target\":{\"@type\":\"EntryPoint\",\"urlTemplate\":\"https:\\\/\\\/mont-roig.cat\\\/es\\\/?s={search_term_string}\"},\"query-input\":{\"@type\":\"PropertyValueSpecification\",\"valueRequired\":true,\"valueName\":\"search_term_string\"}}],\"inLanguage\":\"es\"},{\"@type\":\"Person\",\"@id\":\"https:\\\/\\\/mont-roig.cat\\\/es\\\/#\\\/schema\\\/person\\\/1f73e7b5e6f9dd122e8a6f14f310ac5e\",\"name\":\"comunicacio\",\"image\":{\"@type\":\"ImageObject\",\"inLanguage\":\"es\",\"@id\":\"https:\\\/\\\/secure.gravatar.com\\\/avatar\\\/98944333e7a877670a64f8d10f0cb680ab2c9ebc4efc43945ef004b52b5ad28c?s=96&d=mm&r=g\",\"url\":\"https:\\\/\\\/secure.gravatar.com\\\/avatar\\\/98944333e7a877670a64f8d10f0cb680ab2c9ebc4efc43945ef004b52b5ad28c?s=96&d=mm&r=g\",\"contentUrl\":\"https:\\\/\\\/secure.gravatar.com\\\/avatar\\\/98944333e7a877670a64f8d10f0cb680ab2c9ebc4efc43945ef004b52b5ad28c?s=96&d=mm&r=g\",\"caption\":\"comunicacio\"},\"url\":\"https:\\\/\\\/mont-roig.cat\\\/es\\\/actualitat\\\/noticies\\\/author\\\/comunicacio\\\/\"}]}<\/script>\n<!-- \/ Yoast SEO plugin. -->","yoast_head_json":{"title":"El Departamento de Juventud impulsa nuevos cursos formativos para j\u00f3venes del municipio - Ajuntament de Mont-roig del Camp","robots":{"index":"index","follow":"follow","max-snippet":"max-snippet:-1","max-image-preview":"max-image-preview:large","max-video-preview":"max-video-preview:-1"},"canonical":"https:\/\/mont-roig.cat\/es\/actualitat\/noticies\/el-departamento-de-juventud-impulsa-nuevos-cursos-formativos-para-jovenes-del-municipio\/","og_locale":"es_ES","og_type":"article","og_title":"El Departamento de Juventud impulsa nuevos cursos formativos para j\u00f3venes del municipio - Ajuntament de Mont-roig del Camp","og_description":"La programaci\u00f3n incluye tambi\u00e9n talleres gratuitos, en l\u00ednea y presenciales, dirigidos a familias con adolescentes. se ofrecen cursos de monitor de transporte escolar, lengua de signos en catal\u00e1n, monitor\/a y coordinador\/a de comedor escolar y cuidador\/a escolar. El Departamento de Juventud del Ayuntamiento de Mont-roig del Camp ha puesto en marcha una nueva programaci\u00f3n de [&hellip;]","og_url":"https:\/\/mont-roig.cat\/es\/actualitat\/noticies\/el-departamento-de-juventud-impulsa-nuevos-cursos-formativos-para-jovenes-del-municipio\/","og_site_name":"Ajuntament de Mont-roig del Camp","article_published_time":"2026-03-11T12:01:09+00:00","article_modified_time":"2026-03-11T12:09:53+00:00","og_image":[{"width":1131,"height":1600,"url":"https:\/\/mont-roig.cat\/wp-content\/uploads\/Taller-portada.jpg","type":"image\/jpeg"}],"author":"comunicacio","twitter_card":"summary_large_image","twitter_misc":{"Escrito por":"comunicacio","Tiempo de lectura":"3 minutos"},"schema":{"@context":"https:\/\/schema.org","@graph":[{"@type":"Article","@id":"https:\/\/mont-roig.cat\/es\/actualitat\/noticies\/el-departamento-de-juventud-impulsa-nuevos-cursos-formativos-para-jovenes-del-municipio\/#article","isPartOf":{"@id":"https:\/\/mont-roig.cat\/es\/actualitat\/noticies\/el-departamento-de-juventud-impulsa-nuevos-cursos-formativos-para-jovenes-del-municipio\/"},"author":{"name":"comunicacio","@id":"https:\/\/mont-roig.cat\/es\/#\/schema\/person\/1f73e7b5e6f9dd122e8a6f14f310ac5e"},"headline":"El Departamento de Juventud impulsa nuevos cursos formativos para j\u00f3venes del municipio","datePublished":"2026-03-11T12:01:09+00:00","dateModified":"2026-03-11T12:09:53+00:00","mainEntityOfPage":{"@id":"https:\/\/mont-roig.cat\/es\/actualitat\/noticies\/el-departamento-de-juventud-impulsa-nuevos-cursos-formativos-para-jovenes-del-municipio\/"},"wordCount":311,"image":{"@id":"https:\/\/mont-roig.cat\/es\/actualitat\/noticies\/el-departamento-de-juventud-impulsa-nuevos-cursos-formativos-para-jovenes-del-municipio\/#primaryimage"},"thumbnailUrl":"https:\/\/mont-roig.cat\/wp-content\/uploads\/Taller-portada-353x500.jpg","articleSection":["Alcalde","Ayuntamiento","Juventud"],"inLanguage":"es"},{"@type":"WebPage","@id":"https:\/\/mont-roig.cat\/es\/actualitat\/noticies\/el-departamento-de-juventud-impulsa-nuevos-cursos-formativos-para-jovenes-del-municipio\/","url":"https:\/\/mont-roig.cat\/es\/actualitat\/noticies\/el-departamento-de-juventud-impulsa-nuevos-cursos-formativos-para-jovenes-del-municipio\/","name":"El Departamento de Juventud impulsa nuevos cursos formativos para j\u00f3venes del municipio - Ajuntament de Mont-roig del Camp","isPartOf":{"@id":"https:\/\/mont-roig.cat\/es\/#website"},"primaryImageOfPage":{"@id":"https:\/\/mont-roig.cat\/es\/actualitat\/noticies\/el-departamento-de-juventud-impulsa-nuevos-cursos-formativos-para-jovenes-del-municipio\/#primaryimage"},"image":{"@id":"https:\/\/mont-roig.cat\/es\/actualitat\/noticies\/el-departamento-de-juventud-impulsa-nuevos-cursos-formativos-para-jovenes-del-municipio\/#primaryimage"},"thumbnailUrl":"https:\/\/mont-roig.cat\/wp-content\/uploads\/Taller-portada-353x500.jpg","datePublished":"2026-03-11T12:01:09+00:00","dateModified":"2026-03-11T12:09:53+00:00","author":{"@id":"https:\/\/mont-roig.cat\/es\/#\/schema\/person\/1f73e7b5e6f9dd122e8a6f14f310ac5e"},"breadcrumb":{"@id":"https:\/\/mont-roig.cat\/es\/actualitat\/noticies\/el-departamento-de-juventud-impulsa-nuevos-cursos-formativos-para-jovenes-del-municipio\/#breadcrumb"},"inLanguage":"es","potentialAction":[{"@type":"ReadAction","target":["https:\/\/mont-roig.cat\/es\/actualitat\/noticies\/el-departamento-de-juventud-impulsa-nuevos-cursos-formativos-para-jovenes-del-municipio\/"]}]},{"@type":"ImageObject","inLanguage":"es","@id":"https:\/\/mont-roig.cat\/es\/actualitat\/noticies\/el-departamento-de-juventud-impulsa-nuevos-cursos-formativos-para-jovenes-del-municipio\/#primaryimage","url":"https:\/\/mont-roig.cat\/wp-content\/uploads\/Taller-portada-353x500.jpg","contentUrl":"https:\/\/mont-roig.cat\/wp-content\/uploads\/Taller-portada-353x500.jpg"},{"@type":"BreadcrumbList","@id":"https:\/\/mont-roig.cat\/es\/actualitat\/noticies\/el-departamento-de-juventud-impulsa-nuevos-cursos-formativos-para-jovenes-del-municipio\/#breadcrumb","itemListElement":[{"@type":"ListItem","position":1,"name":"Inici","item":"https:\/\/mont-roig.cat\/es\/pagina-de-inicio\/"},{"@type":"ListItem","position":2,"name":"El Departamento de Juventud impulsa nuevos cursos formativos para j\u00f3venes del municipio"}]},{"@type":"WebSite","@id":"https:\/\/mont-roig.cat\/es\/#website","url":"https:\/\/mont-roig.cat\/es\/","name":"Ajuntament de Mont-roig del Camp","description":"Tota la informaci\u00f3 sobre la instituci\u00f3, els seus \u00f2rgans de govern, actualitat, serveis i molt m\u00e9s.","potentialAction":[{"@type":"SearchAction","target":{"@type":"EntryPoint","urlTemplate":"https:\/\/mont-roig.cat\/es\/?s={search_term_string}"},"query-input":{"@type":"PropertyValueSpecification","valueRequired":true,"valueName":"search_term_string"}}],"inLanguage":"es"},{"@type":"Person","@id":"https:\/\/mont-roig.cat\/es\/#\/schema\/person\/1f73e7b5e6f9dd122e8a6f14f310ac5e","name":"comunicacio","image":{"@type":"ImageObject","inLanguage":"es","@id":"https:\/\/secure.gravatar.com\/avatar\/98944333e7a877670a64f8d10f0cb680ab2c9ebc4efc43945ef004b52b5ad28c?s=96&d=mm&r=g","url":"https:\/\/secure.gravatar.com\/avatar\/98944333e7a877670a64f8d10f0cb680ab2c9ebc4efc43945ef004b52b5ad28c?s=96&d=mm&r=g","contentUrl":"https:\/\/secure.gravatar.com\/avatar\/98944333e7a877670a64f8d10f0cb680ab2c9ebc4efc43945ef004b52b5ad28c?s=96&d=mm&r=g","caption":"comunicacio"},"url":"https:\/\/mont-roig.cat\/es\/actualitat\/noticies\/author\/comunicacio\/"}]}},"_links":{"self":[{"href":"https:\/\/mont-roig.cat\/es\/wp-json\/wp\/v2\/posts\/90081","targetHints":{"allow":["GET"]}}],"collection":[{"href":"https:\/\/mont-roig.cat\/es\/wp-json\/wp\/v2\/posts"}],"about":[{"href":"https:\/\/mont-roig.cat\/es\/wp-json\/wp\/v2\/types\/post"}],"author":[{"embeddable":true,"href":"https:\/\/mont-roig.cat\/es\/wp-json\/wp\/v2\/users\/13"}],"replies":[{"embeddable":true,"href":"https:\/\/mont-roig.cat\/es\/wp-json\/wp\/v2\/comments?post=90081"}],"version-history":[{"count":3,"href":"https:\/\/mont-roig.cat\/es\/wp-json\/wp\/v2\/posts\/90081\/revisions"}],"predecessor-version":[{"id":90086,"href":"https:\/\/mont-roig.cat\/es\/wp-json\/wp\/v2\/posts\/90081\/revisions\/90086"}],"wp:attachment":[{"href":"https:\/\/mont-roig.cat\/es\/wp-json\/wp\/v2\/media?parent=90081"}],"wp:term":[{"taxonomy":"category","embeddable":true,"href":"https:\/\/mont-roig.cat\/es\/wp-json\/wp\/v2\/categories?post=90081"},{"taxonomy":"post_tag","embeddable":true,"href":"https:\/\/mont-roig.cat\/es\/wp-json\/wp\/v2\/tags?post=90081"}],"curies":[{"name":"wp","href":"https:\/\/api.w.org\/{rel}","templated":true}]}}