{"id":90138,"date":"2026-03-16T12:28:27","date_gmt":"2026-03-16T11:28:27","guid":{"rendered":"https:\/\/mont-roig.cat\/actualitat\/noticies\/la-brigada-municipal-construeix-unes-noves-escales-per-millorar-lacces-entre-laparcament-de-la-murada-i-el-carrer-de-la-murada-a-mont-roig-del-camp\/"},"modified":"2026-03-16T12:33:32","modified_gmt":"2026-03-16T11:33:32","slug":"la-brigada-municipal-construeix-unes-noves-escales-per-millorar-lacces-entre-laparcament-de-la-murada-i-el-carrer-de-la-murada-a-mont-roig-del-camp","status":"publish","type":"post","link":"https:\/\/mont-roig.cat\/es\/actualitat\/noticies\/la-brigada-municipal-construeix-unes-noves-escales-per-millorar-lacces-entre-laparcament-de-la-murada-i-el-carrer-de-la-murada-a-mont-roig-del-camp\/","title":{"rendered":"La brigada municipal construye unas nuevas escaleras para mejorar el acceso entre el aparcamiento de la Murada y el carrer de la Murada de Mont-roig del Camp"},"content":{"rendered":"<div class=\"flex flex-col text-sm pb-25\">\n<article class=\"text-token-text-primary w-full focus:outline-none [--shadow-height:45px] has-data-writing-block:pointer-events-none has-data-writing-block:-mt-(--shadow-height) has-data-writing-block:pt-(--shadow-height) [&amp;:has([data-writing-block])&gt;*]:pointer-events-auto scroll-mt-[calc(var(--header-height)+min(200px,max(70px,20svh)))]\" dir=\"auto\" tabindex=\"-1\" data-turn-id=\"request-WEB:fef18082-3c39-4494-b536-090af3991b43-1\" data-testid=\"conversation-turn-4\" data-scroll-anchor=\"true\" data-turn=\"assistant\">\n<div class=\"text-base my-auto mx-auto pb-10 [--thread-content-margin:var(--thread-content-margin-xs,calc(var(--spacing)*4))] @w-sm\/main:[--thread-content-margin:var(--thread-content-margin-sm,calc(var(--spacing)*6))] @w-lg\/main:[--thread-content-margin:var(--thread-content-margin-lg,calc(var(--spacing)*16))] px-(--thread-content-margin)\">\n<div class=\"[--thread-content-max-width:40rem] @w-lg\/main:[--thread-content-max-width:48rem] mx-auto max-w-(--thread-content-max-width) flex-1 group\/turn-messages focus-visible:outline-hidden relative flex w-full min-w-0 flex-col agent-turn\" tabindex=\"-1\">\n<div class=\"flex max-w-full flex-col gap-4 grow\">\n<div class=\"min-h-8 text-message relative flex w-full flex-col items-end gap-2 text-start break-words whitespace-normal [.text-message+&amp;]:mt-1\" dir=\"auto\" data-message-author-role=\"assistant\" data-message-id=\"99db1dfb-2a66-4e3b-b888-6fb218891e84\" data-message-model-slug=\"gpt-5-3\">\n<div class=\"flex w-full flex-col gap-1 empty:hidden\">\n<div class=\"markdown prose dark:prose-invert w-full wrap-break-word light markdown-new-styling\">\n<ul>\n<li data-start=\"152\" data-end=\"332\"><strong><a href=\"https:\/\/mont-roig.cat\/wp-content\/uploads\/murada.jpeg\" target=\"_blank\" rel=\"noopener\"><img loading=\"lazy\" decoding=\"async\" class=\"alignright wp-image-90134\" src=\"https:\/\/mont-roig.cat\/wp-content\/uploads\/murada-500x500.jpeg\" alt=\"\" width=\"291\" height=\"291\" srcset=\"https:\/\/mont-roig.cat\/wp-content\/uploads\/murada-500x500.jpeg 500w, https:\/\/mont-roig.cat\/wp-content\/uploads\/murada-1024x1024.jpeg 1024w, https:\/\/mont-roig.cat\/wp-content\/uploads\/murada-50x50.jpeg 50w, https:\/\/mont-roig.cat\/wp-content\/uploads\/murada-768x768.jpeg 768w, https:\/\/mont-roig.cat\/wp-content\/uploads\/murada-560x560.jpeg 560w, https:\/\/mont-roig.cat\/wp-content\/uploads\/murada-367x367.jpeg 367w, https:\/\/mont-roig.cat\/wp-content\/uploads\/murada-450x450.jpeg 450w, https:\/\/mont-roig.cat\/wp-content\/uploads\/murada-85x85.jpeg 85w, https:\/\/mont-roig.cat\/wp-content\/uploads\/murada-45x45.jpeg 45w, https:\/\/mont-roig.cat\/wp-content\/uploads\/murada.jpeg 1496w\" sizes=\"auto, (max-width: 291px) 100vw, 291px\" \/><\/a>La actuaci\u00f3n facilitar\u00e1 el paso de los peatones, especialmente de los usuarios del aparcamiento, y mejorar\u00e1 la conexi\u00f3n con el tanatori y las viviendas de la zona.<\/strong><\/li>\n<\/ul>\n<p data-start=\"334\" data-end=\"614\">La brigada municipal de Nostreserveis est\u00e1 ejecutando estos d\u00edas la construcci\u00f3n de unas nuevas escaleras que conectar\u00e1n el final del aparcamiento de la Murada con el carrer de la Murada de Mont-roig del Camp, con el objetivo de mejorar la movilidad y facilitar el acceso de los usuarios de este espacio.<\/p>\n<p data-start=\"616\" data-end=\"858\">Esta actuaci\u00f3n permitir\u00e1 disponer de un paso m\u00e1s directo y c\u00f3modo para las personas que utilizan el aparcamiento, especialmente para acceder al tanatori y a las viviendas situadas en la zona, salvando el desnivel existente entre ambos puntos.<\/p>\n<p data-start=\"860\" data-end=\"1169\">Los trabajos han consistido en la construcci\u00f3n de unas escaleras de obra de dos metros de anchura, equipadas con una barandilla met\u00e1lica para reforzar la seguridad de los peatones. Adem\u00e1s, la actuaci\u00f3n tambi\u00e9n incluye el repintado de las paredes contiguas para mejorar la integraci\u00f3n y el aspecto del espacio.<\/p>\n<p data-start=\"1171\" data-end=\"1321\" data-is-last-node=\"\" data-is-only-node=\"\">Actualmente, la brigada municipal est\u00e1 finalizando los trabajos con las tareas de pintura, que permitir\u00e1n completar la actuaci\u00f3n en los pr\u00f3ximos d\u00edas.<\/p>\n<\/div>\n<\/div>\n<\/div>\n<\/div>\n<div class=\"z-0 flex min-h-[46px] justify-start\"><\/div>\n<\/div>\n<\/div>\n<\/article>\n<\/div>\n<div class=\"pointer-events-none h-px w-px absolute bottom-0\" aria-hidden=\"true\" data-edge=\"true\"><\/div>\n","protected":false},"excerpt":{"rendered":"<p>La actuaci\u00f3n facilitar\u00e1 el paso de los peatones, especialmente de los usuarios del aparcamiento, y mejorar\u00e1 la conexi\u00f3n con el tanatori y las viviendas de la zona. La brigada municipal de Nostreserveis est\u00e1 ejecutando estos d\u00edas la construcci\u00f3n de unas nuevas escaleras que conectar\u00e1n el final del aparcamiento de la Murada con el carrer de [&hellip;]<\/p>\n","protected":false},"author":13,"featured_media":90134,"comment_status":"closed","ping_status":"closed","sticky":false,"template":"","format":"standard","meta":{"inline_featured_image":false,"_monsterinsights_skip_tracking":false,"_monsterinsights_sitenote_active":false,"_monsterinsights_sitenote_note":"","_monsterinsights_sitenote_category":0,"footnotes":""},"categories":[98,204],"tags":[],"class_list":["post-90138","post","type-post","status-publish","format-standard","has-post-thumbnail","hentry","category-ayuntamiento","category-nostreserveis-es"],"yoast_head":"<!-- This site is optimized with the Yoast SEO plugin v27.4 - https:\/\/yoast.com\/product\/yoast-seo-wordpress\/ -->\n<title>La brigada municipal construye unas nuevas escaleras para mejorar el acceso entre el aparcamiento de la Murada y el carrer de la Murada de Mont-roig del Camp - Ajuntament de Mont-roig del Camp<\/title>\n<meta name=\"robots\" content=\"index, follow, max-snippet:-1, max-image-preview:large, max-video-preview:-1\" \/>\n<link rel=\"canonical\" href=\"https:\/\/mont-roig.cat\/es\/actualitat\/noticies\/la-brigada-municipal-construeix-unes-noves-escales-per-millorar-lacces-entre-laparcament-de-la-murada-i-el-carrer-de-la-murada-a-mont-roig-del-camp\/\" \/>\n<meta property=\"og:locale\" content=\"es_ES\" \/>\n<meta property=\"og:type\" content=\"article\" \/>\n<meta property=\"og:title\" content=\"La brigada municipal construye unas nuevas escaleras para mejorar el acceso entre el aparcamiento de la Murada y el carrer de la Murada de Mont-roig del Camp - Ajuntament de Mont-roig del Camp\" \/>\n<meta property=\"og:description\" content=\"La actuaci\u00f3n facilitar\u00e1 el paso de los peatones, especialmente de los usuarios del aparcamiento, y mejorar\u00e1 la conexi\u00f3n con el tanatori y las viviendas de la zona. La brigada municipal de Nostreserveis est\u00e1 ejecutando estos d\u00edas la construcci\u00f3n de unas nuevas escaleras que conectar\u00e1n el final del aparcamiento de la Murada con el carrer de [&hellip;]\" \/>\n<meta property=\"og:url\" content=\"https:\/\/mont-roig.cat\/es\/actualitat\/noticies\/la-brigada-municipal-construeix-unes-noves-escales-per-millorar-lacces-entre-laparcament-de-la-murada-i-el-carrer-de-la-murada-a-mont-roig-del-camp\/\" \/>\n<meta property=\"og:site_name\" content=\"Ajuntament de Mont-roig del Camp\" \/>\n<meta property=\"article:published_time\" content=\"2026-03-16T11:28:27+00:00\" \/>\n<meta property=\"article:modified_time\" content=\"2026-03-16T11:33:32+00:00\" \/>\n<meta property=\"og:image\" content=\"https:\/\/mont-roig.cat\/wp-content\/uploads\/murada.jpeg\" \/>\n\t<meta property=\"og:image:width\" content=\"1496\" \/>\n\t<meta property=\"og:image:height\" content=\"1496\" \/>\n\t<meta property=\"og:image:type\" content=\"image\/jpeg\" \/>\n<meta name=\"author\" content=\"comunicacio\" \/>\n<meta name=\"twitter:card\" content=\"summary_large_image\" \/>\n<meta name=\"twitter:label1\" content=\"Escrito por\" \/>\n\t<meta name=\"twitter:data1\" content=\"comunicacio\" \/>\n\t<meta name=\"twitter:label2\" content=\"Tiempo de lectura\" \/>\n\t<meta name=\"twitter:data2\" content=\"2 minutos\" \/>\n<script type=\"application\/ld+json\" class=\"yoast-schema-graph\">{\"@context\":\"https:\\\/\\\/schema.org\",\"@graph\":[{\"@type\":\"Article\",\"@id\":\"https:\\\/\\\/mont-roig.cat\\\/es\\\/actualitat\\\/noticies\\\/la-brigada-municipal-construeix-unes-noves-escales-per-millorar-lacces-entre-laparcament-de-la-murada-i-el-carrer-de-la-murada-a-mont-roig-del-camp\\\/#article\",\"isPartOf\":{\"@id\":\"https:\\\/\\\/mont-roig.cat\\\/es\\\/actualitat\\\/noticies\\\/la-brigada-municipal-construeix-unes-noves-escales-per-millorar-lacces-entre-laparcament-de-la-murada-i-el-carrer-de-la-murada-a-mont-roig-del-camp\\\/\"},\"author\":{\"name\":\"comunicacio\",\"@id\":\"https:\\\/\\\/mont-roig.cat\\\/es\\\/#\\\/schema\\\/person\\\/1f73e7b5e6f9dd122e8a6f14f310ac5e\"},\"headline\":\"La brigada municipal construye unas nuevas escaleras para mejorar el acceso entre el aparcamiento de la Murada y el carrer de la Murada de Mont-roig del Camp\",\"datePublished\":\"2026-03-16T11:28:27+00:00\",\"dateModified\":\"2026-03-16T11:33:32+00:00\",\"mainEntityOfPage\":{\"@id\":\"https:\\\/\\\/mont-roig.cat\\\/es\\\/actualitat\\\/noticies\\\/la-brigada-municipal-construeix-unes-noves-escales-per-millorar-lacces-entre-laparcament-de-la-murada-i-el-carrer-de-la-murada-a-mont-roig-del-camp\\\/\"},\"wordCount\":232,\"image\":{\"@id\":\"https:\\\/\\\/mont-roig.cat\\\/es\\\/actualitat\\\/noticies\\\/la-brigada-municipal-construeix-unes-noves-escales-per-millorar-lacces-entre-laparcament-de-la-murada-i-el-carrer-de-la-murada-a-mont-roig-del-camp\\\/#primaryimage\"},\"thumbnailUrl\":\"https:\\\/\\\/mont-roig.cat\\\/wp-content\\\/uploads\\\/murada.jpeg\",\"articleSection\":[\"Ayuntamiento\",\"Nostreserveis\"],\"inLanguage\":\"es\"},{\"@type\":\"WebPage\",\"@id\":\"https:\\\/\\\/mont-roig.cat\\\/es\\\/actualitat\\\/noticies\\\/la-brigada-municipal-construeix-unes-noves-escales-per-millorar-lacces-entre-laparcament-de-la-murada-i-el-carrer-de-la-murada-a-mont-roig-del-camp\\\/\",\"url\":\"https:\\\/\\\/mont-roig.cat\\\/es\\\/actualitat\\\/noticies\\\/la-brigada-municipal-construeix-unes-noves-escales-per-millorar-lacces-entre-laparcament-de-la-murada-i-el-carrer-de-la-murada-a-mont-roig-del-camp\\\/\",\"name\":\"La brigada municipal construye unas nuevas escaleras para mejorar el acceso entre el aparcamiento de la Murada y el carrer de la Murada de Mont-roig del Camp - Ajuntament de Mont-roig del Camp\",\"isPartOf\":{\"@id\":\"https:\\\/\\\/mont-roig.cat\\\/es\\\/#website\"},\"primaryImageOfPage\":{\"@id\":\"https:\\\/\\\/mont-roig.cat\\\/es\\\/actualitat\\\/noticies\\\/la-brigada-municipal-construeix-unes-noves-escales-per-millorar-lacces-entre-laparcament-de-la-murada-i-el-carrer-de-la-murada-a-mont-roig-del-camp\\\/#primaryimage\"},\"image\":{\"@id\":\"https:\\\/\\\/mont-roig.cat\\\/es\\\/actualitat\\\/noticies\\\/la-brigada-municipal-construeix-unes-noves-escales-per-millorar-lacces-entre-laparcament-de-la-murada-i-el-carrer-de-la-murada-a-mont-roig-del-camp\\\/#primaryimage\"},\"thumbnailUrl\":\"https:\\\/\\\/mont-roig.cat\\\/wp-content\\\/uploads\\\/murada.jpeg\",\"datePublished\":\"2026-03-16T11:28:27+00:00\",\"dateModified\":\"2026-03-16T11:33:32+00:00\",\"author\":{\"@id\":\"https:\\\/\\\/mont-roig.cat\\\/es\\\/#\\\/schema\\\/person\\\/1f73e7b5e6f9dd122e8a6f14f310ac5e\"},\"breadcrumb\":{\"@id\":\"https:\\\/\\\/mont-roig.cat\\\/es\\\/actualitat\\\/noticies\\\/la-brigada-municipal-construeix-unes-noves-escales-per-millorar-lacces-entre-laparcament-de-la-murada-i-el-carrer-de-la-murada-a-mont-roig-del-camp\\\/#breadcrumb\"},\"inLanguage\":\"es\",\"potentialAction\":[{\"@type\":\"ReadAction\",\"target\":[\"https:\\\/\\\/mont-roig.cat\\\/es\\\/actualitat\\\/noticies\\\/la-brigada-municipal-construeix-unes-noves-escales-per-millorar-lacces-entre-laparcament-de-la-murada-i-el-carrer-de-la-murada-a-mont-roig-del-camp\\\/\"]}]},{\"@type\":\"ImageObject\",\"inLanguage\":\"es\",\"@id\":\"https:\\\/\\\/mont-roig.cat\\\/es\\\/actualitat\\\/noticies\\\/la-brigada-municipal-construeix-unes-noves-escales-per-millorar-lacces-entre-laparcament-de-la-murada-i-el-carrer-de-la-murada-a-mont-roig-del-camp\\\/#primaryimage\",\"url\":\"https:\\\/\\\/mont-roig.cat\\\/wp-content\\\/uploads\\\/murada.jpeg\",\"contentUrl\":\"https:\\\/\\\/mont-roig.cat\\\/wp-content\\\/uploads\\\/murada.jpeg\",\"width\":1496,\"height\":1496},{\"@type\":\"BreadcrumbList\",\"@id\":\"https:\\\/\\\/mont-roig.cat\\\/es\\\/actualitat\\\/noticies\\\/la-brigada-municipal-construeix-unes-noves-escales-per-millorar-lacces-entre-laparcament-de-la-murada-i-el-carrer-de-la-murada-a-mont-roig-del-camp\\\/#breadcrumb\",\"itemListElement\":[{\"@type\":\"ListItem\",\"position\":1,\"name\":\"Inici\",\"item\":\"https:\\\/\\\/mont-roig.cat\\\/es\\\/pagina-de-inicio\\\/\"},{\"@type\":\"ListItem\",\"position\":2,\"name\":\"La brigada municipal construye unas nuevas escaleras para mejorar el acceso entre el aparcamiento de la Murada y el carrer de la Murada de Mont-roig del Camp\"}]},{\"@type\":\"WebSite\",\"@id\":\"https:\\\/\\\/mont-roig.cat\\\/es\\\/#website\",\"url\":\"https:\\\/\\\/mont-roig.cat\\\/es\\\/\",\"name\":\"Ajuntament de Mont-roig del Camp\",\"description\":\"Tota la informaci\u00f3 sobre la instituci\u00f3, els seus \u00f2rgans de govern, actualitat, serveis i molt m\u00e9s.\",\"potentialAction\":[{\"@type\":\"SearchAction\",\"target\":{\"@type\":\"EntryPoint\",\"urlTemplate\":\"https:\\\/\\\/mont-roig.cat\\\/es\\\/?s={search_term_string}\"},\"query-input\":{\"@type\":\"PropertyValueSpecification\",\"valueRequired\":true,\"valueName\":\"search_term_string\"}}],\"inLanguage\":\"es\"},{\"@type\":\"Person\",\"@id\":\"https:\\\/\\\/mont-roig.cat\\\/es\\\/#\\\/schema\\\/person\\\/1f73e7b5e6f9dd122e8a6f14f310ac5e\",\"name\":\"comunicacio\",\"image\":{\"@type\":\"ImageObject\",\"inLanguage\":\"es\",\"@id\":\"https:\\\/\\\/secure.gravatar.com\\\/avatar\\\/98944333e7a877670a64f8d10f0cb680ab2c9ebc4efc43945ef004b52b5ad28c?s=96&d=mm&r=g\",\"url\":\"https:\\\/\\\/secure.gravatar.com\\\/avatar\\\/98944333e7a877670a64f8d10f0cb680ab2c9ebc4efc43945ef004b52b5ad28c?s=96&d=mm&r=g\",\"contentUrl\":\"https:\\\/\\\/secure.gravatar.com\\\/avatar\\\/98944333e7a877670a64f8d10f0cb680ab2c9ebc4efc43945ef004b52b5ad28c?s=96&d=mm&r=g\",\"caption\":\"comunicacio\"},\"url\":\"https:\\\/\\\/mont-roig.cat\\\/es\\\/actualitat\\\/noticies\\\/author\\\/comunicacio\\\/\"}]}<\/script>\n<!-- \/ Yoast SEO plugin. -->","yoast_head_json":{"title":"La brigada municipal construye unas nuevas escaleras para mejorar el acceso entre el aparcamiento de la Murada y el carrer de la Murada de Mont-roig del Camp - Ajuntament de Mont-roig del Camp","robots":{"index":"index","follow":"follow","max-snippet":"max-snippet:-1","max-image-preview":"max-image-preview:large","max-video-preview":"max-video-preview:-1"},"canonical":"https:\/\/mont-roig.cat\/es\/actualitat\/noticies\/la-brigada-municipal-construeix-unes-noves-escales-per-millorar-lacces-entre-laparcament-de-la-murada-i-el-carrer-de-la-murada-a-mont-roig-del-camp\/","og_locale":"es_ES","og_type":"article","og_title":"La brigada municipal construye unas nuevas escaleras para mejorar el acceso entre el aparcamiento de la Murada y el carrer de la Murada de Mont-roig del Camp - Ajuntament de Mont-roig del Camp","og_description":"La actuaci\u00f3n facilitar\u00e1 el paso de los peatones, especialmente de los usuarios del aparcamiento, y mejorar\u00e1 la conexi\u00f3n con el tanatori y las viviendas de la zona. La brigada municipal de Nostreserveis est\u00e1 ejecutando estos d\u00edas la construcci\u00f3n de unas nuevas escaleras que conectar\u00e1n el final del aparcamiento de la Murada con el carrer de [&hellip;]","og_url":"https:\/\/mont-roig.cat\/es\/actualitat\/noticies\/la-brigada-municipal-construeix-unes-noves-escales-per-millorar-lacces-entre-laparcament-de-la-murada-i-el-carrer-de-la-murada-a-mont-roig-del-camp\/","og_site_name":"Ajuntament de Mont-roig del Camp","article_published_time":"2026-03-16T11:28:27+00:00","article_modified_time":"2026-03-16T11:33:32+00:00","og_image":[{"width":1496,"height":1496,"url":"https:\/\/mont-roig.cat\/wp-content\/uploads\/murada.jpeg","type":"image\/jpeg"}],"author":"comunicacio","twitter_card":"summary_large_image","twitter_misc":{"Escrito por":"comunicacio","Tiempo de lectura":"2 minutos"},"schema":{"@context":"https:\/\/schema.org","@graph":[{"@type":"Article","@id":"https:\/\/mont-roig.cat\/es\/actualitat\/noticies\/la-brigada-municipal-construeix-unes-noves-escales-per-millorar-lacces-entre-laparcament-de-la-murada-i-el-carrer-de-la-murada-a-mont-roig-del-camp\/#article","isPartOf":{"@id":"https:\/\/mont-roig.cat\/es\/actualitat\/noticies\/la-brigada-municipal-construeix-unes-noves-escales-per-millorar-lacces-entre-laparcament-de-la-murada-i-el-carrer-de-la-murada-a-mont-roig-del-camp\/"},"author":{"name":"comunicacio","@id":"https:\/\/mont-roig.cat\/es\/#\/schema\/person\/1f73e7b5e6f9dd122e8a6f14f310ac5e"},"headline":"La brigada municipal construye unas nuevas escaleras para mejorar el acceso entre el aparcamiento de la Murada y el carrer de la Murada de Mont-roig del Camp","datePublished":"2026-03-16T11:28:27+00:00","dateModified":"2026-03-16T11:33:32+00:00","mainEntityOfPage":{"@id":"https:\/\/mont-roig.cat\/es\/actualitat\/noticies\/la-brigada-municipal-construeix-unes-noves-escales-per-millorar-lacces-entre-laparcament-de-la-murada-i-el-carrer-de-la-murada-a-mont-roig-del-camp\/"},"wordCount":232,"image":{"@id":"https:\/\/mont-roig.cat\/es\/actualitat\/noticies\/la-brigada-municipal-construeix-unes-noves-escales-per-millorar-lacces-entre-laparcament-de-la-murada-i-el-carrer-de-la-murada-a-mont-roig-del-camp\/#primaryimage"},"thumbnailUrl":"https:\/\/mont-roig.cat\/wp-content\/uploads\/murada.jpeg","articleSection":["Ayuntamiento","Nostreserveis"],"inLanguage":"es"},{"@type":"WebPage","@id":"https:\/\/mont-roig.cat\/es\/actualitat\/noticies\/la-brigada-municipal-construeix-unes-noves-escales-per-millorar-lacces-entre-laparcament-de-la-murada-i-el-carrer-de-la-murada-a-mont-roig-del-camp\/","url":"https:\/\/mont-roig.cat\/es\/actualitat\/noticies\/la-brigada-municipal-construeix-unes-noves-escales-per-millorar-lacces-entre-laparcament-de-la-murada-i-el-carrer-de-la-murada-a-mont-roig-del-camp\/","name":"La brigada municipal construye unas nuevas escaleras para mejorar el acceso entre el aparcamiento de la Murada y el carrer de la Murada de Mont-roig del Camp - Ajuntament de Mont-roig del Camp","isPartOf":{"@id":"https:\/\/mont-roig.cat\/es\/#website"},"primaryImageOfPage":{"@id":"https:\/\/mont-roig.cat\/es\/actualitat\/noticies\/la-brigada-municipal-construeix-unes-noves-escales-per-millorar-lacces-entre-laparcament-de-la-murada-i-el-carrer-de-la-murada-a-mont-roig-del-camp\/#primaryimage"},"image":{"@id":"https:\/\/mont-roig.cat\/es\/actualitat\/noticies\/la-brigada-municipal-construeix-unes-noves-escales-per-millorar-lacces-entre-laparcament-de-la-murada-i-el-carrer-de-la-murada-a-mont-roig-del-camp\/#primaryimage"},"thumbnailUrl":"https:\/\/mont-roig.cat\/wp-content\/uploads\/murada.jpeg","datePublished":"2026-03-16T11:28:27+00:00","dateModified":"2026-03-16T11:33:32+00:00","author":{"@id":"https:\/\/mont-roig.cat\/es\/#\/schema\/person\/1f73e7b5e6f9dd122e8a6f14f310ac5e"},"breadcrumb":{"@id":"https:\/\/mont-roig.cat\/es\/actualitat\/noticies\/la-brigada-municipal-construeix-unes-noves-escales-per-millorar-lacces-entre-laparcament-de-la-murada-i-el-carrer-de-la-murada-a-mont-roig-del-camp\/#breadcrumb"},"inLanguage":"es","potentialAction":[{"@type":"ReadAction","target":["https:\/\/mont-roig.cat\/es\/actualitat\/noticies\/la-brigada-municipal-construeix-unes-noves-escales-per-millorar-lacces-entre-laparcament-de-la-murada-i-el-carrer-de-la-murada-a-mont-roig-del-camp\/"]}]},{"@type":"ImageObject","inLanguage":"es","@id":"https:\/\/mont-roig.cat\/es\/actualitat\/noticies\/la-brigada-municipal-construeix-unes-noves-escales-per-millorar-lacces-entre-laparcament-de-la-murada-i-el-carrer-de-la-murada-a-mont-roig-del-camp\/#primaryimage","url":"https:\/\/mont-roig.cat\/wp-content\/uploads\/murada.jpeg","contentUrl":"https:\/\/mont-roig.cat\/wp-content\/uploads\/murada.jpeg","width":1496,"height":1496},{"@type":"BreadcrumbList","@id":"https:\/\/mont-roig.cat\/es\/actualitat\/noticies\/la-brigada-municipal-construeix-unes-noves-escales-per-millorar-lacces-entre-laparcament-de-la-murada-i-el-carrer-de-la-murada-a-mont-roig-del-camp\/#breadcrumb","itemListElement":[{"@type":"ListItem","position":1,"name":"Inici","item":"https:\/\/mont-roig.cat\/es\/pagina-de-inicio\/"},{"@type":"ListItem","position":2,"name":"La brigada municipal construye unas nuevas escaleras para mejorar el acceso entre el aparcamiento de la Murada y el carrer de la Murada de Mont-roig del Camp"}]},{"@type":"WebSite","@id":"https:\/\/mont-roig.cat\/es\/#website","url":"https:\/\/mont-roig.cat\/es\/","name":"Ajuntament de Mont-roig del Camp","description":"Tota la informaci\u00f3 sobre la instituci\u00f3, els seus \u00f2rgans de govern, actualitat, serveis i molt m\u00e9s.","potentialAction":[{"@type":"SearchAction","target":{"@type":"EntryPoint","urlTemplate":"https:\/\/mont-roig.cat\/es\/?s={search_term_string}"},"query-input":{"@type":"PropertyValueSpecification","valueRequired":true,"valueName":"search_term_string"}}],"inLanguage":"es"},{"@type":"Person","@id":"https:\/\/mont-roig.cat\/es\/#\/schema\/person\/1f73e7b5e6f9dd122e8a6f14f310ac5e","name":"comunicacio","image":{"@type":"ImageObject","inLanguage":"es","@id":"https:\/\/secure.gravatar.com\/avatar\/98944333e7a877670a64f8d10f0cb680ab2c9ebc4efc43945ef004b52b5ad28c?s=96&d=mm&r=g","url":"https:\/\/secure.gravatar.com\/avatar\/98944333e7a877670a64f8d10f0cb680ab2c9ebc4efc43945ef004b52b5ad28c?s=96&d=mm&r=g","contentUrl":"https:\/\/secure.gravatar.com\/avatar\/98944333e7a877670a64f8d10f0cb680ab2c9ebc4efc43945ef004b52b5ad28c?s=96&d=mm&r=g","caption":"comunicacio"},"url":"https:\/\/mont-roig.cat\/es\/actualitat\/noticies\/author\/comunicacio\/"}]}},"_links":{"self":[{"href":"https:\/\/mont-roig.cat\/es\/wp-json\/wp\/v2\/posts\/90138","targetHints":{"allow":["GET"]}}],"collection":[{"href":"https:\/\/mont-roig.cat\/es\/wp-json\/wp\/v2\/posts"}],"about":[{"href":"https:\/\/mont-roig.cat\/es\/wp-json\/wp\/v2\/types\/post"}],"author":[{"embeddable":true,"href":"https:\/\/mont-roig.cat\/es\/wp-json\/wp\/v2\/users\/13"}],"replies":[{"embeddable":true,"href":"https:\/\/mont-roig.cat\/es\/wp-json\/wp\/v2\/comments?post=90138"}],"version-history":[{"count":2,"href":"https:\/\/mont-roig.cat\/es\/wp-json\/wp\/v2\/posts\/90138\/revisions"}],"predecessor-version":[{"id":90140,"href":"https:\/\/mont-roig.cat\/es\/wp-json\/wp\/v2\/posts\/90138\/revisions\/90140"}],"wp:featuredmedia":[{"embeddable":true,"href":"https:\/\/mont-roig.cat\/es\/wp-json\/wp\/v2\/media\/90134"}],"wp:attachment":[{"href":"https:\/\/mont-roig.cat\/es\/wp-json\/wp\/v2\/media?parent=90138"}],"wp:term":[{"taxonomy":"category","embeddable":true,"href":"https:\/\/mont-roig.cat\/es\/wp-json\/wp\/v2\/categories?post=90138"},{"taxonomy":"post_tag","embeddable":true,"href":"https:\/\/mont-roig.cat\/es\/wp-json\/wp\/v2\/tags?post=90138"}],"curies":[{"name":"wp","href":"https:\/\/api.w.org\/{rel}","templated":true}]}}