{"id":90182,"date":"2026-03-18T12:04:54","date_gmt":"2026-03-18T11:04:54","guid":{"rendered":"https:\/\/mont-roig.cat\/actualitat\/noticies\/afectacions-de-transit-a-mont-roig-del-camp-per-la-sortida-de-la-tercera-etapa-de-la-volta-a-catalunya-el-25-de-marc\/"},"modified":"2026-03-18T12:31:24","modified_gmt":"2026-03-18T11:31:24","slug":"afectaciones-de-trafico-en-mont-roig-del-camp-por-la-salida-de-la-tercera-etapa-de-la-volta-a-catalunya-el-25-de-marzo","status":"publish","type":"post","link":"https:\/\/mont-roig.cat\/es\/actualitat\/noticies\/afectaciones-de-trafico-en-mont-roig-del-camp-por-la-salida-de-la-tercera-etapa-de-la-volta-a-catalunya-el-25-de-marzo\/","title":{"rendered":"Afectaciones de tr\u00e1fico en Mont-roig del Camp por la salida de la tercera etapa de la Volta a Catalunya el 25 de marzo"},"content":{"rendered":"<div id=\"attachment_90174\" style=\"width: 315px\" class=\"wp-caption alignright\"><a href=\"https:\/\/mont-roig.cat\/wp-content\/uploads\/parking-dissuassori.png\" target=\"_blank\" rel=\"noopener\"><img loading=\"lazy\" decoding=\"async\" aria-describedby=\"caption-attachment-90174\" class=\"wp-image-90174\" src=\"https:\/\/mont-roig.cat\/wp-content\/uploads\/parking-dissuassori-500x455.png\" alt=\"\" width=\"305\" height=\"278\" srcset=\"https:\/\/mont-roig.cat\/wp-content\/uploads\/parking-dissuassori-500x455.png 500w, https:\/\/mont-roig.cat\/wp-content\/uploads\/parking-dissuassori.png 685w\" sizes=\"auto, (max-width: 305px) 100vw, 305px\" \/><\/a><p id=\"caption-attachment-90174\" class=\"wp-caption-text\">Aparcamiento alternativo en Mont-roig del Camp.<\/p><\/div>\n<ul>\n<li data-start=\"306\" data-end=\"461\"><strong>El vecindario y conductores deber\u00e1n tener en cuenta cortes puntuales de tr\u00e1fico y restricciones de aparcamiento para garantizar la seguridad de la carrera<\/strong><\/li>\n<\/ul>\n<p data-start=\"463\" data-end=\"1133\">Mont\u2011roig del Camp ser\u00e1 el punto de partida de la tercera etapa masculina de la Volta Ciclista a Catalunya 2026, que se celebrar\u00e1 el mi\u00e9rcoles 25 de marzo, con salida prevista a las 13:35\u202fh desde el Vel\u00f2drom Municipal Josep Florencio. Los ciclistas recorrer\u00e1n 160\u202fkm de media monta\u00f1a por la Costa Daurada, con subidas puntuables como el Alt de La Mussara (1\u00aa categor\u00eda), el Coll de Capafonts (2\u00aa categor\u00eda) y el Coll Roig (3\u00aa categor\u00eda) antes de llegar a la meta en Vila\u2011seca, combinando subidas exigentes, descensos r\u00e1pidos y sectores llanos, con la participaci\u00f3n de figuras destacadas del ciclismo internacional como Jonas Vingegaard, Remco Evenepoel o Joao Almeida.<\/p>\n<p data-start=\"1135\" data-end=\"1163\"><strong data-start=\"1135\" data-end=\"1161\">Prohibici\u00f3n de aparcar<\/strong><\/p>\n<p data-start=\"1165\" data-end=\"1699\">La celebraci\u00f3n de la salida conllevar\u00e1 afectaciones al tr\u00e1fico local: a partir de las 22:00\u202fh de la noche del 24 de marzo se proh\u00edbe estacionar en las calles Aureli M. Escarr\u00e9, de Vinyols, Cambrils, de Riudoms, de la Ind\u00fastria, de l\u20191 d\u2019Octubre, de Montbri\u00f3 y avenida Catalunya, mientras que para los vecinos y visitantes que necesiten aparcamiento se ha habilitado un espacio especial iluminado y con vigilancia durante la noche en el cruce entre la calle de Freginals, calle Pa\u00efsos Catalans y calle Barranc Vilanova d\u2019Escornalbou.<\/p>\n<p data-start=\"1701\" data-end=\"2283\">En cuanto al tr\u00e1fico, se cortar\u00e1 la circulaci\u00f3n en el n\u00facleo de Mont\u2011roig del Camp durante la salida a las 13:35\u202fh, afectando principalmente las calles Aureli M. Escarr\u00e9, de Vinyols y la avenida Catalunya. M\u00e1s tarde, entre las 16:32 y 16:49\u202fh, la comitiva ciclista volver\u00e1 a pasar por el t\u00e9rmino municipal por las carreteras T\u2011322, T\u2011323 y T\u2011310 en direcci\u00f3n a Montbri\u00f3 del Camp; los cortes ser\u00e1n puntuales y no se prev\u00e9n desv\u00edos ni itinerarios alternativos, por lo que se aconseja respetar la se\u00f1alizaci\u00f3n y las indicaciones de los agentes y voluntarios a lo largo del recorrido.<\/p>\n<p data-start=\"2285\" data-end=\"2547\">Esta etapa forma parte de las siete que componen la Volta a Catalunya masculina y reafirma la capacidad del municipio para acoger eventos deportivos de primer nivel, combinando el deporte de \u00e9lite con la promoci\u00f3n tur\u00edstica de los paisajes de la Costa Daurada.<\/p>\n<p data-start=\"2549\" data-end=\"2694\">Para obtener informaci\u00f3n detallada sobre horarios y recorrido, se puede consultar la web oficial: \u00a0<a href=\"https:\/\/www.voltacatalunya.cat\/es\/etapa-3\" target=\"_blank\" rel=\"noopener\">Recorrido y horarios de la tercera etapa.<\/a>.<\/p>\n<p><a href=\"https:\/\/mont-roig.cat\/wp-content\/uploads\/Etapa-volta.jpeg\" target=\"_blank\" rel=\"noopener\"><img loading=\"lazy\" decoding=\"async\" class=\"alignleft wp-image-90175 size-medium\" src=\"https:\/\/mont-roig.cat\/wp-content\/uploads\/Etapa-volta-500x181.jpeg\" alt=\"\" width=\"500\" height=\"181\" srcset=\"https:\/\/mont-roig.cat\/wp-content\/uploads\/Etapa-volta-500x181.jpeg 500w, https:\/\/mont-roig.cat\/wp-content\/uploads\/Etapa-volta-768x278.jpeg 768w, https:\/\/mont-roig.cat\/wp-content\/uploads\/Etapa-volta.jpeg 960w\" sizes=\"auto, (max-width: 500px) 100vw, 500px\" \/><\/a><\/p>\n","protected":false},"excerpt":{"rendered":"<p>El vecindario y conductores deber\u00e1n tener en cuenta cortes puntuales de tr\u00e1fico y restricciones de aparcamiento para garantizar la seguridad de la carrera Mont\u2011roig del Camp ser\u00e1 el punto de partida de la tercera etapa masculina de la Volta Ciclista a Catalunya 2026, que se celebrar\u00e1 el mi\u00e9rcoles 25 de marzo, con salida prevista a [&hellip;]<\/p>\n","protected":false},"author":13,"featured_media":0,"comment_status":"closed","ping_status":"closed","sticky":false,"template":"","format":"standard","meta":{"inline_featured_image":false,"_monsterinsights_skip_tracking":false,"_monsterinsights_sitenote_active":false,"_monsterinsights_sitenote_note":"","_monsterinsights_sitenote_category":0,"footnotes":""},"categories":[156,98,104,113],"tags":[],"class_list":["post-90182","post","type-post","status-publish","format-standard","hentry","category-alcalde-es","category-ayuntamiento","category-deportes","category-seguridad"],"yoast_head":"<!-- This site is optimized with the Yoast SEO plugin v27.4 - https:\/\/yoast.com\/product\/yoast-seo-wordpress\/ -->\n<title>Afectaciones de tr\u00e1fico en Mont-roig del Camp por la salida de la tercera etapa de la Volta a Catalunya el 25 de marzo - Ajuntament de Mont-roig del Camp<\/title>\n<meta name=\"robots\" content=\"index, follow, max-snippet:-1, max-image-preview:large, max-video-preview:-1\" \/>\n<link rel=\"canonical\" href=\"https:\/\/mont-roig.cat\/es\/actualitat\/noticies\/afectaciones-de-trafico-en-mont-roig-del-camp-por-la-salida-de-la-tercera-etapa-de-la-volta-a-catalunya-el-25-de-marzo\/\" \/>\n<meta property=\"og:locale\" content=\"es_ES\" \/>\n<meta property=\"og:type\" content=\"article\" \/>\n<meta property=\"og:title\" content=\"Afectaciones de tr\u00e1fico en Mont-roig del Camp por la salida de la tercera etapa de la Volta a Catalunya el 25 de marzo - Ajuntament de Mont-roig del Camp\" \/>\n<meta property=\"og:description\" content=\"El vecindario y conductores deber\u00e1n tener en cuenta cortes puntuales de tr\u00e1fico y restricciones de aparcamiento para garantizar la seguridad de la carrera Mont\u2011roig del Camp ser\u00e1 el punto de partida de la tercera etapa masculina de la Volta Ciclista a Catalunya 2026, que se celebrar\u00e1 el mi\u00e9rcoles 25 de marzo, con salida prevista a [&hellip;]\" \/>\n<meta property=\"og:url\" content=\"https:\/\/mont-roig.cat\/es\/actualitat\/noticies\/afectaciones-de-trafico-en-mont-roig-del-camp-por-la-salida-de-la-tercera-etapa-de-la-volta-a-catalunya-el-25-de-marzo\/\" \/>\n<meta property=\"og:site_name\" content=\"Ajuntament de Mont-roig del Camp\" \/>\n<meta property=\"article:published_time\" content=\"2026-03-18T11:04:54+00:00\" \/>\n<meta property=\"article:modified_time\" content=\"2026-03-18T11:31:24+00:00\" \/>\n<meta property=\"og:image\" content=\"https:\/\/mont-roig.cat\/wp-content\/uploads\/parking-dissuassori.png\" \/>\n\t<meta property=\"og:image:width\" content=\"685\" \/>\n\t<meta property=\"og:image:height\" content=\"624\" \/>\n\t<meta property=\"og:image:type\" content=\"image\/png\" \/>\n<meta name=\"author\" content=\"comunicacio\" \/>\n<meta name=\"twitter:card\" content=\"summary_large_image\" \/>\n<meta name=\"twitter:label1\" content=\"Escrito por\" \/>\n\t<meta name=\"twitter:data1\" content=\"comunicacio\" \/>\n\t<meta name=\"twitter:label2\" content=\"Tiempo de lectura\" \/>\n\t<meta name=\"twitter:data2\" content=\"3 minutos\" \/>\n<script type=\"application\/ld+json\" class=\"yoast-schema-graph\">{\"@context\":\"https:\\\/\\\/schema.org\",\"@graph\":[{\"@type\":\"Article\",\"@id\":\"https:\\\/\\\/mont-roig.cat\\\/es\\\/actualitat\\\/noticies\\\/afectaciones-de-trafico-en-mont-roig-del-camp-por-la-salida-de-la-tercera-etapa-de-la-volta-a-catalunya-el-25-de-marzo\\\/#article\",\"isPartOf\":{\"@id\":\"https:\\\/\\\/mont-roig.cat\\\/es\\\/actualitat\\\/noticies\\\/afectaciones-de-trafico-en-mont-roig-del-camp-por-la-salida-de-la-tercera-etapa-de-la-volta-a-catalunya-el-25-de-marzo\\\/\"},\"author\":{\"name\":\"comunicacio\",\"@id\":\"https:\\\/\\\/mont-roig.cat\\\/es\\\/#\\\/schema\\\/person\\\/1f73e7b5e6f9dd122e8a6f14f310ac5e\"},\"headline\":\"Afectaciones de tr\u00e1fico en Mont-roig del Camp por la salida de la tercera etapa de la Volta a Catalunya el 25 de marzo\",\"datePublished\":\"2026-03-18T11:04:54+00:00\",\"dateModified\":\"2026-03-18T11:31:24+00:00\",\"mainEntityOfPage\":{\"@id\":\"https:\\\/\\\/mont-roig.cat\\\/es\\\/actualitat\\\/noticies\\\/afectaciones-de-trafico-en-mont-roig-del-camp-por-la-salida-de-la-tercera-etapa-de-la-volta-a-catalunya-el-25-de-marzo\\\/\"},\"wordCount\":450,\"image\":{\"@id\":\"https:\\\/\\\/mont-roig.cat\\\/es\\\/actualitat\\\/noticies\\\/afectaciones-de-trafico-en-mont-roig-del-camp-por-la-salida-de-la-tercera-etapa-de-la-volta-a-catalunya-el-25-de-marzo\\\/#primaryimage\"},\"thumbnailUrl\":\"https:\\\/\\\/mont-roig.cat\\\/wp-content\\\/uploads\\\/parking-dissuassori-500x455.png\",\"articleSection\":[\"Alcalde\",\"Ayuntamiento\",\"Deportes\",\"Seguridad\"],\"inLanguage\":\"es\"},{\"@type\":\"WebPage\",\"@id\":\"https:\\\/\\\/mont-roig.cat\\\/es\\\/actualitat\\\/noticies\\\/afectaciones-de-trafico-en-mont-roig-del-camp-por-la-salida-de-la-tercera-etapa-de-la-volta-a-catalunya-el-25-de-marzo\\\/\",\"url\":\"https:\\\/\\\/mont-roig.cat\\\/es\\\/actualitat\\\/noticies\\\/afectaciones-de-trafico-en-mont-roig-del-camp-por-la-salida-de-la-tercera-etapa-de-la-volta-a-catalunya-el-25-de-marzo\\\/\",\"name\":\"Afectaciones de tr\u00e1fico en Mont-roig del Camp por la salida de la tercera etapa de la Volta a Catalunya el 25 de marzo - Ajuntament de Mont-roig del Camp\",\"isPartOf\":{\"@id\":\"https:\\\/\\\/mont-roig.cat\\\/es\\\/#website\"},\"primaryImageOfPage\":{\"@id\":\"https:\\\/\\\/mont-roig.cat\\\/es\\\/actualitat\\\/noticies\\\/afectaciones-de-trafico-en-mont-roig-del-camp-por-la-salida-de-la-tercera-etapa-de-la-volta-a-catalunya-el-25-de-marzo\\\/#primaryimage\"},\"image\":{\"@id\":\"https:\\\/\\\/mont-roig.cat\\\/es\\\/actualitat\\\/noticies\\\/afectaciones-de-trafico-en-mont-roig-del-camp-por-la-salida-de-la-tercera-etapa-de-la-volta-a-catalunya-el-25-de-marzo\\\/#primaryimage\"},\"thumbnailUrl\":\"https:\\\/\\\/mont-roig.cat\\\/wp-content\\\/uploads\\\/parking-dissuassori-500x455.png\",\"datePublished\":\"2026-03-18T11:04:54+00:00\",\"dateModified\":\"2026-03-18T11:31:24+00:00\",\"author\":{\"@id\":\"https:\\\/\\\/mont-roig.cat\\\/es\\\/#\\\/schema\\\/person\\\/1f73e7b5e6f9dd122e8a6f14f310ac5e\"},\"breadcrumb\":{\"@id\":\"https:\\\/\\\/mont-roig.cat\\\/es\\\/actualitat\\\/noticies\\\/afectaciones-de-trafico-en-mont-roig-del-camp-por-la-salida-de-la-tercera-etapa-de-la-volta-a-catalunya-el-25-de-marzo\\\/#breadcrumb\"},\"inLanguage\":\"es\",\"potentialAction\":[{\"@type\":\"ReadAction\",\"target\":[\"https:\\\/\\\/mont-roig.cat\\\/es\\\/actualitat\\\/noticies\\\/afectaciones-de-trafico-en-mont-roig-del-camp-por-la-salida-de-la-tercera-etapa-de-la-volta-a-catalunya-el-25-de-marzo\\\/\"]}]},{\"@type\":\"ImageObject\",\"inLanguage\":\"es\",\"@id\":\"https:\\\/\\\/mont-roig.cat\\\/es\\\/actualitat\\\/noticies\\\/afectaciones-de-trafico-en-mont-roig-del-camp-por-la-salida-de-la-tercera-etapa-de-la-volta-a-catalunya-el-25-de-marzo\\\/#primaryimage\",\"url\":\"https:\\\/\\\/mont-roig.cat\\\/wp-content\\\/uploads\\\/parking-dissuassori-500x455.png\",\"contentUrl\":\"https:\\\/\\\/mont-roig.cat\\\/wp-content\\\/uploads\\\/parking-dissuassori-500x455.png\"},{\"@type\":\"BreadcrumbList\",\"@id\":\"https:\\\/\\\/mont-roig.cat\\\/es\\\/actualitat\\\/noticies\\\/afectaciones-de-trafico-en-mont-roig-del-camp-por-la-salida-de-la-tercera-etapa-de-la-volta-a-catalunya-el-25-de-marzo\\\/#breadcrumb\",\"itemListElement\":[{\"@type\":\"ListItem\",\"position\":1,\"name\":\"Inici\",\"item\":\"https:\\\/\\\/mont-roig.cat\\\/es\\\/pagina-de-inicio\\\/\"},{\"@type\":\"ListItem\",\"position\":2,\"name\":\"Afectaciones de tr\u00e1fico en Mont-roig del Camp por la salida de la tercera etapa de la Volta a Catalunya el 25 de marzo\"}]},{\"@type\":\"WebSite\",\"@id\":\"https:\\\/\\\/mont-roig.cat\\\/es\\\/#website\",\"url\":\"https:\\\/\\\/mont-roig.cat\\\/es\\\/\",\"name\":\"Ajuntament de Mont-roig del Camp\",\"description\":\"Tota la informaci\u00f3 sobre la instituci\u00f3, els seus \u00f2rgans de govern, actualitat, serveis i molt m\u00e9s.\",\"potentialAction\":[{\"@type\":\"SearchAction\",\"target\":{\"@type\":\"EntryPoint\",\"urlTemplate\":\"https:\\\/\\\/mont-roig.cat\\\/es\\\/?s={search_term_string}\"},\"query-input\":{\"@type\":\"PropertyValueSpecification\",\"valueRequired\":true,\"valueName\":\"search_term_string\"}}],\"inLanguage\":\"es\"},{\"@type\":\"Person\",\"@id\":\"https:\\\/\\\/mont-roig.cat\\\/es\\\/#\\\/schema\\\/person\\\/1f73e7b5e6f9dd122e8a6f14f310ac5e\",\"name\":\"comunicacio\",\"image\":{\"@type\":\"ImageObject\",\"inLanguage\":\"es\",\"@id\":\"https:\\\/\\\/secure.gravatar.com\\\/avatar\\\/98944333e7a877670a64f8d10f0cb680ab2c9ebc4efc43945ef004b52b5ad28c?s=96&d=mm&r=g\",\"url\":\"https:\\\/\\\/secure.gravatar.com\\\/avatar\\\/98944333e7a877670a64f8d10f0cb680ab2c9ebc4efc43945ef004b52b5ad28c?s=96&d=mm&r=g\",\"contentUrl\":\"https:\\\/\\\/secure.gravatar.com\\\/avatar\\\/98944333e7a877670a64f8d10f0cb680ab2c9ebc4efc43945ef004b52b5ad28c?s=96&d=mm&r=g\",\"caption\":\"comunicacio\"},\"url\":\"https:\\\/\\\/mont-roig.cat\\\/es\\\/actualitat\\\/noticies\\\/author\\\/comunicacio\\\/\"}]}<\/script>\n<!-- \/ Yoast SEO plugin. -->","yoast_head_json":{"title":"Afectaciones de tr\u00e1fico en Mont-roig del Camp por la salida de la tercera etapa de la Volta a Catalunya el 25 de marzo - Ajuntament de Mont-roig del Camp","robots":{"index":"index","follow":"follow","max-snippet":"max-snippet:-1","max-image-preview":"max-image-preview:large","max-video-preview":"max-video-preview:-1"},"canonical":"https:\/\/mont-roig.cat\/es\/actualitat\/noticies\/afectaciones-de-trafico-en-mont-roig-del-camp-por-la-salida-de-la-tercera-etapa-de-la-volta-a-catalunya-el-25-de-marzo\/","og_locale":"es_ES","og_type":"article","og_title":"Afectaciones de tr\u00e1fico en Mont-roig del Camp por la salida de la tercera etapa de la Volta a Catalunya el 25 de marzo - Ajuntament de Mont-roig del Camp","og_description":"El vecindario y conductores deber\u00e1n tener en cuenta cortes puntuales de tr\u00e1fico y restricciones de aparcamiento para garantizar la seguridad de la carrera Mont\u2011roig del Camp ser\u00e1 el punto de partida de la tercera etapa masculina de la Volta Ciclista a Catalunya 2026, que se celebrar\u00e1 el mi\u00e9rcoles 25 de marzo, con salida prevista a [&hellip;]","og_url":"https:\/\/mont-roig.cat\/es\/actualitat\/noticies\/afectaciones-de-trafico-en-mont-roig-del-camp-por-la-salida-de-la-tercera-etapa-de-la-volta-a-catalunya-el-25-de-marzo\/","og_site_name":"Ajuntament de Mont-roig del Camp","article_published_time":"2026-03-18T11:04:54+00:00","article_modified_time":"2026-03-18T11:31:24+00:00","og_image":[{"width":685,"height":624,"url":"https:\/\/mont-roig.cat\/wp-content\/uploads\/parking-dissuassori.png","type":"image\/png"}],"author":"comunicacio","twitter_card":"summary_large_image","twitter_misc":{"Escrito por":"comunicacio","Tiempo de lectura":"3 minutos"},"schema":{"@context":"https:\/\/schema.org","@graph":[{"@type":"Article","@id":"https:\/\/mont-roig.cat\/es\/actualitat\/noticies\/afectaciones-de-trafico-en-mont-roig-del-camp-por-la-salida-de-la-tercera-etapa-de-la-volta-a-catalunya-el-25-de-marzo\/#article","isPartOf":{"@id":"https:\/\/mont-roig.cat\/es\/actualitat\/noticies\/afectaciones-de-trafico-en-mont-roig-del-camp-por-la-salida-de-la-tercera-etapa-de-la-volta-a-catalunya-el-25-de-marzo\/"},"author":{"name":"comunicacio","@id":"https:\/\/mont-roig.cat\/es\/#\/schema\/person\/1f73e7b5e6f9dd122e8a6f14f310ac5e"},"headline":"Afectaciones de tr\u00e1fico en Mont-roig del Camp por la salida de la tercera etapa de la Volta a Catalunya el 25 de marzo","datePublished":"2026-03-18T11:04:54+00:00","dateModified":"2026-03-18T11:31:24+00:00","mainEntityOfPage":{"@id":"https:\/\/mont-roig.cat\/es\/actualitat\/noticies\/afectaciones-de-trafico-en-mont-roig-del-camp-por-la-salida-de-la-tercera-etapa-de-la-volta-a-catalunya-el-25-de-marzo\/"},"wordCount":450,"image":{"@id":"https:\/\/mont-roig.cat\/es\/actualitat\/noticies\/afectaciones-de-trafico-en-mont-roig-del-camp-por-la-salida-de-la-tercera-etapa-de-la-volta-a-catalunya-el-25-de-marzo\/#primaryimage"},"thumbnailUrl":"https:\/\/mont-roig.cat\/wp-content\/uploads\/parking-dissuassori-500x455.png","articleSection":["Alcalde","Ayuntamiento","Deportes","Seguridad"],"inLanguage":"es"},{"@type":"WebPage","@id":"https:\/\/mont-roig.cat\/es\/actualitat\/noticies\/afectaciones-de-trafico-en-mont-roig-del-camp-por-la-salida-de-la-tercera-etapa-de-la-volta-a-catalunya-el-25-de-marzo\/","url":"https:\/\/mont-roig.cat\/es\/actualitat\/noticies\/afectaciones-de-trafico-en-mont-roig-del-camp-por-la-salida-de-la-tercera-etapa-de-la-volta-a-catalunya-el-25-de-marzo\/","name":"Afectaciones de tr\u00e1fico en Mont-roig del Camp por la salida de la tercera etapa de la Volta a Catalunya el 25 de marzo - Ajuntament de Mont-roig del Camp","isPartOf":{"@id":"https:\/\/mont-roig.cat\/es\/#website"},"primaryImageOfPage":{"@id":"https:\/\/mont-roig.cat\/es\/actualitat\/noticies\/afectaciones-de-trafico-en-mont-roig-del-camp-por-la-salida-de-la-tercera-etapa-de-la-volta-a-catalunya-el-25-de-marzo\/#primaryimage"},"image":{"@id":"https:\/\/mont-roig.cat\/es\/actualitat\/noticies\/afectaciones-de-trafico-en-mont-roig-del-camp-por-la-salida-de-la-tercera-etapa-de-la-volta-a-catalunya-el-25-de-marzo\/#primaryimage"},"thumbnailUrl":"https:\/\/mont-roig.cat\/wp-content\/uploads\/parking-dissuassori-500x455.png","datePublished":"2026-03-18T11:04:54+00:00","dateModified":"2026-03-18T11:31:24+00:00","author":{"@id":"https:\/\/mont-roig.cat\/es\/#\/schema\/person\/1f73e7b5e6f9dd122e8a6f14f310ac5e"},"breadcrumb":{"@id":"https:\/\/mont-roig.cat\/es\/actualitat\/noticies\/afectaciones-de-trafico-en-mont-roig-del-camp-por-la-salida-de-la-tercera-etapa-de-la-volta-a-catalunya-el-25-de-marzo\/#breadcrumb"},"inLanguage":"es","potentialAction":[{"@type":"ReadAction","target":["https:\/\/mont-roig.cat\/es\/actualitat\/noticies\/afectaciones-de-trafico-en-mont-roig-del-camp-por-la-salida-de-la-tercera-etapa-de-la-volta-a-catalunya-el-25-de-marzo\/"]}]},{"@type":"ImageObject","inLanguage":"es","@id":"https:\/\/mont-roig.cat\/es\/actualitat\/noticies\/afectaciones-de-trafico-en-mont-roig-del-camp-por-la-salida-de-la-tercera-etapa-de-la-volta-a-catalunya-el-25-de-marzo\/#primaryimage","url":"https:\/\/mont-roig.cat\/wp-content\/uploads\/parking-dissuassori-500x455.png","contentUrl":"https:\/\/mont-roig.cat\/wp-content\/uploads\/parking-dissuassori-500x455.png"},{"@type":"BreadcrumbList","@id":"https:\/\/mont-roig.cat\/es\/actualitat\/noticies\/afectaciones-de-trafico-en-mont-roig-del-camp-por-la-salida-de-la-tercera-etapa-de-la-volta-a-catalunya-el-25-de-marzo\/#breadcrumb","itemListElement":[{"@type":"ListItem","position":1,"name":"Inici","item":"https:\/\/mont-roig.cat\/es\/pagina-de-inicio\/"},{"@type":"ListItem","position":2,"name":"Afectaciones de tr\u00e1fico en Mont-roig del Camp por la salida de la tercera etapa de la Volta a Catalunya el 25 de marzo"}]},{"@type":"WebSite","@id":"https:\/\/mont-roig.cat\/es\/#website","url":"https:\/\/mont-roig.cat\/es\/","name":"Ajuntament de Mont-roig del Camp","description":"Tota la informaci\u00f3 sobre la instituci\u00f3, els seus \u00f2rgans de govern, actualitat, serveis i molt m\u00e9s.","potentialAction":[{"@type":"SearchAction","target":{"@type":"EntryPoint","urlTemplate":"https:\/\/mont-roig.cat\/es\/?s={search_term_string}"},"query-input":{"@type":"PropertyValueSpecification","valueRequired":true,"valueName":"search_term_string"}}],"inLanguage":"es"},{"@type":"Person","@id":"https:\/\/mont-roig.cat\/es\/#\/schema\/person\/1f73e7b5e6f9dd122e8a6f14f310ac5e","name":"comunicacio","image":{"@type":"ImageObject","inLanguage":"es","@id":"https:\/\/secure.gravatar.com\/avatar\/98944333e7a877670a64f8d10f0cb680ab2c9ebc4efc43945ef004b52b5ad28c?s=96&d=mm&r=g","url":"https:\/\/secure.gravatar.com\/avatar\/98944333e7a877670a64f8d10f0cb680ab2c9ebc4efc43945ef004b52b5ad28c?s=96&d=mm&r=g","contentUrl":"https:\/\/secure.gravatar.com\/avatar\/98944333e7a877670a64f8d10f0cb680ab2c9ebc4efc43945ef004b52b5ad28c?s=96&d=mm&r=g","caption":"comunicacio"},"url":"https:\/\/mont-roig.cat\/es\/actualitat\/noticies\/author\/comunicacio\/"}]}},"_links":{"self":[{"href":"https:\/\/mont-roig.cat\/es\/wp-json\/wp\/v2\/posts\/90182","targetHints":{"allow":["GET"]}}],"collection":[{"href":"https:\/\/mont-roig.cat\/es\/wp-json\/wp\/v2\/posts"}],"about":[{"href":"https:\/\/mont-roig.cat\/es\/wp-json\/wp\/v2\/types\/post"}],"author":[{"embeddable":true,"href":"https:\/\/mont-roig.cat\/es\/wp-json\/wp\/v2\/users\/13"}],"replies":[{"embeddable":true,"href":"https:\/\/mont-roig.cat\/es\/wp-json\/wp\/v2\/comments?post=90182"}],"version-history":[{"count":2,"href":"https:\/\/mont-roig.cat\/es\/wp-json\/wp\/v2\/posts\/90182\/revisions"}],"predecessor-version":[{"id":90184,"href":"https:\/\/mont-roig.cat\/es\/wp-json\/wp\/v2\/posts\/90182\/revisions\/90184"}],"wp:attachment":[{"href":"https:\/\/mont-roig.cat\/es\/wp-json\/wp\/v2\/media?parent=90182"}],"wp:term":[{"taxonomy":"category","embeddable":true,"href":"https:\/\/mont-roig.cat\/es\/wp-json\/wp\/v2\/categories?post=90182"},{"taxonomy":"post_tag","embeddable":true,"href":"https:\/\/mont-roig.cat\/es\/wp-json\/wp\/v2\/tags?post=90182"}],"curies":[{"name":"wp","href":"https:\/\/api.w.org\/{rel}","templated":true}]}}