{"id":90197,"date":"2026-03-18T14:06:33","date_gmt":"2026-03-18T13:06:33","guid":{"rendered":"https:\/\/mont-roig.cat\/actualitat\/noticies\/torna-la-fira-del-vi-de-miami-platja-que-donara-el-tret-de-sortida-a-la-programacio-festiva-de-setmana-santa\/"},"modified":"2026-03-18T14:14:33","modified_gmt":"2026-03-18T13:14:33","slug":"regresa-la-fira-del-vi-de-miami-platja-que-dara-el-pistoletazo-de-salida-a-la-programacion-festiva-de-semana-santa","status":"publish","type":"post","link":"https:\/\/mont-roig.cat\/es\/actualitat\/noticies\/regresa-la-fira-del-vi-de-miami-platja-que-dara-el-pistoletazo-de-salida-a-la-programacion-festiva-de-semana-santa\/","title":{"rendered":"Regresa la Fira del Vi de Miami Platja que dar\u00e1 el pistoletazo de salida a la programaci\u00f3n festiva de Semana Santa"},"content":{"rendered":"<ul>\n<li><strong><a href=\"https:\/\/mont-roig.cat\/wp-content\/uploads\/cartell-fira-vi-scaled.jpg\" target=\"_blank\" rel=\"noopener\"><img loading=\"lazy\" decoding=\"async\" class=\"alignright wp-image-90193\" src=\"https:\/\/mont-roig.cat\/wp-content\/uploads\/cartell-fira-vi-350x500.jpg\" alt=\"\" width=\"251\" height=\"359\" srcset=\"https:\/\/mont-roig.cat\/wp-content\/uploads\/cartell-fira-vi-350x500.jpg 350w, https:\/\/mont-roig.cat\/wp-content\/uploads\/cartell-fira-vi-717x1024.jpg 717w, https:\/\/mont-roig.cat\/wp-content\/uploads\/cartell-fira-vi-768x1097.jpg 768w, https:\/\/mont-roig.cat\/wp-content\/uploads\/cartell-fira-vi-1076x1536.jpg 1076w, https:\/\/mont-roig.cat\/wp-content\/uploads\/cartell-fira-vi-scaled.jpg 1434w\" sizes=\"auto, (max-width: 251px) 100vw, 251px\" \/><\/a><\/strong><strong>Del 27 al 29 de marzo la sexta edici\u00f3n del evento reunir\u00e1 a 19 bodegas de 8 denominaciones de origen del territorio con m\u00fasica en vivo, gastronom\u00eda local, actividades familiares y pintura art\u00edstica en directo<\/strong><\/li>\n<\/ul>\n<p data-start=\"365\" data-end=\"865\">La Pla\u00e7a del Cinquantenari de Miami Platja acoger\u00e1 del 27 al 29 de marzo la 6\u00aa edici\u00f3n de la Fira del Vi, una propuesta que combinar\u00e1 vinos del territorio, gastronom\u00eda y m\u00fasica en directo y que servir\u00e1 tambi\u00e9n para dar el pistoletazo de salida a la programaci\u00f3n festiva y l\u00fadica de la Semana Santa en el municipio. Durante tres d\u00edas, el p\u00fablico podr\u00e1 disfrutar de una experiencia pensada para compartir en pareja, con amigos o en familia y descubrir los vinos del territorio en un ambiente festivo.<\/p>\n<p data-start=\"867\" data-end=\"1335\">La feria reunir\u00e1 a 19 bodegas de 8 denominaciones de origen, que ofrecer\u00e1n degustaciones de una amplia variedad de vinos. Las bodegas participantes en esta edici\u00f3n son: Agr\u00edcola Corbera d\u2019Ebre, Biopaumer\u00e0, Celler Aixal\u00e0 i Alcait, Celler Alimara, Celler Aubarca, Cal Pucolla, Celler de l\u2019Era, Celler La Llena, Celler Rialla, Ess\u00e8ncia de Lluna, G\u00e0bor Celler, Heretat Balt\u00e0 de Cela, La Conilla, Mas Amfres, Mas Codina, Maset, Mol\u00ed de Rue, Vins Titella y The Wine Truck.<\/p>\n<p data-start=\"1337\" data-end=\"1573\">Adem\u00e1s de las degustaciones, la feria contar\u00e1 con un espacio gastron\u00f3mico con establecimientos de restauraci\u00f3n local, una zona chill out, actividades infantiles y diferentes propuestas de animaci\u00f3n a lo largo de todo el fin de semana.<\/p>\n<p data-start=\"1575\" data-end=\"1894\">La m\u00fasica ser\u00e1 uno de los grandes atractivos de la programaci\u00f3n. Durante toda la feria habr\u00e1 sesiones musicales con Lola Van DJ, que ambientar\u00e1 el espacio con su DJ Truck. Adem\u00e1s, el s\u00e1bado 28 de marzo a las 13 h actuar\u00e1 el grupo Qu\u00e9 Patat\u00fas, mientras que el domingo 29 de marzo a las 13 h ser\u00e1 el turno de Masamadre.<\/p>\n<p data-start=\"1896\" data-end=\"2126\">Como novedad de esta edici\u00f3n, el s\u00e1bado 28 de marzo a las 12 h, los artistas de la Associaci\u00f3 Mont-art protagonizar\u00e1n una actividad de pintura en vivo, durante la cual transformar\u00e1n dos botas de vino en piezas art\u00edsticas \u00fanicas.<\/p>\n<p data-start=\"2128\" data-end=\"2607\">La feria tendr\u00e1 lugar del 27 al 29 de marzo en la Pla\u00e7a del Cinquantenari de Miami Platja y abrir\u00e1 el viernes de 18 a 23 h, el s\u00e1bado de 11:30 a 23 h y el domingo de 11:30 a 22 h. Los asistentes podr\u00e1n adquirir los tiquets de degustaci\u00f3n durante los d\u00edas de la feria, tanto en efectivo como con tarjeta. El precio ser\u00e1 de 10 euros para el pack de 4 catas con copa y portacopas, de 4 euros para 2 catas y tambi\u00e9n de 4 euros para la copa con portacopas, hasta agotar existencias.<\/p>\n<p data-start=\"2609\" data-end=\"2653\" data-is-last-node=\"\" data-is-only-node=\"\">Desc\u00e1rgate el programa completo de la Fira <a href=\"https:\/\/mont-roig.cat\/wp-content\/uploads\/MMT_fira_vi_2026_web_ca.pdf\" target=\"_blank\" rel=\"noopener\">en este PDF.<\/a><\/p>\n","protected":false},"excerpt":{"rendered":"<p>Del 27 al 29 de marzo la sexta edici\u00f3n del evento reunir\u00e1 a 19 bodegas de 8 denominaciones de origen del territorio con m\u00fasica en vivo, gastronom\u00eda local, actividades familiares y pintura art\u00edstica en directo La Pla\u00e7a del Cinquantenari de Miami Platja acoger\u00e1 del 27 al 29 de marzo la 6\u00aa edici\u00f3n de la Fira [&hellip;]<\/p>\n","protected":false},"author":13,"featured_media":90195,"comment_status":"closed","ping_status":"closed","sticky":false,"template":"","format":"standard","meta":{"inline_featured_image":false,"_monsterinsights_skip_tracking":false,"_monsterinsights_sitenote_active":false,"_monsterinsights_sitenote_note":"","_monsterinsights_sitenote_category":0,"footnotes":""},"categories":[98,115],"tags":[],"class_list":["post-90197","post","type-post","status-publish","format-standard","has-post-thumbnail","hentry","category-ayuntamiento","category-turismo"],"yoast_head":"<!-- This site is optimized with the Yoast SEO plugin v27.4 - https:\/\/yoast.com\/product\/yoast-seo-wordpress\/ -->\n<title>Regresa la Fira del Vi de Miami Platja que dar\u00e1 el pistoletazo de salida a la programaci\u00f3n festiva de Semana Santa - Ajuntament de Mont-roig del Camp<\/title>\n<meta name=\"robots\" content=\"index, follow, max-snippet:-1, max-image-preview:large, max-video-preview:-1\" \/>\n<link rel=\"canonical\" href=\"https:\/\/mont-roig.cat\/es\/actualitat\/noticies\/regresa-la-fira-del-vi-de-miami-platja-que-dara-el-pistoletazo-de-salida-a-la-programacion-festiva-de-semana-santa\/\" \/>\n<meta property=\"og:locale\" content=\"es_ES\" \/>\n<meta property=\"og:type\" content=\"article\" \/>\n<meta property=\"og:title\" content=\"Regresa la Fira del Vi de Miami Platja que dar\u00e1 el pistoletazo de salida a la programaci\u00f3n festiva de Semana Santa - Ajuntament de Mont-roig del Camp\" \/>\n<meta property=\"og:description\" content=\"Del 27 al 29 de marzo la sexta edici\u00f3n del evento reunir\u00e1 a 19 bodegas de 8 denominaciones de origen del territorio con m\u00fasica en vivo, gastronom\u00eda local, actividades familiares y pintura art\u00edstica en directo La Pla\u00e7a del Cinquantenari de Miami Platja acoger\u00e1 del 27 al 29 de marzo la 6\u00aa edici\u00f3n de la Fira [&hellip;]\" \/>\n<meta property=\"og:url\" content=\"https:\/\/mont-roig.cat\/es\/actualitat\/noticies\/regresa-la-fira-del-vi-de-miami-platja-que-dara-el-pistoletazo-de-salida-a-la-programacion-festiva-de-semana-santa\/\" \/>\n<meta property=\"og:site_name\" content=\"Ajuntament de Mont-roig del Camp\" \/>\n<meta property=\"article:published_time\" content=\"2026-03-18T13:06:33+00:00\" \/>\n<meta property=\"article:modified_time\" content=\"2026-03-18T13:14:33+00:00\" \/>\n<meta property=\"og:image\" content=\"https:\/\/mont-roig.cat\/wp-content\/uploads\/MMT_FIRA_VI26_1200x600.png\" \/>\n\t<meta property=\"og:image:width\" content=\"1200\" \/>\n\t<meta property=\"og:image:height\" content=\"600\" \/>\n\t<meta property=\"og:image:type\" content=\"image\/png\" \/>\n<meta name=\"author\" content=\"comunicacio\" \/>\n<meta name=\"twitter:card\" content=\"summary_large_image\" \/>\n<meta name=\"twitter:label1\" content=\"Escrito por\" \/>\n\t<meta name=\"twitter:data1\" content=\"comunicacio\" \/>\n\t<meta name=\"twitter:label2\" content=\"Tiempo de lectura\" \/>\n\t<meta name=\"twitter:data2\" content=\"3 minutos\" \/>\n<script type=\"application\/ld+json\" class=\"yoast-schema-graph\">{\"@context\":\"https:\\\/\\\/schema.org\",\"@graph\":[{\"@type\":\"Article\",\"@id\":\"https:\\\/\\\/mont-roig.cat\\\/es\\\/actualitat\\\/noticies\\\/regresa-la-fira-del-vi-de-miami-platja-que-dara-el-pistoletazo-de-salida-a-la-programacion-festiva-de-semana-santa\\\/#article\",\"isPartOf\":{\"@id\":\"https:\\\/\\\/mont-roig.cat\\\/es\\\/actualitat\\\/noticies\\\/regresa-la-fira-del-vi-de-miami-platja-que-dara-el-pistoletazo-de-salida-a-la-programacion-festiva-de-semana-santa\\\/\"},\"author\":{\"name\":\"comunicacio\",\"@id\":\"https:\\\/\\\/mont-roig.cat\\\/es\\\/#\\\/schema\\\/person\\\/1f73e7b5e6f9dd122e8a6f14f310ac5e\"},\"headline\":\"Regresa la Fira del Vi de Miami Platja que dar\u00e1 el pistoletazo de salida a la programaci\u00f3n festiva de Semana Santa\",\"datePublished\":\"2026-03-18T13:06:33+00:00\",\"dateModified\":\"2026-03-18T13:14:33+00:00\",\"mainEntityOfPage\":{\"@id\":\"https:\\\/\\\/mont-roig.cat\\\/es\\\/actualitat\\\/noticies\\\/regresa-la-fira-del-vi-de-miami-platja-que-dara-el-pistoletazo-de-salida-a-la-programacion-festiva-de-semana-santa\\\/\"},\"wordCount\":474,\"image\":{\"@id\":\"https:\\\/\\\/mont-roig.cat\\\/es\\\/actualitat\\\/noticies\\\/regresa-la-fira-del-vi-de-miami-platja-que-dara-el-pistoletazo-de-salida-a-la-programacion-festiva-de-semana-santa\\\/#primaryimage\"},\"thumbnailUrl\":\"https:\\\/\\\/mont-roig.cat\\\/wp-content\\\/uploads\\\/MMT_FIRA_VI26_1200x600.png\",\"articleSection\":[\"Ayuntamiento\",\"Turismo\"],\"inLanguage\":\"es\"},{\"@type\":\"WebPage\",\"@id\":\"https:\\\/\\\/mont-roig.cat\\\/es\\\/actualitat\\\/noticies\\\/regresa-la-fira-del-vi-de-miami-platja-que-dara-el-pistoletazo-de-salida-a-la-programacion-festiva-de-semana-santa\\\/\",\"url\":\"https:\\\/\\\/mont-roig.cat\\\/es\\\/actualitat\\\/noticies\\\/regresa-la-fira-del-vi-de-miami-platja-que-dara-el-pistoletazo-de-salida-a-la-programacion-festiva-de-semana-santa\\\/\",\"name\":\"Regresa la Fira del Vi de Miami Platja que dar\u00e1 el pistoletazo de salida a la programaci\u00f3n festiva de Semana Santa - Ajuntament de Mont-roig del Camp\",\"isPartOf\":{\"@id\":\"https:\\\/\\\/mont-roig.cat\\\/es\\\/#website\"},\"primaryImageOfPage\":{\"@id\":\"https:\\\/\\\/mont-roig.cat\\\/es\\\/actualitat\\\/noticies\\\/regresa-la-fira-del-vi-de-miami-platja-que-dara-el-pistoletazo-de-salida-a-la-programacion-festiva-de-semana-santa\\\/#primaryimage\"},\"image\":{\"@id\":\"https:\\\/\\\/mont-roig.cat\\\/es\\\/actualitat\\\/noticies\\\/regresa-la-fira-del-vi-de-miami-platja-que-dara-el-pistoletazo-de-salida-a-la-programacion-festiva-de-semana-santa\\\/#primaryimage\"},\"thumbnailUrl\":\"https:\\\/\\\/mont-roig.cat\\\/wp-content\\\/uploads\\\/MMT_FIRA_VI26_1200x600.png\",\"datePublished\":\"2026-03-18T13:06:33+00:00\",\"dateModified\":\"2026-03-18T13:14:33+00:00\",\"author\":{\"@id\":\"https:\\\/\\\/mont-roig.cat\\\/es\\\/#\\\/schema\\\/person\\\/1f73e7b5e6f9dd122e8a6f14f310ac5e\"},\"breadcrumb\":{\"@id\":\"https:\\\/\\\/mont-roig.cat\\\/es\\\/actualitat\\\/noticies\\\/regresa-la-fira-del-vi-de-miami-platja-que-dara-el-pistoletazo-de-salida-a-la-programacion-festiva-de-semana-santa\\\/#breadcrumb\"},\"inLanguage\":\"es\",\"potentialAction\":[{\"@type\":\"ReadAction\",\"target\":[\"https:\\\/\\\/mont-roig.cat\\\/es\\\/actualitat\\\/noticies\\\/regresa-la-fira-del-vi-de-miami-platja-que-dara-el-pistoletazo-de-salida-a-la-programacion-festiva-de-semana-santa\\\/\"]}]},{\"@type\":\"ImageObject\",\"inLanguage\":\"es\",\"@id\":\"https:\\\/\\\/mont-roig.cat\\\/es\\\/actualitat\\\/noticies\\\/regresa-la-fira-del-vi-de-miami-platja-que-dara-el-pistoletazo-de-salida-a-la-programacion-festiva-de-semana-santa\\\/#primaryimage\",\"url\":\"https:\\\/\\\/mont-roig.cat\\\/wp-content\\\/uploads\\\/MMT_FIRA_VI26_1200x600.png\",\"contentUrl\":\"https:\\\/\\\/mont-roig.cat\\\/wp-content\\\/uploads\\\/MMT_FIRA_VI26_1200x600.png\",\"width\":1200,\"height\":600},{\"@type\":\"BreadcrumbList\",\"@id\":\"https:\\\/\\\/mont-roig.cat\\\/es\\\/actualitat\\\/noticies\\\/regresa-la-fira-del-vi-de-miami-platja-que-dara-el-pistoletazo-de-salida-a-la-programacion-festiva-de-semana-santa\\\/#breadcrumb\",\"itemListElement\":[{\"@type\":\"ListItem\",\"position\":1,\"name\":\"Inici\",\"item\":\"https:\\\/\\\/mont-roig.cat\\\/es\\\/pagina-de-inicio\\\/\"},{\"@type\":\"ListItem\",\"position\":2,\"name\":\"Regresa la Fira del Vi de Miami Platja que dar\u00e1 el pistoletazo de salida a la programaci\u00f3n festiva de Semana Santa\"}]},{\"@type\":\"WebSite\",\"@id\":\"https:\\\/\\\/mont-roig.cat\\\/es\\\/#website\",\"url\":\"https:\\\/\\\/mont-roig.cat\\\/es\\\/\",\"name\":\"Ajuntament de Mont-roig del Camp\",\"description\":\"Tota la informaci\u00f3 sobre la instituci\u00f3, els seus \u00f2rgans de govern, actualitat, serveis i molt m\u00e9s.\",\"potentialAction\":[{\"@type\":\"SearchAction\",\"target\":{\"@type\":\"EntryPoint\",\"urlTemplate\":\"https:\\\/\\\/mont-roig.cat\\\/es\\\/?s={search_term_string}\"},\"query-input\":{\"@type\":\"PropertyValueSpecification\",\"valueRequired\":true,\"valueName\":\"search_term_string\"}}],\"inLanguage\":\"es\"},{\"@type\":\"Person\",\"@id\":\"https:\\\/\\\/mont-roig.cat\\\/es\\\/#\\\/schema\\\/person\\\/1f73e7b5e6f9dd122e8a6f14f310ac5e\",\"name\":\"comunicacio\",\"image\":{\"@type\":\"ImageObject\",\"inLanguage\":\"es\",\"@id\":\"https:\\\/\\\/secure.gravatar.com\\\/avatar\\\/98944333e7a877670a64f8d10f0cb680ab2c9ebc4efc43945ef004b52b5ad28c?s=96&d=mm&r=g\",\"url\":\"https:\\\/\\\/secure.gravatar.com\\\/avatar\\\/98944333e7a877670a64f8d10f0cb680ab2c9ebc4efc43945ef004b52b5ad28c?s=96&d=mm&r=g\",\"contentUrl\":\"https:\\\/\\\/secure.gravatar.com\\\/avatar\\\/98944333e7a877670a64f8d10f0cb680ab2c9ebc4efc43945ef004b52b5ad28c?s=96&d=mm&r=g\",\"caption\":\"comunicacio\"},\"url\":\"https:\\\/\\\/mont-roig.cat\\\/es\\\/actualitat\\\/noticies\\\/author\\\/comunicacio\\\/\"}]}<\/script>\n<!-- \/ Yoast SEO plugin. -->","yoast_head_json":{"title":"Regresa la Fira del Vi de Miami Platja que dar\u00e1 el pistoletazo de salida a la programaci\u00f3n festiva de Semana Santa - Ajuntament de Mont-roig del Camp","robots":{"index":"index","follow":"follow","max-snippet":"max-snippet:-1","max-image-preview":"max-image-preview:large","max-video-preview":"max-video-preview:-1"},"canonical":"https:\/\/mont-roig.cat\/es\/actualitat\/noticies\/regresa-la-fira-del-vi-de-miami-platja-que-dara-el-pistoletazo-de-salida-a-la-programacion-festiva-de-semana-santa\/","og_locale":"es_ES","og_type":"article","og_title":"Regresa la Fira del Vi de Miami Platja que dar\u00e1 el pistoletazo de salida a la programaci\u00f3n festiva de Semana Santa - Ajuntament de Mont-roig del Camp","og_description":"Del 27 al 29 de marzo la sexta edici\u00f3n del evento reunir\u00e1 a 19 bodegas de 8 denominaciones de origen del territorio con m\u00fasica en vivo, gastronom\u00eda local, actividades familiares y pintura art\u00edstica en directo La Pla\u00e7a del Cinquantenari de Miami Platja acoger\u00e1 del 27 al 29 de marzo la 6\u00aa edici\u00f3n de la Fira [&hellip;]","og_url":"https:\/\/mont-roig.cat\/es\/actualitat\/noticies\/regresa-la-fira-del-vi-de-miami-platja-que-dara-el-pistoletazo-de-salida-a-la-programacion-festiva-de-semana-santa\/","og_site_name":"Ajuntament de Mont-roig del Camp","article_published_time":"2026-03-18T13:06:33+00:00","article_modified_time":"2026-03-18T13:14:33+00:00","og_image":[{"width":1200,"height":600,"url":"https:\/\/mont-roig.cat\/wp-content\/uploads\/MMT_FIRA_VI26_1200x600.png","type":"image\/png"}],"author":"comunicacio","twitter_card":"summary_large_image","twitter_misc":{"Escrito por":"comunicacio","Tiempo de lectura":"3 minutos"},"schema":{"@context":"https:\/\/schema.org","@graph":[{"@type":"Article","@id":"https:\/\/mont-roig.cat\/es\/actualitat\/noticies\/regresa-la-fira-del-vi-de-miami-platja-que-dara-el-pistoletazo-de-salida-a-la-programacion-festiva-de-semana-santa\/#article","isPartOf":{"@id":"https:\/\/mont-roig.cat\/es\/actualitat\/noticies\/regresa-la-fira-del-vi-de-miami-platja-que-dara-el-pistoletazo-de-salida-a-la-programacion-festiva-de-semana-santa\/"},"author":{"name":"comunicacio","@id":"https:\/\/mont-roig.cat\/es\/#\/schema\/person\/1f73e7b5e6f9dd122e8a6f14f310ac5e"},"headline":"Regresa la Fira del Vi de Miami Platja que dar\u00e1 el pistoletazo de salida a la programaci\u00f3n festiva de Semana Santa","datePublished":"2026-03-18T13:06:33+00:00","dateModified":"2026-03-18T13:14:33+00:00","mainEntityOfPage":{"@id":"https:\/\/mont-roig.cat\/es\/actualitat\/noticies\/regresa-la-fira-del-vi-de-miami-platja-que-dara-el-pistoletazo-de-salida-a-la-programacion-festiva-de-semana-santa\/"},"wordCount":474,"image":{"@id":"https:\/\/mont-roig.cat\/es\/actualitat\/noticies\/regresa-la-fira-del-vi-de-miami-platja-que-dara-el-pistoletazo-de-salida-a-la-programacion-festiva-de-semana-santa\/#primaryimage"},"thumbnailUrl":"https:\/\/mont-roig.cat\/wp-content\/uploads\/MMT_FIRA_VI26_1200x600.png","articleSection":["Ayuntamiento","Turismo"],"inLanguage":"es"},{"@type":"WebPage","@id":"https:\/\/mont-roig.cat\/es\/actualitat\/noticies\/regresa-la-fira-del-vi-de-miami-platja-que-dara-el-pistoletazo-de-salida-a-la-programacion-festiva-de-semana-santa\/","url":"https:\/\/mont-roig.cat\/es\/actualitat\/noticies\/regresa-la-fira-del-vi-de-miami-platja-que-dara-el-pistoletazo-de-salida-a-la-programacion-festiva-de-semana-santa\/","name":"Regresa la Fira del Vi de Miami Platja que dar\u00e1 el pistoletazo de salida a la programaci\u00f3n festiva de Semana Santa - Ajuntament de Mont-roig del Camp","isPartOf":{"@id":"https:\/\/mont-roig.cat\/es\/#website"},"primaryImageOfPage":{"@id":"https:\/\/mont-roig.cat\/es\/actualitat\/noticies\/regresa-la-fira-del-vi-de-miami-platja-que-dara-el-pistoletazo-de-salida-a-la-programacion-festiva-de-semana-santa\/#primaryimage"},"image":{"@id":"https:\/\/mont-roig.cat\/es\/actualitat\/noticies\/regresa-la-fira-del-vi-de-miami-platja-que-dara-el-pistoletazo-de-salida-a-la-programacion-festiva-de-semana-santa\/#primaryimage"},"thumbnailUrl":"https:\/\/mont-roig.cat\/wp-content\/uploads\/MMT_FIRA_VI26_1200x600.png","datePublished":"2026-03-18T13:06:33+00:00","dateModified":"2026-03-18T13:14:33+00:00","author":{"@id":"https:\/\/mont-roig.cat\/es\/#\/schema\/person\/1f73e7b5e6f9dd122e8a6f14f310ac5e"},"breadcrumb":{"@id":"https:\/\/mont-roig.cat\/es\/actualitat\/noticies\/regresa-la-fira-del-vi-de-miami-platja-que-dara-el-pistoletazo-de-salida-a-la-programacion-festiva-de-semana-santa\/#breadcrumb"},"inLanguage":"es","potentialAction":[{"@type":"ReadAction","target":["https:\/\/mont-roig.cat\/es\/actualitat\/noticies\/regresa-la-fira-del-vi-de-miami-platja-que-dara-el-pistoletazo-de-salida-a-la-programacion-festiva-de-semana-santa\/"]}]},{"@type":"ImageObject","inLanguage":"es","@id":"https:\/\/mont-roig.cat\/es\/actualitat\/noticies\/regresa-la-fira-del-vi-de-miami-platja-que-dara-el-pistoletazo-de-salida-a-la-programacion-festiva-de-semana-santa\/#primaryimage","url":"https:\/\/mont-roig.cat\/wp-content\/uploads\/MMT_FIRA_VI26_1200x600.png","contentUrl":"https:\/\/mont-roig.cat\/wp-content\/uploads\/MMT_FIRA_VI26_1200x600.png","width":1200,"height":600},{"@type":"BreadcrumbList","@id":"https:\/\/mont-roig.cat\/es\/actualitat\/noticies\/regresa-la-fira-del-vi-de-miami-platja-que-dara-el-pistoletazo-de-salida-a-la-programacion-festiva-de-semana-santa\/#breadcrumb","itemListElement":[{"@type":"ListItem","position":1,"name":"Inici","item":"https:\/\/mont-roig.cat\/es\/pagina-de-inicio\/"},{"@type":"ListItem","position":2,"name":"Regresa la Fira del Vi de Miami Platja que dar\u00e1 el pistoletazo de salida a la programaci\u00f3n festiva de Semana Santa"}]},{"@type":"WebSite","@id":"https:\/\/mont-roig.cat\/es\/#website","url":"https:\/\/mont-roig.cat\/es\/","name":"Ajuntament de Mont-roig del Camp","description":"Tota la informaci\u00f3 sobre la instituci\u00f3, els seus \u00f2rgans de govern, actualitat, serveis i molt m\u00e9s.","potentialAction":[{"@type":"SearchAction","target":{"@type":"EntryPoint","urlTemplate":"https:\/\/mont-roig.cat\/es\/?s={search_term_string}"},"query-input":{"@type":"PropertyValueSpecification","valueRequired":true,"valueName":"search_term_string"}}],"inLanguage":"es"},{"@type":"Person","@id":"https:\/\/mont-roig.cat\/es\/#\/schema\/person\/1f73e7b5e6f9dd122e8a6f14f310ac5e","name":"comunicacio","image":{"@type":"ImageObject","inLanguage":"es","@id":"https:\/\/secure.gravatar.com\/avatar\/98944333e7a877670a64f8d10f0cb680ab2c9ebc4efc43945ef004b52b5ad28c?s=96&d=mm&r=g","url":"https:\/\/secure.gravatar.com\/avatar\/98944333e7a877670a64f8d10f0cb680ab2c9ebc4efc43945ef004b52b5ad28c?s=96&d=mm&r=g","contentUrl":"https:\/\/secure.gravatar.com\/avatar\/98944333e7a877670a64f8d10f0cb680ab2c9ebc4efc43945ef004b52b5ad28c?s=96&d=mm&r=g","caption":"comunicacio"},"url":"https:\/\/mont-roig.cat\/es\/actualitat\/noticies\/author\/comunicacio\/"}]}},"_links":{"self":[{"href":"https:\/\/mont-roig.cat\/es\/wp-json\/wp\/v2\/posts\/90197","targetHints":{"allow":["GET"]}}],"collection":[{"href":"https:\/\/mont-roig.cat\/es\/wp-json\/wp\/v2\/posts"}],"about":[{"href":"https:\/\/mont-roig.cat\/es\/wp-json\/wp\/v2\/types\/post"}],"author":[{"embeddable":true,"href":"https:\/\/mont-roig.cat\/es\/wp-json\/wp\/v2\/users\/13"}],"replies":[{"embeddable":true,"href":"https:\/\/mont-roig.cat\/es\/wp-json\/wp\/v2\/comments?post=90197"}],"version-history":[{"count":2,"href":"https:\/\/mont-roig.cat\/es\/wp-json\/wp\/v2\/posts\/90197\/revisions"}],"predecessor-version":[{"id":90203,"href":"https:\/\/mont-roig.cat\/es\/wp-json\/wp\/v2\/posts\/90197\/revisions\/90203"}],"wp:featuredmedia":[{"embeddable":true,"href":"https:\/\/mont-roig.cat\/es\/wp-json\/wp\/v2\/media\/90195"}],"wp:attachment":[{"href":"https:\/\/mont-roig.cat\/es\/wp-json\/wp\/v2\/media?parent=90197"}],"wp:term":[{"taxonomy":"category","embeddable":true,"href":"https:\/\/mont-roig.cat\/es\/wp-json\/wp\/v2\/categories?post=90197"},{"taxonomy":"post_tag","embeddable":true,"href":"https:\/\/mont-roig.cat\/es\/wp-json\/wp\/v2\/tags?post=90197"}],"curies":[{"name":"wp","href":"https:\/\/api.w.org\/{rel}","templated":true}]}}