{"id":90277,"date":"2026-03-19T13:21:19","date_gmt":"2026-03-19T12:21:19","guid":{"rendered":"https:\/\/mont-roig.cat\/actualitat\/noticies\/mont-roig-del-camp-presenta-el-cicle-expositiu-2026-de-lesglesia-vella-que-comenca-amb-una-retrospectiva-de-bigas-luna\/"},"modified":"2026-03-19T13:30:20","modified_gmt":"2026-03-19T12:30:20","slug":"mont-roig-del-camp-presenta-el-ciclo-expositivo-2026-de-la-esglesia-vella-que-comienza-con-una-retrospectiva-de-bigas-luna","status":"publish","type":"post","link":"https:\/\/mont-roig.cat\/es\/actualitat\/noticies\/mont-roig-del-camp-presenta-el-ciclo-expositivo-2026-de-la-esglesia-vella-que-comienza-con-una-retrospectiva-de-bigas-luna\/","title":{"rendered":"Mont-roig del Camp presenta el ciclo expositivo 2026 de la Esgl\u00e9sia Vella que comienza con una retrospectiva de Bigas Luna"},"content":{"rendered":"<div id=\"attachment_90263\" style=\"width: 314px\" class=\"wp-caption alignright\"><a href=\"https:\/\/mont-roig.cat\/wp-content\/uploads\/Presentacio-Exposicions-Esglesia-Vella-Mont-roig-del-Camp-2026-scaled.jpeg\" target=\"_blank\" rel=\"noopener\"><img loading=\"lazy\" decoding=\"async\" aria-describedby=\"caption-attachment-90263\" class=\"wp-image-90263\" src=\"https:\/\/mont-roig.cat\/wp-content\/uploads\/Presentacio-Exposicions-Esglesia-Vella-Mont-roig-del-Camp-2026-500x375.jpeg\" alt=\"\" width=\"304\" height=\"228\" srcset=\"https:\/\/mont-roig.cat\/wp-content\/uploads\/Presentacio-Exposicions-Esglesia-Vella-Mont-roig-del-Camp-2026-500x375.jpeg 500w, https:\/\/mont-roig.cat\/wp-content\/uploads\/Presentacio-Exposicions-Esglesia-Vella-Mont-roig-del-Camp-2026-1024x768.jpeg 1024w, https:\/\/mont-roig.cat\/wp-content\/uploads\/Presentacio-Exposicions-Esglesia-Vella-Mont-roig-del-Camp-2026-768x576.jpeg 768w, https:\/\/mont-roig.cat\/wp-content\/uploads\/Presentacio-Exposicions-Esglesia-Vella-Mont-roig-del-Camp-2026-1536x1152.jpeg 1536w, https:\/\/mont-roig.cat\/wp-content\/uploads\/Presentacio-Exposicions-Esglesia-Vella-Mont-roig-del-Camp-2026-scaled.jpeg 2048w, https:\/\/mont-roig.cat\/wp-content\/uploads\/Presentacio-Exposicions-Esglesia-Vella-Mont-roig-del-Camp-2026-463x348.jpeg 463w\" sizes=\"auto, (max-width: 304px) 100vw, 304px\" \/><\/a><p id=\"caption-attachment-90263\" class=\"wp-caption-text\">Presentaci\u00f3n de la temporada de expososiciones del Centre Cultural Esgl\u00e9sia Vella de Mont-roig del Camp.<\/p><\/div>\n<ul>\n<li><strong>\u201cEros et Natura\u201d, que se podr\u00e1 ver hasta el 3 de mayo, abre la programaci\u00f3n con una mirada en profundidad al universo creativo de Bigas Luna, el a\u00f1o en que habr\u00eda cumplido su 80\u00ba aniversario<\/strong><\/li>\n<\/ul>\n<p>El Centre Cultural Esgl\u00e9sia Vella de Mont-roig del Camp ha acogido esta ma\u00f1ana la presentaci\u00f3n oficial del ciclo de exposiciones 2026, una programaci\u00f3n impulsada por el Departament de Cultura del Ajuntament de Mont-roig del Camp, que reafirma este espacio como punto de encuentro entre patrimonio y creaci\u00f3n contempor\u00e1nea.<\/p>\n<p>El acto ha contado con la presencia del alcalde del municipio, Fran Morancho; la concejala de Cultura, Elvira Montagud; y tambi\u00e9n la comisaria de la exposici\u00f3n sobre Bigas Luna que inaugura la temporada, Raquel Medina, y la viuda del artista, Celia Or\u00f3s. De hecho, esta presentaci\u00f3n ha sido la previa de la inauguraci\u00f3n, esta tarde a las 19h, de la exposici\u00f3n Bigas Luna. Eros et Natura, que da el pistoletazo de salida al ciclo y que se podr\u00e1 visitar hasta el 3 de mayo.<\/p>\n<p><strong><a href=\"https:\/\/mont-roig.cat\/wp-content\/uploads\/Instagram_Facebook-feed-1080-x-1350.jpg\"><img loading=\"lazy\" decoding=\"async\" class=\"wp-image-90265 alignleft\" src=\"https:\/\/mont-roig.cat\/wp-content\/uploads\/Instagram_Facebook-feed-1080-x-1350-400x500.jpg\" alt=\"\" width=\"252\" height=\"315\" \/><\/a>Bigas Luna: un artista total m\u00e1s all\u00e1 del cine<\/strong><br \/>\nLa exposici\u00f3n Eros et Natura propone una revisi\u00f3n profunda del universo creativo de Bigas Luna (1946-2013), m\u00e1s all\u00e1 de su trayectoria cinematogr\u00e1fica, que es la que conoci\u00f3 el gran p\u00fablico. La muestra pone el foco en su producci\u00f3n como artista visual, a menudo menos conocida, pero esencial para entender su mirada.<\/p>\n<p>A trav\u00e9s de obras que transitan entre disciplinas, el visitante se adentra en un imaginario simb\u00f3lico muy personal, donde el erotismo, la naturaleza, la espiritualidad y la cultura mediterr\u00e1nea se convierten en ejes centrales. Los materiales org\u00e1nicos, las formas evocadoras y los elementos cotidianos transformados en s\u00edmbolos construyen un lenguaje propio que conecta cuerpo y paisaje, deseo e identidad.<\/p>\n<p>La exposici\u00f3n tambi\u00e9n evidencia el di\u00e1logo constante entre su trabajo cinematogr\u00e1fico y pl\u00e1stico, revelando a un creador total que entend\u00eda el arte como una experiencia global. En este sentido, Eros et Natura no solo es una retrospectiva, sino tambi\u00e9n una invitaci\u00f3n a redescubrir la vigencia y la profundidad de su legado en el contexto contempor\u00e1neo.<\/p>\n<p>La muestra adquiere un valor especial en el marco de la conmemoraci\u00f3n de lo que habr\u00eda sido su 80\u00ba aniversario, y cuenta con la complicidad de su viuda, Celia Or\u00f3s, presente en el acto de presentaci\u00f3n.<\/p>\n<p>Cat\u00e1logo de la exposici\u00f3n de Bigas Luna <a href=\"https:\/\/mont-roig.cat\/wp-content\/uploads\/Cataleg-Expo-Bigas-Luna_Comp-1.pdf\" target=\"_blank\" rel=\"noopener\">en este pdf<\/a>.<\/p>\n<p><strong>Un recorrido por la creaci\u00f3n contempor\u00e1nea y el territorio<\/strong><br \/>\nEl ciclo expositivo 2026 en el Centre Cultural Esgl\u00e9sia Vella, edificio situado en pleno casco antiguo de Mont-roig del Camp, propone un itinerario diverso que combina figuras destacadas de la cultura con artistas vinculados al territorio, configurando un mosaico de lenguajes y sensibilidades.<\/p>\n<p>Tras la muestra inaugural, el programa continuar\u00e1 del 15 de mayo al 23 de junio con Juanillo y su legado art\u00edstico, una exposici\u00f3n de homenaje a una figura muy querida del municipio. Su colecci\u00f3n, cedida al Ajuntament de Mont-roig del Camp, pone en valor el papel del coleccionismo como motor de patrimonio cultural y memoria colectiva.<\/p>\n<p>Durante el verano, en concreto del 2 de julio al 2 de septiembre, la Fundaci\u00f3 Mas Mir\u00f3 presentar\u00e1 una exposici\u00f3n centrada en los yesos escult\u00f3ricos de Joan Mir\u00f3, una oportunidad que ya se pudo ver hace unos a\u00f1os con gran \u00e9xito de visitantes y que sirve para descubrir una parte \u00edntima de su proceso creativo. Estas piezas, modelos originales de sus esculturas en bronce, refuerzan el v\u00ednculo entre Mont-roig del Camp y el universo del artista.<\/p>\n<p>En oto\u00f1o, del 10 al 27 de septiembre, el ciclo pone el foco en la creaci\u00f3n contempor\u00e1nea con mirada de territorio. Mariona Roig\u00e9 presentar\u00e1 Teixint mem\u00f2ria, una propuesta de arte textil que explora la memoria hist\u00f3rica y la libertad a trav\u00e9s del tapiz, con una clara perspectiva sobre el papel de las mujeres en la historia reciente.<\/p>\n<p>Por su parte, la artista cambrilense Queralt Osorio expondr\u00e1 del 2 de octubre al 27 de octubre <em>Inf\u00e9rnum<\/em>, una muestra de pintura y escultura que aborda el cuerpo como territorio simb\u00f3lico, profundizando en cuestiones de identidad, transformaci\u00f3n y experiencia femenina.<\/p>\n<p>El ciclo se cerrar\u00e1 con El bosc imaginari del escultor local Joan Vil\u00e0, una propuesta escult\u00f3rica que transforma materiales naturales y reciclados en un universo po\u00e9tico, donde la materia y la naturaleza dialogan con la espiritualidad y el pensamiento. Se podr\u00e1 visitar del 29 de octubre al 6 de diciembre.<\/p>\n<p><strong>Compromiso institucional con la cultura<\/strong><br \/>\nDurante la rueda de prensa, el alcalde, Fran Morancho, ha destacado que este ciclo \u201ces una muestra clara de la voluntad del Ajuntament de Mont-roig del Camp de seguir apostando por la cultura como uno de los pilares del municipio\u201d, y ha subrayado la importancia de dar continuidad a proyectos culturales de calidad. Morancho ha puesto en valor el papel de la Esgl\u00e9sia Vella como espacio singular: \u201cForma parte de nuestro patrimonio hist\u00f3rico y de la memoria colectiva, pero al mismo tiempo tiene un gran potencial como espacio de creaci\u00f3n contempor\u00e1nea. Con iniciativas como esta le damos vida y lo convertimos en un lugar de encuentro, de pensamiento y de experiencia cultural\u201d.<\/p>\n<p>El alcalde tambi\u00e9n ha remarcado que la programaci\u00f3n \u201cexplica qui\u00e9nes somos como municipio\u201d, combinando la vinculaci\u00f3n con figuras universales como Bigas Luna o Joan Mir\u00f3 con el apoyo al talento local y emergente. En este sentido, ha insistido en la voluntad de que este espacio sea abierto y accesible: \u201cNo queremos que sea solo un lugar de exposici\u00f3n, sino un espacio vivo que genere actividad cultural, que invite a la participaci\u00f3n y que acerque el arte a la ciudadan\u00eda\u201d.<\/p>\n<p>Por su parte, la concejala de Cultura, Elvira Montagud, ha remarcado la apuesta por una programaci\u00f3n diversa y de calidad, que \u201ccombina artistas reconocidos con creadores vinculados al territorio y permite al p\u00fablico aproximarse a diferentes lenguajes de la creaci\u00f3n contempor\u00e1nea, desde la pintura y la escultura hasta el arte textil o la instalaci\u00f3n\u201d.<\/p>\n<p>La concejala tambi\u00e9n ha puesto \u00e9nfasis en la dimensi\u00f3n experiencial del ciclo, que se complementar\u00e1 con actividades paralelas como conversaciones con artistas, visitas comentadas y propuestas culturales diversas: \u201cQueremos que el p\u00fablico no solo visite las exposiciones, sino que establezca una relaci\u00f3n m\u00e1s profunda y participativa con ellas\u201d.<\/p>\n<p><strong>Calendario de exposiciones<\/strong><\/p>\n<table style=\"height: 557px;\" width=\"673\">\n<tbody>\n<tr>\n<td width=\"159\"><strong>Fechar<\/strong><\/td>\n<td width=\"247\"><strong>Exposici\u00f3n<\/strong><\/td>\n<\/tr>\n<tr>\n<td width=\"159\">19 marzo al 3 de mayo<\/td>\n<td width=\"247\">Bigas Luna\u00a0 80 anys\u00a0 <em>Eros et natura<\/em><\/td>\n<\/tr>\n<tr>\n<td width=\"159\">15 mayo-23 junio<\/td>\n<td width=\"247\"><em>Juanillo i el seu llegat art\u00edstic<\/em><\/td>\n<\/tr>\n<tr>\n<td width=\"159\">2 de julio al 2 de septiembre<\/td>\n<td width=\"247\">Fundaci\u00f3 Mas Mir\u00f3<\/td>\n<\/tr>\n<tr>\n<td width=\"159\">10 septiembre-27 septiembre<\/td>\n<td width=\"247\">Mariona Roig\u00e9 <em>Teixint mem\u00f2ria <\/em><\/td>\n<\/tr>\n<tr>\n<td width=\"159\">2 octubre-25 octubre<\/td>\n<td width=\"247\">Queralt Osorio\u00a0 <em>Inf\u00e9rnum<\/em>\u00a0 pintura i escultura.<\/td>\n<\/tr>\n<tr>\n<td width=\"159\">29 octubre-6 diciembre<\/td>\n<td width=\"247\">Joan Vil\u00e0\u00a0 <em>El bosc imaginari<\/em><\/td>\n<\/tr>\n<\/tbody>\n<\/table>\n\n\t\t<!-- MasterSlider -->\n\t\t<div id=\"P_MS69f39e12290cc\" class=\"master-slider-parent master-slider-gallery   ms-parent-id-0\"  >\n\n\t\t\t\n\t\t\t<!-- MasterSlider Main -->\n\t\t\t<div id=\"MS69f39e12290cc\" class=\"master-slider ms-skin-default\" >\n\t\t\t\t \t\t\t\t \n\t\t\t<div  class=\"ms-slide\" data-delay=\"3\"    >\n\t\t\t\t\t<img decoding=\"async\" src=\"https:\/\/mont-roig.cat\/wp-content\/plugins\/masterslider\/public\/assets\/css\/blank.gif\" alt=\"Bigas Luna 6\" title=\"Bigas Luna 6\" data-src=\"https:\/\/mont-roig.cat\/wp-content\/uploadsArray\" \/>\n\t<a href=\"https:\/\/mont-roig.cat\/es\/actualitat\/noticies\/mont-roig-del-camp-presenta-el-ciclo-expositivo-2026-de-la-esglesia-vella-que-comienza-con-una-retrospectiva-de-bigas-luna\/bigas-luna-6\/\" target=\"_self\"    >Bigas Luna 6<\/a>\n\n\t\t\t\t\t<div class=\"ms-info\">Bigas Luna 6<\/div>\n\n\n\t<img decoding=\"async\" class=\"ms-thumb\" src=\"https:\/\/mont-roig.cat\/wp-content\/uploadsArray\" alt=\"Bigas Luna 6\" \/>\n\t\t\t\t<\/div>\n\t\t\t<div  class=\"ms-slide\" data-delay=\"3\"    >\n\t\t\t\t\t<img decoding=\"async\" src=\"https:\/\/mont-roig.cat\/wp-content\/plugins\/masterslider\/public\/assets\/css\/blank.gif\" alt=\"Exposicio Bigas Luna 1\" title=\"Exposicio Bigas Luna 1\" data-src=\"https:\/\/mont-roig.cat\/wp-content\/uploadsArray\" \/>\n\t<a href=\"https:\/\/mont-roig.cat\/es\/actualitat\/noticies\/mont-roig-del-camp-presenta-el-ciclo-expositivo-2026-de-la-esglesia-vella-que-comienza-con-una-retrospectiva-de-bigas-luna\/exposicio-bigas-luna-1\/\" target=\"_self\"    >Exposicio Bigas Luna 1<\/a>\n\n\t\t\t\t\t<div class=\"ms-info\">Exposicio Bigas Luna 1<\/div>\n\n\n\t<img decoding=\"async\" class=\"ms-thumb\" src=\"https:\/\/mont-roig.cat\/wp-content\/uploadsArray\" alt=\"Exposicio Bigas Luna 1\" \/>\n\t\t\t\t<\/div>\n\t\t\t<div  class=\"ms-slide\" data-delay=\"3\"    >\n\t\t\t\t\t<img decoding=\"async\" src=\"https:\/\/mont-roig.cat\/wp-content\/plugins\/masterslider\/public\/assets\/css\/blank.gif\" alt=\"Exposici\u00f3 Bigas Luna 3\" title=\"Exposici\u00f3 Bigas Luna 3\" data-src=\"https:\/\/mont-roig.cat\/wp-content\/uploadsArray\" \/>\n\t<a href=\"https:\/\/mont-roig.cat\/es\/actualitat\/noticies\/mont-roig-del-camp-presenta-el-ciclo-expositivo-2026-de-la-esglesia-vella-que-comienza-con-una-retrospectiva-de-bigas-luna\/exposicio-bigas-luna-3\/\" target=\"_self\"    >Exposici\u00f3 Bigas Luna 3<\/a>\n\n\t\t\t\t\t<div class=\"ms-info\">Exposici\u00f3 Bigas Luna 3<\/div>\n\n\n\t<img decoding=\"async\" class=\"ms-thumb\" src=\"https:\/\/mont-roig.cat\/wp-content\/uploadsArray\" alt=\"Exposici\u00f3 Bigas Luna 3\" \/>\n\t\t\t\t<\/div>\n\t\t\t<div  class=\"ms-slide\" data-delay=\"3\"    >\n\t\t\t\t\t<img decoding=\"async\" src=\"https:\/\/mont-roig.cat\/wp-content\/plugins\/masterslider\/public\/assets\/css\/blank.gif\" alt=\"Bigas Luna 5\" title=\"Bigas Luna 5\" data-src=\"https:\/\/mont-roig.cat\/wp-content\/uploadsArray\" \/>\n\t<a href=\"https:\/\/mont-roig.cat\/es\/actualitat\/noticies\/mont-roig-del-camp-presenta-el-ciclo-expositivo-2026-de-la-esglesia-vella-que-comienza-con-una-retrospectiva-de-bigas-luna\/bigas-luna-5\/\" target=\"_self\"    >Bigas Luna 5<\/a>\n\n\t\t\t\t\t<div class=\"ms-info\">Bigas Luna 5<\/div>\n\n\n\t<img decoding=\"async\" class=\"ms-thumb\" src=\"https:\/\/mont-roig.cat\/wp-content\/uploadsArray\" alt=\"Bigas Luna 5\" \/>\n\t\t\t\t<\/div>\n\t\t\t<div  class=\"ms-slide\" data-delay=\"3\"    >\n\t\t\t\t\t<img decoding=\"async\" src=\"https:\/\/mont-roig.cat\/wp-content\/plugins\/masterslider\/public\/assets\/css\/blank.gif\" alt=\"Exposicio Bigas Luna 4\" title=\"Exposicio Bigas Luna 4\" data-src=\"https:\/\/mont-roig.cat\/wp-content\/uploadsArray\" \/>\n\t<a href=\"https:\/\/mont-roig.cat\/es\/actualitat\/noticies\/mont-roig-del-camp-presenta-el-ciclo-expositivo-2026-de-la-esglesia-vella-que-comienza-con-una-retrospectiva-de-bigas-luna\/exposicio-bigas-luna-4\/\" target=\"_self\"    >Exposicio Bigas Luna 4<\/a>\n\n\t\t\t\t\t<div class=\"ms-info\">Exposicio Bigas Luna 4<\/div>\n\n\n\t<img decoding=\"async\" class=\"ms-thumb\" src=\"https:\/\/mont-roig.cat\/wp-content\/uploadsArray\" alt=\"Exposicio Bigas Luna 4\" \/>\n\t\t\t\t<\/div>\n\t\t\t<div  class=\"ms-slide\" data-delay=\"3\"    >\n\t\t\t\t\t<img decoding=\"async\" src=\"https:\/\/mont-roig.cat\/wp-content\/plugins\/masterslider\/public\/assets\/css\/blank.gif\" alt=\"Exposicio Bigas Luna 2\" title=\"Exposicio Bigas Luna 2\" data-src=\"https:\/\/mont-roig.cat\/wp-content\/uploadsArray\" \/>\n\t<a href=\"https:\/\/mont-roig.cat\/es\/actualitat\/noticies\/mont-roig-del-camp-presenta-el-ciclo-expositivo-2026-de-la-esglesia-vella-que-comienza-con-una-retrospectiva-de-bigas-luna\/exposicio-bigas-luna-2\/\" target=\"_self\"    >Exposicio Bigas Luna 2<\/a>\n\n\t\t\t\t\t<div class=\"ms-info\">Exposicio Bigas Luna 2<\/div>\n\n\n\t<img decoding=\"async\" class=\"ms-thumb\" src=\"https:\/\/mont-roig.cat\/wp-content\/uploadsArray\" alt=\"Exposicio Bigas Luna 2\" \/>\n\t\t\t\t<\/div>\n\n\t\t\t<\/div>\n\t\t\t<!-- END MasterSlider Main -->\n\n\t\t\t \n\t\t<\/div>\n\t\t<!-- END MasterSlider -->\n\n\t\t<script>\n\t\t( window.MSReady = window.MSReady || [] ).push( function( $ ) {\n\n\t\t\t\"use strict\";\n\t\t\tvar masterslider_90cc = new MasterSlider();\n\n\t\t\t\/\/ slider controls\n\t\t\tmasterslider_90cc.control('arrows'     ,{ autohide:true, overVideo:true  });\n\t\t\tmasterslider_90cc.control('thumblist'  ,{ autohide:false, overVideo:true, dir:'h', speed:17, inset:false, arrows:false, hover:false, customClass:'', align:'bottom',type:'thumbs', margin:2, width:140, height:80, space:2, fillMode:'fill'  });\n\t\t\tmasterslider_90cc.control('slideinfo'  ,{ autohide:true, overVideo:true, dir:'h', align:'bottom',inset:true , margin:80  , size:30 });\n\t\t\t\/\/ slider setup\n\t\t\tmasterslider_90cc.setup(\"MS69f39e12290cc\", {\n\t\t\t\twidth           : 960,\n\t\t\t\theight          : 540,\n\t\t\t\tminHeight       : 0,\n\t\t\t\tspace           : 0,\n\t\t\t\tstart           : 1,\n\t\t\t\tgrabCursor      : true,\n\t\t\t\tswipe           : true,\n\t\t\t\tmouse           : true,\n\t\t\t\tkeyboard        : false,\n\t\t\t\tlayout          : \"fillwidth\",\n\t\t\t\twheel           : false,\n\t\t\t\tautoplay        : false,\n                instantStartLayers:false,\n\t\t\t\tmobileBGVideo:false,\n\t\t\t\tloop            : false,\n\t\t\t\tshuffle         : false,\n\t\t\t\tpreload         : 3,\n\t\t\t\theightLimit     : false,\n\t\t\t\tautoHeight      : false,\n\t\t\t\tsmoothHeight    : true,\n\t\t\t\tendPause        : false,\n\t\t\t\toverPause       : false,\n\t\t\t\tfillMode        : \"fill\",\n\t\t\t\tcenterControls  : true,\n\t\t\t\tstartOnAppear   : false,\n\t\t\t\tlayersMode      : \"center\",\n\t\t\t\tautofillTarget  : \"\",\n\t\t\t\thideLayers      : false,\n\t\t\t\tfullscreenMargin: 0,\n\t\t\t\tspeed           : 17,\n\t\t\t\tdir             : \"h\",\n\t\t\t\tparallaxMode    : 'swipe',\n\t\t\t\tview            : \"basic\"\n\t\t\t});\n\n\t\t\t\n\t\t\twindow.masterslider_instances = window.masterslider_instances || [];\n\t\t\twindow.masterslider_instances.push( masterslider_90cc );\n\t\t});\n\t\t<\/script>\n\n\n","protected":false},"excerpt":{"rendered":"<p>\u201cEros et Natura\u201d, que se podr\u00e1 ver hasta el 3 de mayo, abre la programaci\u00f3n con una mirada en profundidad al universo creativo de Bigas Luna, el a\u00f1o en que habr\u00eda cumplido su 80\u00ba aniversario El Centre Cultural Esgl\u00e9sia Vella de Mont-roig del Camp ha acogido esta ma\u00f1ana la presentaci\u00f3n oficial del ciclo de exposiciones [&hellip;]<\/p>\n","protected":false},"author":13,"featured_media":90266,"comment_status":"closed","ping_status":"closed","sticky":false,"template":"","format":"standard","meta":{"inline_featured_image":false,"_monsterinsights_skip_tracking":false,"_monsterinsights_sitenote_active":false,"_monsterinsights_sitenote_note":"","_monsterinsights_sitenote_category":0,"footnotes":""},"categories":[98,101],"tags":[],"class_list":["post-90277","post","type-post","status-publish","format-standard","has-post-thumbnail","hentry","category-ayuntamiento","category-cultura-es"],"yoast_head":"<!-- This site is optimized with the Yoast SEO plugin v27.4 - https:\/\/yoast.com\/product\/yoast-seo-wordpress\/ -->\n<title>Mont-roig del Camp presenta el ciclo expositivo 2026 de la Esgl\u00e9sia Vella que comienza con una retrospectiva de Bigas Luna - Ajuntament de Mont-roig del Camp<\/title>\n<meta name=\"robots\" content=\"index, follow, max-snippet:-1, max-image-preview:large, max-video-preview:-1\" \/>\n<link rel=\"canonical\" href=\"https:\/\/mont-roig.cat\/es\/actualitat\/noticies\/mont-roig-del-camp-presenta-el-ciclo-expositivo-2026-de-la-esglesia-vella-que-comienza-con-una-retrospectiva-de-bigas-luna\/\" \/>\n<meta property=\"og:locale\" content=\"es_ES\" \/>\n<meta property=\"og:type\" content=\"article\" \/>\n<meta property=\"og:title\" content=\"Mont-roig del Camp presenta el ciclo expositivo 2026 de la Esgl\u00e9sia Vella que comienza con una retrospectiva de Bigas Luna - Ajuntament de Mont-roig del Camp\" \/>\n<meta property=\"og:description\" content=\"\u201cEros et Natura\u201d, que se podr\u00e1 ver hasta el 3 de mayo, abre la programaci\u00f3n con una mirada en profundidad al universo creativo de Bigas Luna, el a\u00f1o en que habr\u00eda cumplido su 80\u00ba aniversario El Centre Cultural Esgl\u00e9sia Vella de Mont-roig del Camp ha acogido esta ma\u00f1ana la presentaci\u00f3n oficial del ciclo de exposiciones [&hellip;]\" \/>\n<meta property=\"og:url\" content=\"https:\/\/mont-roig.cat\/es\/actualitat\/noticies\/mont-roig-del-camp-presenta-el-ciclo-expositivo-2026-de-la-esglesia-vella-que-comienza-con-una-retrospectiva-de-bigas-luna\/\" \/>\n<meta property=\"og:site_name\" content=\"Ajuntament de Mont-roig del Camp\" \/>\n<meta property=\"article:published_time\" content=\"2026-03-19T12:21:19+00:00\" \/>\n<meta property=\"article:modified_time\" content=\"2026-03-19T12:30:20+00:00\" \/>\n<meta property=\"og:image\" content=\"https:\/\/mont-roig.cat\/wp-content\/uploads\/Presentacio-Exposicions-Esglesia-Vella-Mont-roig-del-Camp-2026-scaled.jpeg\" \/>\n\t<meta property=\"og:image:width\" content=\"2048\" \/>\n\t<meta property=\"og:image:height\" content=\"1536\" \/>\n\t<meta property=\"og:image:type\" content=\"image\/jpeg\" \/>\n<meta name=\"author\" content=\"comunicacio\" \/>\n<meta name=\"twitter:card\" content=\"summary_large_image\" \/>\n<meta name=\"twitter:label1\" content=\"Escrito por\" \/>\n\t<meta name=\"twitter:data1\" content=\"comunicacio\" \/>\n\t<meta name=\"twitter:label2\" content=\"Tiempo de lectura\" \/>\n\t<meta name=\"twitter:data2\" content=\"7 minutos\" \/>\n<script type=\"application\/ld+json\" class=\"yoast-schema-graph\">{\"@context\":\"https:\\\/\\\/schema.org\",\"@graph\":[{\"@type\":\"Article\",\"@id\":\"https:\\\/\\\/mont-roig.cat\\\/es\\\/actualitat\\\/noticies\\\/mont-roig-del-camp-presenta-el-ciclo-expositivo-2026-de-la-esglesia-vella-que-comienza-con-una-retrospectiva-de-bigas-luna\\\/#article\",\"isPartOf\":{\"@id\":\"https:\\\/\\\/mont-roig.cat\\\/es\\\/actualitat\\\/noticies\\\/mont-roig-del-camp-presenta-el-ciclo-expositivo-2026-de-la-esglesia-vella-que-comienza-con-una-retrospectiva-de-bigas-luna\\\/\"},\"author\":{\"name\":\"comunicacio\",\"@id\":\"https:\\\/\\\/mont-roig.cat\\\/es\\\/#\\\/schema\\\/person\\\/1f73e7b5e6f9dd122e8a6f14f310ac5e\"},\"headline\":\"Mont-roig del Camp presenta el ciclo expositivo 2026 de la Esgl\u00e9sia Vella que comienza con una retrospectiva de Bigas Luna\",\"datePublished\":\"2026-03-19T12:21:19+00:00\",\"dateModified\":\"2026-03-19T12:30:20+00:00\",\"mainEntityOfPage\":{\"@id\":\"https:\\\/\\\/mont-roig.cat\\\/es\\\/actualitat\\\/noticies\\\/mont-roig-del-camp-presenta-el-ciclo-expositivo-2026-de-la-esglesia-vella-que-comienza-con-una-retrospectiva-de-bigas-luna\\\/\"},\"wordCount\":1192,\"image\":{\"@id\":\"https:\\\/\\\/mont-roig.cat\\\/es\\\/actualitat\\\/noticies\\\/mont-roig-del-camp-presenta-el-ciclo-expositivo-2026-de-la-esglesia-vella-que-comienza-con-una-retrospectiva-de-bigas-luna\\\/#primaryimage\"},\"thumbnailUrl\":\"https:\\\/\\\/mont-roig.cat\\\/wp-content\\\/uploads\\\/Presentacio-Exposicions-Esglesia-Vella-Mont-roig-del-Camp-2026-scaled.jpeg\",\"articleSection\":[\"Ayuntamiento\",\"Cultura\"],\"inLanguage\":\"es\"},{\"@type\":\"WebPage\",\"@id\":\"https:\\\/\\\/mont-roig.cat\\\/es\\\/actualitat\\\/noticies\\\/mont-roig-del-camp-presenta-el-ciclo-expositivo-2026-de-la-esglesia-vella-que-comienza-con-una-retrospectiva-de-bigas-luna\\\/\",\"url\":\"https:\\\/\\\/mont-roig.cat\\\/es\\\/actualitat\\\/noticies\\\/mont-roig-del-camp-presenta-el-ciclo-expositivo-2026-de-la-esglesia-vella-que-comienza-con-una-retrospectiva-de-bigas-luna\\\/\",\"name\":\"Mont-roig del Camp presenta el ciclo expositivo 2026 de la Esgl\u00e9sia Vella que comienza con una retrospectiva de Bigas Luna - Ajuntament de Mont-roig del Camp\",\"isPartOf\":{\"@id\":\"https:\\\/\\\/mont-roig.cat\\\/es\\\/#website\"},\"primaryImageOfPage\":{\"@id\":\"https:\\\/\\\/mont-roig.cat\\\/es\\\/actualitat\\\/noticies\\\/mont-roig-del-camp-presenta-el-ciclo-expositivo-2026-de-la-esglesia-vella-que-comienza-con-una-retrospectiva-de-bigas-luna\\\/#primaryimage\"},\"image\":{\"@id\":\"https:\\\/\\\/mont-roig.cat\\\/es\\\/actualitat\\\/noticies\\\/mont-roig-del-camp-presenta-el-ciclo-expositivo-2026-de-la-esglesia-vella-que-comienza-con-una-retrospectiva-de-bigas-luna\\\/#primaryimage\"},\"thumbnailUrl\":\"https:\\\/\\\/mont-roig.cat\\\/wp-content\\\/uploads\\\/Presentacio-Exposicions-Esglesia-Vella-Mont-roig-del-Camp-2026-scaled.jpeg\",\"datePublished\":\"2026-03-19T12:21:19+00:00\",\"dateModified\":\"2026-03-19T12:30:20+00:00\",\"author\":{\"@id\":\"https:\\\/\\\/mont-roig.cat\\\/es\\\/#\\\/schema\\\/person\\\/1f73e7b5e6f9dd122e8a6f14f310ac5e\"},\"breadcrumb\":{\"@id\":\"https:\\\/\\\/mont-roig.cat\\\/es\\\/actualitat\\\/noticies\\\/mont-roig-del-camp-presenta-el-ciclo-expositivo-2026-de-la-esglesia-vella-que-comienza-con-una-retrospectiva-de-bigas-luna\\\/#breadcrumb\"},\"inLanguage\":\"es\",\"potentialAction\":[{\"@type\":\"ReadAction\",\"target\":[\"https:\\\/\\\/mont-roig.cat\\\/es\\\/actualitat\\\/noticies\\\/mont-roig-del-camp-presenta-el-ciclo-expositivo-2026-de-la-esglesia-vella-que-comienza-con-una-retrospectiva-de-bigas-luna\\\/\"]}]},{\"@type\":\"ImageObject\",\"inLanguage\":\"es\",\"@id\":\"https:\\\/\\\/mont-roig.cat\\\/es\\\/actualitat\\\/noticies\\\/mont-roig-del-camp-presenta-el-ciclo-expositivo-2026-de-la-esglesia-vella-que-comienza-con-una-retrospectiva-de-bigas-luna\\\/#primaryimage\",\"url\":\"https:\\\/\\\/mont-roig.cat\\\/wp-content\\\/uploads\\\/Presentacio-Exposicions-Esglesia-Vella-Mont-roig-del-Camp-2026-scaled.jpeg\",\"contentUrl\":\"https:\\\/\\\/mont-roig.cat\\\/wp-content\\\/uploads\\\/Presentacio-Exposicions-Esglesia-Vella-Mont-roig-del-Camp-2026-scaled.jpeg\",\"width\":2048,\"height\":1536},{\"@type\":\"BreadcrumbList\",\"@id\":\"https:\\\/\\\/mont-roig.cat\\\/es\\\/actualitat\\\/noticies\\\/mont-roig-del-camp-presenta-el-ciclo-expositivo-2026-de-la-esglesia-vella-que-comienza-con-una-retrospectiva-de-bigas-luna\\\/#breadcrumb\",\"itemListElement\":[{\"@type\":\"ListItem\",\"position\":1,\"name\":\"Inici\",\"item\":\"https:\\\/\\\/mont-roig.cat\\\/es\\\/pagina-de-inicio\\\/\"},{\"@type\":\"ListItem\",\"position\":2,\"name\":\"Mont-roig del Camp presenta el ciclo expositivo 2026 de la Esgl\u00e9sia Vella que comienza con una retrospectiva de Bigas Luna\"}]},{\"@type\":\"WebSite\",\"@id\":\"https:\\\/\\\/mont-roig.cat\\\/es\\\/#website\",\"url\":\"https:\\\/\\\/mont-roig.cat\\\/es\\\/\",\"name\":\"Ajuntament de Mont-roig del Camp\",\"description\":\"Tota la informaci\u00f3 sobre la instituci\u00f3, els seus \u00f2rgans de govern, actualitat, serveis i molt m\u00e9s.\",\"potentialAction\":[{\"@type\":\"SearchAction\",\"target\":{\"@type\":\"EntryPoint\",\"urlTemplate\":\"https:\\\/\\\/mont-roig.cat\\\/es\\\/?s={search_term_string}\"},\"query-input\":{\"@type\":\"PropertyValueSpecification\",\"valueRequired\":true,\"valueName\":\"search_term_string\"}}],\"inLanguage\":\"es\"},{\"@type\":\"Person\",\"@id\":\"https:\\\/\\\/mont-roig.cat\\\/es\\\/#\\\/schema\\\/person\\\/1f73e7b5e6f9dd122e8a6f14f310ac5e\",\"name\":\"comunicacio\",\"image\":{\"@type\":\"ImageObject\",\"inLanguage\":\"es\",\"@id\":\"https:\\\/\\\/secure.gravatar.com\\\/avatar\\\/98944333e7a877670a64f8d10f0cb680ab2c9ebc4efc43945ef004b52b5ad28c?s=96&d=mm&r=g\",\"url\":\"https:\\\/\\\/secure.gravatar.com\\\/avatar\\\/98944333e7a877670a64f8d10f0cb680ab2c9ebc4efc43945ef004b52b5ad28c?s=96&d=mm&r=g\",\"contentUrl\":\"https:\\\/\\\/secure.gravatar.com\\\/avatar\\\/98944333e7a877670a64f8d10f0cb680ab2c9ebc4efc43945ef004b52b5ad28c?s=96&d=mm&r=g\",\"caption\":\"comunicacio\"},\"url\":\"https:\\\/\\\/mont-roig.cat\\\/es\\\/actualitat\\\/noticies\\\/author\\\/comunicacio\\\/\"}]}<\/script>\n<!-- \/ Yoast SEO plugin. -->","yoast_head_json":{"title":"Mont-roig del Camp presenta el ciclo expositivo 2026 de la Esgl\u00e9sia Vella que comienza con una retrospectiva de Bigas Luna - Ajuntament de Mont-roig del Camp","robots":{"index":"index","follow":"follow","max-snippet":"max-snippet:-1","max-image-preview":"max-image-preview:large","max-video-preview":"max-video-preview:-1"},"canonical":"https:\/\/mont-roig.cat\/es\/actualitat\/noticies\/mont-roig-del-camp-presenta-el-ciclo-expositivo-2026-de-la-esglesia-vella-que-comienza-con-una-retrospectiva-de-bigas-luna\/","og_locale":"es_ES","og_type":"article","og_title":"Mont-roig del Camp presenta el ciclo expositivo 2026 de la Esgl\u00e9sia Vella que comienza con una retrospectiva de Bigas Luna - Ajuntament de Mont-roig del Camp","og_description":"\u201cEros et Natura\u201d, que se podr\u00e1 ver hasta el 3 de mayo, abre la programaci\u00f3n con una mirada en profundidad al universo creativo de Bigas Luna, el a\u00f1o en que habr\u00eda cumplido su 80\u00ba aniversario El Centre Cultural Esgl\u00e9sia Vella de Mont-roig del Camp ha acogido esta ma\u00f1ana la presentaci\u00f3n oficial del ciclo de exposiciones [&hellip;]","og_url":"https:\/\/mont-roig.cat\/es\/actualitat\/noticies\/mont-roig-del-camp-presenta-el-ciclo-expositivo-2026-de-la-esglesia-vella-que-comienza-con-una-retrospectiva-de-bigas-luna\/","og_site_name":"Ajuntament de Mont-roig del Camp","article_published_time":"2026-03-19T12:21:19+00:00","article_modified_time":"2026-03-19T12:30:20+00:00","og_image":[{"width":2048,"height":1536,"url":"https:\/\/mont-roig.cat\/wp-content\/uploads\/Presentacio-Exposicions-Esglesia-Vella-Mont-roig-del-Camp-2026-scaled.jpeg","type":"image\/jpeg"}],"author":"comunicacio","twitter_card":"summary_large_image","twitter_misc":{"Escrito por":"comunicacio","Tiempo de lectura":"7 minutos"},"schema":{"@context":"https:\/\/schema.org","@graph":[{"@type":"Article","@id":"https:\/\/mont-roig.cat\/es\/actualitat\/noticies\/mont-roig-del-camp-presenta-el-ciclo-expositivo-2026-de-la-esglesia-vella-que-comienza-con-una-retrospectiva-de-bigas-luna\/#article","isPartOf":{"@id":"https:\/\/mont-roig.cat\/es\/actualitat\/noticies\/mont-roig-del-camp-presenta-el-ciclo-expositivo-2026-de-la-esglesia-vella-que-comienza-con-una-retrospectiva-de-bigas-luna\/"},"author":{"name":"comunicacio","@id":"https:\/\/mont-roig.cat\/es\/#\/schema\/person\/1f73e7b5e6f9dd122e8a6f14f310ac5e"},"headline":"Mont-roig del Camp presenta el ciclo expositivo 2026 de la Esgl\u00e9sia Vella que comienza con una retrospectiva de Bigas Luna","datePublished":"2026-03-19T12:21:19+00:00","dateModified":"2026-03-19T12:30:20+00:00","mainEntityOfPage":{"@id":"https:\/\/mont-roig.cat\/es\/actualitat\/noticies\/mont-roig-del-camp-presenta-el-ciclo-expositivo-2026-de-la-esglesia-vella-que-comienza-con-una-retrospectiva-de-bigas-luna\/"},"wordCount":1192,"image":{"@id":"https:\/\/mont-roig.cat\/es\/actualitat\/noticies\/mont-roig-del-camp-presenta-el-ciclo-expositivo-2026-de-la-esglesia-vella-que-comienza-con-una-retrospectiva-de-bigas-luna\/#primaryimage"},"thumbnailUrl":"https:\/\/mont-roig.cat\/wp-content\/uploads\/Presentacio-Exposicions-Esglesia-Vella-Mont-roig-del-Camp-2026-scaled.jpeg","articleSection":["Ayuntamiento","Cultura"],"inLanguage":"es"},{"@type":"WebPage","@id":"https:\/\/mont-roig.cat\/es\/actualitat\/noticies\/mont-roig-del-camp-presenta-el-ciclo-expositivo-2026-de-la-esglesia-vella-que-comienza-con-una-retrospectiva-de-bigas-luna\/","url":"https:\/\/mont-roig.cat\/es\/actualitat\/noticies\/mont-roig-del-camp-presenta-el-ciclo-expositivo-2026-de-la-esglesia-vella-que-comienza-con-una-retrospectiva-de-bigas-luna\/","name":"Mont-roig del Camp presenta el ciclo expositivo 2026 de la Esgl\u00e9sia Vella que comienza con una retrospectiva de Bigas Luna - Ajuntament de Mont-roig del Camp","isPartOf":{"@id":"https:\/\/mont-roig.cat\/es\/#website"},"primaryImageOfPage":{"@id":"https:\/\/mont-roig.cat\/es\/actualitat\/noticies\/mont-roig-del-camp-presenta-el-ciclo-expositivo-2026-de-la-esglesia-vella-que-comienza-con-una-retrospectiva-de-bigas-luna\/#primaryimage"},"image":{"@id":"https:\/\/mont-roig.cat\/es\/actualitat\/noticies\/mont-roig-del-camp-presenta-el-ciclo-expositivo-2026-de-la-esglesia-vella-que-comienza-con-una-retrospectiva-de-bigas-luna\/#primaryimage"},"thumbnailUrl":"https:\/\/mont-roig.cat\/wp-content\/uploads\/Presentacio-Exposicions-Esglesia-Vella-Mont-roig-del-Camp-2026-scaled.jpeg","datePublished":"2026-03-19T12:21:19+00:00","dateModified":"2026-03-19T12:30:20+00:00","author":{"@id":"https:\/\/mont-roig.cat\/es\/#\/schema\/person\/1f73e7b5e6f9dd122e8a6f14f310ac5e"},"breadcrumb":{"@id":"https:\/\/mont-roig.cat\/es\/actualitat\/noticies\/mont-roig-del-camp-presenta-el-ciclo-expositivo-2026-de-la-esglesia-vella-que-comienza-con-una-retrospectiva-de-bigas-luna\/#breadcrumb"},"inLanguage":"es","potentialAction":[{"@type":"ReadAction","target":["https:\/\/mont-roig.cat\/es\/actualitat\/noticies\/mont-roig-del-camp-presenta-el-ciclo-expositivo-2026-de-la-esglesia-vella-que-comienza-con-una-retrospectiva-de-bigas-luna\/"]}]},{"@type":"ImageObject","inLanguage":"es","@id":"https:\/\/mont-roig.cat\/es\/actualitat\/noticies\/mont-roig-del-camp-presenta-el-ciclo-expositivo-2026-de-la-esglesia-vella-que-comienza-con-una-retrospectiva-de-bigas-luna\/#primaryimage","url":"https:\/\/mont-roig.cat\/wp-content\/uploads\/Presentacio-Exposicions-Esglesia-Vella-Mont-roig-del-Camp-2026-scaled.jpeg","contentUrl":"https:\/\/mont-roig.cat\/wp-content\/uploads\/Presentacio-Exposicions-Esglesia-Vella-Mont-roig-del-Camp-2026-scaled.jpeg","width":2048,"height":1536},{"@type":"BreadcrumbList","@id":"https:\/\/mont-roig.cat\/es\/actualitat\/noticies\/mont-roig-del-camp-presenta-el-ciclo-expositivo-2026-de-la-esglesia-vella-que-comienza-con-una-retrospectiva-de-bigas-luna\/#breadcrumb","itemListElement":[{"@type":"ListItem","position":1,"name":"Inici","item":"https:\/\/mont-roig.cat\/es\/pagina-de-inicio\/"},{"@type":"ListItem","position":2,"name":"Mont-roig del Camp presenta el ciclo expositivo 2026 de la Esgl\u00e9sia Vella que comienza con una retrospectiva de Bigas Luna"}]},{"@type":"WebSite","@id":"https:\/\/mont-roig.cat\/es\/#website","url":"https:\/\/mont-roig.cat\/es\/","name":"Ajuntament de Mont-roig del Camp","description":"Tota la informaci\u00f3 sobre la instituci\u00f3, els seus \u00f2rgans de govern, actualitat, serveis i molt m\u00e9s.","potentialAction":[{"@type":"SearchAction","target":{"@type":"EntryPoint","urlTemplate":"https:\/\/mont-roig.cat\/es\/?s={search_term_string}"},"query-input":{"@type":"PropertyValueSpecification","valueRequired":true,"valueName":"search_term_string"}}],"inLanguage":"es"},{"@type":"Person","@id":"https:\/\/mont-roig.cat\/es\/#\/schema\/person\/1f73e7b5e6f9dd122e8a6f14f310ac5e","name":"comunicacio","image":{"@type":"ImageObject","inLanguage":"es","@id":"https:\/\/secure.gravatar.com\/avatar\/98944333e7a877670a64f8d10f0cb680ab2c9ebc4efc43945ef004b52b5ad28c?s=96&d=mm&r=g","url":"https:\/\/secure.gravatar.com\/avatar\/98944333e7a877670a64f8d10f0cb680ab2c9ebc4efc43945ef004b52b5ad28c?s=96&d=mm&r=g","contentUrl":"https:\/\/secure.gravatar.com\/avatar\/98944333e7a877670a64f8d10f0cb680ab2c9ebc4efc43945ef004b52b5ad28c?s=96&d=mm&r=g","caption":"comunicacio"},"url":"https:\/\/mont-roig.cat\/es\/actualitat\/noticies\/author\/comunicacio\/"}]}},"_links":{"self":[{"href":"https:\/\/mont-roig.cat\/es\/wp-json\/wp\/v2\/posts\/90277","targetHints":{"allow":["GET"]}}],"collection":[{"href":"https:\/\/mont-roig.cat\/es\/wp-json\/wp\/v2\/posts"}],"about":[{"href":"https:\/\/mont-roig.cat\/es\/wp-json\/wp\/v2\/types\/post"}],"author":[{"embeddable":true,"href":"https:\/\/mont-roig.cat\/es\/wp-json\/wp\/v2\/users\/13"}],"replies":[{"embeddable":true,"href":"https:\/\/mont-roig.cat\/es\/wp-json\/wp\/v2\/comments?post=90277"}],"version-history":[{"count":2,"href":"https:\/\/mont-roig.cat\/es\/wp-json\/wp\/v2\/posts\/90277\/revisions"}],"predecessor-version":[{"id":90281,"href":"https:\/\/mont-roig.cat\/es\/wp-json\/wp\/v2\/posts\/90277\/revisions\/90281"}],"wp:featuredmedia":[{"embeddable":true,"href":"https:\/\/mont-roig.cat\/es\/wp-json\/wp\/v2\/media\/90266"}],"wp:attachment":[{"href":"https:\/\/mont-roig.cat\/es\/wp-json\/wp\/v2\/media?parent=90277"}],"wp:term":[{"taxonomy":"category","embeddable":true,"href":"https:\/\/mont-roig.cat\/es\/wp-json\/wp\/v2\/categories?post=90277"},{"taxonomy":"post_tag","embeddable":true,"href":"https:\/\/mont-roig.cat\/es\/wp-json\/wp\/v2\/tags?post=90277"}],"curies":[{"name":"wp","href":"https:\/\/api.w.org\/{rel}","templated":true}]}}