{"id":90303,"date":"2026-03-20T13:58:51","date_gmt":"2026-03-20T12:58:51","guid":{"rendered":"https:\/\/mont-roig.cat\/actualitat\/noticies\/mont-roig-del-camp-se-suma-al-dia-mundial-de-laigua-2026\/"},"modified":"2026-03-20T14:02:53","modified_gmt":"2026-03-20T13:02:53","slug":"mont-roig-del-camp-se-suma-al-dia-mundial-del-agua-2026","status":"publish","type":"post","link":"https:\/\/mont-roig.cat\/es\/actualitat\/noticies\/mont-roig-del-camp-se-suma-al-dia-mundial-del-agua-2026\/","title":{"rendered":"Mont-roig del Camp se suma al D\u00eda Mundial del Agua 2026"},"content":{"rendered":"<p><strong><strong><a href=\"https:\/\/mont-roig.cat\/wp-content\/uploads\/WhatsApp-Image-2026-03-17-at-09.34.27-3.jpeg\" target=\"_blank\" rel=\"noopener\"><img loading=\"lazy\" decoding=\"async\" class=\"alignright wp-image-90298\" src=\"https:\/\/mont-roig.cat\/wp-content\/uploads\/WhatsApp-Image-2026-03-17-at-09.34.27-3-500x375.jpeg\" alt=\"\" width=\"308\" height=\"231\" srcset=\"https:\/\/mont-roig.cat\/wp-content\/uploads\/WhatsApp-Image-2026-03-17-at-09.34.27-3-500x375.jpeg 500w, https:\/\/mont-roig.cat\/wp-content\/uploads\/WhatsApp-Image-2026-03-17-at-09.34.27-3-1024x768.jpeg 1024w, https:\/\/mont-roig.cat\/wp-content\/uploads\/WhatsApp-Image-2026-03-17-at-09.34.27-3-768x576.jpeg 768w, https:\/\/mont-roig.cat\/wp-content\/uploads\/WhatsApp-Image-2026-03-17-at-09.34.27-3-1536x1152.jpeg 1536w, https:\/\/mont-roig.cat\/wp-content\/uploads\/WhatsApp-Image-2026-03-17-at-09.34.27-3-463x348.jpeg 463w, https:\/\/mont-roig.cat\/wp-content\/uploads\/WhatsApp-Image-2026-03-17-at-09.34.27-3.jpeg 1600w\" sizes=\"auto, (max-width: 308px) 100vw, 308px\" \/><\/a><\/strong><\/strong><\/p>\n<ul>\n<li><strong>El municipio se suma a la campa\u00f1a de Naciones Unidas con la iluminaci\u00f3n de espacios emblem\u00e1ticos para concienciar sobre la relaci\u00f3n entre el agua y la igualdad de g\u00e9nero.<\/strong><\/li>\n<\/ul>\n<p>El Ayuntamiento de Mont-roig del Camp y el EPEL Nostraigua se suman a la conmemoraci\u00f3n del <strong>D\u00eda Mundial del Agua<\/strong>, impulsado por Naciones Unidas, que este a\u00f1o pone el foco en la relaci\u00f3n entre el agua y la igualdad de g\u00e9nero bajo el lema <em>\u201cD\u00f3nde fluye el agua, crece la igualdad\u201d<\/em>.<\/p>\n<p>Con motivo de esta jornada, el municipio llevar\u00e1 a cabo una acci\u00f3n simb\u00f3lica de iluminaci\u00f3n en color azul de dos espacios emblem\u00e1ticos: las letras de la Casa de Cultura de Mont-roig del Camp y las letras de Miami Platja situadas en la rotonda de la avenida del Dr. Gil Vernet. Esta iniciativa quiere contribuir a sensibilizar a la ciudadan\u00eda sobre la importancia del agua como recurso esencial para la vida y el desarrollo sostenible.<\/p>\n<p>Seg\u00fan destaca la ONU, la crisis mundial del agua afecta a toda la poblaci\u00f3n, pero no de forma igualitaria. En muchas partes del mundo, la falta de acceso al agua potable y al saneamiento acent\u00faa las desigualdades, siendo especialmente las mujeres y ni\u00f1as quienes sufren las consecuencias m\u00e1s graves. A menudo son ellas las encargadas de recoger el agua, gestionarla y cuidar a las personas enfermas a causa de su consumo en condiciones insalubres, lo que impacta directamente en su salud, seguridad y oportunidades.<\/p>\n<p>A pesar de este papel central, las mujeres siguen infrarrepresentadas en los espacios de decisi\u00f3n y liderazgo en materia de gesti\u00f3n del agua. Por eso, el mensaje de este 2026 pone \u00e9nfasis en la necesidad de adoptar un enfoque transformador basado en los derechos humanos, que garantice la participaci\u00f3n equitativa de las mujeres en todos los niveles de gobernanza del agua.<\/p>\n<p>El D\u00eda Mundial del Agua tambi\u00e9n quiere llamar a la implicaci\u00f3n de toda la sociedad: ciudadan\u00eda, centros educativos, entidades, empresas y administraciones, para avanzar hacia una gesti\u00f3n m\u00e1s justa y sostenible de este recurso. S\u00f3lo as\u00ed se podr\u00e1 garantizar que los servicios de agua potable respondan a las necesidades de todos y se conviertan en una herramienta clave para la igualdad y el bienestar global.<\/p>\n<p>&nbsp;<\/p>\n","protected":false},"excerpt":{"rendered":"<p>El municipio se suma a la campa\u00f1a de Naciones Unidas con la iluminaci\u00f3n de espacios emblem\u00e1ticos para concienciar sobre la relaci\u00f3n entre el agua y la igualdad de g\u00e9nero. El Ayuntamiento de Mont-roig del Camp y el EPEL Nostraigua se suman a la conmemoraci\u00f3n del D\u00eda Mundial del Agua, impulsado por Naciones Unidas, que este [&hellip;]<\/p>\n","protected":false},"author":13,"featured_media":90301,"comment_status":"closed","ping_status":"closed","sticky":false,"template":"","format":"standard","meta":{"inline_featured_image":false,"_monsterinsights_skip_tracking":false,"_monsterinsights_sitenote_active":false,"_monsterinsights_sitenote_note":"","_monsterinsights_sitenote_category":0,"footnotes":""},"categories":[98,203],"tags":[],"class_list":["post-90303","post","type-post","status-publish","format-standard","has-post-thumbnail","hentry","category-ayuntamiento","category-nostraigua-es"],"yoast_head":"<!-- This site is optimized with the Yoast SEO plugin v27.4 - https:\/\/yoast.com\/product\/yoast-seo-wordpress\/ -->\n<title>Mont-roig del Camp se suma al D\u00eda Mundial del Agua 2026 - Ajuntament de Mont-roig del Camp<\/title>\n<meta name=\"robots\" content=\"index, follow, max-snippet:-1, max-image-preview:large, max-video-preview:-1\" \/>\n<link rel=\"canonical\" href=\"https:\/\/mont-roig.cat\/es\/actualitat\/noticies\/mont-roig-del-camp-se-suma-al-dia-mundial-del-agua-2026\/\" \/>\n<meta property=\"og:locale\" content=\"es_ES\" \/>\n<meta property=\"og:type\" content=\"article\" \/>\n<meta property=\"og:title\" content=\"Mont-roig del Camp se suma al D\u00eda Mundial del Agua 2026 - Ajuntament de Mont-roig del Camp\" \/>\n<meta property=\"og:description\" content=\"El municipio se suma a la campa\u00f1a de Naciones Unidas con la iluminaci\u00f3n de espacios emblem\u00e1ticos para concienciar sobre la relaci\u00f3n entre el agua y la igualdad de g\u00e9nero. El Ayuntamiento de Mont-roig del Camp y el EPEL Nostraigua se suman a la conmemoraci\u00f3n del D\u00eda Mundial del Agua, impulsado por Naciones Unidas, que este [&hellip;]\" \/>\n<meta property=\"og:url\" content=\"https:\/\/mont-roig.cat\/es\/actualitat\/noticies\/mont-roig-del-camp-se-suma-al-dia-mundial-del-agua-2026\/\" \/>\n<meta property=\"og:site_name\" content=\"Ajuntament de Mont-roig del Camp\" \/>\n<meta property=\"article:published_time\" content=\"2026-03-20T12:58:51+00:00\" \/>\n<meta property=\"article:modified_time\" content=\"2026-03-20T13:02:53+00:00\" \/>\n<meta property=\"og:image\" content=\"https:\/\/mont-roig.cat\/wp-content\/uploads\/WhatsApp-Image-2026-03-17-at-09.34.27-1.jpeg\" \/>\n\t<meta property=\"og:image:width\" content=\"768\" \/>\n\t<meta property=\"og:image:height\" content=\"1024\" \/>\n\t<meta property=\"og:image:type\" content=\"image\/jpeg\" \/>\n<meta name=\"author\" content=\"comunicacio\" \/>\n<meta name=\"twitter:card\" content=\"summary_large_image\" \/>\n<meta name=\"twitter:label1\" content=\"Escrito por\" \/>\n\t<meta name=\"twitter:data1\" content=\"comunicacio\" \/>\n\t<meta name=\"twitter:label2\" content=\"Tiempo de lectura\" \/>\n\t<meta name=\"twitter:data2\" content=\"3 minutos\" \/>\n<script type=\"application\/ld+json\" class=\"yoast-schema-graph\">{\"@context\":\"https:\\\/\\\/schema.org\",\"@graph\":[{\"@type\":\"Article\",\"@id\":\"https:\\\/\\\/mont-roig.cat\\\/es\\\/actualitat\\\/noticies\\\/mont-roig-del-camp-se-suma-al-dia-mundial-del-agua-2026\\\/#article\",\"isPartOf\":{\"@id\":\"https:\\\/\\\/mont-roig.cat\\\/es\\\/actualitat\\\/noticies\\\/mont-roig-del-camp-se-suma-al-dia-mundial-del-agua-2026\\\/\"},\"author\":{\"name\":\"comunicacio\",\"@id\":\"https:\\\/\\\/mont-roig.cat\\\/es\\\/#\\\/schema\\\/person\\\/1f73e7b5e6f9dd122e8a6f14f310ac5e\"},\"headline\":\"Mont-roig del Camp se suma al D\u00eda Mundial del Agua 2026\",\"datePublished\":\"2026-03-20T12:58:51+00:00\",\"dateModified\":\"2026-03-20T13:02:53+00:00\",\"mainEntityOfPage\":{\"@id\":\"https:\\\/\\\/mont-roig.cat\\\/es\\\/actualitat\\\/noticies\\\/mont-roig-del-camp-se-suma-al-dia-mundial-del-agua-2026\\\/\"},\"wordCount\":406,\"image\":{\"@id\":\"https:\\\/\\\/mont-roig.cat\\\/es\\\/actualitat\\\/noticies\\\/mont-roig-del-camp-se-suma-al-dia-mundial-del-agua-2026\\\/#primaryimage\"},\"thumbnailUrl\":\"https:\\\/\\\/mont-roig.cat\\\/wp-content\\\/uploads\\\/WhatsApp-Image-2026-03-17-at-09.34.27-1.jpeg\",\"articleSection\":[\"Ayuntamiento\",\"Nostraigua\"],\"inLanguage\":\"es\"},{\"@type\":\"WebPage\",\"@id\":\"https:\\\/\\\/mont-roig.cat\\\/es\\\/actualitat\\\/noticies\\\/mont-roig-del-camp-se-suma-al-dia-mundial-del-agua-2026\\\/\",\"url\":\"https:\\\/\\\/mont-roig.cat\\\/es\\\/actualitat\\\/noticies\\\/mont-roig-del-camp-se-suma-al-dia-mundial-del-agua-2026\\\/\",\"name\":\"Mont-roig del Camp se suma al D\u00eda Mundial del Agua 2026 - Ajuntament de Mont-roig del Camp\",\"isPartOf\":{\"@id\":\"https:\\\/\\\/mont-roig.cat\\\/es\\\/#website\"},\"primaryImageOfPage\":{\"@id\":\"https:\\\/\\\/mont-roig.cat\\\/es\\\/actualitat\\\/noticies\\\/mont-roig-del-camp-se-suma-al-dia-mundial-del-agua-2026\\\/#primaryimage\"},\"image\":{\"@id\":\"https:\\\/\\\/mont-roig.cat\\\/es\\\/actualitat\\\/noticies\\\/mont-roig-del-camp-se-suma-al-dia-mundial-del-agua-2026\\\/#primaryimage\"},\"thumbnailUrl\":\"https:\\\/\\\/mont-roig.cat\\\/wp-content\\\/uploads\\\/WhatsApp-Image-2026-03-17-at-09.34.27-1.jpeg\",\"datePublished\":\"2026-03-20T12:58:51+00:00\",\"dateModified\":\"2026-03-20T13:02:53+00:00\",\"author\":{\"@id\":\"https:\\\/\\\/mont-roig.cat\\\/es\\\/#\\\/schema\\\/person\\\/1f73e7b5e6f9dd122e8a6f14f310ac5e\"},\"breadcrumb\":{\"@id\":\"https:\\\/\\\/mont-roig.cat\\\/es\\\/actualitat\\\/noticies\\\/mont-roig-del-camp-se-suma-al-dia-mundial-del-agua-2026\\\/#breadcrumb\"},\"inLanguage\":\"es\",\"potentialAction\":[{\"@type\":\"ReadAction\",\"target\":[\"https:\\\/\\\/mont-roig.cat\\\/es\\\/actualitat\\\/noticies\\\/mont-roig-del-camp-se-suma-al-dia-mundial-del-agua-2026\\\/\"]}]},{\"@type\":\"ImageObject\",\"inLanguage\":\"es\",\"@id\":\"https:\\\/\\\/mont-roig.cat\\\/es\\\/actualitat\\\/noticies\\\/mont-roig-del-camp-se-suma-al-dia-mundial-del-agua-2026\\\/#primaryimage\",\"url\":\"https:\\\/\\\/mont-roig.cat\\\/wp-content\\\/uploads\\\/WhatsApp-Image-2026-03-17-at-09.34.27-1.jpeg\",\"contentUrl\":\"https:\\\/\\\/mont-roig.cat\\\/wp-content\\\/uploads\\\/WhatsApp-Image-2026-03-17-at-09.34.27-1.jpeg\",\"width\":768,\"height\":1024},{\"@type\":\"BreadcrumbList\",\"@id\":\"https:\\\/\\\/mont-roig.cat\\\/es\\\/actualitat\\\/noticies\\\/mont-roig-del-camp-se-suma-al-dia-mundial-del-agua-2026\\\/#breadcrumb\",\"itemListElement\":[{\"@type\":\"ListItem\",\"position\":1,\"name\":\"Inici\",\"item\":\"https:\\\/\\\/mont-roig.cat\\\/es\\\/pagina-de-inicio\\\/\"},{\"@type\":\"ListItem\",\"position\":2,\"name\":\"Mont-roig del Camp se suma al D\u00eda Mundial del Agua 2026\"}]},{\"@type\":\"WebSite\",\"@id\":\"https:\\\/\\\/mont-roig.cat\\\/es\\\/#website\",\"url\":\"https:\\\/\\\/mont-roig.cat\\\/es\\\/\",\"name\":\"Ajuntament de Mont-roig del Camp\",\"description\":\"Tota la informaci\u00f3 sobre la instituci\u00f3, els seus \u00f2rgans de govern, actualitat, serveis i molt m\u00e9s.\",\"potentialAction\":[{\"@type\":\"SearchAction\",\"target\":{\"@type\":\"EntryPoint\",\"urlTemplate\":\"https:\\\/\\\/mont-roig.cat\\\/es\\\/?s={search_term_string}\"},\"query-input\":{\"@type\":\"PropertyValueSpecification\",\"valueRequired\":true,\"valueName\":\"search_term_string\"}}],\"inLanguage\":\"es\"},{\"@type\":\"Person\",\"@id\":\"https:\\\/\\\/mont-roig.cat\\\/es\\\/#\\\/schema\\\/person\\\/1f73e7b5e6f9dd122e8a6f14f310ac5e\",\"name\":\"comunicacio\",\"image\":{\"@type\":\"ImageObject\",\"inLanguage\":\"es\",\"@id\":\"https:\\\/\\\/secure.gravatar.com\\\/avatar\\\/98944333e7a877670a64f8d10f0cb680ab2c9ebc4efc43945ef004b52b5ad28c?s=96&d=mm&r=g\",\"url\":\"https:\\\/\\\/secure.gravatar.com\\\/avatar\\\/98944333e7a877670a64f8d10f0cb680ab2c9ebc4efc43945ef004b52b5ad28c?s=96&d=mm&r=g\",\"contentUrl\":\"https:\\\/\\\/secure.gravatar.com\\\/avatar\\\/98944333e7a877670a64f8d10f0cb680ab2c9ebc4efc43945ef004b52b5ad28c?s=96&d=mm&r=g\",\"caption\":\"comunicacio\"},\"url\":\"https:\\\/\\\/mont-roig.cat\\\/es\\\/actualitat\\\/noticies\\\/author\\\/comunicacio\\\/\"}]}<\/script>\n<!-- \/ Yoast SEO plugin. -->","yoast_head_json":{"title":"Mont-roig del Camp se suma al D\u00eda Mundial del Agua 2026 - Ajuntament de Mont-roig del Camp","robots":{"index":"index","follow":"follow","max-snippet":"max-snippet:-1","max-image-preview":"max-image-preview:large","max-video-preview":"max-video-preview:-1"},"canonical":"https:\/\/mont-roig.cat\/es\/actualitat\/noticies\/mont-roig-del-camp-se-suma-al-dia-mundial-del-agua-2026\/","og_locale":"es_ES","og_type":"article","og_title":"Mont-roig del Camp se suma al D\u00eda Mundial del Agua 2026 - Ajuntament de Mont-roig del Camp","og_description":"El municipio se suma a la campa\u00f1a de Naciones Unidas con la iluminaci\u00f3n de espacios emblem\u00e1ticos para concienciar sobre la relaci\u00f3n entre el agua y la igualdad de g\u00e9nero. El Ayuntamiento de Mont-roig del Camp y el EPEL Nostraigua se suman a la conmemoraci\u00f3n del D\u00eda Mundial del Agua, impulsado por Naciones Unidas, que este [&hellip;]","og_url":"https:\/\/mont-roig.cat\/es\/actualitat\/noticies\/mont-roig-del-camp-se-suma-al-dia-mundial-del-agua-2026\/","og_site_name":"Ajuntament de Mont-roig del Camp","article_published_time":"2026-03-20T12:58:51+00:00","article_modified_time":"2026-03-20T13:02:53+00:00","og_image":[{"width":768,"height":1024,"url":"https:\/\/mont-roig.cat\/wp-content\/uploads\/WhatsApp-Image-2026-03-17-at-09.34.27-1.jpeg","type":"image\/jpeg"}],"author":"comunicacio","twitter_card":"summary_large_image","twitter_misc":{"Escrito por":"comunicacio","Tiempo de lectura":"3 minutos"},"schema":{"@context":"https:\/\/schema.org","@graph":[{"@type":"Article","@id":"https:\/\/mont-roig.cat\/es\/actualitat\/noticies\/mont-roig-del-camp-se-suma-al-dia-mundial-del-agua-2026\/#article","isPartOf":{"@id":"https:\/\/mont-roig.cat\/es\/actualitat\/noticies\/mont-roig-del-camp-se-suma-al-dia-mundial-del-agua-2026\/"},"author":{"name":"comunicacio","@id":"https:\/\/mont-roig.cat\/es\/#\/schema\/person\/1f73e7b5e6f9dd122e8a6f14f310ac5e"},"headline":"Mont-roig del Camp se suma al D\u00eda Mundial del Agua 2026","datePublished":"2026-03-20T12:58:51+00:00","dateModified":"2026-03-20T13:02:53+00:00","mainEntityOfPage":{"@id":"https:\/\/mont-roig.cat\/es\/actualitat\/noticies\/mont-roig-del-camp-se-suma-al-dia-mundial-del-agua-2026\/"},"wordCount":406,"image":{"@id":"https:\/\/mont-roig.cat\/es\/actualitat\/noticies\/mont-roig-del-camp-se-suma-al-dia-mundial-del-agua-2026\/#primaryimage"},"thumbnailUrl":"https:\/\/mont-roig.cat\/wp-content\/uploads\/WhatsApp-Image-2026-03-17-at-09.34.27-1.jpeg","articleSection":["Ayuntamiento","Nostraigua"],"inLanguage":"es"},{"@type":"WebPage","@id":"https:\/\/mont-roig.cat\/es\/actualitat\/noticies\/mont-roig-del-camp-se-suma-al-dia-mundial-del-agua-2026\/","url":"https:\/\/mont-roig.cat\/es\/actualitat\/noticies\/mont-roig-del-camp-se-suma-al-dia-mundial-del-agua-2026\/","name":"Mont-roig del Camp se suma al D\u00eda Mundial del Agua 2026 - Ajuntament de Mont-roig del Camp","isPartOf":{"@id":"https:\/\/mont-roig.cat\/es\/#website"},"primaryImageOfPage":{"@id":"https:\/\/mont-roig.cat\/es\/actualitat\/noticies\/mont-roig-del-camp-se-suma-al-dia-mundial-del-agua-2026\/#primaryimage"},"image":{"@id":"https:\/\/mont-roig.cat\/es\/actualitat\/noticies\/mont-roig-del-camp-se-suma-al-dia-mundial-del-agua-2026\/#primaryimage"},"thumbnailUrl":"https:\/\/mont-roig.cat\/wp-content\/uploads\/WhatsApp-Image-2026-03-17-at-09.34.27-1.jpeg","datePublished":"2026-03-20T12:58:51+00:00","dateModified":"2026-03-20T13:02:53+00:00","author":{"@id":"https:\/\/mont-roig.cat\/es\/#\/schema\/person\/1f73e7b5e6f9dd122e8a6f14f310ac5e"},"breadcrumb":{"@id":"https:\/\/mont-roig.cat\/es\/actualitat\/noticies\/mont-roig-del-camp-se-suma-al-dia-mundial-del-agua-2026\/#breadcrumb"},"inLanguage":"es","potentialAction":[{"@type":"ReadAction","target":["https:\/\/mont-roig.cat\/es\/actualitat\/noticies\/mont-roig-del-camp-se-suma-al-dia-mundial-del-agua-2026\/"]}]},{"@type":"ImageObject","inLanguage":"es","@id":"https:\/\/mont-roig.cat\/es\/actualitat\/noticies\/mont-roig-del-camp-se-suma-al-dia-mundial-del-agua-2026\/#primaryimage","url":"https:\/\/mont-roig.cat\/wp-content\/uploads\/WhatsApp-Image-2026-03-17-at-09.34.27-1.jpeg","contentUrl":"https:\/\/mont-roig.cat\/wp-content\/uploads\/WhatsApp-Image-2026-03-17-at-09.34.27-1.jpeg","width":768,"height":1024},{"@type":"BreadcrumbList","@id":"https:\/\/mont-roig.cat\/es\/actualitat\/noticies\/mont-roig-del-camp-se-suma-al-dia-mundial-del-agua-2026\/#breadcrumb","itemListElement":[{"@type":"ListItem","position":1,"name":"Inici","item":"https:\/\/mont-roig.cat\/es\/pagina-de-inicio\/"},{"@type":"ListItem","position":2,"name":"Mont-roig del Camp se suma al D\u00eda Mundial del Agua 2026"}]},{"@type":"WebSite","@id":"https:\/\/mont-roig.cat\/es\/#website","url":"https:\/\/mont-roig.cat\/es\/","name":"Ajuntament de Mont-roig del Camp","description":"Tota la informaci\u00f3 sobre la instituci\u00f3, els seus \u00f2rgans de govern, actualitat, serveis i molt m\u00e9s.","potentialAction":[{"@type":"SearchAction","target":{"@type":"EntryPoint","urlTemplate":"https:\/\/mont-roig.cat\/es\/?s={search_term_string}"},"query-input":{"@type":"PropertyValueSpecification","valueRequired":true,"valueName":"search_term_string"}}],"inLanguage":"es"},{"@type":"Person","@id":"https:\/\/mont-roig.cat\/es\/#\/schema\/person\/1f73e7b5e6f9dd122e8a6f14f310ac5e","name":"comunicacio","image":{"@type":"ImageObject","inLanguage":"es","@id":"https:\/\/secure.gravatar.com\/avatar\/98944333e7a877670a64f8d10f0cb680ab2c9ebc4efc43945ef004b52b5ad28c?s=96&d=mm&r=g","url":"https:\/\/secure.gravatar.com\/avatar\/98944333e7a877670a64f8d10f0cb680ab2c9ebc4efc43945ef004b52b5ad28c?s=96&d=mm&r=g","contentUrl":"https:\/\/secure.gravatar.com\/avatar\/98944333e7a877670a64f8d10f0cb680ab2c9ebc4efc43945ef004b52b5ad28c?s=96&d=mm&r=g","caption":"comunicacio"},"url":"https:\/\/mont-roig.cat\/es\/actualitat\/noticies\/author\/comunicacio\/"}]}},"_links":{"self":[{"href":"https:\/\/mont-roig.cat\/es\/wp-json\/wp\/v2\/posts\/90303","targetHints":{"allow":["GET"]}}],"collection":[{"href":"https:\/\/mont-roig.cat\/es\/wp-json\/wp\/v2\/posts"}],"about":[{"href":"https:\/\/mont-roig.cat\/es\/wp-json\/wp\/v2\/types\/post"}],"author":[{"embeddable":true,"href":"https:\/\/mont-roig.cat\/es\/wp-json\/wp\/v2\/users\/13"}],"replies":[{"embeddable":true,"href":"https:\/\/mont-roig.cat\/es\/wp-json\/wp\/v2\/comments?post=90303"}],"version-history":[{"count":1,"href":"https:\/\/mont-roig.cat\/es\/wp-json\/wp\/v2\/posts\/90303\/revisions"}],"predecessor-version":[{"id":90304,"href":"https:\/\/mont-roig.cat\/es\/wp-json\/wp\/v2\/posts\/90303\/revisions\/90304"}],"wp:featuredmedia":[{"embeddable":true,"href":"https:\/\/mont-roig.cat\/es\/wp-json\/wp\/v2\/media\/90301"}],"wp:attachment":[{"href":"https:\/\/mont-roig.cat\/es\/wp-json\/wp\/v2\/media?parent=90303"}],"wp:term":[{"taxonomy":"category","embeddable":true,"href":"https:\/\/mont-roig.cat\/es\/wp-json\/wp\/v2\/categories?post=90303"},{"taxonomy":"post_tag","embeddable":true,"href":"https:\/\/mont-roig.cat\/es\/wp-json\/wp\/v2\/tags?post=90303"}],"curies":[{"name":"wp","href":"https:\/\/api.w.org\/{rel}","templated":true}]}}