{"id":90337,"date":"2026-03-23T19:41:18","date_gmt":"2026-03-23T18:41:18","guid":{"rendered":"https:\/\/mont-roig.cat\/actualitat\/noticies\/les-festes-de-sant-josep-a-miami-platja-un-exit-de-participacio-i-bon-ambient\/"},"modified":"2026-03-23T19:45:27","modified_gmt":"2026-03-23T18:45:27","slug":"las-festes-de-sant-josep-en-miami-platja-un-exito-de-participacion-y-buen-ambiente","status":"publish","type":"post","link":"https:\/\/mont-roig.cat\/es\/actualitat\/noticies\/las-festes-de-sant-josep-en-miami-platja-un-exito-de-participacion-y-buen-ambiente\/","title":{"rendered":"Las Festes de Sant Josep en Miami Platja, un \u00e9xito de participaci\u00f3n y buen ambiente"},"content":{"rendered":"<p><strong><strong><a href=\"https:\/\/mont-roig.cat\/wp-content\/uploads\/arros-sant-josep.jpg\" target=\"_blank\" rel=\"noopener\"><img loading=\"lazy\" decoding=\"async\" class=\"alignright wp-image-90333\" src=\"https:\/\/mont-roig.cat\/wp-content\/uploads\/arros-sant-josep-375x500.jpg\" alt=\"\" width=\"307\" height=\"409\" srcset=\"https:\/\/mont-roig.cat\/wp-content\/uploads\/arros-sant-josep-375x500.jpg 375w, https:\/\/mont-roig.cat\/wp-content\/uploads\/arros-sant-josep-768x1024.jpg 768w, https:\/\/mont-roig.cat\/wp-content\/uploads\/arros-sant-josep.jpg 1080w\" sizes=\"auto, (max-width: 307px) 100vw, 307px\" \/><\/a><\/strong><\/strong><\/p>\n<ul>\n<li data-start=\"187\" data-end=\"393\"><strong>M\u00e1s de 600 personas disfrutaron de la nueva edici\u00f3n del Arr\u00f2s de Sant Josep, espect\u00e1culos, m\u00fasica y actividades para todos los p\u00fablicos, consolidando una fiesta llena de momentos \u00fanicos y convivencia.<\/strong><\/li>\n<\/ul>\n<p data-start=\"395\" data-end=\"810\">Las Festes de Sant Josep en Miami Platja han reunido a cientos de personas de todas las edades entre el 18 y el 22 de marzo, ofreciendo una programaci\u00f3n variada que combinaba espect\u00e1culos culturales, actividades familiares, propuestas deportivas y gastronom\u00eda. El Ajuntament de Mont-roig del Camp ha coordinado los actos con el objetivo de crear un ambiente festivo y participativo para toda la comunidad.<\/p>\n<p data-start=\"812\" data-end=\"1399\">Entre los platos fuertes, el espect\u00e1culo de hipnosis con Toni Pons y los mon\u00f3logos de humor cautivaron al p\u00fablico adulto, mientras que la tarde familiar con hinchables, juegos y talleres creativos hizo disfrutar a los m\u00e1s peque\u00f1os. La tercera edici\u00f3n del tradicional Arr\u00f2s de Sant Josep reuni\u00f3 a m\u00e1s de 600 personas, convirti\u00e9ndose en uno de los momentos m\u00e1s esperados y participativos de la fiesta con vecinos y vecinas de todas las edades, acompa\u00f1ado de m\u00fasica y la trobada gegantera con los Gegants del barri dels 6 Carrers de Mont-roig del Camp y la Lluna Roja.<\/p>\n<p data-start=\"1401\" data-end=\"1703\">El s\u00e1bado tambi\u00e9n destac\u00f3 la m\u00fasica en directo con Los Gitanets y el concierto tributo a Fito &amp; Fitipaldis, mientras que el domingo se cerr\u00f3 con el Rollin\u2019 Fest, una jornada dedicada al skate y el scooter con competiciones, actividades y m\u00fasica con Con Duende &amp; Comp\u00e1s y DJ Gizzi.<\/p>\n<p data-start=\"1705\" data-end=\"1908\">Seg\u00fan la organizaci\u00f3n, la combinaci\u00f3n de cultura, gastronom\u00eda, deporte y actividades familiares ha sido clave para que las fiestas mantuvieran un alto nivel de participaci\u00f3n y un ambiente muy positivo.<\/p>\n<p data-start=\"1502\" data-end=\"1789\"><a href=\"https:\/\/www.flickr.com\/photos\/ajmont-roig\/albums\/72177720332671741\/\" target=\"_blank\" rel=\"noopener\">Descargar en este enlace una selecci\u00f3n de fotograf\u00edas de la Festa Major de Sant Josep.<\/a><\/p>\n","protected":false},"excerpt":{"rendered":"<p>M\u00e1s de 600 personas disfrutaron de la nueva edici\u00f3n del Arr\u00f2s de Sant Josep, espect\u00e1culos, m\u00fasica y actividades para todos los p\u00fablicos, consolidando una fiesta llena de momentos \u00fanicos y convivencia. Las Festes de Sant Josep en Miami Platja han reunido a cientos de personas de todas las edades entre el 18 y el 22 [&hellip;]<\/p>\n","protected":false},"author":13,"featured_media":90335,"comment_status":"closed","ping_status":"closed","sticky":false,"template":"","format":"standard","meta":{"inline_featured_image":false,"_monsterinsights_skip_tracking":false,"_monsterinsights_sitenote_active":false,"_monsterinsights_sitenote_note":"","_monsterinsights_sitenote_category":0,"footnotes":""},"categories":[98,105],"tags":[],"class_list":["post-90337","post","type-post","status-publish","format-standard","has-post-thumbnail","hentry","category-ayuntamiento","category-fiestas"],"yoast_head":"<!-- This site is optimized with the Yoast SEO plugin v27.4 - https:\/\/yoast.com\/product\/yoast-seo-wordpress\/ -->\n<title>Las Festes de Sant Josep en Miami Platja, un \u00e9xito de participaci\u00f3n y buen ambiente - Ajuntament de Mont-roig del Camp<\/title>\n<meta name=\"robots\" content=\"index, follow, max-snippet:-1, max-image-preview:large, max-video-preview:-1\" \/>\n<link rel=\"canonical\" href=\"https:\/\/mont-roig.cat\/es\/actualitat\/noticies\/las-festes-de-sant-josep-en-miami-platja-un-exito-de-participacion-y-buen-ambiente\/\" \/>\n<meta property=\"og:locale\" content=\"es_ES\" \/>\n<meta property=\"og:type\" content=\"article\" \/>\n<meta property=\"og:title\" content=\"Las Festes de Sant Josep en Miami Platja, un \u00e9xito de participaci\u00f3n y buen ambiente - Ajuntament de Mont-roig del Camp\" \/>\n<meta property=\"og:description\" content=\"M\u00e1s de 600 personas disfrutaron de la nueva edici\u00f3n del Arr\u00f2s de Sant Josep, espect\u00e1culos, m\u00fasica y actividades para todos los p\u00fablicos, consolidando una fiesta llena de momentos \u00fanicos y convivencia. Las Festes de Sant Josep en Miami Platja han reunido a cientos de personas de todas las edades entre el 18 y el 22 [&hellip;]\" \/>\n<meta property=\"og:url\" content=\"https:\/\/mont-roig.cat\/es\/actualitat\/noticies\/las-festes-de-sant-josep-en-miami-platja-un-exito-de-participacion-y-buen-ambiente\/\" \/>\n<meta property=\"og:site_name\" content=\"Ajuntament de Mont-roig del Camp\" \/>\n<meta property=\"article:published_time\" content=\"2026-03-23T18:41:18+00:00\" \/>\n<meta property=\"article:modified_time\" content=\"2026-03-23T18:45:27+00:00\" \/>\n<meta property=\"og:image\" content=\"https:\/\/mont-roig.cat\/wp-content\/uploads\/arros-sant-josep.jpg\" \/>\n\t<meta property=\"og:image:width\" content=\"1080\" \/>\n\t<meta property=\"og:image:height\" content=\"1440\" \/>\n\t<meta property=\"og:image:type\" content=\"image\/jpeg\" \/>\n<meta name=\"author\" content=\"comunicacio\" \/>\n<meta name=\"twitter:card\" content=\"summary_large_image\" \/>\n<meta name=\"twitter:label1\" content=\"Escrito por\" \/>\n\t<meta name=\"twitter:data1\" content=\"comunicacio\" \/>\n\t<meta name=\"twitter:label2\" content=\"Tiempo de lectura\" \/>\n\t<meta name=\"twitter:data2\" content=\"2 minutos\" \/>\n<script type=\"application\/ld+json\" class=\"yoast-schema-graph\">{\"@context\":\"https:\\\/\\\/schema.org\",\"@graph\":[{\"@type\":\"Article\",\"@id\":\"https:\\\/\\\/mont-roig.cat\\\/es\\\/actualitat\\\/noticies\\\/las-festes-de-sant-josep-en-miami-platja-un-exito-de-participacion-y-buen-ambiente\\\/#article\",\"isPartOf\":{\"@id\":\"https:\\\/\\\/mont-roig.cat\\\/es\\\/actualitat\\\/noticies\\\/las-festes-de-sant-josep-en-miami-platja-un-exito-de-participacion-y-buen-ambiente\\\/\"},\"author\":{\"name\":\"comunicacio\",\"@id\":\"https:\\\/\\\/mont-roig.cat\\\/es\\\/#\\\/schema\\\/person\\\/1f73e7b5e6f9dd122e8a6f14f310ac5e\"},\"headline\":\"Las Festes de Sant Josep en Miami Platja, un \u00e9xito de participaci\u00f3n y buen ambiente\",\"datePublished\":\"2026-03-23T18:41:18+00:00\",\"dateModified\":\"2026-03-23T18:45:27+00:00\",\"mainEntityOfPage\":{\"@id\":\"https:\\\/\\\/mont-roig.cat\\\/es\\\/actualitat\\\/noticies\\\/las-festes-de-sant-josep-en-miami-platja-un-exito-de-participacion-y-buen-ambiente\\\/\"},\"wordCount\":330,\"image\":{\"@id\":\"https:\\\/\\\/mont-roig.cat\\\/es\\\/actualitat\\\/noticies\\\/las-festes-de-sant-josep-en-miami-platja-un-exito-de-participacion-y-buen-ambiente\\\/#primaryimage\"},\"thumbnailUrl\":\"https:\\\/\\\/mont-roig.cat\\\/wp-content\\\/uploads\\\/arros-sant-josep.jpg\",\"articleSection\":[\"Ayuntamiento\",\"Festes\"],\"inLanguage\":\"es\"},{\"@type\":\"WebPage\",\"@id\":\"https:\\\/\\\/mont-roig.cat\\\/es\\\/actualitat\\\/noticies\\\/las-festes-de-sant-josep-en-miami-platja-un-exito-de-participacion-y-buen-ambiente\\\/\",\"url\":\"https:\\\/\\\/mont-roig.cat\\\/es\\\/actualitat\\\/noticies\\\/las-festes-de-sant-josep-en-miami-platja-un-exito-de-participacion-y-buen-ambiente\\\/\",\"name\":\"Las Festes de Sant Josep en Miami Platja, un \u00e9xito de participaci\u00f3n y buen ambiente - Ajuntament de Mont-roig del Camp\",\"isPartOf\":{\"@id\":\"https:\\\/\\\/mont-roig.cat\\\/es\\\/#website\"},\"primaryImageOfPage\":{\"@id\":\"https:\\\/\\\/mont-roig.cat\\\/es\\\/actualitat\\\/noticies\\\/las-festes-de-sant-josep-en-miami-platja-un-exito-de-participacion-y-buen-ambiente\\\/#primaryimage\"},\"image\":{\"@id\":\"https:\\\/\\\/mont-roig.cat\\\/es\\\/actualitat\\\/noticies\\\/las-festes-de-sant-josep-en-miami-platja-un-exito-de-participacion-y-buen-ambiente\\\/#primaryimage\"},\"thumbnailUrl\":\"https:\\\/\\\/mont-roig.cat\\\/wp-content\\\/uploads\\\/arros-sant-josep.jpg\",\"datePublished\":\"2026-03-23T18:41:18+00:00\",\"dateModified\":\"2026-03-23T18:45:27+00:00\",\"author\":{\"@id\":\"https:\\\/\\\/mont-roig.cat\\\/es\\\/#\\\/schema\\\/person\\\/1f73e7b5e6f9dd122e8a6f14f310ac5e\"},\"breadcrumb\":{\"@id\":\"https:\\\/\\\/mont-roig.cat\\\/es\\\/actualitat\\\/noticies\\\/las-festes-de-sant-josep-en-miami-platja-un-exito-de-participacion-y-buen-ambiente\\\/#breadcrumb\"},\"inLanguage\":\"es\",\"potentialAction\":[{\"@type\":\"ReadAction\",\"target\":[\"https:\\\/\\\/mont-roig.cat\\\/es\\\/actualitat\\\/noticies\\\/las-festes-de-sant-josep-en-miami-platja-un-exito-de-participacion-y-buen-ambiente\\\/\"]}]},{\"@type\":\"ImageObject\",\"inLanguage\":\"es\",\"@id\":\"https:\\\/\\\/mont-roig.cat\\\/es\\\/actualitat\\\/noticies\\\/las-festes-de-sant-josep-en-miami-platja-un-exito-de-participacion-y-buen-ambiente\\\/#primaryimage\",\"url\":\"https:\\\/\\\/mont-roig.cat\\\/wp-content\\\/uploads\\\/arros-sant-josep.jpg\",\"contentUrl\":\"https:\\\/\\\/mont-roig.cat\\\/wp-content\\\/uploads\\\/arros-sant-josep.jpg\",\"width\":1080,\"height\":1440},{\"@type\":\"BreadcrumbList\",\"@id\":\"https:\\\/\\\/mont-roig.cat\\\/es\\\/actualitat\\\/noticies\\\/las-festes-de-sant-josep-en-miami-platja-un-exito-de-participacion-y-buen-ambiente\\\/#breadcrumb\",\"itemListElement\":[{\"@type\":\"ListItem\",\"position\":1,\"name\":\"Inici\",\"item\":\"https:\\\/\\\/mont-roig.cat\\\/es\\\/pagina-de-inicio\\\/\"},{\"@type\":\"ListItem\",\"position\":2,\"name\":\"Las Festes de Sant Josep en Miami Platja, un \u00e9xito de participaci\u00f3n y buen ambiente\"}]},{\"@type\":\"WebSite\",\"@id\":\"https:\\\/\\\/mont-roig.cat\\\/es\\\/#website\",\"url\":\"https:\\\/\\\/mont-roig.cat\\\/es\\\/\",\"name\":\"Ajuntament de Mont-roig del Camp\",\"description\":\"Tota la informaci\u00f3 sobre la instituci\u00f3, els seus \u00f2rgans de govern, actualitat, serveis i molt m\u00e9s.\",\"potentialAction\":[{\"@type\":\"SearchAction\",\"target\":{\"@type\":\"EntryPoint\",\"urlTemplate\":\"https:\\\/\\\/mont-roig.cat\\\/es\\\/?s={search_term_string}\"},\"query-input\":{\"@type\":\"PropertyValueSpecification\",\"valueRequired\":true,\"valueName\":\"search_term_string\"}}],\"inLanguage\":\"es\"},{\"@type\":\"Person\",\"@id\":\"https:\\\/\\\/mont-roig.cat\\\/es\\\/#\\\/schema\\\/person\\\/1f73e7b5e6f9dd122e8a6f14f310ac5e\",\"name\":\"comunicacio\",\"image\":{\"@type\":\"ImageObject\",\"inLanguage\":\"es\",\"@id\":\"https:\\\/\\\/secure.gravatar.com\\\/avatar\\\/98944333e7a877670a64f8d10f0cb680ab2c9ebc4efc43945ef004b52b5ad28c?s=96&d=mm&r=g\",\"url\":\"https:\\\/\\\/secure.gravatar.com\\\/avatar\\\/98944333e7a877670a64f8d10f0cb680ab2c9ebc4efc43945ef004b52b5ad28c?s=96&d=mm&r=g\",\"contentUrl\":\"https:\\\/\\\/secure.gravatar.com\\\/avatar\\\/98944333e7a877670a64f8d10f0cb680ab2c9ebc4efc43945ef004b52b5ad28c?s=96&d=mm&r=g\",\"caption\":\"comunicacio\"},\"url\":\"https:\\\/\\\/mont-roig.cat\\\/es\\\/actualitat\\\/noticies\\\/author\\\/comunicacio\\\/\"}]}<\/script>\n<!-- \/ Yoast SEO plugin. -->","yoast_head_json":{"title":"Las Festes de Sant Josep en Miami Platja, un \u00e9xito de participaci\u00f3n y buen ambiente - Ajuntament de Mont-roig del Camp","robots":{"index":"index","follow":"follow","max-snippet":"max-snippet:-1","max-image-preview":"max-image-preview:large","max-video-preview":"max-video-preview:-1"},"canonical":"https:\/\/mont-roig.cat\/es\/actualitat\/noticies\/las-festes-de-sant-josep-en-miami-platja-un-exito-de-participacion-y-buen-ambiente\/","og_locale":"es_ES","og_type":"article","og_title":"Las Festes de Sant Josep en Miami Platja, un \u00e9xito de participaci\u00f3n y buen ambiente - Ajuntament de Mont-roig del Camp","og_description":"M\u00e1s de 600 personas disfrutaron de la nueva edici\u00f3n del Arr\u00f2s de Sant Josep, espect\u00e1culos, m\u00fasica y actividades para todos los p\u00fablicos, consolidando una fiesta llena de momentos \u00fanicos y convivencia. Las Festes de Sant Josep en Miami Platja han reunido a cientos de personas de todas las edades entre el 18 y el 22 [&hellip;]","og_url":"https:\/\/mont-roig.cat\/es\/actualitat\/noticies\/las-festes-de-sant-josep-en-miami-platja-un-exito-de-participacion-y-buen-ambiente\/","og_site_name":"Ajuntament de Mont-roig del Camp","article_published_time":"2026-03-23T18:41:18+00:00","article_modified_time":"2026-03-23T18:45:27+00:00","og_image":[{"width":1080,"height":1440,"url":"https:\/\/mont-roig.cat\/wp-content\/uploads\/arros-sant-josep.jpg","type":"image\/jpeg"}],"author":"comunicacio","twitter_card":"summary_large_image","twitter_misc":{"Escrito por":"comunicacio","Tiempo de lectura":"2 minutos"},"schema":{"@context":"https:\/\/schema.org","@graph":[{"@type":"Article","@id":"https:\/\/mont-roig.cat\/es\/actualitat\/noticies\/las-festes-de-sant-josep-en-miami-platja-un-exito-de-participacion-y-buen-ambiente\/#article","isPartOf":{"@id":"https:\/\/mont-roig.cat\/es\/actualitat\/noticies\/las-festes-de-sant-josep-en-miami-platja-un-exito-de-participacion-y-buen-ambiente\/"},"author":{"name":"comunicacio","@id":"https:\/\/mont-roig.cat\/es\/#\/schema\/person\/1f73e7b5e6f9dd122e8a6f14f310ac5e"},"headline":"Las Festes de Sant Josep en Miami Platja, un \u00e9xito de participaci\u00f3n y buen ambiente","datePublished":"2026-03-23T18:41:18+00:00","dateModified":"2026-03-23T18:45:27+00:00","mainEntityOfPage":{"@id":"https:\/\/mont-roig.cat\/es\/actualitat\/noticies\/las-festes-de-sant-josep-en-miami-platja-un-exito-de-participacion-y-buen-ambiente\/"},"wordCount":330,"image":{"@id":"https:\/\/mont-roig.cat\/es\/actualitat\/noticies\/las-festes-de-sant-josep-en-miami-platja-un-exito-de-participacion-y-buen-ambiente\/#primaryimage"},"thumbnailUrl":"https:\/\/mont-roig.cat\/wp-content\/uploads\/arros-sant-josep.jpg","articleSection":["Ayuntamiento","Festes"],"inLanguage":"es"},{"@type":"WebPage","@id":"https:\/\/mont-roig.cat\/es\/actualitat\/noticies\/las-festes-de-sant-josep-en-miami-platja-un-exito-de-participacion-y-buen-ambiente\/","url":"https:\/\/mont-roig.cat\/es\/actualitat\/noticies\/las-festes-de-sant-josep-en-miami-platja-un-exito-de-participacion-y-buen-ambiente\/","name":"Las Festes de Sant Josep en Miami Platja, un \u00e9xito de participaci\u00f3n y buen ambiente - Ajuntament de Mont-roig del Camp","isPartOf":{"@id":"https:\/\/mont-roig.cat\/es\/#website"},"primaryImageOfPage":{"@id":"https:\/\/mont-roig.cat\/es\/actualitat\/noticies\/las-festes-de-sant-josep-en-miami-platja-un-exito-de-participacion-y-buen-ambiente\/#primaryimage"},"image":{"@id":"https:\/\/mont-roig.cat\/es\/actualitat\/noticies\/las-festes-de-sant-josep-en-miami-platja-un-exito-de-participacion-y-buen-ambiente\/#primaryimage"},"thumbnailUrl":"https:\/\/mont-roig.cat\/wp-content\/uploads\/arros-sant-josep.jpg","datePublished":"2026-03-23T18:41:18+00:00","dateModified":"2026-03-23T18:45:27+00:00","author":{"@id":"https:\/\/mont-roig.cat\/es\/#\/schema\/person\/1f73e7b5e6f9dd122e8a6f14f310ac5e"},"breadcrumb":{"@id":"https:\/\/mont-roig.cat\/es\/actualitat\/noticies\/las-festes-de-sant-josep-en-miami-platja-un-exito-de-participacion-y-buen-ambiente\/#breadcrumb"},"inLanguage":"es","potentialAction":[{"@type":"ReadAction","target":["https:\/\/mont-roig.cat\/es\/actualitat\/noticies\/las-festes-de-sant-josep-en-miami-platja-un-exito-de-participacion-y-buen-ambiente\/"]}]},{"@type":"ImageObject","inLanguage":"es","@id":"https:\/\/mont-roig.cat\/es\/actualitat\/noticies\/las-festes-de-sant-josep-en-miami-platja-un-exito-de-participacion-y-buen-ambiente\/#primaryimage","url":"https:\/\/mont-roig.cat\/wp-content\/uploads\/arros-sant-josep.jpg","contentUrl":"https:\/\/mont-roig.cat\/wp-content\/uploads\/arros-sant-josep.jpg","width":1080,"height":1440},{"@type":"BreadcrumbList","@id":"https:\/\/mont-roig.cat\/es\/actualitat\/noticies\/las-festes-de-sant-josep-en-miami-platja-un-exito-de-participacion-y-buen-ambiente\/#breadcrumb","itemListElement":[{"@type":"ListItem","position":1,"name":"Inici","item":"https:\/\/mont-roig.cat\/es\/pagina-de-inicio\/"},{"@type":"ListItem","position":2,"name":"Las Festes de Sant Josep en Miami Platja, un \u00e9xito de participaci\u00f3n y buen ambiente"}]},{"@type":"WebSite","@id":"https:\/\/mont-roig.cat\/es\/#website","url":"https:\/\/mont-roig.cat\/es\/","name":"Ajuntament de Mont-roig del Camp","description":"Tota la informaci\u00f3 sobre la instituci\u00f3, els seus \u00f2rgans de govern, actualitat, serveis i molt m\u00e9s.","potentialAction":[{"@type":"SearchAction","target":{"@type":"EntryPoint","urlTemplate":"https:\/\/mont-roig.cat\/es\/?s={search_term_string}"},"query-input":{"@type":"PropertyValueSpecification","valueRequired":true,"valueName":"search_term_string"}}],"inLanguage":"es"},{"@type":"Person","@id":"https:\/\/mont-roig.cat\/es\/#\/schema\/person\/1f73e7b5e6f9dd122e8a6f14f310ac5e","name":"comunicacio","image":{"@type":"ImageObject","inLanguage":"es","@id":"https:\/\/secure.gravatar.com\/avatar\/98944333e7a877670a64f8d10f0cb680ab2c9ebc4efc43945ef004b52b5ad28c?s=96&d=mm&r=g","url":"https:\/\/secure.gravatar.com\/avatar\/98944333e7a877670a64f8d10f0cb680ab2c9ebc4efc43945ef004b52b5ad28c?s=96&d=mm&r=g","contentUrl":"https:\/\/secure.gravatar.com\/avatar\/98944333e7a877670a64f8d10f0cb680ab2c9ebc4efc43945ef004b52b5ad28c?s=96&d=mm&r=g","caption":"comunicacio"},"url":"https:\/\/mont-roig.cat\/es\/actualitat\/noticies\/author\/comunicacio\/"}]}},"_links":{"self":[{"href":"https:\/\/mont-roig.cat\/es\/wp-json\/wp\/v2\/posts\/90337","targetHints":{"allow":["GET"]}}],"collection":[{"href":"https:\/\/mont-roig.cat\/es\/wp-json\/wp\/v2\/posts"}],"about":[{"href":"https:\/\/mont-roig.cat\/es\/wp-json\/wp\/v2\/types\/post"}],"author":[{"embeddable":true,"href":"https:\/\/mont-roig.cat\/es\/wp-json\/wp\/v2\/users\/13"}],"replies":[{"embeddable":true,"href":"https:\/\/mont-roig.cat\/es\/wp-json\/wp\/v2\/comments?post=90337"}],"version-history":[{"count":2,"href":"https:\/\/mont-roig.cat\/es\/wp-json\/wp\/v2\/posts\/90337\/revisions"}],"predecessor-version":[{"id":90339,"href":"https:\/\/mont-roig.cat\/es\/wp-json\/wp\/v2\/posts\/90337\/revisions\/90339"}],"wp:featuredmedia":[{"embeddable":true,"href":"https:\/\/mont-roig.cat\/es\/wp-json\/wp\/v2\/media\/90335"}],"wp:attachment":[{"href":"https:\/\/mont-roig.cat\/es\/wp-json\/wp\/v2\/media?parent=90337"}],"wp:term":[{"taxonomy":"category","embeddable":true,"href":"https:\/\/mont-roig.cat\/es\/wp-json\/wp\/v2\/categories?post=90337"},{"taxonomy":"post_tag","embeddable":true,"href":"https:\/\/mont-roig.cat\/es\/wp-json\/wp\/v2\/tags?post=90337"}],"curies":[{"name":"wp","href":"https:\/\/api.w.org\/{rel}","templated":true}]}}