{"id":90350,"date":"2026-03-24T08:40:55","date_gmt":"2026-03-24T07:40:55","guid":{"rendered":"https:\/\/mont-roig.cat\/actualitat\/noticies\/tot-a-punt-a-mont-roig-del-camp-per-la-tercera-etapa-de-la-volta-a-catalunya-2026\/"},"modified":"2026-03-24T15:58:52","modified_gmt":"2026-03-24T14:58:52","slug":"todo-listo-en-mont-roig-del-camp-para-la-tercera-etapa-de-la-volta-a-catalunya-2026","status":"publish","type":"post","link":"https:\/\/mont-roig.cat\/es\/actualitat\/noticies\/todo-listo-en-mont-roig-del-camp-para-la-tercera-etapa-de-la-volta-a-catalunya-2026\/","title":{"rendered":"Todo listo en Mont roig del Camp para la tercera etapa de la Volta a Catalunya 2026"},"content":{"rendered":"<ul>\n<li><strong><a href=\"https:\/\/mont-roig.cat\/wp-content\/uploads\/Etapa-Volta-Catalunya-primer-guanyador.jpeg\" target=\"_blank\" rel=\"noopener\"><img loading=\"lazy\" decoding=\"async\" class=\"alignright wp-image-90348\" src=\"https:\/\/mont-roig.cat\/wp-content\/uploads\/Etapa-Volta-Catalunya-primer-guanyador-500x333.jpeg\" alt=\"\" width=\"291\" height=\"194\" \/><\/a>La salida de ma\u00f1ana mi\u00e9rcoles 25 de marzo afectar\u00e1 calles del n\u00facleo urbano con restricciones de tr\u00e1fico desde esta tarde<\/strong><\/li>\n<\/ul>\n<p>Mont\u2011roig del Camp ser\u00e1 protagonista ma\u00f1ana de la tercera etapa de la Volta Ciclista a Catalunya 2026, con salida prevista a las 13:35\u202fh desde el Vel\u00f3dromo Municipal Josep Florencio. El evento deportivo, que cuenta con la participaci\u00f3n de figuras internacionales como Jonas Vingegaard, Remco Evenepoel y Jo\u00e3o Almeida, supondr\u00e1 importantes afectaciones de tr\u00e1fico y restricciones de aparcamiento en el municipio.<\/p>\n<p><strong><a href=\"https:\/\/mont-roig.cat\/wp-content\/uploads\/parking-dissuassori-1.png\" target=\"_blank\" rel=\"noopener\"><img loading=\"lazy\" decoding=\"async\" class=\"alignleft wp-image-90346\" src=\"https:\/\/mont-roig.cat\/wp-content\/uploads\/parking-dissuassori-1-500x455.png\" alt=\"\" width=\"309\" height=\"281\" \/><\/a>Restricciones y aparcamientos alternativos<\/strong><br \/>\nA partir de las 22:00\u202fh de este martes\u00a0 quedar\u00e1 prohibido estacionar en las calles Aureli M. Escarr\u00e9, Vinyols, Cambrils, Riudoms, Ind\u00fastria, 1 de Octubre, Montbri\u00f3 y avenida Catalunya. Los vecinos y visitantes podr\u00e1n utilizar un aparcamiento alternativo con vigilancia e iluminaci\u00f3n situado en la intersecci\u00f3n de calle de Freginals, calle Pa\u00efsos Catalans y calle Barranc Vilanova d\u2019Escornalbou.<\/p>\n<p>Durante la salida de la carrera, el tr\u00e1fico quedar\u00e1 cortado en el n\u00facleo de Mont\u2011roig del Camp y, m\u00e1s tarde, la comitiva ciclista pasar\u00e1 puntualmente por las carreteras T\u2011322, T\u2011323 y T\u2011310 en direcci\u00f3n a Montbri\u00f3 del Camp. Las autoridades recomiendan respetar la se\u00f1alizaci\u00f3n y las indicaciones de los agentes y voluntarios a lo largo del recorrido.<\/p>\n<p><strong><a href=\"https:\/\/mont-roig.cat\/wp-content\/uploads\/Etapa-volta-1.jpeg\" target=\"_blank\" rel=\"noopener\"><img loading=\"lazy\" decoding=\"async\" class=\"alignright wp-image-90347\" src=\"https:\/\/mont-roig.cat\/wp-content\/uploads\/Etapa-volta-1-500x181.jpeg\" alt=\"\" width=\"304\" height=\"110\" \/><\/a>La tercera etapa: un reto de media monta\u00f1a<\/strong><br \/>\nLos ciclistas afrontar\u00e1n 160 km con tres puertos puntuables: Alt de La Mussara (1\u00aa categor\u00eda), Coll de Capafonts (2\u00aa categor\u00eda) y Coll Roig (3\u00aa categor\u00eda), con llegada a Vila\u2011seca. Esta etapa combina subidas exigentes, descensos r\u00e1pidos y sectores planos, ofreciendo oportunidades tanto a escaladores como a escapados.<\/p>\n<p><strong>Impacto internacional y primera etapa<\/strong><br \/>\nLa Volta a Catalunya 2026 comenz\u00f3 con la victoria del franc\u00e9s Dorian Godon, que super\u00f3 en un espectacular sprint a Remco Evenepoel, convirti\u00e9ndose en el primer l\u00edder de la carrera. La prueba, con cobertura televisiva en 190 pa\u00edses y m\u00e1s de 200 periodistas acreditados, consolida la Volta como una cita de referencia del ciclismo mundial, con retransmisiones en directo por canales como Esport 3\/TV3, Eurosport, RTBF Tipik y TNT Sports, as\u00ed como plataformas digitales como MAX.<\/p>\n<p>Con la participaci\u00f3n de 161 ciclistas de los 23 mejores equipos del mundo, la Volta combina deporte de \u00e9lite con promoci\u00f3n tur\u00edstica, mostrando los paisajes de la Costa Daurada y reafirmando el papel de Mont\u2011roig del Camp como punto clave en esta prueba internacional.<\/p>\n<p>&nbsp;<\/p>\n<p>&nbsp;<\/p>\n<p>&nbsp;<\/p>\n","protected":false},"excerpt":{"rendered":"<p>La salida de ma\u00f1ana mi\u00e9rcoles 25 de marzo afectar\u00e1 calles del n\u00facleo urbano con restricciones de tr\u00e1fico desde esta tarde Mont\u2011roig del Camp ser\u00e1 protagonista ma\u00f1ana de la tercera etapa de la Volta Ciclista a Catalunya 2026, con salida prevista a las 13:35\u202fh desde el Vel\u00f3dromo Municipal Josep Florencio. El evento deportivo, que cuenta con [&hellip;]<\/p>\n","protected":false},"author":13,"featured_media":0,"comment_status":"closed","ping_status":"closed","sticky":false,"template":"","format":"standard","meta":{"inline_featured_image":false,"_monsterinsights_skip_tracking":false,"_monsterinsights_sitenote_active":false,"_monsterinsights_sitenote_note":"","_monsterinsights_sitenote_category":0,"footnotes":""},"categories":[98,104],"tags":[],"class_list":["post-90350","post","type-post","status-publish","format-standard","hentry","category-ayuntamiento","category-deportes"],"yoast_head":"<!-- This site is optimized with the Yoast SEO plugin v27.4 - https:\/\/yoast.com\/product\/yoast-seo-wordpress\/ -->\n<title>Todo listo en Mont roig del Camp para la tercera etapa de la Volta a Catalunya 2026 - Ajuntament de Mont-roig del Camp<\/title>\n<meta name=\"robots\" content=\"index, follow, max-snippet:-1, max-image-preview:large, max-video-preview:-1\" \/>\n<link rel=\"canonical\" href=\"https:\/\/mont-roig.cat\/es\/actualitat\/noticies\/todo-listo-en-mont-roig-del-camp-para-la-tercera-etapa-de-la-volta-a-catalunya-2026\/\" \/>\n<meta property=\"og:locale\" content=\"es_ES\" \/>\n<meta property=\"og:type\" content=\"article\" \/>\n<meta property=\"og:title\" content=\"Todo listo en Mont roig del Camp para la tercera etapa de la Volta a Catalunya 2026 - Ajuntament de Mont-roig del Camp\" \/>\n<meta property=\"og:description\" content=\"La salida de ma\u00f1ana mi\u00e9rcoles 25 de marzo afectar\u00e1 calles del n\u00facleo urbano con restricciones de tr\u00e1fico desde esta tarde Mont\u2011roig del Camp ser\u00e1 protagonista ma\u00f1ana de la tercera etapa de la Volta Ciclista a Catalunya 2026, con salida prevista a las 13:35\u202fh desde el Vel\u00f3dromo Municipal Josep Florencio. El evento deportivo, que cuenta con [&hellip;]\" \/>\n<meta property=\"og:url\" content=\"https:\/\/mont-roig.cat\/es\/actualitat\/noticies\/todo-listo-en-mont-roig-del-camp-para-la-tercera-etapa-de-la-volta-a-catalunya-2026\/\" \/>\n<meta property=\"og:site_name\" content=\"Ajuntament de Mont-roig del Camp\" \/>\n<meta property=\"article:published_time\" content=\"2026-03-24T07:40:55+00:00\" \/>\n<meta property=\"article:modified_time\" content=\"2026-03-24T14:58:52+00:00\" \/>\n<meta property=\"og:image\" content=\"https:\/\/mont-roig.cat\/wp-content\/uploads\/Etapa-Volta-Catalunya-primer-guanyador.jpeg\" \/>\n\t<meta property=\"og:image:width\" content=\"1862\" \/>\n\t<meta property=\"og:image:height\" content=\"1241\" \/>\n\t<meta property=\"og:image:type\" content=\"image\/jpeg\" \/>\n<meta name=\"author\" content=\"comunicacio\" \/>\n<meta name=\"twitter:card\" content=\"summary_large_image\" \/>\n<meta name=\"twitter:label1\" content=\"Escrito por\" \/>\n\t<meta name=\"twitter:data1\" content=\"comunicacio\" \/>\n\t<meta name=\"twitter:label2\" content=\"Tiempo de lectura\" \/>\n\t<meta name=\"twitter:data2\" content=\"3 minutos\" \/>\n<script type=\"application\/ld+json\" class=\"yoast-schema-graph\">{\"@context\":\"https:\\\/\\\/schema.org\",\"@graph\":[{\"@type\":\"Article\",\"@id\":\"https:\\\/\\\/mont-roig.cat\\\/es\\\/actualitat\\\/noticies\\\/todo-listo-en-mont-roig-del-camp-para-la-tercera-etapa-de-la-volta-a-catalunya-2026\\\/#article\",\"isPartOf\":{\"@id\":\"https:\\\/\\\/mont-roig.cat\\\/es\\\/actualitat\\\/noticies\\\/todo-listo-en-mont-roig-del-camp-para-la-tercera-etapa-de-la-volta-a-catalunya-2026\\\/\"},\"author\":{\"name\":\"comunicacio\",\"@id\":\"https:\\\/\\\/mont-roig.cat\\\/es\\\/#\\\/schema\\\/person\\\/1f73e7b5e6f9dd122e8a6f14f310ac5e\"},\"headline\":\"Todo listo en Mont roig del Camp para la tercera etapa de la Volta a Catalunya 2026\",\"datePublished\":\"2026-03-24T07:40:55+00:00\",\"dateModified\":\"2026-03-24T14:58:52+00:00\",\"mainEntityOfPage\":{\"@id\":\"https:\\\/\\\/mont-roig.cat\\\/es\\\/actualitat\\\/noticies\\\/todo-listo-en-mont-roig-del-camp-para-la-tercera-etapa-de-la-volta-a-catalunya-2026\\\/\"},\"wordCount\":426,\"image\":{\"@id\":\"https:\\\/\\\/mont-roig.cat\\\/es\\\/actualitat\\\/noticies\\\/todo-listo-en-mont-roig-del-camp-para-la-tercera-etapa-de-la-volta-a-catalunya-2026\\\/#primaryimage\"},\"thumbnailUrl\":\"https:\\\/\\\/mont-roig.cat\\\/wp-content\\\/uploads\\\/Etapa-Volta-Catalunya-primer-guanyador-500x333.jpeg\",\"articleSection\":[\"Ayuntamiento\",\"Deportes\"],\"inLanguage\":\"es\"},{\"@type\":\"WebPage\",\"@id\":\"https:\\\/\\\/mont-roig.cat\\\/es\\\/actualitat\\\/noticies\\\/todo-listo-en-mont-roig-del-camp-para-la-tercera-etapa-de-la-volta-a-catalunya-2026\\\/\",\"url\":\"https:\\\/\\\/mont-roig.cat\\\/es\\\/actualitat\\\/noticies\\\/todo-listo-en-mont-roig-del-camp-para-la-tercera-etapa-de-la-volta-a-catalunya-2026\\\/\",\"name\":\"Todo listo en Mont roig del Camp para la tercera etapa de la Volta a Catalunya 2026 - Ajuntament de Mont-roig del Camp\",\"isPartOf\":{\"@id\":\"https:\\\/\\\/mont-roig.cat\\\/es\\\/#website\"},\"primaryImageOfPage\":{\"@id\":\"https:\\\/\\\/mont-roig.cat\\\/es\\\/actualitat\\\/noticies\\\/todo-listo-en-mont-roig-del-camp-para-la-tercera-etapa-de-la-volta-a-catalunya-2026\\\/#primaryimage\"},\"image\":{\"@id\":\"https:\\\/\\\/mont-roig.cat\\\/es\\\/actualitat\\\/noticies\\\/todo-listo-en-mont-roig-del-camp-para-la-tercera-etapa-de-la-volta-a-catalunya-2026\\\/#primaryimage\"},\"thumbnailUrl\":\"https:\\\/\\\/mont-roig.cat\\\/wp-content\\\/uploads\\\/Etapa-Volta-Catalunya-primer-guanyador-500x333.jpeg\",\"datePublished\":\"2026-03-24T07:40:55+00:00\",\"dateModified\":\"2026-03-24T14:58:52+00:00\",\"author\":{\"@id\":\"https:\\\/\\\/mont-roig.cat\\\/es\\\/#\\\/schema\\\/person\\\/1f73e7b5e6f9dd122e8a6f14f310ac5e\"},\"breadcrumb\":{\"@id\":\"https:\\\/\\\/mont-roig.cat\\\/es\\\/actualitat\\\/noticies\\\/todo-listo-en-mont-roig-del-camp-para-la-tercera-etapa-de-la-volta-a-catalunya-2026\\\/#breadcrumb\"},\"inLanguage\":\"es\",\"potentialAction\":[{\"@type\":\"ReadAction\",\"target\":[\"https:\\\/\\\/mont-roig.cat\\\/es\\\/actualitat\\\/noticies\\\/todo-listo-en-mont-roig-del-camp-para-la-tercera-etapa-de-la-volta-a-catalunya-2026\\\/\"]}]},{\"@type\":\"ImageObject\",\"inLanguage\":\"es\",\"@id\":\"https:\\\/\\\/mont-roig.cat\\\/es\\\/actualitat\\\/noticies\\\/todo-listo-en-mont-roig-del-camp-para-la-tercera-etapa-de-la-volta-a-catalunya-2026\\\/#primaryimage\",\"url\":\"https:\\\/\\\/mont-roig.cat\\\/wp-content\\\/uploads\\\/Etapa-Volta-Catalunya-primer-guanyador-500x333.jpeg\",\"contentUrl\":\"https:\\\/\\\/mont-roig.cat\\\/wp-content\\\/uploads\\\/Etapa-Volta-Catalunya-primer-guanyador-500x333.jpeg\"},{\"@type\":\"BreadcrumbList\",\"@id\":\"https:\\\/\\\/mont-roig.cat\\\/es\\\/actualitat\\\/noticies\\\/todo-listo-en-mont-roig-del-camp-para-la-tercera-etapa-de-la-volta-a-catalunya-2026\\\/#breadcrumb\",\"itemListElement\":[{\"@type\":\"ListItem\",\"position\":1,\"name\":\"Inici\",\"item\":\"https:\\\/\\\/mont-roig.cat\\\/es\\\/pagina-de-inicio\\\/\"},{\"@type\":\"ListItem\",\"position\":2,\"name\":\"Todo listo en Mont roig del Camp para la tercera etapa de la Volta a Catalunya 2026\"}]},{\"@type\":\"WebSite\",\"@id\":\"https:\\\/\\\/mont-roig.cat\\\/es\\\/#website\",\"url\":\"https:\\\/\\\/mont-roig.cat\\\/es\\\/\",\"name\":\"Ajuntament de Mont-roig del Camp\",\"description\":\"Tota la informaci\u00f3 sobre la instituci\u00f3, els seus \u00f2rgans de govern, actualitat, serveis i molt m\u00e9s.\",\"potentialAction\":[{\"@type\":\"SearchAction\",\"target\":{\"@type\":\"EntryPoint\",\"urlTemplate\":\"https:\\\/\\\/mont-roig.cat\\\/es\\\/?s={search_term_string}\"},\"query-input\":{\"@type\":\"PropertyValueSpecification\",\"valueRequired\":true,\"valueName\":\"search_term_string\"}}],\"inLanguage\":\"es\"},{\"@type\":\"Person\",\"@id\":\"https:\\\/\\\/mont-roig.cat\\\/es\\\/#\\\/schema\\\/person\\\/1f73e7b5e6f9dd122e8a6f14f310ac5e\",\"name\":\"comunicacio\",\"image\":{\"@type\":\"ImageObject\",\"inLanguage\":\"es\",\"@id\":\"https:\\\/\\\/secure.gravatar.com\\\/avatar\\\/98944333e7a877670a64f8d10f0cb680ab2c9ebc4efc43945ef004b52b5ad28c?s=96&d=mm&r=g\",\"url\":\"https:\\\/\\\/secure.gravatar.com\\\/avatar\\\/98944333e7a877670a64f8d10f0cb680ab2c9ebc4efc43945ef004b52b5ad28c?s=96&d=mm&r=g\",\"contentUrl\":\"https:\\\/\\\/secure.gravatar.com\\\/avatar\\\/98944333e7a877670a64f8d10f0cb680ab2c9ebc4efc43945ef004b52b5ad28c?s=96&d=mm&r=g\",\"caption\":\"comunicacio\"},\"url\":\"https:\\\/\\\/mont-roig.cat\\\/es\\\/actualitat\\\/noticies\\\/author\\\/comunicacio\\\/\"}]}<\/script>\n<!-- \/ Yoast SEO plugin. -->","yoast_head_json":{"title":"Todo listo en Mont roig del Camp para la tercera etapa de la Volta a Catalunya 2026 - Ajuntament de Mont-roig del Camp","robots":{"index":"index","follow":"follow","max-snippet":"max-snippet:-1","max-image-preview":"max-image-preview:large","max-video-preview":"max-video-preview:-1"},"canonical":"https:\/\/mont-roig.cat\/es\/actualitat\/noticies\/todo-listo-en-mont-roig-del-camp-para-la-tercera-etapa-de-la-volta-a-catalunya-2026\/","og_locale":"es_ES","og_type":"article","og_title":"Todo listo en Mont roig del Camp para la tercera etapa de la Volta a Catalunya 2026 - Ajuntament de Mont-roig del Camp","og_description":"La salida de ma\u00f1ana mi\u00e9rcoles 25 de marzo afectar\u00e1 calles del n\u00facleo urbano con restricciones de tr\u00e1fico desde esta tarde Mont\u2011roig del Camp ser\u00e1 protagonista ma\u00f1ana de la tercera etapa de la Volta Ciclista a Catalunya 2026, con salida prevista a las 13:35\u202fh desde el Vel\u00f3dromo Municipal Josep Florencio. El evento deportivo, que cuenta con [&hellip;]","og_url":"https:\/\/mont-roig.cat\/es\/actualitat\/noticies\/todo-listo-en-mont-roig-del-camp-para-la-tercera-etapa-de-la-volta-a-catalunya-2026\/","og_site_name":"Ajuntament de Mont-roig del Camp","article_published_time":"2026-03-24T07:40:55+00:00","article_modified_time":"2026-03-24T14:58:52+00:00","og_image":[{"width":1862,"height":1241,"url":"https:\/\/mont-roig.cat\/wp-content\/uploads\/Etapa-Volta-Catalunya-primer-guanyador.jpeg","type":"image\/jpeg"}],"author":"comunicacio","twitter_card":"summary_large_image","twitter_misc":{"Escrito por":"comunicacio","Tiempo de lectura":"3 minutos"},"schema":{"@context":"https:\/\/schema.org","@graph":[{"@type":"Article","@id":"https:\/\/mont-roig.cat\/es\/actualitat\/noticies\/todo-listo-en-mont-roig-del-camp-para-la-tercera-etapa-de-la-volta-a-catalunya-2026\/#article","isPartOf":{"@id":"https:\/\/mont-roig.cat\/es\/actualitat\/noticies\/todo-listo-en-mont-roig-del-camp-para-la-tercera-etapa-de-la-volta-a-catalunya-2026\/"},"author":{"name":"comunicacio","@id":"https:\/\/mont-roig.cat\/es\/#\/schema\/person\/1f73e7b5e6f9dd122e8a6f14f310ac5e"},"headline":"Todo listo en Mont roig del Camp para la tercera etapa de la Volta a Catalunya 2026","datePublished":"2026-03-24T07:40:55+00:00","dateModified":"2026-03-24T14:58:52+00:00","mainEntityOfPage":{"@id":"https:\/\/mont-roig.cat\/es\/actualitat\/noticies\/todo-listo-en-mont-roig-del-camp-para-la-tercera-etapa-de-la-volta-a-catalunya-2026\/"},"wordCount":426,"image":{"@id":"https:\/\/mont-roig.cat\/es\/actualitat\/noticies\/todo-listo-en-mont-roig-del-camp-para-la-tercera-etapa-de-la-volta-a-catalunya-2026\/#primaryimage"},"thumbnailUrl":"https:\/\/mont-roig.cat\/wp-content\/uploads\/Etapa-Volta-Catalunya-primer-guanyador-500x333.jpeg","articleSection":["Ayuntamiento","Deportes"],"inLanguage":"es"},{"@type":"WebPage","@id":"https:\/\/mont-roig.cat\/es\/actualitat\/noticies\/todo-listo-en-mont-roig-del-camp-para-la-tercera-etapa-de-la-volta-a-catalunya-2026\/","url":"https:\/\/mont-roig.cat\/es\/actualitat\/noticies\/todo-listo-en-mont-roig-del-camp-para-la-tercera-etapa-de-la-volta-a-catalunya-2026\/","name":"Todo listo en Mont roig del Camp para la tercera etapa de la Volta a Catalunya 2026 - Ajuntament de Mont-roig del Camp","isPartOf":{"@id":"https:\/\/mont-roig.cat\/es\/#website"},"primaryImageOfPage":{"@id":"https:\/\/mont-roig.cat\/es\/actualitat\/noticies\/todo-listo-en-mont-roig-del-camp-para-la-tercera-etapa-de-la-volta-a-catalunya-2026\/#primaryimage"},"image":{"@id":"https:\/\/mont-roig.cat\/es\/actualitat\/noticies\/todo-listo-en-mont-roig-del-camp-para-la-tercera-etapa-de-la-volta-a-catalunya-2026\/#primaryimage"},"thumbnailUrl":"https:\/\/mont-roig.cat\/wp-content\/uploads\/Etapa-Volta-Catalunya-primer-guanyador-500x333.jpeg","datePublished":"2026-03-24T07:40:55+00:00","dateModified":"2026-03-24T14:58:52+00:00","author":{"@id":"https:\/\/mont-roig.cat\/es\/#\/schema\/person\/1f73e7b5e6f9dd122e8a6f14f310ac5e"},"breadcrumb":{"@id":"https:\/\/mont-roig.cat\/es\/actualitat\/noticies\/todo-listo-en-mont-roig-del-camp-para-la-tercera-etapa-de-la-volta-a-catalunya-2026\/#breadcrumb"},"inLanguage":"es","potentialAction":[{"@type":"ReadAction","target":["https:\/\/mont-roig.cat\/es\/actualitat\/noticies\/todo-listo-en-mont-roig-del-camp-para-la-tercera-etapa-de-la-volta-a-catalunya-2026\/"]}]},{"@type":"ImageObject","inLanguage":"es","@id":"https:\/\/mont-roig.cat\/es\/actualitat\/noticies\/todo-listo-en-mont-roig-del-camp-para-la-tercera-etapa-de-la-volta-a-catalunya-2026\/#primaryimage","url":"https:\/\/mont-roig.cat\/wp-content\/uploads\/Etapa-Volta-Catalunya-primer-guanyador-500x333.jpeg","contentUrl":"https:\/\/mont-roig.cat\/wp-content\/uploads\/Etapa-Volta-Catalunya-primer-guanyador-500x333.jpeg"},{"@type":"BreadcrumbList","@id":"https:\/\/mont-roig.cat\/es\/actualitat\/noticies\/todo-listo-en-mont-roig-del-camp-para-la-tercera-etapa-de-la-volta-a-catalunya-2026\/#breadcrumb","itemListElement":[{"@type":"ListItem","position":1,"name":"Inici","item":"https:\/\/mont-roig.cat\/es\/pagina-de-inicio\/"},{"@type":"ListItem","position":2,"name":"Todo listo en Mont roig del Camp para la tercera etapa de la Volta a Catalunya 2026"}]},{"@type":"WebSite","@id":"https:\/\/mont-roig.cat\/es\/#website","url":"https:\/\/mont-roig.cat\/es\/","name":"Ajuntament de Mont-roig del Camp","description":"Tota la informaci\u00f3 sobre la instituci\u00f3, els seus \u00f2rgans de govern, actualitat, serveis i molt m\u00e9s.","potentialAction":[{"@type":"SearchAction","target":{"@type":"EntryPoint","urlTemplate":"https:\/\/mont-roig.cat\/es\/?s={search_term_string}"},"query-input":{"@type":"PropertyValueSpecification","valueRequired":true,"valueName":"search_term_string"}}],"inLanguage":"es"},{"@type":"Person","@id":"https:\/\/mont-roig.cat\/es\/#\/schema\/person\/1f73e7b5e6f9dd122e8a6f14f310ac5e","name":"comunicacio","image":{"@type":"ImageObject","inLanguage":"es","@id":"https:\/\/secure.gravatar.com\/avatar\/98944333e7a877670a64f8d10f0cb680ab2c9ebc4efc43945ef004b52b5ad28c?s=96&d=mm&r=g","url":"https:\/\/secure.gravatar.com\/avatar\/98944333e7a877670a64f8d10f0cb680ab2c9ebc4efc43945ef004b52b5ad28c?s=96&d=mm&r=g","contentUrl":"https:\/\/secure.gravatar.com\/avatar\/98944333e7a877670a64f8d10f0cb680ab2c9ebc4efc43945ef004b52b5ad28c?s=96&d=mm&r=g","caption":"comunicacio"},"url":"https:\/\/mont-roig.cat\/es\/actualitat\/noticies\/author\/comunicacio\/"}]}},"_links":{"self":[{"href":"https:\/\/mont-roig.cat\/es\/wp-json\/wp\/v2\/posts\/90350","targetHints":{"allow":["GET"]}}],"collection":[{"href":"https:\/\/mont-roig.cat\/es\/wp-json\/wp\/v2\/posts"}],"about":[{"href":"https:\/\/mont-roig.cat\/es\/wp-json\/wp\/v2\/types\/post"}],"author":[{"embeddable":true,"href":"https:\/\/mont-roig.cat\/es\/wp-json\/wp\/v2\/users\/13"}],"replies":[{"embeddable":true,"href":"https:\/\/mont-roig.cat\/es\/wp-json\/wp\/v2\/comments?post=90350"}],"version-history":[{"count":3,"href":"https:\/\/mont-roig.cat\/es\/wp-json\/wp\/v2\/posts\/90350\/revisions"}],"predecessor-version":[{"id":90355,"href":"https:\/\/mont-roig.cat\/es\/wp-json\/wp\/v2\/posts\/90350\/revisions\/90355"}],"wp:attachment":[{"href":"https:\/\/mont-roig.cat\/es\/wp-json\/wp\/v2\/media?parent=90350"}],"wp:term":[{"taxonomy":"category","embeddable":true,"href":"https:\/\/mont-roig.cat\/es\/wp-json\/wp\/v2\/categories?post=90350"},{"taxonomy":"post_tag","embeddable":true,"href":"https:\/\/mont-roig.cat\/es\/wp-json\/wp\/v2\/tags?post=90350"}],"curies":[{"name":"wp","href":"https:\/\/api.w.org\/{rel}","templated":true}]}}