{"id":90378,"date":"2026-03-24T16:12:31","date_gmt":"2026-03-24T15:12:31","guid":{"rendered":"https:\/\/mont-roig.cat\/actualitat\/noticies\/lecoespai-de-miami-platja-acull-una-jornada-sobre-prevencio-i-control-del-tabaquisme-al-territori\/"},"modified":"2026-03-24T16:26:43","modified_gmt":"2026-03-24T15:26:43","slug":"el-ecoespai-de-miami-platja-acoge-una-jornada-sobre-prevencion-y-control-del-tabaquismo-en-el-territorio","status":"publish","type":"post","link":"https:\/\/mont-roig.cat\/es\/actualitat\/noticies\/el-ecoespai-de-miami-platja-acoge-una-jornada-sobre-prevencion-y-control-del-tabaquismo-en-el-territorio\/","title":{"rendered":"El Ecoespai de Miami Platja acoge una jornada sobre prevenci\u00f3n y control del tabaquismo en el territorio"},"content":{"rendered":"<div id=\"attachment_90360\" style=\"width: 316px\" class=\"wp-caption alignright\"><a href=\"https:\/\/mont-roig.cat\/wp-content\/uploads\/Tabaquisme_ok.jpeg\" target=\"_blank\" rel=\"noopener\"><img loading=\"lazy\" decoding=\"async\" aria-describedby=\"caption-attachment-90360\" class=\"wp-image-90360\" src=\"https:\/\/mont-roig.cat\/wp-content\/uploads\/Tabaquisme_ok-500x281.jpeg\" alt=\"\" width=\"306\" height=\"172\" srcset=\"https:\/\/mont-roig.cat\/wp-content\/uploads\/Tabaquisme_ok-500x281.jpeg 500w, https:\/\/mont-roig.cat\/wp-content\/uploads\/Tabaquisme_ok-1024x576.jpeg 1024w, https:\/\/mont-roig.cat\/wp-content\/uploads\/Tabaquisme_ok-768x432.jpeg 768w, https:\/\/mont-roig.cat\/wp-content\/uploads\/Tabaquisme_ok-1536x864.jpeg 1536w, https:\/\/mont-roig.cat\/wp-content\/uploads\/Tabaquisme_ok.jpeg 1600w\" sizes=\"auto, (max-width: 306px) 100vw, 306px\" \/><\/a><p id=\"caption-attachment-90360\" class=\"wp-caption-text\">La concejal de playas del Ajuntament de Mont-roig del Camp, Yolanda P\u00e9rez, durante su intervenci\u00f3n.<\/p><\/div>\n<ul>\n<li data-start=\"197\" data-end=\"350\"><strong>La apuesta por unas playas libres de humo consolida el municipio como referente y sede de esta primera jornada organizada por el Departament de Salut<\/strong><\/li>\n<\/ul>\n<p data-start=\"352\" data-end=\"565\">Profesionales de la salud del Camp de Tarragona y las Terres de l\u2019Ebre se han dado cita este martes en el Ecoespai de Miami Platja en el marco de una jornada dedicada a la prevenci\u00f3n y el control del tabaquismo.<\/p>\n<p data-start=\"567\" data-end=\"962\">El acto ha contado con la bienvenida institucional del alcalde de Mont-roig del Camp, Fran Morancho, del secretario de Salut P\u00fablica, Esteve Fern\u00e1ndez, y de Ana Bocio, subdirectora regional en el Camp de Tarragona y Terres de l\u2019Ebre, quienes han puesto en valor la importancia de sumar esfuerzos desde el territorio para reducir el consumo de tabaco y avanzar hacia una sociedad m\u00e1s saludable.<\/p>\n<p data-start=\"964\" data-end=\"1415\">La jornada, organizada por el Departament de Salut de la Generalitat, ha reunido principalmente a personal de enfermer\u00eda y de atenci\u00f3n primaria, as\u00ed como a otros profesionales vinculados al \u00e1mbito sanitario y de la salud p\u00fablica. Durante el encuentro se ha presentado la situaci\u00f3n actual del tabaquismo en el territorio y se han compartido experiencias y buenas pr\u00e1cticas en diferentes \u00e1mbitos de intervenci\u00f3n, a trav\u00e9s de diversas mesas de trabajo.<\/p>\n<p data-start=\"1417\" data-end=\"1451\">12 km de playas y calas sin humo<\/p>\n<p data-start=\"1453\" data-end=\"1804\">El hecho de que esta jornada se haya celebrado en Miami Platja no es casual. Cabe destacar que el Ayuntamiento de Mont-roig del Camp decidi\u00f3 declarar los 12 km de playas y calas del municipio como espacios libres de humo, en el verano de 2025. Esta apuesta ha resultado clave para acoger la primera jornada de estas caracter\u00edsticas en el territorio.<\/p>\n<p data-start=\"1806\" data-end=\"2103\">Por este motivo, la concejala de Turismo Yolanda P\u00e9rez ha explicado c\u00f3mo se desarroll\u00f3 este proyecto, en una de las mesas redondas que han tenido lugar a lo largo de la ma\u00f1ana. Una jornada que tambi\u00e9n ha contado con la presencia de la concejala de Salut P\u00fablica del Ayuntamiento, Marimar Urisel.<\/p>\n<p data-start=\"2105\" data-end=\"2228\">La sesi\u00f3n ha finalizado con un debate abierto sobre los retos y oportunidades de futuro en la lucha contra el tabaquismo.<\/p>\n\n\t\t<!-- MasterSlider -->\n\t\t<div id=\"P_MS69f5ecca607b7\" class=\"master-slider-parent master-slider-gallery   ms-parent-id-0\"  >\n\n\t\t\t\n\t\t\t<!-- MasterSlider Main -->\n\t\t\t<div id=\"MS69f5ecca607b7\" class=\"master-slider ms-skin-default\" >\n\t\t\t\t \t\t\t\t \n\t\t\t<div  class=\"ms-slide\" data-delay=\"3\"    >\n\t\t\t\t\t<img decoding=\"async\" src=\"https:\/\/mont-roig.cat\/wp-content\/plugins\/masterslider\/public\/assets\/css\/blank.gif\" alt=\"taquisme6\" title=\"taquisme6\" data-src=\"https:\/\/mont-roig.cat\/wp-content\/uploadsArray\" \/>\n\t<a href=\"http:\/\/Array\" target=\"_self\"    >taquisme6<\/a>\n\n\t\t\t\t\t<div class=\"ms-info\">taquisme6<\/div>\n\n\n\t<img decoding=\"async\" class=\"ms-thumb\" src=\"https:\/\/mont-roig.cat\/wp-content\/uploadsArray\" alt=\"taquisme6\" \/>\n\t\t\t\t<\/div>\n\t\t\t<div  class=\"ms-slide\" data-delay=\"3\"    >\n\t\t\t\t\t<img decoding=\"async\" src=\"https:\/\/mont-roig.cat\/wp-content\/plugins\/masterslider\/public\/assets\/css\/blank.gif\" alt=\"Tabaquisme0\" title=\"Tabaquisme0\" data-src=\"https:\/\/mont-roig.cat\/wp-content\/uploadsArray\" \/>\n\t<a href=\"http:\/\/Array\" target=\"_self\"    >Tabaquisme0<\/a>\n\n\t\t\t\t\t<div class=\"ms-info\">Tabaquisme0<\/div>\n\n\n\t<img decoding=\"async\" class=\"ms-thumb\" src=\"https:\/\/mont-roig.cat\/wp-content\/uploadsArray\" alt=\"Tabaquisme0\" \/>\n\t\t\t\t<\/div>\n\t\t\t<div  class=\"ms-slide\" data-delay=\"3\"    >\n\t\t\t\t\t<img decoding=\"async\" src=\"https:\/\/mont-roig.cat\/wp-content\/plugins\/masterslider\/public\/assets\/css\/blank.gif\" alt=\"tacaquisme\" title=\"tacaquisme\" data-src=\"https:\/\/mont-roig.cat\/wp-content\/uploadsArray\" \/>\n\t<a href=\"http:\/\/Array\" target=\"_self\"    >tacaquisme<\/a>\n\n\t\t\t\t\t<div class=\"ms-info\">tacaquisme<\/div>\n\n\n\t<img decoding=\"async\" class=\"ms-thumb\" src=\"https:\/\/mont-roig.cat\/wp-content\/uploadsArray\" alt=\"tacaquisme\" \/>\n\t\t\t\t<\/div>\n\t\t\t<div  class=\"ms-slide\" data-delay=\"3\"    >\n\t\t\t\t\t<img decoding=\"async\" src=\"https:\/\/mont-roig.cat\/wp-content\/plugins\/masterslider\/public\/assets\/css\/blank.gif\" alt=\"tabaquisme8\" title=\"tabaquisme8\" data-src=\"https:\/\/mont-roig.cat\/wp-content\/uploadsArray\" \/>\n\t<a href=\"http:\/\/Array\" target=\"_self\"    >tabaquisme8<\/a>\n\n\t\t\t\t\t<div class=\"ms-info\">tabaquisme8<\/div>\n\n\n\t<img decoding=\"async\" class=\"ms-thumb\" src=\"https:\/\/mont-roig.cat\/wp-content\/uploadsArray\" alt=\"tabaquisme8\" \/>\n\t\t\t\t<\/div>\n\t\t\t<div  class=\"ms-slide\" data-delay=\"3\"    >\n\t\t\t\t\t<img decoding=\"async\" src=\"https:\/\/mont-roig.cat\/wp-content\/plugins\/masterslider\/public\/assets\/css\/blank.gif\" alt=\"Tabaquimes 2\" title=\"Tabaquimes 2\" data-src=\"https:\/\/mont-roig.cat\/wp-content\/uploadsArray\" \/>\n\t<a href=\"http:\/\/Array\" target=\"_self\"    >Tabaquimes 2<\/a>\n\n\t\t\t\t\t<div class=\"ms-info\">Tabaquimes 2<\/div>\n\n\n\t<img decoding=\"async\" class=\"ms-thumb\" src=\"https:\/\/mont-roig.cat\/wp-content\/uploadsArray\" alt=\"Tabaquimes 2\" \/>\n\t\t\t\t<\/div>\n\t\t\t<div  class=\"ms-slide\" data-delay=\"3\"    >\n\t\t\t\t\t<img decoding=\"async\" src=\"https:\/\/mont-roig.cat\/wp-content\/plugins\/masterslider\/public\/assets\/css\/blank.gif\" alt=\"tabaquisme2\" title=\"tabaquisme2\" data-src=\"https:\/\/mont-roig.cat\/wp-content\/uploadsArray\" \/>\n\t<a href=\"http:\/\/Array\" target=\"_self\"    >tabaquisme2<\/a>\n\n\t\t\t\t\t<div class=\"ms-info\">tabaquisme2<\/div>\n\n\n\t<img decoding=\"async\" class=\"ms-thumb\" src=\"https:\/\/mont-roig.cat\/wp-content\/uploadsArray\" alt=\"tabaquisme2\" \/>\n\t\t\t\t<\/div>\n\t\t\t<div  class=\"ms-slide\" data-delay=\"3\"    >\n\t\t\t\t\t<img decoding=\"async\" src=\"https:\/\/mont-roig.cat\/wp-content\/plugins\/masterslider\/public\/assets\/css\/blank.gif\" alt=\"Tabquisme4\" title=\"Tabquisme4\" data-src=\"https:\/\/mont-roig.cat\/wp-content\/uploadsArray\" \/>\n\t<a href=\"http:\/\/Array\" target=\"_self\"    >Tabquisme4<\/a>\n\n\t\t\t\t\t<div class=\"ms-info\">Tabquisme4<\/div>\n\n\n\t<img decoding=\"async\" class=\"ms-thumb\" src=\"https:\/\/mont-roig.cat\/wp-content\/uploadsArray\" alt=\"Tabquisme4\" \/>\n\t\t\t\t<\/div>\n\n\t\t\t<\/div>\n\t\t\t<!-- END MasterSlider Main -->\n\n\t\t\t \n\t\t<\/div>\n\t\t<!-- END MasterSlider -->\n\n\t\t<script>\n\t\t( window.MSReady = window.MSReady || [] ).push( function( $ ) {\n\n\t\t\t\"use strict\";\n\t\t\tvar masterslider_07b7 = new MasterSlider();\n\n\t\t\t\/\/ slider controls\n\t\t\tmasterslider_07b7.control('arrows'     ,{ autohide:true, overVideo:true  });\n\t\t\tmasterslider_07b7.control('thumblist'  ,{ autohide:false, overVideo:true, dir:'h', speed:17, inset:false, arrows:false, hover:false, customClass:'', align:'bottom',type:'thumbs', margin:2, width:140, height:80, space:2, fillMode:'fill'  });\n\t\t\tmasterslider_07b7.control('slideinfo'  ,{ autohide:true, overVideo:true, dir:'h', align:'bottom',inset:true , margin:80  , size:30 });\n\t\t\t\/\/ slider setup\n\t\t\tmasterslider_07b7.setup(\"MS69f5ecca607b7\", {\n\t\t\t\twidth           : 960,\n\t\t\t\theight          : 540,\n\t\t\t\tminHeight       : 0,\n\t\t\t\tspace           : 0,\n\t\t\t\tstart           : 1,\n\t\t\t\tgrabCursor      : true,\n\t\t\t\tswipe           : true,\n\t\t\t\tmouse           : true,\n\t\t\t\tkeyboard        : false,\n\t\t\t\tlayout          : \"fillwidth\",\n\t\t\t\twheel           : false,\n\t\t\t\tautoplay        : false,\n                instantStartLayers:false,\n\t\t\t\tmobileBGVideo:false,\n\t\t\t\tloop            : false,\n\t\t\t\tshuffle         : false,\n\t\t\t\tpreload         : 3,\n\t\t\t\theightLimit     : false,\n\t\t\t\tautoHeight      : false,\n\t\t\t\tsmoothHeight    : true,\n\t\t\t\tendPause        : false,\n\t\t\t\toverPause       : false,\n\t\t\t\tfillMode        : \"fill\",\n\t\t\t\tcenterControls  : true,\n\t\t\t\tstartOnAppear   : false,\n\t\t\t\tlayersMode      : \"center\",\n\t\t\t\tautofillTarget  : \"\",\n\t\t\t\thideLayers      : false,\n\t\t\t\tfullscreenMargin: 0,\n\t\t\t\tspeed           : 17,\n\t\t\t\tdir             : \"h\",\n\t\t\t\tparallaxMode    : 'swipe',\n\t\t\t\tview            : \"basic\"\n\t\t\t});\n\n\t\t\t\n\t\t\twindow.masterslider_instances = window.masterslider_instances || [];\n\t\t\twindow.masterslider_instances.push( masterslider_07b7 );\n\t\t});\n\t\t<\/script>\n\n\n<p>&nbsp;<\/p>\n","protected":false},"excerpt":{"rendered":"<p>La apuesta por unas playas libres de humo consolida el municipio como referente y sede de esta primera jornada organizada por el Departament de Salut Profesionales de la salud del Camp de Tarragona y las Terres de l\u2019Ebre se han dado cita este martes en el Ecoespai de Miami Platja en el marco de una [&hellip;]<\/p>\n","protected":false},"author":13,"featured_media":90368,"comment_status":"closed","ping_status":"closed","sticky":false,"template":"","format":"standard","meta":{"inline_featured_image":false,"_monsterinsights_skip_tracking":false,"_monsterinsights_sitenote_active":false,"_monsterinsights_sitenote_note":"","_monsterinsights_sitenote_category":0,"footnotes":""},"categories":[98,112,115],"tags":[],"class_list":["post-90378","post","type-post","status-publish","format-standard","has-post-thumbnail","hentry","category-ayuntamiento","category-sanidad-y-salud-publica","category-turismo"],"yoast_head":"<!-- This site is optimized with the Yoast SEO plugin v27.4 - https:\/\/yoast.com\/product\/yoast-seo-wordpress\/ -->\n<title>El Ecoespai de Miami Platja acoge una jornada sobre prevenci\u00f3n y control del tabaquismo en el territorio - Ajuntament de Mont-roig del Camp<\/title>\n<meta name=\"robots\" content=\"index, follow, max-snippet:-1, max-image-preview:large, max-video-preview:-1\" \/>\n<link rel=\"canonical\" href=\"https:\/\/mont-roig.cat\/es\/actualitat\/noticies\/el-ecoespai-de-miami-platja-acoge-una-jornada-sobre-prevencion-y-control-del-tabaquismo-en-el-territorio\/\" \/>\n<meta property=\"og:locale\" content=\"es_ES\" \/>\n<meta property=\"og:type\" content=\"article\" \/>\n<meta property=\"og:title\" content=\"El Ecoespai de Miami Platja acoge una jornada sobre prevenci\u00f3n y control del tabaquismo en el territorio - Ajuntament de Mont-roig del Camp\" \/>\n<meta property=\"og:description\" content=\"La apuesta por unas playas libres de humo consolida el municipio como referente y sede de esta primera jornada organizada por el Departament de Salut Profesionales de la salud del Camp de Tarragona y las Terres de l\u2019Ebre se han dado cita este martes en el Ecoespai de Miami Platja en el marco de una [&hellip;]\" \/>\n<meta property=\"og:url\" content=\"https:\/\/mont-roig.cat\/es\/actualitat\/noticies\/el-ecoespai-de-miami-platja-acoge-una-jornada-sobre-prevencion-y-control-del-tabaquismo-en-el-territorio\/\" \/>\n<meta property=\"og:site_name\" content=\"Ajuntament de Mont-roig del Camp\" \/>\n<meta property=\"article:published_time\" content=\"2026-03-24T15:12:31+00:00\" \/>\n<meta property=\"article:modified_time\" content=\"2026-03-24T15:26:43+00:00\" \/>\n<meta property=\"og:image\" content=\"https:\/\/mont-roig.cat\/wp-content\/uploads\/Tabaquisme_ok.jpeg\" \/>\n\t<meta property=\"og:image:width\" content=\"1600\" \/>\n\t<meta property=\"og:image:height\" content=\"900\" \/>\n\t<meta property=\"og:image:type\" content=\"image\/jpeg\" \/>\n<meta name=\"author\" content=\"comunicacio\" \/>\n<meta name=\"twitter:card\" content=\"summary_large_image\" \/>\n<meta name=\"twitter:label1\" content=\"Escrito por\" \/>\n\t<meta name=\"twitter:data1\" content=\"comunicacio\" \/>\n\t<meta name=\"twitter:label2\" content=\"Tiempo de lectura\" \/>\n\t<meta name=\"twitter:data2\" content=\"3 minutos\" \/>\n<script type=\"application\/ld+json\" class=\"yoast-schema-graph\">{\"@context\":\"https:\\\/\\\/schema.org\",\"@graph\":[{\"@type\":\"Article\",\"@id\":\"https:\\\/\\\/mont-roig.cat\\\/es\\\/actualitat\\\/noticies\\\/el-ecoespai-de-miami-platja-acoge-una-jornada-sobre-prevencion-y-control-del-tabaquismo-en-el-territorio\\\/#article\",\"isPartOf\":{\"@id\":\"https:\\\/\\\/mont-roig.cat\\\/es\\\/actualitat\\\/noticies\\\/el-ecoespai-de-miami-platja-acoge-una-jornada-sobre-prevencion-y-control-del-tabaquismo-en-el-territorio\\\/\"},\"author\":{\"name\":\"comunicacio\",\"@id\":\"https:\\\/\\\/mont-roig.cat\\\/es\\\/#\\\/schema\\\/person\\\/1f73e7b5e6f9dd122e8a6f14f310ac5e\"},\"headline\":\"El Ecoespai de Miami Platja acoge una jornada sobre prevenci\u00f3n y control del tabaquismo en el territorio\",\"datePublished\":\"2026-03-24T15:12:31+00:00\",\"dateModified\":\"2026-03-24T15:26:43+00:00\",\"mainEntityOfPage\":{\"@id\":\"https:\\\/\\\/mont-roig.cat\\\/es\\\/actualitat\\\/noticies\\\/el-ecoespai-de-miami-platja-acoge-una-jornada-sobre-prevencion-y-control-del-tabaquismo-en-el-territorio\\\/\"},\"wordCount\":411,\"image\":{\"@id\":\"https:\\\/\\\/mont-roig.cat\\\/es\\\/actualitat\\\/noticies\\\/el-ecoespai-de-miami-platja-acoge-una-jornada-sobre-prevencion-y-control-del-tabaquismo-en-el-territorio\\\/#primaryimage\"},\"thumbnailUrl\":\"https:\\\/\\\/mont-roig.cat\\\/wp-content\\\/uploads\\\/Tabaquisme_ok.jpeg\",\"articleSection\":[\"Ayuntamiento\",\"Sanidad y Salud p\u00fablica\",\"Turismo\"],\"inLanguage\":\"es\"},{\"@type\":\"WebPage\",\"@id\":\"https:\\\/\\\/mont-roig.cat\\\/es\\\/actualitat\\\/noticies\\\/el-ecoespai-de-miami-platja-acoge-una-jornada-sobre-prevencion-y-control-del-tabaquismo-en-el-territorio\\\/\",\"url\":\"https:\\\/\\\/mont-roig.cat\\\/es\\\/actualitat\\\/noticies\\\/el-ecoespai-de-miami-platja-acoge-una-jornada-sobre-prevencion-y-control-del-tabaquismo-en-el-territorio\\\/\",\"name\":\"El Ecoespai de Miami Platja acoge una jornada sobre prevenci\u00f3n y control del tabaquismo en el territorio - Ajuntament de Mont-roig del Camp\",\"isPartOf\":{\"@id\":\"https:\\\/\\\/mont-roig.cat\\\/es\\\/#website\"},\"primaryImageOfPage\":{\"@id\":\"https:\\\/\\\/mont-roig.cat\\\/es\\\/actualitat\\\/noticies\\\/el-ecoespai-de-miami-platja-acoge-una-jornada-sobre-prevencion-y-control-del-tabaquismo-en-el-territorio\\\/#primaryimage\"},\"image\":{\"@id\":\"https:\\\/\\\/mont-roig.cat\\\/es\\\/actualitat\\\/noticies\\\/el-ecoespai-de-miami-platja-acoge-una-jornada-sobre-prevencion-y-control-del-tabaquismo-en-el-territorio\\\/#primaryimage\"},\"thumbnailUrl\":\"https:\\\/\\\/mont-roig.cat\\\/wp-content\\\/uploads\\\/Tabaquisme_ok.jpeg\",\"datePublished\":\"2026-03-24T15:12:31+00:00\",\"dateModified\":\"2026-03-24T15:26:43+00:00\",\"author\":{\"@id\":\"https:\\\/\\\/mont-roig.cat\\\/es\\\/#\\\/schema\\\/person\\\/1f73e7b5e6f9dd122e8a6f14f310ac5e\"},\"breadcrumb\":{\"@id\":\"https:\\\/\\\/mont-roig.cat\\\/es\\\/actualitat\\\/noticies\\\/el-ecoespai-de-miami-platja-acoge-una-jornada-sobre-prevencion-y-control-del-tabaquismo-en-el-territorio\\\/#breadcrumb\"},\"inLanguage\":\"es\",\"potentialAction\":[{\"@type\":\"ReadAction\",\"target\":[\"https:\\\/\\\/mont-roig.cat\\\/es\\\/actualitat\\\/noticies\\\/el-ecoespai-de-miami-platja-acoge-una-jornada-sobre-prevencion-y-control-del-tabaquismo-en-el-territorio\\\/\"]}]},{\"@type\":\"ImageObject\",\"inLanguage\":\"es\",\"@id\":\"https:\\\/\\\/mont-roig.cat\\\/es\\\/actualitat\\\/noticies\\\/el-ecoespai-de-miami-platja-acoge-una-jornada-sobre-prevencion-y-control-del-tabaquismo-en-el-territorio\\\/#primaryimage\",\"url\":\"https:\\\/\\\/mont-roig.cat\\\/wp-content\\\/uploads\\\/Tabaquisme_ok.jpeg\",\"contentUrl\":\"https:\\\/\\\/mont-roig.cat\\\/wp-content\\\/uploads\\\/Tabaquisme_ok.jpeg\",\"width\":1600,\"height\":900},{\"@type\":\"BreadcrumbList\",\"@id\":\"https:\\\/\\\/mont-roig.cat\\\/es\\\/actualitat\\\/noticies\\\/el-ecoespai-de-miami-platja-acoge-una-jornada-sobre-prevencion-y-control-del-tabaquismo-en-el-territorio\\\/#breadcrumb\",\"itemListElement\":[{\"@type\":\"ListItem\",\"position\":1,\"name\":\"Inici\",\"item\":\"https:\\\/\\\/mont-roig.cat\\\/es\\\/pagina-de-inicio\\\/\"},{\"@type\":\"ListItem\",\"position\":2,\"name\":\"El Ecoespai de Miami Platja acoge una jornada sobre prevenci\u00f3n y control del tabaquismo en el territorio\"}]},{\"@type\":\"WebSite\",\"@id\":\"https:\\\/\\\/mont-roig.cat\\\/es\\\/#website\",\"url\":\"https:\\\/\\\/mont-roig.cat\\\/es\\\/\",\"name\":\"Ajuntament de Mont-roig del Camp\",\"description\":\"Tota la informaci\u00f3 sobre la instituci\u00f3, els seus \u00f2rgans de govern, actualitat, serveis i molt m\u00e9s.\",\"potentialAction\":[{\"@type\":\"SearchAction\",\"target\":{\"@type\":\"EntryPoint\",\"urlTemplate\":\"https:\\\/\\\/mont-roig.cat\\\/es\\\/?s={search_term_string}\"},\"query-input\":{\"@type\":\"PropertyValueSpecification\",\"valueRequired\":true,\"valueName\":\"search_term_string\"}}],\"inLanguage\":\"es\"},{\"@type\":\"Person\",\"@id\":\"https:\\\/\\\/mont-roig.cat\\\/es\\\/#\\\/schema\\\/person\\\/1f73e7b5e6f9dd122e8a6f14f310ac5e\",\"name\":\"comunicacio\",\"image\":{\"@type\":\"ImageObject\",\"inLanguage\":\"es\",\"@id\":\"https:\\\/\\\/secure.gravatar.com\\\/avatar\\\/98944333e7a877670a64f8d10f0cb680ab2c9ebc4efc43945ef004b52b5ad28c?s=96&d=mm&r=g\",\"url\":\"https:\\\/\\\/secure.gravatar.com\\\/avatar\\\/98944333e7a877670a64f8d10f0cb680ab2c9ebc4efc43945ef004b52b5ad28c?s=96&d=mm&r=g\",\"contentUrl\":\"https:\\\/\\\/secure.gravatar.com\\\/avatar\\\/98944333e7a877670a64f8d10f0cb680ab2c9ebc4efc43945ef004b52b5ad28c?s=96&d=mm&r=g\",\"caption\":\"comunicacio\"},\"url\":\"https:\\\/\\\/mont-roig.cat\\\/es\\\/actualitat\\\/noticies\\\/author\\\/comunicacio\\\/\"}]}<\/script>\n<!-- \/ Yoast SEO plugin. -->","yoast_head_json":{"title":"El Ecoespai de Miami Platja acoge una jornada sobre prevenci\u00f3n y control del tabaquismo en el territorio - Ajuntament de Mont-roig del Camp","robots":{"index":"index","follow":"follow","max-snippet":"max-snippet:-1","max-image-preview":"max-image-preview:large","max-video-preview":"max-video-preview:-1"},"canonical":"https:\/\/mont-roig.cat\/es\/actualitat\/noticies\/el-ecoespai-de-miami-platja-acoge-una-jornada-sobre-prevencion-y-control-del-tabaquismo-en-el-territorio\/","og_locale":"es_ES","og_type":"article","og_title":"El Ecoespai de Miami Platja acoge una jornada sobre prevenci\u00f3n y control del tabaquismo en el territorio - Ajuntament de Mont-roig del Camp","og_description":"La apuesta por unas playas libres de humo consolida el municipio como referente y sede de esta primera jornada organizada por el Departament de Salut Profesionales de la salud del Camp de Tarragona y las Terres de l\u2019Ebre se han dado cita este martes en el Ecoespai de Miami Platja en el marco de una [&hellip;]","og_url":"https:\/\/mont-roig.cat\/es\/actualitat\/noticies\/el-ecoespai-de-miami-platja-acoge-una-jornada-sobre-prevencion-y-control-del-tabaquismo-en-el-territorio\/","og_site_name":"Ajuntament de Mont-roig del Camp","article_published_time":"2026-03-24T15:12:31+00:00","article_modified_time":"2026-03-24T15:26:43+00:00","og_image":[{"width":1600,"height":900,"url":"https:\/\/mont-roig.cat\/wp-content\/uploads\/Tabaquisme_ok.jpeg","type":"image\/jpeg"}],"author":"comunicacio","twitter_card":"summary_large_image","twitter_misc":{"Escrito por":"comunicacio","Tiempo de lectura":"3 minutos"},"schema":{"@context":"https:\/\/schema.org","@graph":[{"@type":"Article","@id":"https:\/\/mont-roig.cat\/es\/actualitat\/noticies\/el-ecoespai-de-miami-platja-acoge-una-jornada-sobre-prevencion-y-control-del-tabaquismo-en-el-territorio\/#article","isPartOf":{"@id":"https:\/\/mont-roig.cat\/es\/actualitat\/noticies\/el-ecoespai-de-miami-platja-acoge-una-jornada-sobre-prevencion-y-control-del-tabaquismo-en-el-territorio\/"},"author":{"name":"comunicacio","@id":"https:\/\/mont-roig.cat\/es\/#\/schema\/person\/1f73e7b5e6f9dd122e8a6f14f310ac5e"},"headline":"El Ecoespai de Miami Platja acoge una jornada sobre prevenci\u00f3n y control del tabaquismo en el territorio","datePublished":"2026-03-24T15:12:31+00:00","dateModified":"2026-03-24T15:26:43+00:00","mainEntityOfPage":{"@id":"https:\/\/mont-roig.cat\/es\/actualitat\/noticies\/el-ecoespai-de-miami-platja-acoge-una-jornada-sobre-prevencion-y-control-del-tabaquismo-en-el-territorio\/"},"wordCount":411,"image":{"@id":"https:\/\/mont-roig.cat\/es\/actualitat\/noticies\/el-ecoespai-de-miami-platja-acoge-una-jornada-sobre-prevencion-y-control-del-tabaquismo-en-el-territorio\/#primaryimage"},"thumbnailUrl":"https:\/\/mont-roig.cat\/wp-content\/uploads\/Tabaquisme_ok.jpeg","articleSection":["Ayuntamiento","Sanidad y Salud p\u00fablica","Turismo"],"inLanguage":"es"},{"@type":"WebPage","@id":"https:\/\/mont-roig.cat\/es\/actualitat\/noticies\/el-ecoespai-de-miami-platja-acoge-una-jornada-sobre-prevencion-y-control-del-tabaquismo-en-el-territorio\/","url":"https:\/\/mont-roig.cat\/es\/actualitat\/noticies\/el-ecoespai-de-miami-platja-acoge-una-jornada-sobre-prevencion-y-control-del-tabaquismo-en-el-territorio\/","name":"El Ecoespai de Miami Platja acoge una jornada sobre prevenci\u00f3n y control del tabaquismo en el territorio - Ajuntament de Mont-roig del Camp","isPartOf":{"@id":"https:\/\/mont-roig.cat\/es\/#website"},"primaryImageOfPage":{"@id":"https:\/\/mont-roig.cat\/es\/actualitat\/noticies\/el-ecoespai-de-miami-platja-acoge-una-jornada-sobre-prevencion-y-control-del-tabaquismo-en-el-territorio\/#primaryimage"},"image":{"@id":"https:\/\/mont-roig.cat\/es\/actualitat\/noticies\/el-ecoespai-de-miami-platja-acoge-una-jornada-sobre-prevencion-y-control-del-tabaquismo-en-el-territorio\/#primaryimage"},"thumbnailUrl":"https:\/\/mont-roig.cat\/wp-content\/uploads\/Tabaquisme_ok.jpeg","datePublished":"2026-03-24T15:12:31+00:00","dateModified":"2026-03-24T15:26:43+00:00","author":{"@id":"https:\/\/mont-roig.cat\/es\/#\/schema\/person\/1f73e7b5e6f9dd122e8a6f14f310ac5e"},"breadcrumb":{"@id":"https:\/\/mont-roig.cat\/es\/actualitat\/noticies\/el-ecoespai-de-miami-platja-acoge-una-jornada-sobre-prevencion-y-control-del-tabaquismo-en-el-territorio\/#breadcrumb"},"inLanguage":"es","potentialAction":[{"@type":"ReadAction","target":["https:\/\/mont-roig.cat\/es\/actualitat\/noticies\/el-ecoespai-de-miami-platja-acoge-una-jornada-sobre-prevencion-y-control-del-tabaquismo-en-el-territorio\/"]}]},{"@type":"ImageObject","inLanguage":"es","@id":"https:\/\/mont-roig.cat\/es\/actualitat\/noticies\/el-ecoespai-de-miami-platja-acoge-una-jornada-sobre-prevencion-y-control-del-tabaquismo-en-el-territorio\/#primaryimage","url":"https:\/\/mont-roig.cat\/wp-content\/uploads\/Tabaquisme_ok.jpeg","contentUrl":"https:\/\/mont-roig.cat\/wp-content\/uploads\/Tabaquisme_ok.jpeg","width":1600,"height":900},{"@type":"BreadcrumbList","@id":"https:\/\/mont-roig.cat\/es\/actualitat\/noticies\/el-ecoespai-de-miami-platja-acoge-una-jornada-sobre-prevencion-y-control-del-tabaquismo-en-el-territorio\/#breadcrumb","itemListElement":[{"@type":"ListItem","position":1,"name":"Inici","item":"https:\/\/mont-roig.cat\/es\/pagina-de-inicio\/"},{"@type":"ListItem","position":2,"name":"El Ecoespai de Miami Platja acoge una jornada sobre prevenci\u00f3n y control del tabaquismo en el territorio"}]},{"@type":"WebSite","@id":"https:\/\/mont-roig.cat\/es\/#website","url":"https:\/\/mont-roig.cat\/es\/","name":"Ajuntament de Mont-roig del Camp","description":"Tota la informaci\u00f3 sobre la instituci\u00f3, els seus \u00f2rgans de govern, actualitat, serveis i molt m\u00e9s.","potentialAction":[{"@type":"SearchAction","target":{"@type":"EntryPoint","urlTemplate":"https:\/\/mont-roig.cat\/es\/?s={search_term_string}"},"query-input":{"@type":"PropertyValueSpecification","valueRequired":true,"valueName":"search_term_string"}}],"inLanguage":"es"},{"@type":"Person","@id":"https:\/\/mont-roig.cat\/es\/#\/schema\/person\/1f73e7b5e6f9dd122e8a6f14f310ac5e","name":"comunicacio","image":{"@type":"ImageObject","inLanguage":"es","@id":"https:\/\/secure.gravatar.com\/avatar\/98944333e7a877670a64f8d10f0cb680ab2c9ebc4efc43945ef004b52b5ad28c?s=96&d=mm&r=g","url":"https:\/\/secure.gravatar.com\/avatar\/98944333e7a877670a64f8d10f0cb680ab2c9ebc4efc43945ef004b52b5ad28c?s=96&d=mm&r=g","contentUrl":"https:\/\/secure.gravatar.com\/avatar\/98944333e7a877670a64f8d10f0cb680ab2c9ebc4efc43945ef004b52b5ad28c?s=96&d=mm&r=g","caption":"comunicacio"},"url":"https:\/\/mont-roig.cat\/es\/actualitat\/noticies\/author\/comunicacio\/"}]}},"_links":{"self":[{"href":"https:\/\/mont-roig.cat\/es\/wp-json\/wp\/v2\/posts\/90378","targetHints":{"allow":["GET"]}}],"collection":[{"href":"https:\/\/mont-roig.cat\/es\/wp-json\/wp\/v2\/posts"}],"about":[{"href":"https:\/\/mont-roig.cat\/es\/wp-json\/wp\/v2\/types\/post"}],"author":[{"embeddable":true,"href":"https:\/\/mont-roig.cat\/es\/wp-json\/wp\/v2\/users\/13"}],"replies":[{"embeddable":true,"href":"https:\/\/mont-roig.cat\/es\/wp-json\/wp\/v2\/comments?post=90378"}],"version-history":[{"count":1,"href":"https:\/\/mont-roig.cat\/es\/wp-json\/wp\/v2\/posts\/90378\/revisions"}],"predecessor-version":[{"id":90379,"href":"https:\/\/mont-roig.cat\/es\/wp-json\/wp\/v2\/posts\/90378\/revisions\/90379"}],"wp:featuredmedia":[{"embeddable":true,"href":"https:\/\/mont-roig.cat\/es\/wp-json\/wp\/v2\/media\/90368"}],"wp:attachment":[{"href":"https:\/\/mont-roig.cat\/es\/wp-json\/wp\/v2\/media?parent=90378"}],"wp:term":[{"taxonomy":"category","embeddable":true,"href":"https:\/\/mont-roig.cat\/es\/wp-json\/wp\/v2\/categories?post=90378"},{"taxonomy":"post_tag","embeddable":true,"href":"https:\/\/mont-roig.cat\/es\/wp-json\/wp\/v2\/tags?post=90378"}],"curies":[{"name":"wp","href":"https:\/\/api.w.org\/{rel}","templated":true}]}}