{"id":90409,"date":"2026-03-25T16:20:15","date_gmt":"2026-03-25T15:20:15","guid":{"rendered":"https:\/\/mont-roig.cat\/actualitat\/noticies\/lajuntament-es-desvincula-de-lacte-informatiu-sobre-lotte-del-dia-27-de-marc-i-lamenta-la-possible-confusio-generada\/"},"modified":"2026-03-25T16:26:15","modified_gmt":"2026-03-25T15:26:15","slug":"el-ayuntamiento-se-desvincula-del-acto-informativo-sobre-lotte-del-dia-27-de-marzo-y-lamenta-la-posible-confusion-generada","status":"publish","type":"post","link":"https:\/\/mont-roig.cat\/es\/actualitat\/noticies\/el-ayuntamiento-se-desvincula-del-acto-informativo-sobre-lotte-del-dia-27-de-marzo-y-lamenta-la-posible-confusion-generada\/","title":{"rendered":"El Ayuntamiento se desvincula del acto informativo sobre Lotte del d\u00eda 27 de marzo y lamenta la posible confusi\u00f3n generada."},"content":{"rendered":"<p><strong><strong><a href=\"https:\/\/mont-roig.cat\/wp-content\/uploads\/logo-1.jpg\"><img loading=\"lazy\" decoding=\"async\" class=\"alignright size-full wp-image-79375\" src=\"https:\/\/mont-roig.cat\/wp-content\/uploads\/logo-1.jpg\" alt=\"\" width=\"225\" height=\"225\" srcset=\"https:\/\/mont-roig.cat\/wp-content\/uploads\/logo-1.jpg 225w, https:\/\/mont-roig.cat\/wp-content\/uploads\/logo-1-50x50.jpg 50w, https:\/\/mont-roig.cat\/wp-content\/uploads\/logo-1-85x85.jpg 85w, https:\/\/mont-roig.cat\/wp-content\/uploads\/logo-1-45x45.jpg 45w\" sizes=\"auto, (max-width: 225px) 100vw, 225px\" \/><\/a><\/strong><\/strong><\/p>\n<ul>\n<li data-start=\"229\" data-end=\"550\"><strong>El Ayuntamiento de Mont-roig del Camp informa que no participa ni organiza el acto informativo previsto para el pr\u00f3ximo 27 de marzo en el Centro Polivalente de Miami Platja, relativo a la actividad de Lotte Energy Materials. La charla est\u00e1 organizada por Miami Platja Activa y el colectivo Salvem Mont-roig y GEPEC-EdC.<\/strong><\/li>\n<\/ul>\n<p data-start=\"552\" data-end=\"956\">El consistorio ha detectado que en el material de difusi\u00f3n del acto aparece el logotipo institucional del Ayuntamiento, un hecho que puede haber inducido a pensar que la organizaci\u00f3n de la charla cuenta con el apoyo o la participaci\u00f3n municipal. En este sentido, el Ayuntamiento se desvincula de esta iniciativa y lamenta la posible confusi\u00f3n que esta situaci\u00f3n haya podido generar entre la ciudadan\u00eda.<\/p>\n<p data-start=\"958\" data-end=\"1219\">Aun as\u00ed, el Ayuntamiento quiere reiterar que est\u00e1 abierto a la celebraci\u00f3n de espacios de debate p\u00fablico y participaci\u00f3n ciudadana sobre cuestiones de inter\u00e9s general, como es el caso de la implantaci\u00f3n de la f\u00e1brica de Lotte Energy Materials en el municipio.<\/p>\n<p data-start=\"1221\" data-end=\"1504\">En este sentido, el consistorio se pone a disposici\u00f3n de cualquier entidad organizadora para poder colaborar en futuras iniciativas, con la voluntad de planificarlas conjuntamente y garantizar as\u00ed una participaci\u00f3n institucional adecuada y una informaci\u00f3n clara para la ciudadan\u00eda.<\/p>\n<p>&nbsp;<\/p>\n","protected":false},"excerpt":{"rendered":"<p>El Ayuntamiento de Mont-roig del Camp informa que no participa ni organiza el acto informativo previsto para el pr\u00f3ximo 27 de marzo en el Centro Polivalente de Miami Platja, relativo a la actividad de Lotte Energy Materials. La charla est\u00e1 organizada por Miami Platja Activa y el colectivo Salvem Mont-roig y GEPEC-EdC. El consistorio ha [&hellip;]<\/p>\n","protected":false},"author":13,"featured_media":79376,"comment_status":"closed","ping_status":"closed","sticky":false,"template":"","format":"standard","meta":{"inline_featured_image":false,"_monsterinsights_skip_tracking":false,"_monsterinsights_sitenote_active":false,"_monsterinsights_sitenote_note":"","_monsterinsights_sitenote_category":0,"footnotes":""},"categories":[156,98,249],"tags":[],"class_list":["post-90409","post","type-post","status-publish","format-standard","has-post-thumbnail","hentry","category-alcalde-es","category-ayuntamiento","category-lotte-es-2"],"yoast_head":"<!-- This site is optimized with the Yoast SEO plugin v27.4 - https:\/\/yoast.com\/product\/yoast-seo-wordpress\/ -->\n<title>El Ayuntamiento se desvincula del acto informativo sobre Lotte del d\u00eda 27 de marzo y lamenta la posible confusi\u00f3n generada. - Ajuntament de Mont-roig del Camp<\/title>\n<meta name=\"robots\" content=\"index, follow, max-snippet:-1, max-image-preview:large, max-video-preview:-1\" \/>\n<link rel=\"canonical\" href=\"https:\/\/mont-roig.cat\/es\/actualitat\/noticies\/el-ayuntamiento-se-desvincula-del-acto-informativo-sobre-lotte-del-dia-27-de-marzo-y-lamenta-la-posible-confusion-generada\/\" \/>\n<meta property=\"og:locale\" content=\"es_ES\" \/>\n<meta property=\"og:type\" content=\"article\" \/>\n<meta property=\"og:title\" content=\"El Ayuntamiento se desvincula del acto informativo sobre Lotte del d\u00eda 27 de marzo y lamenta la posible confusi\u00f3n generada. - Ajuntament de Mont-roig del Camp\" \/>\n<meta property=\"og:description\" content=\"El Ayuntamiento de Mont-roig del Camp informa que no participa ni organiza el acto informativo previsto para el pr\u00f3ximo 27 de marzo en el Centro Polivalente de Miami Platja, relativo a la actividad de Lotte Energy Materials. La charla est\u00e1 organizada por Miami Platja Activa y el colectivo Salvem Mont-roig y GEPEC-EdC. El consistorio ha [&hellip;]\" \/>\n<meta property=\"og:url\" content=\"https:\/\/mont-roig.cat\/es\/actualitat\/noticies\/el-ayuntamiento-se-desvincula-del-acto-informativo-sobre-lotte-del-dia-27-de-marzo-y-lamenta-la-posible-confusion-generada\/\" \/>\n<meta property=\"og:site_name\" content=\"Ajuntament de Mont-roig del Camp\" \/>\n<meta property=\"article:published_time\" content=\"2026-03-25T15:20:15+00:00\" \/>\n<meta property=\"article:modified_time\" content=\"2026-03-25T15:26:15+00:00\" \/>\n<meta property=\"og:image\" content=\"https:\/\/mont-roig.cat\/wp-content\/uploads\/logo-1.jpg\" \/>\n\t<meta property=\"og:image:width\" content=\"225\" \/>\n\t<meta property=\"og:image:height\" content=\"225\" \/>\n\t<meta property=\"og:image:type\" content=\"image\/jpeg\" \/>\n<meta name=\"author\" content=\"comunicacio\" \/>\n<meta name=\"twitter:card\" content=\"summary_large_image\" \/>\n<meta name=\"twitter:label1\" content=\"Escrito por\" \/>\n\t<meta name=\"twitter:data1\" content=\"comunicacio\" \/>\n\t<meta name=\"twitter:label2\" content=\"Tiempo de lectura\" \/>\n\t<meta name=\"twitter:data2\" content=\"2 minutos\" \/>\n<script type=\"application\/ld+json\" class=\"yoast-schema-graph\">{\"@context\":\"https:\\\/\\\/schema.org\",\"@graph\":[{\"@type\":\"Article\",\"@id\":\"https:\\\/\\\/mont-roig.cat\\\/es\\\/actualitat\\\/noticies\\\/el-ayuntamiento-se-desvincula-del-acto-informativo-sobre-lotte-del-dia-27-de-marzo-y-lamenta-la-posible-confusion-generada\\\/#article\",\"isPartOf\":{\"@id\":\"https:\\\/\\\/mont-roig.cat\\\/es\\\/actualitat\\\/noticies\\\/el-ayuntamiento-se-desvincula-del-acto-informativo-sobre-lotte-del-dia-27-de-marzo-y-lamenta-la-posible-confusion-generada\\\/\"},\"author\":{\"name\":\"comunicacio\",\"@id\":\"https:\\\/\\\/mont-roig.cat\\\/es\\\/#\\\/schema\\\/person\\\/1f73e7b5e6f9dd122e8a6f14f310ac5e\"},\"headline\":\"El Ayuntamiento se desvincula del acto informativo sobre Lotte del d\u00eda 27 de marzo y lamenta la posible confusi\u00f3n generada.\",\"datePublished\":\"2026-03-25T15:20:15+00:00\",\"dateModified\":\"2026-03-25T15:26:15+00:00\",\"mainEntityOfPage\":{\"@id\":\"https:\\\/\\\/mont-roig.cat\\\/es\\\/actualitat\\\/noticies\\\/el-ayuntamiento-se-desvincula-del-acto-informativo-sobre-lotte-del-dia-27-de-marzo-y-lamenta-la-posible-confusion-generada\\\/\"},\"wordCount\":235,\"image\":{\"@id\":\"https:\\\/\\\/mont-roig.cat\\\/es\\\/actualitat\\\/noticies\\\/el-ayuntamiento-se-desvincula-del-acto-informativo-sobre-lotte-del-dia-27-de-marzo-y-lamenta-la-posible-confusion-generada\\\/#primaryimage\"},\"thumbnailUrl\":\"https:\\\/\\\/mont-roig.cat\\\/wp-content\\\/uploads\\\/logo-1.jpg\",\"articleSection\":[\"Alcalde\",\"Ayuntamiento\",\"Lotte\"],\"inLanguage\":\"es\"},{\"@type\":\"WebPage\",\"@id\":\"https:\\\/\\\/mont-roig.cat\\\/es\\\/actualitat\\\/noticies\\\/el-ayuntamiento-se-desvincula-del-acto-informativo-sobre-lotte-del-dia-27-de-marzo-y-lamenta-la-posible-confusion-generada\\\/\",\"url\":\"https:\\\/\\\/mont-roig.cat\\\/es\\\/actualitat\\\/noticies\\\/el-ayuntamiento-se-desvincula-del-acto-informativo-sobre-lotte-del-dia-27-de-marzo-y-lamenta-la-posible-confusion-generada\\\/\",\"name\":\"El Ayuntamiento se desvincula del acto informativo sobre Lotte del d\u00eda 27 de marzo y lamenta la posible confusi\u00f3n generada. - Ajuntament de Mont-roig del Camp\",\"isPartOf\":{\"@id\":\"https:\\\/\\\/mont-roig.cat\\\/es\\\/#website\"},\"primaryImageOfPage\":{\"@id\":\"https:\\\/\\\/mont-roig.cat\\\/es\\\/actualitat\\\/noticies\\\/el-ayuntamiento-se-desvincula-del-acto-informativo-sobre-lotte-del-dia-27-de-marzo-y-lamenta-la-posible-confusion-generada\\\/#primaryimage\"},\"image\":{\"@id\":\"https:\\\/\\\/mont-roig.cat\\\/es\\\/actualitat\\\/noticies\\\/el-ayuntamiento-se-desvincula-del-acto-informativo-sobre-lotte-del-dia-27-de-marzo-y-lamenta-la-posible-confusion-generada\\\/#primaryimage\"},\"thumbnailUrl\":\"https:\\\/\\\/mont-roig.cat\\\/wp-content\\\/uploads\\\/logo-1.jpg\",\"datePublished\":\"2026-03-25T15:20:15+00:00\",\"dateModified\":\"2026-03-25T15:26:15+00:00\",\"author\":{\"@id\":\"https:\\\/\\\/mont-roig.cat\\\/es\\\/#\\\/schema\\\/person\\\/1f73e7b5e6f9dd122e8a6f14f310ac5e\"},\"breadcrumb\":{\"@id\":\"https:\\\/\\\/mont-roig.cat\\\/es\\\/actualitat\\\/noticies\\\/el-ayuntamiento-se-desvincula-del-acto-informativo-sobre-lotte-del-dia-27-de-marzo-y-lamenta-la-posible-confusion-generada\\\/#breadcrumb\"},\"inLanguage\":\"es\",\"potentialAction\":[{\"@type\":\"ReadAction\",\"target\":[\"https:\\\/\\\/mont-roig.cat\\\/es\\\/actualitat\\\/noticies\\\/el-ayuntamiento-se-desvincula-del-acto-informativo-sobre-lotte-del-dia-27-de-marzo-y-lamenta-la-posible-confusion-generada\\\/\"]}]},{\"@type\":\"ImageObject\",\"inLanguage\":\"es\",\"@id\":\"https:\\\/\\\/mont-roig.cat\\\/es\\\/actualitat\\\/noticies\\\/el-ayuntamiento-se-desvincula-del-acto-informativo-sobre-lotte-del-dia-27-de-marzo-y-lamenta-la-posible-confusion-generada\\\/#primaryimage\",\"url\":\"https:\\\/\\\/mont-roig.cat\\\/wp-content\\\/uploads\\\/logo-1.jpg\",\"contentUrl\":\"https:\\\/\\\/mont-roig.cat\\\/wp-content\\\/uploads\\\/logo-1.jpg\",\"width\":225,\"height\":225},{\"@type\":\"BreadcrumbList\",\"@id\":\"https:\\\/\\\/mont-roig.cat\\\/es\\\/actualitat\\\/noticies\\\/el-ayuntamiento-se-desvincula-del-acto-informativo-sobre-lotte-del-dia-27-de-marzo-y-lamenta-la-posible-confusion-generada\\\/#breadcrumb\",\"itemListElement\":[{\"@type\":\"ListItem\",\"position\":1,\"name\":\"Inici\",\"item\":\"https:\\\/\\\/mont-roig.cat\\\/es\\\/pagina-de-inicio\\\/\"},{\"@type\":\"ListItem\",\"position\":2,\"name\":\"El Ayuntamiento se desvincula del acto informativo sobre Lotte del d\u00eda 27 de marzo y lamenta la posible confusi\u00f3n generada.\"}]},{\"@type\":\"WebSite\",\"@id\":\"https:\\\/\\\/mont-roig.cat\\\/es\\\/#website\",\"url\":\"https:\\\/\\\/mont-roig.cat\\\/es\\\/\",\"name\":\"Ajuntament de Mont-roig del Camp\",\"description\":\"Tota la informaci\u00f3 sobre la instituci\u00f3, els seus \u00f2rgans de govern, actualitat, serveis i molt m\u00e9s.\",\"potentialAction\":[{\"@type\":\"SearchAction\",\"target\":{\"@type\":\"EntryPoint\",\"urlTemplate\":\"https:\\\/\\\/mont-roig.cat\\\/es\\\/?s={search_term_string}\"},\"query-input\":{\"@type\":\"PropertyValueSpecification\",\"valueRequired\":true,\"valueName\":\"search_term_string\"}}],\"inLanguage\":\"es\"},{\"@type\":\"Person\",\"@id\":\"https:\\\/\\\/mont-roig.cat\\\/es\\\/#\\\/schema\\\/person\\\/1f73e7b5e6f9dd122e8a6f14f310ac5e\",\"name\":\"comunicacio\",\"image\":{\"@type\":\"ImageObject\",\"inLanguage\":\"es\",\"@id\":\"https:\\\/\\\/secure.gravatar.com\\\/avatar\\\/98944333e7a877670a64f8d10f0cb680ab2c9ebc4efc43945ef004b52b5ad28c?s=96&d=mm&r=g\",\"url\":\"https:\\\/\\\/secure.gravatar.com\\\/avatar\\\/98944333e7a877670a64f8d10f0cb680ab2c9ebc4efc43945ef004b52b5ad28c?s=96&d=mm&r=g\",\"contentUrl\":\"https:\\\/\\\/secure.gravatar.com\\\/avatar\\\/98944333e7a877670a64f8d10f0cb680ab2c9ebc4efc43945ef004b52b5ad28c?s=96&d=mm&r=g\",\"caption\":\"comunicacio\"},\"url\":\"https:\\\/\\\/mont-roig.cat\\\/es\\\/actualitat\\\/noticies\\\/author\\\/comunicacio\\\/\"}]}<\/script>\n<!-- \/ Yoast SEO plugin. -->","yoast_head_json":{"title":"El Ayuntamiento se desvincula del acto informativo sobre Lotte del d\u00eda 27 de marzo y lamenta la posible confusi\u00f3n generada. - Ajuntament de Mont-roig del Camp","robots":{"index":"index","follow":"follow","max-snippet":"max-snippet:-1","max-image-preview":"max-image-preview:large","max-video-preview":"max-video-preview:-1"},"canonical":"https:\/\/mont-roig.cat\/es\/actualitat\/noticies\/el-ayuntamiento-se-desvincula-del-acto-informativo-sobre-lotte-del-dia-27-de-marzo-y-lamenta-la-posible-confusion-generada\/","og_locale":"es_ES","og_type":"article","og_title":"El Ayuntamiento se desvincula del acto informativo sobre Lotte del d\u00eda 27 de marzo y lamenta la posible confusi\u00f3n generada. - Ajuntament de Mont-roig del Camp","og_description":"El Ayuntamiento de Mont-roig del Camp informa que no participa ni organiza el acto informativo previsto para el pr\u00f3ximo 27 de marzo en el Centro Polivalente de Miami Platja, relativo a la actividad de Lotte Energy Materials. La charla est\u00e1 organizada por Miami Platja Activa y el colectivo Salvem Mont-roig y GEPEC-EdC. El consistorio ha [&hellip;]","og_url":"https:\/\/mont-roig.cat\/es\/actualitat\/noticies\/el-ayuntamiento-se-desvincula-del-acto-informativo-sobre-lotte-del-dia-27-de-marzo-y-lamenta-la-posible-confusion-generada\/","og_site_name":"Ajuntament de Mont-roig del Camp","article_published_time":"2026-03-25T15:20:15+00:00","article_modified_time":"2026-03-25T15:26:15+00:00","og_image":[{"width":225,"height":225,"url":"https:\/\/mont-roig.cat\/wp-content\/uploads\/logo-1.jpg","type":"image\/jpeg"}],"author":"comunicacio","twitter_card":"summary_large_image","twitter_misc":{"Escrito por":"comunicacio","Tiempo de lectura":"2 minutos"},"schema":{"@context":"https:\/\/schema.org","@graph":[{"@type":"Article","@id":"https:\/\/mont-roig.cat\/es\/actualitat\/noticies\/el-ayuntamiento-se-desvincula-del-acto-informativo-sobre-lotte-del-dia-27-de-marzo-y-lamenta-la-posible-confusion-generada\/#article","isPartOf":{"@id":"https:\/\/mont-roig.cat\/es\/actualitat\/noticies\/el-ayuntamiento-se-desvincula-del-acto-informativo-sobre-lotte-del-dia-27-de-marzo-y-lamenta-la-posible-confusion-generada\/"},"author":{"name":"comunicacio","@id":"https:\/\/mont-roig.cat\/es\/#\/schema\/person\/1f73e7b5e6f9dd122e8a6f14f310ac5e"},"headline":"El Ayuntamiento se desvincula del acto informativo sobre Lotte del d\u00eda 27 de marzo y lamenta la posible confusi\u00f3n generada.","datePublished":"2026-03-25T15:20:15+00:00","dateModified":"2026-03-25T15:26:15+00:00","mainEntityOfPage":{"@id":"https:\/\/mont-roig.cat\/es\/actualitat\/noticies\/el-ayuntamiento-se-desvincula-del-acto-informativo-sobre-lotte-del-dia-27-de-marzo-y-lamenta-la-posible-confusion-generada\/"},"wordCount":235,"image":{"@id":"https:\/\/mont-roig.cat\/es\/actualitat\/noticies\/el-ayuntamiento-se-desvincula-del-acto-informativo-sobre-lotte-del-dia-27-de-marzo-y-lamenta-la-posible-confusion-generada\/#primaryimage"},"thumbnailUrl":"https:\/\/mont-roig.cat\/wp-content\/uploads\/logo-1.jpg","articleSection":["Alcalde","Ayuntamiento","Lotte"],"inLanguage":"es"},{"@type":"WebPage","@id":"https:\/\/mont-roig.cat\/es\/actualitat\/noticies\/el-ayuntamiento-se-desvincula-del-acto-informativo-sobre-lotte-del-dia-27-de-marzo-y-lamenta-la-posible-confusion-generada\/","url":"https:\/\/mont-roig.cat\/es\/actualitat\/noticies\/el-ayuntamiento-se-desvincula-del-acto-informativo-sobre-lotte-del-dia-27-de-marzo-y-lamenta-la-posible-confusion-generada\/","name":"El Ayuntamiento se desvincula del acto informativo sobre Lotte del d\u00eda 27 de marzo y lamenta la posible confusi\u00f3n generada. - Ajuntament de Mont-roig del Camp","isPartOf":{"@id":"https:\/\/mont-roig.cat\/es\/#website"},"primaryImageOfPage":{"@id":"https:\/\/mont-roig.cat\/es\/actualitat\/noticies\/el-ayuntamiento-se-desvincula-del-acto-informativo-sobre-lotte-del-dia-27-de-marzo-y-lamenta-la-posible-confusion-generada\/#primaryimage"},"image":{"@id":"https:\/\/mont-roig.cat\/es\/actualitat\/noticies\/el-ayuntamiento-se-desvincula-del-acto-informativo-sobre-lotte-del-dia-27-de-marzo-y-lamenta-la-posible-confusion-generada\/#primaryimage"},"thumbnailUrl":"https:\/\/mont-roig.cat\/wp-content\/uploads\/logo-1.jpg","datePublished":"2026-03-25T15:20:15+00:00","dateModified":"2026-03-25T15:26:15+00:00","author":{"@id":"https:\/\/mont-roig.cat\/es\/#\/schema\/person\/1f73e7b5e6f9dd122e8a6f14f310ac5e"},"breadcrumb":{"@id":"https:\/\/mont-roig.cat\/es\/actualitat\/noticies\/el-ayuntamiento-se-desvincula-del-acto-informativo-sobre-lotte-del-dia-27-de-marzo-y-lamenta-la-posible-confusion-generada\/#breadcrumb"},"inLanguage":"es","potentialAction":[{"@type":"ReadAction","target":["https:\/\/mont-roig.cat\/es\/actualitat\/noticies\/el-ayuntamiento-se-desvincula-del-acto-informativo-sobre-lotte-del-dia-27-de-marzo-y-lamenta-la-posible-confusion-generada\/"]}]},{"@type":"ImageObject","inLanguage":"es","@id":"https:\/\/mont-roig.cat\/es\/actualitat\/noticies\/el-ayuntamiento-se-desvincula-del-acto-informativo-sobre-lotte-del-dia-27-de-marzo-y-lamenta-la-posible-confusion-generada\/#primaryimage","url":"https:\/\/mont-roig.cat\/wp-content\/uploads\/logo-1.jpg","contentUrl":"https:\/\/mont-roig.cat\/wp-content\/uploads\/logo-1.jpg","width":225,"height":225},{"@type":"BreadcrumbList","@id":"https:\/\/mont-roig.cat\/es\/actualitat\/noticies\/el-ayuntamiento-se-desvincula-del-acto-informativo-sobre-lotte-del-dia-27-de-marzo-y-lamenta-la-posible-confusion-generada\/#breadcrumb","itemListElement":[{"@type":"ListItem","position":1,"name":"Inici","item":"https:\/\/mont-roig.cat\/es\/pagina-de-inicio\/"},{"@type":"ListItem","position":2,"name":"El Ayuntamiento se desvincula del acto informativo sobre Lotte del d\u00eda 27 de marzo y lamenta la posible confusi\u00f3n generada."}]},{"@type":"WebSite","@id":"https:\/\/mont-roig.cat\/es\/#website","url":"https:\/\/mont-roig.cat\/es\/","name":"Ajuntament de Mont-roig del Camp","description":"Tota la informaci\u00f3 sobre la instituci\u00f3, els seus \u00f2rgans de govern, actualitat, serveis i molt m\u00e9s.","potentialAction":[{"@type":"SearchAction","target":{"@type":"EntryPoint","urlTemplate":"https:\/\/mont-roig.cat\/es\/?s={search_term_string}"},"query-input":{"@type":"PropertyValueSpecification","valueRequired":true,"valueName":"search_term_string"}}],"inLanguage":"es"},{"@type":"Person","@id":"https:\/\/mont-roig.cat\/es\/#\/schema\/person\/1f73e7b5e6f9dd122e8a6f14f310ac5e","name":"comunicacio","image":{"@type":"ImageObject","inLanguage":"es","@id":"https:\/\/secure.gravatar.com\/avatar\/98944333e7a877670a64f8d10f0cb680ab2c9ebc4efc43945ef004b52b5ad28c?s=96&d=mm&r=g","url":"https:\/\/secure.gravatar.com\/avatar\/98944333e7a877670a64f8d10f0cb680ab2c9ebc4efc43945ef004b52b5ad28c?s=96&d=mm&r=g","contentUrl":"https:\/\/secure.gravatar.com\/avatar\/98944333e7a877670a64f8d10f0cb680ab2c9ebc4efc43945ef004b52b5ad28c?s=96&d=mm&r=g","caption":"comunicacio"},"url":"https:\/\/mont-roig.cat\/es\/actualitat\/noticies\/author\/comunicacio\/"}]}},"_links":{"self":[{"href":"https:\/\/mont-roig.cat\/es\/wp-json\/wp\/v2\/posts\/90409","targetHints":{"allow":["GET"]}}],"collection":[{"href":"https:\/\/mont-roig.cat\/es\/wp-json\/wp\/v2\/posts"}],"about":[{"href":"https:\/\/mont-roig.cat\/es\/wp-json\/wp\/v2\/types\/post"}],"author":[{"embeddable":true,"href":"https:\/\/mont-roig.cat\/es\/wp-json\/wp\/v2\/users\/13"}],"replies":[{"embeddable":true,"href":"https:\/\/mont-roig.cat\/es\/wp-json\/wp\/v2\/comments?post=90409"}],"version-history":[{"count":1,"href":"https:\/\/mont-roig.cat\/es\/wp-json\/wp\/v2\/posts\/90409\/revisions"}],"predecessor-version":[{"id":90410,"href":"https:\/\/mont-roig.cat\/es\/wp-json\/wp\/v2\/posts\/90409\/revisions\/90410"}],"wp:featuredmedia":[{"embeddable":true,"href":"https:\/\/mont-roig.cat\/es\/wp-json\/wp\/v2\/media\/79376"}],"wp:attachment":[{"href":"https:\/\/mont-roig.cat\/es\/wp-json\/wp\/v2\/media?parent=90409"}],"wp:term":[{"taxonomy":"category","embeddable":true,"href":"https:\/\/mont-roig.cat\/es\/wp-json\/wp\/v2\/categories?post=90409"},{"taxonomy":"post_tag","embeddable":true,"href":"https:\/\/mont-roig.cat\/es\/wp-json\/wp\/v2\/tags?post=90409"}],"curies":[{"name":"wp","href":"https:\/\/api.w.org\/{rel}","templated":true}]}}