{"id":90440,"date":"2026-03-25T16:31:53","date_gmt":"2026-03-25T15:31:53","guid":{"rendered":"https:\/\/mont-roig.cat\/actualitat\/noticies\/mont-roig-del-camp-viu-una-fita-historica-amb-sortida-de-la-tercera-etapa-de-la-volta-a-catalunya\/"},"modified":"2026-03-25T16:46:37","modified_gmt":"2026-03-25T15:46:37","slug":"mont-roig-del-camp-vive-un-hito-historico-con-la-salida-de-la-tercera-etapa-de-la-volta-a-catalunya","status":"publish","type":"post","link":"https:\/\/mont-roig.cat\/es\/actualitat\/noticies\/mont-roig-del-camp-vive-un-hito-historico-con-la-salida-de-la-tercera-etapa-de-la-volta-a-catalunya\/","title":{"rendered":"Mont-roig del Camp vive un hito hist\u00f3rico con la salida de la tercera etapa de la Volta a Catalunya"},"content":{"rendered":"<div id=\"attachment_90423\" style=\"width: 309px\" class=\"wp-caption alignright\"><a href=\"https:\/\/mont-roig.cat\/wp-content\/uploads\/Vota-sortida-scaled.jpeg\" target=\"_blank\" rel=\"noopener\"><img loading=\"lazy\" decoding=\"async\" aria-describedby=\"caption-attachment-90423\" class=\"wp-image-90423\" src=\"https:\/\/mont-roig.cat\/wp-content\/uploads\/Vota-sortida-500x375.jpeg\" alt=\"\" width=\"299\" height=\"224\" srcset=\"https:\/\/mont-roig.cat\/wp-content\/uploads\/Vota-sortida-500x375.jpeg 500w, https:\/\/mont-roig.cat\/wp-content\/uploads\/Vota-sortida-1024x768.jpeg 1024w, https:\/\/mont-roig.cat\/wp-content\/uploads\/Vota-sortida-768x576.jpeg 768w, https:\/\/mont-roig.cat\/wp-content\/uploads\/Vota-sortida-1536x1152.jpeg 1536w, https:\/\/mont-roig.cat\/wp-content\/uploads\/Vota-sortida-scaled.jpeg 2048w, https:\/\/mont-roig.cat\/wp-content\/uploads\/Vota-sortida-463x348.jpeg 463w\" sizes=\"auto, (max-width: 299px) 100vw, 299px\" \/><\/a><p id=\"caption-attachment-90423\" class=\"wp-caption-text\">La salida neutralizada se ha producido despu\u00e9s del corte de cinta institucional, encabezado por el alcalde de Mont-roig del Camp, Fran Morancho, acompa\u00f1ado del conseller d\u2019Esports de la Generalitat, Berni \u00c1lvarez; la presidenta de la Diputaci\u00f3, Noem\u00ed Llaurad\u00f3; el presidente del Patronat de Turisme, Enric Adell, y el director de la Volta, Rub\u00e8n Peris.<\/p><\/div>\n<div class=\"flex max-w-full flex-col gap-4 grow\">\n<div class=\"min-h-8 text-message relative flex w-full flex-col items-end gap-2 text-start break-words whitespace-normal outline-none keyboard-focused:focus-ring [.text-message+&amp;]:mt-1\" dir=\"auto\" tabindex=\"0\" data-message-author-role=\"assistant\" data-message-id=\"7fbb401b-aa0c-46a2-967e-5c24d0c54e8c\" data-message-model-slug=\"gpt-5-mini\" data-turn-start-message=\"true\">\n<div class=\"flex w-full flex-col gap-1 empty:hidden\">\n<div class=\"markdown prose dark:prose-invert w-full wrap-break-word light markdown-new-styling\">\n<ul>\n<li data-start=\"0\" data-end=\"284\"><strong>\u00a0Cientos de vecinos y vecinas y aficionados llenan las calles en una salida animada de la carrera marcada por la expectaci\u00f3n y la presencia de figuras internacionales del ciclismo<\/strong><\/li>\n<\/ul>\n<p data-start=\"286\" data-end=\"824\">Mont-roig del Camp ha sido este mediod\u00eda el escenario de un momento hist\u00f3rico con la salida de la tercera etapa de la Volta a Catalunya por primera vez en la historia, en una jornada que ha reunido a cientos de personas entre vecinos del municipio y visitantes de otras localidades. Los alrededores del vel\u00f3dromo Josep Florencio se han llenado de un ambiente festivo y participativo, con una destacada presencia de aficionados al ciclismo y miembros de clubes del territorio que no han querido perderse una cita de primer nivel mundial.<\/p>\n<p data-start=\"826\" data-end=\"1273\">La previa de la salida ha tenido un marcado car\u00e1cter pedag\u00f3gico y participativo, con la presencia de alumnos de primaria de la Escola Mare de D\u00e9u de la Roca y estudiantes de primero de ESO del Institut Antoni Ballester. Junto con los integrantes de la Escola de Ciclisme de Mont-roig, han podido acceder a un espacio habilitado donde han tenido la oportunidad de pedir aut\u00f3grafos y fotografiarse con los corredores despu\u00e9s del control de firmas.<\/p>\n<p data-start=\"1275\" data-end=\"1629\">La salida neutralizada se ha producido despu\u00e9s del corte de cinta institucional, encabezado por el alcalde de Mont-roig del Camp, Fran Morancho, acompa\u00f1ado del conseller d\u2019Esports de la Generalitat, Berni \u00c1lvarez; la presidenta de la Diputaci\u00f3, Noem\u00ed Llaurad\u00f3; el presidente del Patronat de Turisme, Enric Adell, y el director de la Volta, Rub\u00e8n Peris.<\/p>\n<p data-start=\"1631\" data-end=\"1841\">Un total de 159 corredores han tomado la salida de los 163 que iniciaron la competici\u00f3n, en un inicio de etapa que se ha desarrollado con normalidad y con una gran expectaci\u00f3n por parte del p\u00fablico asistente.<\/p>\n<div id=\"attachment_90429\" style=\"width: 309px\" class=\"wp-caption alignleft\"><a href=\"https:\/\/mont-roig.cat\/wp-content\/uploads\/vota-florencio-scaled.jpeg\" target=\"_blank\" rel=\"noopener\"><img loading=\"lazy\" decoding=\"async\" aria-describedby=\"caption-attachment-90429\" class=\"wp-image-90429\" src=\"https:\/\/mont-roig.cat\/wp-content\/uploads\/vota-florencio-500x375.jpeg\" alt=\"\" width=\"299\" height=\"224\" srcset=\"https:\/\/mont-roig.cat\/wp-content\/uploads\/vota-florencio-500x375.jpeg 500w, https:\/\/mont-roig.cat\/wp-content\/uploads\/vota-florencio-1024x768.jpeg 1024w, https:\/\/mont-roig.cat\/wp-content\/uploads\/vota-florencio-768x576.jpeg 768w, https:\/\/mont-roig.cat\/wp-content\/uploads\/vota-florencio-1536x1152.jpeg 1536w, https:\/\/mont-roig.cat\/wp-content\/uploads\/vota-florencio-scaled.jpeg 2048w, https:\/\/mont-roig.cat\/wp-content\/uploads\/vota-florencio-463x348.jpeg 463w\" sizes=\"auto, (max-width: 299px) 100vw, 299px\" \/><\/a><p id=\"caption-attachment-90429\" class=\"wp-caption-text\">La familia Florencio, antes de la salida de la Volta.<\/p><\/div>\n<p data-start=\"1843\" data-end=\"2183\"><strong>Reconocimiento a la familia Florencio<\/strong><br data-start=\"1880\" data-end=\"1883\" \/>Antes del inicio de la carrera, la organizaci\u00f3n ha querido rendir homenaje a la familia Florencio, con la presencia del exciclista Josep Florencio, as\u00ed como de sus hijos, los tambi\u00e9n excorredores N\u00faria Florencio y Josep Florencio, y del actual director deportivo del equipo Bahrain, Xavi Florencio.<\/p>\n<p data-start=\"2185\" data-end=\"2627\" data-is-last-node=\"\" data-is-only-node=\"\">La Volta a Catalunya, que ayer finalizaba en Vila-seca, destaca este a\u00f1o por la participaci\u00f3n de grandes figuras del ciclismo internacional, como el dan\u00e9s Jonas Vingegaard, doble campe\u00f3n del Tour de Francia y vigente ganador de la Vuelta a Espa\u00f1a, que debuta en esta edici\u00f3n. A su lado, nombres como Remco Evenepoel o Jo\u00e3o Almeida contribuyen a elevar el nivel competitivo de una prueba que re\u00fane a algunos de los mejores ciclistas del mundo.<\/p>\n<\/div>\n<\/div>\n<\/div>\n<\/div>\n<div class=\"z-0 flex min-h-[46px] justify-start\"><\/div>\n<div class=\"mt-3 w-full empty:hidden\">\n<div class=\"text-center\">\n<div>\n<div class=\"inline-flex border border-gray-100 dark:border-gray-700 rounded-xl\">\n<div class=\"bg-token-main-surface-tertiary w-px flex-1 self-stretch\"><\/div>\n<\/div>\n<\/div>\n<\/div>\n<\/div>\n\n\t\t<!-- MasterSlider -->\n\t\t<div id=\"P_MS69f4f33ab8c26\" class=\"master-slider-parent master-slider-gallery   ms-parent-id-0\"  >\n\n\t\t\t\n\t\t\t<!-- MasterSlider Main -->\n\t\t\t<div id=\"MS69f4f33ab8c26\" class=\"master-slider ms-skin-default\" >\n\t\t\t\t \t\t\t\t \n\t\t\t<div  class=\"ms-slide\" data-delay=\"3\"    >\n\t\t\t\t\t<img decoding=\"async\" src=\"https:\/\/mont-roig.cat\/wp-content\/plugins\/masterslider\/public\/assets\/css\/blank.gif\" alt=\"vota 7\" title=\"vota 7\" data-src=\"https:\/\/mont-roig.cat\/wp-content\/uploadsArray\" \/>\n\t<a href=\"http:\/\/Array\" target=\"_self\"    >vota 7<\/a>\n\n\t\t\t\t\t<div class=\"ms-info\">vota 7<\/div>\n\n\n\t<img decoding=\"async\" class=\"ms-thumb\" src=\"https:\/\/mont-roig.cat\/wp-content\/uploadsArray\" alt=\"vota 7\" \/>\n\t\t\t\t<\/div>\n\t\t\t<div  class=\"ms-slide\" data-delay=\"3\"    >\n\t\t\t\t\t<img decoding=\"async\" src=\"https:\/\/mont-roig.cat\/wp-content\/plugins\/masterslider\/public\/assets\/css\/blank.gif\" alt=\"vota 6\" title=\"vota 6\" data-src=\"https:\/\/mont-roig.cat\/wp-content\/uploadsArray\" \/>\n\t<a href=\"http:\/\/Array\" target=\"_self\"    >vota 6<\/a>\n\n\t\t\t\t\t<div class=\"ms-info\">vota 6<\/div>\n\n\n\t<img decoding=\"async\" class=\"ms-thumb\" src=\"https:\/\/mont-roig.cat\/wp-content\/uploadsArray\" alt=\"vota 6\" \/>\n\t\t\t\t<\/div>\n\t\t\t<div  class=\"ms-slide\" data-delay=\"3\"    >\n\t\t\t\t\t<img decoding=\"async\" src=\"https:\/\/mont-roig.cat\/wp-content\/plugins\/masterslider\/public\/assets\/css\/blank.gif\" alt=\"Volta 9\" title=\"Volta 9\" data-src=\"https:\/\/mont-roig.cat\/wp-content\/uploadsArray\" \/>\n\t<a href=\"http:\/\/Array\" target=\"_self\"    >Volta 9<\/a>\n\n\t\t\t\t\t<div class=\"ms-info\">Volta 9<\/div>\n\n\n\t<img decoding=\"async\" class=\"ms-thumb\" src=\"https:\/\/mont-roig.cat\/wp-content\/uploadsArray\" alt=\"Volta 9\" \/>\n\t\t\t\t<\/div>\n\t\t\t<div  class=\"ms-slide\" data-delay=\"3\"    >\n\t\t\t\t\t<img decoding=\"async\" src=\"https:\/\/mont-roig.cat\/wp-content\/plugins\/masterslider\/public\/assets\/css\/blank.gif\" alt=\"vota 4\" title=\"vota 4\" data-src=\"https:\/\/mont-roig.cat\/wp-content\/uploadsArray\" \/>\n\t<a href=\"http:\/\/Array\" target=\"_self\"    >vota 4<\/a>\n\n\t\t\t\t\t<div class=\"ms-info\">vota 4<\/div>\n\n\n\t<img decoding=\"async\" class=\"ms-thumb\" src=\"https:\/\/mont-roig.cat\/wp-content\/uploadsArray\" alt=\"vota 4\" \/>\n\t\t\t\t<\/div>\n\t\t\t<div  class=\"ms-slide\" data-delay=\"3\"    >\n\t\t\t\t\t<img decoding=\"async\" src=\"https:\/\/mont-roig.cat\/wp-content\/plugins\/masterslider\/public\/assets\/css\/blank.gif\" alt=\"Vota2\" title=\"Vota2\" data-src=\"https:\/\/mont-roig.cat\/wp-content\/uploadsArray\" \/>\n\t<a href=\"http:\/\/Array\" target=\"_self\"    >Vota2<\/a>\n\n\t\t\t\t\t<div class=\"ms-info\">Vota2<\/div>\n\n\n\t<img decoding=\"async\" class=\"ms-thumb\" src=\"https:\/\/mont-roig.cat\/wp-content\/uploadsArray\" alt=\"Vota2\" \/>\n\t\t\t\t<\/div>\n\t\t\t<div  class=\"ms-slide\" data-delay=\"3\"    >\n\t\t\t\t\t<img decoding=\"async\" src=\"https:\/\/mont-roig.cat\/wp-content\/plugins\/masterslider\/public\/assets\/css\/blank.gif\" alt=\"vota 10\" title=\"vota 10\" data-src=\"https:\/\/mont-roig.cat\/wp-content\/uploadsArray\" \/>\n\t<a href=\"http:\/\/Array\" target=\"_self\"    >vota 10<\/a>\n\n\t\t\t\t\t<div class=\"ms-info\">vota 10<\/div>\n\n\n\t<img decoding=\"async\" class=\"ms-thumb\" src=\"https:\/\/mont-roig.cat\/wp-content\/uploadsArray\" alt=\"vota 10\" \/>\n\t\t\t\t<\/div>\n\t\t\t<div  class=\"ms-slide\" data-delay=\"3\"    >\n\t\t\t\t\t<img decoding=\"async\" src=\"https:\/\/mont-roig.cat\/wp-content\/plugins\/masterslider\/public\/assets\/css\/blank.gif\" alt=\"volta 5\" title=\"volta 5\" data-src=\"https:\/\/mont-roig.cat\/wp-content\/uploadsArray\" \/>\n\t<a href=\"http:\/\/Array\" target=\"_self\"    >volta 5<\/a>\n\n\t\t\t\t\t<div class=\"ms-info\">volta 5<\/div>\n\n\n\t<img decoding=\"async\" class=\"ms-thumb\" src=\"https:\/\/mont-roig.cat\/wp-content\/uploadsArray\" alt=\"volta 5\" \/>\n\t\t\t\t<\/div>\n\t\t\t<div  class=\"ms-slide\" data-delay=\"3\"    >\n\t\t\t\t\t<img decoding=\"async\" src=\"https:\/\/mont-roig.cat\/wp-content\/plugins\/masterslider\/public\/assets\/css\/blank.gif\" alt=\"vota florencio\" title=\"vota florencio\" data-src=\"https:\/\/mont-roig.cat\/wp-content\/uploadsArray\" \/>\n\t<a href=\"http:\/\/Array\" target=\"_self\"    >vota florencio<\/a>\n\n\t\t\t\t\t<div class=\"ms-info\">vota florencio<\/div>\n\n\n\t<img decoding=\"async\" class=\"ms-thumb\" src=\"https:\/\/mont-roig.cat\/wp-content\/uploadsArray\" alt=\"vota florencio\" \/>\n\t\t\t\t<\/div>\n\t\t\t<div  class=\"ms-slide\" data-delay=\"3\"    >\n\t\t\t\t\t<img decoding=\"async\" src=\"https:\/\/mont-roig.cat\/wp-content\/plugins\/masterslider\/public\/assets\/css\/blank.gif\" alt=\"Vota 11\" title=\"Vota 11\" data-src=\"https:\/\/mont-roig.cat\/wp-content\/uploadsArray\" \/>\n\t<a href=\"http:\/\/Array\" target=\"_self\"    >Vota 11<\/a>\n\n\t\t\t\t\t<div class=\"ms-info\">Vota 11<\/div>\n\n\n\t<img decoding=\"async\" class=\"ms-thumb\" src=\"https:\/\/mont-roig.cat\/wp-content\/uploadsArray\" alt=\"Vota 11\" \/>\n\t\t\t\t<\/div>\n\t\t\t<div  class=\"ms-slide\" data-delay=\"3\"    >\n\t\t\t\t\t<img decoding=\"async\" src=\"https:\/\/mont-roig.cat\/wp-content\/plugins\/masterslider\/public\/assets\/css\/blank.gif\" alt=\"volta3\" title=\"volta3\" data-src=\"https:\/\/mont-roig.cat\/wp-content\/uploadsArray\" \/>\n\t<a href=\"http:\/\/Array\" target=\"_self\"    >volta3<\/a>\n\n\t\t\t\t\t<div class=\"ms-info\">volta3<\/div>\n\n\n\t<img decoding=\"async\" class=\"ms-thumb\" src=\"https:\/\/mont-roig.cat\/wp-content\/uploadsArray\" alt=\"volta3\" \/>\n\t\t\t\t<\/div>\n\t\t\t<div  class=\"ms-slide\" data-delay=\"3\"    >\n\t\t\t\t\t<img decoding=\"async\" src=\"https:\/\/mont-roig.cat\/wp-content\/plugins\/masterslider\/public\/assets\/css\/blank.gif\" alt=\"volta 8\" title=\"volta 8\" data-src=\"https:\/\/mont-roig.cat\/wp-content\/uploadsArray\" \/>\n\t<a href=\"http:\/\/Array\" target=\"_self\"    >volta 8<\/a>\n\n\t\t\t\t\t<div class=\"ms-info\">volta 8<\/div>\n\n\n\t<img decoding=\"async\" class=\"ms-thumb\" src=\"https:\/\/mont-roig.cat\/wp-content\/uploadsArray\" alt=\"volta 8\" \/>\n\t\t\t\t<\/div>\n\n\t\t\t<\/div>\n\t\t\t<!-- END MasterSlider Main -->\n\n\t\t\t \n\t\t<\/div>\n\t\t<!-- END MasterSlider -->\n\n\t\t<script>\n\t\t( window.MSReady = window.MSReady || [] ).push( function( $ ) {\n\n\t\t\t\"use strict\";\n\t\t\tvar masterslider_8c26 = new MasterSlider();\n\n\t\t\t\/\/ slider controls\n\t\t\tmasterslider_8c26.control('arrows'     ,{ autohide:true, overVideo:true  });\n\t\t\tmasterslider_8c26.control('thumblist'  ,{ autohide:false, overVideo:true, dir:'h', speed:17, inset:false, arrows:false, hover:false, customClass:'', align:'bottom',type:'thumbs', margin:2, width:140, height:80, space:2, fillMode:'fill'  });\n\t\t\tmasterslider_8c26.control('slideinfo'  ,{ autohide:true, overVideo:true, dir:'h', align:'bottom',inset:true , margin:80  , size:30 });\n\t\t\t\/\/ slider setup\n\t\t\tmasterslider_8c26.setup(\"MS69f4f33ab8c26\", {\n\t\t\t\twidth           : 960,\n\t\t\t\theight          : 540,\n\t\t\t\tminHeight       : 0,\n\t\t\t\tspace           : 0,\n\t\t\t\tstart           : 1,\n\t\t\t\tgrabCursor      : true,\n\t\t\t\tswipe           : true,\n\t\t\t\tmouse           : true,\n\t\t\t\tkeyboard        : false,\n\t\t\t\tlayout          : \"fillwidth\",\n\t\t\t\twheel           : false,\n\t\t\t\tautoplay        : false,\n                instantStartLayers:false,\n\t\t\t\tmobileBGVideo:false,\n\t\t\t\tloop            : false,\n\t\t\t\tshuffle         : false,\n\t\t\t\tpreload         : 3,\n\t\t\t\theightLimit     : false,\n\t\t\t\tautoHeight      : false,\n\t\t\t\tsmoothHeight    : true,\n\t\t\t\tendPause        : false,\n\t\t\t\toverPause       : false,\n\t\t\t\tfillMode        : \"fill\",\n\t\t\t\tcenterControls  : true,\n\t\t\t\tstartOnAppear   : false,\n\t\t\t\tlayersMode      : \"center\",\n\t\t\t\tautofillTarget  : \"\",\n\t\t\t\thideLayers      : false,\n\t\t\t\tfullscreenMargin: 0,\n\t\t\t\tspeed           : 17,\n\t\t\t\tdir             : \"h\",\n\t\t\t\tparallaxMode    : 'swipe',\n\t\t\t\tview            : \"basic\"\n\t\t\t});\n\n\t\t\t\n\t\t\twindow.masterslider_instances = window.masterslider_instances || [];\n\t\t\twindow.masterslider_instances.push( masterslider_8c26 );\n\t\t});\n\t\t<\/script>\n\n\n<p>&nbsp;<\/p>\n","protected":false},"excerpt":{"rendered":"<p>\u00a0Cientos de vecinos y vecinas y aficionados llenan las calles en una salida animada de la carrera marcada por la expectaci\u00f3n y la presencia de figuras internacionales del ciclismo Mont-roig del Camp ha sido este mediod\u00eda el escenario de un momento hist\u00f3rico con la salida de la tercera etapa de la Volta a Catalunya por [&hellip;]<\/p>\n","protected":false},"author":13,"featured_media":90427,"comment_status":"closed","ping_status":"closed","sticky":false,"template":"","format":"standard","meta":{"inline_featured_image":false,"_monsterinsights_skip_tracking":false,"_monsterinsights_sitenote_active":false,"_monsterinsights_sitenote_note":"","_monsterinsights_sitenote_category":0,"footnotes":""},"categories":[98,104],"tags":[],"class_list":["post-90440","post","type-post","status-publish","format-standard","has-post-thumbnail","hentry","category-ayuntamiento","category-deportes"],"yoast_head":"<!-- This site is optimized with the Yoast SEO plugin v27.4 - https:\/\/yoast.com\/product\/yoast-seo-wordpress\/ -->\n<title>Mont-roig del Camp vive un hito hist\u00f3rico con la salida de la tercera etapa de la Volta a Catalunya - Ajuntament de Mont-roig del Camp<\/title>\n<meta name=\"robots\" content=\"index, follow, max-snippet:-1, max-image-preview:large, max-video-preview:-1\" \/>\n<link rel=\"canonical\" href=\"https:\/\/mont-roig.cat\/es\/actualitat\/noticies\/mont-roig-del-camp-vive-un-hito-historico-con-la-salida-de-la-tercera-etapa-de-la-volta-a-catalunya\/\" \/>\n<meta property=\"og:locale\" content=\"es_ES\" \/>\n<meta property=\"og:type\" content=\"article\" \/>\n<meta property=\"og:title\" content=\"Mont-roig del Camp vive un hito hist\u00f3rico con la salida de la tercera etapa de la Volta a Catalunya - Ajuntament de Mont-roig del Camp\" \/>\n<meta property=\"og:description\" content=\"\u00a0Cientos de vecinos y vecinas y aficionados llenan las calles en una salida animada de la carrera marcada por la expectaci\u00f3n y la presencia de figuras internacionales del ciclismo Mont-roig del Camp ha sido este mediod\u00eda el escenario de un momento hist\u00f3rico con la salida de la tercera etapa de la Volta a Catalunya por [&hellip;]\" \/>\n<meta property=\"og:url\" content=\"https:\/\/mont-roig.cat\/es\/actualitat\/noticies\/mont-roig-del-camp-vive-un-hito-historico-con-la-salida-de-la-tercera-etapa-de-la-volta-a-catalunya\/\" \/>\n<meta property=\"og:site_name\" content=\"Ajuntament de Mont-roig del Camp\" \/>\n<meta property=\"article:published_time\" content=\"2026-03-25T15:31:53+00:00\" \/>\n<meta property=\"article:modified_time\" content=\"2026-03-25T15:46:37+00:00\" \/>\n<meta property=\"og:image\" content=\"https:\/\/mont-roig.cat\/wp-content\/uploads\/Vota-sortida-scaled.jpeg\" \/>\n\t<meta property=\"og:image:width\" content=\"2048\" \/>\n\t<meta property=\"og:image:height\" content=\"1536\" \/>\n\t<meta property=\"og:image:type\" content=\"image\/jpeg\" \/>\n<meta name=\"author\" content=\"comunicacio\" \/>\n<meta name=\"twitter:card\" content=\"summary_large_image\" \/>\n<meta name=\"twitter:label1\" content=\"Escrito por\" \/>\n\t<meta name=\"twitter:data1\" content=\"comunicacio\" \/>\n\t<meta name=\"twitter:label2\" content=\"Tiempo de lectura\" \/>\n\t<meta name=\"twitter:data2\" content=\"4 minutos\" \/>\n<script type=\"application\/ld+json\" class=\"yoast-schema-graph\">{\"@context\":\"https:\\\/\\\/schema.org\",\"@graph\":[{\"@type\":\"Article\",\"@id\":\"https:\\\/\\\/mont-roig.cat\\\/es\\\/actualitat\\\/noticies\\\/mont-roig-del-camp-vive-un-hito-historico-con-la-salida-de-la-tercera-etapa-de-la-volta-a-catalunya\\\/#article\",\"isPartOf\":{\"@id\":\"https:\\\/\\\/mont-roig.cat\\\/es\\\/actualitat\\\/noticies\\\/mont-roig-del-camp-vive-un-hito-historico-con-la-salida-de-la-tercera-etapa-de-la-volta-a-catalunya\\\/\"},\"author\":{\"name\":\"comunicacio\",\"@id\":\"https:\\\/\\\/mont-roig.cat\\\/es\\\/#\\\/schema\\\/person\\\/1f73e7b5e6f9dd122e8a6f14f310ac5e\"},\"headline\":\"Mont-roig del Camp vive un hito hist\u00f3rico con la salida de la tercera etapa de la Volta a Catalunya\",\"datePublished\":\"2026-03-25T15:31:53+00:00\",\"dateModified\":\"2026-03-25T15:46:37+00:00\",\"mainEntityOfPage\":{\"@id\":\"https:\\\/\\\/mont-roig.cat\\\/es\\\/actualitat\\\/noticies\\\/mont-roig-del-camp-vive-un-hito-historico-con-la-salida-de-la-tercera-etapa-de-la-volta-a-catalunya\\\/\"},\"wordCount\":549,\"image\":{\"@id\":\"https:\\\/\\\/mont-roig.cat\\\/es\\\/actualitat\\\/noticies\\\/mont-roig-del-camp-vive-un-hito-historico-con-la-salida-de-la-tercera-etapa-de-la-volta-a-catalunya\\\/#primaryimage\"},\"thumbnailUrl\":\"https:\\\/\\\/mont-roig.cat\\\/wp-content\\\/uploads\\\/Vota-sortida-scaled.jpeg\",\"articleSection\":[\"Ayuntamiento\",\"Deportes\"],\"inLanguage\":\"es\"},{\"@type\":\"WebPage\",\"@id\":\"https:\\\/\\\/mont-roig.cat\\\/es\\\/actualitat\\\/noticies\\\/mont-roig-del-camp-vive-un-hito-historico-con-la-salida-de-la-tercera-etapa-de-la-volta-a-catalunya\\\/\",\"url\":\"https:\\\/\\\/mont-roig.cat\\\/es\\\/actualitat\\\/noticies\\\/mont-roig-del-camp-vive-un-hito-historico-con-la-salida-de-la-tercera-etapa-de-la-volta-a-catalunya\\\/\",\"name\":\"Mont-roig del Camp vive un hito hist\u00f3rico con la salida de la tercera etapa de la Volta a Catalunya - Ajuntament de Mont-roig del Camp\",\"isPartOf\":{\"@id\":\"https:\\\/\\\/mont-roig.cat\\\/es\\\/#website\"},\"primaryImageOfPage\":{\"@id\":\"https:\\\/\\\/mont-roig.cat\\\/es\\\/actualitat\\\/noticies\\\/mont-roig-del-camp-vive-un-hito-historico-con-la-salida-de-la-tercera-etapa-de-la-volta-a-catalunya\\\/#primaryimage\"},\"image\":{\"@id\":\"https:\\\/\\\/mont-roig.cat\\\/es\\\/actualitat\\\/noticies\\\/mont-roig-del-camp-vive-un-hito-historico-con-la-salida-de-la-tercera-etapa-de-la-volta-a-catalunya\\\/#primaryimage\"},\"thumbnailUrl\":\"https:\\\/\\\/mont-roig.cat\\\/wp-content\\\/uploads\\\/Vota-sortida-scaled.jpeg\",\"datePublished\":\"2026-03-25T15:31:53+00:00\",\"dateModified\":\"2026-03-25T15:46:37+00:00\",\"author\":{\"@id\":\"https:\\\/\\\/mont-roig.cat\\\/es\\\/#\\\/schema\\\/person\\\/1f73e7b5e6f9dd122e8a6f14f310ac5e\"},\"breadcrumb\":{\"@id\":\"https:\\\/\\\/mont-roig.cat\\\/es\\\/actualitat\\\/noticies\\\/mont-roig-del-camp-vive-un-hito-historico-con-la-salida-de-la-tercera-etapa-de-la-volta-a-catalunya\\\/#breadcrumb\"},\"inLanguage\":\"es\",\"potentialAction\":[{\"@type\":\"ReadAction\",\"target\":[\"https:\\\/\\\/mont-roig.cat\\\/es\\\/actualitat\\\/noticies\\\/mont-roig-del-camp-vive-un-hito-historico-con-la-salida-de-la-tercera-etapa-de-la-volta-a-catalunya\\\/\"]}]},{\"@type\":\"ImageObject\",\"inLanguage\":\"es\",\"@id\":\"https:\\\/\\\/mont-roig.cat\\\/es\\\/actualitat\\\/noticies\\\/mont-roig-del-camp-vive-un-hito-historico-con-la-salida-de-la-tercera-etapa-de-la-volta-a-catalunya\\\/#primaryimage\",\"url\":\"https:\\\/\\\/mont-roig.cat\\\/wp-content\\\/uploads\\\/Vota-sortida-scaled.jpeg\",\"contentUrl\":\"https:\\\/\\\/mont-roig.cat\\\/wp-content\\\/uploads\\\/Vota-sortida-scaled.jpeg\",\"width\":2048,\"height\":1536},{\"@type\":\"BreadcrumbList\",\"@id\":\"https:\\\/\\\/mont-roig.cat\\\/es\\\/actualitat\\\/noticies\\\/mont-roig-del-camp-vive-un-hito-historico-con-la-salida-de-la-tercera-etapa-de-la-volta-a-catalunya\\\/#breadcrumb\",\"itemListElement\":[{\"@type\":\"ListItem\",\"position\":1,\"name\":\"Inici\",\"item\":\"https:\\\/\\\/mont-roig.cat\\\/es\\\/pagina-de-inicio\\\/\"},{\"@type\":\"ListItem\",\"position\":2,\"name\":\"Mont-roig del Camp vive un hito hist\u00f3rico con la salida de la tercera etapa de la Volta a Catalunya\"}]},{\"@type\":\"WebSite\",\"@id\":\"https:\\\/\\\/mont-roig.cat\\\/es\\\/#website\",\"url\":\"https:\\\/\\\/mont-roig.cat\\\/es\\\/\",\"name\":\"Ajuntament de Mont-roig del Camp\",\"description\":\"Tota la informaci\u00f3 sobre la instituci\u00f3, els seus \u00f2rgans de govern, actualitat, serveis i molt m\u00e9s.\",\"potentialAction\":[{\"@type\":\"SearchAction\",\"target\":{\"@type\":\"EntryPoint\",\"urlTemplate\":\"https:\\\/\\\/mont-roig.cat\\\/es\\\/?s={search_term_string}\"},\"query-input\":{\"@type\":\"PropertyValueSpecification\",\"valueRequired\":true,\"valueName\":\"search_term_string\"}}],\"inLanguage\":\"es\"},{\"@type\":\"Person\",\"@id\":\"https:\\\/\\\/mont-roig.cat\\\/es\\\/#\\\/schema\\\/person\\\/1f73e7b5e6f9dd122e8a6f14f310ac5e\",\"name\":\"comunicacio\",\"image\":{\"@type\":\"ImageObject\",\"inLanguage\":\"es\",\"@id\":\"https:\\\/\\\/secure.gravatar.com\\\/avatar\\\/98944333e7a877670a64f8d10f0cb680ab2c9ebc4efc43945ef004b52b5ad28c?s=96&d=mm&r=g\",\"url\":\"https:\\\/\\\/secure.gravatar.com\\\/avatar\\\/98944333e7a877670a64f8d10f0cb680ab2c9ebc4efc43945ef004b52b5ad28c?s=96&d=mm&r=g\",\"contentUrl\":\"https:\\\/\\\/secure.gravatar.com\\\/avatar\\\/98944333e7a877670a64f8d10f0cb680ab2c9ebc4efc43945ef004b52b5ad28c?s=96&d=mm&r=g\",\"caption\":\"comunicacio\"},\"url\":\"https:\\\/\\\/mont-roig.cat\\\/es\\\/actualitat\\\/noticies\\\/author\\\/comunicacio\\\/\"}]}<\/script>\n<!-- \/ Yoast SEO plugin. -->","yoast_head_json":{"title":"Mont-roig del Camp vive un hito hist\u00f3rico con la salida de la tercera etapa de la Volta a Catalunya - Ajuntament de Mont-roig del Camp","robots":{"index":"index","follow":"follow","max-snippet":"max-snippet:-1","max-image-preview":"max-image-preview:large","max-video-preview":"max-video-preview:-1"},"canonical":"https:\/\/mont-roig.cat\/es\/actualitat\/noticies\/mont-roig-del-camp-vive-un-hito-historico-con-la-salida-de-la-tercera-etapa-de-la-volta-a-catalunya\/","og_locale":"es_ES","og_type":"article","og_title":"Mont-roig del Camp vive un hito hist\u00f3rico con la salida de la tercera etapa de la Volta a Catalunya - Ajuntament de Mont-roig del Camp","og_description":"\u00a0Cientos de vecinos y vecinas y aficionados llenan las calles en una salida animada de la carrera marcada por la expectaci\u00f3n y la presencia de figuras internacionales del ciclismo Mont-roig del Camp ha sido este mediod\u00eda el escenario de un momento hist\u00f3rico con la salida de la tercera etapa de la Volta a Catalunya por [&hellip;]","og_url":"https:\/\/mont-roig.cat\/es\/actualitat\/noticies\/mont-roig-del-camp-vive-un-hito-historico-con-la-salida-de-la-tercera-etapa-de-la-volta-a-catalunya\/","og_site_name":"Ajuntament de Mont-roig del Camp","article_published_time":"2026-03-25T15:31:53+00:00","article_modified_time":"2026-03-25T15:46:37+00:00","og_image":[{"width":2048,"height":1536,"url":"https:\/\/mont-roig.cat\/wp-content\/uploads\/Vota-sortida-scaled.jpeg","type":"image\/jpeg"}],"author":"comunicacio","twitter_card":"summary_large_image","twitter_misc":{"Escrito por":"comunicacio","Tiempo de lectura":"4 minutos"},"schema":{"@context":"https:\/\/schema.org","@graph":[{"@type":"Article","@id":"https:\/\/mont-roig.cat\/es\/actualitat\/noticies\/mont-roig-del-camp-vive-un-hito-historico-con-la-salida-de-la-tercera-etapa-de-la-volta-a-catalunya\/#article","isPartOf":{"@id":"https:\/\/mont-roig.cat\/es\/actualitat\/noticies\/mont-roig-del-camp-vive-un-hito-historico-con-la-salida-de-la-tercera-etapa-de-la-volta-a-catalunya\/"},"author":{"name":"comunicacio","@id":"https:\/\/mont-roig.cat\/es\/#\/schema\/person\/1f73e7b5e6f9dd122e8a6f14f310ac5e"},"headline":"Mont-roig del Camp vive un hito hist\u00f3rico con la salida de la tercera etapa de la Volta a Catalunya","datePublished":"2026-03-25T15:31:53+00:00","dateModified":"2026-03-25T15:46:37+00:00","mainEntityOfPage":{"@id":"https:\/\/mont-roig.cat\/es\/actualitat\/noticies\/mont-roig-del-camp-vive-un-hito-historico-con-la-salida-de-la-tercera-etapa-de-la-volta-a-catalunya\/"},"wordCount":549,"image":{"@id":"https:\/\/mont-roig.cat\/es\/actualitat\/noticies\/mont-roig-del-camp-vive-un-hito-historico-con-la-salida-de-la-tercera-etapa-de-la-volta-a-catalunya\/#primaryimage"},"thumbnailUrl":"https:\/\/mont-roig.cat\/wp-content\/uploads\/Vota-sortida-scaled.jpeg","articleSection":["Ayuntamiento","Deportes"],"inLanguage":"es"},{"@type":"WebPage","@id":"https:\/\/mont-roig.cat\/es\/actualitat\/noticies\/mont-roig-del-camp-vive-un-hito-historico-con-la-salida-de-la-tercera-etapa-de-la-volta-a-catalunya\/","url":"https:\/\/mont-roig.cat\/es\/actualitat\/noticies\/mont-roig-del-camp-vive-un-hito-historico-con-la-salida-de-la-tercera-etapa-de-la-volta-a-catalunya\/","name":"Mont-roig del Camp vive un hito hist\u00f3rico con la salida de la tercera etapa de la Volta a Catalunya - Ajuntament de Mont-roig del Camp","isPartOf":{"@id":"https:\/\/mont-roig.cat\/es\/#website"},"primaryImageOfPage":{"@id":"https:\/\/mont-roig.cat\/es\/actualitat\/noticies\/mont-roig-del-camp-vive-un-hito-historico-con-la-salida-de-la-tercera-etapa-de-la-volta-a-catalunya\/#primaryimage"},"image":{"@id":"https:\/\/mont-roig.cat\/es\/actualitat\/noticies\/mont-roig-del-camp-vive-un-hito-historico-con-la-salida-de-la-tercera-etapa-de-la-volta-a-catalunya\/#primaryimage"},"thumbnailUrl":"https:\/\/mont-roig.cat\/wp-content\/uploads\/Vota-sortida-scaled.jpeg","datePublished":"2026-03-25T15:31:53+00:00","dateModified":"2026-03-25T15:46:37+00:00","author":{"@id":"https:\/\/mont-roig.cat\/es\/#\/schema\/person\/1f73e7b5e6f9dd122e8a6f14f310ac5e"},"breadcrumb":{"@id":"https:\/\/mont-roig.cat\/es\/actualitat\/noticies\/mont-roig-del-camp-vive-un-hito-historico-con-la-salida-de-la-tercera-etapa-de-la-volta-a-catalunya\/#breadcrumb"},"inLanguage":"es","potentialAction":[{"@type":"ReadAction","target":["https:\/\/mont-roig.cat\/es\/actualitat\/noticies\/mont-roig-del-camp-vive-un-hito-historico-con-la-salida-de-la-tercera-etapa-de-la-volta-a-catalunya\/"]}]},{"@type":"ImageObject","inLanguage":"es","@id":"https:\/\/mont-roig.cat\/es\/actualitat\/noticies\/mont-roig-del-camp-vive-un-hito-historico-con-la-salida-de-la-tercera-etapa-de-la-volta-a-catalunya\/#primaryimage","url":"https:\/\/mont-roig.cat\/wp-content\/uploads\/Vota-sortida-scaled.jpeg","contentUrl":"https:\/\/mont-roig.cat\/wp-content\/uploads\/Vota-sortida-scaled.jpeg","width":2048,"height":1536},{"@type":"BreadcrumbList","@id":"https:\/\/mont-roig.cat\/es\/actualitat\/noticies\/mont-roig-del-camp-vive-un-hito-historico-con-la-salida-de-la-tercera-etapa-de-la-volta-a-catalunya\/#breadcrumb","itemListElement":[{"@type":"ListItem","position":1,"name":"Inici","item":"https:\/\/mont-roig.cat\/es\/pagina-de-inicio\/"},{"@type":"ListItem","position":2,"name":"Mont-roig del Camp vive un hito hist\u00f3rico con la salida de la tercera etapa de la Volta a Catalunya"}]},{"@type":"WebSite","@id":"https:\/\/mont-roig.cat\/es\/#website","url":"https:\/\/mont-roig.cat\/es\/","name":"Ajuntament de Mont-roig del Camp","description":"Tota la informaci\u00f3 sobre la instituci\u00f3, els seus \u00f2rgans de govern, actualitat, serveis i molt m\u00e9s.","potentialAction":[{"@type":"SearchAction","target":{"@type":"EntryPoint","urlTemplate":"https:\/\/mont-roig.cat\/es\/?s={search_term_string}"},"query-input":{"@type":"PropertyValueSpecification","valueRequired":true,"valueName":"search_term_string"}}],"inLanguage":"es"},{"@type":"Person","@id":"https:\/\/mont-roig.cat\/es\/#\/schema\/person\/1f73e7b5e6f9dd122e8a6f14f310ac5e","name":"comunicacio","image":{"@type":"ImageObject","inLanguage":"es","@id":"https:\/\/secure.gravatar.com\/avatar\/98944333e7a877670a64f8d10f0cb680ab2c9ebc4efc43945ef004b52b5ad28c?s=96&d=mm&r=g","url":"https:\/\/secure.gravatar.com\/avatar\/98944333e7a877670a64f8d10f0cb680ab2c9ebc4efc43945ef004b52b5ad28c?s=96&d=mm&r=g","contentUrl":"https:\/\/secure.gravatar.com\/avatar\/98944333e7a877670a64f8d10f0cb680ab2c9ebc4efc43945ef004b52b5ad28c?s=96&d=mm&r=g","caption":"comunicacio"},"url":"https:\/\/mont-roig.cat\/es\/actualitat\/noticies\/author\/comunicacio\/"}]}},"_links":{"self":[{"href":"https:\/\/mont-roig.cat\/es\/wp-json\/wp\/v2\/posts\/90440","targetHints":{"allow":["GET"]}}],"collection":[{"href":"https:\/\/mont-roig.cat\/es\/wp-json\/wp\/v2\/posts"}],"about":[{"href":"https:\/\/mont-roig.cat\/es\/wp-json\/wp\/v2\/types\/post"}],"author":[{"embeddable":true,"href":"https:\/\/mont-roig.cat\/es\/wp-json\/wp\/v2\/users\/13"}],"replies":[{"embeddable":true,"href":"https:\/\/mont-roig.cat\/es\/wp-json\/wp\/v2\/comments?post=90440"}],"version-history":[{"count":2,"href":"https:\/\/mont-roig.cat\/es\/wp-json\/wp\/v2\/posts\/90440\/revisions"}],"predecessor-version":[{"id":90442,"href":"https:\/\/mont-roig.cat\/es\/wp-json\/wp\/v2\/posts\/90440\/revisions\/90442"}],"wp:featuredmedia":[{"embeddable":true,"href":"https:\/\/mont-roig.cat\/es\/wp-json\/wp\/v2\/media\/90427"}],"wp:attachment":[{"href":"https:\/\/mont-roig.cat\/es\/wp-json\/wp\/v2\/media?parent=90440"}],"wp:term":[{"taxonomy":"category","embeddable":true,"href":"https:\/\/mont-roig.cat\/es\/wp-json\/wp\/v2\/categories?post=90440"},{"taxonomy":"post_tag","embeddable":true,"href":"https:\/\/mont-roig.cat\/es\/wp-json\/wp\/v2\/tags?post=90440"}],"curies":[{"name":"wp","href":"https:\/\/api.w.org\/{rel}","templated":true}]}}