{"id":90465,"date":"2026-03-27T14:53:58","date_gmt":"2026-03-27T13:53:58","guid":{"rendered":"https:\/\/mont-roig.cat\/actualitat\/noticies\/la-fira-del-vi-de-miami-platja-sajorna-una-setmana-a-causa-dels-danys-provocats-pel-fort-vent\/"},"modified":"2026-03-27T15:08:52","modified_gmt":"2026-03-27T14:08:52","slug":"la-fira-del-vi-de-miami-platja-se-aplaza-a-los-dias-3-4-y-5-de-abril-por-la-prevision-de-fuerte-viento","status":"publish","type":"post","link":"https:\/\/mont-roig.cat\/es\/actualitat\/noticies\/la-fira-del-vi-de-miami-platja-se-aplaza-a-los-dias-3-4-y-5-de-abril-por-la-prevision-de-fuerte-viento\/","title":{"rendered":"La Fira del Vi de Miami Platja se aplaza a los d\u00edas 3, 4 y 5 de abril por la previsi\u00f3n de fuerte viento"},"content":{"rendered":"<p><strong><strong><a href=\"https:\/\/mont-roig.cat\/wp-content\/uploads\/MMT_FIRA_VI26_A3_nou_page-0001-scaled.jpg\" target=\"_blank\" rel=\"noopener\"><img loading=\"lazy\" decoding=\"async\" class=\"alignright wp-image-90461\" src=\"https:\/\/mont-roig.cat\/wp-content\/uploads\/MMT_FIRA_VI26_A3_nou_page-0001-353x500.jpg\" alt=\"\" width=\"276\" height=\"391\" srcset=\"https:\/\/mont-roig.cat\/wp-content\/uploads\/MMT_FIRA_VI26_A3_nou_page-0001-353x500.jpg 353w, https:\/\/mont-roig.cat\/wp-content\/uploads\/MMT_FIRA_VI26_A3_nou_page-0001-724x1024.jpg 724w, https:\/\/mont-roig.cat\/wp-content\/uploads\/MMT_FIRA_VI26_A3_nou_page-0001-768x1086.jpg 768w, https:\/\/mont-roig.cat\/wp-content\/uploads\/MMT_FIRA_VI26_A3_nou_page-0001-1086x1536.jpg 1086w, https:\/\/mont-roig.cat\/wp-content\/uploads\/MMT_FIRA_VI26_A3_nou_page-0001-scaled.jpg 1448w\" sizes=\"auto, (max-width: 276px) 100vw, 276px\" \/><\/a><\/strong><\/strong><\/p>\n<ul>\n<li data-start=\"119\" data-end=\"322\"><strong>La organizaci\u00f3n ha decidido posponer el evento para garantizar la seguridad ante la previsi\u00f3n meteorol\u00f3gica, manteniendo los mismos horarios y trabajando para reprogramar las actividades<\/strong><\/li>\n<\/ul>\n<p data-start=\"324\" data-end=\"526\">La Fira del Vi de Miami Platja, prevista inicialmente para este fin de semana, se aplaza finalmente a los d\u00edas 3, 4 y 5 de abril debido a la previsi\u00f3n de fuerte viento en las pr\u00f3ximas horas.<\/p>\n<p data-start=\"528\" data-end=\"903\">Durante los \u00faltimos d\u00edas, las rachas de viento ya hab\u00edan provocado algunos da\u00f1os en instalaciones y casetas de la feria, incidencias que se estaban solucionando. Aun as\u00ed, ante la previsi\u00f3n meteorol\u00f3gica adversa para las pr\u00f3ximas horas, la organizaci\u00f3n ha optado por posponer el evento una semana para garantizar la seguridad de participantes, bodegas y p\u00fablico asistente.<\/p>\n<p data-start=\"905\" data-end=\"1286\">La feria mantendr\u00e1 los mismos horarios previstos inicialmente: viernes por la tarde y s\u00e1bado y domingo durante todo el d\u00eda. Paralelamente, se est\u00e1 trabajando para reprogramar las actividades previstas, incluidos los conciertos y otras propuestas de animaci\u00f3n, as\u00ed como para garantizar la presencia del m\u00e1ximo n\u00famero de bodegas que ya hab\u00edan confirmado su participaci\u00f3n.<\/p>\n<p data-start=\"1288\" data-end=\"1697\" data-is-last-node=\"\" data-is-only-node=\"\">La Fira del Vi de Miami Platja llega este a\u00f1o a su sexta edici\u00f3n y se consolida como una de las propuestas destacadas de la programaci\u00f3n de Setmana Santa en el municipio. El evento reunir\u00e1 diversas bodegas de denominaciones de origen del territorio y combinar\u00e1 degustaciones de vinos con gastronom\u00eda local, m\u00fasica en directo y actividades para todos los p\u00fablicos en la Pla\u00e7a del Cinquantenari.<\/p>\n<p data-start=\"1288\" data-end=\"1697\" data-is-last-node=\"\" data-is-only-node=\"\"><a href=\"https:\/\/mont-roigmiami.cat\/es\/archivo-eventos\/\" target=\"_blank\" rel=\"noopener\">M\u00e1s informaci\u00f3 en este enlace.\u00a0<\/a><\/p>\n<p>&nbsp;<\/p>\n","protected":false},"excerpt":{"rendered":"<p>La organizaci\u00f3n ha decidido posponer el evento para garantizar la seguridad ante la previsi\u00f3n meteorol\u00f3gica, manteniendo los mismos horarios y trabajando para reprogramar las actividades La Fira del Vi de Miami Platja, prevista inicialmente para este fin de semana, se aplaza finalmente a los d\u00edas 3, 4 y 5 de abril debido a la previsi\u00f3n [&hellip;]<\/p>\n","protected":false},"author":13,"featured_media":90463,"comment_status":"closed","ping_status":"closed","sticky":false,"template":"","format":"standard","meta":{"inline_featured_image":false,"_monsterinsights_skip_tracking":false,"_monsterinsights_sitenote_active":false,"_monsterinsights_sitenote_note":"","_monsterinsights_sitenote_category":0,"footnotes":""},"categories":[98,115],"tags":[],"class_list":["post-90465","post","type-post","status-publish","format-standard","has-post-thumbnail","hentry","category-ayuntamiento","category-turismo"],"yoast_head":"<!-- This site is optimized with the Yoast SEO plugin v27.4 - https:\/\/yoast.com\/product\/yoast-seo-wordpress\/ -->\n<title>La Fira del Vi de Miami Platja se aplaza a los d\u00edas 3, 4 y 5 de abril por la previsi\u00f3n de fuerte viento - Ajuntament de Mont-roig del Camp<\/title>\n<meta name=\"robots\" content=\"index, follow, max-snippet:-1, max-image-preview:large, max-video-preview:-1\" \/>\n<link rel=\"canonical\" href=\"https:\/\/mont-roig.cat\/es\/actualitat\/noticies\/la-fira-del-vi-de-miami-platja-se-aplaza-a-los-dias-3-4-y-5-de-abril-por-la-prevision-de-fuerte-viento\/\" \/>\n<meta property=\"og:locale\" content=\"es_ES\" \/>\n<meta property=\"og:type\" content=\"article\" \/>\n<meta property=\"og:title\" content=\"La Fira del Vi de Miami Platja se aplaza a los d\u00edas 3, 4 y 5 de abril por la previsi\u00f3n de fuerte viento - Ajuntament de Mont-roig del Camp\" \/>\n<meta property=\"og:description\" content=\"La organizaci\u00f3n ha decidido posponer el evento para garantizar la seguridad ante la previsi\u00f3n meteorol\u00f3gica, manteniendo los mismos horarios y trabajando para reprogramar las actividades La Fira del Vi de Miami Platja, prevista inicialmente para este fin de semana, se aplaza finalmente a los d\u00edas 3, 4 y 5 de abril debido a la previsi\u00f3n [&hellip;]\" \/>\n<meta property=\"og:url\" content=\"https:\/\/mont-roig.cat\/es\/actualitat\/noticies\/la-fira-del-vi-de-miami-platja-se-aplaza-a-los-dias-3-4-y-5-de-abril-por-la-prevision-de-fuerte-viento\/\" \/>\n<meta property=\"og:site_name\" content=\"Ajuntament de Mont-roig del Camp\" \/>\n<meta property=\"article:published_time\" content=\"2026-03-27T13:53:58+00:00\" \/>\n<meta property=\"article:modified_time\" content=\"2026-03-27T14:08:52+00:00\" \/>\n<meta property=\"og:image\" content=\"https:\/\/mont-roig.cat\/wp-content\/uploads\/MMT_FIRA_VI26_1200x630-scaled.png\" \/>\n\t<meta property=\"og:image:width\" content=\"2048\" \/>\n\t<meta property=\"og:image:height\" content=\"1076\" \/>\n\t<meta property=\"og:image:type\" content=\"image\/png\" \/>\n<meta name=\"author\" content=\"comunicacio\" \/>\n<meta name=\"twitter:card\" content=\"summary_large_image\" \/>\n<meta name=\"twitter:label1\" content=\"Escrito por\" \/>\n\t<meta name=\"twitter:data1\" content=\"comunicacio\" \/>\n\t<meta name=\"twitter:label2\" content=\"Tiempo de lectura\" \/>\n\t<meta name=\"twitter:data2\" content=\"2 minutos\" \/>\n<script type=\"application\/ld+json\" class=\"yoast-schema-graph\">{\"@context\":\"https:\\\/\\\/schema.org\",\"@graph\":[{\"@type\":\"Article\",\"@id\":\"https:\\\/\\\/mont-roig.cat\\\/es\\\/actualitat\\\/noticies\\\/la-fira-del-vi-de-miami-platja-se-aplaza-a-los-dias-3-4-y-5-de-abril-por-la-prevision-de-fuerte-viento\\\/#article\",\"isPartOf\":{\"@id\":\"https:\\\/\\\/mont-roig.cat\\\/es\\\/actualitat\\\/noticies\\\/la-fira-del-vi-de-miami-platja-se-aplaza-a-los-dias-3-4-y-5-de-abril-por-la-prevision-de-fuerte-viento\\\/\"},\"author\":{\"name\":\"comunicacio\",\"@id\":\"https:\\\/\\\/mont-roig.cat\\\/es\\\/#\\\/schema\\\/person\\\/1f73e7b5e6f9dd122e8a6f14f310ac5e\"},\"headline\":\"La Fira del Vi de Miami Platja se aplaza a los d\u00edas 3, 4 y 5 de abril por la previsi\u00f3n de fuerte viento\",\"datePublished\":\"2026-03-27T13:53:58+00:00\",\"dateModified\":\"2026-03-27T14:08:52+00:00\",\"mainEntityOfPage\":{\"@id\":\"https:\\\/\\\/mont-roig.cat\\\/es\\\/actualitat\\\/noticies\\\/la-fira-del-vi-de-miami-platja-se-aplaza-a-los-dias-3-4-y-5-de-abril-por-la-prevision-de-fuerte-viento\\\/\"},\"wordCount\":292,\"image\":{\"@id\":\"https:\\\/\\\/mont-roig.cat\\\/es\\\/actualitat\\\/noticies\\\/la-fira-del-vi-de-miami-platja-se-aplaza-a-los-dias-3-4-y-5-de-abril-por-la-prevision-de-fuerte-viento\\\/#primaryimage\"},\"thumbnailUrl\":\"https:\\\/\\\/mont-roig.cat\\\/wp-content\\\/uploads\\\/MMT_FIRA_VI26_1200x630-scaled.png\",\"articleSection\":[\"Ayuntamiento\",\"Turismo\"],\"inLanguage\":\"es\"},{\"@type\":\"WebPage\",\"@id\":\"https:\\\/\\\/mont-roig.cat\\\/es\\\/actualitat\\\/noticies\\\/la-fira-del-vi-de-miami-platja-se-aplaza-a-los-dias-3-4-y-5-de-abril-por-la-prevision-de-fuerte-viento\\\/\",\"url\":\"https:\\\/\\\/mont-roig.cat\\\/es\\\/actualitat\\\/noticies\\\/la-fira-del-vi-de-miami-platja-se-aplaza-a-los-dias-3-4-y-5-de-abril-por-la-prevision-de-fuerte-viento\\\/\",\"name\":\"La Fira del Vi de Miami Platja se aplaza a los d\u00edas 3, 4 y 5 de abril por la previsi\u00f3n de fuerte viento - Ajuntament de Mont-roig del Camp\",\"isPartOf\":{\"@id\":\"https:\\\/\\\/mont-roig.cat\\\/es\\\/#website\"},\"primaryImageOfPage\":{\"@id\":\"https:\\\/\\\/mont-roig.cat\\\/es\\\/actualitat\\\/noticies\\\/la-fira-del-vi-de-miami-platja-se-aplaza-a-los-dias-3-4-y-5-de-abril-por-la-prevision-de-fuerte-viento\\\/#primaryimage\"},\"image\":{\"@id\":\"https:\\\/\\\/mont-roig.cat\\\/es\\\/actualitat\\\/noticies\\\/la-fira-del-vi-de-miami-platja-se-aplaza-a-los-dias-3-4-y-5-de-abril-por-la-prevision-de-fuerte-viento\\\/#primaryimage\"},\"thumbnailUrl\":\"https:\\\/\\\/mont-roig.cat\\\/wp-content\\\/uploads\\\/MMT_FIRA_VI26_1200x630-scaled.png\",\"datePublished\":\"2026-03-27T13:53:58+00:00\",\"dateModified\":\"2026-03-27T14:08:52+00:00\",\"author\":{\"@id\":\"https:\\\/\\\/mont-roig.cat\\\/es\\\/#\\\/schema\\\/person\\\/1f73e7b5e6f9dd122e8a6f14f310ac5e\"},\"breadcrumb\":{\"@id\":\"https:\\\/\\\/mont-roig.cat\\\/es\\\/actualitat\\\/noticies\\\/la-fira-del-vi-de-miami-platja-se-aplaza-a-los-dias-3-4-y-5-de-abril-por-la-prevision-de-fuerte-viento\\\/#breadcrumb\"},\"inLanguage\":\"es\",\"potentialAction\":[{\"@type\":\"ReadAction\",\"target\":[\"https:\\\/\\\/mont-roig.cat\\\/es\\\/actualitat\\\/noticies\\\/la-fira-del-vi-de-miami-platja-se-aplaza-a-los-dias-3-4-y-5-de-abril-por-la-prevision-de-fuerte-viento\\\/\"]}]},{\"@type\":\"ImageObject\",\"inLanguage\":\"es\",\"@id\":\"https:\\\/\\\/mont-roig.cat\\\/es\\\/actualitat\\\/noticies\\\/la-fira-del-vi-de-miami-platja-se-aplaza-a-los-dias-3-4-y-5-de-abril-por-la-prevision-de-fuerte-viento\\\/#primaryimage\",\"url\":\"https:\\\/\\\/mont-roig.cat\\\/wp-content\\\/uploads\\\/MMT_FIRA_VI26_1200x630-scaled.png\",\"contentUrl\":\"https:\\\/\\\/mont-roig.cat\\\/wp-content\\\/uploads\\\/MMT_FIRA_VI26_1200x630-scaled.png\",\"width\":2048,\"height\":1076},{\"@type\":\"BreadcrumbList\",\"@id\":\"https:\\\/\\\/mont-roig.cat\\\/es\\\/actualitat\\\/noticies\\\/la-fira-del-vi-de-miami-platja-se-aplaza-a-los-dias-3-4-y-5-de-abril-por-la-prevision-de-fuerte-viento\\\/#breadcrumb\",\"itemListElement\":[{\"@type\":\"ListItem\",\"position\":1,\"name\":\"Inici\",\"item\":\"https:\\\/\\\/mont-roig.cat\\\/es\\\/pagina-de-inicio\\\/\"},{\"@type\":\"ListItem\",\"position\":2,\"name\":\"La Fira del Vi de Miami Platja se aplaza a los d\u00edas 3, 4 y 5 de abril por la previsi\u00f3n de fuerte viento\"}]},{\"@type\":\"WebSite\",\"@id\":\"https:\\\/\\\/mont-roig.cat\\\/es\\\/#website\",\"url\":\"https:\\\/\\\/mont-roig.cat\\\/es\\\/\",\"name\":\"Ajuntament de Mont-roig del Camp\",\"description\":\"Tota la informaci\u00f3 sobre la instituci\u00f3, els seus \u00f2rgans de govern, actualitat, serveis i molt m\u00e9s.\",\"potentialAction\":[{\"@type\":\"SearchAction\",\"target\":{\"@type\":\"EntryPoint\",\"urlTemplate\":\"https:\\\/\\\/mont-roig.cat\\\/es\\\/?s={search_term_string}\"},\"query-input\":{\"@type\":\"PropertyValueSpecification\",\"valueRequired\":true,\"valueName\":\"search_term_string\"}}],\"inLanguage\":\"es\"},{\"@type\":\"Person\",\"@id\":\"https:\\\/\\\/mont-roig.cat\\\/es\\\/#\\\/schema\\\/person\\\/1f73e7b5e6f9dd122e8a6f14f310ac5e\",\"name\":\"comunicacio\",\"image\":{\"@type\":\"ImageObject\",\"inLanguage\":\"es\",\"@id\":\"https:\\\/\\\/secure.gravatar.com\\\/avatar\\\/98944333e7a877670a64f8d10f0cb680ab2c9ebc4efc43945ef004b52b5ad28c?s=96&d=mm&r=g\",\"url\":\"https:\\\/\\\/secure.gravatar.com\\\/avatar\\\/98944333e7a877670a64f8d10f0cb680ab2c9ebc4efc43945ef004b52b5ad28c?s=96&d=mm&r=g\",\"contentUrl\":\"https:\\\/\\\/secure.gravatar.com\\\/avatar\\\/98944333e7a877670a64f8d10f0cb680ab2c9ebc4efc43945ef004b52b5ad28c?s=96&d=mm&r=g\",\"caption\":\"comunicacio\"},\"url\":\"https:\\\/\\\/mont-roig.cat\\\/es\\\/actualitat\\\/noticies\\\/author\\\/comunicacio\\\/\"}]}<\/script>\n<!-- \/ Yoast SEO plugin. -->","yoast_head_json":{"title":"La Fira del Vi de Miami Platja se aplaza a los d\u00edas 3, 4 y 5 de abril por la previsi\u00f3n de fuerte viento - Ajuntament de Mont-roig del Camp","robots":{"index":"index","follow":"follow","max-snippet":"max-snippet:-1","max-image-preview":"max-image-preview:large","max-video-preview":"max-video-preview:-1"},"canonical":"https:\/\/mont-roig.cat\/es\/actualitat\/noticies\/la-fira-del-vi-de-miami-platja-se-aplaza-a-los-dias-3-4-y-5-de-abril-por-la-prevision-de-fuerte-viento\/","og_locale":"es_ES","og_type":"article","og_title":"La Fira del Vi de Miami Platja se aplaza a los d\u00edas 3, 4 y 5 de abril por la previsi\u00f3n de fuerte viento - Ajuntament de Mont-roig del Camp","og_description":"La organizaci\u00f3n ha decidido posponer el evento para garantizar la seguridad ante la previsi\u00f3n meteorol\u00f3gica, manteniendo los mismos horarios y trabajando para reprogramar las actividades La Fira del Vi de Miami Platja, prevista inicialmente para este fin de semana, se aplaza finalmente a los d\u00edas 3, 4 y 5 de abril debido a la previsi\u00f3n [&hellip;]","og_url":"https:\/\/mont-roig.cat\/es\/actualitat\/noticies\/la-fira-del-vi-de-miami-platja-se-aplaza-a-los-dias-3-4-y-5-de-abril-por-la-prevision-de-fuerte-viento\/","og_site_name":"Ajuntament de Mont-roig del Camp","article_published_time":"2026-03-27T13:53:58+00:00","article_modified_time":"2026-03-27T14:08:52+00:00","og_image":[{"width":2048,"height":1076,"url":"https:\/\/mont-roig.cat\/wp-content\/uploads\/MMT_FIRA_VI26_1200x630-scaled.png","type":"image\/png"}],"author":"comunicacio","twitter_card":"summary_large_image","twitter_misc":{"Escrito por":"comunicacio","Tiempo de lectura":"2 minutos"},"schema":{"@context":"https:\/\/schema.org","@graph":[{"@type":"Article","@id":"https:\/\/mont-roig.cat\/es\/actualitat\/noticies\/la-fira-del-vi-de-miami-platja-se-aplaza-a-los-dias-3-4-y-5-de-abril-por-la-prevision-de-fuerte-viento\/#article","isPartOf":{"@id":"https:\/\/mont-roig.cat\/es\/actualitat\/noticies\/la-fira-del-vi-de-miami-platja-se-aplaza-a-los-dias-3-4-y-5-de-abril-por-la-prevision-de-fuerte-viento\/"},"author":{"name":"comunicacio","@id":"https:\/\/mont-roig.cat\/es\/#\/schema\/person\/1f73e7b5e6f9dd122e8a6f14f310ac5e"},"headline":"La Fira del Vi de Miami Platja se aplaza a los d\u00edas 3, 4 y 5 de abril por la previsi\u00f3n de fuerte viento","datePublished":"2026-03-27T13:53:58+00:00","dateModified":"2026-03-27T14:08:52+00:00","mainEntityOfPage":{"@id":"https:\/\/mont-roig.cat\/es\/actualitat\/noticies\/la-fira-del-vi-de-miami-platja-se-aplaza-a-los-dias-3-4-y-5-de-abril-por-la-prevision-de-fuerte-viento\/"},"wordCount":292,"image":{"@id":"https:\/\/mont-roig.cat\/es\/actualitat\/noticies\/la-fira-del-vi-de-miami-platja-se-aplaza-a-los-dias-3-4-y-5-de-abril-por-la-prevision-de-fuerte-viento\/#primaryimage"},"thumbnailUrl":"https:\/\/mont-roig.cat\/wp-content\/uploads\/MMT_FIRA_VI26_1200x630-scaled.png","articleSection":["Ayuntamiento","Turismo"],"inLanguage":"es"},{"@type":"WebPage","@id":"https:\/\/mont-roig.cat\/es\/actualitat\/noticies\/la-fira-del-vi-de-miami-platja-se-aplaza-a-los-dias-3-4-y-5-de-abril-por-la-prevision-de-fuerte-viento\/","url":"https:\/\/mont-roig.cat\/es\/actualitat\/noticies\/la-fira-del-vi-de-miami-platja-se-aplaza-a-los-dias-3-4-y-5-de-abril-por-la-prevision-de-fuerte-viento\/","name":"La Fira del Vi de Miami Platja se aplaza a los d\u00edas 3, 4 y 5 de abril por la previsi\u00f3n de fuerte viento - Ajuntament de Mont-roig del Camp","isPartOf":{"@id":"https:\/\/mont-roig.cat\/es\/#website"},"primaryImageOfPage":{"@id":"https:\/\/mont-roig.cat\/es\/actualitat\/noticies\/la-fira-del-vi-de-miami-platja-se-aplaza-a-los-dias-3-4-y-5-de-abril-por-la-prevision-de-fuerte-viento\/#primaryimage"},"image":{"@id":"https:\/\/mont-roig.cat\/es\/actualitat\/noticies\/la-fira-del-vi-de-miami-platja-se-aplaza-a-los-dias-3-4-y-5-de-abril-por-la-prevision-de-fuerte-viento\/#primaryimage"},"thumbnailUrl":"https:\/\/mont-roig.cat\/wp-content\/uploads\/MMT_FIRA_VI26_1200x630-scaled.png","datePublished":"2026-03-27T13:53:58+00:00","dateModified":"2026-03-27T14:08:52+00:00","author":{"@id":"https:\/\/mont-roig.cat\/es\/#\/schema\/person\/1f73e7b5e6f9dd122e8a6f14f310ac5e"},"breadcrumb":{"@id":"https:\/\/mont-roig.cat\/es\/actualitat\/noticies\/la-fira-del-vi-de-miami-platja-se-aplaza-a-los-dias-3-4-y-5-de-abril-por-la-prevision-de-fuerte-viento\/#breadcrumb"},"inLanguage":"es","potentialAction":[{"@type":"ReadAction","target":["https:\/\/mont-roig.cat\/es\/actualitat\/noticies\/la-fira-del-vi-de-miami-platja-se-aplaza-a-los-dias-3-4-y-5-de-abril-por-la-prevision-de-fuerte-viento\/"]}]},{"@type":"ImageObject","inLanguage":"es","@id":"https:\/\/mont-roig.cat\/es\/actualitat\/noticies\/la-fira-del-vi-de-miami-platja-se-aplaza-a-los-dias-3-4-y-5-de-abril-por-la-prevision-de-fuerte-viento\/#primaryimage","url":"https:\/\/mont-roig.cat\/wp-content\/uploads\/MMT_FIRA_VI26_1200x630-scaled.png","contentUrl":"https:\/\/mont-roig.cat\/wp-content\/uploads\/MMT_FIRA_VI26_1200x630-scaled.png","width":2048,"height":1076},{"@type":"BreadcrumbList","@id":"https:\/\/mont-roig.cat\/es\/actualitat\/noticies\/la-fira-del-vi-de-miami-platja-se-aplaza-a-los-dias-3-4-y-5-de-abril-por-la-prevision-de-fuerte-viento\/#breadcrumb","itemListElement":[{"@type":"ListItem","position":1,"name":"Inici","item":"https:\/\/mont-roig.cat\/es\/pagina-de-inicio\/"},{"@type":"ListItem","position":2,"name":"La Fira del Vi de Miami Platja se aplaza a los d\u00edas 3, 4 y 5 de abril por la previsi\u00f3n de fuerte viento"}]},{"@type":"WebSite","@id":"https:\/\/mont-roig.cat\/es\/#website","url":"https:\/\/mont-roig.cat\/es\/","name":"Ajuntament de Mont-roig del Camp","description":"Tota la informaci\u00f3 sobre la instituci\u00f3, els seus \u00f2rgans de govern, actualitat, serveis i molt m\u00e9s.","potentialAction":[{"@type":"SearchAction","target":{"@type":"EntryPoint","urlTemplate":"https:\/\/mont-roig.cat\/es\/?s={search_term_string}"},"query-input":{"@type":"PropertyValueSpecification","valueRequired":true,"valueName":"search_term_string"}}],"inLanguage":"es"},{"@type":"Person","@id":"https:\/\/mont-roig.cat\/es\/#\/schema\/person\/1f73e7b5e6f9dd122e8a6f14f310ac5e","name":"comunicacio","image":{"@type":"ImageObject","inLanguage":"es","@id":"https:\/\/secure.gravatar.com\/avatar\/98944333e7a877670a64f8d10f0cb680ab2c9ebc4efc43945ef004b52b5ad28c?s=96&d=mm&r=g","url":"https:\/\/secure.gravatar.com\/avatar\/98944333e7a877670a64f8d10f0cb680ab2c9ebc4efc43945ef004b52b5ad28c?s=96&d=mm&r=g","contentUrl":"https:\/\/secure.gravatar.com\/avatar\/98944333e7a877670a64f8d10f0cb680ab2c9ebc4efc43945ef004b52b5ad28c?s=96&d=mm&r=g","caption":"comunicacio"},"url":"https:\/\/mont-roig.cat\/es\/actualitat\/noticies\/author\/comunicacio\/"}]}},"_links":{"self":[{"href":"https:\/\/mont-roig.cat\/es\/wp-json\/wp\/v2\/posts\/90465","targetHints":{"allow":["GET"]}}],"collection":[{"href":"https:\/\/mont-roig.cat\/es\/wp-json\/wp\/v2\/posts"}],"about":[{"href":"https:\/\/mont-roig.cat\/es\/wp-json\/wp\/v2\/types\/post"}],"author":[{"embeddable":true,"href":"https:\/\/mont-roig.cat\/es\/wp-json\/wp\/v2\/users\/13"}],"replies":[{"embeddable":true,"href":"https:\/\/mont-roig.cat\/es\/wp-json\/wp\/v2\/comments?post=90465"}],"version-history":[{"count":3,"href":"https:\/\/mont-roig.cat\/es\/wp-json\/wp\/v2\/posts\/90465\/revisions"}],"predecessor-version":[{"id":90474,"href":"https:\/\/mont-roig.cat\/es\/wp-json\/wp\/v2\/posts\/90465\/revisions\/90474"}],"wp:featuredmedia":[{"embeddable":true,"href":"https:\/\/mont-roig.cat\/es\/wp-json\/wp\/v2\/media\/90463"}],"wp:attachment":[{"href":"https:\/\/mont-roig.cat\/es\/wp-json\/wp\/v2\/media?parent=90465"}],"wp:term":[{"taxonomy":"category","embeddable":true,"href":"https:\/\/mont-roig.cat\/es\/wp-json\/wp\/v2\/categories?post=90465"},{"taxonomy":"post_tag","embeddable":true,"href":"https:\/\/mont-roig.cat\/es\/wp-json\/wp\/v2\/tags?post=90465"}],"curies":[{"name":"wp","href":"https:\/\/api.w.org\/{rel}","templated":true}]}}