{"id":90547,"date":"2026-04-01T11:43:37","date_gmt":"2026-04-01T09:43:37","guid":{"rendered":"https:\/\/mont-roig.cat\/actualitat\/noticies\/mont-roig-del-camp-redueix-els-fets-delictius-un-13-i-assoleix-minims-historics-en-robatoris-a-domicilis\/"},"modified":"2026-04-01T11:55:40","modified_gmt":"2026-04-01T09:55:40","slug":"mont-roig-del-camp-reduce-los-hechos-delictivos-un-13-y-alcanza-minimos-historicos-en-robos-en-domicilios","status":"publish","type":"post","link":"https:\/\/mont-roig.cat\/es\/actualitat\/noticies\/mont-roig-del-camp-reduce-los-hechos-delictivos-un-13-y-alcanza-minimos-historicos-en-robos-en-domicilios\/","title":{"rendered":"Mont-roig del Camp reduce los hechos delictivos un 13% y alcanza m\u00ednimos hist\u00f3ricos en robos en domicilios"},"content":{"rendered":"<div id=\"attachment_90542\" style=\"width: 314px\" class=\"wp-caption alignright\"><a href=\"https:\/\/mont-roig.cat\/wp-content\/uploads\/Policia-local-1-scaled.jpeg\" target=\"_blank\" rel=\"noopener\"><img loading=\"lazy\" decoding=\"async\" aria-describedby=\"caption-attachment-90542\" class=\"wp-image-90542\" src=\"https:\/\/mont-roig.cat\/wp-content\/uploads\/Policia-local-1-500x375.jpeg\" alt=\"\" width=\"304\" height=\"228\" srcset=\"https:\/\/mont-roig.cat\/wp-content\/uploads\/Policia-local-1-500x375.jpeg 500w, https:\/\/mont-roig.cat\/wp-content\/uploads\/Policia-local-1-1024x768.jpeg 1024w, https:\/\/mont-roig.cat\/wp-content\/uploads\/Policia-local-1-768x576.jpeg 768w, https:\/\/mont-roig.cat\/wp-content\/uploads\/Policia-local-1-1536x1152.jpeg 1536w, https:\/\/mont-roig.cat\/wp-content\/uploads\/Policia-local-1-scaled.jpeg 2048w, https:\/\/mont-roig.cat\/wp-content\/uploads\/Policia-local-1-463x348.jpeg 463w\" sizes=\"auto, (max-width: 304px) 100vw, 304px\" \/><\/a><p id=\"caption-attachment-90542\" class=\"wp-caption-text\">Un agente de la Polic\u00eda Local de Mont-roig del Camp.<\/p><\/div>\n<ul>\n<li><b data-path-to-node=\"2,0,0\" data-index-in-node=\"0\">La colaboraci\u00f3n entre la Policia Local y los Mossos d\u2019Esquadra, sumada a la inversi\u00f3n en nuevas tecnolog\u00edas y la colaboraci\u00f3n ciudadana, clave en la mejora de la seguridad en el municipio.<\/b><\/li>\n<\/ul>\n<p>El Ajuntament de Mont-roig del Camp ha presentado un balance muy positivo de la seguridad p\u00fablica en el municipio tras la celebraci\u00f3n, este pasado 27 de marzo, de la mesa trimestral de seguimiento interanual. La reuni\u00f3n, que cont\u00f3 con la presencia del Alcalde Franc Morancho, el Regidor de Seguretat Ciutadana Vicente P\u00e9rez y los mandos de Mossos d\u2019Esquadra y la Policia Local, sirvi\u00f3 para analizar la evoluci\u00f3n estad\u00edstica del \u00faltimo a\u00f1o, confirmando una tendencia a la baja en los hechos delictivos.<\/p>\n<p>Seg\u00fan las datos recogidos, el n\u00famero total de incidentes ha experimentado una reducci\u00f3n notable, pasando de 1.031 a 894 casos, lo que representa un descenso global del 13%. El an\u00e1lisis detallado de estas cifras revela un dato especialmente significativo: los robos en el interior de domicilios han ca\u00eddo un 43%. Esta reducci\u00f3n sit\u00faa la incidencia en viviendas en su cota m\u00e1s baja jam\u00e1s registrada a nivel municipal, con un total de 68 casos en todo el a\u00f1o.<\/p>\n<p>Esta mejora tambi\u00e9n se ha visto reflejada en los establecimientos comerciales, con una bajada del 7,5% en los robos. Por lo que respecta al entorno rural, los resultados han sido igualmente satisfactorios, con solo cinco hurtos de poca entidad registrados \u2014relacionados principalmente con la sustracci\u00f3n de mandarinas, algarrobas y naranjas\u2014 y destacando la ausencia total de robos de aceitunas durante la campa\u00f1a.<\/p>\n<p>Los responsables de seguridad han atribuido estos buenos resultados a la colaboraci\u00f3n constante y efectiva entre los cuerpos de la Policia Local y los Mossos d\u2019Esquadra, as\u00ed como a la implantaci\u00f3n de nuevas tecnolog\u00edas. Asimismo, se ha querido destacar de forma especial la importancia de la colaboraci\u00f3n ciudadana, ya que la implicaci\u00f3n del vecindario y la comunicaci\u00f3n de cualquier anomal\u00eda sirven para colaborar directamente con la tarea policial y son una pieza fundamental en la prevenci\u00f3n. Seg\u00fan se ha subrayado durante el encuentro, esta coordinaci\u00f3n y el apoyo activo de los vecinos y vecinas son puntos clave para continuar garantizando la protecci\u00f3n y la calidad de vida en el municipio.<\/p>\n<p>&nbsp;<\/p>\n","protected":false},"excerpt":{"rendered":"<p>La colaboraci\u00f3n entre la Policia Local y los Mossos d\u2019Esquadra, sumada a la inversi\u00f3n en nuevas tecnolog\u00edas y la colaboraci\u00f3n ciudadana, clave en la mejora de la seguridad en el municipio. El Ajuntament de Mont-roig del Camp ha presentado un balance muy positivo de la seguridad p\u00fablica en el municipio tras la celebraci\u00f3n, este pasado [&hellip;]<\/p>\n","protected":false},"author":13,"featured_media":90545,"comment_status":"closed","ping_status":"closed","sticky":false,"template":"","format":"standard","meta":{"inline_featured_image":false,"_monsterinsights_skip_tracking":false,"_monsterinsights_sitenote_active":false,"_monsterinsights_sitenote_note":"","_monsterinsights_sitenote_category":0,"footnotes":""},"categories":[98,113],"tags":[],"class_list":["post-90547","post","type-post","status-publish","format-standard","has-post-thumbnail","hentry","category-ayuntamiento","category-seguridad"],"yoast_head":"<!-- This site is optimized with the Yoast SEO plugin v27.4 - https:\/\/yoast.com\/product\/yoast-seo-wordpress\/ -->\n<title>Mont-roig del Camp reduce los hechos delictivos un 13% y alcanza m\u00ednimos hist\u00f3ricos en robos en domicilios - Ajuntament de Mont-roig del Camp<\/title>\n<meta name=\"robots\" content=\"index, follow, max-snippet:-1, max-image-preview:large, max-video-preview:-1\" \/>\n<link rel=\"canonical\" href=\"https:\/\/mont-roig.cat\/es\/actualitat\/noticies\/mont-roig-del-camp-reduce-los-hechos-delictivos-un-13-y-alcanza-minimos-historicos-en-robos-en-domicilios\/\" \/>\n<meta property=\"og:locale\" content=\"es_ES\" \/>\n<meta property=\"og:type\" content=\"article\" \/>\n<meta property=\"og:title\" content=\"Mont-roig del Camp reduce los hechos delictivos un 13% y alcanza m\u00ednimos hist\u00f3ricos en robos en domicilios - Ajuntament de Mont-roig del Camp\" \/>\n<meta property=\"og:description\" content=\"La colaboraci\u00f3n entre la Policia Local y los Mossos d\u2019Esquadra, sumada a la inversi\u00f3n en nuevas tecnolog\u00edas y la colaboraci\u00f3n ciudadana, clave en la mejora de la seguridad en el municipio. El Ajuntament de Mont-roig del Camp ha presentado un balance muy positivo de la seguridad p\u00fablica en el municipio tras la celebraci\u00f3n, este pasado [&hellip;]\" \/>\n<meta property=\"og:url\" content=\"https:\/\/mont-roig.cat\/es\/actualitat\/noticies\/mont-roig-del-camp-reduce-los-hechos-delictivos-un-13-y-alcanza-minimos-historicos-en-robos-en-domicilios\/\" \/>\n<meta property=\"og:site_name\" content=\"Ajuntament de Mont-roig del Camp\" \/>\n<meta property=\"article:published_time\" content=\"2026-04-01T09:43:37+00:00\" \/>\n<meta property=\"article:modified_time\" content=\"2026-04-01T09:55:40+00:00\" \/>\n<meta property=\"og:image\" content=\"https:\/\/mont-roig.cat\/wp-content\/uploads\/Policia-local-1-scaled.jpeg\" \/>\n\t<meta property=\"og:image:width\" content=\"2048\" \/>\n\t<meta property=\"og:image:height\" content=\"1536\" \/>\n\t<meta property=\"og:image:type\" content=\"image\/jpeg\" \/>\n<meta name=\"author\" content=\"comunicacio\" \/>\n<meta name=\"twitter:card\" content=\"summary_large_image\" \/>\n<meta name=\"twitter:label1\" content=\"Escrito por\" \/>\n\t<meta name=\"twitter:data1\" content=\"comunicacio\" \/>\n\t<meta name=\"twitter:label2\" content=\"Tiempo de lectura\" \/>\n\t<meta name=\"twitter:data2\" content=\"3 minutos\" \/>\n<script type=\"application\/ld+json\" class=\"yoast-schema-graph\">{\"@context\":\"https:\\\/\\\/schema.org\",\"@graph\":[{\"@type\":\"Article\",\"@id\":\"https:\\\/\\\/mont-roig.cat\\\/es\\\/actualitat\\\/noticies\\\/mont-roig-del-camp-reduce-los-hechos-delictivos-un-13-y-alcanza-minimos-historicos-en-robos-en-domicilios\\\/#article\",\"isPartOf\":{\"@id\":\"https:\\\/\\\/mont-roig.cat\\\/es\\\/actualitat\\\/noticies\\\/mont-roig-del-camp-reduce-los-hechos-delictivos-un-13-y-alcanza-minimos-historicos-en-robos-en-domicilios\\\/\"},\"author\":{\"name\":\"comunicacio\",\"@id\":\"https:\\\/\\\/mont-roig.cat\\\/es\\\/#\\\/schema\\\/person\\\/1f73e7b5e6f9dd122e8a6f14f310ac5e\"},\"headline\":\"Mont-roig del Camp reduce los hechos delictivos un 13% y alcanza m\u00ednimos hist\u00f3ricos en robos en domicilios\",\"datePublished\":\"2026-04-01T09:43:37+00:00\",\"dateModified\":\"2026-04-01T09:55:40+00:00\",\"mainEntityOfPage\":{\"@id\":\"https:\\\/\\\/mont-roig.cat\\\/es\\\/actualitat\\\/noticies\\\/mont-roig-del-camp-reduce-los-hechos-delictivos-un-13-y-alcanza-minimos-historicos-en-robos-en-domicilios\\\/\"},\"wordCount\":429,\"image\":{\"@id\":\"https:\\\/\\\/mont-roig.cat\\\/es\\\/actualitat\\\/noticies\\\/mont-roig-del-camp-reduce-los-hechos-delictivos-un-13-y-alcanza-minimos-historicos-en-robos-en-domicilios\\\/#primaryimage\"},\"thumbnailUrl\":\"https:\\\/\\\/mont-roig.cat\\\/wp-content\\\/uploads\\\/Policia-local-1-scaled.jpeg\",\"articleSection\":[\"Ayuntamiento\",\"Seguridad\"],\"inLanguage\":\"es\"},{\"@type\":\"WebPage\",\"@id\":\"https:\\\/\\\/mont-roig.cat\\\/es\\\/actualitat\\\/noticies\\\/mont-roig-del-camp-reduce-los-hechos-delictivos-un-13-y-alcanza-minimos-historicos-en-robos-en-domicilios\\\/\",\"url\":\"https:\\\/\\\/mont-roig.cat\\\/es\\\/actualitat\\\/noticies\\\/mont-roig-del-camp-reduce-los-hechos-delictivos-un-13-y-alcanza-minimos-historicos-en-robos-en-domicilios\\\/\",\"name\":\"Mont-roig del Camp reduce los hechos delictivos un 13% y alcanza m\u00ednimos hist\u00f3ricos en robos en domicilios - Ajuntament de Mont-roig del Camp\",\"isPartOf\":{\"@id\":\"https:\\\/\\\/mont-roig.cat\\\/es\\\/#website\"},\"primaryImageOfPage\":{\"@id\":\"https:\\\/\\\/mont-roig.cat\\\/es\\\/actualitat\\\/noticies\\\/mont-roig-del-camp-reduce-los-hechos-delictivos-un-13-y-alcanza-minimos-historicos-en-robos-en-domicilios\\\/#primaryimage\"},\"image\":{\"@id\":\"https:\\\/\\\/mont-roig.cat\\\/es\\\/actualitat\\\/noticies\\\/mont-roig-del-camp-reduce-los-hechos-delictivos-un-13-y-alcanza-minimos-historicos-en-robos-en-domicilios\\\/#primaryimage\"},\"thumbnailUrl\":\"https:\\\/\\\/mont-roig.cat\\\/wp-content\\\/uploads\\\/Policia-local-1-scaled.jpeg\",\"datePublished\":\"2026-04-01T09:43:37+00:00\",\"dateModified\":\"2026-04-01T09:55:40+00:00\",\"author\":{\"@id\":\"https:\\\/\\\/mont-roig.cat\\\/es\\\/#\\\/schema\\\/person\\\/1f73e7b5e6f9dd122e8a6f14f310ac5e\"},\"breadcrumb\":{\"@id\":\"https:\\\/\\\/mont-roig.cat\\\/es\\\/actualitat\\\/noticies\\\/mont-roig-del-camp-reduce-los-hechos-delictivos-un-13-y-alcanza-minimos-historicos-en-robos-en-domicilios\\\/#breadcrumb\"},\"inLanguage\":\"es\",\"potentialAction\":[{\"@type\":\"ReadAction\",\"target\":[\"https:\\\/\\\/mont-roig.cat\\\/es\\\/actualitat\\\/noticies\\\/mont-roig-del-camp-reduce-los-hechos-delictivos-un-13-y-alcanza-minimos-historicos-en-robos-en-domicilios\\\/\"]}]},{\"@type\":\"ImageObject\",\"inLanguage\":\"es\",\"@id\":\"https:\\\/\\\/mont-roig.cat\\\/es\\\/actualitat\\\/noticies\\\/mont-roig-del-camp-reduce-los-hechos-delictivos-un-13-y-alcanza-minimos-historicos-en-robos-en-domicilios\\\/#primaryimage\",\"url\":\"https:\\\/\\\/mont-roig.cat\\\/wp-content\\\/uploads\\\/Policia-local-1-scaled.jpeg\",\"contentUrl\":\"https:\\\/\\\/mont-roig.cat\\\/wp-content\\\/uploads\\\/Policia-local-1-scaled.jpeg\",\"width\":2048,\"height\":1536},{\"@type\":\"BreadcrumbList\",\"@id\":\"https:\\\/\\\/mont-roig.cat\\\/es\\\/actualitat\\\/noticies\\\/mont-roig-del-camp-reduce-los-hechos-delictivos-un-13-y-alcanza-minimos-historicos-en-robos-en-domicilios\\\/#breadcrumb\",\"itemListElement\":[{\"@type\":\"ListItem\",\"position\":1,\"name\":\"Inici\",\"item\":\"https:\\\/\\\/mont-roig.cat\\\/es\\\/pagina-de-inicio\\\/\"},{\"@type\":\"ListItem\",\"position\":2,\"name\":\"Mont-roig del Camp reduce los hechos delictivos un 13% y alcanza m\u00ednimos hist\u00f3ricos en robos en domicilios\"}]},{\"@type\":\"WebSite\",\"@id\":\"https:\\\/\\\/mont-roig.cat\\\/es\\\/#website\",\"url\":\"https:\\\/\\\/mont-roig.cat\\\/es\\\/\",\"name\":\"Ajuntament de Mont-roig del Camp\",\"description\":\"Tota la informaci\u00f3 sobre la instituci\u00f3, els seus \u00f2rgans de govern, actualitat, serveis i molt m\u00e9s.\",\"potentialAction\":[{\"@type\":\"SearchAction\",\"target\":{\"@type\":\"EntryPoint\",\"urlTemplate\":\"https:\\\/\\\/mont-roig.cat\\\/es\\\/?s={search_term_string}\"},\"query-input\":{\"@type\":\"PropertyValueSpecification\",\"valueRequired\":true,\"valueName\":\"search_term_string\"}}],\"inLanguage\":\"es\"},{\"@type\":\"Person\",\"@id\":\"https:\\\/\\\/mont-roig.cat\\\/es\\\/#\\\/schema\\\/person\\\/1f73e7b5e6f9dd122e8a6f14f310ac5e\",\"name\":\"comunicacio\",\"image\":{\"@type\":\"ImageObject\",\"inLanguage\":\"es\",\"@id\":\"https:\\\/\\\/secure.gravatar.com\\\/avatar\\\/98944333e7a877670a64f8d10f0cb680ab2c9ebc4efc43945ef004b52b5ad28c?s=96&d=mm&r=g\",\"url\":\"https:\\\/\\\/secure.gravatar.com\\\/avatar\\\/98944333e7a877670a64f8d10f0cb680ab2c9ebc4efc43945ef004b52b5ad28c?s=96&d=mm&r=g\",\"contentUrl\":\"https:\\\/\\\/secure.gravatar.com\\\/avatar\\\/98944333e7a877670a64f8d10f0cb680ab2c9ebc4efc43945ef004b52b5ad28c?s=96&d=mm&r=g\",\"caption\":\"comunicacio\"},\"url\":\"https:\\\/\\\/mont-roig.cat\\\/es\\\/actualitat\\\/noticies\\\/author\\\/comunicacio\\\/\"}]}<\/script>\n<!-- \/ Yoast SEO plugin. -->","yoast_head_json":{"title":"Mont-roig del Camp reduce los hechos delictivos un 13% y alcanza m\u00ednimos hist\u00f3ricos en robos en domicilios - Ajuntament de Mont-roig del Camp","robots":{"index":"index","follow":"follow","max-snippet":"max-snippet:-1","max-image-preview":"max-image-preview:large","max-video-preview":"max-video-preview:-1"},"canonical":"https:\/\/mont-roig.cat\/es\/actualitat\/noticies\/mont-roig-del-camp-reduce-los-hechos-delictivos-un-13-y-alcanza-minimos-historicos-en-robos-en-domicilios\/","og_locale":"es_ES","og_type":"article","og_title":"Mont-roig del Camp reduce los hechos delictivos un 13% y alcanza m\u00ednimos hist\u00f3ricos en robos en domicilios - Ajuntament de Mont-roig del Camp","og_description":"La colaboraci\u00f3n entre la Policia Local y los Mossos d\u2019Esquadra, sumada a la inversi\u00f3n en nuevas tecnolog\u00edas y la colaboraci\u00f3n ciudadana, clave en la mejora de la seguridad en el municipio. El Ajuntament de Mont-roig del Camp ha presentado un balance muy positivo de la seguridad p\u00fablica en el municipio tras la celebraci\u00f3n, este pasado [&hellip;]","og_url":"https:\/\/mont-roig.cat\/es\/actualitat\/noticies\/mont-roig-del-camp-reduce-los-hechos-delictivos-un-13-y-alcanza-minimos-historicos-en-robos-en-domicilios\/","og_site_name":"Ajuntament de Mont-roig del Camp","article_published_time":"2026-04-01T09:43:37+00:00","article_modified_time":"2026-04-01T09:55:40+00:00","og_image":[{"width":2048,"height":1536,"url":"https:\/\/mont-roig.cat\/wp-content\/uploads\/Policia-local-1-scaled.jpeg","type":"image\/jpeg"}],"author":"comunicacio","twitter_card":"summary_large_image","twitter_misc":{"Escrito por":"comunicacio","Tiempo de lectura":"3 minutos"},"schema":{"@context":"https:\/\/schema.org","@graph":[{"@type":"Article","@id":"https:\/\/mont-roig.cat\/es\/actualitat\/noticies\/mont-roig-del-camp-reduce-los-hechos-delictivos-un-13-y-alcanza-minimos-historicos-en-robos-en-domicilios\/#article","isPartOf":{"@id":"https:\/\/mont-roig.cat\/es\/actualitat\/noticies\/mont-roig-del-camp-reduce-los-hechos-delictivos-un-13-y-alcanza-minimos-historicos-en-robos-en-domicilios\/"},"author":{"name":"comunicacio","@id":"https:\/\/mont-roig.cat\/es\/#\/schema\/person\/1f73e7b5e6f9dd122e8a6f14f310ac5e"},"headline":"Mont-roig del Camp reduce los hechos delictivos un 13% y alcanza m\u00ednimos hist\u00f3ricos en robos en domicilios","datePublished":"2026-04-01T09:43:37+00:00","dateModified":"2026-04-01T09:55:40+00:00","mainEntityOfPage":{"@id":"https:\/\/mont-roig.cat\/es\/actualitat\/noticies\/mont-roig-del-camp-reduce-los-hechos-delictivos-un-13-y-alcanza-minimos-historicos-en-robos-en-domicilios\/"},"wordCount":429,"image":{"@id":"https:\/\/mont-roig.cat\/es\/actualitat\/noticies\/mont-roig-del-camp-reduce-los-hechos-delictivos-un-13-y-alcanza-minimos-historicos-en-robos-en-domicilios\/#primaryimage"},"thumbnailUrl":"https:\/\/mont-roig.cat\/wp-content\/uploads\/Policia-local-1-scaled.jpeg","articleSection":["Ayuntamiento","Seguridad"],"inLanguage":"es"},{"@type":"WebPage","@id":"https:\/\/mont-roig.cat\/es\/actualitat\/noticies\/mont-roig-del-camp-reduce-los-hechos-delictivos-un-13-y-alcanza-minimos-historicos-en-robos-en-domicilios\/","url":"https:\/\/mont-roig.cat\/es\/actualitat\/noticies\/mont-roig-del-camp-reduce-los-hechos-delictivos-un-13-y-alcanza-minimos-historicos-en-robos-en-domicilios\/","name":"Mont-roig del Camp reduce los hechos delictivos un 13% y alcanza m\u00ednimos hist\u00f3ricos en robos en domicilios - Ajuntament de Mont-roig del Camp","isPartOf":{"@id":"https:\/\/mont-roig.cat\/es\/#website"},"primaryImageOfPage":{"@id":"https:\/\/mont-roig.cat\/es\/actualitat\/noticies\/mont-roig-del-camp-reduce-los-hechos-delictivos-un-13-y-alcanza-minimos-historicos-en-robos-en-domicilios\/#primaryimage"},"image":{"@id":"https:\/\/mont-roig.cat\/es\/actualitat\/noticies\/mont-roig-del-camp-reduce-los-hechos-delictivos-un-13-y-alcanza-minimos-historicos-en-robos-en-domicilios\/#primaryimage"},"thumbnailUrl":"https:\/\/mont-roig.cat\/wp-content\/uploads\/Policia-local-1-scaled.jpeg","datePublished":"2026-04-01T09:43:37+00:00","dateModified":"2026-04-01T09:55:40+00:00","author":{"@id":"https:\/\/mont-roig.cat\/es\/#\/schema\/person\/1f73e7b5e6f9dd122e8a6f14f310ac5e"},"breadcrumb":{"@id":"https:\/\/mont-roig.cat\/es\/actualitat\/noticies\/mont-roig-del-camp-reduce-los-hechos-delictivos-un-13-y-alcanza-minimos-historicos-en-robos-en-domicilios\/#breadcrumb"},"inLanguage":"es","potentialAction":[{"@type":"ReadAction","target":["https:\/\/mont-roig.cat\/es\/actualitat\/noticies\/mont-roig-del-camp-reduce-los-hechos-delictivos-un-13-y-alcanza-minimos-historicos-en-robos-en-domicilios\/"]}]},{"@type":"ImageObject","inLanguage":"es","@id":"https:\/\/mont-roig.cat\/es\/actualitat\/noticies\/mont-roig-del-camp-reduce-los-hechos-delictivos-un-13-y-alcanza-minimos-historicos-en-robos-en-domicilios\/#primaryimage","url":"https:\/\/mont-roig.cat\/wp-content\/uploads\/Policia-local-1-scaled.jpeg","contentUrl":"https:\/\/mont-roig.cat\/wp-content\/uploads\/Policia-local-1-scaled.jpeg","width":2048,"height":1536},{"@type":"BreadcrumbList","@id":"https:\/\/mont-roig.cat\/es\/actualitat\/noticies\/mont-roig-del-camp-reduce-los-hechos-delictivos-un-13-y-alcanza-minimos-historicos-en-robos-en-domicilios\/#breadcrumb","itemListElement":[{"@type":"ListItem","position":1,"name":"Inici","item":"https:\/\/mont-roig.cat\/es\/pagina-de-inicio\/"},{"@type":"ListItem","position":2,"name":"Mont-roig del Camp reduce los hechos delictivos un 13% y alcanza m\u00ednimos hist\u00f3ricos en robos en domicilios"}]},{"@type":"WebSite","@id":"https:\/\/mont-roig.cat\/es\/#website","url":"https:\/\/mont-roig.cat\/es\/","name":"Ajuntament de Mont-roig del Camp","description":"Tota la informaci\u00f3 sobre la instituci\u00f3, els seus \u00f2rgans de govern, actualitat, serveis i molt m\u00e9s.","potentialAction":[{"@type":"SearchAction","target":{"@type":"EntryPoint","urlTemplate":"https:\/\/mont-roig.cat\/es\/?s={search_term_string}"},"query-input":{"@type":"PropertyValueSpecification","valueRequired":true,"valueName":"search_term_string"}}],"inLanguage":"es"},{"@type":"Person","@id":"https:\/\/mont-roig.cat\/es\/#\/schema\/person\/1f73e7b5e6f9dd122e8a6f14f310ac5e","name":"comunicacio","image":{"@type":"ImageObject","inLanguage":"es","@id":"https:\/\/secure.gravatar.com\/avatar\/98944333e7a877670a64f8d10f0cb680ab2c9ebc4efc43945ef004b52b5ad28c?s=96&d=mm&r=g","url":"https:\/\/secure.gravatar.com\/avatar\/98944333e7a877670a64f8d10f0cb680ab2c9ebc4efc43945ef004b52b5ad28c?s=96&d=mm&r=g","contentUrl":"https:\/\/secure.gravatar.com\/avatar\/98944333e7a877670a64f8d10f0cb680ab2c9ebc4efc43945ef004b52b5ad28c?s=96&d=mm&r=g","caption":"comunicacio"},"url":"https:\/\/mont-roig.cat\/es\/actualitat\/noticies\/author\/comunicacio\/"}]}},"_links":{"self":[{"href":"https:\/\/mont-roig.cat\/es\/wp-json\/wp\/v2\/posts\/90547","targetHints":{"allow":["GET"]}}],"collection":[{"href":"https:\/\/mont-roig.cat\/es\/wp-json\/wp\/v2\/posts"}],"about":[{"href":"https:\/\/mont-roig.cat\/es\/wp-json\/wp\/v2\/types\/post"}],"author":[{"embeddable":true,"href":"https:\/\/mont-roig.cat\/es\/wp-json\/wp\/v2\/users\/13"}],"replies":[{"embeddable":true,"href":"https:\/\/mont-roig.cat\/es\/wp-json\/wp\/v2\/comments?post=90547"}],"version-history":[{"count":2,"href":"https:\/\/mont-roig.cat\/es\/wp-json\/wp\/v2\/posts\/90547\/revisions"}],"predecessor-version":[{"id":90549,"href":"https:\/\/mont-roig.cat\/es\/wp-json\/wp\/v2\/posts\/90547\/revisions\/90549"}],"wp:featuredmedia":[{"embeddable":true,"href":"https:\/\/mont-roig.cat\/es\/wp-json\/wp\/v2\/media\/90545"}],"wp:attachment":[{"href":"https:\/\/mont-roig.cat\/es\/wp-json\/wp\/v2\/media?parent=90547"}],"wp:term":[{"taxonomy":"category","embeddable":true,"href":"https:\/\/mont-roig.cat\/es\/wp-json\/wp\/v2\/categories?post=90547"},{"taxonomy":"post_tag","embeddable":true,"href":"https:\/\/mont-roig.cat\/es\/wp-json\/wp\/v2\/tags?post=90547"}],"curies":[{"name":"wp","href":"https:\/\/api.w.org\/{rel}","templated":true}]}}