{"id":90560,"date":"2026-04-01T14:25:23","date_gmt":"2026-04-01T12:25:23","guid":{"rendered":"https:\/\/mont-roig.cat\/?p=90560"},"modified":"2026-04-01T14:25:37","modified_gmt":"2026-04-01T12:25:37","slug":"mont-roig-y-miami-platja-se-convierten-en-epicentros-del-futbol-base-con-la-5a-edicion-de-la-lsa-cup","status":"publish","type":"post","link":"https:\/\/mont-roig.cat\/es\/actualitat\/noticies\/mont-roig-y-miami-platja-se-convierten-en-epicentros-del-futbol-base-con-la-5a-edicion-de-la-lsa-cup\/","title":{"rendered":"Mont-roig y Miami Platja se convierten en epicentros del f\u00fatbol base con la 5\u00aa edici\u00f3n de la LSA Cup"},"content":{"rendered":"<p><b data-path-to-node=\"2\" data-index-in-node=\"0\"><b data-path-to-node=\"2\" data-index-in-node=\"0\"><a href=\"https:\/\/mont-roig.cat\/wp-content\/uploads\/LSA-Cup-1.jpeg\" target=\"_blank\" rel=\"noopener\"><img loading=\"lazy\" decoding=\"async\" class=\"alignright wp-image-90557\" src=\"https:\/\/mont-roig.cat\/wp-content\/uploads\/LSA-Cup-1-400x500.jpeg\" alt=\"\" width=\"259\" height=\"324\" srcset=\"https:\/\/mont-roig.cat\/wp-content\/uploads\/LSA-Cup-1-400x500.jpeg 400w, https:\/\/mont-roig.cat\/wp-content\/uploads\/LSA-Cup-1-819x1024.jpeg 819w, https:\/\/mont-roig.cat\/wp-content\/uploads\/LSA-Cup-1-768x960.jpeg 768w, https:\/\/mont-roig.cat\/wp-content\/uploads\/LSA-Cup-1.jpeg 1080w\" sizes=\"auto, (max-width: 259px) 100vw, 259px\" \/><\/a><\/b><\/b><\/p>\n<ul>\n<li data-path-to-node=\"2\"><b data-path-to-node=\"2\" data-index-in-node=\"0\">Los campos de f\u00fatbol municipales acoger\u00e1n la competici\u00f3n de 30 de los 46 equipos participantes del 2 al 5 de abril, consolidando el municipio como referente deportivo de la Semana Santa.<\/b><\/li>\n<\/ul>\n<p data-path-to-node=\"3\">El municipio de Mont-roig del Camp se prepara para vivir una de las citas m\u00e1s destacadas del calendario deportivo de Semana Santa: la LSA Cup 2026. En su quinta edici\u00f3n, que tendr\u00e1 lugar del 2 al 5 de abril, el torneo se consolida como un referente del f\u00fatbol base en el territorio, contando con una participaci\u00f3n total de 46 equipos y una fuerte presencia en las instalaciones municipales de Mont-roig del Camp y Miami Platja. Aunque la jornada inaugural y la ceremonia de apertura se celebrar\u00e1n este a\u00f1o en l\u2019Hospitalet de l\u2019Infant, los campos municipales de nuestro municipio volver\u00e1n a ser dos de los grandes focos del torneo, acogiendo numerosos partidos y convirti\u00e9ndose en puntos de encuentro para jugadores, familias y visitantes.<\/p>\n<p data-path-to-node=\"4\">La distribuci\u00f3n prevista por sedes sit\u00faa en Miami Platja la competici\u00f3n de 16 equipos (8 de categor\u00eda sub-10 y 8 de sub-11), mientras que en Mont-roig del Camp competir\u00e1n 14 equipos (6 de categor\u00eda sub-13 y 8 de sub-14). A estos hay que sumar los conjuntos femeninos, completando un cartel de alto nivel con clubes procedentes de todo el territorio como el Club Atl\u00e8tic Mont-roig, el Club Esportiu Multiesportiva Miami, la Learning Soccer Academy, el CF La Canonja o el UCUE Cambrils, entre muchos otros.<\/p>\n<p data-path-to-node=\"5\">La LSA Cup naci\u00f3 con el objetivo de ofrecer a los j\u00f3venes futbolistas la oportunidad de competir y compartir una experiencia inolvidable. El formato del torneo garantiza un m\u00ednimo de 5 partidos por equipo, con fases finales Oro y Plata, arbitraje de la Federaci\u00f3 Catalana, servicio de fisioterapia y seguro m\u00e9dico. M\u00e1s all\u00e1 del aspecto deportivo, el evento supone una oportunidad para proyectar el municipio y sus instalaciones, reforzando el papel de Mont-roig y Miami Platja como espacios preparados para acoger eventos de gran participaci\u00f3n y dinamizando la actividad local durante las vacaciones de Semana Santa.<\/p>\n","protected":false},"excerpt":{"rendered":"<p>Los campos de f\u00fatbol municipales acoger\u00e1n la competici\u00f3n de 30 de los 46 equipos participantes del 2 al 5 de abril, consolidando el municipio como referente deportivo de la Semana Santa. El municipio de Mont-roig del Camp se prepara para vivir una de las citas m\u00e1s destacadas del calendario deportivo de Semana Santa: la LSA [&hellip;]<\/p>\n","protected":false},"author":13,"featured_media":90559,"comment_status":"closed","ping_status":"closed","sticky":false,"template":"","format":"standard","meta":{"inline_featured_image":false,"_monsterinsights_skip_tracking":false,"_monsterinsights_sitenote_active":false,"_monsterinsights_sitenote_note":"","_monsterinsights_sitenote_category":0,"footnotes":""},"categories":[98,104],"tags":[],"class_list":["post-90560","post","type-post","status-publish","format-standard","has-post-thumbnail","hentry","category-ayuntamiento","category-deportes"],"yoast_head":"<!-- This site is optimized with the Yoast SEO plugin v27.4 - https:\/\/yoast.com\/product\/yoast-seo-wordpress\/ -->\n<title>Mont-roig y Miami Platja se convierten en epicentros del f\u00fatbol base con la 5\u00aa edici\u00f3n de la LSA Cup - Ajuntament de Mont-roig del Camp<\/title>\n<meta name=\"robots\" content=\"index, follow, max-snippet:-1, max-image-preview:large, max-video-preview:-1\" \/>\n<link rel=\"canonical\" href=\"https:\/\/mont-roig.cat\/es\/actualitat\/noticies\/mont-roig-y-miami-platja-se-convierten-en-epicentros-del-futbol-base-con-la-5a-edicion-de-la-lsa-cup\/\" \/>\n<meta property=\"og:locale\" content=\"es_ES\" \/>\n<meta property=\"og:type\" content=\"article\" \/>\n<meta property=\"og:title\" content=\"Mont-roig y Miami Platja se convierten en epicentros del f\u00fatbol base con la 5\u00aa edici\u00f3n de la LSA Cup - Ajuntament de Mont-roig del Camp\" \/>\n<meta property=\"og:description\" content=\"Los campos de f\u00fatbol municipales acoger\u00e1n la competici\u00f3n de 30 de los 46 equipos participantes del 2 al 5 de abril, consolidando el municipio como referente deportivo de la Semana Santa. El municipio de Mont-roig del Camp se prepara para vivir una de las citas m\u00e1s destacadas del calendario deportivo de Semana Santa: la LSA [&hellip;]\" \/>\n<meta property=\"og:url\" content=\"https:\/\/mont-roig.cat\/es\/actualitat\/noticies\/mont-roig-y-miami-platja-se-convierten-en-epicentros-del-futbol-base-con-la-5a-edicion-de-la-lsa-cup\/\" \/>\n<meta property=\"og:site_name\" content=\"Ajuntament de Mont-roig del Camp\" \/>\n<meta property=\"article:published_time\" content=\"2026-04-01T12:25:23+00:00\" \/>\n<meta property=\"article:modified_time\" content=\"2026-04-01T12:25:37+00:00\" \/>\n<meta property=\"og:image\" content=\"https:\/\/mont-roig.cat\/wp-content\/uploads\/LSA-Cup-1.jpeg\" \/>\n\t<meta property=\"og:image:width\" content=\"1080\" \/>\n\t<meta property=\"og:image:height\" content=\"1350\" \/>\n\t<meta property=\"og:image:type\" content=\"image\/jpeg\" \/>\n<meta name=\"author\" content=\"comunicacio\" \/>\n<meta name=\"twitter:card\" content=\"summary_large_image\" \/>\n<meta name=\"twitter:label1\" content=\"Escrito por\" \/>\n\t<meta name=\"twitter:data1\" content=\"comunicacio\" \/>\n\t<meta name=\"twitter:label2\" content=\"Tiempo de lectura\" \/>\n\t<meta name=\"twitter:data2\" content=\"3 minutos\" \/>\n<script type=\"application\/ld+json\" class=\"yoast-schema-graph\">{\"@context\":\"https:\\\/\\\/schema.org\",\"@graph\":[{\"@type\":\"Article\",\"@id\":\"https:\\\/\\\/mont-roig.cat\\\/es\\\/actualitat\\\/noticies\\\/mont-roig-y-miami-platja-se-convierten-en-epicentros-del-futbol-base-con-la-5a-edicion-de-la-lsa-cup\\\/#article\",\"isPartOf\":{\"@id\":\"https:\\\/\\\/mont-roig.cat\\\/es\\\/actualitat\\\/noticies\\\/mont-roig-y-miami-platja-se-convierten-en-epicentros-del-futbol-base-con-la-5a-edicion-de-la-lsa-cup\\\/\"},\"author\":{\"name\":\"comunicacio\",\"@id\":\"https:\\\/\\\/mont-roig.cat\\\/es\\\/#\\\/schema\\\/person\\\/1f73e7b5e6f9dd122e8a6f14f310ac5e\"},\"headline\":\"Mont-roig y Miami Platja se convierten en epicentros del f\u00fatbol base con la 5\u00aa edici\u00f3n de la LSA Cup\",\"datePublished\":\"2026-04-01T12:25:23+00:00\",\"dateModified\":\"2026-04-01T12:25:37+00:00\",\"mainEntityOfPage\":{\"@id\":\"https:\\\/\\\/mont-roig.cat\\\/es\\\/actualitat\\\/noticies\\\/mont-roig-y-miami-platja-se-convierten-en-epicentros-del-futbol-base-con-la-5a-edicion-de-la-lsa-cup\\\/\"},\"wordCount\":364,\"image\":{\"@id\":\"https:\\\/\\\/mont-roig.cat\\\/es\\\/actualitat\\\/noticies\\\/mont-roig-y-miami-platja-se-convierten-en-epicentros-del-futbol-base-con-la-5a-edicion-de-la-lsa-cup\\\/#primaryimage\"},\"thumbnailUrl\":\"https:\\\/\\\/mont-roig.cat\\\/wp-content\\\/uploads\\\/LSA-Cup-1.jpeg\",\"articleSection\":[\"Ayuntamiento\",\"Deportes\"],\"inLanguage\":\"es\"},{\"@type\":\"WebPage\",\"@id\":\"https:\\\/\\\/mont-roig.cat\\\/es\\\/actualitat\\\/noticies\\\/mont-roig-y-miami-platja-se-convierten-en-epicentros-del-futbol-base-con-la-5a-edicion-de-la-lsa-cup\\\/\",\"url\":\"https:\\\/\\\/mont-roig.cat\\\/es\\\/actualitat\\\/noticies\\\/mont-roig-y-miami-platja-se-convierten-en-epicentros-del-futbol-base-con-la-5a-edicion-de-la-lsa-cup\\\/\",\"name\":\"Mont-roig y Miami Platja se convierten en epicentros del f\u00fatbol base con la 5\u00aa edici\u00f3n de la LSA Cup - Ajuntament de Mont-roig del Camp\",\"isPartOf\":{\"@id\":\"https:\\\/\\\/mont-roig.cat\\\/es\\\/#website\"},\"primaryImageOfPage\":{\"@id\":\"https:\\\/\\\/mont-roig.cat\\\/es\\\/actualitat\\\/noticies\\\/mont-roig-y-miami-platja-se-convierten-en-epicentros-del-futbol-base-con-la-5a-edicion-de-la-lsa-cup\\\/#primaryimage\"},\"image\":{\"@id\":\"https:\\\/\\\/mont-roig.cat\\\/es\\\/actualitat\\\/noticies\\\/mont-roig-y-miami-platja-se-convierten-en-epicentros-del-futbol-base-con-la-5a-edicion-de-la-lsa-cup\\\/#primaryimage\"},\"thumbnailUrl\":\"https:\\\/\\\/mont-roig.cat\\\/wp-content\\\/uploads\\\/LSA-Cup-1.jpeg\",\"datePublished\":\"2026-04-01T12:25:23+00:00\",\"dateModified\":\"2026-04-01T12:25:37+00:00\",\"author\":{\"@id\":\"https:\\\/\\\/mont-roig.cat\\\/es\\\/#\\\/schema\\\/person\\\/1f73e7b5e6f9dd122e8a6f14f310ac5e\"},\"breadcrumb\":{\"@id\":\"https:\\\/\\\/mont-roig.cat\\\/es\\\/actualitat\\\/noticies\\\/mont-roig-y-miami-platja-se-convierten-en-epicentros-del-futbol-base-con-la-5a-edicion-de-la-lsa-cup\\\/#breadcrumb\"},\"inLanguage\":\"es\",\"potentialAction\":[{\"@type\":\"ReadAction\",\"target\":[\"https:\\\/\\\/mont-roig.cat\\\/es\\\/actualitat\\\/noticies\\\/mont-roig-y-miami-platja-se-convierten-en-epicentros-del-futbol-base-con-la-5a-edicion-de-la-lsa-cup\\\/\"]}]},{\"@type\":\"ImageObject\",\"inLanguage\":\"es\",\"@id\":\"https:\\\/\\\/mont-roig.cat\\\/es\\\/actualitat\\\/noticies\\\/mont-roig-y-miami-platja-se-convierten-en-epicentros-del-futbol-base-con-la-5a-edicion-de-la-lsa-cup\\\/#primaryimage\",\"url\":\"https:\\\/\\\/mont-roig.cat\\\/wp-content\\\/uploads\\\/LSA-Cup-1.jpeg\",\"contentUrl\":\"https:\\\/\\\/mont-roig.cat\\\/wp-content\\\/uploads\\\/LSA-Cup-1.jpeg\",\"width\":1080,\"height\":1350},{\"@type\":\"BreadcrumbList\",\"@id\":\"https:\\\/\\\/mont-roig.cat\\\/es\\\/actualitat\\\/noticies\\\/mont-roig-y-miami-platja-se-convierten-en-epicentros-del-futbol-base-con-la-5a-edicion-de-la-lsa-cup\\\/#breadcrumb\",\"itemListElement\":[{\"@type\":\"ListItem\",\"position\":1,\"name\":\"Inici\",\"item\":\"https:\\\/\\\/mont-roig.cat\\\/es\\\/pagina-de-inicio\\\/\"},{\"@type\":\"ListItem\",\"position\":2,\"name\":\"Mont-roig y Miami Platja se convierten en epicentros del f\u00fatbol base con la 5\u00aa edici\u00f3n de la LSA Cup\"}]},{\"@type\":\"WebSite\",\"@id\":\"https:\\\/\\\/mont-roig.cat\\\/es\\\/#website\",\"url\":\"https:\\\/\\\/mont-roig.cat\\\/es\\\/\",\"name\":\"Ajuntament de Mont-roig del Camp\",\"description\":\"Tota la informaci\u00f3 sobre la instituci\u00f3, els seus \u00f2rgans de govern, actualitat, serveis i molt m\u00e9s.\",\"potentialAction\":[{\"@type\":\"SearchAction\",\"target\":{\"@type\":\"EntryPoint\",\"urlTemplate\":\"https:\\\/\\\/mont-roig.cat\\\/es\\\/?s={search_term_string}\"},\"query-input\":{\"@type\":\"PropertyValueSpecification\",\"valueRequired\":true,\"valueName\":\"search_term_string\"}}],\"inLanguage\":\"es\"},{\"@type\":\"Person\",\"@id\":\"https:\\\/\\\/mont-roig.cat\\\/es\\\/#\\\/schema\\\/person\\\/1f73e7b5e6f9dd122e8a6f14f310ac5e\",\"name\":\"comunicacio\",\"image\":{\"@type\":\"ImageObject\",\"inLanguage\":\"es\",\"@id\":\"https:\\\/\\\/secure.gravatar.com\\\/avatar\\\/98944333e7a877670a64f8d10f0cb680ab2c9ebc4efc43945ef004b52b5ad28c?s=96&d=mm&r=g\",\"url\":\"https:\\\/\\\/secure.gravatar.com\\\/avatar\\\/98944333e7a877670a64f8d10f0cb680ab2c9ebc4efc43945ef004b52b5ad28c?s=96&d=mm&r=g\",\"contentUrl\":\"https:\\\/\\\/secure.gravatar.com\\\/avatar\\\/98944333e7a877670a64f8d10f0cb680ab2c9ebc4efc43945ef004b52b5ad28c?s=96&d=mm&r=g\",\"caption\":\"comunicacio\"},\"url\":\"https:\\\/\\\/mont-roig.cat\\\/es\\\/actualitat\\\/noticies\\\/author\\\/comunicacio\\\/\"}]}<\/script>\n<!-- \/ Yoast SEO plugin. -->","yoast_head_json":{"title":"Mont-roig y Miami Platja se convierten en epicentros del f\u00fatbol base con la 5\u00aa edici\u00f3n de la LSA Cup - Ajuntament de Mont-roig del Camp","robots":{"index":"index","follow":"follow","max-snippet":"max-snippet:-1","max-image-preview":"max-image-preview:large","max-video-preview":"max-video-preview:-1"},"canonical":"https:\/\/mont-roig.cat\/es\/actualitat\/noticies\/mont-roig-y-miami-platja-se-convierten-en-epicentros-del-futbol-base-con-la-5a-edicion-de-la-lsa-cup\/","og_locale":"es_ES","og_type":"article","og_title":"Mont-roig y Miami Platja se convierten en epicentros del f\u00fatbol base con la 5\u00aa edici\u00f3n de la LSA Cup - Ajuntament de Mont-roig del Camp","og_description":"Los campos de f\u00fatbol municipales acoger\u00e1n la competici\u00f3n de 30 de los 46 equipos participantes del 2 al 5 de abril, consolidando el municipio como referente deportivo de la Semana Santa. El municipio de Mont-roig del Camp se prepara para vivir una de las citas m\u00e1s destacadas del calendario deportivo de Semana Santa: la LSA [&hellip;]","og_url":"https:\/\/mont-roig.cat\/es\/actualitat\/noticies\/mont-roig-y-miami-platja-se-convierten-en-epicentros-del-futbol-base-con-la-5a-edicion-de-la-lsa-cup\/","og_site_name":"Ajuntament de Mont-roig del Camp","article_published_time":"2026-04-01T12:25:23+00:00","article_modified_time":"2026-04-01T12:25:37+00:00","og_image":[{"width":1080,"height":1350,"url":"https:\/\/mont-roig.cat\/wp-content\/uploads\/LSA-Cup-1.jpeg","type":"image\/jpeg"}],"author":"comunicacio","twitter_card":"summary_large_image","twitter_misc":{"Escrito por":"comunicacio","Tiempo de lectura":"3 minutos"},"schema":{"@context":"https:\/\/schema.org","@graph":[{"@type":"Article","@id":"https:\/\/mont-roig.cat\/es\/actualitat\/noticies\/mont-roig-y-miami-platja-se-convierten-en-epicentros-del-futbol-base-con-la-5a-edicion-de-la-lsa-cup\/#article","isPartOf":{"@id":"https:\/\/mont-roig.cat\/es\/actualitat\/noticies\/mont-roig-y-miami-platja-se-convierten-en-epicentros-del-futbol-base-con-la-5a-edicion-de-la-lsa-cup\/"},"author":{"name":"comunicacio","@id":"https:\/\/mont-roig.cat\/es\/#\/schema\/person\/1f73e7b5e6f9dd122e8a6f14f310ac5e"},"headline":"Mont-roig y Miami Platja se convierten en epicentros del f\u00fatbol base con la 5\u00aa edici\u00f3n de la LSA Cup","datePublished":"2026-04-01T12:25:23+00:00","dateModified":"2026-04-01T12:25:37+00:00","mainEntityOfPage":{"@id":"https:\/\/mont-roig.cat\/es\/actualitat\/noticies\/mont-roig-y-miami-platja-se-convierten-en-epicentros-del-futbol-base-con-la-5a-edicion-de-la-lsa-cup\/"},"wordCount":364,"image":{"@id":"https:\/\/mont-roig.cat\/es\/actualitat\/noticies\/mont-roig-y-miami-platja-se-convierten-en-epicentros-del-futbol-base-con-la-5a-edicion-de-la-lsa-cup\/#primaryimage"},"thumbnailUrl":"https:\/\/mont-roig.cat\/wp-content\/uploads\/LSA-Cup-1.jpeg","articleSection":["Ayuntamiento","Deportes"],"inLanguage":"es"},{"@type":"WebPage","@id":"https:\/\/mont-roig.cat\/es\/actualitat\/noticies\/mont-roig-y-miami-platja-se-convierten-en-epicentros-del-futbol-base-con-la-5a-edicion-de-la-lsa-cup\/","url":"https:\/\/mont-roig.cat\/es\/actualitat\/noticies\/mont-roig-y-miami-platja-se-convierten-en-epicentros-del-futbol-base-con-la-5a-edicion-de-la-lsa-cup\/","name":"Mont-roig y Miami Platja se convierten en epicentros del f\u00fatbol base con la 5\u00aa edici\u00f3n de la LSA Cup - Ajuntament de Mont-roig del Camp","isPartOf":{"@id":"https:\/\/mont-roig.cat\/es\/#website"},"primaryImageOfPage":{"@id":"https:\/\/mont-roig.cat\/es\/actualitat\/noticies\/mont-roig-y-miami-platja-se-convierten-en-epicentros-del-futbol-base-con-la-5a-edicion-de-la-lsa-cup\/#primaryimage"},"image":{"@id":"https:\/\/mont-roig.cat\/es\/actualitat\/noticies\/mont-roig-y-miami-platja-se-convierten-en-epicentros-del-futbol-base-con-la-5a-edicion-de-la-lsa-cup\/#primaryimage"},"thumbnailUrl":"https:\/\/mont-roig.cat\/wp-content\/uploads\/LSA-Cup-1.jpeg","datePublished":"2026-04-01T12:25:23+00:00","dateModified":"2026-04-01T12:25:37+00:00","author":{"@id":"https:\/\/mont-roig.cat\/es\/#\/schema\/person\/1f73e7b5e6f9dd122e8a6f14f310ac5e"},"breadcrumb":{"@id":"https:\/\/mont-roig.cat\/es\/actualitat\/noticies\/mont-roig-y-miami-platja-se-convierten-en-epicentros-del-futbol-base-con-la-5a-edicion-de-la-lsa-cup\/#breadcrumb"},"inLanguage":"es","potentialAction":[{"@type":"ReadAction","target":["https:\/\/mont-roig.cat\/es\/actualitat\/noticies\/mont-roig-y-miami-platja-se-convierten-en-epicentros-del-futbol-base-con-la-5a-edicion-de-la-lsa-cup\/"]}]},{"@type":"ImageObject","inLanguage":"es","@id":"https:\/\/mont-roig.cat\/es\/actualitat\/noticies\/mont-roig-y-miami-platja-se-convierten-en-epicentros-del-futbol-base-con-la-5a-edicion-de-la-lsa-cup\/#primaryimage","url":"https:\/\/mont-roig.cat\/wp-content\/uploads\/LSA-Cup-1.jpeg","contentUrl":"https:\/\/mont-roig.cat\/wp-content\/uploads\/LSA-Cup-1.jpeg","width":1080,"height":1350},{"@type":"BreadcrumbList","@id":"https:\/\/mont-roig.cat\/es\/actualitat\/noticies\/mont-roig-y-miami-platja-se-convierten-en-epicentros-del-futbol-base-con-la-5a-edicion-de-la-lsa-cup\/#breadcrumb","itemListElement":[{"@type":"ListItem","position":1,"name":"Inici","item":"https:\/\/mont-roig.cat\/es\/pagina-de-inicio\/"},{"@type":"ListItem","position":2,"name":"Mont-roig y Miami Platja se convierten en epicentros del f\u00fatbol base con la 5\u00aa edici\u00f3n de la LSA Cup"}]},{"@type":"WebSite","@id":"https:\/\/mont-roig.cat\/es\/#website","url":"https:\/\/mont-roig.cat\/es\/","name":"Ajuntament de Mont-roig del Camp","description":"Tota la informaci\u00f3 sobre la instituci\u00f3, els seus \u00f2rgans de govern, actualitat, serveis i molt m\u00e9s.","potentialAction":[{"@type":"SearchAction","target":{"@type":"EntryPoint","urlTemplate":"https:\/\/mont-roig.cat\/es\/?s={search_term_string}"},"query-input":{"@type":"PropertyValueSpecification","valueRequired":true,"valueName":"search_term_string"}}],"inLanguage":"es"},{"@type":"Person","@id":"https:\/\/mont-roig.cat\/es\/#\/schema\/person\/1f73e7b5e6f9dd122e8a6f14f310ac5e","name":"comunicacio","image":{"@type":"ImageObject","inLanguage":"es","@id":"https:\/\/secure.gravatar.com\/avatar\/98944333e7a877670a64f8d10f0cb680ab2c9ebc4efc43945ef004b52b5ad28c?s=96&d=mm&r=g","url":"https:\/\/secure.gravatar.com\/avatar\/98944333e7a877670a64f8d10f0cb680ab2c9ebc4efc43945ef004b52b5ad28c?s=96&d=mm&r=g","contentUrl":"https:\/\/secure.gravatar.com\/avatar\/98944333e7a877670a64f8d10f0cb680ab2c9ebc4efc43945ef004b52b5ad28c?s=96&d=mm&r=g","caption":"comunicacio"},"url":"https:\/\/mont-roig.cat\/es\/actualitat\/noticies\/author\/comunicacio\/"}]}},"_links":{"self":[{"href":"https:\/\/mont-roig.cat\/es\/wp-json\/wp\/v2\/posts\/90560","targetHints":{"allow":["GET"]}}],"collection":[{"href":"https:\/\/mont-roig.cat\/es\/wp-json\/wp\/v2\/posts"}],"about":[{"href":"https:\/\/mont-roig.cat\/es\/wp-json\/wp\/v2\/types\/post"}],"author":[{"embeddable":true,"href":"https:\/\/mont-roig.cat\/es\/wp-json\/wp\/v2\/users\/13"}],"replies":[{"embeddable":true,"href":"https:\/\/mont-roig.cat\/es\/wp-json\/wp\/v2\/comments?post=90560"}],"version-history":[{"count":1,"href":"https:\/\/mont-roig.cat\/es\/wp-json\/wp\/v2\/posts\/90560\/revisions"}],"predecessor-version":[{"id":90561,"href":"https:\/\/mont-roig.cat\/es\/wp-json\/wp\/v2\/posts\/90560\/revisions\/90561"}],"wp:featuredmedia":[{"embeddable":true,"href":"https:\/\/mont-roig.cat\/es\/wp-json\/wp\/v2\/media\/90559"}],"wp:attachment":[{"href":"https:\/\/mont-roig.cat\/es\/wp-json\/wp\/v2\/media?parent=90560"}],"wp:term":[{"taxonomy":"category","embeddable":true,"href":"https:\/\/mont-roig.cat\/es\/wp-json\/wp\/v2\/categories?post=90560"},{"taxonomy":"post_tag","embeddable":true,"href":"https:\/\/mont-roig.cat\/es\/wp-json\/wp\/v2\/tags?post=90560"}],"curies":[{"name":"wp","href":"https:\/\/api.w.org\/{rel}","templated":true}]}}