{"id":90568,"date":"2026-04-01T14:32:38","date_gmt":"2026-04-01T12:32:38","guid":{"rendered":"https:\/\/mont-roig.cat\/actualitat\/noticies\/lajuntament-de-mont-roig-del-camp-estrena-perfil-oficial-a-linkedin-per-potenciar-locupacio-i-limpuls-economic\/"},"modified":"2026-04-01T14:38:12","modified_gmt":"2026-04-01T12:38:12","slug":"el-ayuntamiento-de-mont-roig-del-camp-estrena-perfil-oficial-en-linkedin-para-potenciar-el-empleo-y-el-impulso-economico","status":"publish","type":"post","link":"https:\/\/mont-roig.cat\/es\/actualitat\/noticies\/el-ayuntamiento-de-mont-roig-del-camp-estrena-perfil-oficial-en-linkedin-para-potenciar-el-empleo-y-el-impulso-economico\/","title":{"rendered":"El Ayuntamiento de Mont-roig del Camp estrena perfil oficial en LinkedIn para potenciar el empleo y el impulso econ\u00f3mico"},"content":{"rendered":"<p><strong><strong><a href=\"https:\/\/mont-roig.cat\/wp-content\/uploads\/Linkedin.jpeg\" target=\"_blank\" rel=\"noopener\"><img loading=\"lazy\" decoding=\"async\" class=\"alignright wp-image-90564\" src=\"https:\/\/mont-roig.cat\/wp-content\/uploads\/Linkedin-281x500.jpeg\" alt=\"\" width=\"253\" height=\"450\" srcset=\"https:\/\/mont-roig.cat\/wp-content\/uploads\/Linkedin-281x500.jpeg 281w, https:\/\/mont-roig.cat\/wp-content\/uploads\/Linkedin-576x1024.jpeg 576w, https:\/\/mont-roig.cat\/wp-content\/uploads\/Linkedin-768x1365.jpeg 768w, https:\/\/mont-roig.cat\/wp-content\/uploads\/Linkedin-864x1536.jpeg 864w, https:\/\/mont-roig.cat\/wp-content\/uploads\/Linkedin.jpeg 900w\" sizes=\"auto, (max-width: 253px) 100vw, 253px\" \/><\/a><\/strong><\/strong><\/p>\n<ul>\n<li data-path-to-node=\"2\"><strong>La nueva plataforma se suma a Facebook e Instagram para difundir las ofertas de empleo p\u00fablico y toda la actualidad estrat\u00e9gica para empresas y trabajadores del municipio.<\/strong><\/li>\n<\/ul>\n<p data-path-to-node=\"3\">El Ayuntamiento de Mont-roig del Camp ampl\u00eda su presencia digital con la creaci\u00f3n de un nuevo perfil oficial en la red social LinkedIn. Esta herramienta nace con la voluntad de convertirse en un canal de referencia profesional que se suma a las comunidades ya existentes en Facebook e Instagram, ofreciendo un espacio espec\u00edfico para la comunicaci\u00f3n corporativa y laboral del consistorio.<\/p>\n<p data-path-to-node=\"4\">Este nuevo canal servir\u00e1 prioritariamente para dar difusi\u00f3n a todas las ofertas de empleo del Ayuntamiento, facilitando que las personas interesadas puedan estar al d\u00eda de las convocatorias de forma inmediata. Asimismo, el perfil ser\u00e1 un altavoz clave para toda la informaci\u00f3n relacionada con el empleo, los programas de formaci\u00f3n y las iniciativas de impulso econ\u00f3mico dirigidas al tejido empresarial y emprendedor del municipio. Con esta apuesta, el Ayuntamiento reafirma su compromiso con la transparencia y la dinamizaci\u00f3n del mercado de trabajo local.<\/p>\n<p data-path-to-node=\"5\">Enlace linkedin: <a class=\"ng-star-inserted\" href=\"https:\/\/www.google.com\/search?q=https:\/\/www.linkedin.com\/company\/aj-de-mont-roig-del-camp\/\" target=\"_blank\" rel=\"noopener\">https:\/\/www.linkedin.com\/company\/aj-de-mont-roig-del-camp\/<\/a><\/p>\n","protected":false},"excerpt":{"rendered":"<p>La nueva plataforma se suma a Facebook e Instagram para difundir las ofertas de empleo p\u00fablico y toda la actualidad estrat\u00e9gica para empresas y trabajadores del municipio. El Ayuntamiento de Mont-roig del Camp ampl\u00eda su presencia digital con la creaci\u00f3n de un nuevo perfil oficial en la red social LinkedIn. Esta herramienta nace con la [&hellip;]<\/p>\n","protected":false},"author":13,"featured_media":90566,"comment_status":"closed","ping_status":"closed","sticky":false,"template":"","format":"standard","meta":{"inline_featured_image":false,"_monsterinsights_skip_tracking":false,"_monsterinsights_sitenote_active":false,"_monsterinsights_sitenote_note":"","_monsterinsights_sitenote_category":0,"footnotes":""},"categories":[156,98,169],"tags":[],"class_list":["post-90568","post","type-post","status-publish","format-standard","has-post-thumbnail","hentry","category-alcalde-es","category-ayuntamiento","category-impuls-economic-i-ocupacio-es"],"yoast_head":"<!-- This site is optimized with the Yoast SEO plugin v27.4 - https:\/\/yoast.com\/product\/yoast-seo-wordpress\/ -->\n<title>El Ayuntamiento de Mont-roig del Camp estrena perfil oficial en LinkedIn para potenciar el empleo y el impulso econ\u00f3mico - Ajuntament de Mont-roig del Camp<\/title>\n<meta name=\"robots\" content=\"index, follow, max-snippet:-1, max-image-preview:large, max-video-preview:-1\" \/>\n<link rel=\"canonical\" href=\"https:\/\/mont-roig.cat\/es\/actualitat\/noticies\/el-ayuntamiento-de-mont-roig-del-camp-estrena-perfil-oficial-en-linkedin-para-potenciar-el-empleo-y-el-impulso-economico\/\" \/>\n<meta property=\"og:locale\" content=\"es_ES\" \/>\n<meta property=\"og:type\" content=\"article\" \/>\n<meta property=\"og:title\" content=\"El Ayuntamiento de Mont-roig del Camp estrena perfil oficial en LinkedIn para potenciar el empleo y el impulso econ\u00f3mico - Ajuntament de Mont-roig del Camp\" \/>\n<meta property=\"og:description\" content=\"La nueva plataforma se suma a Facebook e Instagram para difundir las ofertas de empleo p\u00fablico y toda la actualidad estrat\u00e9gica para empresas y trabajadores del municipio. El Ayuntamiento de Mont-roig del Camp ampl\u00eda su presencia digital con la creaci\u00f3n de un nuevo perfil oficial en la red social LinkedIn. Esta herramienta nace con la [&hellip;]\" \/>\n<meta property=\"og:url\" content=\"https:\/\/mont-roig.cat\/es\/actualitat\/noticies\/el-ayuntamiento-de-mont-roig-del-camp-estrena-perfil-oficial-en-linkedin-para-potenciar-el-empleo-y-el-impulso-economico\/\" \/>\n<meta property=\"og:site_name\" content=\"Ajuntament de Mont-roig del Camp\" \/>\n<meta property=\"article:published_time\" content=\"2026-04-01T12:32:38+00:00\" \/>\n<meta property=\"article:modified_time\" content=\"2026-04-01T12:38:12+00:00\" \/>\n<meta property=\"og:image\" content=\"https:\/\/mont-roig.cat\/wp-content\/uploads\/Linkedin.jpeg\" \/>\n\t<meta property=\"og:image:width\" content=\"900\" \/>\n\t<meta property=\"og:image:height\" content=\"1600\" \/>\n\t<meta property=\"og:image:type\" content=\"image\/jpeg\" \/>\n<meta name=\"author\" content=\"comunicacio\" \/>\n<meta name=\"twitter:card\" content=\"summary_large_image\" \/>\n<meta name=\"twitter:label1\" content=\"Escrito por\" \/>\n\t<meta name=\"twitter:data1\" content=\"comunicacio\" \/>\n\t<meta name=\"twitter:label2\" content=\"Tiempo de lectura\" \/>\n\t<meta name=\"twitter:data2\" content=\"2 minutos\" \/>\n<script type=\"application\/ld+json\" class=\"yoast-schema-graph\">{\"@context\":\"https:\\\/\\\/schema.org\",\"@graph\":[{\"@type\":\"Article\",\"@id\":\"https:\\\/\\\/mont-roig.cat\\\/es\\\/actualitat\\\/noticies\\\/el-ayuntamiento-de-mont-roig-del-camp-estrena-perfil-oficial-en-linkedin-para-potenciar-el-empleo-y-el-impulso-economico\\\/#article\",\"isPartOf\":{\"@id\":\"https:\\\/\\\/mont-roig.cat\\\/es\\\/actualitat\\\/noticies\\\/el-ayuntamiento-de-mont-roig-del-camp-estrena-perfil-oficial-en-linkedin-para-potenciar-el-empleo-y-el-impulso-economico\\\/\"},\"author\":{\"name\":\"comunicacio\",\"@id\":\"https:\\\/\\\/mont-roig.cat\\\/es\\\/#\\\/schema\\\/person\\\/1f73e7b5e6f9dd122e8a6f14f310ac5e\"},\"headline\":\"El Ayuntamiento de Mont-roig del Camp estrena perfil oficial en LinkedIn para potenciar el empleo y el impulso econ\u00f3mico\",\"datePublished\":\"2026-04-01T12:32:38+00:00\",\"dateModified\":\"2026-04-01T12:38:12+00:00\",\"mainEntityOfPage\":{\"@id\":\"https:\\\/\\\/mont-roig.cat\\\/es\\\/actualitat\\\/noticies\\\/el-ayuntamiento-de-mont-roig-del-camp-estrena-perfil-oficial-en-linkedin-para-potenciar-el-empleo-y-el-impulso-economico\\\/\"},\"wordCount\":211,\"image\":{\"@id\":\"https:\\\/\\\/mont-roig.cat\\\/es\\\/actualitat\\\/noticies\\\/el-ayuntamiento-de-mont-roig-del-camp-estrena-perfil-oficial-en-linkedin-para-potenciar-el-empleo-y-el-impulso-economico\\\/#primaryimage\"},\"thumbnailUrl\":\"https:\\\/\\\/mont-roig.cat\\\/wp-content\\\/uploads\\\/Linkedin.jpeg\",\"articleSection\":[\"Alcalde\",\"Ayuntamiento\",\"Impuls Econ\u00f2mic i Ocupaci\u00f3\"],\"inLanguage\":\"es\"},{\"@type\":\"WebPage\",\"@id\":\"https:\\\/\\\/mont-roig.cat\\\/es\\\/actualitat\\\/noticies\\\/el-ayuntamiento-de-mont-roig-del-camp-estrena-perfil-oficial-en-linkedin-para-potenciar-el-empleo-y-el-impulso-economico\\\/\",\"url\":\"https:\\\/\\\/mont-roig.cat\\\/es\\\/actualitat\\\/noticies\\\/el-ayuntamiento-de-mont-roig-del-camp-estrena-perfil-oficial-en-linkedin-para-potenciar-el-empleo-y-el-impulso-economico\\\/\",\"name\":\"El Ayuntamiento de Mont-roig del Camp estrena perfil oficial en LinkedIn para potenciar el empleo y el impulso econ\u00f3mico - Ajuntament de Mont-roig del Camp\",\"isPartOf\":{\"@id\":\"https:\\\/\\\/mont-roig.cat\\\/es\\\/#website\"},\"primaryImageOfPage\":{\"@id\":\"https:\\\/\\\/mont-roig.cat\\\/es\\\/actualitat\\\/noticies\\\/el-ayuntamiento-de-mont-roig-del-camp-estrena-perfil-oficial-en-linkedin-para-potenciar-el-empleo-y-el-impulso-economico\\\/#primaryimage\"},\"image\":{\"@id\":\"https:\\\/\\\/mont-roig.cat\\\/es\\\/actualitat\\\/noticies\\\/el-ayuntamiento-de-mont-roig-del-camp-estrena-perfil-oficial-en-linkedin-para-potenciar-el-empleo-y-el-impulso-economico\\\/#primaryimage\"},\"thumbnailUrl\":\"https:\\\/\\\/mont-roig.cat\\\/wp-content\\\/uploads\\\/Linkedin.jpeg\",\"datePublished\":\"2026-04-01T12:32:38+00:00\",\"dateModified\":\"2026-04-01T12:38:12+00:00\",\"author\":{\"@id\":\"https:\\\/\\\/mont-roig.cat\\\/es\\\/#\\\/schema\\\/person\\\/1f73e7b5e6f9dd122e8a6f14f310ac5e\"},\"breadcrumb\":{\"@id\":\"https:\\\/\\\/mont-roig.cat\\\/es\\\/actualitat\\\/noticies\\\/el-ayuntamiento-de-mont-roig-del-camp-estrena-perfil-oficial-en-linkedin-para-potenciar-el-empleo-y-el-impulso-economico\\\/#breadcrumb\"},\"inLanguage\":\"es\",\"potentialAction\":[{\"@type\":\"ReadAction\",\"target\":[\"https:\\\/\\\/mont-roig.cat\\\/es\\\/actualitat\\\/noticies\\\/el-ayuntamiento-de-mont-roig-del-camp-estrena-perfil-oficial-en-linkedin-para-potenciar-el-empleo-y-el-impulso-economico\\\/\"]}]},{\"@type\":\"ImageObject\",\"inLanguage\":\"es\",\"@id\":\"https:\\\/\\\/mont-roig.cat\\\/es\\\/actualitat\\\/noticies\\\/el-ayuntamiento-de-mont-roig-del-camp-estrena-perfil-oficial-en-linkedin-para-potenciar-el-empleo-y-el-impulso-economico\\\/#primaryimage\",\"url\":\"https:\\\/\\\/mont-roig.cat\\\/wp-content\\\/uploads\\\/Linkedin.jpeg\",\"contentUrl\":\"https:\\\/\\\/mont-roig.cat\\\/wp-content\\\/uploads\\\/Linkedin.jpeg\",\"width\":900,\"height\":1600},{\"@type\":\"BreadcrumbList\",\"@id\":\"https:\\\/\\\/mont-roig.cat\\\/es\\\/actualitat\\\/noticies\\\/el-ayuntamiento-de-mont-roig-del-camp-estrena-perfil-oficial-en-linkedin-para-potenciar-el-empleo-y-el-impulso-economico\\\/#breadcrumb\",\"itemListElement\":[{\"@type\":\"ListItem\",\"position\":1,\"name\":\"Inici\",\"item\":\"https:\\\/\\\/mont-roig.cat\\\/es\\\/pagina-de-inicio\\\/\"},{\"@type\":\"ListItem\",\"position\":2,\"name\":\"El Ayuntamiento de Mont-roig del Camp estrena perfil oficial en LinkedIn para potenciar el empleo y el impulso econ\u00f3mico\"}]},{\"@type\":\"WebSite\",\"@id\":\"https:\\\/\\\/mont-roig.cat\\\/es\\\/#website\",\"url\":\"https:\\\/\\\/mont-roig.cat\\\/es\\\/\",\"name\":\"Ajuntament de Mont-roig del Camp\",\"description\":\"Tota la informaci\u00f3 sobre la instituci\u00f3, els seus \u00f2rgans de govern, actualitat, serveis i molt m\u00e9s.\",\"potentialAction\":[{\"@type\":\"SearchAction\",\"target\":{\"@type\":\"EntryPoint\",\"urlTemplate\":\"https:\\\/\\\/mont-roig.cat\\\/es\\\/?s={search_term_string}\"},\"query-input\":{\"@type\":\"PropertyValueSpecification\",\"valueRequired\":true,\"valueName\":\"search_term_string\"}}],\"inLanguage\":\"es\"},{\"@type\":\"Person\",\"@id\":\"https:\\\/\\\/mont-roig.cat\\\/es\\\/#\\\/schema\\\/person\\\/1f73e7b5e6f9dd122e8a6f14f310ac5e\",\"name\":\"comunicacio\",\"image\":{\"@type\":\"ImageObject\",\"inLanguage\":\"es\",\"@id\":\"https:\\\/\\\/secure.gravatar.com\\\/avatar\\\/98944333e7a877670a64f8d10f0cb680ab2c9ebc4efc43945ef004b52b5ad28c?s=96&d=mm&r=g\",\"url\":\"https:\\\/\\\/secure.gravatar.com\\\/avatar\\\/98944333e7a877670a64f8d10f0cb680ab2c9ebc4efc43945ef004b52b5ad28c?s=96&d=mm&r=g\",\"contentUrl\":\"https:\\\/\\\/secure.gravatar.com\\\/avatar\\\/98944333e7a877670a64f8d10f0cb680ab2c9ebc4efc43945ef004b52b5ad28c?s=96&d=mm&r=g\",\"caption\":\"comunicacio\"},\"url\":\"https:\\\/\\\/mont-roig.cat\\\/es\\\/actualitat\\\/noticies\\\/author\\\/comunicacio\\\/\"}]}<\/script>\n<!-- \/ Yoast SEO plugin. -->","yoast_head_json":{"title":"El Ayuntamiento de Mont-roig del Camp estrena perfil oficial en LinkedIn para potenciar el empleo y el impulso econ\u00f3mico - Ajuntament de Mont-roig del Camp","robots":{"index":"index","follow":"follow","max-snippet":"max-snippet:-1","max-image-preview":"max-image-preview:large","max-video-preview":"max-video-preview:-1"},"canonical":"https:\/\/mont-roig.cat\/es\/actualitat\/noticies\/el-ayuntamiento-de-mont-roig-del-camp-estrena-perfil-oficial-en-linkedin-para-potenciar-el-empleo-y-el-impulso-economico\/","og_locale":"es_ES","og_type":"article","og_title":"El Ayuntamiento de Mont-roig del Camp estrena perfil oficial en LinkedIn para potenciar el empleo y el impulso econ\u00f3mico - Ajuntament de Mont-roig del Camp","og_description":"La nueva plataforma se suma a Facebook e Instagram para difundir las ofertas de empleo p\u00fablico y toda la actualidad estrat\u00e9gica para empresas y trabajadores del municipio. El Ayuntamiento de Mont-roig del Camp ampl\u00eda su presencia digital con la creaci\u00f3n de un nuevo perfil oficial en la red social LinkedIn. Esta herramienta nace con la [&hellip;]","og_url":"https:\/\/mont-roig.cat\/es\/actualitat\/noticies\/el-ayuntamiento-de-mont-roig-del-camp-estrena-perfil-oficial-en-linkedin-para-potenciar-el-empleo-y-el-impulso-economico\/","og_site_name":"Ajuntament de Mont-roig del Camp","article_published_time":"2026-04-01T12:32:38+00:00","article_modified_time":"2026-04-01T12:38:12+00:00","og_image":[{"width":900,"height":1600,"url":"https:\/\/mont-roig.cat\/wp-content\/uploads\/Linkedin.jpeg","type":"image\/jpeg"}],"author":"comunicacio","twitter_card":"summary_large_image","twitter_misc":{"Escrito por":"comunicacio","Tiempo de lectura":"2 minutos"},"schema":{"@context":"https:\/\/schema.org","@graph":[{"@type":"Article","@id":"https:\/\/mont-roig.cat\/es\/actualitat\/noticies\/el-ayuntamiento-de-mont-roig-del-camp-estrena-perfil-oficial-en-linkedin-para-potenciar-el-empleo-y-el-impulso-economico\/#article","isPartOf":{"@id":"https:\/\/mont-roig.cat\/es\/actualitat\/noticies\/el-ayuntamiento-de-mont-roig-del-camp-estrena-perfil-oficial-en-linkedin-para-potenciar-el-empleo-y-el-impulso-economico\/"},"author":{"name":"comunicacio","@id":"https:\/\/mont-roig.cat\/es\/#\/schema\/person\/1f73e7b5e6f9dd122e8a6f14f310ac5e"},"headline":"El Ayuntamiento de Mont-roig del Camp estrena perfil oficial en LinkedIn para potenciar el empleo y el impulso econ\u00f3mico","datePublished":"2026-04-01T12:32:38+00:00","dateModified":"2026-04-01T12:38:12+00:00","mainEntityOfPage":{"@id":"https:\/\/mont-roig.cat\/es\/actualitat\/noticies\/el-ayuntamiento-de-mont-roig-del-camp-estrena-perfil-oficial-en-linkedin-para-potenciar-el-empleo-y-el-impulso-economico\/"},"wordCount":211,"image":{"@id":"https:\/\/mont-roig.cat\/es\/actualitat\/noticies\/el-ayuntamiento-de-mont-roig-del-camp-estrena-perfil-oficial-en-linkedin-para-potenciar-el-empleo-y-el-impulso-economico\/#primaryimage"},"thumbnailUrl":"https:\/\/mont-roig.cat\/wp-content\/uploads\/Linkedin.jpeg","articleSection":["Alcalde","Ayuntamiento","Impuls Econ\u00f2mic i Ocupaci\u00f3"],"inLanguage":"es"},{"@type":"WebPage","@id":"https:\/\/mont-roig.cat\/es\/actualitat\/noticies\/el-ayuntamiento-de-mont-roig-del-camp-estrena-perfil-oficial-en-linkedin-para-potenciar-el-empleo-y-el-impulso-economico\/","url":"https:\/\/mont-roig.cat\/es\/actualitat\/noticies\/el-ayuntamiento-de-mont-roig-del-camp-estrena-perfil-oficial-en-linkedin-para-potenciar-el-empleo-y-el-impulso-economico\/","name":"El Ayuntamiento de Mont-roig del Camp estrena perfil oficial en LinkedIn para potenciar el empleo y el impulso econ\u00f3mico - Ajuntament de Mont-roig del Camp","isPartOf":{"@id":"https:\/\/mont-roig.cat\/es\/#website"},"primaryImageOfPage":{"@id":"https:\/\/mont-roig.cat\/es\/actualitat\/noticies\/el-ayuntamiento-de-mont-roig-del-camp-estrena-perfil-oficial-en-linkedin-para-potenciar-el-empleo-y-el-impulso-economico\/#primaryimage"},"image":{"@id":"https:\/\/mont-roig.cat\/es\/actualitat\/noticies\/el-ayuntamiento-de-mont-roig-del-camp-estrena-perfil-oficial-en-linkedin-para-potenciar-el-empleo-y-el-impulso-economico\/#primaryimage"},"thumbnailUrl":"https:\/\/mont-roig.cat\/wp-content\/uploads\/Linkedin.jpeg","datePublished":"2026-04-01T12:32:38+00:00","dateModified":"2026-04-01T12:38:12+00:00","author":{"@id":"https:\/\/mont-roig.cat\/es\/#\/schema\/person\/1f73e7b5e6f9dd122e8a6f14f310ac5e"},"breadcrumb":{"@id":"https:\/\/mont-roig.cat\/es\/actualitat\/noticies\/el-ayuntamiento-de-mont-roig-del-camp-estrena-perfil-oficial-en-linkedin-para-potenciar-el-empleo-y-el-impulso-economico\/#breadcrumb"},"inLanguage":"es","potentialAction":[{"@type":"ReadAction","target":["https:\/\/mont-roig.cat\/es\/actualitat\/noticies\/el-ayuntamiento-de-mont-roig-del-camp-estrena-perfil-oficial-en-linkedin-para-potenciar-el-empleo-y-el-impulso-economico\/"]}]},{"@type":"ImageObject","inLanguage":"es","@id":"https:\/\/mont-roig.cat\/es\/actualitat\/noticies\/el-ayuntamiento-de-mont-roig-del-camp-estrena-perfil-oficial-en-linkedin-para-potenciar-el-empleo-y-el-impulso-economico\/#primaryimage","url":"https:\/\/mont-roig.cat\/wp-content\/uploads\/Linkedin.jpeg","contentUrl":"https:\/\/mont-roig.cat\/wp-content\/uploads\/Linkedin.jpeg","width":900,"height":1600},{"@type":"BreadcrumbList","@id":"https:\/\/mont-roig.cat\/es\/actualitat\/noticies\/el-ayuntamiento-de-mont-roig-del-camp-estrena-perfil-oficial-en-linkedin-para-potenciar-el-empleo-y-el-impulso-economico\/#breadcrumb","itemListElement":[{"@type":"ListItem","position":1,"name":"Inici","item":"https:\/\/mont-roig.cat\/es\/pagina-de-inicio\/"},{"@type":"ListItem","position":2,"name":"El Ayuntamiento de Mont-roig del Camp estrena perfil oficial en LinkedIn para potenciar el empleo y el impulso econ\u00f3mico"}]},{"@type":"WebSite","@id":"https:\/\/mont-roig.cat\/es\/#website","url":"https:\/\/mont-roig.cat\/es\/","name":"Ajuntament de Mont-roig del Camp","description":"Tota la informaci\u00f3 sobre la instituci\u00f3, els seus \u00f2rgans de govern, actualitat, serveis i molt m\u00e9s.","potentialAction":[{"@type":"SearchAction","target":{"@type":"EntryPoint","urlTemplate":"https:\/\/mont-roig.cat\/es\/?s={search_term_string}"},"query-input":{"@type":"PropertyValueSpecification","valueRequired":true,"valueName":"search_term_string"}}],"inLanguage":"es"},{"@type":"Person","@id":"https:\/\/mont-roig.cat\/es\/#\/schema\/person\/1f73e7b5e6f9dd122e8a6f14f310ac5e","name":"comunicacio","image":{"@type":"ImageObject","inLanguage":"es","@id":"https:\/\/secure.gravatar.com\/avatar\/98944333e7a877670a64f8d10f0cb680ab2c9ebc4efc43945ef004b52b5ad28c?s=96&d=mm&r=g","url":"https:\/\/secure.gravatar.com\/avatar\/98944333e7a877670a64f8d10f0cb680ab2c9ebc4efc43945ef004b52b5ad28c?s=96&d=mm&r=g","contentUrl":"https:\/\/secure.gravatar.com\/avatar\/98944333e7a877670a64f8d10f0cb680ab2c9ebc4efc43945ef004b52b5ad28c?s=96&d=mm&r=g","caption":"comunicacio"},"url":"https:\/\/mont-roig.cat\/es\/actualitat\/noticies\/author\/comunicacio\/"}]}},"_links":{"self":[{"href":"https:\/\/mont-roig.cat\/es\/wp-json\/wp\/v2\/posts\/90568","targetHints":{"allow":["GET"]}}],"collection":[{"href":"https:\/\/mont-roig.cat\/es\/wp-json\/wp\/v2\/posts"}],"about":[{"href":"https:\/\/mont-roig.cat\/es\/wp-json\/wp\/v2\/types\/post"}],"author":[{"embeddable":true,"href":"https:\/\/mont-roig.cat\/es\/wp-json\/wp\/v2\/users\/13"}],"replies":[{"embeddable":true,"href":"https:\/\/mont-roig.cat\/es\/wp-json\/wp\/v2\/comments?post=90568"}],"version-history":[{"count":2,"href":"https:\/\/mont-roig.cat\/es\/wp-json\/wp\/v2\/posts\/90568\/revisions"}],"predecessor-version":[{"id":90570,"href":"https:\/\/mont-roig.cat\/es\/wp-json\/wp\/v2\/posts\/90568\/revisions\/90570"}],"wp:featuredmedia":[{"embeddable":true,"href":"https:\/\/mont-roig.cat\/es\/wp-json\/wp\/v2\/media\/90566"}],"wp:attachment":[{"href":"https:\/\/mont-roig.cat\/es\/wp-json\/wp\/v2\/media?parent=90568"}],"wp:term":[{"taxonomy":"category","embeddable":true,"href":"https:\/\/mont-roig.cat\/es\/wp-json\/wp\/v2\/categories?post=90568"},{"taxonomy":"post_tag","embeddable":true,"href":"https:\/\/mont-roig.cat\/es\/wp-json\/wp\/v2\/tags?post=90568"}],"curies":[{"name":"wp","href":"https:\/\/api.w.org\/{rel}","templated":true}]}}