{"id":90593,"date":"2026-04-02T13:25:26","date_gmt":"2026-04-02T11:25:26","guid":{"rendered":"https:\/\/mont-roig.cat\/actualitat\/noticies\/lajuntament-habilita-un-nou-aparcament-al-tram-final-de-les-obres-de-lavinguda-de-barcelona-coincidint-amb-setmana-santa\/"},"modified":"2026-04-02T13:29:23","modified_gmt":"2026-04-02T11:29:23","slug":"el-ayuntamiento-habilita-un-nuevo-aparcamiento-en-el-tramo-final-de-las-obras-de-la-avenida-de-barcelona-coincidiendo-con-semana-santa","status":"publish","type":"post","link":"https:\/\/mont-roig.cat\/es\/actualitat\/noticies\/el-ayuntamiento-habilita-un-nuevo-aparcamiento-en-el-tramo-final-de-las-obras-de-la-avenida-de-barcelona-coincidiendo-con-semana-santa\/","title":{"rendered":"El Ayuntamiento habilita un nuevo aparcamiento en el tramo final de las obras de la avenida de Barcelona coincidiendo con Semana Santa"},"content":{"rendered":"<ul>\n<li data-start=\"215\" data-end=\"335\"><strong><a href=\"https:\/\/mont-roig.cat\/wp-content\/uploads\/Aparcament.jpeg\" target=\"_blank\" rel=\"noopener\"><img loading=\"lazy\" decoding=\"async\" class=\"alignright wp-image-90591\" src=\"https:\/\/mont-roig.cat\/wp-content\/uploads\/Aparcament-500x375.jpeg\" alt=\"\" width=\"304\" height=\"228\" srcset=\"https:\/\/mont-roig.cat\/wp-content\/uploads\/Aparcament-500x375.jpeg 500w, https:\/\/mont-roig.cat\/wp-content\/uploads\/Aparcament-1024x768.jpeg 1024w, https:\/\/mont-roig.cat\/wp-content\/uploads\/Aparcament-768x576.jpeg 768w, https:\/\/mont-roig.cat\/wp-content\/uploads\/Aparcament-1536x1152.jpeg 1536w, https:\/\/mont-roig.cat\/wp-content\/uploads\/Aparcament-463x348.jpeg 463w, https:\/\/mont-roig.cat\/wp-content\/uploads\/Aparcament.jpeg 1600w\" sizes=\"auto, (max-width: 304px) 100vw, 304px\" \/><\/a>La nueva zona de estacionamiento mejora la movilidad y da respuesta al aumento de visitantes durante el periodo festivo.<\/strong><\/li>\n<\/ul>\n<p data-start=\"337\" data-end=\"605\">El Ayuntamiento de Mont-roig del Camp ha puesto en marcha una nueva zona de aparcamiento en la avenida de Barcelona, concretamente en el tramo comprendido entre la avenida de Maria Cristina \u2014donde finalizan las obras actuales\u2014 y la avenida de Val\u00e8ncia de Miami Platja.<\/p>\n<p data-start=\"607\" data-end=\"885\">La creaci\u00f3n de estas nuevas plazas de aparcamiento coincide con Semana Santa, un periodo en el que se prev\u00e9 una mayor afluencia de visitantes al municipio. Con esta medida, se quiere facilitar el estacionamiento y dar apoyo tanto a los residentes como a los negocios de la zona.<\/p>\n<p data-start=\"887\" data-end=\"1311\">Esta zona de aparcamiento es una de las acciones que forman parte de una nueva propuesta de reurbanizaci\u00f3n t\u00e1ctica de este sector, justo en el l\u00edmite donde finalizan los trabajos de la tercera fase de obras de la avenida de Barcelona. La reestructuraci\u00f3n prev\u00e9 una configuraci\u00f3n similar a la que se realiz\u00f3 en el l\u00edmite del t\u00e9rmino municipal colindante con l\u2019Hospitalet de l\u2019Infant, con una mejora global del espacio urbano.<\/p>\n<p data-start=\"1313\" data-end=\"1659\">Entre las principales novedades, se contemplan nuevos pasos de peatones y la habilitaci\u00f3n de los carriles laterales para uso de los peatones, lo que contribuir\u00e1 a mejorar la seguridad y la accesibilidad de la zona. Tambi\u00e9n se crear\u00e1 un nuevo tramo de carril bici y m\u00e1s plazas de aparcamiento entre la avenida de Val\u00e8ncia y la avenida de Castell\u00f3.<\/p>\n","protected":false},"excerpt":{"rendered":"<p>La nueva zona de estacionamiento mejora la movilidad y da respuesta al aumento de visitantes durante el periodo festivo. El Ayuntamiento de Mont-roig del Camp ha puesto en marcha una nueva zona de aparcamiento en la avenida de Barcelona, concretamente en el tramo comprendido entre la avenida de Maria Cristina \u2014donde finalizan las obras actuales\u2014 [&hellip;]<\/p>\n","protected":false},"author":13,"featured_media":90591,"comment_status":"closed","ping_status":"closed","sticky":false,"template":"","format":"standard","meta":{"inline_featured_image":false,"_monsterinsights_skip_tracking":false,"_monsterinsights_sitenote_active":false,"_monsterinsights_sitenote_note":"","_monsterinsights_sitenote_category":0,"footnotes":""},"categories":[156,98,245],"tags":[],"class_list":["post-90593","post","type-post","status-publish","format-standard","has-post-thumbnail","hentry","category-alcalde-es","category-ayuntamiento","category-via-publica-es"],"yoast_head":"<!-- This site is optimized with the Yoast SEO plugin v27.4 - https:\/\/yoast.com\/product\/yoast-seo-wordpress\/ -->\n<title>El Ayuntamiento habilita un nuevo aparcamiento en el tramo final de las obras de la avenida de Barcelona coincidiendo con Semana Santa - Ajuntament de Mont-roig del Camp<\/title>\n<meta name=\"robots\" content=\"index, follow, max-snippet:-1, max-image-preview:large, max-video-preview:-1\" \/>\n<link rel=\"canonical\" href=\"https:\/\/mont-roig.cat\/es\/actualitat\/noticies\/el-ayuntamiento-habilita-un-nuevo-aparcamiento-en-el-tramo-final-de-las-obras-de-la-avenida-de-barcelona-coincidiendo-con-semana-santa\/\" \/>\n<meta property=\"og:locale\" content=\"es_ES\" \/>\n<meta property=\"og:type\" content=\"article\" \/>\n<meta property=\"og:title\" content=\"El Ayuntamiento habilita un nuevo aparcamiento en el tramo final de las obras de la avenida de Barcelona coincidiendo con Semana Santa - Ajuntament de Mont-roig del Camp\" \/>\n<meta property=\"og:description\" content=\"La nueva zona de estacionamiento mejora la movilidad y da respuesta al aumento de visitantes durante el periodo festivo. El Ayuntamiento de Mont-roig del Camp ha puesto en marcha una nueva zona de aparcamiento en la avenida de Barcelona, concretamente en el tramo comprendido entre la avenida de Maria Cristina \u2014donde finalizan las obras actuales\u2014 [&hellip;]\" \/>\n<meta property=\"og:url\" content=\"https:\/\/mont-roig.cat\/es\/actualitat\/noticies\/el-ayuntamiento-habilita-un-nuevo-aparcamiento-en-el-tramo-final-de-las-obras-de-la-avenida-de-barcelona-coincidiendo-con-semana-santa\/\" \/>\n<meta property=\"og:site_name\" content=\"Ajuntament de Mont-roig del Camp\" \/>\n<meta property=\"article:published_time\" content=\"2026-04-02T11:25:26+00:00\" \/>\n<meta property=\"article:modified_time\" content=\"2026-04-02T11:29:23+00:00\" \/>\n<meta property=\"og:image\" content=\"https:\/\/mont-roig.cat\/wp-content\/uploads\/Aparcament.jpeg\" \/>\n\t<meta property=\"og:image:width\" content=\"1600\" \/>\n\t<meta property=\"og:image:height\" content=\"1200\" \/>\n\t<meta property=\"og:image:type\" content=\"image\/jpeg\" \/>\n<meta name=\"author\" content=\"comunicacio\" \/>\n<meta name=\"twitter:card\" content=\"summary_large_image\" \/>\n<meta name=\"twitter:label1\" content=\"Escrito por\" \/>\n\t<meta name=\"twitter:data1\" content=\"comunicacio\" \/>\n\t<meta name=\"twitter:label2\" content=\"Tiempo de lectura\" \/>\n\t<meta name=\"twitter:data2\" content=\"2 minutos\" \/>\n<script type=\"application\/ld+json\" class=\"yoast-schema-graph\">{\"@context\":\"https:\\\/\\\/schema.org\",\"@graph\":[{\"@type\":\"Article\",\"@id\":\"https:\\\/\\\/mont-roig.cat\\\/es\\\/actualitat\\\/noticies\\\/el-ayuntamiento-habilita-un-nuevo-aparcamiento-en-el-tramo-final-de-las-obras-de-la-avenida-de-barcelona-coincidiendo-con-semana-santa\\\/#article\",\"isPartOf\":{\"@id\":\"https:\\\/\\\/mont-roig.cat\\\/es\\\/actualitat\\\/noticies\\\/el-ayuntamiento-habilita-un-nuevo-aparcamiento-en-el-tramo-final-de-las-obras-de-la-avenida-de-barcelona-coincidiendo-con-semana-santa\\\/\"},\"author\":{\"name\":\"comunicacio\",\"@id\":\"https:\\\/\\\/mont-roig.cat\\\/es\\\/#\\\/schema\\\/person\\\/1f73e7b5e6f9dd122e8a6f14f310ac5e\"},\"headline\":\"El Ayuntamiento habilita un nuevo aparcamiento en el tramo final de las obras de la avenida de Barcelona coincidiendo con Semana Santa\",\"datePublished\":\"2026-04-02T11:25:26+00:00\",\"dateModified\":\"2026-04-02T11:29:23+00:00\",\"mainEntityOfPage\":{\"@id\":\"https:\\\/\\\/mont-roig.cat\\\/es\\\/actualitat\\\/noticies\\\/el-ayuntamiento-habilita-un-nuevo-aparcamiento-en-el-tramo-final-de-las-obras-de-la-avenida-de-barcelona-coincidiendo-con-semana-santa\\\/\"},\"wordCount\":277,\"image\":{\"@id\":\"https:\\\/\\\/mont-roig.cat\\\/es\\\/actualitat\\\/noticies\\\/el-ayuntamiento-habilita-un-nuevo-aparcamiento-en-el-tramo-final-de-las-obras-de-la-avenida-de-barcelona-coincidiendo-con-semana-santa\\\/#primaryimage\"},\"thumbnailUrl\":\"https:\\\/\\\/mont-roig.cat\\\/wp-content\\\/uploads\\\/Aparcament.jpeg\",\"articleSection\":[\"Alcalde\",\"Ayuntamiento\",\"Via P\u00fablica\"],\"inLanguage\":\"es\"},{\"@type\":\"WebPage\",\"@id\":\"https:\\\/\\\/mont-roig.cat\\\/es\\\/actualitat\\\/noticies\\\/el-ayuntamiento-habilita-un-nuevo-aparcamiento-en-el-tramo-final-de-las-obras-de-la-avenida-de-barcelona-coincidiendo-con-semana-santa\\\/\",\"url\":\"https:\\\/\\\/mont-roig.cat\\\/es\\\/actualitat\\\/noticies\\\/el-ayuntamiento-habilita-un-nuevo-aparcamiento-en-el-tramo-final-de-las-obras-de-la-avenida-de-barcelona-coincidiendo-con-semana-santa\\\/\",\"name\":\"El Ayuntamiento habilita un nuevo aparcamiento en el tramo final de las obras de la avenida de Barcelona coincidiendo con Semana Santa - Ajuntament de Mont-roig del Camp\",\"isPartOf\":{\"@id\":\"https:\\\/\\\/mont-roig.cat\\\/es\\\/#website\"},\"primaryImageOfPage\":{\"@id\":\"https:\\\/\\\/mont-roig.cat\\\/es\\\/actualitat\\\/noticies\\\/el-ayuntamiento-habilita-un-nuevo-aparcamiento-en-el-tramo-final-de-las-obras-de-la-avenida-de-barcelona-coincidiendo-con-semana-santa\\\/#primaryimage\"},\"image\":{\"@id\":\"https:\\\/\\\/mont-roig.cat\\\/es\\\/actualitat\\\/noticies\\\/el-ayuntamiento-habilita-un-nuevo-aparcamiento-en-el-tramo-final-de-las-obras-de-la-avenida-de-barcelona-coincidiendo-con-semana-santa\\\/#primaryimage\"},\"thumbnailUrl\":\"https:\\\/\\\/mont-roig.cat\\\/wp-content\\\/uploads\\\/Aparcament.jpeg\",\"datePublished\":\"2026-04-02T11:25:26+00:00\",\"dateModified\":\"2026-04-02T11:29:23+00:00\",\"author\":{\"@id\":\"https:\\\/\\\/mont-roig.cat\\\/es\\\/#\\\/schema\\\/person\\\/1f73e7b5e6f9dd122e8a6f14f310ac5e\"},\"breadcrumb\":{\"@id\":\"https:\\\/\\\/mont-roig.cat\\\/es\\\/actualitat\\\/noticies\\\/el-ayuntamiento-habilita-un-nuevo-aparcamiento-en-el-tramo-final-de-las-obras-de-la-avenida-de-barcelona-coincidiendo-con-semana-santa\\\/#breadcrumb\"},\"inLanguage\":\"es\",\"potentialAction\":[{\"@type\":\"ReadAction\",\"target\":[\"https:\\\/\\\/mont-roig.cat\\\/es\\\/actualitat\\\/noticies\\\/el-ayuntamiento-habilita-un-nuevo-aparcamiento-en-el-tramo-final-de-las-obras-de-la-avenida-de-barcelona-coincidiendo-con-semana-santa\\\/\"]}]},{\"@type\":\"ImageObject\",\"inLanguage\":\"es\",\"@id\":\"https:\\\/\\\/mont-roig.cat\\\/es\\\/actualitat\\\/noticies\\\/el-ayuntamiento-habilita-un-nuevo-aparcamiento-en-el-tramo-final-de-las-obras-de-la-avenida-de-barcelona-coincidiendo-con-semana-santa\\\/#primaryimage\",\"url\":\"https:\\\/\\\/mont-roig.cat\\\/wp-content\\\/uploads\\\/Aparcament.jpeg\",\"contentUrl\":\"https:\\\/\\\/mont-roig.cat\\\/wp-content\\\/uploads\\\/Aparcament.jpeg\",\"width\":1600,\"height\":1200},{\"@type\":\"BreadcrumbList\",\"@id\":\"https:\\\/\\\/mont-roig.cat\\\/es\\\/actualitat\\\/noticies\\\/el-ayuntamiento-habilita-un-nuevo-aparcamiento-en-el-tramo-final-de-las-obras-de-la-avenida-de-barcelona-coincidiendo-con-semana-santa\\\/#breadcrumb\",\"itemListElement\":[{\"@type\":\"ListItem\",\"position\":1,\"name\":\"Inici\",\"item\":\"https:\\\/\\\/mont-roig.cat\\\/es\\\/pagina-de-inicio\\\/\"},{\"@type\":\"ListItem\",\"position\":2,\"name\":\"El Ayuntamiento habilita un nuevo aparcamiento en el tramo final de las obras de la avenida de Barcelona coincidiendo con Semana Santa\"}]},{\"@type\":\"WebSite\",\"@id\":\"https:\\\/\\\/mont-roig.cat\\\/es\\\/#website\",\"url\":\"https:\\\/\\\/mont-roig.cat\\\/es\\\/\",\"name\":\"Ajuntament de Mont-roig del Camp\",\"description\":\"Tota la informaci\u00f3 sobre la instituci\u00f3, els seus \u00f2rgans de govern, actualitat, serveis i molt m\u00e9s.\",\"potentialAction\":[{\"@type\":\"SearchAction\",\"target\":{\"@type\":\"EntryPoint\",\"urlTemplate\":\"https:\\\/\\\/mont-roig.cat\\\/es\\\/?s={search_term_string}\"},\"query-input\":{\"@type\":\"PropertyValueSpecification\",\"valueRequired\":true,\"valueName\":\"search_term_string\"}}],\"inLanguage\":\"es\"},{\"@type\":\"Person\",\"@id\":\"https:\\\/\\\/mont-roig.cat\\\/es\\\/#\\\/schema\\\/person\\\/1f73e7b5e6f9dd122e8a6f14f310ac5e\",\"name\":\"comunicacio\",\"image\":{\"@type\":\"ImageObject\",\"inLanguage\":\"es\",\"@id\":\"https:\\\/\\\/secure.gravatar.com\\\/avatar\\\/98944333e7a877670a64f8d10f0cb680ab2c9ebc4efc43945ef004b52b5ad28c?s=96&d=mm&r=g\",\"url\":\"https:\\\/\\\/secure.gravatar.com\\\/avatar\\\/98944333e7a877670a64f8d10f0cb680ab2c9ebc4efc43945ef004b52b5ad28c?s=96&d=mm&r=g\",\"contentUrl\":\"https:\\\/\\\/secure.gravatar.com\\\/avatar\\\/98944333e7a877670a64f8d10f0cb680ab2c9ebc4efc43945ef004b52b5ad28c?s=96&d=mm&r=g\",\"caption\":\"comunicacio\"},\"url\":\"https:\\\/\\\/mont-roig.cat\\\/es\\\/actualitat\\\/noticies\\\/author\\\/comunicacio\\\/\"}]}<\/script>\n<!-- \/ Yoast SEO plugin. -->","yoast_head_json":{"title":"El Ayuntamiento habilita un nuevo aparcamiento en el tramo final de las obras de la avenida de Barcelona coincidiendo con Semana Santa - Ajuntament de Mont-roig del Camp","robots":{"index":"index","follow":"follow","max-snippet":"max-snippet:-1","max-image-preview":"max-image-preview:large","max-video-preview":"max-video-preview:-1"},"canonical":"https:\/\/mont-roig.cat\/es\/actualitat\/noticies\/el-ayuntamiento-habilita-un-nuevo-aparcamiento-en-el-tramo-final-de-las-obras-de-la-avenida-de-barcelona-coincidiendo-con-semana-santa\/","og_locale":"es_ES","og_type":"article","og_title":"El Ayuntamiento habilita un nuevo aparcamiento en el tramo final de las obras de la avenida de Barcelona coincidiendo con Semana Santa - Ajuntament de Mont-roig del Camp","og_description":"La nueva zona de estacionamiento mejora la movilidad y da respuesta al aumento de visitantes durante el periodo festivo. El Ayuntamiento de Mont-roig del Camp ha puesto en marcha una nueva zona de aparcamiento en la avenida de Barcelona, concretamente en el tramo comprendido entre la avenida de Maria Cristina \u2014donde finalizan las obras actuales\u2014 [&hellip;]","og_url":"https:\/\/mont-roig.cat\/es\/actualitat\/noticies\/el-ayuntamiento-habilita-un-nuevo-aparcamiento-en-el-tramo-final-de-las-obras-de-la-avenida-de-barcelona-coincidiendo-con-semana-santa\/","og_site_name":"Ajuntament de Mont-roig del Camp","article_published_time":"2026-04-02T11:25:26+00:00","article_modified_time":"2026-04-02T11:29:23+00:00","og_image":[{"width":1600,"height":1200,"url":"https:\/\/mont-roig.cat\/wp-content\/uploads\/Aparcament.jpeg","type":"image\/jpeg"}],"author":"comunicacio","twitter_card":"summary_large_image","twitter_misc":{"Escrito por":"comunicacio","Tiempo de lectura":"2 minutos"},"schema":{"@context":"https:\/\/schema.org","@graph":[{"@type":"Article","@id":"https:\/\/mont-roig.cat\/es\/actualitat\/noticies\/el-ayuntamiento-habilita-un-nuevo-aparcamiento-en-el-tramo-final-de-las-obras-de-la-avenida-de-barcelona-coincidiendo-con-semana-santa\/#article","isPartOf":{"@id":"https:\/\/mont-roig.cat\/es\/actualitat\/noticies\/el-ayuntamiento-habilita-un-nuevo-aparcamiento-en-el-tramo-final-de-las-obras-de-la-avenida-de-barcelona-coincidiendo-con-semana-santa\/"},"author":{"name":"comunicacio","@id":"https:\/\/mont-roig.cat\/es\/#\/schema\/person\/1f73e7b5e6f9dd122e8a6f14f310ac5e"},"headline":"El Ayuntamiento habilita un nuevo aparcamiento en el tramo final de las obras de la avenida de Barcelona coincidiendo con Semana Santa","datePublished":"2026-04-02T11:25:26+00:00","dateModified":"2026-04-02T11:29:23+00:00","mainEntityOfPage":{"@id":"https:\/\/mont-roig.cat\/es\/actualitat\/noticies\/el-ayuntamiento-habilita-un-nuevo-aparcamiento-en-el-tramo-final-de-las-obras-de-la-avenida-de-barcelona-coincidiendo-con-semana-santa\/"},"wordCount":277,"image":{"@id":"https:\/\/mont-roig.cat\/es\/actualitat\/noticies\/el-ayuntamiento-habilita-un-nuevo-aparcamiento-en-el-tramo-final-de-las-obras-de-la-avenida-de-barcelona-coincidiendo-con-semana-santa\/#primaryimage"},"thumbnailUrl":"https:\/\/mont-roig.cat\/wp-content\/uploads\/Aparcament.jpeg","articleSection":["Alcalde","Ayuntamiento","Via P\u00fablica"],"inLanguage":"es"},{"@type":"WebPage","@id":"https:\/\/mont-roig.cat\/es\/actualitat\/noticies\/el-ayuntamiento-habilita-un-nuevo-aparcamiento-en-el-tramo-final-de-las-obras-de-la-avenida-de-barcelona-coincidiendo-con-semana-santa\/","url":"https:\/\/mont-roig.cat\/es\/actualitat\/noticies\/el-ayuntamiento-habilita-un-nuevo-aparcamiento-en-el-tramo-final-de-las-obras-de-la-avenida-de-barcelona-coincidiendo-con-semana-santa\/","name":"El Ayuntamiento habilita un nuevo aparcamiento en el tramo final de las obras de la avenida de Barcelona coincidiendo con Semana Santa - Ajuntament de Mont-roig del Camp","isPartOf":{"@id":"https:\/\/mont-roig.cat\/es\/#website"},"primaryImageOfPage":{"@id":"https:\/\/mont-roig.cat\/es\/actualitat\/noticies\/el-ayuntamiento-habilita-un-nuevo-aparcamiento-en-el-tramo-final-de-las-obras-de-la-avenida-de-barcelona-coincidiendo-con-semana-santa\/#primaryimage"},"image":{"@id":"https:\/\/mont-roig.cat\/es\/actualitat\/noticies\/el-ayuntamiento-habilita-un-nuevo-aparcamiento-en-el-tramo-final-de-las-obras-de-la-avenida-de-barcelona-coincidiendo-con-semana-santa\/#primaryimage"},"thumbnailUrl":"https:\/\/mont-roig.cat\/wp-content\/uploads\/Aparcament.jpeg","datePublished":"2026-04-02T11:25:26+00:00","dateModified":"2026-04-02T11:29:23+00:00","author":{"@id":"https:\/\/mont-roig.cat\/es\/#\/schema\/person\/1f73e7b5e6f9dd122e8a6f14f310ac5e"},"breadcrumb":{"@id":"https:\/\/mont-roig.cat\/es\/actualitat\/noticies\/el-ayuntamiento-habilita-un-nuevo-aparcamiento-en-el-tramo-final-de-las-obras-de-la-avenida-de-barcelona-coincidiendo-con-semana-santa\/#breadcrumb"},"inLanguage":"es","potentialAction":[{"@type":"ReadAction","target":["https:\/\/mont-roig.cat\/es\/actualitat\/noticies\/el-ayuntamiento-habilita-un-nuevo-aparcamiento-en-el-tramo-final-de-las-obras-de-la-avenida-de-barcelona-coincidiendo-con-semana-santa\/"]}]},{"@type":"ImageObject","inLanguage":"es","@id":"https:\/\/mont-roig.cat\/es\/actualitat\/noticies\/el-ayuntamiento-habilita-un-nuevo-aparcamiento-en-el-tramo-final-de-las-obras-de-la-avenida-de-barcelona-coincidiendo-con-semana-santa\/#primaryimage","url":"https:\/\/mont-roig.cat\/wp-content\/uploads\/Aparcament.jpeg","contentUrl":"https:\/\/mont-roig.cat\/wp-content\/uploads\/Aparcament.jpeg","width":1600,"height":1200},{"@type":"BreadcrumbList","@id":"https:\/\/mont-roig.cat\/es\/actualitat\/noticies\/el-ayuntamiento-habilita-un-nuevo-aparcamiento-en-el-tramo-final-de-las-obras-de-la-avenida-de-barcelona-coincidiendo-con-semana-santa\/#breadcrumb","itemListElement":[{"@type":"ListItem","position":1,"name":"Inici","item":"https:\/\/mont-roig.cat\/es\/pagina-de-inicio\/"},{"@type":"ListItem","position":2,"name":"El Ayuntamiento habilita un nuevo aparcamiento en el tramo final de las obras de la avenida de Barcelona coincidiendo con Semana Santa"}]},{"@type":"WebSite","@id":"https:\/\/mont-roig.cat\/es\/#website","url":"https:\/\/mont-roig.cat\/es\/","name":"Ajuntament de Mont-roig del Camp","description":"Tota la informaci\u00f3 sobre la instituci\u00f3, els seus \u00f2rgans de govern, actualitat, serveis i molt m\u00e9s.","potentialAction":[{"@type":"SearchAction","target":{"@type":"EntryPoint","urlTemplate":"https:\/\/mont-roig.cat\/es\/?s={search_term_string}"},"query-input":{"@type":"PropertyValueSpecification","valueRequired":true,"valueName":"search_term_string"}}],"inLanguage":"es"},{"@type":"Person","@id":"https:\/\/mont-roig.cat\/es\/#\/schema\/person\/1f73e7b5e6f9dd122e8a6f14f310ac5e","name":"comunicacio","image":{"@type":"ImageObject","inLanguage":"es","@id":"https:\/\/secure.gravatar.com\/avatar\/98944333e7a877670a64f8d10f0cb680ab2c9ebc4efc43945ef004b52b5ad28c?s=96&d=mm&r=g","url":"https:\/\/secure.gravatar.com\/avatar\/98944333e7a877670a64f8d10f0cb680ab2c9ebc4efc43945ef004b52b5ad28c?s=96&d=mm&r=g","contentUrl":"https:\/\/secure.gravatar.com\/avatar\/98944333e7a877670a64f8d10f0cb680ab2c9ebc4efc43945ef004b52b5ad28c?s=96&d=mm&r=g","caption":"comunicacio"},"url":"https:\/\/mont-roig.cat\/es\/actualitat\/noticies\/author\/comunicacio\/"}]}},"_links":{"self":[{"href":"https:\/\/mont-roig.cat\/es\/wp-json\/wp\/v2\/posts\/90593","targetHints":{"allow":["GET"]}}],"collection":[{"href":"https:\/\/mont-roig.cat\/es\/wp-json\/wp\/v2\/posts"}],"about":[{"href":"https:\/\/mont-roig.cat\/es\/wp-json\/wp\/v2\/types\/post"}],"author":[{"embeddable":true,"href":"https:\/\/mont-roig.cat\/es\/wp-json\/wp\/v2\/users\/13"}],"replies":[{"embeddable":true,"href":"https:\/\/mont-roig.cat\/es\/wp-json\/wp\/v2\/comments?post=90593"}],"version-history":[{"count":2,"href":"https:\/\/mont-roig.cat\/es\/wp-json\/wp\/v2\/posts\/90593\/revisions"}],"predecessor-version":[{"id":90595,"href":"https:\/\/mont-roig.cat\/es\/wp-json\/wp\/v2\/posts\/90593\/revisions\/90595"}],"wp:featuredmedia":[{"embeddable":true,"href":"https:\/\/mont-roig.cat\/es\/wp-json\/wp\/v2\/media\/90591"}],"wp:attachment":[{"href":"https:\/\/mont-roig.cat\/es\/wp-json\/wp\/v2\/media?parent=90593"}],"wp:term":[{"taxonomy":"category","embeddable":true,"href":"https:\/\/mont-roig.cat\/es\/wp-json\/wp\/v2\/categories?post=90593"},{"taxonomy":"post_tag","embeddable":true,"href":"https:\/\/mont-roig.cat\/es\/wp-json\/wp\/v2\/tags?post=90593"}],"curies":[{"name":"wp","href":"https:\/\/api.w.org\/{rel}","templated":true}]}}