{"id":90605,"date":"2026-04-08T12:12:17","date_gmt":"2026-04-08T10:12:17","guid":{"rendered":"https:\/\/mont-roig.cat\/actualitat\/noticies\/afectacions-al-transit-per-la-mitja-marato-de-miami-platja\/"},"modified":"2026-04-08T12:30:53","modified_gmt":"2026-04-08T10:30:53","slug":"afectaciones-al-trafico-por-la-mitja-marato-de-miami-platja","status":"publish","type":"post","link":"https:\/\/mont-roig.cat\/es\/actualitat\/noticies\/afectaciones-al-trafico-por-la-mitja-marato-de-miami-platja\/","title":{"rendered":"Afectaciones al tr\u00e1fico por la Mitja Marat\u00f3 de Miami Platja"},"content":{"rendered":"<ul>\n<li data-start=\"157\" data-end=\"255\"><strong data-start=\"157\" data-end=\"253\"><a href=\"https:\/\/mont-roig.cat\/wp-content\/uploads\/mitja-marato.jpg\" target=\"_blank\" rel=\"noopener\"><img loading=\"lazy\" decoding=\"async\" class=\"alignright wp-image-90601\" src=\"https:\/\/mont-roig.cat\/wp-content\/uploads\/mitja-marato-500x357.jpg\" alt=\"\" width=\"297\" height=\"212\" srcset=\"https:\/\/mont-roig.cat\/wp-content\/uploads\/mitja-marato-500x357.jpg 500w, https:\/\/mont-roig.cat\/wp-content\/uploads\/mitja-marato-1024x731.jpg 1024w, https:\/\/mont-roig.cat\/wp-content\/uploads\/mitja-marato-768x548.jpg 768w, https:\/\/mont-roig.cat\/wp-content\/uploads\/mitja-marato.jpg 1241w\" sizes=\"auto, (max-width: 297px) 100vw, 297px\" \/><\/a><\/strong><strong>Corte de circulaci\u00f3n y pasos alternativos regulados por la polic\u00eda local el domingo 19 de abril<\/strong><\/li>\n<\/ul>\n<div class=\"relative basis-auto flex-col -mb-(--composer-overlap-px) pb-(--composer-overlap-px) [--composer-overlap-px:28px] grow flex\">\n<div class=\"flex flex-col text-sm pb-25\">\n<section class=\"text-token-text-primary w-full focus:outline-none [--shadow-height:45px] has-data-writing-block:pointer-events-none has-data-writing-block:-mt-(--shadow-height) has-data-writing-block:pt-(--shadow-height) [&amp;:has([data-writing-block])&gt;*]:pointer-events-auto scroll-mt-[calc(var(--header-height)+min(200px,max(70px,20svh)))]\" dir=\"auto\" data-turn-id=\"request-WEB:0cf0a283-cc47-4d87-9fb9-490712764b72-0\" data-testid=\"conversation-turn-2\" data-scroll-anchor=\"true\" data-turn=\"assistant\">\n<div class=\"text-base my-auto mx-auto pb-10 [--thread-content-margin:var(--thread-content-margin-xs,calc(var(--spacing)*4))] @w-sm\/main:[--thread-content-margin:var(--thread-content-margin-sm,calc(var(--spacing)*6))] @w-lg\/main:[--thread-content-margin:var(--thread-content-margin-lg,calc(var(--spacing)*16))] px-(--thread-content-margin)\">\n<div class=\"[--thread-content-max-width:40rem] @w-lg\/main:[--thread-content-max-width:48rem] mx-auto max-w-(--thread-content-max-width) flex-1 group\/turn-messages focus-visible:outline-hidden relative flex w-full min-w-0 flex-col agent-turn\">\n<div class=\"flex max-w-full flex-col gap-4 grow\">\n<div class=\"min-h-8 text-message relative flex w-full flex-col items-end gap-2 text-start break-words whitespace-normal outline-none keyboard-focused:focus-ring [.text-message+&amp;]:mt-1\" dir=\"auto\" tabindex=\"0\" data-message-author-role=\"assistant\" data-message-id=\"cca62a10-2e45-49ee-b85f-36b3b559be75\" data-message-model-slug=\"gpt-5-mini\" data-turn-start-message=\"true\">\n<div class=\"flex w-full flex-col gap-1 empty:hidden\">\n<div class=\"markdown prose dark:prose-invert w-full wrap-break-word light markdown-new-styling\">\n<p data-start=\"284\" data-end=\"642\">Miami Platja acoger\u00e1 el pr\u00f3ximo domingo 19 de abril una nueva edici\u00f3n de la Mitja Marat\u00f3, que este a\u00f1o incluye importantes novedades en recorridos y organizaci\u00f3n. La salida y la llegada se situar\u00e1n en la pla\u00e7a Ja\u00e9n, con las carreras infantiles y las distancias 5K, 10K y 21K saliendo conjuntamente a las 9.15 h desde la avinguda Barcelona, delante del CAP.<\/p>\n<p data-start=\"644\" data-end=\"935\">Debido al desarrollo de la carrera, la circulaci\u00f3n se cortar\u00e1 a lo largo del recorrido desde las 6.00 h hasta la 13.00 h. Como alternativa, se habilitar\u00e1n dos pasos regulados por la polic\u00eda local en la avinguda Barcelona, en los carrers Sevilla y Maria Cristina, para facilitar el tr\u00e1fico.<\/p>\n<p data-start=\"937\" data-end=\"1290\">Las inscripciones todav\u00eda est\u00e1n abiertas y se pueden formalizar a trav\u00e9s de la plataforma Tretzesports. Los dorsales se podr\u00e1n recoger el s\u00e1bado 18 de abril, de 17.30 a 19.30 h, y el mismo domingo 19 de abril, de 7.30 a 9.15 h, en el Centre Polivalent de Miami Platja (carrer S\u00f2ria, 16). Se recomienda acudir con antelaci\u00f3n para agilizar los tr\u00e1mites.<\/p>\n<p data-start=\"1292\" data-end=\"1361\">Inscripciones: <a class=\"decorated-link\" href=\"https:\/\/webtretzesports.wixsite.com\/mitjamiamiplatja\" target=\"_new\" rel=\"noopener\" data-start=\"1307\" data-end=\"1359\">https:\/\/webtretzesports.wixsite.com\/mitjamiamiplatja<\/a><\/p>\n<p data-start=\"1363\" data-end=\"1541\">Este a\u00f1o, la Mitja Marat\u00f3 estrena tambi\u00e9n nueva identidad visual, creada por el artista local Marcel Aragon\u00e8s, que acompa\u00f1ar\u00e1 la comunicaci\u00f3n de futuras ediciones de la prueba.<\/p>\n<\/div>\n<\/div>\n<\/div>\n<\/div>\n<\/div>\n<\/div>\n<\/section>\n<\/div>\n<\/div>\n","protected":false},"excerpt":{"rendered":"<p>Corte de circulaci\u00f3n y pasos alternativos regulados por la polic\u00eda local el domingo 19 de abril Miami Platja acoger\u00e1 el pr\u00f3ximo domingo 19 de abril una nueva edici\u00f3n de la Mitja Marat\u00f3, que este a\u00f1o incluye importantes novedades en recorridos y organizaci\u00f3n. La salida y la llegada se situar\u00e1n en la pla\u00e7a Ja\u00e9n, con las [&hellip;]<\/p>\n","protected":false},"author":13,"featured_media":90603,"comment_status":"closed","ping_status":"closed","sticky":false,"template":"","format":"standard","meta":{"inline_featured_image":false,"_monsterinsights_skip_tracking":false,"_monsterinsights_sitenote_active":false,"_monsterinsights_sitenote_note":"","_monsterinsights_sitenote_category":0,"footnotes":""},"categories":[98,104,245],"tags":[],"class_list":["post-90605","post","type-post","status-publish","format-standard","has-post-thumbnail","hentry","category-ayuntamiento","category-deportes","category-via-publica-es"],"yoast_head":"<!-- This site is optimized with the Yoast SEO plugin v27.4 - https:\/\/yoast.com\/product\/yoast-seo-wordpress\/ -->\n<title>Afectaciones al tr\u00e1fico por la Mitja Marat\u00f3 de Miami Platja - Ajuntament de Mont-roig del Camp<\/title>\n<meta name=\"robots\" content=\"index, follow, max-snippet:-1, max-image-preview:large, max-video-preview:-1\" \/>\n<link rel=\"canonical\" href=\"https:\/\/mont-roig.cat\/es\/actualitat\/noticies\/afectaciones-al-trafico-por-la-mitja-marato-de-miami-platja\/\" \/>\n<meta property=\"og:locale\" content=\"es_ES\" \/>\n<meta property=\"og:type\" content=\"article\" \/>\n<meta property=\"og:title\" content=\"Afectaciones al tr\u00e1fico por la Mitja Marat\u00f3 de Miami Platja - Ajuntament de Mont-roig del Camp\" \/>\n<meta property=\"og:description\" content=\"Corte de circulaci\u00f3n y pasos alternativos regulados por la polic\u00eda local el domingo 19 de abril Miami Platja acoger\u00e1 el pr\u00f3ximo domingo 19 de abril una nueva edici\u00f3n de la Mitja Marat\u00f3, que este a\u00f1o incluye importantes novedades en recorridos y organizaci\u00f3n. La salida y la llegada se situar\u00e1n en la pla\u00e7a Ja\u00e9n, con las [&hellip;]\" \/>\n<meta property=\"og:url\" content=\"https:\/\/mont-roig.cat\/es\/actualitat\/noticies\/afectaciones-al-trafico-por-la-mitja-marato-de-miami-platja\/\" \/>\n<meta property=\"og:site_name\" content=\"Ajuntament de Mont-roig del Camp\" \/>\n<meta property=\"article:published_time\" content=\"2026-04-08T10:12:17+00:00\" \/>\n<meta property=\"article:modified_time\" content=\"2026-04-08T10:30:53+00:00\" \/>\n<meta property=\"og:image\" content=\"https:\/\/mont-roig.cat\/wp-content\/uploads\/mitja-marato.jpg\" \/>\n\t<meta property=\"og:image:width\" content=\"1241\" \/>\n\t<meta property=\"og:image:height\" content=\"886\" \/>\n\t<meta property=\"og:image:type\" content=\"image\/jpeg\" \/>\n<meta name=\"author\" content=\"comunicacio\" \/>\n<meta name=\"twitter:card\" content=\"summary_large_image\" \/>\n<meta name=\"twitter:label1\" content=\"Escrito por\" \/>\n\t<meta name=\"twitter:data1\" content=\"comunicacio\" \/>\n\t<meta name=\"twitter:label2\" content=\"Tiempo de lectura\" \/>\n\t<meta name=\"twitter:data2\" content=\"2 minutos\" \/>\n<script type=\"application\/ld+json\" class=\"yoast-schema-graph\">{\"@context\":\"https:\\\/\\\/schema.org\",\"@graph\":[{\"@type\":\"Article\",\"@id\":\"https:\\\/\\\/mont-roig.cat\\\/es\\\/actualitat\\\/noticies\\\/afectaciones-al-trafico-por-la-mitja-marato-de-miami-platja\\\/#article\",\"isPartOf\":{\"@id\":\"https:\\\/\\\/mont-roig.cat\\\/es\\\/actualitat\\\/noticies\\\/afectaciones-al-trafico-por-la-mitja-marato-de-miami-platja\\\/\"},\"author\":{\"name\":\"comunicacio\",\"@id\":\"https:\\\/\\\/mont-roig.cat\\\/es\\\/#\\\/schema\\\/person\\\/1f73e7b5e6f9dd122e8a6f14f310ac5e\"},\"headline\":\"Afectaciones al tr\u00e1fico por la Mitja Marat\u00f3 de Miami Platja\",\"datePublished\":\"2026-04-08T10:12:17+00:00\",\"dateModified\":\"2026-04-08T10:30:53+00:00\",\"mainEntityOfPage\":{\"@id\":\"https:\\\/\\\/mont-roig.cat\\\/es\\\/actualitat\\\/noticies\\\/afectaciones-al-trafico-por-la-mitja-marato-de-miami-platja\\\/\"},\"wordCount\":245,\"image\":{\"@id\":\"https:\\\/\\\/mont-roig.cat\\\/es\\\/actualitat\\\/noticies\\\/afectaciones-al-trafico-por-la-mitja-marato-de-miami-platja\\\/#primaryimage\"},\"thumbnailUrl\":\"https:\\\/\\\/mont-roig.cat\\\/wp-content\\\/uploads\\\/mitja-marato.jpg\",\"articleSection\":[\"Ayuntamiento\",\"Deportes\",\"Via P\u00fablica\"],\"inLanguage\":\"es\"},{\"@type\":\"WebPage\",\"@id\":\"https:\\\/\\\/mont-roig.cat\\\/es\\\/actualitat\\\/noticies\\\/afectaciones-al-trafico-por-la-mitja-marato-de-miami-platja\\\/\",\"url\":\"https:\\\/\\\/mont-roig.cat\\\/es\\\/actualitat\\\/noticies\\\/afectaciones-al-trafico-por-la-mitja-marato-de-miami-platja\\\/\",\"name\":\"Afectaciones al tr\u00e1fico por la Mitja Marat\u00f3 de Miami Platja - Ajuntament de Mont-roig del Camp\",\"isPartOf\":{\"@id\":\"https:\\\/\\\/mont-roig.cat\\\/es\\\/#website\"},\"primaryImageOfPage\":{\"@id\":\"https:\\\/\\\/mont-roig.cat\\\/es\\\/actualitat\\\/noticies\\\/afectaciones-al-trafico-por-la-mitja-marato-de-miami-platja\\\/#primaryimage\"},\"image\":{\"@id\":\"https:\\\/\\\/mont-roig.cat\\\/es\\\/actualitat\\\/noticies\\\/afectaciones-al-trafico-por-la-mitja-marato-de-miami-platja\\\/#primaryimage\"},\"thumbnailUrl\":\"https:\\\/\\\/mont-roig.cat\\\/wp-content\\\/uploads\\\/mitja-marato.jpg\",\"datePublished\":\"2026-04-08T10:12:17+00:00\",\"dateModified\":\"2026-04-08T10:30:53+00:00\",\"author\":{\"@id\":\"https:\\\/\\\/mont-roig.cat\\\/es\\\/#\\\/schema\\\/person\\\/1f73e7b5e6f9dd122e8a6f14f310ac5e\"},\"breadcrumb\":{\"@id\":\"https:\\\/\\\/mont-roig.cat\\\/es\\\/actualitat\\\/noticies\\\/afectaciones-al-trafico-por-la-mitja-marato-de-miami-platja\\\/#breadcrumb\"},\"inLanguage\":\"es\",\"potentialAction\":[{\"@type\":\"ReadAction\",\"target\":[\"https:\\\/\\\/mont-roig.cat\\\/es\\\/actualitat\\\/noticies\\\/afectaciones-al-trafico-por-la-mitja-marato-de-miami-platja\\\/\"]}]},{\"@type\":\"ImageObject\",\"inLanguage\":\"es\",\"@id\":\"https:\\\/\\\/mont-roig.cat\\\/es\\\/actualitat\\\/noticies\\\/afectaciones-al-trafico-por-la-mitja-marato-de-miami-platja\\\/#primaryimage\",\"url\":\"https:\\\/\\\/mont-roig.cat\\\/wp-content\\\/uploads\\\/mitja-marato.jpg\",\"contentUrl\":\"https:\\\/\\\/mont-roig.cat\\\/wp-content\\\/uploads\\\/mitja-marato.jpg\",\"width\":1241,\"height\":886},{\"@type\":\"BreadcrumbList\",\"@id\":\"https:\\\/\\\/mont-roig.cat\\\/es\\\/actualitat\\\/noticies\\\/afectaciones-al-trafico-por-la-mitja-marato-de-miami-platja\\\/#breadcrumb\",\"itemListElement\":[{\"@type\":\"ListItem\",\"position\":1,\"name\":\"Inici\",\"item\":\"https:\\\/\\\/mont-roig.cat\\\/es\\\/pagina-de-inicio\\\/\"},{\"@type\":\"ListItem\",\"position\":2,\"name\":\"Afectaciones al tr\u00e1fico por la Mitja Marat\u00f3 de Miami Platja\"}]},{\"@type\":\"WebSite\",\"@id\":\"https:\\\/\\\/mont-roig.cat\\\/es\\\/#website\",\"url\":\"https:\\\/\\\/mont-roig.cat\\\/es\\\/\",\"name\":\"Ajuntament de Mont-roig del Camp\",\"description\":\"Tota la informaci\u00f3 sobre la instituci\u00f3, els seus \u00f2rgans de govern, actualitat, serveis i molt m\u00e9s.\",\"potentialAction\":[{\"@type\":\"SearchAction\",\"target\":{\"@type\":\"EntryPoint\",\"urlTemplate\":\"https:\\\/\\\/mont-roig.cat\\\/es\\\/?s={search_term_string}\"},\"query-input\":{\"@type\":\"PropertyValueSpecification\",\"valueRequired\":true,\"valueName\":\"search_term_string\"}}],\"inLanguage\":\"es\"},{\"@type\":\"Person\",\"@id\":\"https:\\\/\\\/mont-roig.cat\\\/es\\\/#\\\/schema\\\/person\\\/1f73e7b5e6f9dd122e8a6f14f310ac5e\",\"name\":\"comunicacio\",\"image\":{\"@type\":\"ImageObject\",\"inLanguage\":\"es\",\"@id\":\"https:\\\/\\\/secure.gravatar.com\\\/avatar\\\/98944333e7a877670a64f8d10f0cb680ab2c9ebc4efc43945ef004b52b5ad28c?s=96&d=mm&r=g\",\"url\":\"https:\\\/\\\/secure.gravatar.com\\\/avatar\\\/98944333e7a877670a64f8d10f0cb680ab2c9ebc4efc43945ef004b52b5ad28c?s=96&d=mm&r=g\",\"contentUrl\":\"https:\\\/\\\/secure.gravatar.com\\\/avatar\\\/98944333e7a877670a64f8d10f0cb680ab2c9ebc4efc43945ef004b52b5ad28c?s=96&d=mm&r=g\",\"caption\":\"comunicacio\"},\"url\":\"https:\\\/\\\/mont-roig.cat\\\/es\\\/actualitat\\\/noticies\\\/author\\\/comunicacio\\\/\"}]}<\/script>\n<!-- \/ Yoast SEO plugin. -->","yoast_head_json":{"title":"Afectaciones al tr\u00e1fico por la Mitja Marat\u00f3 de Miami Platja - Ajuntament de Mont-roig del Camp","robots":{"index":"index","follow":"follow","max-snippet":"max-snippet:-1","max-image-preview":"max-image-preview:large","max-video-preview":"max-video-preview:-1"},"canonical":"https:\/\/mont-roig.cat\/es\/actualitat\/noticies\/afectaciones-al-trafico-por-la-mitja-marato-de-miami-platja\/","og_locale":"es_ES","og_type":"article","og_title":"Afectaciones al tr\u00e1fico por la Mitja Marat\u00f3 de Miami Platja - Ajuntament de Mont-roig del Camp","og_description":"Corte de circulaci\u00f3n y pasos alternativos regulados por la polic\u00eda local el domingo 19 de abril Miami Platja acoger\u00e1 el pr\u00f3ximo domingo 19 de abril una nueva edici\u00f3n de la Mitja Marat\u00f3, que este a\u00f1o incluye importantes novedades en recorridos y organizaci\u00f3n. La salida y la llegada se situar\u00e1n en la pla\u00e7a Ja\u00e9n, con las [&hellip;]","og_url":"https:\/\/mont-roig.cat\/es\/actualitat\/noticies\/afectaciones-al-trafico-por-la-mitja-marato-de-miami-platja\/","og_site_name":"Ajuntament de Mont-roig del Camp","article_published_time":"2026-04-08T10:12:17+00:00","article_modified_time":"2026-04-08T10:30:53+00:00","og_image":[{"width":1241,"height":886,"url":"https:\/\/mont-roig.cat\/wp-content\/uploads\/mitja-marato.jpg","type":"image\/jpeg"}],"author":"comunicacio","twitter_card":"summary_large_image","twitter_misc":{"Escrito por":"comunicacio","Tiempo de lectura":"2 minutos"},"schema":{"@context":"https:\/\/schema.org","@graph":[{"@type":"Article","@id":"https:\/\/mont-roig.cat\/es\/actualitat\/noticies\/afectaciones-al-trafico-por-la-mitja-marato-de-miami-platja\/#article","isPartOf":{"@id":"https:\/\/mont-roig.cat\/es\/actualitat\/noticies\/afectaciones-al-trafico-por-la-mitja-marato-de-miami-platja\/"},"author":{"name":"comunicacio","@id":"https:\/\/mont-roig.cat\/es\/#\/schema\/person\/1f73e7b5e6f9dd122e8a6f14f310ac5e"},"headline":"Afectaciones al tr\u00e1fico por la Mitja Marat\u00f3 de Miami Platja","datePublished":"2026-04-08T10:12:17+00:00","dateModified":"2026-04-08T10:30:53+00:00","mainEntityOfPage":{"@id":"https:\/\/mont-roig.cat\/es\/actualitat\/noticies\/afectaciones-al-trafico-por-la-mitja-marato-de-miami-platja\/"},"wordCount":245,"image":{"@id":"https:\/\/mont-roig.cat\/es\/actualitat\/noticies\/afectaciones-al-trafico-por-la-mitja-marato-de-miami-platja\/#primaryimage"},"thumbnailUrl":"https:\/\/mont-roig.cat\/wp-content\/uploads\/mitja-marato.jpg","articleSection":["Ayuntamiento","Deportes","Via P\u00fablica"],"inLanguage":"es"},{"@type":"WebPage","@id":"https:\/\/mont-roig.cat\/es\/actualitat\/noticies\/afectaciones-al-trafico-por-la-mitja-marato-de-miami-platja\/","url":"https:\/\/mont-roig.cat\/es\/actualitat\/noticies\/afectaciones-al-trafico-por-la-mitja-marato-de-miami-platja\/","name":"Afectaciones al tr\u00e1fico por la Mitja Marat\u00f3 de Miami Platja - Ajuntament de Mont-roig del Camp","isPartOf":{"@id":"https:\/\/mont-roig.cat\/es\/#website"},"primaryImageOfPage":{"@id":"https:\/\/mont-roig.cat\/es\/actualitat\/noticies\/afectaciones-al-trafico-por-la-mitja-marato-de-miami-platja\/#primaryimage"},"image":{"@id":"https:\/\/mont-roig.cat\/es\/actualitat\/noticies\/afectaciones-al-trafico-por-la-mitja-marato-de-miami-platja\/#primaryimage"},"thumbnailUrl":"https:\/\/mont-roig.cat\/wp-content\/uploads\/mitja-marato.jpg","datePublished":"2026-04-08T10:12:17+00:00","dateModified":"2026-04-08T10:30:53+00:00","author":{"@id":"https:\/\/mont-roig.cat\/es\/#\/schema\/person\/1f73e7b5e6f9dd122e8a6f14f310ac5e"},"breadcrumb":{"@id":"https:\/\/mont-roig.cat\/es\/actualitat\/noticies\/afectaciones-al-trafico-por-la-mitja-marato-de-miami-platja\/#breadcrumb"},"inLanguage":"es","potentialAction":[{"@type":"ReadAction","target":["https:\/\/mont-roig.cat\/es\/actualitat\/noticies\/afectaciones-al-trafico-por-la-mitja-marato-de-miami-platja\/"]}]},{"@type":"ImageObject","inLanguage":"es","@id":"https:\/\/mont-roig.cat\/es\/actualitat\/noticies\/afectaciones-al-trafico-por-la-mitja-marato-de-miami-platja\/#primaryimage","url":"https:\/\/mont-roig.cat\/wp-content\/uploads\/mitja-marato.jpg","contentUrl":"https:\/\/mont-roig.cat\/wp-content\/uploads\/mitja-marato.jpg","width":1241,"height":886},{"@type":"BreadcrumbList","@id":"https:\/\/mont-roig.cat\/es\/actualitat\/noticies\/afectaciones-al-trafico-por-la-mitja-marato-de-miami-platja\/#breadcrumb","itemListElement":[{"@type":"ListItem","position":1,"name":"Inici","item":"https:\/\/mont-roig.cat\/es\/pagina-de-inicio\/"},{"@type":"ListItem","position":2,"name":"Afectaciones al tr\u00e1fico por la Mitja Marat\u00f3 de Miami Platja"}]},{"@type":"WebSite","@id":"https:\/\/mont-roig.cat\/es\/#website","url":"https:\/\/mont-roig.cat\/es\/","name":"Ajuntament de Mont-roig del Camp","description":"Tota la informaci\u00f3 sobre la instituci\u00f3, els seus \u00f2rgans de govern, actualitat, serveis i molt m\u00e9s.","potentialAction":[{"@type":"SearchAction","target":{"@type":"EntryPoint","urlTemplate":"https:\/\/mont-roig.cat\/es\/?s={search_term_string}"},"query-input":{"@type":"PropertyValueSpecification","valueRequired":true,"valueName":"search_term_string"}}],"inLanguage":"es"},{"@type":"Person","@id":"https:\/\/mont-roig.cat\/es\/#\/schema\/person\/1f73e7b5e6f9dd122e8a6f14f310ac5e","name":"comunicacio","image":{"@type":"ImageObject","inLanguage":"es","@id":"https:\/\/secure.gravatar.com\/avatar\/98944333e7a877670a64f8d10f0cb680ab2c9ebc4efc43945ef004b52b5ad28c?s=96&d=mm&r=g","url":"https:\/\/secure.gravatar.com\/avatar\/98944333e7a877670a64f8d10f0cb680ab2c9ebc4efc43945ef004b52b5ad28c?s=96&d=mm&r=g","contentUrl":"https:\/\/secure.gravatar.com\/avatar\/98944333e7a877670a64f8d10f0cb680ab2c9ebc4efc43945ef004b52b5ad28c?s=96&d=mm&r=g","caption":"comunicacio"},"url":"https:\/\/mont-roig.cat\/es\/actualitat\/noticies\/author\/comunicacio\/"}]}},"_links":{"self":[{"href":"https:\/\/mont-roig.cat\/es\/wp-json\/wp\/v2\/posts\/90605","targetHints":{"allow":["GET"]}}],"collection":[{"href":"https:\/\/mont-roig.cat\/es\/wp-json\/wp\/v2\/posts"}],"about":[{"href":"https:\/\/mont-roig.cat\/es\/wp-json\/wp\/v2\/types\/post"}],"author":[{"embeddable":true,"href":"https:\/\/mont-roig.cat\/es\/wp-json\/wp\/v2\/users\/13"}],"replies":[{"embeddable":true,"href":"https:\/\/mont-roig.cat\/es\/wp-json\/wp\/v2\/comments?post=90605"}],"version-history":[{"count":2,"href":"https:\/\/mont-roig.cat\/es\/wp-json\/wp\/v2\/posts\/90605\/revisions"}],"predecessor-version":[{"id":90607,"href":"https:\/\/mont-roig.cat\/es\/wp-json\/wp\/v2\/posts\/90605\/revisions\/90607"}],"wp:featuredmedia":[{"embeddable":true,"href":"https:\/\/mont-roig.cat\/es\/wp-json\/wp\/v2\/media\/90603"}],"wp:attachment":[{"href":"https:\/\/mont-roig.cat\/es\/wp-json\/wp\/v2\/media?parent=90605"}],"wp:term":[{"taxonomy":"category","embeddable":true,"href":"https:\/\/mont-roig.cat\/es\/wp-json\/wp\/v2\/categories?post=90605"},{"taxonomy":"post_tag","embeddable":true,"href":"https:\/\/mont-roig.cat\/es\/wp-json\/wp\/v2\/tags?post=90605"}],"curies":[{"name":"wp","href":"https:\/\/api.w.org\/{rel}","templated":true}]}}