{"id":91330,"date":"2026-04-24T12:39:29","date_gmt":"2026-04-24T10:39:29","guid":{"rendered":"https:\/\/mont-roig.cat\/actualitat\/noticies\/mont-roig-del-camp-i-miami-platja-celebren-una-nova-edicio-de-la-ruta-gastronomica-destapat-amb-20-propostes-de-proximitat\/"},"modified":"2026-04-24T12:52:11","modified_gmt":"2026-04-24T10:52:11","slug":"mont-roig-del-camp-y-miami-platja-celebran-una-nueva-edicion-de-la-ruta-gastronomica-destapat-con-20-propuestas-de-proximidad","status":"publish","type":"post","link":"https:\/\/mont-roig.cat\/es\/actualitat\/noticies\/mont-roig-del-camp-y-miami-platja-celebran-una-nueva-edicion-de-la-ruta-gastronomica-destapat-con-20-propuestas-de-proximidad\/","title":{"rendered":"Mont-roig del Camp y Miami Platja celebran una nueva edici\u00f3n de la ruta gastron\u00f3mica &#8220;Destapa\u2019t&#8221; con 20 propuestas de proximidad"},"content":{"rendered":"<ul>\n<li data-path-to-node=\"3\"><strong><a href=\"https:\/\/mont-roig.cat\/wp-content\/uploads\/MMT_destapat_2026_cartell_A3_WEB.png\" target=\"_blank\" rel=\"noopener\"><img loading=\"lazy\" decoding=\"async\" class=\"alignright wp-image-91322\" src=\"https:\/\/mont-roig.cat\/wp-content\/uploads\/MMT_destapat_2026_cartell_A3_WEB-353x500.png\" alt=\"\" width=\"252\" height=\"357\" srcset=\"https:\/\/mont-roig.cat\/wp-content\/uploads\/MMT_destapat_2026_cartell_A3_WEB-353x500.png 353w, https:\/\/mont-roig.cat\/wp-content\/uploads\/MMT_destapat_2026_cartell_A3_WEB-724x1024.png 724w, https:\/\/mont-roig.cat\/wp-content\/uploads\/MMT_destapat_2026_cartell_A3_WEB-768x1086.png 768w, https:\/\/mont-roig.cat\/wp-content\/uploads\/MMT_destapat_2026_cartell_A3_WEB.png 842w\" sizes=\"auto, (max-width: 252px) 100vw, 252px\" \/><\/a>Del 30 de abril al 17 de mayo, los participantes podr\u00e1n completar su &#8220;Tapa Pass&#8221; para ganar una comida en un restaurante de la Gu\u00eda Michelin<\/strong><\/li>\n<\/ul>\n<p data-path-to-node=\"4\">Mont-roig del Camp y Miami Platja se preparan para vivir una de las citas m\u00e1s esperadas del calendario gastron\u00f3mico local. Del 30 de abril al 17 de mayo, el municipio acoge una nueva edici\u00f3n del Destapa\u2019t: la Ruta de la Tapa, una iniciativa que este a\u00f1o cuenta con la participaci\u00f3n de 20 bares y restaurantes. Tras el \u00e9xito rotundo y la gran acogida del a\u00f1o pasado, esta segunda edici\u00f3n desde su recuperaci\u00f3n llega con el objetivo de consolidarse como un escaparate de la creatividad culinaria del territorio.<\/p>\n<p data-path-to-node=\"5\">Los establecimientos participantes han dise\u00f1ado tapas innovadoras que apuestan decididamente por el producto de temporada y de proximidad, ofreciendo bocados de gran calidad a un precio de 4,5 euros (tapa y bebida incluida). La n\u00f3mina de restaurantes de este a\u00f1o es amplia y variada, incluyendo nombres como Aromi, Ash&amp;Oak, Balmar, Casa Bel, Casablanca Cristal, Chez Lorenzo, Eclipse, Ginger Caf\u00e8, La Borda d\u2019en Manel, La Galera, La Mar Salada, Limonero, Maykao, Pasadera, Plats and Co, Restaurant Mont-Gust, Restaurant Vaixell, Sab\u2019s, Sapore y Twin Fin.<\/p>\n<p data-path-to-node=\"5\"><strong>Componente participativo<\/strong><\/p>\n<p data-path-to-node=\"6\">Uno de los grandes atractivos de la ruta es el componente participativo. Los vecinos y visitantes podr\u00e1n hacerse con el Tapa Pass, un pasaporte de sellos que se ir\u00e1 completando a medida que se prueben las diferentes propuestas. Aquellos que consigan reunir un m\u00ednimo de 15 sellos podr\u00e1n depositar su pasaporte en las urnas habilitadas en las oficinas de turismo del municipio. El premio por este esfuerzo gastron\u00f3mico ser\u00e1 la participaci\u00f3n en el sorteo de una comida para dos personas en un prestigioso restaurante de la Gu\u00eda Michelin de la zona.<\/p>\n<p data-path-to-node=\"7\">Con el fin de facilitar la experiencia, la organizaci\u00f3n ha integrado la tecnolog\u00eda en la ruta a trav\u00e9s de la app Rutappa. Mediante esta aplicaci\u00f3n, los usuarios podr\u00e1n consultar de manera r\u00e1pida e intuitiva todas las tapas, su ubicaci\u00f3n exacta e informaci\u00f3n detallada de los ingredientes de cada propuesta.<\/p>\n<ul>\n<li data-path-to-node=\"7\">Descargar programa completo <a href=\"https:\/\/mont-roig.cat\/wp-content\/uploads\/MMT_destapat_2026_web-1.pdf\" target=\"_blank\" rel=\"noopener\">en este enlace.<\/a><\/li>\n<\/ul>\n","protected":false},"excerpt":{"rendered":"<p>Del 30 de abril al 17 de mayo, los participantes podr\u00e1n completar su &#8220;Tapa Pass&#8221; para ganar una comida en un restaurante de la Gu\u00eda Michelin Mont-roig del Camp y Miami Platja se preparan para vivir una de las citas m\u00e1s esperadas del calendario gastron\u00f3mico local. Del 30 de abril al 17 de mayo, el [&hellip;]<\/p>\n","protected":false},"author":13,"featured_media":91327,"comment_status":"closed","ping_status":"closed","sticky":false,"template":"","format":"standard","meta":{"inline_featured_image":false,"_monsterinsights_skip_tracking":false,"_monsterinsights_sitenote_active":false,"_monsterinsights_sitenote_note":"","_monsterinsights_sitenote_category":0,"footnotes":""},"categories":[98,115],"tags":[],"class_list":["post-91330","post","type-post","status-publish","format-standard","has-post-thumbnail","hentry","category-ayuntamiento","category-turismo"],"yoast_head":"<!-- This site is optimized with the Yoast SEO plugin v27.4 - https:\/\/yoast.com\/product\/yoast-seo-wordpress\/ -->\n<title>Mont-roig del Camp y Miami Platja celebran una nueva edici\u00f3n de la ruta gastron\u00f3mica &quot;Destapa\u2019t&quot; con 20 propuestas de proximidad - Ajuntament de Mont-roig del Camp<\/title>\n<meta name=\"robots\" content=\"index, follow, max-snippet:-1, max-image-preview:large, max-video-preview:-1\" \/>\n<link rel=\"canonical\" href=\"https:\/\/mont-roig.cat\/es\/actualitat\/noticies\/mont-roig-del-camp-y-miami-platja-celebran-una-nueva-edicion-de-la-ruta-gastronomica-destapat-con-20-propuestas-de-proximidad\/\" \/>\n<meta property=\"og:locale\" content=\"es_ES\" \/>\n<meta property=\"og:type\" content=\"article\" \/>\n<meta property=\"og:title\" content=\"Mont-roig del Camp y Miami Platja celebran una nueva edici\u00f3n de la ruta gastron\u00f3mica &quot;Destapa\u2019t&quot; con 20 propuestas de proximidad - Ajuntament de Mont-roig del Camp\" \/>\n<meta property=\"og:description\" content=\"Del 30 de abril al 17 de mayo, los participantes podr\u00e1n completar su &#8220;Tapa Pass&#8221; para ganar una comida en un restaurante de la Gu\u00eda Michelin Mont-roig del Camp y Miami Platja se preparan para vivir una de las citas m\u00e1s esperadas del calendario gastron\u00f3mico local. Del 30 de abril al 17 de mayo, el [&hellip;]\" \/>\n<meta property=\"og:url\" content=\"https:\/\/mont-roig.cat\/es\/actualitat\/noticies\/mont-roig-del-camp-y-miami-platja-celebran-una-nueva-edicion-de-la-ruta-gastronomica-destapat-con-20-propuestas-de-proximidad\/\" \/>\n<meta property=\"og:site_name\" content=\"Ajuntament de Mont-roig del Camp\" \/>\n<meta property=\"article:published_time\" content=\"2026-04-24T10:39:29+00:00\" \/>\n<meta property=\"article:modified_time\" content=\"2026-04-24T10:52:11+00:00\" \/>\n<meta property=\"og:image\" content=\"https:\/\/mont-roig.cat\/wp-content\/uploads\/MMT_destapat_2026_cartell_A3_WEB.png\" \/>\n\t<meta property=\"og:image:width\" content=\"842\" \/>\n\t<meta property=\"og:image:height\" content=\"1191\" \/>\n\t<meta property=\"og:image:type\" content=\"image\/png\" \/>\n<meta name=\"author\" content=\"comunicacio\" \/>\n<meta name=\"twitter:card\" content=\"summary_large_image\" \/>\n<meta name=\"twitter:label1\" content=\"Escrito por\" \/>\n\t<meta name=\"twitter:data1\" content=\"comunicacio\" \/>\n\t<meta name=\"twitter:label2\" content=\"Tiempo de lectura\" \/>\n\t<meta name=\"twitter:data2\" content=\"3 minutos\" \/>\n<script type=\"application\/ld+json\" class=\"yoast-schema-graph\">{\"@context\":\"https:\\\/\\\/schema.org\",\"@graph\":[{\"@type\":\"Article\",\"@id\":\"https:\\\/\\\/mont-roig.cat\\\/es\\\/actualitat\\\/noticies\\\/mont-roig-del-camp-y-miami-platja-celebran-una-nueva-edicion-de-la-ruta-gastronomica-destapat-con-20-propuestas-de-proximidad\\\/#article\",\"isPartOf\":{\"@id\":\"https:\\\/\\\/mont-roig.cat\\\/es\\\/actualitat\\\/noticies\\\/mont-roig-del-camp-y-miami-platja-celebran-una-nueva-edicion-de-la-ruta-gastronomica-destapat-con-20-propuestas-de-proximidad\\\/\"},\"author\":{\"name\":\"comunicacio\",\"@id\":\"https:\\\/\\\/mont-roig.cat\\\/es\\\/#\\\/schema\\\/person\\\/1f73e7b5e6f9dd122e8a6f14f310ac5e\"},\"headline\":\"Mont-roig del Camp y Miami Platja celebran una nueva edici\u00f3n de la ruta gastron\u00f3mica &#8220;Destapa\u2019t&#8221; con 20 propuestas de proximidad\",\"datePublished\":\"2026-04-24T10:39:29+00:00\",\"dateModified\":\"2026-04-24T10:52:11+00:00\",\"mainEntityOfPage\":{\"@id\":\"https:\\\/\\\/mont-roig.cat\\\/es\\\/actualitat\\\/noticies\\\/mont-roig-del-camp-y-miami-platja-celebran-una-nueva-edicion-de-la-ruta-gastronomica-destapat-con-20-propuestas-de-proximidad\\\/\"},\"wordCount\":391,\"image\":{\"@id\":\"https:\\\/\\\/mont-roig.cat\\\/es\\\/actualitat\\\/noticies\\\/mont-roig-del-camp-y-miami-platja-celebran-una-nueva-edicion-de-la-ruta-gastronomica-destapat-con-20-propuestas-de-proximidad\\\/#primaryimage\"},\"thumbnailUrl\":\"https:\\\/\\\/mont-roig.cat\\\/wp-content\\\/uploads\\\/MMT_destapat_2026_cartell_A3_WEB.png\",\"articleSection\":[\"Ayuntamiento\",\"Turismo\"],\"inLanguage\":\"es\"},{\"@type\":\"WebPage\",\"@id\":\"https:\\\/\\\/mont-roig.cat\\\/es\\\/actualitat\\\/noticies\\\/mont-roig-del-camp-y-miami-platja-celebran-una-nueva-edicion-de-la-ruta-gastronomica-destapat-con-20-propuestas-de-proximidad\\\/\",\"url\":\"https:\\\/\\\/mont-roig.cat\\\/es\\\/actualitat\\\/noticies\\\/mont-roig-del-camp-y-miami-platja-celebran-una-nueva-edicion-de-la-ruta-gastronomica-destapat-con-20-propuestas-de-proximidad\\\/\",\"name\":\"Mont-roig del Camp y Miami Platja celebran una nueva edici\u00f3n de la ruta gastron\u00f3mica \\\"Destapa\u2019t\\\" con 20 propuestas de proximidad - Ajuntament de Mont-roig del Camp\",\"isPartOf\":{\"@id\":\"https:\\\/\\\/mont-roig.cat\\\/es\\\/#website\"},\"primaryImageOfPage\":{\"@id\":\"https:\\\/\\\/mont-roig.cat\\\/es\\\/actualitat\\\/noticies\\\/mont-roig-del-camp-y-miami-platja-celebran-una-nueva-edicion-de-la-ruta-gastronomica-destapat-con-20-propuestas-de-proximidad\\\/#primaryimage\"},\"image\":{\"@id\":\"https:\\\/\\\/mont-roig.cat\\\/es\\\/actualitat\\\/noticies\\\/mont-roig-del-camp-y-miami-platja-celebran-una-nueva-edicion-de-la-ruta-gastronomica-destapat-con-20-propuestas-de-proximidad\\\/#primaryimage\"},\"thumbnailUrl\":\"https:\\\/\\\/mont-roig.cat\\\/wp-content\\\/uploads\\\/MMT_destapat_2026_cartell_A3_WEB.png\",\"datePublished\":\"2026-04-24T10:39:29+00:00\",\"dateModified\":\"2026-04-24T10:52:11+00:00\",\"author\":{\"@id\":\"https:\\\/\\\/mont-roig.cat\\\/es\\\/#\\\/schema\\\/person\\\/1f73e7b5e6f9dd122e8a6f14f310ac5e\"},\"breadcrumb\":{\"@id\":\"https:\\\/\\\/mont-roig.cat\\\/es\\\/actualitat\\\/noticies\\\/mont-roig-del-camp-y-miami-platja-celebran-una-nueva-edicion-de-la-ruta-gastronomica-destapat-con-20-propuestas-de-proximidad\\\/#breadcrumb\"},\"inLanguage\":\"es\",\"potentialAction\":[{\"@type\":\"ReadAction\",\"target\":[\"https:\\\/\\\/mont-roig.cat\\\/es\\\/actualitat\\\/noticies\\\/mont-roig-del-camp-y-miami-platja-celebran-una-nueva-edicion-de-la-ruta-gastronomica-destapat-con-20-propuestas-de-proximidad\\\/\"]}]},{\"@type\":\"ImageObject\",\"inLanguage\":\"es\",\"@id\":\"https:\\\/\\\/mont-roig.cat\\\/es\\\/actualitat\\\/noticies\\\/mont-roig-del-camp-y-miami-platja-celebran-una-nueva-edicion-de-la-ruta-gastronomica-destapat-con-20-propuestas-de-proximidad\\\/#primaryimage\",\"url\":\"https:\\\/\\\/mont-roig.cat\\\/wp-content\\\/uploads\\\/MMT_destapat_2026_cartell_A3_WEB.png\",\"contentUrl\":\"https:\\\/\\\/mont-roig.cat\\\/wp-content\\\/uploads\\\/MMT_destapat_2026_cartell_A3_WEB.png\",\"width\":842,\"height\":1191},{\"@type\":\"BreadcrumbList\",\"@id\":\"https:\\\/\\\/mont-roig.cat\\\/es\\\/actualitat\\\/noticies\\\/mont-roig-del-camp-y-miami-platja-celebran-una-nueva-edicion-de-la-ruta-gastronomica-destapat-con-20-propuestas-de-proximidad\\\/#breadcrumb\",\"itemListElement\":[{\"@type\":\"ListItem\",\"position\":1,\"name\":\"Inici\",\"item\":\"https:\\\/\\\/mont-roig.cat\\\/es\\\/pagina-de-inicio\\\/\"},{\"@type\":\"ListItem\",\"position\":2,\"name\":\"Mont-roig del Camp y Miami Platja celebran una nueva edici\u00f3n de la ruta gastron\u00f3mica &#8220;Destapa\u2019t&#8221; con 20 propuestas de proximidad\"}]},{\"@type\":\"WebSite\",\"@id\":\"https:\\\/\\\/mont-roig.cat\\\/es\\\/#website\",\"url\":\"https:\\\/\\\/mont-roig.cat\\\/es\\\/\",\"name\":\"Ajuntament de Mont-roig del Camp\",\"description\":\"Tota la informaci\u00f3 sobre la instituci\u00f3, els seus \u00f2rgans de govern, actualitat, serveis i molt m\u00e9s.\",\"potentialAction\":[{\"@type\":\"SearchAction\",\"target\":{\"@type\":\"EntryPoint\",\"urlTemplate\":\"https:\\\/\\\/mont-roig.cat\\\/es\\\/?s={search_term_string}\"},\"query-input\":{\"@type\":\"PropertyValueSpecification\",\"valueRequired\":true,\"valueName\":\"search_term_string\"}}],\"inLanguage\":\"es\"},{\"@type\":\"Person\",\"@id\":\"https:\\\/\\\/mont-roig.cat\\\/es\\\/#\\\/schema\\\/person\\\/1f73e7b5e6f9dd122e8a6f14f310ac5e\",\"name\":\"comunicacio\",\"image\":{\"@type\":\"ImageObject\",\"inLanguage\":\"es\",\"@id\":\"https:\\\/\\\/secure.gravatar.com\\\/avatar\\\/98944333e7a877670a64f8d10f0cb680ab2c9ebc4efc43945ef004b52b5ad28c?s=96&d=mm&r=g\",\"url\":\"https:\\\/\\\/secure.gravatar.com\\\/avatar\\\/98944333e7a877670a64f8d10f0cb680ab2c9ebc4efc43945ef004b52b5ad28c?s=96&d=mm&r=g\",\"contentUrl\":\"https:\\\/\\\/secure.gravatar.com\\\/avatar\\\/98944333e7a877670a64f8d10f0cb680ab2c9ebc4efc43945ef004b52b5ad28c?s=96&d=mm&r=g\",\"caption\":\"comunicacio\"},\"url\":\"https:\\\/\\\/mont-roig.cat\\\/es\\\/actualitat\\\/noticies\\\/author\\\/comunicacio\\\/\"}]}<\/script>\n<!-- \/ Yoast SEO plugin. -->","yoast_head_json":{"title":"Mont-roig del Camp y Miami Platja celebran una nueva edici\u00f3n de la ruta gastron\u00f3mica \"Destapa\u2019t\" con 20 propuestas de proximidad - Ajuntament de Mont-roig del Camp","robots":{"index":"index","follow":"follow","max-snippet":"max-snippet:-1","max-image-preview":"max-image-preview:large","max-video-preview":"max-video-preview:-1"},"canonical":"https:\/\/mont-roig.cat\/es\/actualitat\/noticies\/mont-roig-del-camp-y-miami-platja-celebran-una-nueva-edicion-de-la-ruta-gastronomica-destapat-con-20-propuestas-de-proximidad\/","og_locale":"es_ES","og_type":"article","og_title":"Mont-roig del Camp y Miami Platja celebran una nueva edici\u00f3n de la ruta gastron\u00f3mica \"Destapa\u2019t\" con 20 propuestas de proximidad - Ajuntament de Mont-roig del Camp","og_description":"Del 30 de abril al 17 de mayo, los participantes podr\u00e1n completar su &#8220;Tapa Pass&#8221; para ganar una comida en un restaurante de la Gu\u00eda Michelin Mont-roig del Camp y Miami Platja se preparan para vivir una de las citas m\u00e1s esperadas del calendario gastron\u00f3mico local. Del 30 de abril al 17 de mayo, el [&hellip;]","og_url":"https:\/\/mont-roig.cat\/es\/actualitat\/noticies\/mont-roig-del-camp-y-miami-platja-celebran-una-nueva-edicion-de-la-ruta-gastronomica-destapat-con-20-propuestas-de-proximidad\/","og_site_name":"Ajuntament de Mont-roig del Camp","article_published_time":"2026-04-24T10:39:29+00:00","article_modified_time":"2026-04-24T10:52:11+00:00","og_image":[{"width":842,"height":1191,"url":"https:\/\/mont-roig.cat\/wp-content\/uploads\/MMT_destapat_2026_cartell_A3_WEB.png","type":"image\/png"}],"author":"comunicacio","twitter_card":"summary_large_image","twitter_misc":{"Escrito por":"comunicacio","Tiempo de lectura":"3 minutos"},"schema":{"@context":"https:\/\/schema.org","@graph":[{"@type":"Article","@id":"https:\/\/mont-roig.cat\/es\/actualitat\/noticies\/mont-roig-del-camp-y-miami-platja-celebran-una-nueva-edicion-de-la-ruta-gastronomica-destapat-con-20-propuestas-de-proximidad\/#article","isPartOf":{"@id":"https:\/\/mont-roig.cat\/es\/actualitat\/noticies\/mont-roig-del-camp-y-miami-platja-celebran-una-nueva-edicion-de-la-ruta-gastronomica-destapat-con-20-propuestas-de-proximidad\/"},"author":{"name":"comunicacio","@id":"https:\/\/mont-roig.cat\/es\/#\/schema\/person\/1f73e7b5e6f9dd122e8a6f14f310ac5e"},"headline":"Mont-roig del Camp y Miami Platja celebran una nueva edici\u00f3n de la ruta gastron\u00f3mica &#8220;Destapa\u2019t&#8221; con 20 propuestas de proximidad","datePublished":"2026-04-24T10:39:29+00:00","dateModified":"2026-04-24T10:52:11+00:00","mainEntityOfPage":{"@id":"https:\/\/mont-roig.cat\/es\/actualitat\/noticies\/mont-roig-del-camp-y-miami-platja-celebran-una-nueva-edicion-de-la-ruta-gastronomica-destapat-con-20-propuestas-de-proximidad\/"},"wordCount":391,"image":{"@id":"https:\/\/mont-roig.cat\/es\/actualitat\/noticies\/mont-roig-del-camp-y-miami-platja-celebran-una-nueva-edicion-de-la-ruta-gastronomica-destapat-con-20-propuestas-de-proximidad\/#primaryimage"},"thumbnailUrl":"https:\/\/mont-roig.cat\/wp-content\/uploads\/MMT_destapat_2026_cartell_A3_WEB.png","articleSection":["Ayuntamiento","Turismo"],"inLanguage":"es"},{"@type":"WebPage","@id":"https:\/\/mont-roig.cat\/es\/actualitat\/noticies\/mont-roig-del-camp-y-miami-platja-celebran-una-nueva-edicion-de-la-ruta-gastronomica-destapat-con-20-propuestas-de-proximidad\/","url":"https:\/\/mont-roig.cat\/es\/actualitat\/noticies\/mont-roig-del-camp-y-miami-platja-celebran-una-nueva-edicion-de-la-ruta-gastronomica-destapat-con-20-propuestas-de-proximidad\/","name":"Mont-roig del Camp y Miami Platja celebran una nueva edici\u00f3n de la ruta gastron\u00f3mica \"Destapa\u2019t\" con 20 propuestas de proximidad - Ajuntament de Mont-roig del Camp","isPartOf":{"@id":"https:\/\/mont-roig.cat\/es\/#website"},"primaryImageOfPage":{"@id":"https:\/\/mont-roig.cat\/es\/actualitat\/noticies\/mont-roig-del-camp-y-miami-platja-celebran-una-nueva-edicion-de-la-ruta-gastronomica-destapat-con-20-propuestas-de-proximidad\/#primaryimage"},"image":{"@id":"https:\/\/mont-roig.cat\/es\/actualitat\/noticies\/mont-roig-del-camp-y-miami-platja-celebran-una-nueva-edicion-de-la-ruta-gastronomica-destapat-con-20-propuestas-de-proximidad\/#primaryimage"},"thumbnailUrl":"https:\/\/mont-roig.cat\/wp-content\/uploads\/MMT_destapat_2026_cartell_A3_WEB.png","datePublished":"2026-04-24T10:39:29+00:00","dateModified":"2026-04-24T10:52:11+00:00","author":{"@id":"https:\/\/mont-roig.cat\/es\/#\/schema\/person\/1f73e7b5e6f9dd122e8a6f14f310ac5e"},"breadcrumb":{"@id":"https:\/\/mont-roig.cat\/es\/actualitat\/noticies\/mont-roig-del-camp-y-miami-platja-celebran-una-nueva-edicion-de-la-ruta-gastronomica-destapat-con-20-propuestas-de-proximidad\/#breadcrumb"},"inLanguage":"es","potentialAction":[{"@type":"ReadAction","target":["https:\/\/mont-roig.cat\/es\/actualitat\/noticies\/mont-roig-del-camp-y-miami-platja-celebran-una-nueva-edicion-de-la-ruta-gastronomica-destapat-con-20-propuestas-de-proximidad\/"]}]},{"@type":"ImageObject","inLanguage":"es","@id":"https:\/\/mont-roig.cat\/es\/actualitat\/noticies\/mont-roig-del-camp-y-miami-platja-celebran-una-nueva-edicion-de-la-ruta-gastronomica-destapat-con-20-propuestas-de-proximidad\/#primaryimage","url":"https:\/\/mont-roig.cat\/wp-content\/uploads\/MMT_destapat_2026_cartell_A3_WEB.png","contentUrl":"https:\/\/mont-roig.cat\/wp-content\/uploads\/MMT_destapat_2026_cartell_A3_WEB.png","width":842,"height":1191},{"@type":"BreadcrumbList","@id":"https:\/\/mont-roig.cat\/es\/actualitat\/noticies\/mont-roig-del-camp-y-miami-platja-celebran-una-nueva-edicion-de-la-ruta-gastronomica-destapat-con-20-propuestas-de-proximidad\/#breadcrumb","itemListElement":[{"@type":"ListItem","position":1,"name":"Inici","item":"https:\/\/mont-roig.cat\/es\/pagina-de-inicio\/"},{"@type":"ListItem","position":2,"name":"Mont-roig del Camp y Miami Platja celebran una nueva edici\u00f3n de la ruta gastron\u00f3mica &#8220;Destapa\u2019t&#8221; con 20 propuestas de proximidad"}]},{"@type":"WebSite","@id":"https:\/\/mont-roig.cat\/es\/#website","url":"https:\/\/mont-roig.cat\/es\/","name":"Ajuntament de Mont-roig del Camp","description":"Tota la informaci\u00f3 sobre la instituci\u00f3, els seus \u00f2rgans de govern, actualitat, serveis i molt m\u00e9s.","potentialAction":[{"@type":"SearchAction","target":{"@type":"EntryPoint","urlTemplate":"https:\/\/mont-roig.cat\/es\/?s={search_term_string}"},"query-input":{"@type":"PropertyValueSpecification","valueRequired":true,"valueName":"search_term_string"}}],"inLanguage":"es"},{"@type":"Person","@id":"https:\/\/mont-roig.cat\/es\/#\/schema\/person\/1f73e7b5e6f9dd122e8a6f14f310ac5e","name":"comunicacio","image":{"@type":"ImageObject","inLanguage":"es","@id":"https:\/\/secure.gravatar.com\/avatar\/98944333e7a877670a64f8d10f0cb680ab2c9ebc4efc43945ef004b52b5ad28c?s=96&d=mm&r=g","url":"https:\/\/secure.gravatar.com\/avatar\/98944333e7a877670a64f8d10f0cb680ab2c9ebc4efc43945ef004b52b5ad28c?s=96&d=mm&r=g","contentUrl":"https:\/\/secure.gravatar.com\/avatar\/98944333e7a877670a64f8d10f0cb680ab2c9ebc4efc43945ef004b52b5ad28c?s=96&d=mm&r=g","caption":"comunicacio"},"url":"https:\/\/mont-roig.cat\/es\/actualitat\/noticies\/author\/comunicacio\/"}]}},"_links":{"self":[{"href":"https:\/\/mont-roig.cat\/es\/wp-json\/wp\/v2\/posts\/91330","targetHints":{"allow":["GET"]}}],"collection":[{"href":"https:\/\/mont-roig.cat\/es\/wp-json\/wp\/v2\/posts"}],"about":[{"href":"https:\/\/mont-roig.cat\/es\/wp-json\/wp\/v2\/types\/post"}],"author":[{"embeddable":true,"href":"https:\/\/mont-roig.cat\/es\/wp-json\/wp\/v2\/users\/13"}],"replies":[{"embeddable":true,"href":"https:\/\/mont-roig.cat\/es\/wp-json\/wp\/v2\/comments?post=91330"}],"version-history":[{"count":3,"href":"https:\/\/mont-roig.cat\/es\/wp-json\/wp\/v2\/posts\/91330\/revisions"}],"predecessor-version":[{"id":91341,"href":"https:\/\/mont-roig.cat\/es\/wp-json\/wp\/v2\/posts\/91330\/revisions\/91341"}],"wp:featuredmedia":[{"embeddable":true,"href":"https:\/\/mont-roig.cat\/es\/wp-json\/wp\/v2\/media\/91327"}],"wp:attachment":[{"href":"https:\/\/mont-roig.cat\/es\/wp-json\/wp\/v2\/media?parent=91330"}],"wp:term":[{"taxonomy":"category","embeddable":true,"href":"https:\/\/mont-roig.cat\/es\/wp-json\/wp\/v2\/categories?post=91330"},{"taxonomy":"post_tag","embeddable":true,"href":"https:\/\/mont-roig.cat\/es\/wp-json\/wp\/v2\/tags?post=91330"}],"curies":[{"name":"wp","href":"https:\/\/api.w.org\/{rel}","templated":true}]}}