{"id":91466,"date":"2026-04-29T14:15:33","date_gmt":"2026-04-29T12:15:33","guid":{"rendered":"https:\/\/mont-roig.cat\/?p=91466"},"modified":"2026-04-29T14:35:38","modified_gmt":"2026-04-29T12:35:38","slug":"el-pleno-del-ayuntamiento-aprueba-una-modificacion-de-credito-de-45-millones-para-impulsar-inversiones-y-servicios","status":"publish","type":"post","link":"https:\/\/mont-roig.cat\/es\/actualitat\/noticies\/el-pleno-del-ayuntamiento-aprueba-una-modificacion-de-credito-de-45-millones-para-impulsar-inversiones-y-servicios\/","title":{"rendered":"El Pleno del Ayuntamiento aprueba una modificaci\u00f3n de cr\u00e9dito de 4,5 millones para impulsar inversiones y servicios"},"content":{"rendered":"<p><strong><a href=\"https:\/\/mont-roig.cat\/wp-content\/uploads\/Ple-29-04-2026.jpeg\"><img loading=\"lazy\" decoding=\"async\" class=\"alignright wp-image-91463\" src=\"https:\/\/mont-roig.cat\/wp-content\/uploads\/Ple-29-04-2026-500x375.jpeg\" alt=\"\" width=\"300\" height=\"225\" srcset=\"https:\/\/mont-roig.cat\/wp-content\/uploads\/Ple-29-04-2026-500x375.jpeg 500w, https:\/\/mont-roig.cat\/wp-content\/uploads\/Ple-29-04-2026-1024x768.jpeg 1024w, https:\/\/mont-roig.cat\/wp-content\/uploads\/Ple-29-04-2026-768x576.jpeg 768w, https:\/\/mont-roig.cat\/wp-content\/uploads\/Ple-29-04-2026-1536x1152.jpeg 1536w, https:\/\/mont-roig.cat\/wp-content\/uploads\/Ple-29-04-2026-463x348.jpeg 463w, https:\/\/mont-roig.cat\/wp-content\/uploads\/Ple-29-04-2026.jpeg 1600w\" sizes=\"auto, (max-width: 300px) 100vw, 300px\" \/><\/a><\/strong><\/p>\n<ul>\n<li class=\"isSelectedEnd\"><strong>Las actuaciones abarcan la mejora del espacio p\u00fablico, el desarrollo urban\u00edstico, los equipamientos municipales y la dinamizaci\u00f3n del municipio<\/strong><\/li>\n<\/ul>\n<p class=\"isSelectedEnd\">El Pleno del Ayuntamiento de Mont-roig del Camp, celebrado este mi\u00e9rcoles en sesi\u00f3n extraordinaria, ha aprobado una modificaci\u00f3n de cr\u00e9dito extraordinaria de 4.503.535 euros con el objetivo de garantizar la ejecuci\u00f3n de proyectos prioritarios en el municipio, reforzar los servicios esenciales e impulsar inversiones estrat\u00e9gicas en el t\u00e9rmino municipal.<\/p>\n<p class=\"isSelectedEnd\">La mayor parte de los recursos se destinar\u00e1n a inversiones, con m\u00e1s de 3,4 millones de euros, mientras que cerca de 892.000 euros se dedicar\u00e1n a gastos corrientes. La modificaci\u00f3n tambi\u00e9n incluye aportaciones a la empresa municipal Nostreserveis, con 71.000 euros para gasto corriente y 110.000 euros en subvenciones de capital.<\/p>\n<p class=\"isSelectedEnd\">La financiaci\u00f3n se realizar\u00e1 a trav\u00e9s de bajas en proyectos de inversi\u00f3n, el remanente l\u00edquido de tesorer\u00eda y una operaci\u00f3n de pr\u00e9stamo.<\/p>\n<p class=\"isSelectedEnd\"><strong>Principales actuaciones<\/strong><\/p>\n<p class=\"isSelectedEnd\">Entre las principales inversiones destacan las mejoras en la v\u00eda p\u00fablica y en la movilidad, la renovaci\u00f3n de la se\u00f1alizaci\u00f3n viaria, las actuaciones de pacificaci\u00f3n del tr\u00e1fico, los trabajos de asfaltado en las calles Llastres, Gil Vernet, avenida de la Diversidad y calle de les Sorts, as\u00ed como la ampliaci\u00f3n de la red ciclista.<\/p>\n<p class=\"isSelectedEnd\">Tambi\u00e9n se impulsan proyectos de mejora urban\u00edstica relevante (Casalot-Ranxos y Sant Miquel), la adquisici\u00f3n de suelo para la ampliaci\u00f3n del pol\u00edgono industrial de la Fisher, en Mont-roig, la redacci\u00f3n de proyectos de urbanizaci\u00f3n (La Riviera, Parad\u00eds y Parc de Mont-roig), la ampliaci\u00f3n de la escuela infantil de Miami Platja y la construcci\u00f3n o adecuaci\u00f3n de equipamientos y espacios de uso p\u00fablico, como el Torre\u00f3n de Miami Platja y el espacio exterior del Vag\u00f3n Restaurante.<\/p>\n<p class=\"isSelectedEnd\">En el \u00e1mbito de los servicios y equipamientos municipales, la modificaci\u00f3n permite ejecutar actuaciones de mejora y mantenimiento en equipamientos culturales, deportivos, educativos y sociales, as\u00ed como renovar sistemas de climatizaci\u00f3n, mejorar la seguridad contra incendios, adquirir equipamiento inform\u00e1tico y reforzar los sistemas de gesti\u00f3n municipal. Tambi\u00e9n se incluyen actuaciones vinculadas a las personas mayores, la juventud, el sistema educativo y el refuerzo de la programaci\u00f3n cultural, as\u00ed como inversiones en seguridad ciudadana.<\/p>\n<p class=\"isSelectedEnd\">La modificaci\u00f3n de cr\u00e9dito tambi\u00e9n destina recursos a la dinamizaci\u00f3n tur\u00edstica y econ\u00f3mica, especialmente con el lanzamiento de la Feria ATURA, un evento del camping y caravaning, as\u00ed como campa\u00f1as de promoci\u00f3n y actuaciones de protecci\u00f3n y puesta en valor del patrimonio municipal (elaboraci\u00f3n del plan director de las ruinas del Poblado de Miramar).<\/p>\n<p>El punto se ha aprobado con el voto favorable del equipo de gobierno y la abstenci\u00f3n de los grupos de la oposici\u00f3n, que han calificado la modificaci\u00f3n de falta de planificaci\u00f3n y han preguntado sobre varios de los \u00e1mbitos que se financiar\u00e1n con la misma. Por su parte, el alcalde Fran Morancho ha defendido que \u201cno importa el momento, sino la finalidad\u201d de la modificaci\u00f3n y ha asegurado que las actuaciones responden a necesidades reales del municipio y est\u00e1n previstas dentro del plan de acci\u00f3n del gobierno.<\/p>\n<p>El pleno del Ayuntamiento de Mont-roig del Camp se puede seguir en este <a href=\"https:\/\/www.youtube.com\/live\/pMD5w1tLcZw\" target=\"_blank\" rel=\"noopener\">enlace<\/a>.<strong>\u00a0<\/strong><\/p>\n","protected":false},"excerpt":{"rendered":"<p>Las actuaciones abarcan la mejora del espacio p\u00fablico, el desarrollo urban\u00edstico, los equipamientos municipales y la dinamizaci\u00f3n del municipio El Pleno del Ayuntamiento de Mont-roig del Camp, celebrado este mi\u00e9rcoles en sesi\u00f3n extraordinaria, ha aprobado una modificaci\u00f3n de cr\u00e9dito extraordinaria de 4.503.535 euros con el objetivo de garantizar la ejecuci\u00f3n de proyectos prioritarios en el [&hellip;]<\/p>\n","protected":false},"author":13,"featured_media":91465,"comment_status":"closed","ping_status":"closed","sticky":false,"template":"","format":"standard","meta":{"inline_featured_image":false,"_monsterinsights_skip_tracking":false,"_monsterinsights_sitenote_active":false,"_monsterinsights_sitenote_note":"","_monsterinsights_sitenote_category":0,"footnotes":""},"categories":[156,98,254,108,116],"tags":[],"class_list":["post-91466","post","type-post","status-publish","format-standard","has-post-thumbnail","hentry","category-alcalde-es","category-ayuntamiento","category-hisenda-es","category-movilidad-y-transporte","category-urbanismo-y-obras"],"yoast_head":"<!-- This site is optimized with the Yoast SEO plugin v27.4 - https:\/\/yoast.com\/product\/yoast-seo-wordpress\/ -->\n<title>El Pleno del Ayuntamiento aprueba una modificaci\u00f3n de cr\u00e9dito de 4,5 millones para impulsar inversiones y servicios - Ajuntament de Mont-roig del Camp<\/title>\n<meta name=\"robots\" content=\"index, follow, max-snippet:-1, max-image-preview:large, max-video-preview:-1\" \/>\n<link rel=\"canonical\" href=\"https:\/\/mont-roig.cat\/es\/actualitat\/noticies\/el-pleno-del-ayuntamiento-aprueba-una-modificacion-de-credito-de-45-millones-para-impulsar-inversiones-y-servicios\/\" \/>\n<meta property=\"og:locale\" content=\"es_ES\" \/>\n<meta property=\"og:type\" content=\"article\" \/>\n<meta property=\"og:title\" content=\"El Pleno del Ayuntamiento aprueba una modificaci\u00f3n de cr\u00e9dito de 4,5 millones para impulsar inversiones y servicios - Ajuntament de Mont-roig del Camp\" \/>\n<meta property=\"og:description\" content=\"Las actuaciones abarcan la mejora del espacio p\u00fablico, el desarrollo urban\u00edstico, los equipamientos municipales y la dinamizaci\u00f3n del municipio El Pleno del Ayuntamiento de Mont-roig del Camp, celebrado este mi\u00e9rcoles en sesi\u00f3n extraordinaria, ha aprobado una modificaci\u00f3n de cr\u00e9dito extraordinaria de 4.503.535 euros con el objetivo de garantizar la ejecuci\u00f3n de proyectos prioritarios en el [&hellip;]\" \/>\n<meta property=\"og:url\" content=\"https:\/\/mont-roig.cat\/es\/actualitat\/noticies\/el-pleno-del-ayuntamiento-aprueba-una-modificacion-de-credito-de-45-millones-para-impulsar-inversiones-y-servicios\/\" \/>\n<meta property=\"og:site_name\" content=\"Ajuntament de Mont-roig del Camp\" \/>\n<meta property=\"article:published_time\" content=\"2026-04-29T12:15:33+00:00\" \/>\n<meta property=\"article:modified_time\" content=\"2026-04-29T12:35:38+00:00\" \/>\n<meta property=\"og:image\" content=\"https:\/\/mont-roig.cat\/wp-content\/uploads\/Ple-29-04-2026.jpeg\" \/>\n\t<meta property=\"og:image:width\" content=\"1600\" \/>\n\t<meta property=\"og:image:height\" content=\"1200\" \/>\n\t<meta property=\"og:image:type\" content=\"image\/jpeg\" \/>\n<meta name=\"author\" content=\"comunicacio\" \/>\n<meta name=\"twitter:card\" content=\"summary_large_image\" \/>\n<meta name=\"twitter:label1\" content=\"Escrito por\" \/>\n\t<meta name=\"twitter:data1\" content=\"comunicacio\" \/>\n\t<meta name=\"twitter:label2\" content=\"Tiempo de lectura\" \/>\n\t<meta name=\"twitter:data2\" content=\"4 minutos\" \/>\n<script type=\"application\/ld+json\" class=\"yoast-schema-graph\">{\"@context\":\"https:\\\/\\\/schema.org\",\"@graph\":[{\"@type\":\"Article\",\"@id\":\"https:\\\/\\\/mont-roig.cat\\\/es\\\/actualitat\\\/noticies\\\/el-pleno-del-ayuntamiento-aprueba-una-modificacion-de-credito-de-45-millones-para-impulsar-inversiones-y-servicios\\\/#article\",\"isPartOf\":{\"@id\":\"https:\\\/\\\/mont-roig.cat\\\/es\\\/actualitat\\\/noticies\\\/el-pleno-del-ayuntamiento-aprueba-una-modificacion-de-credito-de-45-millones-para-impulsar-inversiones-y-servicios\\\/\"},\"author\":{\"name\":\"comunicacio\",\"@id\":\"https:\\\/\\\/mont-roig.cat\\\/es\\\/#\\\/schema\\\/person\\\/1f73e7b5e6f9dd122e8a6f14f310ac5e\"},\"headline\":\"El Pleno del Ayuntamiento aprueba una modificaci\u00f3n de cr\u00e9dito de 4,5 millones para impulsar inversiones y servicios\",\"datePublished\":\"2026-04-29T12:15:33+00:00\",\"dateModified\":\"2026-04-29T12:35:38+00:00\",\"mainEntityOfPage\":{\"@id\":\"https:\\\/\\\/mont-roig.cat\\\/es\\\/actualitat\\\/noticies\\\/el-pleno-del-ayuntamiento-aprueba-una-modificacion-de-credito-de-45-millones-para-impulsar-inversiones-y-servicios\\\/\"},\"wordCount\":580,\"image\":{\"@id\":\"https:\\\/\\\/mont-roig.cat\\\/es\\\/actualitat\\\/noticies\\\/el-pleno-del-ayuntamiento-aprueba-una-modificacion-de-credito-de-45-millones-para-impulsar-inversiones-y-servicios\\\/#primaryimage\"},\"thumbnailUrl\":\"https:\\\/\\\/mont-roig.cat\\\/wp-content\\\/uploads\\\/Ple-29-04-2026.jpeg\",\"articleSection\":[\"Alcalde\",\"Ayuntamiento\",\"Hisenda\",\"Movilidad y transporte\",\"Urbanismo y obras\"],\"inLanguage\":\"es\"},{\"@type\":\"WebPage\",\"@id\":\"https:\\\/\\\/mont-roig.cat\\\/es\\\/actualitat\\\/noticies\\\/el-pleno-del-ayuntamiento-aprueba-una-modificacion-de-credito-de-45-millones-para-impulsar-inversiones-y-servicios\\\/\",\"url\":\"https:\\\/\\\/mont-roig.cat\\\/es\\\/actualitat\\\/noticies\\\/el-pleno-del-ayuntamiento-aprueba-una-modificacion-de-credito-de-45-millones-para-impulsar-inversiones-y-servicios\\\/\",\"name\":\"El Pleno del Ayuntamiento aprueba una modificaci\u00f3n de cr\u00e9dito de 4,5 millones para impulsar inversiones y servicios - Ajuntament de Mont-roig del Camp\",\"isPartOf\":{\"@id\":\"https:\\\/\\\/mont-roig.cat\\\/es\\\/#website\"},\"primaryImageOfPage\":{\"@id\":\"https:\\\/\\\/mont-roig.cat\\\/es\\\/actualitat\\\/noticies\\\/el-pleno-del-ayuntamiento-aprueba-una-modificacion-de-credito-de-45-millones-para-impulsar-inversiones-y-servicios\\\/#primaryimage\"},\"image\":{\"@id\":\"https:\\\/\\\/mont-roig.cat\\\/es\\\/actualitat\\\/noticies\\\/el-pleno-del-ayuntamiento-aprueba-una-modificacion-de-credito-de-45-millones-para-impulsar-inversiones-y-servicios\\\/#primaryimage\"},\"thumbnailUrl\":\"https:\\\/\\\/mont-roig.cat\\\/wp-content\\\/uploads\\\/Ple-29-04-2026.jpeg\",\"datePublished\":\"2026-04-29T12:15:33+00:00\",\"dateModified\":\"2026-04-29T12:35:38+00:00\",\"author\":{\"@id\":\"https:\\\/\\\/mont-roig.cat\\\/es\\\/#\\\/schema\\\/person\\\/1f73e7b5e6f9dd122e8a6f14f310ac5e\"},\"breadcrumb\":{\"@id\":\"https:\\\/\\\/mont-roig.cat\\\/es\\\/actualitat\\\/noticies\\\/el-pleno-del-ayuntamiento-aprueba-una-modificacion-de-credito-de-45-millones-para-impulsar-inversiones-y-servicios\\\/#breadcrumb\"},\"inLanguage\":\"es\",\"potentialAction\":[{\"@type\":\"ReadAction\",\"target\":[\"https:\\\/\\\/mont-roig.cat\\\/es\\\/actualitat\\\/noticies\\\/el-pleno-del-ayuntamiento-aprueba-una-modificacion-de-credito-de-45-millones-para-impulsar-inversiones-y-servicios\\\/\"]}]},{\"@type\":\"ImageObject\",\"inLanguage\":\"es\",\"@id\":\"https:\\\/\\\/mont-roig.cat\\\/es\\\/actualitat\\\/noticies\\\/el-pleno-del-ayuntamiento-aprueba-una-modificacion-de-credito-de-45-millones-para-impulsar-inversiones-y-servicios\\\/#primaryimage\",\"url\":\"https:\\\/\\\/mont-roig.cat\\\/wp-content\\\/uploads\\\/Ple-29-04-2026.jpeg\",\"contentUrl\":\"https:\\\/\\\/mont-roig.cat\\\/wp-content\\\/uploads\\\/Ple-29-04-2026.jpeg\",\"width\":1600,\"height\":1200},{\"@type\":\"BreadcrumbList\",\"@id\":\"https:\\\/\\\/mont-roig.cat\\\/es\\\/actualitat\\\/noticies\\\/el-pleno-del-ayuntamiento-aprueba-una-modificacion-de-credito-de-45-millones-para-impulsar-inversiones-y-servicios\\\/#breadcrumb\",\"itemListElement\":[{\"@type\":\"ListItem\",\"position\":1,\"name\":\"Inici\",\"item\":\"https:\\\/\\\/mont-roig.cat\\\/es\\\/pagina-de-inicio\\\/\"},{\"@type\":\"ListItem\",\"position\":2,\"name\":\"El Pleno del Ayuntamiento aprueba una modificaci\u00f3n de cr\u00e9dito de 4,5 millones para impulsar inversiones y servicios\"}]},{\"@type\":\"WebSite\",\"@id\":\"https:\\\/\\\/mont-roig.cat\\\/es\\\/#website\",\"url\":\"https:\\\/\\\/mont-roig.cat\\\/es\\\/\",\"name\":\"Ajuntament de Mont-roig del Camp\",\"description\":\"Tota la informaci\u00f3 sobre la instituci\u00f3, els seus \u00f2rgans de govern, actualitat, serveis i molt m\u00e9s.\",\"potentialAction\":[{\"@type\":\"SearchAction\",\"target\":{\"@type\":\"EntryPoint\",\"urlTemplate\":\"https:\\\/\\\/mont-roig.cat\\\/es\\\/?s={search_term_string}\"},\"query-input\":{\"@type\":\"PropertyValueSpecification\",\"valueRequired\":true,\"valueName\":\"search_term_string\"}}],\"inLanguage\":\"es\"},{\"@type\":\"Person\",\"@id\":\"https:\\\/\\\/mont-roig.cat\\\/es\\\/#\\\/schema\\\/person\\\/1f73e7b5e6f9dd122e8a6f14f310ac5e\",\"name\":\"comunicacio\",\"image\":{\"@type\":\"ImageObject\",\"inLanguage\":\"es\",\"@id\":\"https:\\\/\\\/secure.gravatar.com\\\/avatar\\\/98944333e7a877670a64f8d10f0cb680ab2c9ebc4efc43945ef004b52b5ad28c?s=96&d=mm&r=g\",\"url\":\"https:\\\/\\\/secure.gravatar.com\\\/avatar\\\/98944333e7a877670a64f8d10f0cb680ab2c9ebc4efc43945ef004b52b5ad28c?s=96&d=mm&r=g\",\"contentUrl\":\"https:\\\/\\\/secure.gravatar.com\\\/avatar\\\/98944333e7a877670a64f8d10f0cb680ab2c9ebc4efc43945ef004b52b5ad28c?s=96&d=mm&r=g\",\"caption\":\"comunicacio\"},\"url\":\"https:\\\/\\\/mont-roig.cat\\\/es\\\/actualitat\\\/noticies\\\/author\\\/comunicacio\\\/\"}]}<\/script>\n<!-- \/ Yoast SEO plugin. -->","yoast_head_json":{"title":"El Pleno del Ayuntamiento aprueba una modificaci\u00f3n de cr\u00e9dito de 4,5 millones para impulsar inversiones y servicios - Ajuntament de Mont-roig del Camp","robots":{"index":"index","follow":"follow","max-snippet":"max-snippet:-1","max-image-preview":"max-image-preview:large","max-video-preview":"max-video-preview:-1"},"canonical":"https:\/\/mont-roig.cat\/es\/actualitat\/noticies\/el-pleno-del-ayuntamiento-aprueba-una-modificacion-de-credito-de-45-millones-para-impulsar-inversiones-y-servicios\/","og_locale":"es_ES","og_type":"article","og_title":"El Pleno del Ayuntamiento aprueba una modificaci\u00f3n de cr\u00e9dito de 4,5 millones para impulsar inversiones y servicios - Ajuntament de Mont-roig del Camp","og_description":"Las actuaciones abarcan la mejora del espacio p\u00fablico, el desarrollo urban\u00edstico, los equipamientos municipales y la dinamizaci\u00f3n del municipio El Pleno del Ayuntamiento de Mont-roig del Camp, celebrado este mi\u00e9rcoles en sesi\u00f3n extraordinaria, ha aprobado una modificaci\u00f3n de cr\u00e9dito extraordinaria de 4.503.535 euros con el objetivo de garantizar la ejecuci\u00f3n de proyectos prioritarios en el [&hellip;]","og_url":"https:\/\/mont-roig.cat\/es\/actualitat\/noticies\/el-pleno-del-ayuntamiento-aprueba-una-modificacion-de-credito-de-45-millones-para-impulsar-inversiones-y-servicios\/","og_site_name":"Ajuntament de Mont-roig del Camp","article_published_time":"2026-04-29T12:15:33+00:00","article_modified_time":"2026-04-29T12:35:38+00:00","og_image":[{"width":1600,"height":1200,"url":"https:\/\/mont-roig.cat\/wp-content\/uploads\/Ple-29-04-2026.jpeg","type":"image\/jpeg"}],"author":"comunicacio","twitter_card":"summary_large_image","twitter_misc":{"Escrito por":"comunicacio","Tiempo de lectura":"4 minutos"},"schema":{"@context":"https:\/\/schema.org","@graph":[{"@type":"Article","@id":"https:\/\/mont-roig.cat\/es\/actualitat\/noticies\/el-pleno-del-ayuntamiento-aprueba-una-modificacion-de-credito-de-45-millones-para-impulsar-inversiones-y-servicios\/#article","isPartOf":{"@id":"https:\/\/mont-roig.cat\/es\/actualitat\/noticies\/el-pleno-del-ayuntamiento-aprueba-una-modificacion-de-credito-de-45-millones-para-impulsar-inversiones-y-servicios\/"},"author":{"name":"comunicacio","@id":"https:\/\/mont-roig.cat\/es\/#\/schema\/person\/1f73e7b5e6f9dd122e8a6f14f310ac5e"},"headline":"El Pleno del Ayuntamiento aprueba una modificaci\u00f3n de cr\u00e9dito de 4,5 millones para impulsar inversiones y servicios","datePublished":"2026-04-29T12:15:33+00:00","dateModified":"2026-04-29T12:35:38+00:00","mainEntityOfPage":{"@id":"https:\/\/mont-roig.cat\/es\/actualitat\/noticies\/el-pleno-del-ayuntamiento-aprueba-una-modificacion-de-credito-de-45-millones-para-impulsar-inversiones-y-servicios\/"},"wordCount":580,"image":{"@id":"https:\/\/mont-roig.cat\/es\/actualitat\/noticies\/el-pleno-del-ayuntamiento-aprueba-una-modificacion-de-credito-de-45-millones-para-impulsar-inversiones-y-servicios\/#primaryimage"},"thumbnailUrl":"https:\/\/mont-roig.cat\/wp-content\/uploads\/Ple-29-04-2026.jpeg","articleSection":["Alcalde","Ayuntamiento","Hisenda","Movilidad y transporte","Urbanismo y obras"],"inLanguage":"es"},{"@type":"WebPage","@id":"https:\/\/mont-roig.cat\/es\/actualitat\/noticies\/el-pleno-del-ayuntamiento-aprueba-una-modificacion-de-credito-de-45-millones-para-impulsar-inversiones-y-servicios\/","url":"https:\/\/mont-roig.cat\/es\/actualitat\/noticies\/el-pleno-del-ayuntamiento-aprueba-una-modificacion-de-credito-de-45-millones-para-impulsar-inversiones-y-servicios\/","name":"El Pleno del Ayuntamiento aprueba una modificaci\u00f3n de cr\u00e9dito de 4,5 millones para impulsar inversiones y servicios - Ajuntament de Mont-roig del Camp","isPartOf":{"@id":"https:\/\/mont-roig.cat\/es\/#website"},"primaryImageOfPage":{"@id":"https:\/\/mont-roig.cat\/es\/actualitat\/noticies\/el-pleno-del-ayuntamiento-aprueba-una-modificacion-de-credito-de-45-millones-para-impulsar-inversiones-y-servicios\/#primaryimage"},"image":{"@id":"https:\/\/mont-roig.cat\/es\/actualitat\/noticies\/el-pleno-del-ayuntamiento-aprueba-una-modificacion-de-credito-de-45-millones-para-impulsar-inversiones-y-servicios\/#primaryimage"},"thumbnailUrl":"https:\/\/mont-roig.cat\/wp-content\/uploads\/Ple-29-04-2026.jpeg","datePublished":"2026-04-29T12:15:33+00:00","dateModified":"2026-04-29T12:35:38+00:00","author":{"@id":"https:\/\/mont-roig.cat\/es\/#\/schema\/person\/1f73e7b5e6f9dd122e8a6f14f310ac5e"},"breadcrumb":{"@id":"https:\/\/mont-roig.cat\/es\/actualitat\/noticies\/el-pleno-del-ayuntamiento-aprueba-una-modificacion-de-credito-de-45-millones-para-impulsar-inversiones-y-servicios\/#breadcrumb"},"inLanguage":"es","potentialAction":[{"@type":"ReadAction","target":["https:\/\/mont-roig.cat\/es\/actualitat\/noticies\/el-pleno-del-ayuntamiento-aprueba-una-modificacion-de-credito-de-45-millones-para-impulsar-inversiones-y-servicios\/"]}]},{"@type":"ImageObject","inLanguage":"es","@id":"https:\/\/mont-roig.cat\/es\/actualitat\/noticies\/el-pleno-del-ayuntamiento-aprueba-una-modificacion-de-credito-de-45-millones-para-impulsar-inversiones-y-servicios\/#primaryimage","url":"https:\/\/mont-roig.cat\/wp-content\/uploads\/Ple-29-04-2026.jpeg","contentUrl":"https:\/\/mont-roig.cat\/wp-content\/uploads\/Ple-29-04-2026.jpeg","width":1600,"height":1200},{"@type":"BreadcrumbList","@id":"https:\/\/mont-roig.cat\/es\/actualitat\/noticies\/el-pleno-del-ayuntamiento-aprueba-una-modificacion-de-credito-de-45-millones-para-impulsar-inversiones-y-servicios\/#breadcrumb","itemListElement":[{"@type":"ListItem","position":1,"name":"Inici","item":"https:\/\/mont-roig.cat\/es\/pagina-de-inicio\/"},{"@type":"ListItem","position":2,"name":"El Pleno del Ayuntamiento aprueba una modificaci\u00f3n de cr\u00e9dito de 4,5 millones para impulsar inversiones y servicios"}]},{"@type":"WebSite","@id":"https:\/\/mont-roig.cat\/es\/#website","url":"https:\/\/mont-roig.cat\/es\/","name":"Ajuntament de Mont-roig del Camp","description":"Tota la informaci\u00f3 sobre la instituci\u00f3, els seus \u00f2rgans de govern, actualitat, serveis i molt m\u00e9s.","potentialAction":[{"@type":"SearchAction","target":{"@type":"EntryPoint","urlTemplate":"https:\/\/mont-roig.cat\/es\/?s={search_term_string}"},"query-input":{"@type":"PropertyValueSpecification","valueRequired":true,"valueName":"search_term_string"}}],"inLanguage":"es"},{"@type":"Person","@id":"https:\/\/mont-roig.cat\/es\/#\/schema\/person\/1f73e7b5e6f9dd122e8a6f14f310ac5e","name":"comunicacio","image":{"@type":"ImageObject","inLanguage":"es","@id":"https:\/\/secure.gravatar.com\/avatar\/98944333e7a877670a64f8d10f0cb680ab2c9ebc4efc43945ef004b52b5ad28c?s=96&d=mm&r=g","url":"https:\/\/secure.gravatar.com\/avatar\/98944333e7a877670a64f8d10f0cb680ab2c9ebc4efc43945ef004b52b5ad28c?s=96&d=mm&r=g","contentUrl":"https:\/\/secure.gravatar.com\/avatar\/98944333e7a877670a64f8d10f0cb680ab2c9ebc4efc43945ef004b52b5ad28c?s=96&d=mm&r=g","caption":"comunicacio"},"url":"https:\/\/mont-roig.cat\/es\/actualitat\/noticies\/author\/comunicacio\/"}]}},"_links":{"self":[{"href":"https:\/\/mont-roig.cat\/es\/wp-json\/wp\/v2\/posts\/91466","targetHints":{"allow":["GET"]}}],"collection":[{"href":"https:\/\/mont-roig.cat\/es\/wp-json\/wp\/v2\/posts"}],"about":[{"href":"https:\/\/mont-roig.cat\/es\/wp-json\/wp\/v2\/types\/post"}],"author":[{"embeddable":true,"href":"https:\/\/mont-roig.cat\/es\/wp-json\/wp\/v2\/users\/13"}],"replies":[{"embeddable":true,"href":"https:\/\/mont-roig.cat\/es\/wp-json\/wp\/v2\/comments?post=91466"}],"version-history":[{"count":3,"href":"https:\/\/mont-roig.cat\/es\/wp-json\/wp\/v2\/posts\/91466\/revisions"}],"predecessor-version":[{"id":91470,"href":"https:\/\/mont-roig.cat\/es\/wp-json\/wp\/v2\/posts\/91466\/revisions\/91470"}],"wp:featuredmedia":[{"embeddable":true,"href":"https:\/\/mont-roig.cat\/es\/wp-json\/wp\/v2\/media\/91465"}],"wp:attachment":[{"href":"https:\/\/mont-roig.cat\/es\/wp-json\/wp\/v2\/media?parent=91466"}],"wp:term":[{"taxonomy":"category","embeddable":true,"href":"https:\/\/mont-roig.cat\/es\/wp-json\/wp\/v2\/categories?post=91466"},{"taxonomy":"post_tag","embeddable":true,"href":"https:\/\/mont-roig.cat\/es\/wp-json\/wp\/v2\/tags?post=91466"}],"curies":[{"name":"wp","href":"https:\/\/api.w.org\/{rel}","templated":true}]}}