{"id":91479,"date":"2026-04-29T14:39:42","date_gmt":"2026-04-29T12:39:42","guid":{"rendered":"https:\/\/mont-roig.cat\/actualitat\/noticies\/el-passeig-de-les-cales-de-miami-platja-acollira-un-mercadet-aquest-estiu\/"},"modified":"2026-04-29T14:41:49","modified_gmt":"2026-04-29T12:41:49","slug":"el-passeig-de-les-cales-de-miami-platja-acollira-un-mercadet-aquest-estiu","status":"publish","type":"post","link":"https:\/\/mont-roig.cat\/es\/actualitat\/noticies\/el-passeig-de-les-cales-de-miami-platja-acollira-un-mercadet-aquest-estiu\/","title":{"rendered":"El paseo de las Calas de Miami Platja acoger\u00e1 un mercadillo este verano"},"content":{"rendered":"<div id=\"attachment_91474\" style=\"width: 316px\" class=\"wp-caption alignright\"><a href=\"https:\/\/mont-roig.cat\/wp-content\/uploads\/Passeig-de-les-Cales-scaled.png\" target=\"_blank\" rel=\"noopener\"><img loading=\"lazy\" decoding=\"async\" aria-describedby=\"caption-attachment-91474\" class=\"wp-image-91474\" src=\"https:\/\/mont-roig.cat\/wp-content\/uploads\/Passeig-de-les-Cales-500x281.png\" alt=\"\" width=\"306\" height=\"172\" srcset=\"https:\/\/mont-roig.cat\/wp-content\/uploads\/Passeig-de-les-Cales-500x281.png 500w, https:\/\/mont-roig.cat\/wp-content\/uploads\/Passeig-de-les-Cales-1024x576.png 1024w, https:\/\/mont-roig.cat\/wp-content\/uploads\/Passeig-de-les-Cales-768x432.png 768w, https:\/\/mont-roig.cat\/wp-content\/uploads\/Passeig-de-les-Cales-1536x864.png 1536w, https:\/\/mont-roig.cat\/wp-content\/uploads\/Passeig-de-les-Cales-scaled.png 2048w\" sizes=\"auto, (max-width: 306px) 100vw, 306px\" \/><\/a><p id=\"caption-attachment-91474\" class=\"wp-caption-text\">Paseo de las Calas de Miami Platja.<\/p><\/div>\n<section class=\"text-token-text-primary w-full focus:outline-none [--shadow-height:45px] has-data-writing-block:pointer-events-none has-data-writing-block:-mt-(--shadow-height) has-data-writing-block:pt-(--shadow-height) [&amp;:has([data-writing-block])&gt;*]:pointer-events-auto [content-visibility:auto] supports-[content-visibility:auto]:[contain-intrinsic-size:auto_100lvh] R6Vx5W_threadScrollVars scroll-mb-[calc(var(--scroll-root-safe-area-inset-bottom,0px)+var(--thread-response-height))] scroll-mt-[calc(var(--header-height)+min(200px,max(70px,20svh)))]\" dir=\"auto\" data-turn-id=\"request-WEB:920be7c0-7cff-4356-854f-be3eab714a56-0\" data-testid=\"conversation-turn-2\" data-scroll-anchor=\"false\" data-turn=\"assistant\">\n<div class=\"text-base my-auto mx-auto pb-10 [--thread-content-margin:var(--thread-content-margin-xs,calc(var(--spacing)*4))] @w-sm\/main:[--thread-content-margin:var(--thread-content-margin-sm,calc(var(--spacing)*6))] @w-lg\/main:[--thread-content-margin:var(--thread-content-margin-lg,calc(var(--spacing)*16))] px-(--thread-content-margin)\">\n<div class=\"[--thread-content-max-width:40rem] @w-lg\/main:[--thread-content-max-width:48rem] mx-auto max-w-(--thread-content-max-width) flex-1 group\/turn-messages focus-visible:outline-hidden relative flex w-full min-w-0 flex-col agent-turn\">\n<div class=\"flex max-w-full flex-col gap-4 grow\">\n<div class=\"min-h-8 text-message relative flex w-full flex-col items-end gap-2 text-start break-words whitespace-normal outline-none keyboard-focused:focus-ring [.text-message+&amp;]:mt-1\" dir=\"auto\" tabindex=\"0\" data-message-author-role=\"assistant\" data-message-id=\"63b43210-2f78-433b-aeef-83b7631dd722\" data-message-model-slug=\"gpt-5-3\" data-turn-start-message=\"true\">\n<div class=\"flex w-full flex-col gap-1 empty:hidden\">\n<div class=\"markdown prose dark:prose-invert w-full wrap-break-word light markdown-new-styling\">\n<ul>\n<li data-start=\"73\" data-end=\"297\"><strong>El pleno del Ayuntamiento ha aprobado por unanimidad el reglamento de esta nueva propuesta de dinamizaci\u00f3n econ\u00f3mica y tur\u00edstica que tendr\u00e1 lugar los meses de julio y agosto con una previsi\u00f3n inicial de una docena de puestos<\/strong><\/li>\n<\/ul>\n<p data-start=\"299\" data-end=\"679\">El Pleno del Ayuntamiento de Mont-roig del Camp, celebrado este mi\u00e9rcoles por la ma\u00f1ana, ha aprobado inicialmente y por unanimidad el reglamento de funcionamiento del nuevo Mercado de les Calas de Miami Platja, una iniciativa impulsada desde el \u00e1rea de Impuls Econ\u00f2mic i Ocupaci\u00f3 con el objetivo de dinamizar la actividad social, comercial y tur\u00edstica de este \u00e1mbito del municipio.<\/p>\n<p data-start=\"681\" data-end=\"921\">El mercado tendr\u00e1 lugar diariamente entre el 1 de julio y el 31 de agosto de 2026, en horario de 18:30 a 24 horas, y se ubicar\u00e1 en el paseo de las Calas, en el tramo comprendido entre la calle del Ferrocarril y la avenida de Maria Cristina.<\/p>\n<p data-start=\"923\" data-end=\"1322\">La propuesta prev\u00e9 inicialmente una docena de puestos, aunque se plantea con margen de mejora y posible crecimiento en futuras ediciones. El espacio estar\u00e1 abierto a la participaci\u00f3n de artesanos, artistas, creadores y peque\u00f1os productores con productos de elaboraci\u00f3n propia, as\u00ed como a comercios con una oferta compatible con la est\u00e9tica del mercado y a propuestas de restauraci\u00f3n como foodtrucks.<\/p>\n<p data-start=\"1324\" data-end=\"1612\">Seg\u00fan ha explicado la concejala de Impuls Econ\u00f2mic i Turisme, Yolanda P\u00e9rez, \u201cse trata de un proyecto que ya se quer\u00eda poner en marcha el a\u00f1o pasado y que ahora se concreta despu\u00e9s de analizar el funcionamiento del paseo y su potencial como espacio de dinamizaci\u00f3n econ\u00f3mica y tur\u00edstica\u201d.<\/p>\n<p data-start=\"1614\" data-end=\"1889\" data-is-last-node=\"\" data-is-only-node=\"\">En las pr\u00f3ximas semanas se pondr\u00e1 en marcha una campa\u00f1a de difusi\u00f3n para dar a conocer el mercado y captar a personas interesadas en participar. La convocatoria se publicar\u00e1 pr\u00f3ximamente, y las solicitudes se podr\u00e1n presentar a trav\u00e9s de la sede electr\u00f3nica del Ayuntamiento.<\/p>\n<\/div>\n<\/div>\n<\/div>\n<\/div>\n<div class=\"z-0 flex min-h-[46px] justify-start\"><\/div>\n<div class=\"mt-3 w-full empty:hidden\">\n<div class=\"text-center\"><\/div>\n<\/div>\n<\/div>\n<\/div>\n<\/section>\n<div class=\"pointer-events-none -mt-px h-px translate-y-[calc(var(--scroll-root-safe-area-inset-bottom)-14*var(--spacing))]\" aria-hidden=\"true\"><\/div>\n<p>&nbsp;<\/p>\n","protected":false},"excerpt":{"rendered":"<p>El pleno del Ayuntamiento ha aprobado por unanimidad el reglamento de esta nueva propuesta de dinamizaci\u00f3n econ\u00f3mica y tur\u00edstica que tendr\u00e1 lugar los meses de julio y agosto con una previsi\u00f3n inicial de una docena de puestos El Pleno del Ayuntamiento de Mont-roig del Camp, celebrado este mi\u00e9rcoles por la ma\u00f1ana, ha aprobado inicialmente y [&hellip;]<\/p>\n","protected":false},"author":13,"featured_media":91477,"comment_status":"closed","ping_status":"closed","sticky":false,"template":"","format":"standard","meta":{"inline_featured_image":false,"_monsterinsights_skip_tracking":false,"_monsterinsights_sitenote_active":false,"_monsterinsights_sitenote_note":"","_monsterinsights_sitenote_category":0,"footnotes":""},"categories":[156,98,169],"tags":[],"class_list":["post-91479","post","type-post","status-publish","format-standard","has-post-thumbnail","hentry","category-alcalde-es","category-ayuntamiento","category-impuls-economic-i-ocupacio-es"],"yoast_head":"<!-- This site is optimized with the Yoast SEO plugin v27.4 - https:\/\/yoast.com\/product\/yoast-seo-wordpress\/ -->\n<title>El paseo de las Calas de Miami Platja acoger\u00e1 un mercadillo este verano - Ajuntament de Mont-roig del Camp<\/title>\n<meta name=\"robots\" content=\"index, follow, max-snippet:-1, max-image-preview:large, max-video-preview:-1\" \/>\n<link rel=\"canonical\" href=\"https:\/\/mont-roig.cat\/es\/actualitat\/noticies\/el-passeig-de-les-cales-de-miami-platja-acollira-un-mercadet-aquest-estiu\/\" \/>\n<meta property=\"og:locale\" content=\"es_ES\" \/>\n<meta property=\"og:type\" content=\"article\" \/>\n<meta property=\"og:title\" content=\"El paseo de las Calas de Miami Platja acoger\u00e1 un mercadillo este verano - Ajuntament de Mont-roig del Camp\" \/>\n<meta property=\"og:description\" content=\"El pleno del Ayuntamiento ha aprobado por unanimidad el reglamento de esta nueva propuesta de dinamizaci\u00f3n econ\u00f3mica y tur\u00edstica que tendr\u00e1 lugar los meses de julio y agosto con una previsi\u00f3n inicial de una docena de puestos El Pleno del Ayuntamiento de Mont-roig del Camp, celebrado este mi\u00e9rcoles por la ma\u00f1ana, ha aprobado inicialmente y [&hellip;]\" \/>\n<meta property=\"og:url\" content=\"https:\/\/mont-roig.cat\/es\/actualitat\/noticies\/el-passeig-de-les-cales-de-miami-platja-acollira-un-mercadet-aquest-estiu\/\" \/>\n<meta property=\"og:site_name\" content=\"Ajuntament de Mont-roig del Camp\" \/>\n<meta property=\"article:published_time\" content=\"2026-04-29T12:39:42+00:00\" \/>\n<meta property=\"article:modified_time\" content=\"2026-04-29T12:41:49+00:00\" \/>\n<meta property=\"og:image\" content=\"https:\/\/mont-roig.cat\/wp-content\/uploads\/Passeig-de-les-Cales-1024x576.png\" \/>\n\t<meta property=\"og:image:width\" content=\"1024\" \/>\n\t<meta property=\"og:image:height\" content=\"576\" \/>\n\t<meta property=\"og:image:type\" content=\"image\/png\" \/>\n<meta name=\"author\" content=\"comunicacio\" \/>\n<meta name=\"twitter:card\" content=\"summary_large_image\" \/>\n<meta name=\"twitter:label1\" content=\"Escrito por\" \/>\n\t<meta name=\"twitter:data1\" content=\"comunicacio\" \/>\n\t<meta name=\"twitter:label2\" content=\"Tiempo de lectura\" \/>\n\t<meta name=\"twitter:data2\" content=\"3 minutos\" \/>\n<script type=\"application\/ld+json\" class=\"yoast-schema-graph\">{\"@context\":\"https:\\\/\\\/schema.org\",\"@graph\":[{\"@type\":\"Article\",\"@id\":\"https:\\\/\\\/mont-roig.cat\\\/es\\\/actualitat\\\/noticies\\\/el-passeig-de-les-cales-de-miami-platja-acollira-un-mercadet-aquest-estiu\\\/#article\",\"isPartOf\":{\"@id\":\"https:\\\/\\\/mont-roig.cat\\\/es\\\/actualitat\\\/noticies\\\/el-passeig-de-les-cales-de-miami-platja-acollira-un-mercadet-aquest-estiu\\\/\"},\"author\":{\"name\":\"comunicacio\",\"@id\":\"https:\\\/\\\/mont-roig.cat\\\/es\\\/#\\\/schema\\\/person\\\/1f73e7b5e6f9dd122e8a6f14f310ac5e\"},\"headline\":\"El paseo de las Calas de Miami Platja acoger\u00e1 un mercadillo este verano\",\"datePublished\":\"2026-04-29T12:39:42+00:00\",\"dateModified\":\"2026-04-29T12:41:49+00:00\",\"mainEntityOfPage\":{\"@id\":\"https:\\\/\\\/mont-roig.cat\\\/es\\\/actualitat\\\/noticies\\\/el-passeig-de-les-cales-de-miami-platja-acollira-un-mercadet-aquest-estiu\\\/\"},\"wordCount\":350,\"image\":{\"@id\":\"https:\\\/\\\/mont-roig.cat\\\/es\\\/actualitat\\\/noticies\\\/el-passeig-de-les-cales-de-miami-platja-acollira-un-mercadet-aquest-estiu\\\/#primaryimage\"},\"thumbnailUrl\":\"https:\\\/\\\/mont-roig.cat\\\/wp-content\\\/uploads\\\/Passeig-de-les-Cales-scaled.png\",\"articleSection\":[\"Alcalde\",\"Ayuntamiento\",\"Impuls Econ\u00f2mic i Ocupaci\u00f3\"],\"inLanguage\":\"es\"},{\"@type\":\"WebPage\",\"@id\":\"https:\\\/\\\/mont-roig.cat\\\/es\\\/actualitat\\\/noticies\\\/el-passeig-de-les-cales-de-miami-platja-acollira-un-mercadet-aquest-estiu\\\/\",\"url\":\"https:\\\/\\\/mont-roig.cat\\\/es\\\/actualitat\\\/noticies\\\/el-passeig-de-les-cales-de-miami-platja-acollira-un-mercadet-aquest-estiu\\\/\",\"name\":\"El paseo de las Calas de Miami Platja acoger\u00e1 un mercadillo este verano - Ajuntament de Mont-roig del Camp\",\"isPartOf\":{\"@id\":\"https:\\\/\\\/mont-roig.cat\\\/es\\\/#website\"},\"primaryImageOfPage\":{\"@id\":\"https:\\\/\\\/mont-roig.cat\\\/es\\\/actualitat\\\/noticies\\\/el-passeig-de-les-cales-de-miami-platja-acollira-un-mercadet-aquest-estiu\\\/#primaryimage\"},\"image\":{\"@id\":\"https:\\\/\\\/mont-roig.cat\\\/es\\\/actualitat\\\/noticies\\\/el-passeig-de-les-cales-de-miami-platja-acollira-un-mercadet-aquest-estiu\\\/#primaryimage\"},\"thumbnailUrl\":\"https:\\\/\\\/mont-roig.cat\\\/wp-content\\\/uploads\\\/Passeig-de-les-Cales-scaled.png\",\"datePublished\":\"2026-04-29T12:39:42+00:00\",\"dateModified\":\"2026-04-29T12:41:49+00:00\",\"author\":{\"@id\":\"https:\\\/\\\/mont-roig.cat\\\/es\\\/#\\\/schema\\\/person\\\/1f73e7b5e6f9dd122e8a6f14f310ac5e\"},\"breadcrumb\":{\"@id\":\"https:\\\/\\\/mont-roig.cat\\\/es\\\/actualitat\\\/noticies\\\/el-passeig-de-les-cales-de-miami-platja-acollira-un-mercadet-aquest-estiu\\\/#breadcrumb\"},\"inLanguage\":\"es\",\"potentialAction\":[{\"@type\":\"ReadAction\",\"target\":[\"https:\\\/\\\/mont-roig.cat\\\/es\\\/actualitat\\\/noticies\\\/el-passeig-de-les-cales-de-miami-platja-acollira-un-mercadet-aquest-estiu\\\/\"]}]},{\"@type\":\"ImageObject\",\"inLanguage\":\"es\",\"@id\":\"https:\\\/\\\/mont-roig.cat\\\/es\\\/actualitat\\\/noticies\\\/el-passeig-de-les-cales-de-miami-platja-acollira-un-mercadet-aquest-estiu\\\/#primaryimage\",\"url\":\"https:\\\/\\\/mont-roig.cat\\\/wp-content\\\/uploads\\\/Passeig-de-les-Cales-scaled.png\",\"contentUrl\":\"https:\\\/\\\/mont-roig.cat\\\/wp-content\\\/uploads\\\/Passeig-de-les-Cales-scaled.png\",\"width\":2048,\"height\":1152},{\"@type\":\"BreadcrumbList\",\"@id\":\"https:\\\/\\\/mont-roig.cat\\\/es\\\/actualitat\\\/noticies\\\/el-passeig-de-les-cales-de-miami-platja-acollira-un-mercadet-aquest-estiu\\\/#breadcrumb\",\"itemListElement\":[{\"@type\":\"ListItem\",\"position\":1,\"name\":\"Inici\",\"item\":\"https:\\\/\\\/mont-roig.cat\\\/es\\\/pagina-de-inicio\\\/\"},{\"@type\":\"ListItem\",\"position\":2,\"name\":\"El paseo de las Calas de Miami Platja acoger\u00e1 un mercadillo este verano\"}]},{\"@type\":\"WebSite\",\"@id\":\"https:\\\/\\\/mont-roig.cat\\\/es\\\/#website\",\"url\":\"https:\\\/\\\/mont-roig.cat\\\/es\\\/\",\"name\":\"Ajuntament de Mont-roig del Camp\",\"description\":\"Tota la informaci\u00f3 sobre la instituci\u00f3, els seus \u00f2rgans de govern, actualitat, serveis i molt m\u00e9s.\",\"potentialAction\":[{\"@type\":\"SearchAction\",\"target\":{\"@type\":\"EntryPoint\",\"urlTemplate\":\"https:\\\/\\\/mont-roig.cat\\\/es\\\/?s={search_term_string}\"},\"query-input\":{\"@type\":\"PropertyValueSpecification\",\"valueRequired\":true,\"valueName\":\"search_term_string\"}}],\"inLanguage\":\"es\"},{\"@type\":\"Person\",\"@id\":\"https:\\\/\\\/mont-roig.cat\\\/es\\\/#\\\/schema\\\/person\\\/1f73e7b5e6f9dd122e8a6f14f310ac5e\",\"name\":\"comunicacio\",\"image\":{\"@type\":\"ImageObject\",\"inLanguage\":\"es\",\"@id\":\"https:\\\/\\\/secure.gravatar.com\\\/avatar\\\/98944333e7a877670a64f8d10f0cb680ab2c9ebc4efc43945ef004b52b5ad28c?s=96&d=mm&r=g\",\"url\":\"https:\\\/\\\/secure.gravatar.com\\\/avatar\\\/98944333e7a877670a64f8d10f0cb680ab2c9ebc4efc43945ef004b52b5ad28c?s=96&d=mm&r=g\",\"contentUrl\":\"https:\\\/\\\/secure.gravatar.com\\\/avatar\\\/98944333e7a877670a64f8d10f0cb680ab2c9ebc4efc43945ef004b52b5ad28c?s=96&d=mm&r=g\",\"caption\":\"comunicacio\"},\"url\":\"https:\\\/\\\/mont-roig.cat\\\/es\\\/actualitat\\\/noticies\\\/author\\\/comunicacio\\\/\"}]}<\/script>\n<!-- \/ Yoast SEO plugin. -->","yoast_head_json":{"title":"El paseo de las Calas de Miami Platja acoger\u00e1 un mercadillo este verano - Ajuntament de Mont-roig del Camp","robots":{"index":"index","follow":"follow","max-snippet":"max-snippet:-1","max-image-preview":"max-image-preview:large","max-video-preview":"max-video-preview:-1"},"canonical":"https:\/\/mont-roig.cat\/es\/actualitat\/noticies\/el-passeig-de-les-cales-de-miami-platja-acollira-un-mercadet-aquest-estiu\/","og_locale":"es_ES","og_type":"article","og_title":"El paseo de las Calas de Miami Platja acoger\u00e1 un mercadillo este verano - Ajuntament de Mont-roig del Camp","og_description":"El pleno del Ayuntamiento ha aprobado por unanimidad el reglamento de esta nueva propuesta de dinamizaci\u00f3n econ\u00f3mica y tur\u00edstica que tendr\u00e1 lugar los meses de julio y agosto con una previsi\u00f3n inicial de una docena de puestos El Pleno del Ayuntamiento de Mont-roig del Camp, celebrado este mi\u00e9rcoles por la ma\u00f1ana, ha aprobado inicialmente y [&hellip;]","og_url":"https:\/\/mont-roig.cat\/es\/actualitat\/noticies\/el-passeig-de-les-cales-de-miami-platja-acollira-un-mercadet-aquest-estiu\/","og_site_name":"Ajuntament de Mont-roig del Camp","article_published_time":"2026-04-29T12:39:42+00:00","article_modified_time":"2026-04-29T12:41:49+00:00","og_image":[{"width":1024,"height":576,"url":"https:\/\/mont-roig.cat\/wp-content\/uploads\/Passeig-de-les-Cales-1024x576.png","type":"image\/png"}],"author":"comunicacio","twitter_card":"summary_large_image","twitter_misc":{"Escrito por":"comunicacio","Tiempo de lectura":"3 minutos"},"schema":{"@context":"https:\/\/schema.org","@graph":[{"@type":"Article","@id":"https:\/\/mont-roig.cat\/es\/actualitat\/noticies\/el-passeig-de-les-cales-de-miami-platja-acollira-un-mercadet-aquest-estiu\/#article","isPartOf":{"@id":"https:\/\/mont-roig.cat\/es\/actualitat\/noticies\/el-passeig-de-les-cales-de-miami-platja-acollira-un-mercadet-aquest-estiu\/"},"author":{"name":"comunicacio","@id":"https:\/\/mont-roig.cat\/es\/#\/schema\/person\/1f73e7b5e6f9dd122e8a6f14f310ac5e"},"headline":"El paseo de las Calas de Miami Platja acoger\u00e1 un mercadillo este verano","datePublished":"2026-04-29T12:39:42+00:00","dateModified":"2026-04-29T12:41:49+00:00","mainEntityOfPage":{"@id":"https:\/\/mont-roig.cat\/es\/actualitat\/noticies\/el-passeig-de-les-cales-de-miami-platja-acollira-un-mercadet-aquest-estiu\/"},"wordCount":350,"image":{"@id":"https:\/\/mont-roig.cat\/es\/actualitat\/noticies\/el-passeig-de-les-cales-de-miami-platja-acollira-un-mercadet-aquest-estiu\/#primaryimage"},"thumbnailUrl":"https:\/\/mont-roig.cat\/wp-content\/uploads\/Passeig-de-les-Cales-scaled.png","articleSection":["Alcalde","Ayuntamiento","Impuls Econ\u00f2mic i Ocupaci\u00f3"],"inLanguage":"es"},{"@type":"WebPage","@id":"https:\/\/mont-roig.cat\/es\/actualitat\/noticies\/el-passeig-de-les-cales-de-miami-platja-acollira-un-mercadet-aquest-estiu\/","url":"https:\/\/mont-roig.cat\/es\/actualitat\/noticies\/el-passeig-de-les-cales-de-miami-platja-acollira-un-mercadet-aquest-estiu\/","name":"El paseo de las Calas de Miami Platja acoger\u00e1 un mercadillo este verano - Ajuntament de Mont-roig del Camp","isPartOf":{"@id":"https:\/\/mont-roig.cat\/es\/#website"},"primaryImageOfPage":{"@id":"https:\/\/mont-roig.cat\/es\/actualitat\/noticies\/el-passeig-de-les-cales-de-miami-platja-acollira-un-mercadet-aquest-estiu\/#primaryimage"},"image":{"@id":"https:\/\/mont-roig.cat\/es\/actualitat\/noticies\/el-passeig-de-les-cales-de-miami-platja-acollira-un-mercadet-aquest-estiu\/#primaryimage"},"thumbnailUrl":"https:\/\/mont-roig.cat\/wp-content\/uploads\/Passeig-de-les-Cales-scaled.png","datePublished":"2026-04-29T12:39:42+00:00","dateModified":"2026-04-29T12:41:49+00:00","author":{"@id":"https:\/\/mont-roig.cat\/es\/#\/schema\/person\/1f73e7b5e6f9dd122e8a6f14f310ac5e"},"breadcrumb":{"@id":"https:\/\/mont-roig.cat\/es\/actualitat\/noticies\/el-passeig-de-les-cales-de-miami-platja-acollira-un-mercadet-aquest-estiu\/#breadcrumb"},"inLanguage":"es","potentialAction":[{"@type":"ReadAction","target":["https:\/\/mont-roig.cat\/es\/actualitat\/noticies\/el-passeig-de-les-cales-de-miami-platja-acollira-un-mercadet-aquest-estiu\/"]}]},{"@type":"ImageObject","inLanguage":"es","@id":"https:\/\/mont-roig.cat\/es\/actualitat\/noticies\/el-passeig-de-les-cales-de-miami-platja-acollira-un-mercadet-aquest-estiu\/#primaryimage","url":"https:\/\/mont-roig.cat\/wp-content\/uploads\/Passeig-de-les-Cales-scaled.png","contentUrl":"https:\/\/mont-roig.cat\/wp-content\/uploads\/Passeig-de-les-Cales-scaled.png","width":2048,"height":1152},{"@type":"BreadcrumbList","@id":"https:\/\/mont-roig.cat\/es\/actualitat\/noticies\/el-passeig-de-les-cales-de-miami-platja-acollira-un-mercadet-aquest-estiu\/#breadcrumb","itemListElement":[{"@type":"ListItem","position":1,"name":"Inici","item":"https:\/\/mont-roig.cat\/es\/pagina-de-inicio\/"},{"@type":"ListItem","position":2,"name":"El paseo de las Calas de Miami Platja acoger\u00e1 un mercadillo este verano"}]},{"@type":"WebSite","@id":"https:\/\/mont-roig.cat\/es\/#website","url":"https:\/\/mont-roig.cat\/es\/","name":"Ajuntament de Mont-roig del Camp","description":"Tota la informaci\u00f3 sobre la instituci\u00f3, els seus \u00f2rgans de govern, actualitat, serveis i molt m\u00e9s.","potentialAction":[{"@type":"SearchAction","target":{"@type":"EntryPoint","urlTemplate":"https:\/\/mont-roig.cat\/es\/?s={search_term_string}"},"query-input":{"@type":"PropertyValueSpecification","valueRequired":true,"valueName":"search_term_string"}}],"inLanguage":"es"},{"@type":"Person","@id":"https:\/\/mont-roig.cat\/es\/#\/schema\/person\/1f73e7b5e6f9dd122e8a6f14f310ac5e","name":"comunicacio","image":{"@type":"ImageObject","inLanguage":"es","@id":"https:\/\/secure.gravatar.com\/avatar\/98944333e7a877670a64f8d10f0cb680ab2c9ebc4efc43945ef004b52b5ad28c?s=96&d=mm&r=g","url":"https:\/\/secure.gravatar.com\/avatar\/98944333e7a877670a64f8d10f0cb680ab2c9ebc4efc43945ef004b52b5ad28c?s=96&d=mm&r=g","contentUrl":"https:\/\/secure.gravatar.com\/avatar\/98944333e7a877670a64f8d10f0cb680ab2c9ebc4efc43945ef004b52b5ad28c?s=96&d=mm&r=g","caption":"comunicacio"},"url":"https:\/\/mont-roig.cat\/es\/actualitat\/noticies\/author\/comunicacio\/"}]}},"_links":{"self":[{"href":"https:\/\/mont-roig.cat\/es\/wp-json\/wp\/v2\/posts\/91479","targetHints":{"allow":["GET"]}}],"collection":[{"href":"https:\/\/mont-roig.cat\/es\/wp-json\/wp\/v2\/posts"}],"about":[{"href":"https:\/\/mont-roig.cat\/es\/wp-json\/wp\/v2\/types\/post"}],"author":[{"embeddable":true,"href":"https:\/\/mont-roig.cat\/es\/wp-json\/wp\/v2\/users\/13"}],"replies":[{"embeddable":true,"href":"https:\/\/mont-roig.cat\/es\/wp-json\/wp\/v2\/comments?post=91479"}],"version-history":[{"count":2,"href":"https:\/\/mont-roig.cat\/es\/wp-json\/wp\/v2\/posts\/91479\/revisions"}],"predecessor-version":[{"id":91482,"href":"https:\/\/mont-roig.cat\/es\/wp-json\/wp\/v2\/posts\/91479\/revisions\/91482"}],"wp:featuredmedia":[{"embeddable":true,"href":"https:\/\/mont-roig.cat\/es\/wp-json\/wp\/v2\/media\/91477"}],"wp:attachment":[{"href":"https:\/\/mont-roig.cat\/es\/wp-json\/wp\/v2\/media?parent=91479"}],"wp:term":[{"taxonomy":"category","embeddable":true,"href":"https:\/\/mont-roig.cat\/es\/wp-json\/wp\/v2\/categories?post=91479"},{"taxonomy":"post_tag","embeddable":true,"href":"https:\/\/mont-roig.cat\/es\/wp-json\/wp\/v2\/tags?post=91479"}],"curies":[{"name":"wp","href":"https:\/\/api.w.org\/{rel}","templated":true}]}}