{"id":91492,"date":"2026-04-29T14:48:02","date_gmt":"2026-04-29T12:48:02","guid":{"rendered":"https:\/\/mont-roig.cat\/actualitat\/noticies\/lajuntament-de-mont-roig-del-camp-impulsa-projectes-de-millora-a-la-zona-ranxos-i-a-sant-miquel\/"},"modified":"2026-04-29T14:53:52","modified_gmt":"2026-04-29T12:53:52","slug":"el-ayuntamiento-de-mont-roig-del-camp-impulsa-proyectos-de-mejora-en-la-zona-ranxos-y-en-sant-miquel","status":"publish","type":"post","link":"https:\/\/mont-roig.cat\/es\/actualitat\/noticies\/el-ayuntamiento-de-mont-roig-del-camp-impulsa-proyectos-de-mejora-en-la-zona-ranxos-y-en-sant-miquel\/","title":{"rendered":"El Ayuntamiento de Mont-roig del Camp impulsa proyectos de mejora en la zona Ranchos y en Sant Miquel"},"content":{"rendered":"<ul>\n<li data-start=\"182\" data-end=\"306\">\n<div id=\"attachment_91490\" style=\"width: 314px\" class=\"wp-caption alignright\"><a href=\"https:\/\/mont-roig.cat\/wp-content\/uploads\/Ranxos.jpeg\" target=\"_blank\" rel=\"noopener\"><img loading=\"lazy\" decoding=\"async\" aria-describedby=\"caption-attachment-91490\" class=\"wp-image-91490 \" src=\"https:\/\/mont-roig.cat\/wp-content\/uploads\/Ranxos-500x281.jpeg\" alt=\"\" width=\"304\" height=\"171\" srcset=\"https:\/\/mont-roig.cat\/wp-content\/uploads\/Ranxos-500x281.jpeg 500w, https:\/\/mont-roig.cat\/wp-content\/uploads\/Ranxos-1024x576.jpeg 1024w, https:\/\/mont-roig.cat\/wp-content\/uploads\/Ranxos-768x432.jpeg 768w, https:\/\/mont-roig.cat\/wp-content\/uploads\/Ranxos-1536x864.jpeg 1536w, https:\/\/mont-roig.cat\/wp-content\/uploads\/Ranxos.jpeg 1600w\" sizes=\"auto, (max-width: 304px) 100vw, 304px\" \/><\/a><p id=\"caption-attachment-91490\" class=\"wp-caption-text\">Una calle de la zona Ranchos.<\/p><\/div>\n<p><strong>Se llevar\u00e1n a cabo intervenciones para garantizar la seguridad vial con actuaciones provisionales previstas antes del verano<\/strong><\/li>\n<\/ul>\n<p data-start=\"308\" data-end=\"696\">El Ayuntamiento de Mont-roig del Camp est\u00e1 redactando dos proyectos de actuaci\u00f3n en la zona Ranchos, de Casalot Centro, y en la urbanizaci\u00f3n Sant Miquel, con el objetivo de mejorar el estado actual de sus calles, que se encuentran entre las que presentan mayores deficiencias del municipio, tanto en lo que respecta al pavimento como a las condiciones generales de circulaci\u00f3n y seguridad.<\/p>\n<p data-start=\"698\" data-end=\"1068\">Aunque estos \u00e1mbitos no est\u00e1n formalmente recepcionados \u2014es decir, que no han sido asumidos plenamente por el Ayuntamiento en cuanto al mantenimiento y servicios\u2014, el consistorio considera necesario intervenir ante la situaci\u00f3n existente, con el objetivo de reducir riesgos y garantizar unas condiciones m\u00ednimas de seguridad para las personas usuarias de la v\u00eda p\u00fablica.<\/p>\n<div id=\"attachment_91487\" style=\"width: 281px\" class=\"wp-caption alignleft\"><a href=\"https:\/\/mont-roig.cat\/wp-content\/uploads\/SAnt-miquel-scaled.jpeg\"><img loading=\"lazy\" decoding=\"async\" aria-describedby=\"caption-attachment-91487\" class=\"wp-image-91487\" src=\"https:\/\/mont-roig.cat\/wp-content\/uploads\/SAnt-miquel-500x375.jpeg\" alt=\"\" width=\"271\" height=\"204\" srcset=\"https:\/\/mont-roig.cat\/wp-content\/uploads\/SAnt-miquel-500x375.jpeg 500w, https:\/\/mont-roig.cat\/wp-content\/uploads\/SAnt-miquel-1024x768.jpeg 1024w, https:\/\/mont-roig.cat\/wp-content\/uploads\/SAnt-miquel-768x576.jpeg 768w, https:\/\/mont-roig.cat\/wp-content\/uploads\/SAnt-miquel-1536x1152.jpeg 1536w, https:\/\/mont-roig.cat\/wp-content\/uploads\/SAnt-miquel-scaled.jpeg 2048w, https:\/\/mont-roig.cat\/wp-content\/uploads\/SAnt-miquel-463x348.jpeg 463w\" sizes=\"auto, (max-width: 271px) 100vw, 271px\" \/><\/a><p id=\"caption-attachment-91487\" class=\"wp-caption-text\">Calle de Sant Miquel.<\/p><\/div>\n<div id=\"attachment_91486\" style=\"width: 376px\" class=\"wp-caption alignleft\"><a href=\"https:\/\/mont-roig.cat\/wp-content\/uploads\/SAnt-miquel-2-scaled.jpeg\" target=\"_blank\" rel=\"noopener\"><img loading=\"lazy\" decoding=\"async\" aria-describedby=\"caption-attachment-91486\" class=\"wp-image-91486\" src=\"https:\/\/mont-roig.cat\/wp-content\/uploads\/SAnt-miquel-2-500x281.jpeg\" alt=\"\" width=\"366\" height=\"206\" srcset=\"https:\/\/mont-roig.cat\/wp-content\/uploads\/SAnt-miquel-2-500x281.jpeg 500w, https:\/\/mont-roig.cat\/wp-content\/uploads\/SAnt-miquel-2-1024x576.jpeg 1024w, https:\/\/mont-roig.cat\/wp-content\/uploads\/SAnt-miquel-2-768x432.jpeg 768w, https:\/\/mont-roig.cat\/wp-content\/uploads\/SAnt-miquel-2-1536x864.jpeg 1536w, https:\/\/mont-roig.cat\/wp-content\/uploads\/SAnt-miquel-2-scaled.jpeg 2048w\" sizes=\"auto, (max-width: 366px) 100vw, 366px\" \/><\/a><p id=\"caption-attachment-91486\" class=\"wp-caption-text\">Calle de Sant Miquel.<\/p><\/div>\n<p data-start=\"1116\" data-end=\"1358\">Las actuaciones incluyen el asfaltado de los viales, intervenciones puntuales para mejorar la evacuaci\u00f3n del agua pluvial, la mejora del alumbrado p\u00fablico existente y la actualizaci\u00f3n de la se\u00f1alizaci\u00f3n viaria, tanto vertical como horizontal.<\/p>\n<p data-start=\"1360\" data-end=\"1694\">Estas actuaciones se enmarcan tambi\u00e9n en un contexto general en el que la Generalitat de Catalunya est\u00e1 impulsando nuevos criterios y herramientas para avanzar en la regularizaci\u00f3n de zonas con d\u00e9ficits urban\u00edsticos, con el objetivo de facilitar una ordenaci\u00f3n progresiva y garantizar unos est\u00e1ndares m\u00ednimos de servicios y seguridad.<\/p>\n<p data-start=\"1696\" data-end=\"1889\">En este sentido, desde hace varios a\u00f1os se est\u00e1n llevando a cabo gestiones orientadas a su recepci\u00f3n, con la voluntad de avanzar hacia su regularizaci\u00f3n y mejorar sus condiciones a largo plazo.<\/p>\n<p data-start=\"1891\" data-end=\"2186\" data-is-last-node=\"\" data-is-only-node=\"\">La previsi\u00f3n es que los trabajos principales se puedan iniciar a finales del a\u00f1o 2026. No obstante, y dada la situaci\u00f3n actual, antes de la llegada del verano se prev\u00e9 llevar a cabo actuaciones provisionales y de urgencia con el fin de corregir los defectos m\u00e1s graves y los puntos m\u00e1s cr\u00edticos.<\/p>\n<p>&nbsp;<\/p>\n<p>&nbsp;<\/p>\n","protected":false},"excerpt":{"rendered":"<p>Se llevar\u00e1n a cabo intervenciones para garantizar la seguridad vial con actuaciones provisionales previstas antes del verano El Ayuntamiento de Mont-roig del Camp est\u00e1 redactando dos proyectos de actuaci\u00f3n en la zona Ranchos, de Casalot Centro, y en la urbanizaci\u00f3n Sant Miquel, con el objetivo de mejorar el estado actual de sus calles, que se [&hellip;]<\/p>\n","protected":false},"author":13,"featured_media":91490,"comment_status":"closed","ping_status":"closed","sticky":false,"template":"","format":"standard","meta":{"inline_featured_image":false,"_monsterinsights_skip_tracking":false,"_monsterinsights_sitenote_active":false,"_monsterinsights_sitenote_note":"","_monsterinsights_sitenote_category":0,"footnotes":""},"categories":[156,98,245],"tags":[],"class_list":["post-91492","post","type-post","status-publish","format-standard","has-post-thumbnail","hentry","category-alcalde-es","category-ayuntamiento","category-via-publica-es"],"yoast_head":"<!-- This site is optimized with the Yoast SEO plugin v27.4 - https:\/\/yoast.com\/product\/yoast-seo-wordpress\/ -->\n<title>El Ayuntamiento de Mont-roig del Camp impulsa proyectos de mejora en la zona Ranchos y en Sant Miquel - Ajuntament de Mont-roig del Camp<\/title>\n<meta name=\"robots\" content=\"index, follow, max-snippet:-1, max-image-preview:large, max-video-preview:-1\" \/>\n<link rel=\"canonical\" href=\"https:\/\/mont-roig.cat\/es\/actualitat\/noticies\/el-ayuntamiento-de-mont-roig-del-camp-impulsa-proyectos-de-mejora-en-la-zona-ranxos-y-en-sant-miquel\/\" \/>\n<meta property=\"og:locale\" content=\"es_ES\" \/>\n<meta property=\"og:type\" content=\"article\" \/>\n<meta property=\"og:title\" content=\"El Ayuntamiento de Mont-roig del Camp impulsa proyectos de mejora en la zona Ranchos y en Sant Miquel - Ajuntament de Mont-roig del Camp\" \/>\n<meta property=\"og:description\" content=\"Se llevar\u00e1n a cabo intervenciones para garantizar la seguridad vial con actuaciones provisionales previstas antes del verano El Ayuntamiento de Mont-roig del Camp est\u00e1 redactando dos proyectos de actuaci\u00f3n en la zona Ranchos, de Casalot Centro, y en la urbanizaci\u00f3n Sant Miquel, con el objetivo de mejorar el estado actual de sus calles, que se [&hellip;]\" \/>\n<meta property=\"og:url\" content=\"https:\/\/mont-roig.cat\/es\/actualitat\/noticies\/el-ayuntamiento-de-mont-roig-del-camp-impulsa-proyectos-de-mejora-en-la-zona-ranxos-y-en-sant-miquel\/\" \/>\n<meta property=\"og:site_name\" content=\"Ajuntament de Mont-roig del Camp\" \/>\n<meta property=\"article:published_time\" content=\"2026-04-29T12:48:02+00:00\" \/>\n<meta property=\"article:modified_time\" content=\"2026-04-29T12:53:52+00:00\" \/>\n<meta property=\"og:image\" content=\"https:\/\/mont-roig.cat\/wp-content\/uploads\/Ranxos.jpeg\" \/>\n\t<meta property=\"og:image:width\" content=\"1600\" \/>\n\t<meta property=\"og:image:height\" content=\"900\" \/>\n\t<meta property=\"og:image:type\" content=\"image\/jpeg\" \/>\n<meta name=\"author\" content=\"comunicacio\" \/>\n<meta name=\"twitter:card\" content=\"summary_large_image\" \/>\n<meta name=\"twitter:label1\" content=\"Escrito por\" \/>\n\t<meta name=\"twitter:data1\" content=\"comunicacio\" \/>\n\t<meta name=\"twitter:label2\" content=\"Tiempo de lectura\" \/>\n\t<meta name=\"twitter:data2\" content=\"3 minutos\" \/>\n<script type=\"application\/ld+json\" class=\"yoast-schema-graph\">{\"@context\":\"https:\\\/\\\/schema.org\",\"@graph\":[{\"@type\":\"Article\",\"@id\":\"https:\\\/\\\/mont-roig.cat\\\/es\\\/actualitat\\\/noticies\\\/el-ayuntamiento-de-mont-roig-del-camp-impulsa-proyectos-de-mejora-en-la-zona-ranxos-y-en-sant-miquel\\\/#article\",\"isPartOf\":{\"@id\":\"https:\\\/\\\/mont-roig.cat\\\/es\\\/actualitat\\\/noticies\\\/el-ayuntamiento-de-mont-roig-del-camp-impulsa-proyectos-de-mejora-en-la-zona-ranxos-y-en-sant-miquel\\\/\"},\"author\":{\"name\":\"comunicacio\",\"@id\":\"https:\\\/\\\/mont-roig.cat\\\/es\\\/#\\\/schema\\\/person\\\/1f73e7b5e6f9dd122e8a6f14f310ac5e\"},\"headline\":\"El Ayuntamiento de Mont-roig del Camp impulsa proyectos de mejora en la zona Ranchos y en Sant Miquel\",\"datePublished\":\"2026-04-29T12:48:02+00:00\",\"dateModified\":\"2026-04-29T12:53:52+00:00\",\"mainEntityOfPage\":{\"@id\":\"https:\\\/\\\/mont-roig.cat\\\/es\\\/actualitat\\\/noticies\\\/el-ayuntamiento-de-mont-roig-del-camp-impulsa-proyectos-de-mejora-en-la-zona-ranxos-y-en-sant-miquel\\\/\"},\"wordCount\":386,\"image\":{\"@id\":\"https:\\\/\\\/mont-roig.cat\\\/es\\\/actualitat\\\/noticies\\\/el-ayuntamiento-de-mont-roig-del-camp-impulsa-proyectos-de-mejora-en-la-zona-ranxos-y-en-sant-miquel\\\/#primaryimage\"},\"thumbnailUrl\":\"https:\\\/\\\/mont-roig.cat\\\/wp-content\\\/uploads\\\/Ranxos.jpeg\",\"articleSection\":[\"Alcalde\",\"Ayuntamiento\",\"Via P\u00fablica\"],\"inLanguage\":\"es\"},{\"@type\":\"WebPage\",\"@id\":\"https:\\\/\\\/mont-roig.cat\\\/es\\\/actualitat\\\/noticies\\\/el-ayuntamiento-de-mont-roig-del-camp-impulsa-proyectos-de-mejora-en-la-zona-ranxos-y-en-sant-miquel\\\/\",\"url\":\"https:\\\/\\\/mont-roig.cat\\\/es\\\/actualitat\\\/noticies\\\/el-ayuntamiento-de-mont-roig-del-camp-impulsa-proyectos-de-mejora-en-la-zona-ranxos-y-en-sant-miquel\\\/\",\"name\":\"El Ayuntamiento de Mont-roig del Camp impulsa proyectos de mejora en la zona Ranchos y en Sant Miquel - Ajuntament de Mont-roig del Camp\",\"isPartOf\":{\"@id\":\"https:\\\/\\\/mont-roig.cat\\\/es\\\/#website\"},\"primaryImageOfPage\":{\"@id\":\"https:\\\/\\\/mont-roig.cat\\\/es\\\/actualitat\\\/noticies\\\/el-ayuntamiento-de-mont-roig-del-camp-impulsa-proyectos-de-mejora-en-la-zona-ranxos-y-en-sant-miquel\\\/#primaryimage\"},\"image\":{\"@id\":\"https:\\\/\\\/mont-roig.cat\\\/es\\\/actualitat\\\/noticies\\\/el-ayuntamiento-de-mont-roig-del-camp-impulsa-proyectos-de-mejora-en-la-zona-ranxos-y-en-sant-miquel\\\/#primaryimage\"},\"thumbnailUrl\":\"https:\\\/\\\/mont-roig.cat\\\/wp-content\\\/uploads\\\/Ranxos.jpeg\",\"datePublished\":\"2026-04-29T12:48:02+00:00\",\"dateModified\":\"2026-04-29T12:53:52+00:00\",\"author\":{\"@id\":\"https:\\\/\\\/mont-roig.cat\\\/es\\\/#\\\/schema\\\/person\\\/1f73e7b5e6f9dd122e8a6f14f310ac5e\"},\"breadcrumb\":{\"@id\":\"https:\\\/\\\/mont-roig.cat\\\/es\\\/actualitat\\\/noticies\\\/el-ayuntamiento-de-mont-roig-del-camp-impulsa-proyectos-de-mejora-en-la-zona-ranxos-y-en-sant-miquel\\\/#breadcrumb\"},\"inLanguage\":\"es\",\"potentialAction\":[{\"@type\":\"ReadAction\",\"target\":[\"https:\\\/\\\/mont-roig.cat\\\/es\\\/actualitat\\\/noticies\\\/el-ayuntamiento-de-mont-roig-del-camp-impulsa-proyectos-de-mejora-en-la-zona-ranxos-y-en-sant-miquel\\\/\"]}]},{\"@type\":\"ImageObject\",\"inLanguage\":\"es\",\"@id\":\"https:\\\/\\\/mont-roig.cat\\\/es\\\/actualitat\\\/noticies\\\/el-ayuntamiento-de-mont-roig-del-camp-impulsa-proyectos-de-mejora-en-la-zona-ranxos-y-en-sant-miquel\\\/#primaryimage\",\"url\":\"https:\\\/\\\/mont-roig.cat\\\/wp-content\\\/uploads\\\/Ranxos.jpeg\",\"contentUrl\":\"https:\\\/\\\/mont-roig.cat\\\/wp-content\\\/uploads\\\/Ranxos.jpeg\",\"width\":1600,\"height\":900},{\"@type\":\"BreadcrumbList\",\"@id\":\"https:\\\/\\\/mont-roig.cat\\\/es\\\/actualitat\\\/noticies\\\/el-ayuntamiento-de-mont-roig-del-camp-impulsa-proyectos-de-mejora-en-la-zona-ranxos-y-en-sant-miquel\\\/#breadcrumb\",\"itemListElement\":[{\"@type\":\"ListItem\",\"position\":1,\"name\":\"Inici\",\"item\":\"https:\\\/\\\/mont-roig.cat\\\/es\\\/pagina-de-inicio\\\/\"},{\"@type\":\"ListItem\",\"position\":2,\"name\":\"El Ayuntamiento de Mont-roig del Camp impulsa proyectos de mejora en la zona Ranchos y en Sant Miquel\"}]},{\"@type\":\"WebSite\",\"@id\":\"https:\\\/\\\/mont-roig.cat\\\/es\\\/#website\",\"url\":\"https:\\\/\\\/mont-roig.cat\\\/es\\\/\",\"name\":\"Ajuntament de Mont-roig del Camp\",\"description\":\"Tota la informaci\u00f3 sobre la instituci\u00f3, els seus \u00f2rgans de govern, actualitat, serveis i molt m\u00e9s.\",\"potentialAction\":[{\"@type\":\"SearchAction\",\"target\":{\"@type\":\"EntryPoint\",\"urlTemplate\":\"https:\\\/\\\/mont-roig.cat\\\/es\\\/?s={search_term_string}\"},\"query-input\":{\"@type\":\"PropertyValueSpecification\",\"valueRequired\":true,\"valueName\":\"search_term_string\"}}],\"inLanguage\":\"es\"},{\"@type\":\"Person\",\"@id\":\"https:\\\/\\\/mont-roig.cat\\\/es\\\/#\\\/schema\\\/person\\\/1f73e7b5e6f9dd122e8a6f14f310ac5e\",\"name\":\"comunicacio\",\"image\":{\"@type\":\"ImageObject\",\"inLanguage\":\"es\",\"@id\":\"https:\\\/\\\/secure.gravatar.com\\\/avatar\\\/98944333e7a877670a64f8d10f0cb680ab2c9ebc4efc43945ef004b52b5ad28c?s=96&d=mm&r=g\",\"url\":\"https:\\\/\\\/secure.gravatar.com\\\/avatar\\\/98944333e7a877670a64f8d10f0cb680ab2c9ebc4efc43945ef004b52b5ad28c?s=96&d=mm&r=g\",\"contentUrl\":\"https:\\\/\\\/secure.gravatar.com\\\/avatar\\\/98944333e7a877670a64f8d10f0cb680ab2c9ebc4efc43945ef004b52b5ad28c?s=96&d=mm&r=g\",\"caption\":\"comunicacio\"},\"url\":\"https:\\\/\\\/mont-roig.cat\\\/es\\\/actualitat\\\/noticies\\\/author\\\/comunicacio\\\/\"}]}<\/script>\n<!-- \/ Yoast SEO plugin. -->","yoast_head_json":{"title":"El Ayuntamiento de Mont-roig del Camp impulsa proyectos de mejora en la zona Ranchos y en Sant Miquel - Ajuntament de Mont-roig del Camp","robots":{"index":"index","follow":"follow","max-snippet":"max-snippet:-1","max-image-preview":"max-image-preview:large","max-video-preview":"max-video-preview:-1"},"canonical":"https:\/\/mont-roig.cat\/es\/actualitat\/noticies\/el-ayuntamiento-de-mont-roig-del-camp-impulsa-proyectos-de-mejora-en-la-zona-ranxos-y-en-sant-miquel\/","og_locale":"es_ES","og_type":"article","og_title":"El Ayuntamiento de Mont-roig del Camp impulsa proyectos de mejora en la zona Ranchos y en Sant Miquel - Ajuntament de Mont-roig del Camp","og_description":"Se llevar\u00e1n a cabo intervenciones para garantizar la seguridad vial con actuaciones provisionales previstas antes del verano El Ayuntamiento de Mont-roig del Camp est\u00e1 redactando dos proyectos de actuaci\u00f3n en la zona Ranchos, de Casalot Centro, y en la urbanizaci\u00f3n Sant Miquel, con el objetivo de mejorar el estado actual de sus calles, que se [&hellip;]","og_url":"https:\/\/mont-roig.cat\/es\/actualitat\/noticies\/el-ayuntamiento-de-mont-roig-del-camp-impulsa-proyectos-de-mejora-en-la-zona-ranxos-y-en-sant-miquel\/","og_site_name":"Ajuntament de Mont-roig del Camp","article_published_time":"2026-04-29T12:48:02+00:00","article_modified_time":"2026-04-29T12:53:52+00:00","og_image":[{"width":1600,"height":900,"url":"https:\/\/mont-roig.cat\/wp-content\/uploads\/Ranxos.jpeg","type":"image\/jpeg"}],"author":"comunicacio","twitter_card":"summary_large_image","twitter_misc":{"Escrito por":"comunicacio","Tiempo de lectura":"3 minutos"},"schema":{"@context":"https:\/\/schema.org","@graph":[{"@type":"Article","@id":"https:\/\/mont-roig.cat\/es\/actualitat\/noticies\/el-ayuntamiento-de-mont-roig-del-camp-impulsa-proyectos-de-mejora-en-la-zona-ranxos-y-en-sant-miquel\/#article","isPartOf":{"@id":"https:\/\/mont-roig.cat\/es\/actualitat\/noticies\/el-ayuntamiento-de-mont-roig-del-camp-impulsa-proyectos-de-mejora-en-la-zona-ranxos-y-en-sant-miquel\/"},"author":{"name":"comunicacio","@id":"https:\/\/mont-roig.cat\/es\/#\/schema\/person\/1f73e7b5e6f9dd122e8a6f14f310ac5e"},"headline":"El Ayuntamiento de Mont-roig del Camp impulsa proyectos de mejora en la zona Ranchos y en Sant Miquel","datePublished":"2026-04-29T12:48:02+00:00","dateModified":"2026-04-29T12:53:52+00:00","mainEntityOfPage":{"@id":"https:\/\/mont-roig.cat\/es\/actualitat\/noticies\/el-ayuntamiento-de-mont-roig-del-camp-impulsa-proyectos-de-mejora-en-la-zona-ranxos-y-en-sant-miquel\/"},"wordCount":386,"image":{"@id":"https:\/\/mont-roig.cat\/es\/actualitat\/noticies\/el-ayuntamiento-de-mont-roig-del-camp-impulsa-proyectos-de-mejora-en-la-zona-ranxos-y-en-sant-miquel\/#primaryimage"},"thumbnailUrl":"https:\/\/mont-roig.cat\/wp-content\/uploads\/Ranxos.jpeg","articleSection":["Alcalde","Ayuntamiento","Via P\u00fablica"],"inLanguage":"es"},{"@type":"WebPage","@id":"https:\/\/mont-roig.cat\/es\/actualitat\/noticies\/el-ayuntamiento-de-mont-roig-del-camp-impulsa-proyectos-de-mejora-en-la-zona-ranxos-y-en-sant-miquel\/","url":"https:\/\/mont-roig.cat\/es\/actualitat\/noticies\/el-ayuntamiento-de-mont-roig-del-camp-impulsa-proyectos-de-mejora-en-la-zona-ranxos-y-en-sant-miquel\/","name":"El Ayuntamiento de Mont-roig del Camp impulsa proyectos de mejora en la zona Ranchos y en Sant Miquel - Ajuntament de Mont-roig del Camp","isPartOf":{"@id":"https:\/\/mont-roig.cat\/es\/#website"},"primaryImageOfPage":{"@id":"https:\/\/mont-roig.cat\/es\/actualitat\/noticies\/el-ayuntamiento-de-mont-roig-del-camp-impulsa-proyectos-de-mejora-en-la-zona-ranxos-y-en-sant-miquel\/#primaryimage"},"image":{"@id":"https:\/\/mont-roig.cat\/es\/actualitat\/noticies\/el-ayuntamiento-de-mont-roig-del-camp-impulsa-proyectos-de-mejora-en-la-zona-ranxos-y-en-sant-miquel\/#primaryimage"},"thumbnailUrl":"https:\/\/mont-roig.cat\/wp-content\/uploads\/Ranxos.jpeg","datePublished":"2026-04-29T12:48:02+00:00","dateModified":"2026-04-29T12:53:52+00:00","author":{"@id":"https:\/\/mont-roig.cat\/es\/#\/schema\/person\/1f73e7b5e6f9dd122e8a6f14f310ac5e"},"breadcrumb":{"@id":"https:\/\/mont-roig.cat\/es\/actualitat\/noticies\/el-ayuntamiento-de-mont-roig-del-camp-impulsa-proyectos-de-mejora-en-la-zona-ranxos-y-en-sant-miquel\/#breadcrumb"},"inLanguage":"es","potentialAction":[{"@type":"ReadAction","target":["https:\/\/mont-roig.cat\/es\/actualitat\/noticies\/el-ayuntamiento-de-mont-roig-del-camp-impulsa-proyectos-de-mejora-en-la-zona-ranxos-y-en-sant-miquel\/"]}]},{"@type":"ImageObject","inLanguage":"es","@id":"https:\/\/mont-roig.cat\/es\/actualitat\/noticies\/el-ayuntamiento-de-mont-roig-del-camp-impulsa-proyectos-de-mejora-en-la-zona-ranxos-y-en-sant-miquel\/#primaryimage","url":"https:\/\/mont-roig.cat\/wp-content\/uploads\/Ranxos.jpeg","contentUrl":"https:\/\/mont-roig.cat\/wp-content\/uploads\/Ranxos.jpeg","width":1600,"height":900},{"@type":"BreadcrumbList","@id":"https:\/\/mont-roig.cat\/es\/actualitat\/noticies\/el-ayuntamiento-de-mont-roig-del-camp-impulsa-proyectos-de-mejora-en-la-zona-ranxos-y-en-sant-miquel\/#breadcrumb","itemListElement":[{"@type":"ListItem","position":1,"name":"Inici","item":"https:\/\/mont-roig.cat\/es\/pagina-de-inicio\/"},{"@type":"ListItem","position":2,"name":"El Ayuntamiento de Mont-roig del Camp impulsa proyectos de mejora en la zona Ranchos y en Sant Miquel"}]},{"@type":"WebSite","@id":"https:\/\/mont-roig.cat\/es\/#website","url":"https:\/\/mont-roig.cat\/es\/","name":"Ajuntament de Mont-roig del Camp","description":"Tota la informaci\u00f3 sobre la instituci\u00f3, els seus \u00f2rgans de govern, actualitat, serveis i molt m\u00e9s.","potentialAction":[{"@type":"SearchAction","target":{"@type":"EntryPoint","urlTemplate":"https:\/\/mont-roig.cat\/es\/?s={search_term_string}"},"query-input":{"@type":"PropertyValueSpecification","valueRequired":true,"valueName":"search_term_string"}}],"inLanguage":"es"},{"@type":"Person","@id":"https:\/\/mont-roig.cat\/es\/#\/schema\/person\/1f73e7b5e6f9dd122e8a6f14f310ac5e","name":"comunicacio","image":{"@type":"ImageObject","inLanguage":"es","@id":"https:\/\/secure.gravatar.com\/avatar\/98944333e7a877670a64f8d10f0cb680ab2c9ebc4efc43945ef004b52b5ad28c?s=96&d=mm&r=g","url":"https:\/\/secure.gravatar.com\/avatar\/98944333e7a877670a64f8d10f0cb680ab2c9ebc4efc43945ef004b52b5ad28c?s=96&d=mm&r=g","contentUrl":"https:\/\/secure.gravatar.com\/avatar\/98944333e7a877670a64f8d10f0cb680ab2c9ebc4efc43945ef004b52b5ad28c?s=96&d=mm&r=g","caption":"comunicacio"},"url":"https:\/\/mont-roig.cat\/es\/actualitat\/noticies\/author\/comunicacio\/"}]}},"_links":{"self":[{"href":"https:\/\/mont-roig.cat\/es\/wp-json\/wp\/v2\/posts\/91492","targetHints":{"allow":["GET"]}}],"collection":[{"href":"https:\/\/mont-roig.cat\/es\/wp-json\/wp\/v2\/posts"}],"about":[{"href":"https:\/\/mont-roig.cat\/es\/wp-json\/wp\/v2\/types\/post"}],"author":[{"embeddable":true,"href":"https:\/\/mont-roig.cat\/es\/wp-json\/wp\/v2\/users\/13"}],"replies":[{"embeddable":true,"href":"https:\/\/mont-roig.cat\/es\/wp-json\/wp\/v2\/comments?post=91492"}],"version-history":[{"count":2,"href":"https:\/\/mont-roig.cat\/es\/wp-json\/wp\/v2\/posts\/91492\/revisions"}],"predecessor-version":[{"id":91496,"href":"https:\/\/mont-roig.cat\/es\/wp-json\/wp\/v2\/posts\/91492\/revisions\/91496"}],"wp:featuredmedia":[{"embeddable":true,"href":"https:\/\/mont-roig.cat\/es\/wp-json\/wp\/v2\/media\/91490"}],"wp:attachment":[{"href":"https:\/\/mont-roig.cat\/es\/wp-json\/wp\/v2\/media?parent=91492"}],"wp:term":[{"taxonomy":"category","embeddable":true,"href":"https:\/\/mont-roig.cat\/es\/wp-json\/wp\/v2\/categories?post=91492"},{"taxonomy":"post_tag","embeddable":true,"href":"https:\/\/mont-roig.cat\/es\/wp-json\/wp\/v2\/tags?post=91492"}],"curies":[{"name":"wp","href":"https:\/\/api.w.org\/{rel}","templated":true}]}}