{"id":93193,"date":"2026-06-19T13:36:20","date_gmt":"2026-06-19T11:36:20","guid":{"rendered":"https:\/\/mont-roig.cat\/actualitat\/noticies\/mont-roig-del-camp-obre-la-piscina-municipal-del-23-de-juny-al-11-de-setembre-amb-el-servei-de-bar-del-casal-davis-com-a-novetat\/"},"modified":"2026-06-19T13:54:08","modified_gmt":"2026-06-19T11:54:08","slug":"mont-roig-del-camp-abre-la-piscina-municipal-el-23-de-junio-con-el-servicio-de-bar-del-casal-davis-como-novedad","status":"publish","type":"post","link":"https:\/\/mont-roig.cat\/es\/actualitat\/noticies\/mont-roig-del-camp-abre-la-piscina-municipal-el-23-de-junio-con-el-servicio-de-bar-del-casal-davis-como-novedad\/","title":{"rendered":"Mont-roig del Camp abre la piscina municipal el 23 de junio con el servicio de bar del Casal d\u2019Avis como novedad"},"content":{"rendered":"<p><strong><strong><a href=\"https:\/\/mont-roig.cat\/wp-content\/uploads\/Piscina-1.jpeg\" target=\"_blank\" rel=\"noopener\"><img loading=\"lazy\" decoding=\"async\" class=\"alignright wp-image-93184\" src=\"https:\/\/mont-roig.cat\/wp-content\/uploads\/Piscina-1-500x375.jpeg\" alt=\"\" width=\"299\" height=\"224\" srcset=\"https:\/\/mont-roig.cat\/wp-content\/uploads\/Piscina-1-500x375.jpeg 500w, https:\/\/mont-roig.cat\/wp-content\/uploads\/Piscina-1-1024x768.jpeg 1024w, https:\/\/mont-roig.cat\/wp-content\/uploads\/Piscina-1-768x576.jpeg 768w, https:\/\/mont-roig.cat\/wp-content\/uploads\/Piscina-1-1536x1152.jpeg 1536w, https:\/\/mont-roig.cat\/wp-content\/uploads\/Piscina-1-463x348.jpeg 463w, https:\/\/mont-roig.cat\/wp-content\/uploads\/Piscina-1.jpeg 1600w\" sizes=\"auto, (max-width: 299px) 100vw, 299px\" \/><\/a><\/strong><\/strong><\/p>\n<div class=\"qMYqUG_convSearchResultHighlightRoot\">\n<div class=\"\" data-turn-id-container=\"request-WEB:01e23ddb-6284-4636-9cfc-3cd6398d5249-0\" data-is-intersecting=\"true\">\n<section class=\"text-token-text-primary w-full focus:outline-none has-data-writing-block:pointer-events-none [&amp;:has([data-writing-block])&gt;*]:pointer-events-auto R6Vx5W_threadScrollVars scroll-mb-[calc(var(--scroll-root-safe-area-inset-bottom,0px)+var(--thread-response-height))] scroll-mt-[calc(var(--header-height)+min(200px,max(70px,20svh)))]\" dir=\"auto\" data-turn-id=\"request-WEB:01e23ddb-6284-4636-9cfc-3cd6398d5249-0\" data-turn-id-container=\"request-WEB:01e23ddb-6284-4636-9cfc-3cd6398d5249-0\" data-testid=\"conversation-turn-2\" data-turn=\"assistant\">\n<div class=\"text-base my-auto mx-auto pb-10 [--thread-content-margin:var(--thread-content-margin-xs,calc(var(--spacing)*4))] @w-sm\/main:[--thread-content-margin:var(--thread-content-margin-sm,calc(var(--spacing)*6))] @w-lg\/main:[--thread-content-margin:var(--thread-content-margin-lg,calc(var(--spacing)*16))] px-(--thread-content-margin)\">\n<div class=\"[--thread-content-max-width:40rem] @w-lg\/main:[--thread-content-max-width:48rem] mx-auto max-w-(--thread-content-max-width) flex-1 group\/turn-messages focus-visible:outline-hidden relative flex w-full min-w-0 flex-col agent-turn\" data-conversation-screenshot-content=\"\">\n<div class=\"flex max-w-full flex-col gap-4 grow\">\n<div class=\"min-h-8 text-message relative flex w-full flex-col items-end gap-2 text-start break-words whitespace-normal outline-none keyboard-focused:focus-ring [.text-message+&amp;]:mt-1\" dir=\"auto\" tabindex=\"0\" data-message-author-role=\"assistant\" data-message-id=\"1002464f-c1a7-4f4f-9f84-f2812fa08065\" data-message-model-slug=\"gpt-5-5\" data-turn-start-message=\"true\">\n<div class=\"flex w-full flex-col gap-1 empty:hidden\">\n<div class=\"markdown prose dark:prose-invert wrap-break-word w-full light markdown-new-styling\">\n<ul>\n<li data-start=\"163\" data-end=\"382\"><strong>El equipamiento funcionar\u00e1 por las tardes entre semana y durante todo el d\u00eda los festivos, ofreciendo entradas gratuitas para menores de 4 a\u00f1os, abonos de temporada por 50 euros y descuentos familiares y para jubilados.<\/strong><\/li>\n<\/ul>\n<p data-start=\"384\" data-end=\"720\">Con la llegada del calor y el inicio del verano, la Piscina Municipal de Mont-roig del Camp ya lo tiene todo preparado para inaugurar una nueva temporada de ba\u00f1o. Las instalaciones, gestionadas por el Ajuntament y la entidad p\u00fablica Nostreserveis, abrir\u00e1n sus puertas al p\u00fablico desde el pr\u00f3ximo 23 de junio y hasta el 11 de septiembre.<\/p>\n<p data-start=\"722\" data-end=\"1219\">En cuanto a los horarios de apertura al p\u00fablico general, la piscina estar\u00e1 operativa de lunes a viernes desde la una del mediod\u00eda hasta las ocho de la tarde, mientras que los s\u00e1bados, domingos y festivos se adelantar\u00e1 la apertura a las once de la ma\u00f1ana, manteniendo el cierre a las ocho de la tarde. Cabe destacar que las horas de la ma\u00f1ana entre semana quedar\u00e1n reservadas exclusivamente para dar servicio a los casals d\u2019estiu y a las diferentes actividades dirigidas del \u00e1rea de deportes local.<\/p>\n<p data-start=\"1221\" data-end=\"1771\" data-is-last-node=\"\" data-is-only-node=\"\">El acceso ser\u00e1 gratuito para los menores de 4 a\u00f1os, mientras que los mayores de esta edad pagar\u00e1n una entrada diaria de 5 euros para todo el d\u00eda, o bien una tarifa reducida de 4 euros si optan por acceder \u00fanicamente por la tarde. Para los ba\u00f1istas m\u00e1s habituales, el Ajuntament ofrece abonos individuales a un precio de 50 euros, que contar\u00e1n con descuentos especiales para jubilados, familias numerosas o familias monoparentales. Asimismo, tambi\u00e9n se podr\u00e1n adquirir lotes de 10 y 25 entradas para facilitar el acceso puntual durante todo el verano.<\/p>\n<\/div>\n<\/div>\n<\/div>\n<\/div>\n<div class=\"z-0 flex min-h-[46px] justify-start\"><\/div>\n<div class=\"mt-3 w-full empty:hidden\">\n<div class=\"text-center\"><\/div>\n<\/div>\n<\/div>\n<\/div>\n<\/section>\n<\/div>\n<\/div>\n<div class=\"pointer-events-none -mt-px h-px translate-y-[calc(var(--scroll-root-safe-area-inset-bottom)-14*var(--spacing))]\" aria-hidden=\"true\"><\/div>\n<p data-path-to-node=\"4\">\n","protected":false},"excerpt":{"rendered":"<p>El equipamiento funcionar\u00e1 por las tardes entre semana y durante todo el d\u00eda los festivos, ofreciendo entradas gratuitas para menores de 4 a\u00f1os, abonos de temporada por 50 euros y descuentos familiares y para jubilados. Con la llegada del calor y el inicio del verano, la Piscina Municipal de Mont-roig del Camp ya lo tiene [&hellip;]<\/p>\n","protected":false},"author":13,"featured_media":93190,"comment_status":"closed","ping_status":"closed","sticky":false,"template":"","format":"standard","meta":{"inline_featured_image":false,"_monsterinsights_skip_tracking":false,"footnotes":""},"categories":[98,204],"tags":[],"class_list":["post-93193","post","type-post","status-publish","format-standard","has-post-thumbnail","hentry","category-ayuntamiento","category-nostreserveis-es"],"yoast_head":"<!-- This site is optimized with the Yoast SEO plugin v28.2 - https:\/\/yoast.com\/product\/yoast-seo-wordpress\/ -->\n<title>Mont-roig del Camp abre la piscina municipal el 23 de junio con el servicio de bar del Casal d\u2019Avis como novedad - Ajuntament de Mont-roig del Camp<\/title>\n<meta name=\"robots\" content=\"index, follow, max-snippet:-1, max-image-preview:large, max-video-preview:-1\" \/>\n<link rel=\"canonical\" href=\"https:\/\/mont-roig.cat\/es\/actualitat\/noticies\/mont-roig-del-camp-abre-la-piscina-municipal-el-23-de-junio-con-el-servicio-de-bar-del-casal-davis-como-novedad\/\" \/>\n<meta property=\"og:locale\" content=\"es_ES\" \/>\n<meta property=\"og:type\" content=\"article\" \/>\n<meta property=\"og:title\" content=\"Mont-roig del Camp abre la piscina municipal el 23 de junio con el servicio de bar del Casal d\u2019Avis como novedad - Ajuntament de Mont-roig del Camp\" \/>\n<meta property=\"og:description\" content=\"El equipamiento funcionar\u00e1 por las tardes entre semana y durante todo el d\u00eda los festivos, ofreciendo entradas gratuitas para menores de 4 a\u00f1os, abonos de temporada por 50 euros y descuentos familiares y para jubilados. Con la llegada del calor y el inicio del verano, la Piscina Municipal de Mont-roig del Camp ya lo tiene [&hellip;]\" \/>\n<meta property=\"og:url\" content=\"https:\/\/mont-roig.cat\/es\/actualitat\/noticies\/mont-roig-del-camp-abre-la-piscina-municipal-el-23-de-junio-con-el-servicio-de-bar-del-casal-davis-como-novedad\/\" \/>\n<meta property=\"og:site_name\" content=\"Ajuntament de Mont-roig del Camp\" \/>\n<meta property=\"article:published_time\" content=\"2026-06-19T11:36:20+00:00\" \/>\n<meta property=\"article:modified_time\" content=\"2026-06-19T11:54:08+00:00\" \/>\n<meta property=\"og:image\" content=\"https:\/\/mont-roig.cat\/wp-content\/uploads\/Piscina-1.jpeg\" \/>\n\t<meta property=\"og:image:width\" content=\"1600\" \/>\n\t<meta property=\"og:image:height\" content=\"1200\" \/>\n\t<meta property=\"og:image:type\" content=\"image\/jpeg\" \/>\n<meta name=\"author\" content=\"comunicacio\" \/>\n<meta name=\"twitter:card\" content=\"summary_large_image\" \/>\n<meta name=\"twitter:label1\" content=\"Escrito por\" \/>\n\t<meta name=\"twitter:data1\" content=\"comunicacio\" \/>\n\t<meta name=\"twitter:label2\" content=\"Tiempo de lectura\" \/>\n\t<meta name=\"twitter:data2\" content=\"2 minutos\" \/>\n<script type=\"application\/ld+json\" class=\"yoast-schema-graph\">{\"@context\":\"https:\\\/\\\/schema.org\",\"@graph\":[{\"@type\":\"Article\",\"@id\":\"https:\\\/\\\/mont-roig.cat\\\/es\\\/actualitat\\\/noticies\\\/mont-roig-del-camp-abre-la-piscina-municipal-el-23-de-junio-con-el-servicio-de-bar-del-casal-davis-como-novedad\\\/#article\",\"isPartOf\":{\"@id\":\"https:\\\/\\\/mont-roig.cat\\\/es\\\/actualitat\\\/noticies\\\/mont-roig-del-camp-abre-la-piscina-municipal-el-23-de-junio-con-el-servicio-de-bar-del-casal-davis-como-novedad\\\/\"},\"author\":{\"name\":\"comunicacio\",\"@id\":\"https:\\\/\\\/mont-roig.cat\\\/es\\\/#\\\/schema\\\/person\\\/1f73e7b5e6f9dd122e8a6f14f310ac5e\"},\"headline\":\"Mont-roig del Camp abre la piscina municipal el 23 de junio con el servicio de bar del Casal d\u2019Avis como novedad\",\"datePublished\":\"2026-06-19T11:36:20+00:00\",\"dateModified\":\"2026-06-19T11:54:08+00:00\",\"mainEntityOfPage\":{\"@id\":\"https:\\\/\\\/mont-roig.cat\\\/es\\\/actualitat\\\/noticies\\\/mont-roig-del-camp-abre-la-piscina-municipal-el-23-de-junio-con-el-servicio-de-bar-del-casal-davis-como-novedad\\\/\"},\"wordCount\":303,\"image\":{\"@id\":\"https:\\\/\\\/mont-roig.cat\\\/es\\\/actualitat\\\/noticies\\\/mont-roig-del-camp-abre-la-piscina-municipal-el-23-de-junio-con-el-servicio-de-bar-del-casal-davis-como-novedad\\\/#primaryimage\"},\"thumbnailUrl\":\"https:\\\/\\\/mont-roig.cat\\\/wp-content\\\/uploads\\\/Piscina-1.jpeg\",\"articleSection\":[\"Ayuntamiento\",\"Nostreserveis\"],\"inLanguage\":\"es\"},{\"@type\":\"WebPage\",\"@id\":\"https:\\\/\\\/mont-roig.cat\\\/es\\\/actualitat\\\/noticies\\\/mont-roig-del-camp-abre-la-piscina-municipal-el-23-de-junio-con-el-servicio-de-bar-del-casal-davis-como-novedad\\\/\",\"url\":\"https:\\\/\\\/mont-roig.cat\\\/es\\\/actualitat\\\/noticies\\\/mont-roig-del-camp-abre-la-piscina-municipal-el-23-de-junio-con-el-servicio-de-bar-del-casal-davis-como-novedad\\\/\",\"name\":\"Mont-roig del Camp abre la piscina municipal el 23 de junio con el servicio de bar del Casal d\u2019Avis como novedad - Ajuntament de Mont-roig del Camp\",\"isPartOf\":{\"@id\":\"https:\\\/\\\/mont-roig.cat\\\/es\\\/#website\"},\"primaryImageOfPage\":{\"@id\":\"https:\\\/\\\/mont-roig.cat\\\/es\\\/actualitat\\\/noticies\\\/mont-roig-del-camp-abre-la-piscina-municipal-el-23-de-junio-con-el-servicio-de-bar-del-casal-davis-como-novedad\\\/#primaryimage\"},\"image\":{\"@id\":\"https:\\\/\\\/mont-roig.cat\\\/es\\\/actualitat\\\/noticies\\\/mont-roig-del-camp-abre-la-piscina-municipal-el-23-de-junio-con-el-servicio-de-bar-del-casal-davis-como-novedad\\\/#primaryimage\"},\"thumbnailUrl\":\"https:\\\/\\\/mont-roig.cat\\\/wp-content\\\/uploads\\\/Piscina-1.jpeg\",\"datePublished\":\"2026-06-19T11:36:20+00:00\",\"dateModified\":\"2026-06-19T11:54:08+00:00\",\"author\":{\"@id\":\"https:\\\/\\\/mont-roig.cat\\\/es\\\/#\\\/schema\\\/person\\\/1f73e7b5e6f9dd122e8a6f14f310ac5e\"},\"breadcrumb\":{\"@id\":\"https:\\\/\\\/mont-roig.cat\\\/es\\\/actualitat\\\/noticies\\\/mont-roig-del-camp-abre-la-piscina-municipal-el-23-de-junio-con-el-servicio-de-bar-del-casal-davis-como-novedad\\\/#breadcrumb\"},\"inLanguage\":\"es\",\"potentialAction\":[{\"@type\":\"ReadAction\",\"target\":[\"https:\\\/\\\/mont-roig.cat\\\/es\\\/actualitat\\\/noticies\\\/mont-roig-del-camp-abre-la-piscina-municipal-el-23-de-junio-con-el-servicio-de-bar-del-casal-davis-como-novedad\\\/\"]}]},{\"@type\":\"ImageObject\",\"inLanguage\":\"es\",\"@id\":\"https:\\\/\\\/mont-roig.cat\\\/es\\\/actualitat\\\/noticies\\\/mont-roig-del-camp-abre-la-piscina-municipal-el-23-de-junio-con-el-servicio-de-bar-del-casal-davis-como-novedad\\\/#primaryimage\",\"url\":\"https:\\\/\\\/mont-roig.cat\\\/wp-content\\\/uploads\\\/Piscina-1.jpeg\",\"contentUrl\":\"https:\\\/\\\/mont-roig.cat\\\/wp-content\\\/uploads\\\/Piscina-1.jpeg\",\"width\":1600,\"height\":1200},{\"@type\":\"BreadcrumbList\",\"@id\":\"https:\\\/\\\/mont-roig.cat\\\/es\\\/actualitat\\\/noticies\\\/mont-roig-del-camp-abre-la-piscina-municipal-el-23-de-junio-con-el-servicio-de-bar-del-casal-davis-como-novedad\\\/#breadcrumb\",\"itemListElement\":[{\"@type\":\"ListItem\",\"position\":1,\"name\":\"Inici\",\"item\":\"https:\\\/\\\/mont-roig.cat\\\/es\\\/pagina-de-inicio\\\/\"},{\"@type\":\"ListItem\",\"position\":2,\"name\":\"Mont-roig del Camp abre la piscina municipal el 23 de junio con el servicio de bar del Casal d\u2019Avis como novedad\"}]},{\"@type\":\"WebSite\",\"@id\":\"https:\\\/\\\/mont-roig.cat\\\/es\\\/#website\",\"url\":\"https:\\\/\\\/mont-roig.cat\\\/es\\\/\",\"name\":\"Ajuntament de Mont-roig del Camp\",\"description\":\"Tota la informaci\u00f3 sobre la instituci\u00f3, els seus \u00f2rgans de govern, actualitat, serveis i molt m\u00e9s.\",\"potentialAction\":[{\"@type\":\"SearchAction\",\"target\":{\"@type\":\"EntryPoint\",\"urlTemplate\":\"https:\\\/\\\/mont-roig.cat\\\/es\\\/?s={search_term_string}\"},\"query-input\":{\"@type\":\"PropertyValueSpecification\",\"valueRequired\":true,\"valueName\":\"search_term_string\"}}],\"inLanguage\":\"es\"},{\"@type\":\"Person\",\"@id\":\"https:\\\/\\\/mont-roig.cat\\\/es\\\/#\\\/schema\\\/person\\\/1f73e7b5e6f9dd122e8a6f14f310ac5e\",\"name\":\"comunicacio\",\"image\":{\"@type\":\"ImageObject\",\"inLanguage\":\"es\",\"@id\":\"https:\\\/\\\/secure.gravatar.com\\\/avatar\\\/98944333e7a877670a64f8d10f0cb680ab2c9ebc4efc43945ef004b52b5ad28c?s=96&d=mm&r=g\",\"url\":\"https:\\\/\\\/secure.gravatar.com\\\/avatar\\\/98944333e7a877670a64f8d10f0cb680ab2c9ebc4efc43945ef004b52b5ad28c?s=96&d=mm&r=g\",\"contentUrl\":\"https:\\\/\\\/secure.gravatar.com\\\/avatar\\\/98944333e7a877670a64f8d10f0cb680ab2c9ebc4efc43945ef004b52b5ad28c?s=96&d=mm&r=g\",\"caption\":\"comunicacio\"},\"url\":\"https:\\\/\\\/mont-roig.cat\\\/es\\\/actualitat\\\/noticies\\\/author\\\/comunicacio\\\/\"}]}<\/script>\n<!-- \/ Yoast SEO plugin. -->","yoast_head_json":{"title":"Mont-roig del Camp abre la piscina municipal el 23 de junio con el servicio de bar del Casal d\u2019Avis como novedad - Ajuntament de Mont-roig del Camp","robots":{"index":"index","follow":"follow","max-snippet":"max-snippet:-1","max-image-preview":"max-image-preview:large","max-video-preview":"max-video-preview:-1"},"canonical":"https:\/\/mont-roig.cat\/es\/actualitat\/noticies\/mont-roig-del-camp-abre-la-piscina-municipal-el-23-de-junio-con-el-servicio-de-bar-del-casal-davis-como-novedad\/","og_locale":"es_ES","og_type":"article","og_title":"Mont-roig del Camp abre la piscina municipal el 23 de junio con el servicio de bar del Casal d\u2019Avis como novedad - Ajuntament de Mont-roig del Camp","og_description":"El equipamiento funcionar\u00e1 por las tardes entre semana y durante todo el d\u00eda los festivos, ofreciendo entradas gratuitas para menores de 4 a\u00f1os, abonos de temporada por 50 euros y descuentos familiares y para jubilados. Con la llegada del calor y el inicio del verano, la Piscina Municipal de Mont-roig del Camp ya lo tiene [&hellip;]","og_url":"https:\/\/mont-roig.cat\/es\/actualitat\/noticies\/mont-roig-del-camp-abre-la-piscina-municipal-el-23-de-junio-con-el-servicio-de-bar-del-casal-davis-como-novedad\/","og_site_name":"Ajuntament de Mont-roig del Camp","article_published_time":"2026-06-19T11:36:20+00:00","article_modified_time":"2026-06-19T11:54:08+00:00","og_image":[{"width":1600,"height":1200,"url":"https:\/\/mont-roig.cat\/wp-content\/uploads\/Piscina-1.jpeg","type":"image\/jpeg"}],"author":"comunicacio","twitter_card":"summary_large_image","twitter_misc":{"Escrito por":"comunicacio","Tiempo de lectura":"2 minutos"},"schema":{"@context":"https:\/\/schema.org","@graph":[{"@type":"Article","@id":"https:\/\/mont-roig.cat\/es\/actualitat\/noticies\/mont-roig-del-camp-abre-la-piscina-municipal-el-23-de-junio-con-el-servicio-de-bar-del-casal-davis-como-novedad\/#article","isPartOf":{"@id":"https:\/\/mont-roig.cat\/es\/actualitat\/noticies\/mont-roig-del-camp-abre-la-piscina-municipal-el-23-de-junio-con-el-servicio-de-bar-del-casal-davis-como-novedad\/"},"author":{"name":"comunicacio","@id":"https:\/\/mont-roig.cat\/es\/#\/schema\/person\/1f73e7b5e6f9dd122e8a6f14f310ac5e"},"headline":"Mont-roig del Camp abre la piscina municipal el 23 de junio con el servicio de bar del Casal d\u2019Avis como novedad","datePublished":"2026-06-19T11:36:20+00:00","dateModified":"2026-06-19T11:54:08+00:00","mainEntityOfPage":{"@id":"https:\/\/mont-roig.cat\/es\/actualitat\/noticies\/mont-roig-del-camp-abre-la-piscina-municipal-el-23-de-junio-con-el-servicio-de-bar-del-casal-davis-como-novedad\/"},"wordCount":303,"image":{"@id":"https:\/\/mont-roig.cat\/es\/actualitat\/noticies\/mont-roig-del-camp-abre-la-piscina-municipal-el-23-de-junio-con-el-servicio-de-bar-del-casal-davis-como-novedad\/#primaryimage"},"thumbnailUrl":"https:\/\/mont-roig.cat\/wp-content\/uploads\/Piscina-1.jpeg","articleSection":["Ayuntamiento","Nostreserveis"],"inLanguage":"es"},{"@type":"WebPage","@id":"https:\/\/mont-roig.cat\/es\/actualitat\/noticies\/mont-roig-del-camp-abre-la-piscina-municipal-el-23-de-junio-con-el-servicio-de-bar-del-casal-davis-como-novedad\/","url":"https:\/\/mont-roig.cat\/es\/actualitat\/noticies\/mont-roig-del-camp-abre-la-piscina-municipal-el-23-de-junio-con-el-servicio-de-bar-del-casal-davis-como-novedad\/","name":"Mont-roig del Camp abre la piscina municipal el 23 de junio con el servicio de bar del Casal d\u2019Avis como novedad - Ajuntament de Mont-roig del Camp","isPartOf":{"@id":"https:\/\/mont-roig.cat\/es\/#website"},"primaryImageOfPage":{"@id":"https:\/\/mont-roig.cat\/es\/actualitat\/noticies\/mont-roig-del-camp-abre-la-piscina-municipal-el-23-de-junio-con-el-servicio-de-bar-del-casal-davis-como-novedad\/#primaryimage"},"image":{"@id":"https:\/\/mont-roig.cat\/es\/actualitat\/noticies\/mont-roig-del-camp-abre-la-piscina-municipal-el-23-de-junio-con-el-servicio-de-bar-del-casal-davis-como-novedad\/#primaryimage"},"thumbnailUrl":"https:\/\/mont-roig.cat\/wp-content\/uploads\/Piscina-1.jpeg","datePublished":"2026-06-19T11:36:20+00:00","dateModified":"2026-06-19T11:54:08+00:00","author":{"@id":"https:\/\/mont-roig.cat\/es\/#\/schema\/person\/1f73e7b5e6f9dd122e8a6f14f310ac5e"},"breadcrumb":{"@id":"https:\/\/mont-roig.cat\/es\/actualitat\/noticies\/mont-roig-del-camp-abre-la-piscina-municipal-el-23-de-junio-con-el-servicio-de-bar-del-casal-davis-como-novedad\/#breadcrumb"},"inLanguage":"es","potentialAction":[{"@type":"ReadAction","target":["https:\/\/mont-roig.cat\/es\/actualitat\/noticies\/mont-roig-del-camp-abre-la-piscina-municipal-el-23-de-junio-con-el-servicio-de-bar-del-casal-davis-como-novedad\/"]}]},{"@type":"ImageObject","inLanguage":"es","@id":"https:\/\/mont-roig.cat\/es\/actualitat\/noticies\/mont-roig-del-camp-abre-la-piscina-municipal-el-23-de-junio-con-el-servicio-de-bar-del-casal-davis-como-novedad\/#primaryimage","url":"https:\/\/mont-roig.cat\/wp-content\/uploads\/Piscina-1.jpeg","contentUrl":"https:\/\/mont-roig.cat\/wp-content\/uploads\/Piscina-1.jpeg","width":1600,"height":1200},{"@type":"BreadcrumbList","@id":"https:\/\/mont-roig.cat\/es\/actualitat\/noticies\/mont-roig-del-camp-abre-la-piscina-municipal-el-23-de-junio-con-el-servicio-de-bar-del-casal-davis-como-novedad\/#breadcrumb","itemListElement":[{"@type":"ListItem","position":1,"name":"Inici","item":"https:\/\/mont-roig.cat\/es\/pagina-de-inicio\/"},{"@type":"ListItem","position":2,"name":"Mont-roig del Camp abre la piscina municipal el 23 de junio con el servicio de bar del Casal d\u2019Avis como novedad"}]},{"@type":"WebSite","@id":"https:\/\/mont-roig.cat\/es\/#website","url":"https:\/\/mont-roig.cat\/es\/","name":"Ajuntament de Mont-roig del Camp","description":"Tota la informaci\u00f3 sobre la instituci\u00f3, els seus \u00f2rgans de govern, actualitat, serveis i molt m\u00e9s.","potentialAction":[{"@type":"SearchAction","target":{"@type":"EntryPoint","urlTemplate":"https:\/\/mont-roig.cat\/es\/?s={search_term_string}"},"query-input":{"@type":"PropertyValueSpecification","valueRequired":true,"valueName":"search_term_string"}}],"inLanguage":"es"},{"@type":"Person","@id":"https:\/\/mont-roig.cat\/es\/#\/schema\/person\/1f73e7b5e6f9dd122e8a6f14f310ac5e","name":"comunicacio","image":{"@type":"ImageObject","inLanguage":"es","@id":"https:\/\/secure.gravatar.com\/avatar\/98944333e7a877670a64f8d10f0cb680ab2c9ebc4efc43945ef004b52b5ad28c?s=96&d=mm&r=g","url":"https:\/\/secure.gravatar.com\/avatar\/98944333e7a877670a64f8d10f0cb680ab2c9ebc4efc43945ef004b52b5ad28c?s=96&d=mm&r=g","contentUrl":"https:\/\/secure.gravatar.com\/avatar\/98944333e7a877670a64f8d10f0cb680ab2c9ebc4efc43945ef004b52b5ad28c?s=96&d=mm&r=g","caption":"comunicacio"},"url":"https:\/\/mont-roig.cat\/es\/actualitat\/noticies\/author\/comunicacio\/"}]}},"_links":{"self":[{"href":"https:\/\/mont-roig.cat\/es\/wp-json\/wp\/v2\/posts\/93193","targetHints":{"allow":["GET"]}}],"collection":[{"href":"https:\/\/mont-roig.cat\/es\/wp-json\/wp\/v2\/posts"}],"about":[{"href":"https:\/\/mont-roig.cat\/es\/wp-json\/wp\/v2\/types\/post"}],"author":[{"embeddable":true,"href":"https:\/\/mont-roig.cat\/es\/wp-json\/wp\/v2\/users\/13"}],"replies":[{"embeddable":true,"href":"https:\/\/mont-roig.cat\/es\/wp-json\/wp\/v2\/comments?post=93193"}],"version-history":[{"count":1,"href":"https:\/\/mont-roig.cat\/es\/wp-json\/wp\/v2\/posts\/93193\/revisions"}],"predecessor-version":[{"id":93195,"href":"https:\/\/mont-roig.cat\/es\/wp-json\/wp\/v2\/posts\/93193\/revisions\/93195"}],"wp:featuredmedia":[{"embeddable":true,"href":"https:\/\/mont-roig.cat\/es\/wp-json\/wp\/v2\/media\/93190"}],"wp:attachment":[{"href":"https:\/\/mont-roig.cat\/es\/wp-json\/wp\/v2\/media?parent=93193"}],"wp:term":[{"taxonomy":"category","embeddable":true,"href":"https:\/\/mont-roig.cat\/es\/wp-json\/wp\/v2\/categories?post=93193"},{"taxonomy":"post_tag","embeddable":true,"href":"https:\/\/mont-roig.cat\/es\/wp-json\/wp\/v2\/tags?post=93193"}],"curies":[{"name":"wp","href":"https:\/\/api.w.org\/{rel}","templated":true}]}}