{"id":93528,"date":"2026-07-01T23:24:43","date_gmt":"2026-07-01T21:24:43","guid":{"rendered":"https:\/\/mont-roig.cat\/actualitat\/noticies\/mes-de-350-infants-inicien-el-casal-destiu-2026-als-poliesportius-municipals\/"},"modified":"2026-07-01T23:33:06","modified_gmt":"2026-07-01T21:33:06","slug":"mas-de-350-ninos-y-ninas-inician-el-casal-de-verano-2026-en-los-polideportivos-municipales","status":"publish","type":"post","link":"https:\/\/mont-roig.cat\/es\/actualitat\/noticies\/mas-de-350-ninos-y-ninas-inician-el-casal-de-verano-2026-en-los-polideportivos-municipales\/","title":{"rendered":"M\u00e1s de 350 ni\u00f1os y ni\u00f1as inician el Casal de Verano 2026 en los polideportivos municipales"},"content":{"rendered":"<p><strong><strong><a href=\"https:\/\/mont-roig.cat\/wp-content\/uploads\/casal-estiu2.jpeg\" target=\"_blank\" rel=\"noopener\"><img loading=\"lazy\" decoding=\"async\" class=\"alignright wp-image-93522\" src=\"https:\/\/mont-roig.cat\/wp-content\/uploads\/casal-estiu2-500x375.jpeg\" alt=\"\" width=\"303\" height=\"227\" srcset=\"https:\/\/mont-roig.cat\/wp-content\/uploads\/casal-estiu2-500x375.jpeg 500w, https:\/\/mont-roig.cat\/wp-content\/uploads\/casal-estiu2-1024x768.jpeg 1024w, https:\/\/mont-roig.cat\/wp-content\/uploads\/casal-estiu2-768x576.jpeg 768w, https:\/\/mont-roig.cat\/wp-content\/uploads\/casal-estiu2-1536x1152.jpeg 1536w, https:\/\/mont-roig.cat\/wp-content\/uploads\/casal-estiu2-463x348.jpeg 463w, https:\/\/mont-roig.cat\/wp-content\/uploads\/casal-estiu2.jpeg 2048w\" sizes=\"auto, (max-width: 303px) 100vw, 303px\" \/><\/a><\/strong><\/strong><\/p>\n<ul>\n<li class=\"isSelectedEnd\"><strong>Los casales, organizados por Nostreserveis, se desarrollan en los polideportivos municipales de Mont-roig del Camp y Miami Platja, as\u00ed como en otras instalaciones del municipio, con una amplia oferta de actividades deportivas y de ocio para ni\u00f1os y ni\u00f1as de 3 a 14 a\u00f1os.<\/strong><\/li>\n<\/ul>\n<p class=\"isSelectedEnd\">Este lunes ha comenzado una nueva edici\u00f3n del Casal de Verano municipal, una de las actividades m\u00e1s esperadas por las familias del municipio durante las vacaciones escolares. Organizados por Nostreserveis, los casales se llevan a cabo en los polideportivos municipales de Mont-roig del Camp y de Miami Platja y, este a\u00f1o, m\u00e1s de 350 ni\u00f1os y ni\u00f1as participar\u00e1n a lo largo de las diferentes semanas, hasta el pr\u00f3ximo 28 de agosto.<\/p>\n<p class=\"isSelectedEnd\">La edici\u00f3n de este verano tiene el Planeta como eje tem\u00e1tico de todas las actividades, proponiendo a los participantes un verano lleno de aventuras, descubrimientos y aprendizajes.<\/p>\n<p class=\"isSelectedEnd\">Durante estas primeras jornadas, los ni\u00f1os y ni\u00f1as han sido distribuidos en diferentes grupos seg\u00fan la edad, lo que permite adaptar las actividades y los espacios a las necesidades de cada franja. El funcionamiento del casal contempla una organizaci\u00f3n espec\u00edfica de las entradas y salidas, as\u00ed como una programaci\u00f3n diferenciada para cada grupo, garantizando un desarrollo seguro y ordenado de todas las actividades.<\/p>\n<p class=\"isSelectedEnd\"><a href=\"https:\/\/mont-roig.cat\/wp-content\/uploads\/casanls-estiu-5.jpeg\" target=\"_blank\" rel=\"noopener\"><img loading=\"lazy\" decoding=\"async\" class=\"alignleft wp-image-93526\" src=\"https:\/\/mont-roig.cat\/wp-content\/uploads\/casanls-estiu-5-375x500.jpeg\" alt=\"\" width=\"267\" height=\"356\" \/><\/a>El programa combina deporte, ocio y convivencia con actividades pensadas para que los ni\u00f1os y ni\u00f1as disfruten de un verano activo. Entre las propuestas destacan los juegos deportivos, talleres creativos, gymkanas, juegos de pistas, actividades acu\u00e1ticas en la piscina municipal y, para los grupos de mayor edad, sesiones de kayak y paddle surf en el Club de Mar.<\/p>\n<p class=\"isSelectedEnd\">Todo ello se enmarca en una tem\u00e1tica com\u00fan ambientada en torno al Planeta, que se convierte en el hilo conductor del casal de este verano. A lo largo de las semanas, los ni\u00f1os y ni\u00f1as participar\u00e1n en misiones, retos y din\u00e1micas protagonizadas por diferentes personajes, que les ayudar\u00e1n a descubrir los valores del respeto por el medio ambiente, la sostenibilidad, el trabajo en equipo y el cuidado de nuestro entorno, aprendiendo de una forma divertida y participativa.<\/p>\n<p class=\"isSelectedEnd\">El casal tambi\u00e9n ofrece los servicios complementarios de acogida y comedor, facilitando la conciliaci\u00f3n familiar durante el per\u00edodo de vacaciones escolares.<\/p>\n<p>Un a\u00f1o m\u00e1s, se sigue apostando por un casal inclusivo, educativo y de calidad, con un equipo de monitores y monitoras que trabaja para que los ni\u00f1os y ni\u00f1as vivan un verano lleno de experiencias, amistades y aprendizajes en un entorno seguro.<\/p>\n","protected":false},"excerpt":{"rendered":"<p>Los casales, organizados por Nostreserveis, se desarrollan en los polideportivos municipales de Mont-roig del Camp y Miami Platja, as\u00ed como en otras instalaciones del municipio, con una amplia oferta de actividades deportivas y de ocio para ni\u00f1os y ni\u00f1as de 3 a 14 a\u00f1os. Este lunes ha comenzado una nueva edici\u00f3n del Casal de Verano [&hellip;]<\/p>\n","protected":false},"author":13,"featured_media":0,"comment_status":"closed","ping_status":"closed","sticky":false,"template":"","format":"standard","meta":{"inline_featured_image":false,"_monsterinsights_skip_tracking":false,"footnotes":""},"categories":[98,204],"tags":[],"class_list":["post-93528","post","type-post","status-publish","format-standard","hentry","category-ayuntamiento","category-nostreserveis-es"],"yoast_head":"<!-- This site is optimized with the Yoast SEO plugin v28.2 - https:\/\/yoast.com\/product\/yoast-seo-wordpress\/ -->\n<title>M\u00e1s de 350 ni\u00f1os y ni\u00f1as inician el Casal de Verano 2026 en los polideportivos municipales - Ajuntament de Mont-roig del Camp<\/title>\n<meta name=\"robots\" content=\"index, follow, max-snippet:-1, max-image-preview:large, max-video-preview:-1\" \/>\n<link rel=\"canonical\" href=\"https:\/\/mont-roig.cat\/es\/actualitat\/noticies\/mas-de-350-ninos-y-ninas-inician-el-casal-de-verano-2026-en-los-polideportivos-municipales\/\" \/>\n<meta property=\"og:locale\" content=\"es_ES\" \/>\n<meta property=\"og:type\" content=\"article\" \/>\n<meta property=\"og:title\" content=\"M\u00e1s de 350 ni\u00f1os y ni\u00f1as inician el Casal de Verano 2026 en los polideportivos municipales - Ajuntament de Mont-roig del Camp\" \/>\n<meta property=\"og:description\" content=\"Los casales, organizados por Nostreserveis, se desarrollan en los polideportivos municipales de Mont-roig del Camp y Miami Platja, as\u00ed como en otras instalaciones del municipio, con una amplia oferta de actividades deportivas y de ocio para ni\u00f1os y ni\u00f1as de 3 a 14 a\u00f1os. Este lunes ha comenzado una nueva edici\u00f3n del Casal de Verano [&hellip;]\" \/>\n<meta property=\"og:url\" content=\"https:\/\/mont-roig.cat\/es\/actualitat\/noticies\/mas-de-350-ninos-y-ninas-inician-el-casal-de-verano-2026-en-los-polideportivos-municipales\/\" \/>\n<meta property=\"og:site_name\" content=\"Ajuntament de Mont-roig del Camp\" \/>\n<meta property=\"article:published_time\" content=\"2026-07-01T21:24:43+00:00\" \/>\n<meta property=\"article:modified_time\" content=\"2026-07-01T21:33:06+00:00\" \/>\n<meta property=\"og:image\" content=\"https:\/\/mont-roig.cat\/wp-content\/uploads\/casal-estiu2.jpeg\" \/>\n\t<meta property=\"og:image:width\" content=\"2048\" \/>\n\t<meta property=\"og:image:height\" content=\"1536\" \/>\n\t<meta property=\"og:image:type\" content=\"image\/jpeg\" \/>\n<meta name=\"author\" content=\"comunicacio\" \/>\n<meta name=\"twitter:card\" content=\"summary_large_image\" \/>\n<meta name=\"twitter:label1\" content=\"Escrito por\" \/>\n\t<meta name=\"twitter:data1\" content=\"comunicacio\" \/>\n\t<meta name=\"twitter:label2\" content=\"Tiempo de lectura\" \/>\n\t<meta name=\"twitter:data2\" content=\"3 minutos\" \/>\n<script type=\"application\/ld+json\" class=\"yoast-schema-graph\">{\"@context\":\"https:\\\/\\\/schema.org\",\"@graph\":[{\"@type\":\"Article\",\"@id\":\"https:\\\/\\\/mont-roig.cat\\\/es\\\/actualitat\\\/noticies\\\/mas-de-350-ninos-y-ninas-inician-el-casal-de-verano-2026-en-los-polideportivos-municipales\\\/#article\",\"isPartOf\":{\"@id\":\"https:\\\/\\\/mont-roig.cat\\\/es\\\/actualitat\\\/noticies\\\/mas-de-350-ninos-y-ninas-inician-el-casal-de-verano-2026-en-los-polideportivos-municipales\\\/\"},\"author\":{\"name\":\"comunicacio\",\"@id\":\"https:\\\/\\\/mont-roig.cat\\\/es\\\/#\\\/schema\\\/person\\\/1f73e7b5e6f9dd122e8a6f14f310ac5e\"},\"headline\":\"M\u00e1s de 350 ni\u00f1os y ni\u00f1as inician el Casal de Verano 2026 en los polideportivos municipales\",\"datePublished\":\"2026-07-01T21:24:43+00:00\",\"dateModified\":\"2026-07-01T21:33:06+00:00\",\"mainEntityOfPage\":{\"@id\":\"https:\\\/\\\/mont-roig.cat\\\/es\\\/actualitat\\\/noticies\\\/mas-de-350-ninos-y-ninas-inician-el-casal-de-verano-2026-en-los-polideportivos-municipales\\\/\"},\"wordCount\":452,\"image\":{\"@id\":\"https:\\\/\\\/mont-roig.cat\\\/es\\\/actualitat\\\/noticies\\\/mas-de-350-ninos-y-ninas-inician-el-casal-de-verano-2026-en-los-polideportivos-municipales\\\/#primaryimage\"},\"thumbnailUrl\":\"https:\\\/\\\/mont-roig.cat\\\/wp-content\\\/uploads\\\/casal-estiu2-500x375.jpeg\",\"articleSection\":[\"Ayuntamiento\",\"Nostreserveis\"],\"inLanguage\":\"es\"},{\"@type\":\"WebPage\",\"@id\":\"https:\\\/\\\/mont-roig.cat\\\/es\\\/actualitat\\\/noticies\\\/mas-de-350-ninos-y-ninas-inician-el-casal-de-verano-2026-en-los-polideportivos-municipales\\\/\",\"url\":\"https:\\\/\\\/mont-roig.cat\\\/es\\\/actualitat\\\/noticies\\\/mas-de-350-ninos-y-ninas-inician-el-casal-de-verano-2026-en-los-polideportivos-municipales\\\/\",\"name\":\"M\u00e1s de 350 ni\u00f1os y ni\u00f1as inician el Casal de Verano 2026 en los polideportivos municipales - Ajuntament de Mont-roig del Camp\",\"isPartOf\":{\"@id\":\"https:\\\/\\\/mont-roig.cat\\\/es\\\/#website\"},\"primaryImageOfPage\":{\"@id\":\"https:\\\/\\\/mont-roig.cat\\\/es\\\/actualitat\\\/noticies\\\/mas-de-350-ninos-y-ninas-inician-el-casal-de-verano-2026-en-los-polideportivos-municipales\\\/#primaryimage\"},\"image\":{\"@id\":\"https:\\\/\\\/mont-roig.cat\\\/es\\\/actualitat\\\/noticies\\\/mas-de-350-ninos-y-ninas-inician-el-casal-de-verano-2026-en-los-polideportivos-municipales\\\/#primaryimage\"},\"thumbnailUrl\":\"https:\\\/\\\/mont-roig.cat\\\/wp-content\\\/uploads\\\/casal-estiu2-500x375.jpeg\",\"datePublished\":\"2026-07-01T21:24:43+00:00\",\"dateModified\":\"2026-07-01T21:33:06+00:00\",\"author\":{\"@id\":\"https:\\\/\\\/mont-roig.cat\\\/es\\\/#\\\/schema\\\/person\\\/1f73e7b5e6f9dd122e8a6f14f310ac5e\"},\"breadcrumb\":{\"@id\":\"https:\\\/\\\/mont-roig.cat\\\/es\\\/actualitat\\\/noticies\\\/mas-de-350-ninos-y-ninas-inician-el-casal-de-verano-2026-en-los-polideportivos-municipales\\\/#breadcrumb\"},\"inLanguage\":\"es\",\"potentialAction\":[{\"@type\":\"ReadAction\",\"target\":[\"https:\\\/\\\/mont-roig.cat\\\/es\\\/actualitat\\\/noticies\\\/mas-de-350-ninos-y-ninas-inician-el-casal-de-verano-2026-en-los-polideportivos-municipales\\\/\"]}]},{\"@type\":\"ImageObject\",\"inLanguage\":\"es\",\"@id\":\"https:\\\/\\\/mont-roig.cat\\\/es\\\/actualitat\\\/noticies\\\/mas-de-350-ninos-y-ninas-inician-el-casal-de-verano-2026-en-los-polideportivos-municipales\\\/#primaryimage\",\"url\":\"https:\\\/\\\/mont-roig.cat\\\/wp-content\\\/uploads\\\/casal-estiu2-500x375.jpeg\",\"contentUrl\":\"https:\\\/\\\/mont-roig.cat\\\/wp-content\\\/uploads\\\/casal-estiu2-500x375.jpeg\"},{\"@type\":\"BreadcrumbList\",\"@id\":\"https:\\\/\\\/mont-roig.cat\\\/es\\\/actualitat\\\/noticies\\\/mas-de-350-ninos-y-ninas-inician-el-casal-de-verano-2026-en-los-polideportivos-municipales\\\/#breadcrumb\",\"itemListElement\":[{\"@type\":\"ListItem\",\"position\":1,\"name\":\"Inici\",\"item\":\"https:\\\/\\\/mont-roig.cat\\\/es\\\/pagina-de-inicio\\\/\"},{\"@type\":\"ListItem\",\"position\":2,\"name\":\"M\u00e1s de 350 ni\u00f1os y ni\u00f1as inician el Casal de Verano 2026 en los polideportivos municipales\"}]},{\"@type\":\"WebSite\",\"@id\":\"https:\\\/\\\/mont-roig.cat\\\/es\\\/#website\",\"url\":\"https:\\\/\\\/mont-roig.cat\\\/es\\\/\",\"name\":\"Ajuntament de Mont-roig del Camp\",\"description\":\"Tota la informaci\u00f3 sobre la instituci\u00f3, els seus \u00f2rgans de govern, actualitat, serveis i molt m\u00e9s.\",\"potentialAction\":[{\"@type\":\"SearchAction\",\"target\":{\"@type\":\"EntryPoint\",\"urlTemplate\":\"https:\\\/\\\/mont-roig.cat\\\/es\\\/?s={search_term_string}\"},\"query-input\":{\"@type\":\"PropertyValueSpecification\",\"valueRequired\":true,\"valueName\":\"search_term_string\"}}],\"inLanguage\":\"es\"},{\"@type\":\"Person\",\"@id\":\"https:\\\/\\\/mont-roig.cat\\\/es\\\/#\\\/schema\\\/person\\\/1f73e7b5e6f9dd122e8a6f14f310ac5e\",\"name\":\"comunicacio\",\"image\":{\"@type\":\"ImageObject\",\"inLanguage\":\"es\",\"@id\":\"https:\\\/\\\/secure.gravatar.com\\\/avatar\\\/98944333e7a877670a64f8d10f0cb680ab2c9ebc4efc43945ef004b52b5ad28c?s=96&d=mm&r=g\",\"url\":\"https:\\\/\\\/secure.gravatar.com\\\/avatar\\\/98944333e7a877670a64f8d10f0cb680ab2c9ebc4efc43945ef004b52b5ad28c?s=96&d=mm&r=g\",\"contentUrl\":\"https:\\\/\\\/secure.gravatar.com\\\/avatar\\\/98944333e7a877670a64f8d10f0cb680ab2c9ebc4efc43945ef004b52b5ad28c?s=96&d=mm&r=g\",\"caption\":\"comunicacio\"},\"url\":\"https:\\\/\\\/mont-roig.cat\\\/es\\\/actualitat\\\/noticies\\\/author\\\/comunicacio\\\/\"}]}<\/script>\n<!-- \/ Yoast SEO plugin. -->","yoast_head_json":{"title":"M\u00e1s de 350 ni\u00f1os y ni\u00f1as inician el Casal de Verano 2026 en los polideportivos municipales - Ajuntament de Mont-roig del Camp","robots":{"index":"index","follow":"follow","max-snippet":"max-snippet:-1","max-image-preview":"max-image-preview:large","max-video-preview":"max-video-preview:-1"},"canonical":"https:\/\/mont-roig.cat\/es\/actualitat\/noticies\/mas-de-350-ninos-y-ninas-inician-el-casal-de-verano-2026-en-los-polideportivos-municipales\/","og_locale":"es_ES","og_type":"article","og_title":"M\u00e1s de 350 ni\u00f1os y ni\u00f1as inician el Casal de Verano 2026 en los polideportivos municipales - Ajuntament de Mont-roig del Camp","og_description":"Los casales, organizados por Nostreserveis, se desarrollan en los polideportivos municipales de Mont-roig del Camp y Miami Platja, as\u00ed como en otras instalaciones del municipio, con una amplia oferta de actividades deportivas y de ocio para ni\u00f1os y ni\u00f1as de 3 a 14 a\u00f1os. Este lunes ha comenzado una nueva edici\u00f3n del Casal de Verano [&hellip;]","og_url":"https:\/\/mont-roig.cat\/es\/actualitat\/noticies\/mas-de-350-ninos-y-ninas-inician-el-casal-de-verano-2026-en-los-polideportivos-municipales\/","og_site_name":"Ajuntament de Mont-roig del Camp","article_published_time":"2026-07-01T21:24:43+00:00","article_modified_time":"2026-07-01T21:33:06+00:00","og_image":[{"width":2048,"height":1536,"url":"https:\/\/mont-roig.cat\/wp-content\/uploads\/casal-estiu2.jpeg","type":"image\/jpeg"}],"author":"comunicacio","twitter_card":"summary_large_image","twitter_misc":{"Escrito por":"comunicacio","Tiempo de lectura":"3 minutos"},"schema":{"@context":"https:\/\/schema.org","@graph":[{"@type":"Article","@id":"https:\/\/mont-roig.cat\/es\/actualitat\/noticies\/mas-de-350-ninos-y-ninas-inician-el-casal-de-verano-2026-en-los-polideportivos-municipales\/#article","isPartOf":{"@id":"https:\/\/mont-roig.cat\/es\/actualitat\/noticies\/mas-de-350-ninos-y-ninas-inician-el-casal-de-verano-2026-en-los-polideportivos-municipales\/"},"author":{"name":"comunicacio","@id":"https:\/\/mont-roig.cat\/es\/#\/schema\/person\/1f73e7b5e6f9dd122e8a6f14f310ac5e"},"headline":"M\u00e1s de 350 ni\u00f1os y ni\u00f1as inician el Casal de Verano 2026 en los polideportivos municipales","datePublished":"2026-07-01T21:24:43+00:00","dateModified":"2026-07-01T21:33:06+00:00","mainEntityOfPage":{"@id":"https:\/\/mont-roig.cat\/es\/actualitat\/noticies\/mas-de-350-ninos-y-ninas-inician-el-casal-de-verano-2026-en-los-polideportivos-municipales\/"},"wordCount":452,"image":{"@id":"https:\/\/mont-roig.cat\/es\/actualitat\/noticies\/mas-de-350-ninos-y-ninas-inician-el-casal-de-verano-2026-en-los-polideportivos-municipales\/#primaryimage"},"thumbnailUrl":"https:\/\/mont-roig.cat\/wp-content\/uploads\/casal-estiu2-500x375.jpeg","articleSection":["Ayuntamiento","Nostreserveis"],"inLanguage":"es"},{"@type":"WebPage","@id":"https:\/\/mont-roig.cat\/es\/actualitat\/noticies\/mas-de-350-ninos-y-ninas-inician-el-casal-de-verano-2026-en-los-polideportivos-municipales\/","url":"https:\/\/mont-roig.cat\/es\/actualitat\/noticies\/mas-de-350-ninos-y-ninas-inician-el-casal-de-verano-2026-en-los-polideportivos-municipales\/","name":"M\u00e1s de 350 ni\u00f1os y ni\u00f1as inician el Casal de Verano 2026 en los polideportivos municipales - Ajuntament de Mont-roig del Camp","isPartOf":{"@id":"https:\/\/mont-roig.cat\/es\/#website"},"primaryImageOfPage":{"@id":"https:\/\/mont-roig.cat\/es\/actualitat\/noticies\/mas-de-350-ninos-y-ninas-inician-el-casal-de-verano-2026-en-los-polideportivos-municipales\/#primaryimage"},"image":{"@id":"https:\/\/mont-roig.cat\/es\/actualitat\/noticies\/mas-de-350-ninos-y-ninas-inician-el-casal-de-verano-2026-en-los-polideportivos-municipales\/#primaryimage"},"thumbnailUrl":"https:\/\/mont-roig.cat\/wp-content\/uploads\/casal-estiu2-500x375.jpeg","datePublished":"2026-07-01T21:24:43+00:00","dateModified":"2026-07-01T21:33:06+00:00","author":{"@id":"https:\/\/mont-roig.cat\/es\/#\/schema\/person\/1f73e7b5e6f9dd122e8a6f14f310ac5e"},"breadcrumb":{"@id":"https:\/\/mont-roig.cat\/es\/actualitat\/noticies\/mas-de-350-ninos-y-ninas-inician-el-casal-de-verano-2026-en-los-polideportivos-municipales\/#breadcrumb"},"inLanguage":"es","potentialAction":[{"@type":"ReadAction","target":["https:\/\/mont-roig.cat\/es\/actualitat\/noticies\/mas-de-350-ninos-y-ninas-inician-el-casal-de-verano-2026-en-los-polideportivos-municipales\/"]}]},{"@type":"ImageObject","inLanguage":"es","@id":"https:\/\/mont-roig.cat\/es\/actualitat\/noticies\/mas-de-350-ninos-y-ninas-inician-el-casal-de-verano-2026-en-los-polideportivos-municipales\/#primaryimage","url":"https:\/\/mont-roig.cat\/wp-content\/uploads\/casal-estiu2-500x375.jpeg","contentUrl":"https:\/\/mont-roig.cat\/wp-content\/uploads\/casal-estiu2-500x375.jpeg"},{"@type":"BreadcrumbList","@id":"https:\/\/mont-roig.cat\/es\/actualitat\/noticies\/mas-de-350-ninos-y-ninas-inician-el-casal-de-verano-2026-en-los-polideportivos-municipales\/#breadcrumb","itemListElement":[{"@type":"ListItem","position":1,"name":"Inici","item":"https:\/\/mont-roig.cat\/es\/pagina-de-inicio\/"},{"@type":"ListItem","position":2,"name":"M\u00e1s de 350 ni\u00f1os y ni\u00f1as inician el Casal de Verano 2026 en los polideportivos municipales"}]},{"@type":"WebSite","@id":"https:\/\/mont-roig.cat\/es\/#website","url":"https:\/\/mont-roig.cat\/es\/","name":"Ajuntament de Mont-roig del Camp","description":"Tota la informaci\u00f3 sobre la instituci\u00f3, els seus \u00f2rgans de govern, actualitat, serveis i molt m\u00e9s.","potentialAction":[{"@type":"SearchAction","target":{"@type":"EntryPoint","urlTemplate":"https:\/\/mont-roig.cat\/es\/?s={search_term_string}"},"query-input":{"@type":"PropertyValueSpecification","valueRequired":true,"valueName":"search_term_string"}}],"inLanguage":"es"},{"@type":"Person","@id":"https:\/\/mont-roig.cat\/es\/#\/schema\/person\/1f73e7b5e6f9dd122e8a6f14f310ac5e","name":"comunicacio","image":{"@type":"ImageObject","inLanguage":"es","@id":"https:\/\/secure.gravatar.com\/avatar\/98944333e7a877670a64f8d10f0cb680ab2c9ebc4efc43945ef004b52b5ad28c?s=96&d=mm&r=g","url":"https:\/\/secure.gravatar.com\/avatar\/98944333e7a877670a64f8d10f0cb680ab2c9ebc4efc43945ef004b52b5ad28c?s=96&d=mm&r=g","contentUrl":"https:\/\/secure.gravatar.com\/avatar\/98944333e7a877670a64f8d10f0cb680ab2c9ebc4efc43945ef004b52b5ad28c?s=96&d=mm&r=g","caption":"comunicacio"},"url":"https:\/\/mont-roig.cat\/es\/actualitat\/noticies\/author\/comunicacio\/"}]}},"_links":{"self":[{"href":"https:\/\/mont-roig.cat\/es\/wp-json\/wp\/v2\/posts\/93528","targetHints":{"allow":["GET"]}}],"collection":[{"href":"https:\/\/mont-roig.cat\/es\/wp-json\/wp\/v2\/posts"}],"about":[{"href":"https:\/\/mont-roig.cat\/es\/wp-json\/wp\/v2\/types\/post"}],"author":[{"embeddable":true,"href":"https:\/\/mont-roig.cat\/es\/wp-json\/wp\/v2\/users\/13"}],"replies":[{"embeddable":true,"href":"https:\/\/mont-roig.cat\/es\/wp-json\/wp\/v2\/comments?post=93528"}],"version-history":[{"count":2,"href":"https:\/\/mont-roig.cat\/es\/wp-json\/wp\/v2\/posts\/93528\/revisions"}],"predecessor-version":[{"id":93530,"href":"https:\/\/mont-roig.cat\/es\/wp-json\/wp\/v2\/posts\/93528\/revisions\/93530"}],"wp:attachment":[{"href":"https:\/\/mont-roig.cat\/es\/wp-json\/wp\/v2\/media?parent=93528"}],"wp:term":[{"taxonomy":"category","embeddable":true,"href":"https:\/\/mont-roig.cat\/es\/wp-json\/wp\/v2\/categories?post=93528"},{"taxonomy":"post_tag","embeddable":true,"href":"https:\/\/mont-roig.cat\/es\/wp-json\/wp\/v2\/tags?post=93528"}],"curies":[{"name":"wp","href":"https:\/\/api.w.org\/{rel}","templated":true}]}}