{"id":94592,"date":"2026-08-11T15:10:40","date_gmt":"2026-08-11T13:10:40","guid":{"rendered":"https:\/\/mont-roig.cat\/actualitat\/noticies\/comunicat-de-lajuntament-de-mont-roig-del-camp-sobre-els-anomenats-ninots-mironians\/"},"modified":"2026-08-11T15:25:45","modified_gmt":"2026-08-11T13:25:45","slug":"comunicado-del-ajuntament-de-mont-roig-del-camp-sobre-los-denominados-ninots-mironians","status":"publish","type":"post","link":"https:\/\/mont-roig.cat\/es\/actualitat\/noticies\/comunicado-del-ajuntament-de-mont-roig-del-camp-sobre-los-denominados-ninots-mironians\/","title":{"rendered":"Comunicado del Ajuntament de Mont-roig del Camp sobre los denominados \u2018ninots mironians\u2019"},"content":{"rendered":"<p><strong><strong><a href=\"https:\/\/mont-roig.cat\/wp-content\/uploads\/mont-roig_logotip_2tintes-1.jpg\" target=\"_blank\" rel=\"noopener\"><img loading=\"lazy\" decoding=\"async\" class=\"alignright wp-image-79377\" src=\"https:\/\/mont-roig.cat\/wp-content\/uploads\/mont-roig_logotip_2tintes-1-500x355.jpg\" alt=\"\" width=\"297\" height=\"211\" srcset=\"https:\/\/mont-roig.cat\/wp-content\/uploads\/mont-roig_logotip_2tintes-1-500x355.jpg 500w, https:\/\/mont-roig.cat\/wp-content\/uploads\/mont-roig_logotip_2tintes-1-1024x728.jpg 1024w, https:\/\/mont-roig.cat\/wp-content\/uploads\/mont-roig_logotip_2tintes-1-768x546.jpg 768w, https:\/\/mont-roig.cat\/wp-content\/uploads\/mont-roig_logotip_2tintes-1.jpg 1134w\" sizes=\"auto, (max-width: 297px) 100vw, 297px\" \/><\/a><\/strong><\/strong><\/p>\n<ul>\n<li><strong>A ra\u00edz de las consultas y peticiones de informaci\u00f3n recibidas recientemente en relaci\u00f3n con los denominados<em> ninots mironians<\/em>, el Ajuntament de Mont-roig del Camp quiere hacer p\u00fablicos los antecedentes que constan en el ayuntamiento y aclarar las actuaciones que se llevaron a cabo en relaci\u00f3n con estos elementos en el a\u00f1o 2011.<\/strong><\/li>\n<\/ul>\n<p data-path-to-node=\"2\">Los<em> ninots mironians<\/em> eran unos elementos de car\u00e1cter popular y festivo que se encontraban ubicados en las dependencias de la Esgl\u00e9sia Vella y que hab\u00edan sido creados con una finalidad divulgativa y de animaci\u00f3n cultural.<\/p>\n<p data-path-to-node=\"3\">En el a\u00f1o 2011, la Successi\u00f3 Mir\u00f3, la entidad que vela por el respeto y la integridad de la obra y la imagen del artista, as\u00ed como por los usos y reproducciones que se hacen de la misma, se dirigi\u00f3 al Ajuntament con la finalidad de preservar y proteger la obra original de Joan Mir\u00f3 y solicit\u00f3 la retirada y eliminaci\u00f3n de los <em>ninots mironians<\/em>, al considerar que estos elementos constitu\u00edan una alteraci\u00f3n de la obra del artista.<\/p>\n<p data-path-to-node=\"4\">En el a\u00f1o 2011, el Ajuntament de Mont-roig del Camp comenzaba a tantear la posibilidad de crear una instituci\u00f3n s\u00f3lida en el pueblo dedicada a la figura de Joan Mir\u00f3, y por este motivo la petici\u00f3n de eliminar los ninots no pod\u00eda ser deso\u00edda. Para la familia Mir\u00f3, exist\u00eda un claro conflicto de originalidad entre estas piezas y aquellas creadas con Joan Baixas en vida del artista, piezas que se conservan en la Fundaci\u00f3 Mir\u00f3 de Barcelona, en el Museu Es Baluard de Mallorca y en alguna colecci\u00f3n particular.<\/p>\n<p data-path-to-node=\"5\">En la comunicaci\u00f3n del a\u00f1o 2011, la Successi\u00f3 manifest\u00f3 expresamente su voluntad de que los elementos fueran retirados y eliminados y advirti\u00f3 que, en caso contrario, actuar\u00eda por v\u00eda judicial con las consecuencias que se pudieran derivar de ello. Ante esta petici\u00f3n, la Junta de Govern Local, en sesi\u00f3n celebrada el 13 de abril de 2011, acord\u00f3 comunicar al Centre Mir\u00f3 que el Ajuntament proceder\u00eda a la retirada de los <em>ninots mironians.<\/em> En cumplimiento de este acuerdo, los denominados<em> ninots mironians<\/em> fueron retirados de las dependencias municipales y posteriormente eliminados.<\/p>\n<p data-path-to-node=\"6\">El Ajuntament considera importante poner esta informaci\u00f3n a disposici\u00f3n de la ciudadan\u00eda con el objetivo de aclarar los hechos. Las actuaciones realizadas en el a\u00f1o 2011 responden a los antecedentes descritos y, en particular, a la petici\u00f3n expresa formulada en aquel momento por la Successi\u00f3 Mir\u00f3 respecto a estos elementos.<\/p>\n<p>&nbsp;<\/p>\n","protected":false},"excerpt":{"rendered":"<p>A ra\u00edz de las consultas y peticiones de informaci\u00f3n recibidas recientemente en relaci\u00f3n con los denominados ninots mironians, el Ajuntament de Mont-roig del Camp quiere hacer p\u00fablicos los antecedentes que constan en el ayuntamiento y aclarar las actuaciones que se llevaron a cabo en relaci\u00f3n con estos elementos en el a\u00f1o 2011. Los ninots mironians [&hellip;]<\/p>\n","protected":false},"author":13,"featured_media":79378,"comment_status":"closed","ping_status":"closed","sticky":false,"template":"","format":"standard","meta":{"inline_featured_image":false,"_monsterinsights_skip_tracking":false,"footnotes":""},"categories":[156,98,101],"tags":[],"class_list":["post-94592","post","type-post","status-publish","format-standard","has-post-thumbnail","hentry","category-alcalde-es","category-ayuntamiento","category-cultura-es"],"yoast_head":"<!-- This site is optimized with the Yoast SEO plugin v28.2 - https:\/\/yoast.com\/product\/yoast-seo-wordpress\/ -->\n<title>Comunicado del Ajuntament de Mont-roig del Camp sobre los denominados \u2018ninots mironians\u2019 - Ajuntament de Mont-roig del Camp<\/title>\n<meta name=\"robots\" content=\"index, follow, max-snippet:-1, max-image-preview:large, max-video-preview:-1\" \/>\n<link rel=\"canonical\" href=\"https:\/\/mont-roig.cat\/es\/actualitat\/noticies\/comunicado-del-ajuntament-de-mont-roig-del-camp-sobre-los-denominados-ninots-mironians\/\" \/>\n<meta property=\"og:locale\" content=\"es_ES\" \/>\n<meta property=\"og:type\" content=\"article\" \/>\n<meta property=\"og:title\" content=\"Comunicado del Ajuntament de Mont-roig del Camp sobre los denominados \u2018ninots mironians\u2019 - Ajuntament de Mont-roig del Camp\" \/>\n<meta property=\"og:description\" content=\"A ra\u00edz de las consultas y peticiones de informaci\u00f3n recibidas recientemente en relaci\u00f3n con los denominados ninots mironians, el Ajuntament de Mont-roig del Camp quiere hacer p\u00fablicos los antecedentes que constan en el ayuntamiento y aclarar las actuaciones que se llevaron a cabo en relaci\u00f3n con estos elementos en el a\u00f1o 2011. Los ninots mironians [&hellip;]\" \/>\n<meta property=\"og:url\" content=\"https:\/\/mont-roig.cat\/es\/actualitat\/noticies\/comunicado-del-ajuntament-de-mont-roig-del-camp-sobre-los-denominados-ninots-mironians\/\" \/>\n<meta property=\"og:site_name\" content=\"Ajuntament de Mont-roig del Camp\" \/>\n<meta property=\"article:published_time\" content=\"2026-08-11T13:10:40+00:00\" \/>\n<meta property=\"article:modified_time\" content=\"2026-08-11T13:25:45+00:00\" \/>\n<meta property=\"og:image\" content=\"https:\/\/mont-roig.cat\/wp-content\/uploads\/mont-roig_logotip_2tintes-1.jpg\" \/>\n\t<meta property=\"og:image:width\" content=\"1134\" \/>\n\t<meta property=\"og:image:height\" content=\"806\" \/>\n\t<meta property=\"og:image:type\" content=\"image\/jpeg\" \/>\n<meta name=\"author\" content=\"comunicacio\" \/>\n<meta name=\"twitter:card\" content=\"summary_large_image\" \/>\n<meta name=\"twitter:label1\" content=\"Escrito por\" \/>\n\t<meta name=\"twitter:data1\" content=\"comunicacio\" \/>\n\t<meta name=\"twitter:label2\" content=\"Tiempo de lectura\" \/>\n\t<meta name=\"twitter:data2\" content=\"3 minutos\" \/>\n<script type=\"application\/ld+json\" class=\"yoast-schema-graph\">{\"@context\":\"https:\\\/\\\/schema.org\",\"@graph\":[{\"@type\":\"Article\",\"@id\":\"https:\\\/\\\/mont-roig.cat\\\/es\\\/actualitat\\\/noticies\\\/comunicado-del-ajuntament-de-mont-roig-del-camp-sobre-los-denominados-ninots-mironians\\\/#article\",\"isPartOf\":{\"@id\":\"https:\\\/\\\/mont-roig.cat\\\/es\\\/actualitat\\\/noticies\\\/comunicado-del-ajuntament-de-mont-roig-del-camp-sobre-los-denominados-ninots-mironians\\\/\"},\"author\":{\"name\":\"comunicacio\",\"@id\":\"https:\\\/\\\/mont-roig.cat\\\/es\\\/#\\\/schema\\\/person\\\/1f73e7b5e6f9dd122e8a6f14f310ac5e\"},\"headline\":\"Comunicado del Ajuntament de Mont-roig del Camp sobre los denominados \u2018ninots mironians\u2019\",\"datePublished\":\"2026-08-11T13:10:40+00:00\",\"dateModified\":\"2026-08-11T13:25:45+00:00\",\"mainEntityOfPage\":{\"@id\":\"https:\\\/\\\/mont-roig.cat\\\/es\\\/actualitat\\\/noticies\\\/comunicado-del-ajuntament-de-mont-roig-del-camp-sobre-los-denominados-ninots-mironians\\\/\"},\"wordCount\":434,\"image\":{\"@id\":\"https:\\\/\\\/mont-roig.cat\\\/es\\\/actualitat\\\/noticies\\\/comunicado-del-ajuntament-de-mont-roig-del-camp-sobre-los-denominados-ninots-mironians\\\/#primaryimage\"},\"thumbnailUrl\":\"https:\\\/\\\/mont-roig.cat\\\/wp-content\\\/uploads\\\/mont-roig_logotip_2tintes-1.jpg\",\"articleSection\":[\"Alcalde\",\"Ayuntamiento\",\"Cultura\"],\"inLanguage\":\"es\"},{\"@type\":\"WebPage\",\"@id\":\"https:\\\/\\\/mont-roig.cat\\\/es\\\/actualitat\\\/noticies\\\/comunicado-del-ajuntament-de-mont-roig-del-camp-sobre-los-denominados-ninots-mironians\\\/\",\"url\":\"https:\\\/\\\/mont-roig.cat\\\/es\\\/actualitat\\\/noticies\\\/comunicado-del-ajuntament-de-mont-roig-del-camp-sobre-los-denominados-ninots-mironians\\\/\",\"name\":\"Comunicado del Ajuntament de Mont-roig del Camp sobre los denominados \u2018ninots mironians\u2019 - Ajuntament de Mont-roig del Camp\",\"isPartOf\":{\"@id\":\"https:\\\/\\\/mont-roig.cat\\\/es\\\/#website\"},\"primaryImageOfPage\":{\"@id\":\"https:\\\/\\\/mont-roig.cat\\\/es\\\/actualitat\\\/noticies\\\/comunicado-del-ajuntament-de-mont-roig-del-camp-sobre-los-denominados-ninots-mironians\\\/#primaryimage\"},\"image\":{\"@id\":\"https:\\\/\\\/mont-roig.cat\\\/es\\\/actualitat\\\/noticies\\\/comunicado-del-ajuntament-de-mont-roig-del-camp-sobre-los-denominados-ninots-mironians\\\/#primaryimage\"},\"thumbnailUrl\":\"https:\\\/\\\/mont-roig.cat\\\/wp-content\\\/uploads\\\/mont-roig_logotip_2tintes-1.jpg\",\"datePublished\":\"2026-08-11T13:10:40+00:00\",\"dateModified\":\"2026-08-11T13:25:45+00:00\",\"author\":{\"@id\":\"https:\\\/\\\/mont-roig.cat\\\/es\\\/#\\\/schema\\\/person\\\/1f73e7b5e6f9dd122e8a6f14f310ac5e\"},\"breadcrumb\":{\"@id\":\"https:\\\/\\\/mont-roig.cat\\\/es\\\/actualitat\\\/noticies\\\/comunicado-del-ajuntament-de-mont-roig-del-camp-sobre-los-denominados-ninots-mironians\\\/#breadcrumb\"},\"inLanguage\":\"es\",\"potentialAction\":[{\"@type\":\"ReadAction\",\"target\":[\"https:\\\/\\\/mont-roig.cat\\\/es\\\/actualitat\\\/noticies\\\/comunicado-del-ajuntament-de-mont-roig-del-camp-sobre-los-denominados-ninots-mironians\\\/\"]}]},{\"@type\":\"ImageObject\",\"inLanguage\":\"es\",\"@id\":\"https:\\\/\\\/mont-roig.cat\\\/es\\\/actualitat\\\/noticies\\\/comunicado-del-ajuntament-de-mont-roig-del-camp-sobre-los-denominados-ninots-mironians\\\/#primaryimage\",\"url\":\"https:\\\/\\\/mont-roig.cat\\\/wp-content\\\/uploads\\\/mont-roig_logotip_2tintes-1.jpg\",\"contentUrl\":\"https:\\\/\\\/mont-roig.cat\\\/wp-content\\\/uploads\\\/mont-roig_logotip_2tintes-1.jpg\",\"width\":1134,\"height\":806},{\"@type\":\"BreadcrumbList\",\"@id\":\"https:\\\/\\\/mont-roig.cat\\\/es\\\/actualitat\\\/noticies\\\/comunicado-del-ajuntament-de-mont-roig-del-camp-sobre-los-denominados-ninots-mironians\\\/#breadcrumb\",\"itemListElement\":[{\"@type\":\"ListItem\",\"position\":1,\"name\":\"Inici\",\"item\":\"https:\\\/\\\/mont-roig.cat\\\/es\\\/pagina-de-inicio\\\/\"},{\"@type\":\"ListItem\",\"position\":2,\"name\":\"Comunicado del Ajuntament de Mont-roig del Camp sobre los denominados \u2018ninots mironians\u2019\"}]},{\"@type\":\"WebSite\",\"@id\":\"https:\\\/\\\/mont-roig.cat\\\/es\\\/#website\",\"url\":\"https:\\\/\\\/mont-roig.cat\\\/es\\\/\",\"name\":\"Ajuntament de Mont-roig del Camp\",\"description\":\"Tota la informaci\u00f3 sobre la instituci\u00f3, els seus \u00f2rgans de govern, actualitat, serveis i molt m\u00e9s.\",\"potentialAction\":[{\"@type\":\"SearchAction\",\"target\":{\"@type\":\"EntryPoint\",\"urlTemplate\":\"https:\\\/\\\/mont-roig.cat\\\/es\\\/?s={search_term_string}\"},\"query-input\":{\"@type\":\"PropertyValueSpecification\",\"valueRequired\":true,\"valueName\":\"search_term_string\"}}],\"inLanguage\":\"es\"},{\"@type\":\"Person\",\"@id\":\"https:\\\/\\\/mont-roig.cat\\\/es\\\/#\\\/schema\\\/person\\\/1f73e7b5e6f9dd122e8a6f14f310ac5e\",\"name\":\"comunicacio\",\"image\":{\"@type\":\"ImageObject\",\"inLanguage\":\"es\",\"@id\":\"https:\\\/\\\/secure.gravatar.com\\\/avatar\\\/98944333e7a877670a64f8d10f0cb680ab2c9ebc4efc43945ef004b52b5ad28c?s=96&d=mm&r=g\",\"url\":\"https:\\\/\\\/secure.gravatar.com\\\/avatar\\\/98944333e7a877670a64f8d10f0cb680ab2c9ebc4efc43945ef004b52b5ad28c?s=96&d=mm&r=g\",\"contentUrl\":\"https:\\\/\\\/secure.gravatar.com\\\/avatar\\\/98944333e7a877670a64f8d10f0cb680ab2c9ebc4efc43945ef004b52b5ad28c?s=96&d=mm&r=g\",\"caption\":\"comunicacio\"},\"url\":\"https:\\\/\\\/mont-roig.cat\\\/es\\\/actualitat\\\/noticies\\\/author\\\/comunicacio\\\/\"}]}<\/script>\n<!-- \/ Yoast SEO plugin. -->","yoast_head_json":{"title":"Comunicado del Ajuntament de Mont-roig del Camp sobre los denominados \u2018ninots mironians\u2019 - Ajuntament de Mont-roig del Camp","robots":{"index":"index","follow":"follow","max-snippet":"max-snippet:-1","max-image-preview":"max-image-preview:large","max-video-preview":"max-video-preview:-1"},"canonical":"https:\/\/mont-roig.cat\/es\/actualitat\/noticies\/comunicado-del-ajuntament-de-mont-roig-del-camp-sobre-los-denominados-ninots-mironians\/","og_locale":"es_ES","og_type":"article","og_title":"Comunicado del Ajuntament de Mont-roig del Camp sobre los denominados \u2018ninots mironians\u2019 - Ajuntament de Mont-roig del Camp","og_description":"A ra\u00edz de las consultas y peticiones de informaci\u00f3n recibidas recientemente en relaci\u00f3n con los denominados ninots mironians, el Ajuntament de Mont-roig del Camp quiere hacer p\u00fablicos los antecedentes que constan en el ayuntamiento y aclarar las actuaciones que se llevaron a cabo en relaci\u00f3n con estos elementos en el a\u00f1o 2011. Los ninots mironians [&hellip;]","og_url":"https:\/\/mont-roig.cat\/es\/actualitat\/noticies\/comunicado-del-ajuntament-de-mont-roig-del-camp-sobre-los-denominados-ninots-mironians\/","og_site_name":"Ajuntament de Mont-roig del Camp","article_published_time":"2026-08-11T13:10:40+00:00","article_modified_time":"2026-08-11T13:25:45+00:00","og_image":[{"width":1134,"height":806,"url":"https:\/\/mont-roig.cat\/wp-content\/uploads\/mont-roig_logotip_2tintes-1.jpg","type":"image\/jpeg"}],"author":"comunicacio","twitter_card":"summary_large_image","twitter_misc":{"Escrito por":"comunicacio","Tiempo de lectura":"3 minutos"},"schema":{"@context":"https:\/\/schema.org","@graph":[{"@type":"Article","@id":"https:\/\/mont-roig.cat\/es\/actualitat\/noticies\/comunicado-del-ajuntament-de-mont-roig-del-camp-sobre-los-denominados-ninots-mironians\/#article","isPartOf":{"@id":"https:\/\/mont-roig.cat\/es\/actualitat\/noticies\/comunicado-del-ajuntament-de-mont-roig-del-camp-sobre-los-denominados-ninots-mironians\/"},"author":{"name":"comunicacio","@id":"https:\/\/mont-roig.cat\/es\/#\/schema\/person\/1f73e7b5e6f9dd122e8a6f14f310ac5e"},"headline":"Comunicado del Ajuntament de Mont-roig del Camp sobre los denominados \u2018ninots mironians\u2019","datePublished":"2026-08-11T13:10:40+00:00","dateModified":"2026-08-11T13:25:45+00:00","mainEntityOfPage":{"@id":"https:\/\/mont-roig.cat\/es\/actualitat\/noticies\/comunicado-del-ajuntament-de-mont-roig-del-camp-sobre-los-denominados-ninots-mironians\/"},"wordCount":434,"image":{"@id":"https:\/\/mont-roig.cat\/es\/actualitat\/noticies\/comunicado-del-ajuntament-de-mont-roig-del-camp-sobre-los-denominados-ninots-mironians\/#primaryimage"},"thumbnailUrl":"https:\/\/mont-roig.cat\/wp-content\/uploads\/mont-roig_logotip_2tintes-1.jpg","articleSection":["Alcalde","Ayuntamiento","Cultura"],"inLanguage":"es"},{"@type":"WebPage","@id":"https:\/\/mont-roig.cat\/es\/actualitat\/noticies\/comunicado-del-ajuntament-de-mont-roig-del-camp-sobre-los-denominados-ninots-mironians\/","url":"https:\/\/mont-roig.cat\/es\/actualitat\/noticies\/comunicado-del-ajuntament-de-mont-roig-del-camp-sobre-los-denominados-ninots-mironians\/","name":"Comunicado del Ajuntament de Mont-roig del Camp sobre los denominados \u2018ninots mironians\u2019 - Ajuntament de Mont-roig del Camp","isPartOf":{"@id":"https:\/\/mont-roig.cat\/es\/#website"},"primaryImageOfPage":{"@id":"https:\/\/mont-roig.cat\/es\/actualitat\/noticies\/comunicado-del-ajuntament-de-mont-roig-del-camp-sobre-los-denominados-ninots-mironians\/#primaryimage"},"image":{"@id":"https:\/\/mont-roig.cat\/es\/actualitat\/noticies\/comunicado-del-ajuntament-de-mont-roig-del-camp-sobre-los-denominados-ninots-mironians\/#primaryimage"},"thumbnailUrl":"https:\/\/mont-roig.cat\/wp-content\/uploads\/mont-roig_logotip_2tintes-1.jpg","datePublished":"2026-08-11T13:10:40+00:00","dateModified":"2026-08-11T13:25:45+00:00","author":{"@id":"https:\/\/mont-roig.cat\/es\/#\/schema\/person\/1f73e7b5e6f9dd122e8a6f14f310ac5e"},"breadcrumb":{"@id":"https:\/\/mont-roig.cat\/es\/actualitat\/noticies\/comunicado-del-ajuntament-de-mont-roig-del-camp-sobre-los-denominados-ninots-mironians\/#breadcrumb"},"inLanguage":"es","potentialAction":[{"@type":"ReadAction","target":["https:\/\/mont-roig.cat\/es\/actualitat\/noticies\/comunicado-del-ajuntament-de-mont-roig-del-camp-sobre-los-denominados-ninots-mironians\/"]}]},{"@type":"ImageObject","inLanguage":"es","@id":"https:\/\/mont-roig.cat\/es\/actualitat\/noticies\/comunicado-del-ajuntament-de-mont-roig-del-camp-sobre-los-denominados-ninots-mironians\/#primaryimage","url":"https:\/\/mont-roig.cat\/wp-content\/uploads\/mont-roig_logotip_2tintes-1.jpg","contentUrl":"https:\/\/mont-roig.cat\/wp-content\/uploads\/mont-roig_logotip_2tintes-1.jpg","width":1134,"height":806},{"@type":"BreadcrumbList","@id":"https:\/\/mont-roig.cat\/es\/actualitat\/noticies\/comunicado-del-ajuntament-de-mont-roig-del-camp-sobre-los-denominados-ninots-mironians\/#breadcrumb","itemListElement":[{"@type":"ListItem","position":1,"name":"Inici","item":"https:\/\/mont-roig.cat\/es\/pagina-de-inicio\/"},{"@type":"ListItem","position":2,"name":"Comunicado del Ajuntament de Mont-roig del Camp sobre los denominados \u2018ninots mironians\u2019"}]},{"@type":"WebSite","@id":"https:\/\/mont-roig.cat\/es\/#website","url":"https:\/\/mont-roig.cat\/es\/","name":"Ajuntament de Mont-roig del Camp","description":"Tota la informaci\u00f3 sobre la instituci\u00f3, els seus \u00f2rgans de govern, actualitat, serveis i molt m\u00e9s.","potentialAction":[{"@type":"SearchAction","target":{"@type":"EntryPoint","urlTemplate":"https:\/\/mont-roig.cat\/es\/?s={search_term_string}"},"query-input":{"@type":"PropertyValueSpecification","valueRequired":true,"valueName":"search_term_string"}}],"inLanguage":"es"},{"@type":"Person","@id":"https:\/\/mont-roig.cat\/es\/#\/schema\/person\/1f73e7b5e6f9dd122e8a6f14f310ac5e","name":"comunicacio","image":{"@type":"ImageObject","inLanguage":"es","@id":"https:\/\/secure.gravatar.com\/avatar\/98944333e7a877670a64f8d10f0cb680ab2c9ebc4efc43945ef004b52b5ad28c?s=96&d=mm&r=g","url":"https:\/\/secure.gravatar.com\/avatar\/98944333e7a877670a64f8d10f0cb680ab2c9ebc4efc43945ef004b52b5ad28c?s=96&d=mm&r=g","contentUrl":"https:\/\/secure.gravatar.com\/avatar\/98944333e7a877670a64f8d10f0cb680ab2c9ebc4efc43945ef004b52b5ad28c?s=96&d=mm&r=g","caption":"comunicacio"},"url":"https:\/\/mont-roig.cat\/es\/actualitat\/noticies\/author\/comunicacio\/"}]}},"_links":{"self":[{"href":"https:\/\/mont-roig.cat\/es\/wp-json\/wp\/v2\/posts\/94592","targetHints":{"allow":["GET"]}}],"collection":[{"href":"https:\/\/mont-roig.cat\/es\/wp-json\/wp\/v2\/posts"}],"about":[{"href":"https:\/\/mont-roig.cat\/es\/wp-json\/wp\/v2\/types\/post"}],"author":[{"embeddable":true,"href":"https:\/\/mont-roig.cat\/es\/wp-json\/wp\/v2\/users\/13"}],"replies":[{"embeddable":true,"href":"https:\/\/mont-roig.cat\/es\/wp-json\/wp\/v2\/comments?post=94592"}],"version-history":[{"count":4,"href":"https:\/\/mont-roig.cat\/es\/wp-json\/wp\/v2\/posts\/94592\/revisions"}],"predecessor-version":[{"id":94596,"href":"https:\/\/mont-roig.cat\/es\/wp-json\/wp\/v2\/posts\/94592\/revisions\/94596"}],"wp:featuredmedia":[{"embeddable":true,"href":"https:\/\/mont-roig.cat\/es\/wp-json\/wp\/v2\/media\/79378"}],"wp:attachment":[{"href":"https:\/\/mont-roig.cat\/es\/wp-json\/wp\/v2\/media?parent=94592"}],"wp:term":[{"taxonomy":"category","embeddable":true,"href":"https:\/\/mont-roig.cat\/es\/wp-json\/wp\/v2\/categories?post=94592"},{"taxonomy":"post_tag","embeddable":true,"href":"https:\/\/mont-roig.cat\/es\/wp-json\/wp\/v2\/tags?post=94592"}],"curies":[{"name":"wp","href":"https:\/\/api.w.org\/{rel}","templated":true}]}}