{"id":94849,"date":"2026-08-31T10:34:32","date_gmt":"2026-08-31T08:34:32","guid":{"rendered":"https:\/\/mont-roig.cat\/actualitat\/noticies\/lend-summer-festival-savanca-al-cap-de-setmana-de-lonze-de-setembre-amb-tres-dies-de-musica-i-festa-a-miami-platja\/"},"modified":"2026-08-31T13:11:52","modified_gmt":"2026-08-31T11:11:52","slug":"el-end-summer-festival-se-adelanta-al-fin-de-semana-del-onze-de-setembre-con-tres-dias-de-musica-y-fiesta-en-miami-platja","status":"publish","type":"post","link":"https:\/\/mont-roig.cat\/es\/actualitat\/noticies\/el-end-summer-festival-se-adelanta-al-fin-de-semana-del-onze-de-setembre-con-tres-dias-de-musica-y-fiesta-en-miami-platja\/","title":{"rendered":"El End Summer Festival se adelanta al fin de semana del Onze de Setembre con tres d\u00edas de m\u00fasica y fiesta en Miami Platja"},"content":{"rendered":"<ul>\n<li><strong><a href=\"https:\/\/mont-roig.cat\/wp-content\/uploads\/cartell-end-summer-2026-scaled.jpg\" target=\"_blank\" rel=\"noopener\"><img loading=\"lazy\" decoding=\"async\" class=\"alignright wp-image-94842\" src=\"https:\/\/mont-roig.cat\/wp-content\/uploads\/cartell-end-summer-2026-355x500.jpg\" alt=\"\" width=\"249\" height=\"351\" srcset=\"https:\/\/mont-roig.cat\/wp-content\/uploads\/cartell-end-summer-2026-355x500.jpg 355w, https:\/\/mont-roig.cat\/wp-content\/uploads\/cartell-end-summer-2026-726x1024.jpg 726w, https:\/\/mont-roig.cat\/wp-content\/uploads\/cartell-end-summer-2026-768x1083.jpg 768w, https:\/\/mont-roig.cat\/wp-content\/uploads\/cartell-end-summer-2026-1089x1536.jpg 1089w, https:\/\/mont-roig.cat\/wp-content\/uploads\/cartell-end-summer-2026-scaled.jpg 1453w\" sizes=\"auto, (max-width: 249px) 100vw, 249px\" \/><\/a>Estopaos, La Divand, D-Covers y los DJ G-Monty, Mina Ritz y Serez encabezan la programaci\u00f3n de la quinta edici\u00f3n que servir\u00e1 para poner punto final a la temporada tur\u00edstica estival<\/strong><\/li>\n<\/ul>\n<p class=\"isSelectedEnd\">Miami Platja se prepara para despedir el verano con una nueva edici\u00f3n del End Summer Festival, que este a\u00f1o llega a su quinta edici\u00f3n y lo hace con una novedad destacada: el festival se adelanta al fin de semana del 11 de septiembre. La cita se celebrar\u00e1 del 11 al 13 de septiembre de 2026 y mantendr\u00e1 su apuesta por la m\u00fasica en directo, la gastronom\u00eda, las actividades familiares y el ambiente festivo junto al Mediterr\u00e1neo.<\/p>\n<p class=\"isSelectedEnd\">La programaci\u00f3n musical arrancar\u00e1 el viernes 11 de septiembre con Estopaos, que actuar\u00e1 a las 22 h con un espect\u00e1culo de homenaje a Estopa, combinando rumba, rock y los grandes \u00e9xitos del d\u00fao. La noche continuar\u00e1 a medianoche con DJ G-Monty. El s\u00e1bado 12 ser\u00e1 el turno de La Divand, a las 22 h, con un directo festivo que combinar\u00e1 \u00e9xitos actuales y cl\u00e1sicos y una puesta en escena cargada de energ\u00eda. A partir de la medianoche, DJ Mina Ritz, considerada una de las DJ revelaci\u00f3n del panorama catal\u00e1n. La noche se cerrar\u00e1 a las 2 h con DJ Serez, que ofrecer\u00e1 una sesi\u00f3n de \u00e9xitos del momento.<\/p>\n<p class=\"isSelectedEnd\">La programaci\u00f3n musical se completar\u00e1 el domingo 13 de septiembre, a las 20.30 h, con D-Covers. La formaci\u00f3n, con m\u00e1s de quince a\u00f1os de trayectoria, presentar\u00e1 un repertorio con grandes \u00e9xitos del pop y el rock en catal\u00e1n, castellano e ingl\u00e9s. Adem\u00e1s de las actuaciones del escenario principal, durante todo el fin de semana el festival contar\u00e1 con Lola Van y el DJ Truck, ampliando la oferta musical y el ambiente festivo del recinto.<\/p>\n<p><strong>Gastronom\u00eda y actividades familiares<\/strong><\/p>\n<p class=\"isSelectedEnd\">El End Summer Festival completar\u00e1 la propuesta musical con una amplia oferta de ocio. Durante los tres d\u00edas habr\u00e1 food trucks y gastronom\u00eda, mercadillo de artesan\u00eda, actividades familiares y diferentes propuestas de entretenimiento, en un espacio al aire libre y junto al Mediterr\u00e1neo.<\/p>\n<p class=\"isSelectedEnd\">El mercadillo de artesan\u00eda reunir\u00e1 a diferentes creadores y peque\u00f1os negocios con propuestas de bisuter\u00eda, decoraci\u00f3n, complementos, costura creativa y otros productos artesanales. La oferta gastron\u00f3mica, por su parte, incluir\u00e1 diferentes food trucks con opciones para todos los gustos.<\/p>\n<p class=\"isSelectedEnd\">La entrada al festival es gratuita y las actividades se desarrollar\u00e1n en el entorno de los Bosquets de Llastres y la playa de la Punta del Riu, en Miami Platja.<\/p>\n<p>El programa completo del End Summer Fest se puede descargar <a href=\"https:\/\/mont-roig.cat\/wp-content\/uploads\/programa-end-summer-festival-2026-miami-platja-cat-1.pdf\" target=\"_blank\" rel=\"noopener\">en este pdf. <\/a><\/p>\n","protected":false},"excerpt":{"rendered":"<p>Estopaos, La Divand, D-Covers y los DJ G-Monty, Mina Ritz y Serez encabezan la programaci\u00f3n de la quinta edici\u00f3n que servir\u00e1 para poner punto final a la temporada tur\u00edstica estival Miami Platja se prepara para despedir el verano con una nueva edici\u00f3n del End Summer Festival, que este a\u00f1o llega a su quinta edici\u00f3n y [&hellip;]<\/p>\n","protected":false},"author":13,"featured_media":94847,"comment_status":"closed","ping_status":"closed","sticky":false,"template":"","format":"standard","meta":{"inline_featured_image":false,"_monsterinsights_skip_tracking":false,"footnotes":""},"categories":[98,115],"tags":[],"class_list":["post-94849","post","type-post","status-publish","format-standard","has-post-thumbnail","hentry","category-ayuntamiento","category-turismo"],"yoast_head":"<!-- This site is optimized with the Yoast SEO plugin v28.2 - https:\/\/yoast.com\/product\/yoast-seo-wordpress\/ -->\n<title>El End Summer Festival se adelanta al fin de semana del Onze de Setembre con tres d\u00edas de m\u00fasica y fiesta en Miami Platja - Ajuntament de Mont-roig del Camp<\/title>\n<meta name=\"robots\" content=\"index, follow, max-snippet:-1, max-image-preview:large, max-video-preview:-1\" \/>\n<link rel=\"canonical\" href=\"https:\/\/mont-roig.cat\/es\/actualitat\/noticies\/el-end-summer-festival-se-adelanta-al-fin-de-semana-del-onze-de-setembre-con-tres-dias-de-musica-y-fiesta-en-miami-platja\/\" \/>\n<meta property=\"og:locale\" content=\"es_ES\" \/>\n<meta property=\"og:type\" content=\"article\" \/>\n<meta property=\"og:title\" content=\"El End Summer Festival se adelanta al fin de semana del Onze de Setembre con tres d\u00edas de m\u00fasica y fiesta en Miami Platja - Ajuntament de Mont-roig del Camp\" \/>\n<meta property=\"og:description\" content=\"Estopaos, La Divand, D-Covers y los DJ G-Monty, Mina Ritz y Serez encabezan la programaci\u00f3n de la quinta edici\u00f3n que servir\u00e1 para poner punto final a la temporada tur\u00edstica estival Miami Platja se prepara para despedir el verano con una nueva edici\u00f3n del End Summer Festival, que este a\u00f1o llega a su quinta edici\u00f3n y [&hellip;]\" \/>\n<meta property=\"og:url\" content=\"https:\/\/mont-roig.cat\/es\/actualitat\/noticies\/el-end-summer-festival-se-adelanta-al-fin-de-semana-del-onze-de-setembre-con-tres-dias-de-musica-y-fiesta-en-miami-platja\/\" \/>\n<meta property=\"og:site_name\" content=\"Ajuntament de Mont-roig del Camp\" \/>\n<meta property=\"article:published_time\" content=\"2026-08-31T08:34:32+00:00\" \/>\n<meta property=\"article:modified_time\" content=\"2026-08-31T11:11:52+00:00\" \/>\n<meta property=\"og:image\" content=\"https:\/\/mont-roig.cat\/wp-content\/uploads\/cartell-end-summer-2026-scaled.jpg\" \/>\n\t<meta property=\"og:image:width\" content=\"1453\" \/>\n\t<meta property=\"og:image:height\" content=\"2048\" \/>\n\t<meta property=\"og:image:type\" content=\"image\/jpeg\" \/>\n<meta name=\"author\" content=\"comunicacio\" \/>\n<meta name=\"twitter:card\" content=\"summary_large_image\" \/>\n<meta name=\"twitter:label1\" content=\"Escrito por\" \/>\n\t<meta name=\"twitter:data1\" content=\"comunicacio\" \/>\n\t<meta name=\"twitter:label2\" content=\"Tiempo de lectura\" \/>\n\t<meta name=\"twitter:data2\" content=\"3 minutos\" \/>\n<script type=\"application\/ld+json\" class=\"yoast-schema-graph\">{\"@context\":\"https:\\\/\\\/schema.org\",\"@graph\":[{\"@type\":\"Article\",\"@id\":\"https:\\\/\\\/mont-roig.cat\\\/es\\\/actualitat\\\/noticies\\\/el-end-summer-festival-se-adelanta-al-fin-de-semana-del-onze-de-setembre-con-tres-dias-de-musica-y-fiesta-en-miami-platja\\\/#article\",\"isPartOf\":{\"@id\":\"https:\\\/\\\/mont-roig.cat\\\/es\\\/actualitat\\\/noticies\\\/el-end-summer-festival-se-adelanta-al-fin-de-semana-del-onze-de-setembre-con-tres-dias-de-musica-y-fiesta-en-miami-platja\\\/\"},\"author\":{\"name\":\"comunicacio\",\"@id\":\"https:\\\/\\\/mont-roig.cat\\\/es\\\/#\\\/schema\\\/person\\\/1f73e7b5e6f9dd122e8a6f14f310ac5e\"},\"headline\":\"El End Summer Festival se adelanta al fin de semana del Onze de Setembre con tres d\u00edas de m\u00fasica y fiesta en Miami Platja\",\"datePublished\":\"2026-08-31T08:34:32+00:00\",\"dateModified\":\"2026-08-31T11:11:52+00:00\",\"mainEntityOfPage\":{\"@id\":\"https:\\\/\\\/mont-roig.cat\\\/es\\\/actualitat\\\/noticies\\\/el-end-summer-festival-se-adelanta-al-fin-de-semana-del-onze-de-setembre-con-tres-dias-de-musica-y-fiesta-en-miami-platja\\\/\"},\"wordCount\":468,\"image\":{\"@id\":\"https:\\\/\\\/mont-roig.cat\\\/es\\\/actualitat\\\/noticies\\\/el-end-summer-festival-se-adelanta-al-fin-de-semana-del-onze-de-setembre-con-tres-dias-de-musica-y-fiesta-en-miami-platja\\\/#primaryimage\"},\"thumbnailUrl\":\"https:\\\/\\\/mont-roig.cat\\\/wp-content\\\/uploads\\\/cartell-end-summer-2026-scaled.jpg\",\"articleSection\":[\"Ayuntamiento\",\"Turismo\"],\"inLanguage\":\"es\"},{\"@type\":\"WebPage\",\"@id\":\"https:\\\/\\\/mont-roig.cat\\\/es\\\/actualitat\\\/noticies\\\/el-end-summer-festival-se-adelanta-al-fin-de-semana-del-onze-de-setembre-con-tres-dias-de-musica-y-fiesta-en-miami-platja\\\/\",\"url\":\"https:\\\/\\\/mont-roig.cat\\\/es\\\/actualitat\\\/noticies\\\/el-end-summer-festival-se-adelanta-al-fin-de-semana-del-onze-de-setembre-con-tres-dias-de-musica-y-fiesta-en-miami-platja\\\/\",\"name\":\"El End Summer Festival se adelanta al fin de semana del Onze de Setembre con tres d\u00edas de m\u00fasica y fiesta en Miami Platja - Ajuntament de Mont-roig del Camp\",\"isPartOf\":{\"@id\":\"https:\\\/\\\/mont-roig.cat\\\/es\\\/#website\"},\"primaryImageOfPage\":{\"@id\":\"https:\\\/\\\/mont-roig.cat\\\/es\\\/actualitat\\\/noticies\\\/el-end-summer-festival-se-adelanta-al-fin-de-semana-del-onze-de-setembre-con-tres-dias-de-musica-y-fiesta-en-miami-platja\\\/#primaryimage\"},\"image\":{\"@id\":\"https:\\\/\\\/mont-roig.cat\\\/es\\\/actualitat\\\/noticies\\\/el-end-summer-festival-se-adelanta-al-fin-de-semana-del-onze-de-setembre-con-tres-dias-de-musica-y-fiesta-en-miami-platja\\\/#primaryimage\"},\"thumbnailUrl\":\"https:\\\/\\\/mont-roig.cat\\\/wp-content\\\/uploads\\\/cartell-end-summer-2026-scaled.jpg\",\"datePublished\":\"2026-08-31T08:34:32+00:00\",\"dateModified\":\"2026-08-31T11:11:52+00:00\",\"author\":{\"@id\":\"https:\\\/\\\/mont-roig.cat\\\/es\\\/#\\\/schema\\\/person\\\/1f73e7b5e6f9dd122e8a6f14f310ac5e\"},\"breadcrumb\":{\"@id\":\"https:\\\/\\\/mont-roig.cat\\\/es\\\/actualitat\\\/noticies\\\/el-end-summer-festival-se-adelanta-al-fin-de-semana-del-onze-de-setembre-con-tres-dias-de-musica-y-fiesta-en-miami-platja\\\/#breadcrumb\"},\"inLanguage\":\"es\",\"potentialAction\":[{\"@type\":\"ReadAction\",\"target\":[\"https:\\\/\\\/mont-roig.cat\\\/es\\\/actualitat\\\/noticies\\\/el-end-summer-festival-se-adelanta-al-fin-de-semana-del-onze-de-setembre-con-tres-dias-de-musica-y-fiesta-en-miami-platja\\\/\"]}]},{\"@type\":\"ImageObject\",\"inLanguage\":\"es\",\"@id\":\"https:\\\/\\\/mont-roig.cat\\\/es\\\/actualitat\\\/noticies\\\/el-end-summer-festival-se-adelanta-al-fin-de-semana-del-onze-de-setembre-con-tres-dias-de-musica-y-fiesta-en-miami-platja\\\/#primaryimage\",\"url\":\"https:\\\/\\\/mont-roig.cat\\\/wp-content\\\/uploads\\\/cartell-end-summer-2026-scaled.jpg\",\"contentUrl\":\"https:\\\/\\\/mont-roig.cat\\\/wp-content\\\/uploads\\\/cartell-end-summer-2026-scaled.jpg\",\"width\":1453,\"height\":2048},{\"@type\":\"BreadcrumbList\",\"@id\":\"https:\\\/\\\/mont-roig.cat\\\/es\\\/actualitat\\\/noticies\\\/el-end-summer-festival-se-adelanta-al-fin-de-semana-del-onze-de-setembre-con-tres-dias-de-musica-y-fiesta-en-miami-platja\\\/#breadcrumb\",\"itemListElement\":[{\"@type\":\"ListItem\",\"position\":1,\"name\":\"Inici\",\"item\":\"https:\\\/\\\/mont-roig.cat\\\/es\\\/pagina-de-inicio\\\/\"},{\"@type\":\"ListItem\",\"position\":2,\"name\":\"El End Summer Festival se adelanta al fin de semana del Onze de Setembre con tres d\u00edas de m\u00fasica y fiesta en Miami Platja\"}]},{\"@type\":\"WebSite\",\"@id\":\"https:\\\/\\\/mont-roig.cat\\\/es\\\/#website\",\"url\":\"https:\\\/\\\/mont-roig.cat\\\/es\\\/\",\"name\":\"Ajuntament de Mont-roig del Camp\",\"description\":\"Tota la informaci\u00f3 sobre la instituci\u00f3, els seus \u00f2rgans de govern, actualitat, serveis i molt m\u00e9s.\",\"potentialAction\":[{\"@type\":\"SearchAction\",\"target\":{\"@type\":\"EntryPoint\",\"urlTemplate\":\"https:\\\/\\\/mont-roig.cat\\\/es\\\/?s={search_term_string}\"},\"query-input\":{\"@type\":\"PropertyValueSpecification\",\"valueRequired\":true,\"valueName\":\"search_term_string\"}}],\"inLanguage\":\"es\"},{\"@type\":\"Person\",\"@id\":\"https:\\\/\\\/mont-roig.cat\\\/es\\\/#\\\/schema\\\/person\\\/1f73e7b5e6f9dd122e8a6f14f310ac5e\",\"name\":\"comunicacio\",\"image\":{\"@type\":\"ImageObject\",\"inLanguage\":\"es\",\"@id\":\"https:\\\/\\\/secure.gravatar.com\\\/avatar\\\/98944333e7a877670a64f8d10f0cb680ab2c9ebc4efc43945ef004b52b5ad28c?s=96&d=mm&r=g\",\"url\":\"https:\\\/\\\/secure.gravatar.com\\\/avatar\\\/98944333e7a877670a64f8d10f0cb680ab2c9ebc4efc43945ef004b52b5ad28c?s=96&d=mm&r=g\",\"contentUrl\":\"https:\\\/\\\/secure.gravatar.com\\\/avatar\\\/98944333e7a877670a64f8d10f0cb680ab2c9ebc4efc43945ef004b52b5ad28c?s=96&d=mm&r=g\",\"caption\":\"comunicacio\"},\"url\":\"https:\\\/\\\/mont-roig.cat\\\/es\\\/actualitat\\\/noticies\\\/author\\\/comunicacio\\\/\"}]}<\/script>\n<!-- \/ Yoast SEO plugin. -->","yoast_head_json":{"title":"El End Summer Festival se adelanta al fin de semana del Onze de Setembre con tres d\u00edas de m\u00fasica y fiesta en Miami Platja - Ajuntament de Mont-roig del Camp","robots":{"index":"index","follow":"follow","max-snippet":"max-snippet:-1","max-image-preview":"max-image-preview:large","max-video-preview":"max-video-preview:-1"},"canonical":"https:\/\/mont-roig.cat\/es\/actualitat\/noticies\/el-end-summer-festival-se-adelanta-al-fin-de-semana-del-onze-de-setembre-con-tres-dias-de-musica-y-fiesta-en-miami-platja\/","og_locale":"es_ES","og_type":"article","og_title":"El End Summer Festival se adelanta al fin de semana del Onze de Setembre con tres d\u00edas de m\u00fasica y fiesta en Miami Platja - Ajuntament de Mont-roig del Camp","og_description":"Estopaos, La Divand, D-Covers y los DJ G-Monty, Mina Ritz y Serez encabezan la programaci\u00f3n de la quinta edici\u00f3n que servir\u00e1 para poner punto final a la temporada tur\u00edstica estival Miami Platja se prepara para despedir el verano con una nueva edici\u00f3n del End Summer Festival, que este a\u00f1o llega a su quinta edici\u00f3n y [&hellip;]","og_url":"https:\/\/mont-roig.cat\/es\/actualitat\/noticies\/el-end-summer-festival-se-adelanta-al-fin-de-semana-del-onze-de-setembre-con-tres-dias-de-musica-y-fiesta-en-miami-platja\/","og_site_name":"Ajuntament de Mont-roig del Camp","article_published_time":"2026-08-31T08:34:32+00:00","article_modified_time":"2026-08-31T11:11:52+00:00","og_image":[{"width":1453,"height":2048,"url":"https:\/\/mont-roig.cat\/wp-content\/uploads\/cartell-end-summer-2026-scaled.jpg","type":"image\/jpeg"}],"author":"comunicacio","twitter_card":"summary_large_image","twitter_misc":{"Escrito por":"comunicacio","Tiempo de lectura":"3 minutos"},"schema":{"@context":"https:\/\/schema.org","@graph":[{"@type":"Article","@id":"https:\/\/mont-roig.cat\/es\/actualitat\/noticies\/el-end-summer-festival-se-adelanta-al-fin-de-semana-del-onze-de-setembre-con-tres-dias-de-musica-y-fiesta-en-miami-platja\/#article","isPartOf":{"@id":"https:\/\/mont-roig.cat\/es\/actualitat\/noticies\/el-end-summer-festival-se-adelanta-al-fin-de-semana-del-onze-de-setembre-con-tres-dias-de-musica-y-fiesta-en-miami-platja\/"},"author":{"name":"comunicacio","@id":"https:\/\/mont-roig.cat\/es\/#\/schema\/person\/1f73e7b5e6f9dd122e8a6f14f310ac5e"},"headline":"El End Summer Festival se adelanta al fin de semana del Onze de Setembre con tres d\u00edas de m\u00fasica y fiesta en Miami Platja","datePublished":"2026-08-31T08:34:32+00:00","dateModified":"2026-08-31T11:11:52+00:00","mainEntityOfPage":{"@id":"https:\/\/mont-roig.cat\/es\/actualitat\/noticies\/el-end-summer-festival-se-adelanta-al-fin-de-semana-del-onze-de-setembre-con-tres-dias-de-musica-y-fiesta-en-miami-platja\/"},"wordCount":468,"image":{"@id":"https:\/\/mont-roig.cat\/es\/actualitat\/noticies\/el-end-summer-festival-se-adelanta-al-fin-de-semana-del-onze-de-setembre-con-tres-dias-de-musica-y-fiesta-en-miami-platja\/#primaryimage"},"thumbnailUrl":"https:\/\/mont-roig.cat\/wp-content\/uploads\/cartell-end-summer-2026-scaled.jpg","articleSection":["Ayuntamiento","Turismo"],"inLanguage":"es"},{"@type":"WebPage","@id":"https:\/\/mont-roig.cat\/es\/actualitat\/noticies\/el-end-summer-festival-se-adelanta-al-fin-de-semana-del-onze-de-setembre-con-tres-dias-de-musica-y-fiesta-en-miami-platja\/","url":"https:\/\/mont-roig.cat\/es\/actualitat\/noticies\/el-end-summer-festival-se-adelanta-al-fin-de-semana-del-onze-de-setembre-con-tres-dias-de-musica-y-fiesta-en-miami-platja\/","name":"El End Summer Festival se adelanta al fin de semana del Onze de Setembre con tres d\u00edas de m\u00fasica y fiesta en Miami Platja - Ajuntament de Mont-roig del Camp","isPartOf":{"@id":"https:\/\/mont-roig.cat\/es\/#website"},"primaryImageOfPage":{"@id":"https:\/\/mont-roig.cat\/es\/actualitat\/noticies\/el-end-summer-festival-se-adelanta-al-fin-de-semana-del-onze-de-setembre-con-tres-dias-de-musica-y-fiesta-en-miami-platja\/#primaryimage"},"image":{"@id":"https:\/\/mont-roig.cat\/es\/actualitat\/noticies\/el-end-summer-festival-se-adelanta-al-fin-de-semana-del-onze-de-setembre-con-tres-dias-de-musica-y-fiesta-en-miami-platja\/#primaryimage"},"thumbnailUrl":"https:\/\/mont-roig.cat\/wp-content\/uploads\/cartell-end-summer-2026-scaled.jpg","datePublished":"2026-08-31T08:34:32+00:00","dateModified":"2026-08-31T11:11:52+00:00","author":{"@id":"https:\/\/mont-roig.cat\/es\/#\/schema\/person\/1f73e7b5e6f9dd122e8a6f14f310ac5e"},"breadcrumb":{"@id":"https:\/\/mont-roig.cat\/es\/actualitat\/noticies\/el-end-summer-festival-se-adelanta-al-fin-de-semana-del-onze-de-setembre-con-tres-dias-de-musica-y-fiesta-en-miami-platja\/#breadcrumb"},"inLanguage":"es","potentialAction":[{"@type":"ReadAction","target":["https:\/\/mont-roig.cat\/es\/actualitat\/noticies\/el-end-summer-festival-se-adelanta-al-fin-de-semana-del-onze-de-setembre-con-tres-dias-de-musica-y-fiesta-en-miami-platja\/"]}]},{"@type":"ImageObject","inLanguage":"es","@id":"https:\/\/mont-roig.cat\/es\/actualitat\/noticies\/el-end-summer-festival-se-adelanta-al-fin-de-semana-del-onze-de-setembre-con-tres-dias-de-musica-y-fiesta-en-miami-platja\/#primaryimage","url":"https:\/\/mont-roig.cat\/wp-content\/uploads\/cartell-end-summer-2026-scaled.jpg","contentUrl":"https:\/\/mont-roig.cat\/wp-content\/uploads\/cartell-end-summer-2026-scaled.jpg","width":1453,"height":2048},{"@type":"BreadcrumbList","@id":"https:\/\/mont-roig.cat\/es\/actualitat\/noticies\/el-end-summer-festival-se-adelanta-al-fin-de-semana-del-onze-de-setembre-con-tres-dias-de-musica-y-fiesta-en-miami-platja\/#breadcrumb","itemListElement":[{"@type":"ListItem","position":1,"name":"Inici","item":"https:\/\/mont-roig.cat\/es\/pagina-de-inicio\/"},{"@type":"ListItem","position":2,"name":"El End Summer Festival se adelanta al fin de semana del Onze de Setembre con tres d\u00edas de m\u00fasica y fiesta en Miami Platja"}]},{"@type":"WebSite","@id":"https:\/\/mont-roig.cat\/es\/#website","url":"https:\/\/mont-roig.cat\/es\/","name":"Ajuntament de Mont-roig del Camp","description":"Tota la informaci\u00f3 sobre la instituci\u00f3, els seus \u00f2rgans de govern, actualitat, serveis i molt m\u00e9s.","potentialAction":[{"@type":"SearchAction","target":{"@type":"EntryPoint","urlTemplate":"https:\/\/mont-roig.cat\/es\/?s={search_term_string}"},"query-input":{"@type":"PropertyValueSpecification","valueRequired":true,"valueName":"search_term_string"}}],"inLanguage":"es"},{"@type":"Person","@id":"https:\/\/mont-roig.cat\/es\/#\/schema\/person\/1f73e7b5e6f9dd122e8a6f14f310ac5e","name":"comunicacio","image":{"@type":"ImageObject","inLanguage":"es","@id":"https:\/\/secure.gravatar.com\/avatar\/98944333e7a877670a64f8d10f0cb680ab2c9ebc4efc43945ef004b52b5ad28c?s=96&d=mm&r=g","url":"https:\/\/secure.gravatar.com\/avatar\/98944333e7a877670a64f8d10f0cb680ab2c9ebc4efc43945ef004b52b5ad28c?s=96&d=mm&r=g","contentUrl":"https:\/\/secure.gravatar.com\/avatar\/98944333e7a877670a64f8d10f0cb680ab2c9ebc4efc43945ef004b52b5ad28c?s=96&d=mm&r=g","caption":"comunicacio"},"url":"https:\/\/mont-roig.cat\/es\/actualitat\/noticies\/author\/comunicacio\/"}]}},"_links":{"self":[{"href":"https:\/\/mont-roig.cat\/es\/wp-json\/wp\/v2\/posts\/94849","targetHints":{"allow":["GET"]}}],"collection":[{"href":"https:\/\/mont-roig.cat\/es\/wp-json\/wp\/v2\/posts"}],"about":[{"href":"https:\/\/mont-roig.cat\/es\/wp-json\/wp\/v2\/types\/post"}],"author":[{"embeddable":true,"href":"https:\/\/mont-roig.cat\/es\/wp-json\/wp\/v2\/users\/13"}],"replies":[{"embeddable":true,"href":"https:\/\/mont-roig.cat\/es\/wp-json\/wp\/v2\/comments?post=94849"}],"version-history":[{"count":3,"href":"https:\/\/mont-roig.cat\/es\/wp-json\/wp\/v2\/posts\/94849\/revisions"}],"predecessor-version":[{"id":94861,"href":"https:\/\/mont-roig.cat\/es\/wp-json\/wp\/v2\/posts\/94849\/revisions\/94861"}],"wp:featuredmedia":[{"embeddable":true,"href":"https:\/\/mont-roig.cat\/es\/wp-json\/wp\/v2\/media\/94847"}],"wp:attachment":[{"href":"https:\/\/mont-roig.cat\/es\/wp-json\/wp\/v2\/media?parent=94849"}],"wp:term":[{"taxonomy":"category","embeddable":true,"href":"https:\/\/mont-roig.cat\/es\/wp-json\/wp\/v2\/categories?post=94849"},{"taxonomy":"post_tag","embeddable":true,"href":"https:\/\/mont-roig.cat\/es\/wp-json\/wp\/v2\/tags?post=94849"}],"curies":[{"name":"wp","href":"https:\/\/api.w.org\/{rel}","templated":true}]}}