{"id":94905,"date":"2026-08-31T13:35:53","date_gmt":"2026-08-31T11:35:53","guid":{"rendered":"https:\/\/mont-roig.cat\/actualitat\/noticies\/el-cicle-sons-de-nit-es-consolida-amb-una-gran-resposta-del-public-en-una-edicio-marcada-per-la-qualitat-i-la-descentralitzacio\/"},"modified":"2026-08-31T14:28:48","modified_gmt":"2026-08-31T12:28:48","slug":"sons-de-nit-se-consolida-con-una-gran-respuesta-del-publico-en-una-edicion-marcada-por-la-calidad-y-la-descentralizacion","status":"publish","type":"post","link":"https:\/\/mont-roig.cat\/es\/actualitat\/noticies\/sons-de-nit-se-consolida-con-una-gran-respuesta-del-publico-en-una-edicion-marcada-por-la-calidad-y-la-descentralizacion\/","title":{"rendered":"El ciclo Sons de Nit se consolida con una gran respuesta del p\u00fablico en una edici\u00f3n marcada por la calidad y la descentralizaci\u00f3n"},"content":{"rendered":"<p><strong><strong><a href=\"https:\/\/mont-roig.cat\/wp-content\/uploads\/guix9-scaled.jpeg\" target=\"_blank\" rel=\"noopener\"><img loading=\"lazy\" decoding=\"async\" class=\"alignright wp-image-94879\" src=\"https:\/\/mont-roig.cat\/wp-content\/uploads\/guix9-500x375.jpeg\" alt=\"\" width=\"301\" height=\"226\" srcset=\"https:\/\/mont-roig.cat\/wp-content\/uploads\/guix9-500x375.jpeg 500w, https:\/\/mont-roig.cat\/wp-content\/uploads\/guix9-1024x768.jpeg 1024w, https:\/\/mont-roig.cat\/wp-content\/uploads\/guix9-768x576.jpeg 768w, https:\/\/mont-roig.cat\/wp-content\/uploads\/guix9-1536x1152.jpeg 1536w, https:\/\/mont-roig.cat\/wp-content\/uploads\/guix9-scaled.jpeg 2048w, https:\/\/mont-roig.cat\/wp-content\/uploads\/guix9-463x348.jpeg 463w\" sizes=\"auto, (max-width: 301px) 100vw, 301px\" \/><\/a><\/strong><\/strong><\/p>\n<ul>\n<li><strong>El concierto de Manu Guix, con 500 asistentes, y las actuaciones de Gospel Gloria, Contra Viento y Madera y la Uni\u00f3 Filharm\u00f2nica d\u2019Amposta, entre los momentos m\u00e1s destacados de un ciclo que mantendr\u00e1 la misma f\u00f3rmula el pr\u00f3ximo a\u00f1o con el objetivo de incorporar artistas de mayor renombre<\/strong><\/li>\n<\/ul>\n<p class=\"isSelectedEnd\">El ciclo cultural Sons de Nit ha cerrado este fin de semana su edici\u00f3n 2026 con una valoraci\u00f3n muy positiva por parte de la Regidoria de Cultura del Ajuntament de Mont-roig del Camp. El ciclo se consolida definitivamente como una de las propuestas culturales de referencia del verano en el municipio, con una programaci\u00f3n diversa y de calidad distribuida entre diferentes espacios de Mont-roig del Camp y Miami Platja.<\/p>\n<p class=\"isSelectedEnd\">Uno de los momentos m\u00e1s destacados de esta edici\u00f3n ha sido el concierto de Manu Guix, que reuni\u00f3 el s\u00e1bado a unas 500 personas en la plaza Moss\u00e8n Gaiet\u00e0 Ivern, donde se ocuparon todas las sillas disponibles. La actuaci\u00f3n, en formato ac\u00fastico, tuvo una excelente acogida entre el p\u00fablico y confirm\u00f3 la apuesta del ciclo por incorporar artistas de reconocido prestigio.<\/p>\n<p class=\"isSelectedEnd\">Tambi\u00e9n ha sido especialmente positiva la respuesta del p\u00fablico al resto de propuestas musicales. El concierto del Cor Gospel Gloria, celebrado en la P\u00e8rgola de la Platja Cristall, tuvo una gran acogida, al igual que la propuesta de flamenco y jazz de Contra Viento y Madera, que llev\u00f3 a Miami Platja su particular combinaci\u00f3n de m\u00fasica, improvisaci\u00f3n y danza.<\/p>\n<p class=\"isSelectedEnd\">La Banda de M\u00fasica de la Uni\u00f3 Filharm\u00f2nica d\u2019Amposta tambi\u00e9n dej\u00f3 una muy buena impresi\u00f3n durante su actuaci\u00f3n en el casco antiguo de Mont-roig del Camp. El pasacalles y el posterior concierto de bandas sonoras permitieron disfrutar de una propuesta musical de gran formato en uno de los espacios m\u00e1s emblem\u00e1ticos del municipio.<\/p>\n<p class=\"isSelectedEnd\">Tambi\u00e9n cabe destacar la buena acogida de la propuesta Divendres DiVins, celebrada en la Ermita de la Mare de D\u00e9u de la Roca. La velada combin\u00f3 patrimonio, con una visita guiada a cargo de Eduard Boada, naturaleza, una cata de vinos de la DO Catalunya y el espect\u00e1culo de magia de Vicen\u00e7 G\u00f3mez. Todo ello tuvo lugar en un entorno \u00fanico que contribuy\u00f3 a crear una atm\u00f3sfera especialmente atractiva.<\/p>\n<p class=\"isSelectedEnd\">Esta edici\u00f3n ha mantenido la f\u00f3rmula iniciada el a\u00f1o pasado, con una programaci\u00f3n descentralizada en cuatro escenarios \u2014la Ermita de la Mare de D\u00e9u de la Roca, el Mas Mir\u00f3, la P\u00e8rgola de la Platja Cristall y la plaza Moss\u00e8n Gaiet\u00e0 Ivern\u2014. De este modo, el ciclo combina patrimonio, paisaje y cultura y acerca las actividades a diferentes puntos de Mont-roig del Camp y Miami Platja.<\/p>\n<p class=\"isSelectedEnd\">Desde la Regidoria de Cultura se hace una valoraci\u00f3n muy satisfactoria de esta edici\u00f3n y se destaca que &#8220;Sons de Nit es ya un ciclo plenamente consolidado, con una f\u00f3rmula que funciona y que permite llevar cultura de calidad a diferentes espacios del municipio\u201d.<\/p>\n<p>En este sentido, el Ajuntament apuesta por dar continuidad al mismo modelo el pr\u00f3ximo a\u00f1o, manteniendo la descentralizaci\u00f3n de la programaci\u00f3n y trabajando para incorporar artistas y propuestas de mayor renombre y proyecci\u00f3n.<\/p>\n\n\t\t<!-- MasterSlider -->\n\t\t<div id=\"P_MS6a9b24e38e48d\" class=\"master-slider-parent master-slider-gallery   ms-parent-id-0\"  >\n\n\t\t\t\n\t\t\t<!-- MasterSlider Main -->\n\t\t\t<div id=\"MS6a9b24e38e48d\" class=\"master-slider ms-skin-default\" >\n\t\t\t\t \t\t\t\t \n\t\t\t<div  class=\"ms-slide\" data-delay=\"3\"    >\n\t\t\t\t\t<img decoding=\"async\" src=\"https:\/\/mont-roig.cat\/wp-content\/plugins\/masterslider\/public\/assets\/css\/blank.gif\" alt=\"guix4\" title=\"guix4\" data-src=\"https:\/\/mont-roig.cat\/wp-content\/uploadsArray\" \/>\n\t<a href=\"http:\/\/Array\" target=\"_self\"    >guix4<\/a>\n\n\t\t\t\t\t<div class=\"ms-info\">guix4<\/div>\n\n\n\t<img decoding=\"async\" class=\"ms-thumb\" src=\"https:\/\/mont-roig.cat\/wp-content\/uploadsArray\" alt=\"guix4\" \/>\n\t\t\t\t<\/div>\n\t\t\t<div  class=\"ms-slide\" data-delay=\"3\"    >\n\t\t\t\t\t<img decoding=\"async\" src=\"https:\/\/mont-roig.cat\/wp-content\/plugins\/masterslider\/public\/assets\/css\/blank.gif\" alt=\"gospel-2\" title=\"gospel-2\" data-src=\"https:\/\/mont-roig.cat\/wp-content\/uploadsArray\" \/>\n\t<a href=\"http:\/\/Array\" target=\"_self\"    >gospel-2<\/a>\n\n\t\t\t\t\t<div class=\"ms-info\">gospel-2<\/div>\n\n\n\t<img decoding=\"async\" class=\"ms-thumb\" src=\"https:\/\/mont-roig.cat\/wp-content\/uploadsArray\" alt=\"gospel-2\" \/>\n\t\t\t\t<\/div>\n\t\t\t<div  class=\"ms-slide\" data-delay=\"3\"    >\n\t\t\t\t\t<img decoding=\"async\" src=\"https:\/\/mont-roig.cat\/wp-content\/plugins\/masterslider\/public\/assets\/css\/blank.gif\" alt=\"petit-sons-de-nit\" title=\"petit-sons-de-nit\" data-src=\"https:\/\/mont-roig.cat\/wp-content\/uploadsArray\" \/>\n\t<a href=\"http:\/\/Array\" target=\"_self\"    >petit-sons-de-nit<\/a>\n\n\t\t\t\t\t<div class=\"ms-info\">petit-sons-de-nit<\/div>\n\n\n\t<img decoding=\"async\" class=\"ms-thumb\" src=\"https:\/\/mont-roig.cat\/wp-content\/uploadsArray\" alt=\"petit-sons-de-nit\" \/>\n\t\t\t\t<\/div>\n\t\t\t<div  class=\"ms-slide\" data-delay=\"3\"    >\n\t\t\t\t\t<img decoding=\"async\" src=\"https:\/\/mont-roig.cat\/wp-content\/plugins\/masterslider\/public\/assets\/css\/blank.gif\" alt=\"petit-sons2\" title=\"petit-sons2\" data-src=\"https:\/\/mont-roig.cat\/wp-content\/uploadsArray\" \/>\n\t<a href=\"http:\/\/Array\" target=\"_self\"    >petit-sons2<\/a>\n\n\t\t\t\t\t<div class=\"ms-info\">petit-sons2<\/div>\n\n\n\t<img decoding=\"async\" class=\"ms-thumb\" src=\"https:\/\/mont-roig.cat\/wp-content\/uploadsArray\" alt=\"petit-sons2\" \/>\n\t\t\t\t<\/div>\n\t\t\t<div  class=\"ms-slide\" data-delay=\"3\"    >\n\t\t\t\t\t<img decoding=\"async\" src=\"https:\/\/mont-roig.cat\/wp-content\/plugins\/masterslider\/public\/assets\/css\/blank.gif\" alt=\"gospel1\" title=\"gospel1\" data-src=\"https:\/\/mont-roig.cat\/wp-content\/uploadsArray\" \/>\n\t<a href=\"http:\/\/Array\" target=\"_self\"    >gospel1<\/a>\n\n\t\t\t\t\t<div class=\"ms-info\">gospel1<\/div>\n\n\n\t<img decoding=\"async\" class=\"ms-thumb\" src=\"https:\/\/mont-roig.cat\/wp-content\/uploadsArray\" alt=\"gospel1\" \/>\n\t\t\t\t<\/div>\n\t\t\t<div  class=\"ms-slide\" data-delay=\"3\"    >\n\t\t\t\t\t<img decoding=\"async\" src=\"https:\/\/mont-roig.cat\/wp-content\/plugins\/masterslider\/public\/assets\/css\/blank.gif\" alt=\"735525329_1493179918703091_808240629965847780_n\" title=\"735525329_1493179918703091_808240629965847780_n\" data-src=\"https:\/\/mont-roig.cat\/wp-content\/uploadsArray\" \/>\n\t<a href=\"http:\/\/Array\" target=\"_self\"    >735525329_1493179918703091_808240629965847780_n<\/a>\n\n\t\t\t\t\t<div class=\"ms-info\">735525329_1493179918703091_808240629965847780_n<\/div>\n\n\n\t<img decoding=\"async\" class=\"ms-thumb\" src=\"https:\/\/mont-roig.cat\/wp-content\/uploadsArray\" alt=\"735525329_1493179918703091_808240629965847780_n\" \/>\n\t\t\t\t<\/div>\n\t\t\t<div  class=\"ms-slide\" data-delay=\"3\"    >\n\t\t\t\t\t<img decoding=\"async\" src=\"https:\/\/mont-roig.cat\/wp-content\/plugins\/masterslider\/public\/assets\/css\/blank.gif\" alt=\"guix\" title=\"guix\" data-src=\"https:\/\/mont-roig.cat\/wp-content\/uploadsArray\" \/>\n\t<a href=\"http:\/\/Array\" target=\"_self\"    >guix<\/a>\n\n\t\t\t\t\t<div class=\"ms-info\">guix<\/div>\n\n\n\t<img decoding=\"async\" class=\"ms-thumb\" src=\"https:\/\/mont-roig.cat\/wp-content\/uploadsArray\" alt=\"guix\" \/>\n\t\t\t\t<\/div>\n\t\t\t<div  class=\"ms-slide\" data-delay=\"3\"    >\n\t\t\t\t\t<img decoding=\"async\" src=\"https:\/\/mont-roig.cat\/wp-content\/plugins\/masterslider\/public\/assets\/css\/blank.gif\" alt=\"Pirates2\" title=\"Pirates2\" data-src=\"https:\/\/mont-roig.cat\/wp-content\/uploadsArray\" \/>\n\t<a href=\"http:\/\/Array\" target=\"_self\"    >Pirates2<\/a>\n\n\t\t\t\t\t<div class=\"ms-info\">Pirates2<\/div>\n\n\n\t<img decoding=\"async\" class=\"ms-thumb\" src=\"https:\/\/mont-roig.cat\/wp-content\/uploadsArray\" alt=\"Pirates2\" \/>\n\t\t\t\t<\/div>\n\t\t\t<div  class=\"ms-slide\" data-delay=\"3\"    >\n\t\t\t\t\t<img decoding=\"async\" src=\"https:\/\/mont-roig.cat\/wp-content\/plugins\/masterslider\/public\/assets\/css\/blank.gif\" alt=\"Divendres-Divins2\" title=\"Divendres-Divins2\" data-src=\"https:\/\/mont-roig.cat\/wp-content\/uploadsArray\" \/>\n\t<a href=\"http:\/\/Array\" target=\"_self\"    >Divendres-Divins2<\/a>\n\n\t\t\t\t\t<div class=\"ms-info\">Divendres-Divins2<\/div>\n\n\n\t<img decoding=\"async\" class=\"ms-thumb\" src=\"https:\/\/mont-roig.cat\/wp-content\/uploadsArray\" alt=\"Divendres-Divins2\" \/>\n\t\t\t\t<\/div>\n\t\t\t<div  class=\"ms-slide\" data-delay=\"3\"    >\n\t\t\t\t\t<img decoding=\"async\" src=\"https:\/\/mont-roig.cat\/wp-content\/plugins\/masterslider\/public\/assets\/css\/blank.gif\" alt=\"pirates\" title=\"pirates\" data-src=\"https:\/\/mont-roig.cat\/wp-content\/uploadsArray\" \/>\n\t<a href=\"http:\/\/Array\" target=\"_self\"    >pirates<\/a>\n\n\t\t\t\t\t<div class=\"ms-info\">pirates<\/div>\n\n\n\t<img decoding=\"async\" class=\"ms-thumb\" src=\"https:\/\/mont-roig.cat\/wp-content\/uploadsArray\" alt=\"pirates\" \/>\n\t\t\t\t<\/div>\n\t\t\t<div  class=\"ms-slide\" data-delay=\"3\"    >\n\t\t\t\t\t<img decoding=\"async\" src=\"https:\/\/mont-roig.cat\/wp-content\/plugins\/masterslider\/public\/assets\/css\/blank.gif\" alt=\"guix7\" title=\"guix7\" data-src=\"https:\/\/mont-roig.cat\/wp-content\/uploadsArray\" \/>\n\t<a href=\"http:\/\/Array\" target=\"_self\"    >guix7<\/a>\n\n\t\t\t\t\t<div class=\"ms-info\">guix7<\/div>\n\n\n\t<img decoding=\"async\" class=\"ms-thumb\" src=\"https:\/\/mont-roig.cat\/wp-content\/uploadsArray\" alt=\"guix7\" \/>\n\t\t\t\t<\/div>\n\t\t\t<div  class=\"ms-slide\" data-delay=\"3\"    >\n\t\t\t\t\t<img decoding=\"async\" src=\"https:\/\/mont-roig.cat\/wp-content\/plugins\/masterslider\/public\/assets\/css\/blank.gif\" alt=\"guix3\" title=\"guix3\" data-src=\"https:\/\/mont-roig.cat\/wp-content\/uploadsArray\" \/>\n\t<a href=\"http:\/\/Array\" target=\"_self\"    >guix3<\/a>\n\n\t\t\t\t\t<div class=\"ms-info\">guix3<\/div>\n\n\n\t<img decoding=\"async\" class=\"ms-thumb\" src=\"https:\/\/mont-roig.cat\/wp-content\/uploadsArray\" alt=\"guix3\" \/>\n\t\t\t\t<\/div>\n\t\t\t<div  class=\"ms-slide\" data-delay=\"3\"    >\n\t\t\t\t\t<img decoding=\"async\" src=\"https:\/\/mont-roig.cat\/wp-content\/plugins\/masterslider\/public\/assets\/css\/blank.gif\" alt=\"Divendres-Divins3\" title=\"Divendres-Divins3\" data-src=\"https:\/\/mont-roig.cat\/wp-content\/uploadsArray\" \/>\n\t<a href=\"http:\/\/Array\" target=\"_self\"    >Divendres-Divins3<\/a>\n\n\t\t\t\t\t<div class=\"ms-info\">Divendres-Divins3<\/div>\n\n\n\t<img decoding=\"async\" class=\"ms-thumb\" src=\"https:\/\/mont-roig.cat\/wp-content\/uploadsArray\" alt=\"Divendres-Divins3\" \/>\n\t\t\t\t<\/div>\n\t\t\t<div  class=\"ms-slide\" data-delay=\"3\"    >\n\t\t\t\t\t<img decoding=\"async\" src=\"https:\/\/mont-roig.cat\/wp-content\/plugins\/masterslider\/public\/assets\/css\/blank.gif\" alt=\"guix6\" title=\"guix6\" data-src=\"https:\/\/mont-roig.cat\/wp-content\/uploadsArray\" \/>\n\t<a href=\"http:\/\/Array\" target=\"_self\"    >guix6<\/a>\n\n\t\t\t\t\t<div class=\"ms-info\">guix6<\/div>\n\n\n\t<img decoding=\"async\" class=\"ms-thumb\" src=\"https:\/\/mont-roig.cat\/wp-content\/uploadsArray\" alt=\"guix6\" \/>\n\t\t\t\t<\/div>\n\t\t\t<div  class=\"ms-slide\" data-delay=\"3\"    >\n\t\t\t\t\t<img decoding=\"async\" src=\"https:\/\/mont-roig.cat\/wp-content\/plugins\/masterslider\/public\/assets\/css\/blank.gif\" alt=\"guiix2\" title=\"guiix2\" data-src=\"https:\/\/mont-roig.cat\/wp-content\/uploadsArray\" \/>\n\t<a href=\"http:\/\/Array\" target=\"_self\"    >guiix2<\/a>\n\n\t\t\t\t\t<div class=\"ms-info\">guiix2<\/div>\n\n\n\t<img decoding=\"async\" class=\"ms-thumb\" src=\"https:\/\/mont-roig.cat\/wp-content\/uploadsArray\" alt=\"guiix2\" \/>\n\t\t\t\t<\/div>\n\t\t\t<div  class=\"ms-slide\" data-delay=\"3\"    >\n\t\t\t\t\t<img decoding=\"async\" src=\"https:\/\/mont-roig.cat\/wp-content\/plugins\/masterslider\/public\/assets\/css\/blank.gif\" alt=\"guix8\" title=\"guix8\" data-src=\"https:\/\/mont-roig.cat\/wp-content\/uploadsArray\" \/>\n\t<a href=\"http:\/\/Array\" target=\"_self\"    >guix8<\/a>\n\n\t\t\t\t\t<div class=\"ms-info\">guix8<\/div>\n\n\n\t<img decoding=\"async\" class=\"ms-thumb\" src=\"https:\/\/mont-roig.cat\/wp-content\/uploadsArray\" alt=\"guix8\" \/>\n\t\t\t\t<\/div>\n\t\t\t<div  class=\"ms-slide\" data-delay=\"3\"    >\n\t\t\t\t\t<img decoding=\"async\" src=\"https:\/\/mont-roig.cat\/wp-content\/plugins\/masterslider\/public\/assets\/css\/blank.gif\" alt=\"Divendres-Divins\" title=\"Divendres-Divins\" data-src=\"https:\/\/mont-roig.cat\/wp-content\/uploadsArray\" \/>\n\t<a href=\"http:\/\/Array\" target=\"_self\"    >Divendres-Divins<\/a>\n\n\t\t\t\t\t<div class=\"ms-info\">Divendres-Divins<\/div>\n\n\n\t<img decoding=\"async\" class=\"ms-thumb\" src=\"https:\/\/mont-roig.cat\/wp-content\/uploadsArray\" alt=\"Divendres-Divins\" \/>\n\t\t\t\t<\/div>\n\n\t\t\t<\/div>\n\t\t\t<!-- END MasterSlider Main -->\n\n\t\t\t \n\t\t<\/div>\n\t\t<!-- END MasterSlider -->\n\n\t\t<script>\n\t\t( window.MSReady = window.MSReady || [] ).push( function( $ ) {\n\n\t\t\t\"use strict\";\n\t\t\tvar masterslider_e48d = new MasterSlider();\n\n\t\t\t\/\/ slider controls\n\t\t\tmasterslider_e48d.control('arrows'     ,{ autohide:true, overVideo:true  });\n\t\t\tmasterslider_e48d.control('thumblist'  ,{ autohide:false, overVideo:true, dir:'h', speed:17, inset:false, arrows:false, hover:false, customClass:'', align:'bottom',type:'thumbs', margin:2, width:140, height:80, space:2, fillMode:'fill'  });\n\t\t\tmasterslider_e48d.control('slideinfo'  ,{ autohide:true, overVideo:true, dir:'h', align:'bottom',inset:true , margin:80  , size:30 });\n\t\t\t\/\/ slider setup\n\t\t\tmasterslider_e48d.setup(\"MS6a9b24e38e48d\", {\n\t\t\t\twidth           : 960,\n\t\t\t\theight          : 540,\n\t\t\t\tminHeight       : 0,\n\t\t\t\tspace           : 0,\n\t\t\t\tstart           : 1,\n\t\t\t\tgrabCursor      : true,\n\t\t\t\tswipe           : true,\n\t\t\t\tmouse           : true,\n\t\t\t\tkeyboard        : false,\n\t\t\t\tlayout          : \"fillwidth\",\n\t\t\t\twheel           : false,\n\t\t\t\tautoplay        : false,\n                instantStartLayers:false,\n\t\t\t\tmobileBGVideo:false,\n\t\t\t\tloop            : false,\n\t\t\t\tshuffle         : false,\n\t\t\t\tpreload         : 3,\n\t\t\t\theightLimit     : false,\n\t\t\t\tautoHeight      : false,\n\t\t\t\tsmoothHeight    : true,\n\t\t\t\tendPause        : false,\n\t\t\t\toverPause       : false,\n\t\t\t\tfillMode        : \"fill\",\n\t\t\t\tcenterControls  : true,\n\t\t\t\tstartOnAppear   : false,\n\t\t\t\tlayersMode      : \"center\",\n\t\t\t\tautofillTarget  : \"\",\n\t\t\t\thideLayers      : false,\n\t\t\t\tfullscreenMargin: 0,\n\t\t\t\tspeed           : 17,\n\t\t\t\tdir             : \"h\",\n\t\t\t\tparallaxMode    : 'swipe',\n\t\t\t\tview            : \"basic\"\n\t\t\t});\n\n\t\t\t\n\t\t\twindow.masterslider_instances = window.masterslider_instances || [];\n\t\t\twindow.masterslider_instances.push( masterslider_e48d );\n\t\t});\n\t\t<\/script>\n\n\n<p>&nbsp;<\/p>\n","protected":false},"excerpt":{"rendered":"<p>El concierto de Manu Guix, con 500 asistentes, y las actuaciones de Gospel Gloria, Contra Viento y Madera y la Uni\u00f3 Filharm\u00f2nica d\u2019Amposta, entre los momentos m\u00e1s destacados de un ciclo que mantendr\u00e1 la misma f\u00f3rmula el pr\u00f3ximo a\u00f1o con el objetivo de incorporar artistas de mayor renombre El ciclo cultural Sons de Nit ha [&hellip;]<\/p>\n","protected":false},"author":13,"featured_media":94885,"comment_status":"closed","ping_status":"closed","sticky":false,"template":"","format":"standard","meta":{"inline_featured_image":false,"_monsterinsights_skip_tracking":false,"footnotes":""},"categories":[98,101],"tags":[],"class_list":["post-94905","post","type-post","status-publish","format-standard","has-post-thumbnail","hentry","category-ayuntamiento","category-cultura-es"],"yoast_head":"<!-- This site is optimized with the Yoast SEO plugin v28.2 - https:\/\/yoast.com\/product\/yoast-seo-wordpress\/ -->\n<title>El ciclo Sons de Nit se consolida con una gran respuesta del p\u00fablico en una edici\u00f3n marcada por la calidad y la descentralizaci\u00f3n - Ajuntament de Mont-roig del Camp<\/title>\n<meta name=\"robots\" content=\"index, follow, max-snippet:-1, max-image-preview:large, max-video-preview:-1\" \/>\n<link rel=\"canonical\" href=\"https:\/\/mont-roig.cat\/es\/actualitat\/noticies\/sons-de-nit-se-consolida-con-una-gran-respuesta-del-publico-en-una-edicion-marcada-por-la-calidad-y-la-descentralizacion\/\" \/>\n<meta property=\"og:locale\" content=\"es_ES\" \/>\n<meta property=\"og:type\" content=\"article\" \/>\n<meta property=\"og:title\" content=\"El ciclo Sons de Nit se consolida con una gran respuesta del p\u00fablico en una edici\u00f3n marcada por la calidad y la descentralizaci\u00f3n - Ajuntament de Mont-roig del Camp\" \/>\n<meta property=\"og:description\" content=\"El concierto de Manu Guix, con 500 asistentes, y las actuaciones de Gospel Gloria, Contra Viento y Madera y la Uni\u00f3 Filharm\u00f2nica d\u2019Amposta, entre los momentos m\u00e1s destacados de un ciclo que mantendr\u00e1 la misma f\u00f3rmula el pr\u00f3ximo a\u00f1o con el objetivo de incorporar artistas de mayor renombre El ciclo cultural Sons de Nit ha [&hellip;]\" \/>\n<meta property=\"og:url\" content=\"https:\/\/mont-roig.cat\/es\/actualitat\/noticies\/sons-de-nit-se-consolida-con-una-gran-respuesta-del-publico-en-una-edicion-marcada-por-la-calidad-y-la-descentralizacion\/\" \/>\n<meta property=\"og:site_name\" content=\"Ajuntament de Mont-roig del Camp\" \/>\n<meta property=\"article:published_time\" content=\"2026-08-31T11:35:53+00:00\" \/>\n<meta property=\"article:modified_time\" content=\"2026-08-31T12:28:48+00:00\" \/>\n<meta property=\"og:image\" content=\"https:\/\/mont-roig.cat\/wp-content\/uploads\/guix9-scaled.jpeg\" \/>\n\t<meta property=\"og:image:width\" content=\"2048\" \/>\n\t<meta property=\"og:image:height\" content=\"1536\" \/>\n\t<meta property=\"og:image:type\" content=\"image\/jpeg\" \/>\n<meta name=\"author\" content=\"comunicacio\" \/>\n<meta name=\"twitter:card\" content=\"summary_large_image\" \/>\n<meta name=\"twitter:label1\" content=\"Escrito por\" \/>\n\t<meta name=\"twitter:data1\" content=\"comunicacio\" \/>\n\t<meta name=\"twitter:label2\" content=\"Tiempo de lectura\" \/>\n\t<meta name=\"twitter:data2\" content=\"4 minutos\" \/>\n<script type=\"application\/ld+json\" class=\"yoast-schema-graph\">{\"@context\":\"https:\\\/\\\/schema.org\",\"@graph\":[{\"@type\":\"Article\",\"@id\":\"https:\\\/\\\/mont-roig.cat\\\/es\\\/actualitat\\\/noticies\\\/sons-de-nit-se-consolida-con-una-gran-respuesta-del-publico-en-una-edicion-marcada-por-la-calidad-y-la-descentralizacion\\\/#article\",\"isPartOf\":{\"@id\":\"https:\\\/\\\/mont-roig.cat\\\/es\\\/actualitat\\\/noticies\\\/sons-de-nit-se-consolida-con-una-gran-respuesta-del-publico-en-una-edicion-marcada-por-la-calidad-y-la-descentralizacion\\\/\"},\"author\":{\"name\":\"comunicacio\",\"@id\":\"https:\\\/\\\/mont-roig.cat\\\/es\\\/#\\\/schema\\\/person\\\/1f73e7b5e6f9dd122e8a6f14f310ac5e\"},\"headline\":\"El ciclo Sons de Nit se consolida con una gran respuesta del p\u00fablico en una edici\u00f3n marcada por la calidad y la descentralizaci\u00f3n\",\"datePublished\":\"2026-08-31T11:35:53+00:00\",\"dateModified\":\"2026-08-31T12:28:48+00:00\",\"mainEntityOfPage\":{\"@id\":\"https:\\\/\\\/mont-roig.cat\\\/es\\\/actualitat\\\/noticies\\\/sons-de-nit-se-consolida-con-una-gran-respuesta-del-publico-en-una-edicion-marcada-por-la-calidad-y-la-descentralizacion\\\/\"},\"wordCount\":587,\"image\":{\"@id\":\"https:\\\/\\\/mont-roig.cat\\\/es\\\/actualitat\\\/noticies\\\/sons-de-nit-se-consolida-con-una-gran-respuesta-del-publico-en-una-edicion-marcada-por-la-calidad-y-la-descentralizacion\\\/#primaryimage\"},\"thumbnailUrl\":\"https:\\\/\\\/mont-roig.cat\\\/wp-content\\\/uploads\\\/guix9-scaled.jpeg\",\"articleSection\":[\"Ayuntamiento\",\"Cultura\"],\"inLanguage\":\"es\"},{\"@type\":\"WebPage\",\"@id\":\"https:\\\/\\\/mont-roig.cat\\\/es\\\/actualitat\\\/noticies\\\/sons-de-nit-se-consolida-con-una-gran-respuesta-del-publico-en-una-edicion-marcada-por-la-calidad-y-la-descentralizacion\\\/\",\"url\":\"https:\\\/\\\/mont-roig.cat\\\/es\\\/actualitat\\\/noticies\\\/sons-de-nit-se-consolida-con-una-gran-respuesta-del-publico-en-una-edicion-marcada-por-la-calidad-y-la-descentralizacion\\\/\",\"name\":\"El ciclo Sons de Nit se consolida con una gran respuesta del p\u00fablico en una edici\u00f3n marcada por la calidad y la descentralizaci\u00f3n - Ajuntament de Mont-roig del Camp\",\"isPartOf\":{\"@id\":\"https:\\\/\\\/mont-roig.cat\\\/es\\\/#website\"},\"primaryImageOfPage\":{\"@id\":\"https:\\\/\\\/mont-roig.cat\\\/es\\\/actualitat\\\/noticies\\\/sons-de-nit-se-consolida-con-una-gran-respuesta-del-publico-en-una-edicion-marcada-por-la-calidad-y-la-descentralizacion\\\/#primaryimage\"},\"image\":{\"@id\":\"https:\\\/\\\/mont-roig.cat\\\/es\\\/actualitat\\\/noticies\\\/sons-de-nit-se-consolida-con-una-gran-respuesta-del-publico-en-una-edicion-marcada-por-la-calidad-y-la-descentralizacion\\\/#primaryimage\"},\"thumbnailUrl\":\"https:\\\/\\\/mont-roig.cat\\\/wp-content\\\/uploads\\\/guix9-scaled.jpeg\",\"datePublished\":\"2026-08-31T11:35:53+00:00\",\"dateModified\":\"2026-08-31T12:28:48+00:00\",\"author\":{\"@id\":\"https:\\\/\\\/mont-roig.cat\\\/es\\\/#\\\/schema\\\/person\\\/1f73e7b5e6f9dd122e8a6f14f310ac5e\"},\"breadcrumb\":{\"@id\":\"https:\\\/\\\/mont-roig.cat\\\/es\\\/actualitat\\\/noticies\\\/sons-de-nit-se-consolida-con-una-gran-respuesta-del-publico-en-una-edicion-marcada-por-la-calidad-y-la-descentralizacion\\\/#breadcrumb\"},\"inLanguage\":\"es\",\"potentialAction\":[{\"@type\":\"ReadAction\",\"target\":[\"https:\\\/\\\/mont-roig.cat\\\/es\\\/actualitat\\\/noticies\\\/sons-de-nit-se-consolida-con-una-gran-respuesta-del-publico-en-una-edicion-marcada-por-la-calidad-y-la-descentralizacion\\\/\"]}]},{\"@type\":\"ImageObject\",\"inLanguage\":\"es\",\"@id\":\"https:\\\/\\\/mont-roig.cat\\\/es\\\/actualitat\\\/noticies\\\/sons-de-nit-se-consolida-con-una-gran-respuesta-del-publico-en-una-edicion-marcada-por-la-calidad-y-la-descentralizacion\\\/#primaryimage\",\"url\":\"https:\\\/\\\/mont-roig.cat\\\/wp-content\\\/uploads\\\/guix9-scaled.jpeg\",\"contentUrl\":\"https:\\\/\\\/mont-roig.cat\\\/wp-content\\\/uploads\\\/guix9-scaled.jpeg\",\"width\":2048,\"height\":1536},{\"@type\":\"BreadcrumbList\",\"@id\":\"https:\\\/\\\/mont-roig.cat\\\/es\\\/actualitat\\\/noticies\\\/sons-de-nit-se-consolida-con-una-gran-respuesta-del-publico-en-una-edicion-marcada-por-la-calidad-y-la-descentralizacion\\\/#breadcrumb\",\"itemListElement\":[{\"@type\":\"ListItem\",\"position\":1,\"name\":\"Inici\",\"item\":\"https:\\\/\\\/mont-roig.cat\\\/es\\\/pagina-de-inicio\\\/\"},{\"@type\":\"ListItem\",\"position\":2,\"name\":\"El ciclo Sons de Nit se consolida con una gran respuesta del p\u00fablico en una edici\u00f3n marcada por la calidad y la descentralizaci\u00f3n\"}]},{\"@type\":\"WebSite\",\"@id\":\"https:\\\/\\\/mont-roig.cat\\\/es\\\/#website\",\"url\":\"https:\\\/\\\/mont-roig.cat\\\/es\\\/\",\"name\":\"Ajuntament de Mont-roig del Camp\",\"description\":\"Tota la informaci\u00f3 sobre la instituci\u00f3, els seus \u00f2rgans de govern, actualitat, serveis i molt m\u00e9s.\",\"potentialAction\":[{\"@type\":\"SearchAction\",\"target\":{\"@type\":\"EntryPoint\",\"urlTemplate\":\"https:\\\/\\\/mont-roig.cat\\\/es\\\/?s={search_term_string}\"},\"query-input\":{\"@type\":\"PropertyValueSpecification\",\"valueRequired\":true,\"valueName\":\"search_term_string\"}}],\"inLanguage\":\"es\"},{\"@type\":\"Person\",\"@id\":\"https:\\\/\\\/mont-roig.cat\\\/es\\\/#\\\/schema\\\/person\\\/1f73e7b5e6f9dd122e8a6f14f310ac5e\",\"name\":\"comunicacio\",\"image\":{\"@type\":\"ImageObject\",\"inLanguage\":\"es\",\"@id\":\"https:\\\/\\\/secure.gravatar.com\\\/avatar\\\/98944333e7a877670a64f8d10f0cb680ab2c9ebc4efc43945ef004b52b5ad28c?s=96&d=mm&r=g\",\"url\":\"https:\\\/\\\/secure.gravatar.com\\\/avatar\\\/98944333e7a877670a64f8d10f0cb680ab2c9ebc4efc43945ef004b52b5ad28c?s=96&d=mm&r=g\",\"contentUrl\":\"https:\\\/\\\/secure.gravatar.com\\\/avatar\\\/98944333e7a877670a64f8d10f0cb680ab2c9ebc4efc43945ef004b52b5ad28c?s=96&d=mm&r=g\",\"caption\":\"comunicacio\"},\"url\":\"https:\\\/\\\/mont-roig.cat\\\/es\\\/actualitat\\\/noticies\\\/author\\\/comunicacio\\\/\"}]}<\/script>\n<!-- \/ Yoast SEO plugin. -->","yoast_head_json":{"title":"El ciclo Sons de Nit se consolida con una gran respuesta del p\u00fablico en una edici\u00f3n marcada por la calidad y la descentralizaci\u00f3n - Ajuntament de Mont-roig del Camp","robots":{"index":"index","follow":"follow","max-snippet":"max-snippet:-1","max-image-preview":"max-image-preview:large","max-video-preview":"max-video-preview:-1"},"canonical":"https:\/\/mont-roig.cat\/es\/actualitat\/noticies\/sons-de-nit-se-consolida-con-una-gran-respuesta-del-publico-en-una-edicion-marcada-por-la-calidad-y-la-descentralizacion\/","og_locale":"es_ES","og_type":"article","og_title":"El ciclo Sons de Nit se consolida con una gran respuesta del p\u00fablico en una edici\u00f3n marcada por la calidad y la descentralizaci\u00f3n - Ajuntament de Mont-roig del Camp","og_description":"El concierto de Manu Guix, con 500 asistentes, y las actuaciones de Gospel Gloria, Contra Viento y Madera y la Uni\u00f3 Filharm\u00f2nica d\u2019Amposta, entre los momentos m\u00e1s destacados de un ciclo que mantendr\u00e1 la misma f\u00f3rmula el pr\u00f3ximo a\u00f1o con el objetivo de incorporar artistas de mayor renombre El ciclo cultural Sons de Nit ha [&hellip;]","og_url":"https:\/\/mont-roig.cat\/es\/actualitat\/noticies\/sons-de-nit-se-consolida-con-una-gran-respuesta-del-publico-en-una-edicion-marcada-por-la-calidad-y-la-descentralizacion\/","og_site_name":"Ajuntament de Mont-roig del Camp","article_published_time":"2026-08-31T11:35:53+00:00","article_modified_time":"2026-08-31T12:28:48+00:00","og_image":[{"width":2048,"height":1536,"url":"https:\/\/mont-roig.cat\/wp-content\/uploads\/guix9-scaled.jpeg","type":"image\/jpeg"}],"author":"comunicacio","twitter_card":"summary_large_image","twitter_misc":{"Escrito por":"comunicacio","Tiempo de lectura":"4 minutos"},"schema":{"@context":"https:\/\/schema.org","@graph":[{"@type":"Article","@id":"https:\/\/mont-roig.cat\/es\/actualitat\/noticies\/sons-de-nit-se-consolida-con-una-gran-respuesta-del-publico-en-una-edicion-marcada-por-la-calidad-y-la-descentralizacion\/#article","isPartOf":{"@id":"https:\/\/mont-roig.cat\/es\/actualitat\/noticies\/sons-de-nit-se-consolida-con-una-gran-respuesta-del-publico-en-una-edicion-marcada-por-la-calidad-y-la-descentralizacion\/"},"author":{"name":"comunicacio","@id":"https:\/\/mont-roig.cat\/es\/#\/schema\/person\/1f73e7b5e6f9dd122e8a6f14f310ac5e"},"headline":"El ciclo Sons de Nit se consolida con una gran respuesta del p\u00fablico en una edici\u00f3n marcada por la calidad y la descentralizaci\u00f3n","datePublished":"2026-08-31T11:35:53+00:00","dateModified":"2026-08-31T12:28:48+00:00","mainEntityOfPage":{"@id":"https:\/\/mont-roig.cat\/es\/actualitat\/noticies\/sons-de-nit-se-consolida-con-una-gran-respuesta-del-publico-en-una-edicion-marcada-por-la-calidad-y-la-descentralizacion\/"},"wordCount":587,"image":{"@id":"https:\/\/mont-roig.cat\/es\/actualitat\/noticies\/sons-de-nit-se-consolida-con-una-gran-respuesta-del-publico-en-una-edicion-marcada-por-la-calidad-y-la-descentralizacion\/#primaryimage"},"thumbnailUrl":"https:\/\/mont-roig.cat\/wp-content\/uploads\/guix9-scaled.jpeg","articleSection":["Ayuntamiento","Cultura"],"inLanguage":"es"},{"@type":"WebPage","@id":"https:\/\/mont-roig.cat\/es\/actualitat\/noticies\/sons-de-nit-se-consolida-con-una-gran-respuesta-del-publico-en-una-edicion-marcada-por-la-calidad-y-la-descentralizacion\/","url":"https:\/\/mont-roig.cat\/es\/actualitat\/noticies\/sons-de-nit-se-consolida-con-una-gran-respuesta-del-publico-en-una-edicion-marcada-por-la-calidad-y-la-descentralizacion\/","name":"El ciclo Sons de Nit se consolida con una gran respuesta del p\u00fablico en una edici\u00f3n marcada por la calidad y la descentralizaci\u00f3n - Ajuntament de Mont-roig del Camp","isPartOf":{"@id":"https:\/\/mont-roig.cat\/es\/#website"},"primaryImageOfPage":{"@id":"https:\/\/mont-roig.cat\/es\/actualitat\/noticies\/sons-de-nit-se-consolida-con-una-gran-respuesta-del-publico-en-una-edicion-marcada-por-la-calidad-y-la-descentralizacion\/#primaryimage"},"image":{"@id":"https:\/\/mont-roig.cat\/es\/actualitat\/noticies\/sons-de-nit-se-consolida-con-una-gran-respuesta-del-publico-en-una-edicion-marcada-por-la-calidad-y-la-descentralizacion\/#primaryimage"},"thumbnailUrl":"https:\/\/mont-roig.cat\/wp-content\/uploads\/guix9-scaled.jpeg","datePublished":"2026-08-31T11:35:53+00:00","dateModified":"2026-08-31T12:28:48+00:00","author":{"@id":"https:\/\/mont-roig.cat\/es\/#\/schema\/person\/1f73e7b5e6f9dd122e8a6f14f310ac5e"},"breadcrumb":{"@id":"https:\/\/mont-roig.cat\/es\/actualitat\/noticies\/sons-de-nit-se-consolida-con-una-gran-respuesta-del-publico-en-una-edicion-marcada-por-la-calidad-y-la-descentralizacion\/#breadcrumb"},"inLanguage":"es","potentialAction":[{"@type":"ReadAction","target":["https:\/\/mont-roig.cat\/es\/actualitat\/noticies\/sons-de-nit-se-consolida-con-una-gran-respuesta-del-publico-en-una-edicion-marcada-por-la-calidad-y-la-descentralizacion\/"]}]},{"@type":"ImageObject","inLanguage":"es","@id":"https:\/\/mont-roig.cat\/es\/actualitat\/noticies\/sons-de-nit-se-consolida-con-una-gran-respuesta-del-publico-en-una-edicion-marcada-por-la-calidad-y-la-descentralizacion\/#primaryimage","url":"https:\/\/mont-roig.cat\/wp-content\/uploads\/guix9-scaled.jpeg","contentUrl":"https:\/\/mont-roig.cat\/wp-content\/uploads\/guix9-scaled.jpeg","width":2048,"height":1536},{"@type":"BreadcrumbList","@id":"https:\/\/mont-roig.cat\/es\/actualitat\/noticies\/sons-de-nit-se-consolida-con-una-gran-respuesta-del-publico-en-una-edicion-marcada-por-la-calidad-y-la-descentralizacion\/#breadcrumb","itemListElement":[{"@type":"ListItem","position":1,"name":"Inici","item":"https:\/\/mont-roig.cat\/es\/pagina-de-inicio\/"},{"@type":"ListItem","position":2,"name":"El ciclo Sons de Nit se consolida con una gran respuesta del p\u00fablico en una edici\u00f3n marcada por la calidad y la descentralizaci\u00f3n"}]},{"@type":"WebSite","@id":"https:\/\/mont-roig.cat\/es\/#website","url":"https:\/\/mont-roig.cat\/es\/","name":"Ajuntament de Mont-roig del Camp","description":"Tota la informaci\u00f3 sobre la instituci\u00f3, els seus \u00f2rgans de govern, actualitat, serveis i molt m\u00e9s.","potentialAction":[{"@type":"SearchAction","target":{"@type":"EntryPoint","urlTemplate":"https:\/\/mont-roig.cat\/es\/?s={search_term_string}"},"query-input":{"@type":"PropertyValueSpecification","valueRequired":true,"valueName":"search_term_string"}}],"inLanguage":"es"},{"@type":"Person","@id":"https:\/\/mont-roig.cat\/es\/#\/schema\/person\/1f73e7b5e6f9dd122e8a6f14f310ac5e","name":"comunicacio","image":{"@type":"ImageObject","inLanguage":"es","@id":"https:\/\/secure.gravatar.com\/avatar\/98944333e7a877670a64f8d10f0cb680ab2c9ebc4efc43945ef004b52b5ad28c?s=96&d=mm&r=g","url":"https:\/\/secure.gravatar.com\/avatar\/98944333e7a877670a64f8d10f0cb680ab2c9ebc4efc43945ef004b52b5ad28c?s=96&d=mm&r=g","contentUrl":"https:\/\/secure.gravatar.com\/avatar\/98944333e7a877670a64f8d10f0cb680ab2c9ebc4efc43945ef004b52b5ad28c?s=96&d=mm&r=g","caption":"comunicacio"},"url":"https:\/\/mont-roig.cat\/es\/actualitat\/noticies\/author\/comunicacio\/"}]}},"_links":{"self":[{"href":"https:\/\/mont-roig.cat\/es\/wp-json\/wp\/v2\/posts\/94905","targetHints":{"allow":["GET"]}}],"collection":[{"href":"https:\/\/mont-roig.cat\/es\/wp-json\/wp\/v2\/posts"}],"about":[{"href":"https:\/\/mont-roig.cat\/es\/wp-json\/wp\/v2\/types\/post"}],"author":[{"embeddable":true,"href":"https:\/\/mont-roig.cat\/es\/wp-json\/wp\/v2\/users\/13"}],"replies":[{"embeddable":true,"href":"https:\/\/mont-roig.cat\/es\/wp-json\/wp\/v2\/comments?post=94905"}],"version-history":[{"count":3,"href":"https:\/\/mont-roig.cat\/es\/wp-json\/wp\/v2\/posts\/94905\/revisions"}],"predecessor-version":[{"id":94909,"href":"https:\/\/mont-roig.cat\/es\/wp-json\/wp\/v2\/posts\/94905\/revisions\/94909"}],"wp:featuredmedia":[{"embeddable":true,"href":"https:\/\/mont-roig.cat\/es\/wp-json\/wp\/v2\/media\/94885"}],"wp:attachment":[{"href":"https:\/\/mont-roig.cat\/es\/wp-json\/wp\/v2\/media?parent=94905"}],"wp:term":[{"taxonomy":"category","embeddable":true,"href":"https:\/\/mont-roig.cat\/es\/wp-json\/wp\/v2\/categories?post=94905"},{"taxonomy":"post_tag","embeddable":true,"href":"https:\/\/mont-roig.cat\/es\/wp-json\/wp\/v2\/tags?post=94905"}],"curies":[{"name":"wp","href":"https:\/\/api.w.org\/{rel}","templated":true}]}}